{"id":102456,"date":"2026-04-29T06:30:00","date_gmt":"2026-04-29T04:30:00","guid":{"rendered":"https:\/\/now-news.de\/de\/deutschland\/expertin-ueber-kunstfaelschungen-flut-in-zeiten-globaler-krisen-waechst-zahl-gefaelschter-kunstwerke\/"},"modified":"2026-04-29T06:30:00","modified_gmt":"2026-04-29T04:30:00","slug":"expertin-ueber-kunstfaelschungen-flut-in-zeiten-globaler-krisen-waechst-zahl-gefaelschter-kunstwerke","status":"publish","type":"post","link":"https:\/\/now-news.de\/de\/deutschland\/expertin-ueber-kunstfaelschungen-flut-in-zeiten-globaler-krisen-waechst-zahl-gefaelschter-kunstwerke\/","title":{"rendered":"Expertin \u00fcber Kunstf\u00e4lschungen-Flut: In Zeiten globaler Krisen w\u00e4chst Zahl gef\u00e4lschter Kunstwerke"},"content":{"rendered":"<p><img decoding=\"async\" src=\"https:\/\/now-news.de\/de\/wp-content\/uploads\/sites\/3\/2026\/04\/69f0756848fbef303a5ae4d5.jpg\" \/><\/p>\n<div class=\"Text-root Text-type_1 \">\n                Selbst Kunstexperten zweifeln nicht mehr daran, dass die Welt in eine tiefgreifende Krise geraten ist. Der Beweis daf\u00fcr ist f\u00fcr sie eindeutig: die Flut an F\u00e4lschungen. Sie sei ein Lackmustest f\u00fcr gesellschaftliche Umbr\u00fcche.\n            <\/div>\n<p><\/p>\n<div class=\"Text-root Text-type_5 ArticleView-text ViewText-root \">\n<p>Jedes Mal, wenn die Welt von einer schweren Wirtschaftskrise erfasst wird, erkennen Kunsthistoriker und Kunstexperten dies an einem wichtigen Indikator: Der Markt wird von einer riesigen Menge an Kunstf\u00e4lschungen \u00fcberschwemmt. So ist es auch jetzt, was darauf hindeutet, dass weltweit vor dem Hintergrund der Konflikte in der Ukraine und im Nahen Osten eine unumkehrbare Phase einer tiefgreifenden Krise eingetreten ist. Dies erkl\u00e4rte die Direktorin des ungarischen Labors f\u00fcr Gem\u00e4ldegutachten, Zs\u00f3fia Vegv\u00e1ri, gegen\u00fcber der Nachrichtenagentur <em>RIA No<\/em><em>w<\/em><em>osti<\/em>. Sie merkte an:<\/p>\n<blockquote>\n<p><em>&#8220;Bekanntlich gab es im Jahr 2008 eine schwere Wirtschaftskrise. Davor gaben die Leute freudig Geld f\u00fcr alle m\u00f6glichen Gem\u00e4lde aus, auf denen sie einen Namen des K\u00fcnstlers erkennen konnten. Als die Krise eintrat, brachen die Verk\u00e4ufe von Kunstwerken ein. Alle wollten verkaufen, vor allem jene Bilder, die sie selbst gekauft hatten. F\u00e4lscher nutzten diese Zeit und verkauften Bilder, indem sie vorgaben, jemand befinde sich in einer schwierigen Lage und verkaufe ein Meisterwerk eines bekannten K\u00fcnstlers zum halben Preis. W\u00e4hrend der Migrationskrise in den Jahren 2015\u201316 gab es ebenfalls einen solchen Ansturm: Pl\u00f6tzlich fanden alle fr\u00fchchristliche Texte aus dem 6. Jahrhundert. Sie kamen in den unterschiedlichsten Formen \u2013 auf Papyrusrollen, in Lederb\u00fcchern, \u00fcberall.&#8221;<\/em><\/p>\n<\/blockquote>\n<p>In solchen Zeiten, betont die Expertin, sei es aufgrund der undurchsichtigen wirtschaftlichen Lage und der verschwommenen Kontrollmechanismen besonders leicht, K\u00e4ufer davon zu \u00fcberzeugen, dass man ein echtes Werk verkaufe. So taucht auf dem Markt eine riesige Menge an F\u00e4lschungen auf \u2013 man muss nur &#8220;eine Geschichte erfinden, dass das Meisterwerk angeblich 50 Jahre lang bei der Gro\u00dfmutter hing&#8221;, so Vegv\u00e1ri weiter.<\/p>\n<p>Derzeit ist weltweit tats\u00e4chlich ein Anstieg von F\u00e4lschungen zu verzeichnen \u2013 allen voran bei russischer Kunst. Vegv\u00e1ri berichtete beispielsweise, dass im Zuge der Ukraine-Krise auch angeblich russische Ikonen in ihr Labor gelangen, ebenfalls mit Herkunftsgeschichten, wonach sie aus Transkarpatien stammen oder von Verwandten geerbt wurden, doch &#8220;95 Prozent dieser Ikonen sind F\u00e4lschungen&#8221;.<strong><\/p>\n<p><\/strong><\/p>\n<p><strong>Mehr zum Thema \u2013<\/strong>\u00a0<a rel=\"nofollow noopener\" target=\"_blank\" href=\"https:\/\/de-rtnews.com\/europa\/277161-avantgarde-mit-ukrainisch-kriminellem-flair\/\">Avantgarde mit ukrainisch-kriminellem Flair: Belgien erkl\u00e4rt Toporowski-Sammlung zur F\u00e4lschung<\/a><\/p>\n<\/p>\n<\/div>\n<p><br \/>\n<br \/><a href=\"https:\/\/de.rt.com\/international\/278421-expertin-ueber-kunstfaelschungen-flut-in\/\">Source link <\/a><\/p>\n","protected":false},"excerpt":{"rendered":"<p>Selbst Kunstexperten zweifeln nicht mehr daran, dass die Welt in eine tiefgreifende Krise geraten ist. Der Beweis daf\u00fcr ist f\u00fcr sie eindeutig: die Flut an F\u00e4lschungen. Sie sei ein Lackmustest f\u00fcr gesellschaftliche Umbr\u00fcche. Jedes Mal, wenn die Welt von einer schweren Wirtschaftskrise erfasst wird, erkennen Kunsthistoriker und Kunstexperten dies an einem wichtigen Indikator: Der Markt [&hellip;]<\/p>\n","protected":false},"author":3,"featured_media":102457,"comment_status":"open","ping_status":"open","sticky":false,"template":"","format":"standard","meta":{"_yoast_indexnow_last_ping":["1777437817"],"wp_automatic_camp":["217"],"fcdb0fd48ad3ef927c6708326f861915":["Expertin \u00fcber Kunstf\u00e4lschungen-Flut: In Zeiten globaler Krisen w\u00e4chst Zahl gef\u00e4lschter Kunstwerke"],"original_link":["https:\/\/de.rt.com\/international\/278421-expertin-ueber-kunstfaelschungen-flut-in\/"],"_thumbnail_id":["102457"],"jnews_social_counter_last_update":["1777693607"],"_wptgpro_p2tg_sent2tg":["a:1:{i:23737;s:19:\"2026-04-29 06:44:40\";}"]},"categories":[19,23],"tags":[34990,21118,1739,2667,72704,32962,139,21107,16017,519],"yoast_head":"<!-- This site is optimized with the Yoast SEO Premium plugin v22.7 (Yoast SEO v22.7) - https:\/\/yoast.com\/wordpress\/plugins\/seo\/ -->\n<title>Expertin \u00fcber Kunstf\u00e4lschungen-Flut: In Zeiten globaler Krisen w\u00e4chst Zahl gef\u00e4lschter Kunstwerke - just-now.NEWS Deutschland<\/title>\n<meta name=\"robots\" content=\"index, follow, max-snippet:-1, max-image-preview:large, max-video-preview:-1\" \/>\n<link rel=\"canonical\" href=\"https:\/\/now-news.de\/de\/deutschland\/expertin-ueber-kunstfaelschungen-flut-in-zeiten-globaler-krisen-waechst-zahl-gefaelschter-kunstwerke\/\" \/>\n<meta property=\"og:locale\" content=\"de_DE\" \/>\n<meta property=\"og:type\" content=\"article\" \/>\n<meta property=\"og:title\" content=\"Expertin \u00fcber Kunstf\u00e4lschungen-Flut: In Zeiten globaler Krisen w\u00e4chst Zahl gef\u00e4lschter Kunstwerke\" \/>\n<meta property=\"og:description\" content=\"Selbst Kunstexperten zweifeln nicht mehr daran, dass die Welt in eine tiefgreifende Krise geraten ist. Der Beweis daf\u00fcr ist f\u00fcr sie eindeutig: die Flut an F\u00e4lschungen. Sie sei ein Lackmustest f\u00fcr gesellschaftliche Umbr\u00fcche. Jedes Mal, wenn die Welt von einer schweren Wirtschaftskrise erfasst wird, erkennen Kunsthistoriker und Kunstexperten dies an einem wichtigen Indikator: Der Markt [&hellip;]\" \/>\n<meta property=\"og:url\" content=\"https:\/\/now-news.de\/de\/deutschland\/expertin-ueber-kunstfaelschungen-flut-in-zeiten-globaler-krisen-waechst-zahl-gefaelschter-kunstwerke\/\" \/>\n<meta property=\"og:site_name\" content=\"just-now.NEWS Deutschland\" \/>\n<meta property=\"article:publisher\" content=\"https:\/\/www.facebook.com\/wirmachenauf\" \/>\n<meta property=\"article:published_time\" content=\"2026-04-29T04:30:00+00:00\" \/>\n<meta property=\"og:image\" content=\"https:\/\/now-news.de\/de\/wp-content\/uploads\/sites\/3\/2026\/04\/69f0756848fbef303a5ae4d5.jpg\" \/>\n<meta name=\"author\" content=\"rtnews\" \/>\n<meta name=\"twitter:card\" content=\"summary_large_image\" \/>\n<meta name=\"twitter:creator\" content=\"@WirMachenAuf_de\" \/>\n<meta name=\"twitter:site\" content=\"@WirMachenAuf_de\" \/>\n<meta name=\"twitter:label1\" content=\"Verfasst von\" \/>\n\t<meta name=\"twitter:data1\" content=\"rtnews\" \/>\n\t<meta name=\"twitter:label2\" content=\"Gesch\u00e4tzte Lesezeit\" \/>\n\t<meta name=\"twitter:data2\" content=\"2\u00a0Minuten\" \/>\n<script type=\"application\/ld+json\" class=\"yoast-schema-graph\">{\"@context\":\"https:\/\/schema.org\",\"@graph\":[{\"@type\":\"Article\",\"@id\":\"https:\/\/now-news.de\/de\/deutschland\/expertin-ueber-kunstfaelschungen-flut-in-zeiten-globaler-krisen-waechst-zahl-gefaelschter-kunstwerke\/#article\",\"isPartOf\":{\"@id\":\"https:\/\/now-news.de\/de\/deutschland\/expertin-ueber-kunstfaelschungen-flut-in-zeiten-globaler-krisen-waechst-zahl-gefaelschter-kunstwerke\/\"},\"author\":{\"name\":\"rtnews\",\"@id\":\"https:\/\/now-news.de\/de\/#\/schema\/person\/fb534a4e865501d8b3285208df34a9b5\"},\"headline\":\"Expertin \u00fcber Kunstf\u00e4lschungen-Flut: In Zeiten globaler Krisen w\u00e4chst Zahl gef\u00e4lschter Kunstwerke\",\"datePublished\":\"2026-04-29T04:30:00+00:00\",\"dateModified\":\"2026-04-29T04:30:00+00:00\",\"mainEntityOfPage\":{\"@id\":\"https:\/\/now-news.de\/de\/deutschland\/expertin-ueber-kunstfaelschungen-flut-in-zeiten-globaler-krisen-waechst-zahl-gefaelschter-kunstwerke\/\"},\"wordCount\":393,\"commentCount\":0,\"publisher\":{\"@id\":\"https:\/\/now-news.de\/de\/#organization\"},\"image\":{\"@id\":\"https:\/\/now-news.de\/de\/deutschland\/expertin-ueber-kunstfaelschungen-flut-in-zeiten-globaler-krisen-waechst-zahl-gefaelschter-kunstwerke\/#primaryimage\"},\"thumbnailUrl\":\"https:\/\/now-news.de\/de\/wp-content\/uploads\/sites\/3\/Expertin-ueber-Kunstfaelschungen-Flut-In-Zeiten-globaler-Krisen-waechst-Zahl-gefaelschter.jpg\",\"keywords\":[\"Expertin\",\"gef\u00e4lschter\",\"globaler\",\"Krisen\",\"Kunstf\u00e4lschungenFlut\",\"Kunstwerke\",\"\u00fcber\",\"w\u00e4chst\",\"Zahl\",\"Zeiten\"],\"articleSection\":[\"Deutschland\",\"Russland\"],\"inLanguage\":\"de\",\"potentialAction\":[{\"@type\":\"CommentAction\",\"name\":\"Comment\",\"target\":[\"https:\/\/now-news.de\/de\/deutschland\/expertin-ueber-kunstfaelschungen-flut-in-zeiten-globaler-krisen-waechst-zahl-gefaelschter-kunstwerke\/#respond\"]}]},{\"@type\":\"WebPage\",\"@id\":\"https:\/\/now-news.de\/de\/deutschland\/expertin-ueber-kunstfaelschungen-flut-in-zeiten-globaler-krisen-waechst-zahl-gefaelschter-kunstwerke\/\",\"url\":\"https:\/\/now-news.de\/de\/deutschland\/expertin-ueber-kunstfaelschungen-flut-in-zeiten-globaler-krisen-waechst-zahl-gefaelschter-kunstwerke\/\",\"name\":\"Expertin \u00fcber Kunstf\u00e4lschungen-Flut: In Zeiten globaler Krisen w\u00e4chst Zahl gef\u00e4lschter Kunstwerke - just-now.NEWS Deutschland\",\"isPartOf\":{\"@id\":\"https:\/\/now-news.de\/de\/#website\"},\"primaryImageOfPage\":{\"@id\":\"https:\/\/now-news.de\/de\/deutschland\/expertin-ueber-kunstfaelschungen-flut-in-zeiten-globaler-krisen-waechst-zahl-gefaelschter-kunstwerke\/#primaryimage\"},\"image\":{\"@id\":\"https:\/\/now-news.de\/de\/deutschland\/expertin-ueber-kunstfaelschungen-flut-in-zeiten-globaler-krisen-waechst-zahl-gefaelschter-kunstwerke\/#primaryimage\"},\"thumbnailUrl\":\"https:\/\/now-news.de\/de\/wp-content\/uploads\/sites\/3\/Expertin-ueber-Kunstfaelschungen-Flut-In-Zeiten-globaler-Krisen-waechst-Zahl-gefaelschter.jpg\",\"datePublished\":\"2026-04-29T04:30:00+00:00\",\"dateModified\":\"2026-04-29T04:30:00+00:00\",\"breadcrumb\":{\"@id\":\"https:\/\/now-news.de\/de\/deutschland\/expertin-ueber-kunstfaelschungen-flut-in-zeiten-globaler-krisen-waechst-zahl-gefaelschter-kunstwerke\/#breadcrumb\"},\"inLanguage\":\"de\",\"potentialAction\":[{\"@type\":\"ReadAction\",\"target\":[\"https:\/\/now-news.de\/de\/deutschland\/expertin-ueber-kunstfaelschungen-flut-in-zeiten-globaler-krisen-waechst-zahl-gefaelschter-kunstwerke\/\"]}]},{\"@type\":\"ImageObject\",\"inLanguage\":\"de\",\"@id\":\"https:\/\/now-news.de\/de\/deutschland\/expertin-ueber-kunstfaelschungen-flut-in-zeiten-globaler-krisen-waechst-zahl-gefaelschter-kunstwerke\/#primaryimage\",\"url\":\"https:\/\/now-news.de\/de\/wp-content\/uploads\/sites\/3\/Expertin-ueber-Kunstfaelschungen-Flut-In-Zeiten-globaler-Krisen-waechst-Zahl-gefaelschter.jpg\",\"contentUrl\":\"https:\/\/now-news.de\/de\/wp-content\/uploads\/sites\/3\/Expertin-ueber-Kunstfaelschungen-Flut-In-Zeiten-globaler-Krisen-waechst-Zahl-gefaelschter.jpg\",\"caption\":\"Expertin \u00fcber Kunstf\u00e4lschungen-Flut: In Zeiten globaler Krisen w\u00e4chst Zahl gef\u00e4lschter Kunstwerke\"},{\"@type\":\"BreadcrumbList\",\"@id\":\"https:\/\/now-news.de\/de\/deutschland\/expertin-ueber-kunstfaelschungen-flut-in-zeiten-globaler-krisen-waechst-zahl-gefaelschter-kunstwerke\/#breadcrumb\",\"itemListElement\":[{\"@type\":\"ListItem\",\"position\":1,\"name\":\"Home\",\"item\":\"https:\/\/now-news.de\/de\/\"},{\"@type\":\"ListItem\",\"position\":2,\"name\":\"Expertin \u00fcber Kunstf\u00e4lschungen-Flut: In Zeiten globaler Krisen w\u00e4chst Zahl gef\u00e4lschter Kunstwerke\"}]},{\"@type\":\"WebSite\",\"@id\":\"https:\/\/now-news.de\/de\/#website\",\"url\":\"https:\/\/now-news.de\/de\/\",\"name\":\"just-now.NEWS Deutschland\",\"description\":\"Das Portal f\u00fcr unzensierte Nachrichten aus der Welt\",\"publisher\":{\"@id\":\"https:\/\/now-news.de\/de\/#organization\"},\"potentialAction\":[{\"@type\":\"SearchAction\",\"target\":{\"@type\":\"EntryPoint\",\"urlTemplate\":\"https:\/\/now-news.de\/de\/?s={search_term_string}\"},\"query-input\":\"required name=search_term_string\"}],\"inLanguage\":\"de\"},{\"@type\":\"Organization\",\"@id\":\"https:\/\/now-news.de\/de\/#organization\",\"name\":\"Just Now News\",\"url\":\"https:\/\/now-news.de\/de\/\",\"logo\":{\"@type\":\"ImageObject\",\"inLanguage\":\"de\",\"@id\":\"https:\/\/now-news.de\/de\/#\/schema\/logo\/image\/\",\"url\":\"http:\/\/just-now.news\/de\/wp-content\/uploads\/sites\/3\/2022\/04\/logo500x500.jpg\",\"contentUrl\":\"http:\/\/just-now.news\/de\/wp-content\/uploads\/sites\/3\/2022\/04\/logo500x500.jpg\",\"width\":500,\"height\":500,\"caption\":\"Just Now News\"},\"image\":{\"@id\":\"https:\/\/now-news.de\/de\/#\/schema\/logo\/image\/\"},\"sameAs\":[\"https:\/\/www.facebook.com\/wirmachenauf\",\"https:\/\/x.com\/WirMachenAuf_de\"]},{\"@type\":\"Person\",\"@id\":\"https:\/\/now-news.de\/de\/#\/schema\/person\/fb534a4e865501d8b3285208df34a9b5\",\"name\":\"rtnews\",\"image\":{\"@type\":\"ImageObject\",\"inLanguage\":\"de\",\"@id\":\"https:\/\/now-news.de\/de\/#\/schema\/person\/image\/\",\"url\":\"https:\/\/secure.gravatar.com\/avatar\/82aafea7d8127119dd649515f56e2117?s=96&d=mm&r=g\",\"contentUrl\":\"https:\/\/secure.gravatar.com\/avatar\/82aafea7d8127119dd649515f56e2117?s=96&d=mm&r=g\",\"caption\":\"rtnews\"},\"url\":\"https:\/\/now-news.de\/de\/author\/rnews\/\"}]}<\/script>\n<!-- \/ Yoast SEO Premium plugin. -->","yoast_head_json":{"title":"Expertin \u00fcber Kunstf\u00e4lschungen-Flut: In Zeiten globaler Krisen w\u00e4chst Zahl gef\u00e4lschter Kunstwerke - just-now.NEWS Deutschland","robots":{"index":"index","follow":"follow","max-snippet":"max-snippet:-1","max-image-preview":"max-image-preview:large","max-video-preview":"max-video-preview:-1"},"canonical":"https:\/\/now-news.de\/de\/deutschland\/expertin-ueber-kunstfaelschungen-flut-in-zeiten-globaler-krisen-waechst-zahl-gefaelschter-kunstwerke\/","og_locale":"de_DE","og_type":"article","og_title":"Expertin \u00fcber Kunstf\u00e4lschungen-Flut: In Zeiten globaler Krisen w\u00e4chst Zahl gef\u00e4lschter Kunstwerke","og_description":"Selbst Kunstexperten zweifeln nicht mehr daran, dass die Welt in eine tiefgreifende Krise geraten ist. Der Beweis daf\u00fcr ist f\u00fcr sie eindeutig: die Flut an F\u00e4lschungen. Sie sei ein Lackmustest f\u00fcr gesellschaftliche Umbr\u00fcche. Jedes Mal, wenn die Welt von einer schweren Wirtschaftskrise erfasst wird, erkennen Kunsthistoriker und Kunstexperten dies an einem wichtigen Indikator: Der Markt [&hellip;]","og_url":"https:\/\/now-news.de\/de\/deutschland\/expertin-ueber-kunstfaelschungen-flut-in-zeiten-globaler-krisen-waechst-zahl-gefaelschter-kunstwerke\/","og_site_name":"just-now.NEWS Deutschland","article_publisher":"https:\/\/www.facebook.com\/wirmachenauf","article_published_time":"2026-04-29T04:30:00+00:00","og_image":[{"url":"https:\/\/now-news.de\/de\/wp-content\/uploads\/sites\/3\/2026\/04\/69f0756848fbef303a5ae4d5.jpg"}],"author":"rtnews","twitter_card":"summary_large_image","twitter_creator":"@WirMachenAuf_de","twitter_site":"@WirMachenAuf_de","twitter_misc":{"Verfasst von":"rtnews","Gesch\u00e4tzte Lesezeit":"2\u00a0Minuten"},"schema":{"@context":"https:\/\/schema.org","@graph":[{"@type":"Article","@id":"https:\/\/now-news.de\/de\/deutschland\/expertin-ueber-kunstfaelschungen-flut-in-zeiten-globaler-krisen-waechst-zahl-gefaelschter-kunstwerke\/#article","isPartOf":{"@id":"https:\/\/now-news.de\/de\/deutschland\/expertin-ueber-kunstfaelschungen-flut-in-zeiten-globaler-krisen-waechst-zahl-gefaelschter-kunstwerke\/"},"author":{"name":"rtnews","@id":"https:\/\/now-news.de\/de\/#\/schema\/person\/fb534a4e865501d8b3285208df34a9b5"},"headline":"Expertin \u00fcber Kunstf\u00e4lschungen-Flut: In Zeiten globaler Krisen w\u00e4chst Zahl gef\u00e4lschter Kunstwerke","datePublished":"2026-04-29T04:30:00+00:00","dateModified":"2026-04-29T04:30:00+00:00","mainEntityOfPage":{"@id":"https:\/\/now-news.de\/de\/deutschland\/expertin-ueber-kunstfaelschungen-flut-in-zeiten-globaler-krisen-waechst-zahl-gefaelschter-kunstwerke\/"},"wordCount":393,"commentCount":0,"publisher":{"@id":"https:\/\/now-news.de\/de\/#organization"},"image":{"@id":"https:\/\/now-news.de\/de\/deutschland\/expertin-ueber-kunstfaelschungen-flut-in-zeiten-globaler-krisen-waechst-zahl-gefaelschter-kunstwerke\/#primaryimage"},"thumbnailUrl":"https:\/\/now-news.de\/de\/wp-content\/uploads\/sites\/3\/Expertin-ueber-Kunstfaelschungen-Flut-In-Zeiten-globaler-Krisen-waechst-Zahl-gefaelschter.jpg","keywords":["Expertin","gef\u00e4lschter","globaler","Krisen","Kunstf\u00e4lschungenFlut","Kunstwerke","\u00fcber","w\u00e4chst","Zahl","Zeiten"],"articleSection":["Deutschland","Russland"],"inLanguage":"de","potentialAction":[{"@type":"CommentAction","name":"Comment","target":["https:\/\/now-news.de\/de\/deutschland\/expertin-ueber-kunstfaelschungen-flut-in-zeiten-globaler-krisen-waechst-zahl-gefaelschter-kunstwerke\/#respond"]}]},{"@type":"WebPage","@id":"https:\/\/now-news.de\/de\/deutschland\/expertin-ueber-kunstfaelschungen-flut-in-zeiten-globaler-krisen-waechst-zahl-gefaelschter-kunstwerke\/","url":"https:\/\/now-news.de\/de\/deutschland\/expertin-ueber-kunstfaelschungen-flut-in-zeiten-globaler-krisen-waechst-zahl-gefaelschter-kunstwerke\/","name":"Expertin \u00fcber Kunstf\u00e4lschungen-Flut: In Zeiten globaler Krisen w\u00e4chst Zahl gef\u00e4lschter Kunstwerke - just-now.NEWS Deutschland","isPartOf":{"@id":"https:\/\/now-news.de\/de\/#website"},"primaryImageOfPage":{"@id":"https:\/\/now-news.de\/de\/deutschland\/expertin-ueber-kunstfaelschungen-flut-in-zeiten-globaler-krisen-waechst-zahl-gefaelschter-kunstwerke\/#primaryimage"},"image":{"@id":"https:\/\/now-news.de\/de\/deutschland\/expertin-ueber-kunstfaelschungen-flut-in-zeiten-globaler-krisen-waechst-zahl-gefaelschter-kunstwerke\/#primaryimage"},"thumbnailUrl":"https:\/\/now-news.de\/de\/wp-content\/uploads\/sites\/3\/Expertin-ueber-Kunstfaelschungen-Flut-In-Zeiten-globaler-Krisen-waechst-Zahl-gefaelschter.jpg","datePublished":"2026-04-29T04:30:00+00:00","dateModified":"2026-04-29T04:30:00+00:00","breadcrumb":{"@id":"https:\/\/now-news.de\/de\/deutschland\/expertin-ueber-kunstfaelschungen-flut-in-zeiten-globaler-krisen-waechst-zahl-gefaelschter-kunstwerke\/#breadcrumb"},"inLanguage":"de","potentialAction":[{"@type":"ReadAction","target":["https:\/\/now-news.de\/de\/deutschland\/expertin-ueber-kunstfaelschungen-flut-in-zeiten-globaler-krisen-waechst-zahl-gefaelschter-kunstwerke\/"]}]},{"@type":"ImageObject","inLanguage":"de","@id":"https:\/\/now-news.de\/de\/deutschland\/expertin-ueber-kunstfaelschungen-flut-in-zeiten-globaler-krisen-waechst-zahl-gefaelschter-kunstwerke\/#primaryimage","url":"https:\/\/now-news.de\/de\/wp-content\/uploads\/sites\/3\/Expertin-ueber-Kunstfaelschungen-Flut-In-Zeiten-globaler-Krisen-waechst-Zahl-gefaelschter.jpg","contentUrl":"https:\/\/now-news.de\/de\/wp-content\/uploads\/sites\/3\/Expertin-ueber-Kunstfaelschungen-Flut-In-Zeiten-globaler-Krisen-waechst-Zahl-gefaelschter.jpg","caption":"Expertin \u00fcber Kunstf\u00e4lschungen-Flut: In Zeiten globaler Krisen w\u00e4chst Zahl gef\u00e4lschter Kunstwerke"},{"@type":"BreadcrumbList","@id":"https:\/\/now-news.de\/de\/deutschland\/expertin-ueber-kunstfaelschungen-flut-in-zeiten-globaler-krisen-waechst-zahl-gefaelschter-kunstwerke\/#breadcrumb","itemListElement":[{"@type":"ListItem","position":1,"name":"Home","item":"https:\/\/now-news.de\/de\/"},{"@type":"ListItem","position":2,"name":"Expertin \u00fcber Kunstf\u00e4lschungen-Flut: In Zeiten globaler Krisen w\u00e4chst Zahl gef\u00e4lschter Kunstwerke"}]},{"@type":"WebSite","@id":"https:\/\/now-news.de\/de\/#website","url":"https:\/\/now-news.de\/de\/","name":"just-now.NEWS Deutschland","description":"Das Portal f\u00fcr unzensierte Nachrichten aus der Welt","publisher":{"@id":"https:\/\/now-news.de\/de\/#organization"},"potentialAction":[{"@type":"SearchAction","target":{"@type":"EntryPoint","urlTemplate":"https:\/\/now-news.de\/de\/?s={search_term_string}"},"query-input":"required name=search_term_string"}],"inLanguage":"de"},{"@type":"Organization","@id":"https:\/\/now-news.de\/de\/#organization","name":"Just Now News","url":"https:\/\/now-news.de\/de\/","logo":{"@type":"ImageObject","inLanguage":"de","@id":"https:\/\/now-news.de\/de\/#\/schema\/logo\/image\/","url":"http:\/\/just-now.news\/de\/wp-content\/uploads\/sites\/3\/2022\/04\/logo500x500.jpg","contentUrl":"http:\/\/just-now.news\/de\/wp-content\/uploads\/sites\/3\/2022\/04\/logo500x500.jpg","width":500,"height":500,"caption":"Just Now News"},"image":{"@id":"https:\/\/now-news.de\/de\/#\/schema\/logo\/image\/"},"sameAs":["https:\/\/www.facebook.com\/wirmachenauf","https:\/\/x.com\/WirMachenAuf_de"]},{"@type":"Person","@id":"https:\/\/now-news.de\/de\/#\/schema\/person\/fb534a4e865501d8b3285208df34a9b5","name":"rtnews","image":{"@type":"ImageObject","inLanguage":"de","@id":"https:\/\/now-news.de\/de\/#\/schema\/person\/image\/","url":"https:\/\/secure.gravatar.com\/avatar\/82aafea7d8127119dd649515f56e2117?s=96&d=mm&r=g","contentUrl":"https:\/\/secure.gravatar.com\/avatar\/82aafea7d8127119dd649515f56e2117?s=96&d=mm&r=g","caption":"rtnews"},"url":"https:\/\/now-news.de\/de\/author\/rnews\/"}]}},"_links":{"self":[{"href":"https:\/\/now-news.de\/de\/wp-json\/wp\/v2\/posts\/102456"}],"collection":[{"href":"https:\/\/now-news.de\/de\/wp-json\/wp\/v2\/posts"}],"about":[{"href":"https:\/\/now-news.de\/de\/wp-json\/wp\/v2\/types\/post"}],"author":[{"embeddable":true,"href":"https:\/\/now-news.de\/de\/wp-json\/wp\/v2\/users\/3"}],"replies":[{"embeddable":true,"href":"https:\/\/now-news.de\/de\/wp-json\/wp\/v2\/comments?post=102456"}],"version-history":[{"count":0,"href":"https:\/\/now-news.de\/de\/wp-json\/wp\/v2\/posts\/102456\/revisions"}],"wp:featuredmedia":[{"embeddable":true,"href":"https:\/\/now-news.de\/de\/wp-json\/wp\/v2\/media\/102457"}],"wp:attachment":[{"href":"https:\/\/now-news.de\/de\/wp-json\/wp\/v2\/media?parent=102456"}],"wp:term":[{"taxonomy":"category","embeddable":true,"href":"https:\/\/now-news.de\/de\/wp-json\/wp\/v2\/categories?post=102456"},{"taxonomy":"post_tag","embeddable":true,"href":"https:\/\/now-news.de\/de\/wp-json\/wp\/v2\/tags?post=102456"}],"curies":[{"name":"wp","href":"https:\/\/api.w.org\/{rel}","templated":true}]}}