{"id":102378,"date":"2026-04-27T14:00:07","date_gmt":"2026-04-27T12:00:07","guid":{"rendered":"https:\/\/now-news.de\/de\/deutschland\/nach-endgueltigem-scheitern-merz-und-macron-vereinbaren-neuen-anlauf-fuer-kampfjet-fcas\/"},"modified":"2026-04-27T14:00:07","modified_gmt":"2026-04-27T12:00:07","slug":"nach-endgueltigem-scheitern-merz-und-macron-vereinbaren-neuen-anlauf-fuer-kampfjet-fcas","status":"publish","type":"post","link":"https:\/\/now-news.de\/de\/deutschland\/nach-endgueltigem-scheitern-merz-und-macron-vereinbaren-neuen-anlauf-fuer-kampfjet-fcas\/","title":{"rendered":"Nach &quot;endg\u00fcltigem Scheitern&quot;: Merz und Macron vereinbaren neuen Anlauf f\u00fcr Kampfjet FCAS"},"content":{"rendered":"<p><img decoding=\"async\" src=\"https:\/\/now-news.de\/de\/wp-content\/uploads\/sites\/3\/2026\/04\/69ef405348fbef7613608d60.jpg\" \/><\/p>\n<div class=\"Text-root Text-type_1 \">\n                Seit 2017 versuchen Deutschland, Frankreich und Spanien, das Projekt eines Kampfjets der 6. Generation voranzubringen, das bisher an den divergierenden Vorstellungen der beteiligten R\u00fcstungsunternehmen scheiterte. Auf dem EU-Gipfel auf Zypern einigten sich Friedrich Merz und Emmanuel Macron auf einen neuen Anlauf.\n            <\/div>\n<p><\/p>\n<div class=\"Text-root Text-type_5 ArticleView-text ViewText-root \">\n<p>\u00dcber Probleme bei dem deutsch-franz\u00f6sischen R\u00fcstungsprojekt eines Kampfjets der neuesten Generation FCAS (Future Combat Air System) hat <em>RT DE<\/em> in der Vergangenheit mehrmals berichtet. Zuletzt wurde Ende letzten Jahres \u00fcber einen m\u00f6glichen Ausstieg Frankreichs aus dem Vorhaben spekuliert. Die <a rel=\"nofollow noopener\" target=\"_blank\" href=\"https:\/\/freedert.online\/europa\/266518-moeglicher-ausstieg-frankreichs-aus-fcas\/\">CSU forderte<\/a> damals einen deutschen Alleingang. Im Februar hatte Bundeskanzler Friedrich Merz zudem den franz\u00f6sischen Vorstellungen einer atomaren Best\u00fcckung des Kampfflugzeugs eine <a rel=\"nofollow noopener\" target=\"_blank\" href=\"https:\/\/freedert.online\/inland\/270504-merz-erteilt-europaeischem-ruestungsprojekt-fcas\/\">Absage erteilt<\/a>.<\/p>\n<p>Offenbar ist es bis heute nicht gelungen, den Streit der Projektpartner beizulegen. Wie mehrere Medien berichten, haben der deutsche Bundeskanzler und Frankreichs Pr\u00e4sident Emmanuel Macron am Rande des EU-Gipfels auf Zypern in der vergangenen Woche vereinbart, dass die Verteidigungsministerien beider L\u00e4nder erneut einen Anlauf bei der L\u00f6sungssuche nehmen sollen, nachdem zuvor in Medienberichten von einem &#8220;endg\u00fcltigen Scheitern&#8221; eines &#8220;letzten Vermittlungsversuchs&#8221; die Rede war.<\/p>\n<p>Wie ein Sprecher der Bundesregierung bekannt gab, wurden die Verteidigungsministerien beider L\u00e4nder beauftragt, &#8220;an verschiedenen Str\u00e4ngen der Kooperation weiterzuarbeiten und n\u00e4chste Schritte zu vereinbaren&#8221;. Diese Arbeit solle &#8220;in den n\u00e4chsten Wochen&#8221; abgeschlossen sein. Kaum eine Woche zuvor war von zahlreichen Medien gemeldet worden, ein &#8220;letzter&#8221; Vermittlungsversuch sei endg\u00fcltig gescheitert.\u00a0<\/p>\n<p>Die Konstruktion des FCAS war im Jahr 2017 von Macron und der damaligen deutschen Bundeskanzlerin Angela Merkel als eines von sechs gemeinsamen R\u00fcstungsprojekten vereinbart worden.<\/p>\n<p>Einige dieser gemeinsamen Projekte sind in der Zwischenzeit bereits gescheitert. Das betrifft das Projekt des deutsch-franz\u00f6sischen Seefernaufkl\u00e4rers, des Maritime Airborne Warfare System (MAWS), das ad acta gelegt wurde, als Deutschland sich im Juni 2021 entschied, stattdessen den Seefernaufkl\u00e4rer P-8A Poseidon zu beschaffen, der vom US-Konzern Boeing hergestellt wird. Ein weiteres Projekt, die Eurodrohne, mit der Deutschland, Frankreich, Italien und Spanien das ehrgeizige Ziel verfolgten, das &#8220;weltweit fortschrittlichste unbemannte Flugsystem&#8221; zu konstruieren, hat mit Verz\u00f6gerungen zu k\u00e4mpfen. Vor kurzem wurde berichtet, Frankreich verhandle \u00fcber die Bedingungen f\u00fcr einen Ausstieg.<\/p>\n<p>Bereits im Jahr 2023 hatte Deutschland sich aus einem vierten Gemeinschaftsprojekt mit Frankreich und Spanien zur\u00fcckgezogen, n\u00e4mlich der gemeinsamen Modernisierung des Kampfhubschraubers Tiger. Ein f\u00fcnftes deutsch-franz\u00f6sisches Vorhaben, das Common Indirect Fire System (CIFS), das auf die gemeinsame Entwicklung von Artilleriesystemen abzielte, wurde auf unbestimmte Zeit verschoben. Experten rechnen hier mit einer Realisierung &#8220;nicht vor 2045&#8221;.<\/p>\n<p>Nach Informationen des <em>Spiegel<\/em>, die das Nachrichtenmagazin Anfang des Jahres ver\u00f6ffentlicht hatte, stockten die Verhandlungen vor allem &#8220;aufgrund tiefgreifender Differenzen&#8221; \u00fcber die jeweilige Beteiligung des franz\u00f6sischen Unternehmens Dassault, von Airbus Deutschland und des spanischen Konzerns Indra. Dassault will 80 Prozent des Projekts an sich ziehen. Deutschland und Spanien streben eine gleichm\u00e4\u00dfigere Beteiligung aller drei Partner an.<\/p>\n<p><strong>Mehr zum Thema<\/strong> \u2013 <a rel=\"nofollow noopener\" target=\"_blank\" href=\"https:\/\/freedert.online\/europa\/266518-moeglicher-ausstieg-frankreichs-aus-fcas\/\">M\u00f6glicher Ausstieg Frankreichs aus FCAS-Projekt: CSU fordert deutschen Alleingang<\/a><\/p>\n<div class=\"EmbedBlock-root EmbedBlock-externalVideo EmbedBlock-rumble\">\n<div class=\"VkEmbed\"><iframe class=\"lazyload\" data-src=\"https:\/\/rumble.com\/embed\/v76si9a\" frameborder=\"0\" width=\"853\" height=\"480\" allowfullscreen><\/iframe><\/div>\n<\/div>\n<\/div>\n<p><br \/>\n<br \/><a href=\"https:\/\/de.rt.com\/europa\/278334-fcas\/\">Source link <\/a><\/p>\n","protected":false},"excerpt":{"rendered":"<p>Seit 2017 versuchen Deutschland, Frankreich und Spanien, das Projekt eines Kampfjets der 6. Generation voranzubringen, das bisher an den divergierenden Vorstellungen der beteiligten R\u00fcstungsunternehmen scheiterte. Auf dem EU-Gipfel auf Zypern einigten sich Friedrich Merz und Emmanuel Macron auf einen neuen Anlauf. \u00dcber Probleme bei dem deutsch-franz\u00f6sischen R\u00fcstungsprojekt eines Kampfjets der neuesten Generation FCAS (Future Combat [&hellip;]<\/p>\n","protected":false},"author":3,"featured_media":102379,"comment_status":"open","ping_status":"open","sticky":false,"template":"","format":"standard","meta":{"_yoast_indexnow_last_ping":["1777294471"],"wp_automatic_camp":["217"],"a24dfbdb38fde0562774ef5c0f4fb4f4":["Nach &quot;endg\u00fcltigem Scheitern&quot;: Merz und Macron vereinbaren neuen Anlauf f\u00fcr Kampfjet FCAS"],"original_link":["https:\/\/de.rt.com\/europa\/278334-fcas\/"],"_thumbnail_id":["102379"],"jnews_social_counter_last_update":["1777631871"],"_wptgpro_p2tg_sent2tg":["a:1:{i:23737;s:19:\"2026-04-27 14:55:32\";}"]},"categories":[19,23],"tags":[51571,71297,221,38276,1711,18728,979,213,72663,44393,140,22116],"yoast_head":"<!-- This site is optimized with the Yoast SEO Premium plugin v22.7 (Yoast SEO v22.7) - https:\/\/yoast.com\/wordpress\/plugins\/seo\/ -->\n<title>Nach &quot;endg\u00fcltigem Scheitern&quot;: Merz und Macron vereinbaren neuen Anlauf f\u00fcr Kampfjet FCAS - just-now.NEWS Deutschland<\/title>\n<meta name=\"robots\" content=\"index, follow, max-snippet:-1, max-image-preview:large, max-video-preview:-1\" \/>\n<link rel=\"canonical\" href=\"https:\/\/now-news.de\/de\/deutschland\/nach-endgueltigem-scheitern-merz-und-macron-vereinbaren-neuen-anlauf-fuer-kampfjet-fcas\/\" \/>\n<meta property=\"og:locale\" content=\"de_DE\" \/>\n<meta property=\"og:type\" content=\"article\" \/>\n<meta property=\"og:title\" content=\"Nach &quot;endg\u00fcltigem Scheitern&quot;: Merz und Macron vereinbaren neuen Anlauf f\u00fcr Kampfjet FCAS\" \/>\n<meta property=\"og:description\" content=\"Seit 2017 versuchen Deutschland, Frankreich und Spanien, das Projekt eines Kampfjets der 6. Generation voranzubringen, das bisher an den divergierenden Vorstellungen der beteiligten R\u00fcstungsunternehmen scheiterte. Auf dem EU-Gipfel auf Zypern einigten sich Friedrich Merz und Emmanuel Macron auf einen neuen Anlauf. \u00dcber Probleme bei dem deutsch-franz\u00f6sischen R\u00fcstungsprojekt eines Kampfjets der neuesten Generation FCAS (Future Combat [&hellip;]\" \/>\n<meta property=\"og:url\" content=\"https:\/\/now-news.de\/de\/deutschland\/nach-endgueltigem-scheitern-merz-und-macron-vereinbaren-neuen-anlauf-fuer-kampfjet-fcas\/\" \/>\n<meta property=\"og:site_name\" content=\"just-now.NEWS Deutschland\" \/>\n<meta property=\"article:publisher\" content=\"https:\/\/www.facebook.com\/wirmachenauf\" \/>\n<meta property=\"article:published_time\" content=\"2026-04-27T12:00:07+00:00\" \/>\n<meta property=\"og:image\" content=\"https:\/\/now-news.de\/de\/wp-content\/uploads\/sites\/3\/2026\/04\/69ef405348fbef7613608d60.jpg\" \/>\n<meta name=\"author\" content=\"rtnews\" \/>\n<meta name=\"twitter:card\" content=\"summary_large_image\" \/>\n<meta name=\"twitter:creator\" content=\"@WirMachenAuf_de\" \/>\n<meta name=\"twitter:site\" content=\"@WirMachenAuf_de\" \/>\n<meta name=\"twitter:label1\" content=\"Verfasst von\" \/>\n\t<meta name=\"twitter:data1\" content=\"rtnews\" \/>\n\t<meta name=\"twitter:label2\" content=\"Gesch\u00e4tzte Lesezeit\" \/>\n\t<meta name=\"twitter:data2\" content=\"2\u00a0Minuten\" \/>\n<script type=\"application\/ld+json\" class=\"yoast-schema-graph\">{\"@context\":\"https:\/\/schema.org\",\"@graph\":[{\"@type\":\"Article\",\"@id\":\"https:\/\/now-news.de\/de\/deutschland\/nach-endgueltigem-scheitern-merz-und-macron-vereinbaren-neuen-anlauf-fuer-kampfjet-fcas\/#article\",\"isPartOf\":{\"@id\":\"https:\/\/now-news.de\/de\/deutschland\/nach-endgueltigem-scheitern-merz-und-macron-vereinbaren-neuen-anlauf-fuer-kampfjet-fcas\/\"},\"author\":{\"name\":\"rtnews\",\"@id\":\"https:\/\/now-news.de\/de\/#\/schema\/person\/fb534a4e865501d8b3285208df34a9b5\"},\"headline\":\"Nach &quot;endg\u00fcltigem Scheitern&quot;: Merz und Macron vereinbaren neuen Anlauf f\u00fcr Kampfjet FCAS\",\"datePublished\":\"2026-04-27T12:00:07+00:00\",\"dateModified\":\"2026-04-27T12:00:07+00:00\",\"mainEntityOfPage\":{\"@id\":\"https:\/\/now-news.de\/de\/deutschland\/nach-endgueltigem-scheitern-merz-und-macron-vereinbaren-neuen-anlauf-fuer-kampfjet-fcas\/\"},\"wordCount\":495,\"commentCount\":0,\"publisher\":{\"@id\":\"https:\/\/now-news.de\/de\/#organization\"},\"image\":{\"@id\":\"https:\/\/now-news.de\/de\/deutschland\/nach-endgueltigem-scheitern-merz-und-macron-vereinbaren-neuen-anlauf-fuer-kampfjet-fcas\/#primaryimage\"},\"thumbnailUrl\":\"https:\/\/now-news.de\/de\/wp-content\/uploads\/sites\/3\/Nach-quotendgueltigem-Scheiternquot-Merz-und-Macron-vereinbaren-neuen-Anlauf-fuer.jpg\",\"keywords\":[\"Anlauf\",\"FCAS\",\"f\u00fcr\",\"Kampfjet\",\"macron\",\"Merz\",\"nach\",\"neuen\",\"quotendg\u00fcltigem\",\"scheiternquot\",\"und\",\"vereinbaren\"],\"articleSection\":[\"Deutschland\",\"Russland\"],\"inLanguage\":\"de\",\"potentialAction\":[{\"@type\":\"CommentAction\",\"name\":\"Comment\",\"target\":[\"https:\/\/now-news.de\/de\/deutschland\/nach-endgueltigem-scheitern-merz-und-macron-vereinbaren-neuen-anlauf-fuer-kampfjet-fcas\/#respond\"]}]},{\"@type\":\"WebPage\",\"@id\":\"https:\/\/now-news.de\/de\/deutschland\/nach-endgueltigem-scheitern-merz-und-macron-vereinbaren-neuen-anlauf-fuer-kampfjet-fcas\/\",\"url\":\"https:\/\/now-news.de\/de\/deutschland\/nach-endgueltigem-scheitern-merz-und-macron-vereinbaren-neuen-anlauf-fuer-kampfjet-fcas\/\",\"name\":\"Nach &quot;endg\u00fcltigem Scheitern&quot;: Merz und Macron vereinbaren neuen Anlauf f\u00fcr Kampfjet FCAS - just-now.NEWS Deutschland\",\"isPartOf\":{\"@id\":\"https:\/\/now-news.de\/de\/#website\"},\"primaryImageOfPage\":{\"@id\":\"https:\/\/now-news.de\/de\/deutschland\/nach-endgueltigem-scheitern-merz-und-macron-vereinbaren-neuen-anlauf-fuer-kampfjet-fcas\/#primaryimage\"},\"image\":{\"@id\":\"https:\/\/now-news.de\/de\/deutschland\/nach-endgueltigem-scheitern-merz-und-macron-vereinbaren-neuen-anlauf-fuer-kampfjet-fcas\/#primaryimage\"},\"thumbnailUrl\":\"https:\/\/now-news.de\/de\/wp-content\/uploads\/sites\/3\/Nach-quotendgueltigem-Scheiternquot-Merz-und-Macron-vereinbaren-neuen-Anlauf-fuer.jpg\",\"datePublished\":\"2026-04-27T12:00:07+00:00\",\"dateModified\":\"2026-04-27T12:00:07+00:00\",\"breadcrumb\":{\"@id\":\"https:\/\/now-news.de\/de\/deutschland\/nach-endgueltigem-scheitern-merz-und-macron-vereinbaren-neuen-anlauf-fuer-kampfjet-fcas\/#breadcrumb\"},\"inLanguage\":\"de\",\"potentialAction\":[{\"@type\":\"ReadAction\",\"target\":[\"https:\/\/now-news.de\/de\/deutschland\/nach-endgueltigem-scheitern-merz-und-macron-vereinbaren-neuen-anlauf-fuer-kampfjet-fcas\/\"]}]},{\"@type\":\"ImageObject\",\"inLanguage\":\"de\",\"@id\":\"https:\/\/now-news.de\/de\/deutschland\/nach-endgueltigem-scheitern-merz-und-macron-vereinbaren-neuen-anlauf-fuer-kampfjet-fcas\/#primaryimage\",\"url\":\"https:\/\/now-news.de\/de\/wp-content\/uploads\/sites\/3\/Nach-quotendgueltigem-Scheiternquot-Merz-und-Macron-vereinbaren-neuen-Anlauf-fuer.jpg\",\"contentUrl\":\"https:\/\/now-news.de\/de\/wp-content\/uploads\/sites\/3\/Nach-quotendgueltigem-Scheiternquot-Merz-und-Macron-vereinbaren-neuen-Anlauf-fuer.jpg\",\"caption\":\"Nach &quot;endg\u00fcltigem Scheitern&quot;: Merz und Macron vereinbaren neuen Anlauf f\u00fcr Kampfjet FCAS\"},{\"@type\":\"BreadcrumbList\",\"@id\":\"https:\/\/now-news.de\/de\/deutschland\/nach-endgueltigem-scheitern-merz-und-macron-vereinbaren-neuen-anlauf-fuer-kampfjet-fcas\/#breadcrumb\",\"itemListElement\":[{\"@type\":\"ListItem\",\"position\":1,\"name\":\"Home\",\"item\":\"https:\/\/now-news.de\/de\/\"},{\"@type\":\"ListItem\",\"position\":2,\"name\":\"Nach &quot;endg\u00fcltigem Scheitern&quot;: Merz und Macron vereinbaren neuen Anlauf f\u00fcr Kampfjet FCAS\"}]},{\"@type\":\"WebSite\",\"@id\":\"https:\/\/now-news.de\/de\/#website\",\"url\":\"https:\/\/now-news.de\/de\/\",\"name\":\"just-now.NEWS Deutschland\",\"description\":\"Das Portal f\u00fcr unzensierte Nachrichten aus der Welt\",\"publisher\":{\"@id\":\"https:\/\/now-news.de\/de\/#organization\"},\"potentialAction\":[{\"@type\":\"SearchAction\",\"target\":{\"@type\":\"EntryPoint\",\"urlTemplate\":\"https:\/\/now-news.de\/de\/?s={search_term_string}\"},\"query-input\":\"required name=search_term_string\"}],\"inLanguage\":\"de\"},{\"@type\":\"Organization\",\"@id\":\"https:\/\/now-news.de\/de\/#organization\",\"name\":\"Just Now News\",\"url\":\"https:\/\/now-news.de\/de\/\",\"logo\":{\"@type\":\"ImageObject\",\"inLanguage\":\"de\",\"@id\":\"https:\/\/now-news.de\/de\/#\/schema\/logo\/image\/\",\"url\":\"http:\/\/just-now.news\/de\/wp-content\/uploads\/sites\/3\/2022\/04\/logo500x500.jpg\",\"contentUrl\":\"http:\/\/just-now.news\/de\/wp-content\/uploads\/sites\/3\/2022\/04\/logo500x500.jpg\",\"width\":500,\"height\":500,\"caption\":\"Just Now News\"},\"image\":{\"@id\":\"https:\/\/now-news.de\/de\/#\/schema\/logo\/image\/\"},\"sameAs\":[\"https:\/\/www.facebook.com\/wirmachenauf\",\"https:\/\/x.com\/WirMachenAuf_de\"]},{\"@type\":\"Person\",\"@id\":\"https:\/\/now-news.de\/de\/#\/schema\/person\/fb534a4e865501d8b3285208df34a9b5\",\"name\":\"rtnews\",\"image\":{\"@type\":\"ImageObject\",\"inLanguage\":\"de\",\"@id\":\"https:\/\/now-news.de\/de\/#\/schema\/person\/image\/\",\"url\":\"https:\/\/secure.gravatar.com\/avatar\/82aafea7d8127119dd649515f56e2117?s=96&d=mm&r=g\",\"contentUrl\":\"https:\/\/secure.gravatar.com\/avatar\/82aafea7d8127119dd649515f56e2117?s=96&d=mm&r=g\",\"caption\":\"rtnews\"},\"url\":\"https:\/\/now-news.de\/de\/author\/rnews\/\"}]}<\/script>\n<!-- \/ Yoast SEO Premium plugin. -->","yoast_head_json":{"title":"Nach &quot;endg\u00fcltigem Scheitern&quot;: Merz und Macron vereinbaren neuen Anlauf f\u00fcr Kampfjet FCAS - just-now.NEWS Deutschland","robots":{"index":"index","follow":"follow","max-snippet":"max-snippet:-1","max-image-preview":"max-image-preview:large","max-video-preview":"max-video-preview:-1"},"canonical":"https:\/\/now-news.de\/de\/deutschland\/nach-endgueltigem-scheitern-merz-und-macron-vereinbaren-neuen-anlauf-fuer-kampfjet-fcas\/","og_locale":"de_DE","og_type":"article","og_title":"Nach &quot;endg\u00fcltigem Scheitern&quot;: Merz und Macron vereinbaren neuen Anlauf f\u00fcr Kampfjet FCAS","og_description":"Seit 2017 versuchen Deutschland, Frankreich und Spanien, das Projekt eines Kampfjets der 6. Generation voranzubringen, das bisher an den divergierenden Vorstellungen der beteiligten R\u00fcstungsunternehmen scheiterte. Auf dem EU-Gipfel auf Zypern einigten sich Friedrich Merz und Emmanuel Macron auf einen neuen Anlauf. \u00dcber Probleme bei dem deutsch-franz\u00f6sischen R\u00fcstungsprojekt eines Kampfjets der neuesten Generation FCAS (Future Combat [&hellip;]","og_url":"https:\/\/now-news.de\/de\/deutschland\/nach-endgueltigem-scheitern-merz-und-macron-vereinbaren-neuen-anlauf-fuer-kampfjet-fcas\/","og_site_name":"just-now.NEWS Deutschland","article_publisher":"https:\/\/www.facebook.com\/wirmachenauf","article_published_time":"2026-04-27T12:00:07+00:00","og_image":[{"url":"https:\/\/now-news.de\/de\/wp-content\/uploads\/sites\/3\/2026\/04\/69ef405348fbef7613608d60.jpg"}],"author":"rtnews","twitter_card":"summary_large_image","twitter_creator":"@WirMachenAuf_de","twitter_site":"@WirMachenAuf_de","twitter_misc":{"Verfasst von":"rtnews","Gesch\u00e4tzte Lesezeit":"2\u00a0Minuten"},"schema":{"@context":"https:\/\/schema.org","@graph":[{"@type":"Article","@id":"https:\/\/now-news.de\/de\/deutschland\/nach-endgueltigem-scheitern-merz-und-macron-vereinbaren-neuen-anlauf-fuer-kampfjet-fcas\/#article","isPartOf":{"@id":"https:\/\/now-news.de\/de\/deutschland\/nach-endgueltigem-scheitern-merz-und-macron-vereinbaren-neuen-anlauf-fuer-kampfjet-fcas\/"},"author":{"name":"rtnews","@id":"https:\/\/now-news.de\/de\/#\/schema\/person\/fb534a4e865501d8b3285208df34a9b5"},"headline":"Nach &quot;endg\u00fcltigem Scheitern&quot;: Merz und Macron vereinbaren neuen Anlauf f\u00fcr Kampfjet FCAS","datePublished":"2026-04-27T12:00:07+00:00","dateModified":"2026-04-27T12:00:07+00:00","mainEntityOfPage":{"@id":"https:\/\/now-news.de\/de\/deutschland\/nach-endgueltigem-scheitern-merz-und-macron-vereinbaren-neuen-anlauf-fuer-kampfjet-fcas\/"},"wordCount":495,"commentCount":0,"publisher":{"@id":"https:\/\/now-news.de\/de\/#organization"},"image":{"@id":"https:\/\/now-news.de\/de\/deutschland\/nach-endgueltigem-scheitern-merz-und-macron-vereinbaren-neuen-anlauf-fuer-kampfjet-fcas\/#primaryimage"},"thumbnailUrl":"https:\/\/now-news.de\/de\/wp-content\/uploads\/sites\/3\/Nach-quotendgueltigem-Scheiternquot-Merz-und-Macron-vereinbaren-neuen-Anlauf-fuer.jpg","keywords":["Anlauf","FCAS","f\u00fcr","Kampfjet","macron","Merz","nach","neuen","quotendg\u00fcltigem","scheiternquot","und","vereinbaren"],"articleSection":["Deutschland","Russland"],"inLanguage":"de","potentialAction":[{"@type":"CommentAction","name":"Comment","target":["https:\/\/now-news.de\/de\/deutschland\/nach-endgueltigem-scheitern-merz-und-macron-vereinbaren-neuen-anlauf-fuer-kampfjet-fcas\/#respond"]}]},{"@type":"WebPage","@id":"https:\/\/now-news.de\/de\/deutschland\/nach-endgueltigem-scheitern-merz-und-macron-vereinbaren-neuen-anlauf-fuer-kampfjet-fcas\/","url":"https:\/\/now-news.de\/de\/deutschland\/nach-endgueltigem-scheitern-merz-und-macron-vereinbaren-neuen-anlauf-fuer-kampfjet-fcas\/","name":"Nach &quot;endg\u00fcltigem Scheitern&quot;: Merz und Macron vereinbaren neuen Anlauf f\u00fcr Kampfjet FCAS - just-now.NEWS Deutschland","isPartOf":{"@id":"https:\/\/now-news.de\/de\/#website"},"primaryImageOfPage":{"@id":"https:\/\/now-news.de\/de\/deutschland\/nach-endgueltigem-scheitern-merz-und-macron-vereinbaren-neuen-anlauf-fuer-kampfjet-fcas\/#primaryimage"},"image":{"@id":"https:\/\/now-news.de\/de\/deutschland\/nach-endgueltigem-scheitern-merz-und-macron-vereinbaren-neuen-anlauf-fuer-kampfjet-fcas\/#primaryimage"},"thumbnailUrl":"https:\/\/now-news.de\/de\/wp-content\/uploads\/sites\/3\/Nach-quotendgueltigem-Scheiternquot-Merz-und-Macron-vereinbaren-neuen-Anlauf-fuer.jpg","datePublished":"2026-04-27T12:00:07+00:00","dateModified":"2026-04-27T12:00:07+00:00","breadcrumb":{"@id":"https:\/\/now-news.de\/de\/deutschland\/nach-endgueltigem-scheitern-merz-und-macron-vereinbaren-neuen-anlauf-fuer-kampfjet-fcas\/#breadcrumb"},"inLanguage":"de","potentialAction":[{"@type":"ReadAction","target":["https:\/\/now-news.de\/de\/deutschland\/nach-endgueltigem-scheitern-merz-und-macron-vereinbaren-neuen-anlauf-fuer-kampfjet-fcas\/"]}]},{"@type":"ImageObject","inLanguage":"de","@id":"https:\/\/now-news.de\/de\/deutschland\/nach-endgueltigem-scheitern-merz-und-macron-vereinbaren-neuen-anlauf-fuer-kampfjet-fcas\/#primaryimage","url":"https:\/\/now-news.de\/de\/wp-content\/uploads\/sites\/3\/Nach-quotendgueltigem-Scheiternquot-Merz-und-Macron-vereinbaren-neuen-Anlauf-fuer.jpg","contentUrl":"https:\/\/now-news.de\/de\/wp-content\/uploads\/sites\/3\/Nach-quotendgueltigem-Scheiternquot-Merz-und-Macron-vereinbaren-neuen-Anlauf-fuer.jpg","caption":"Nach &quot;endg\u00fcltigem Scheitern&quot;: Merz und Macron vereinbaren neuen Anlauf f\u00fcr Kampfjet FCAS"},{"@type":"BreadcrumbList","@id":"https:\/\/now-news.de\/de\/deutschland\/nach-endgueltigem-scheitern-merz-und-macron-vereinbaren-neuen-anlauf-fuer-kampfjet-fcas\/#breadcrumb","itemListElement":[{"@type":"ListItem","position":1,"name":"Home","item":"https:\/\/now-news.de\/de\/"},{"@type":"ListItem","position":2,"name":"Nach &quot;endg\u00fcltigem Scheitern&quot;: Merz und Macron vereinbaren neuen Anlauf f\u00fcr Kampfjet FCAS"}]},{"@type":"WebSite","@id":"https:\/\/now-news.de\/de\/#website","url":"https:\/\/now-news.de\/de\/","name":"just-now.NEWS Deutschland","description":"Das Portal f\u00fcr unzensierte Nachrichten aus der Welt","publisher":{"@id":"https:\/\/now-news.de\/de\/#organization"},"potentialAction":[{"@type":"SearchAction","target":{"@type":"EntryPoint","urlTemplate":"https:\/\/now-news.de\/de\/?s={search_term_string}"},"query-input":"required name=search_term_string"}],"inLanguage":"de"},{"@type":"Organization","@id":"https:\/\/now-news.de\/de\/#organization","name":"Just Now News","url":"https:\/\/now-news.de\/de\/","logo":{"@type":"ImageObject","inLanguage":"de","@id":"https:\/\/now-news.de\/de\/#\/schema\/logo\/image\/","url":"http:\/\/just-now.news\/de\/wp-content\/uploads\/sites\/3\/2022\/04\/logo500x500.jpg","contentUrl":"http:\/\/just-now.news\/de\/wp-content\/uploads\/sites\/3\/2022\/04\/logo500x500.jpg","width":500,"height":500,"caption":"Just Now News"},"image":{"@id":"https:\/\/now-news.de\/de\/#\/schema\/logo\/image\/"},"sameAs":["https:\/\/www.facebook.com\/wirmachenauf","https:\/\/x.com\/WirMachenAuf_de"]},{"@type":"Person","@id":"https:\/\/now-news.de\/de\/#\/schema\/person\/fb534a4e865501d8b3285208df34a9b5","name":"rtnews","image":{"@type":"ImageObject","inLanguage":"de","@id":"https:\/\/now-news.de\/de\/#\/schema\/person\/image\/","url":"https:\/\/secure.gravatar.com\/avatar\/82aafea7d8127119dd649515f56e2117?s=96&d=mm&r=g","contentUrl":"https:\/\/secure.gravatar.com\/avatar\/82aafea7d8127119dd649515f56e2117?s=96&d=mm&r=g","caption":"rtnews"},"url":"https:\/\/now-news.de\/de\/author\/rnews\/"}]}},"_links":{"self":[{"href":"https:\/\/now-news.de\/de\/wp-json\/wp\/v2\/posts\/102378"}],"collection":[{"href":"https:\/\/now-news.de\/de\/wp-json\/wp\/v2\/posts"}],"about":[{"href":"https:\/\/now-news.de\/de\/wp-json\/wp\/v2\/types\/post"}],"author":[{"embeddable":true,"href":"https:\/\/now-news.de\/de\/wp-json\/wp\/v2\/users\/3"}],"replies":[{"embeddable":true,"href":"https:\/\/now-news.de\/de\/wp-json\/wp\/v2\/comments?post=102378"}],"version-history":[{"count":0,"href":"https:\/\/now-news.de\/de\/wp-json\/wp\/v2\/posts\/102378\/revisions"}],"wp:featuredmedia":[{"embeddable":true,"href":"https:\/\/now-news.de\/de\/wp-json\/wp\/v2\/media\/102379"}],"wp:attachment":[{"href":"https:\/\/now-news.de\/de\/wp-json\/wp\/v2\/media?parent=102378"}],"wp:term":[{"taxonomy":"category","embeddable":true,"href":"https:\/\/now-news.de\/de\/wp-json\/wp\/v2\/categories?post=102378"},{"taxonomy":"post_tag","embeddable":true,"href":"https:\/\/now-news.de\/de\/wp-json\/wp\/v2\/tags?post=102378"}],"curies":[{"name":"wp","href":"https:\/\/api.w.org\/{rel}","templated":true}]}}