{"id":102374,"date":"2026-04-27T14:19:44","date_gmt":"2026-04-27T12:19:44","guid":{"rendered":"https:\/\/now-news.de\/de\/deutschland\/tag-des-sieges-sankt-georgs-band-in-berlin-erneut-verboten\/"},"modified":"2026-04-27T14:19:44","modified_gmt":"2026-04-27T12:19:44","slug":"tag-des-sieges-sankt-georgs-band-in-berlin-erneut-verboten","status":"publish","type":"post","link":"https:\/\/now-news.de\/de\/deutschland\/tag-des-sieges-sankt-georgs-band-in-berlin-erneut-verboten\/","title":{"rendered":"Tag des Sieges: Sankt-Georgs-Band in Berlin erneut verboten"},"content":{"rendered":"<p><img decoding=\"async\" src=\"https:\/\/now-news.de\/de\/wp-content\/uploads\/sites\/3\/2026\/04\/69ef3909b480cc0df204f0b8.jpg\" \/><\/p>\n<div class=\"Text-root Text-type_1 \">\n                \u201cSame procedure as last year?&#8221; \u2013\u00a0&#8220;Same procedure as every year!\u201c Auch dieses Jahr r\u00fccken die Beh\u00f6rden nicht von ihrer Politik ab, das Gedenken an den Sieg \u00fcber den Nationalsozialismus einzuschr\u00e4nken. Russische und sowjetische Symbole bleiben am 8. und 9. Mai untersagt.\n            <\/div>\n<p><\/p>\n<div class=\"Text-root Text-type_5 ArticleView-text ViewText-root \">\n<p>Man kennt es schon aus den Vorjahren: P\u00fcnktlich einige Tage vor den Maifeierlichkeiten anl\u00e4sslich des Sieges der Sowjetunion und ihrer Alliierten \u00fcber den Hitler-Faschismus erl\u00e4sst die Stadt Berlin eine Allgemeinverf\u00fcgung, die sich im Amtsblatt der deutschen Hauptstadt nachlesen l\u00e4sst. Seit 2023 ist es verboten, an den sowjetischen Ehrenmalen in Berlin sowjetische und russische Symbolik \u2013 beispielsweise entsprechende Flaggen oder das Sankt-Georgs-Band \u2013 zu zeigen. Dagegen waren 2023 nach einem Urteil des Berliner Verwaltungsgerichts ukrainische Flaggen erlaubt. Im Jahr 2022 hatte Berlin noch die Flaggen beider L\u00e4nder untersagt.<\/p>\n<p>Die im EU-Raum unter Zensur stehende russische Zeitschrift <em>Iswestija<\/em> wollte es genau wissen und erkundigte sich bei der Berliner Polizei, ob diese Ma\u00dfnahmen auch f\u00fcr die diesj\u00e4hrigen Gedenktage in Berlin erneuert w\u00fcrden. Dies bejahte die Pressestelle der Berliner Polizei gegen\u00fcber <em>Iswestija<\/em>. Demnach plant Berlin zum 8. und 9. Mai \u2013 Letzterer ist f\u00fcr Russland der eigentliche Feiertag, der Tag des Sieges \u2013 ein erneutes Verbot. Es wird also an diesen Tagen nicht erlaubt sein, sowjetische oder russische Symbole zu zeigen.<\/p>\n<p>Wo genau dieses Verbot jeglicher russischer oder sowjetischer Symbolik in Berlin gelten wird, steht noch nicht ganz fest. Die Berliner Polizei teilte <em>Iswestija<\/em> mit, die Planungen f\u00fcr dieses Jahr seien noch nicht vollst\u00e4ndig abgeschlossen. Angesichts der aktuellen Lage k\u00f6nne man jedoch davon ausgehen, dass dieselben Regeln wie jedes Jahr gelten. Auch Russlands Botschafter in Berlin, Sergei Netschajew wei\u00df noch von keinem Verbot f\u00fcr dieses Jahr, merkte jedoch gegen\u00fcber <em>Iswestija<\/em> an, dass das noch kommen k\u00f6nnte.<\/p>\n<p>Im Vorjahr betraf die Allgemeinverf\u00fcgung das Gebiet um die sowjetischen Ehrenmale in Tiergarten, Treptower Park und Sch\u00f6nholzer Heide. Damals war nicht nur das Tragen von Sankt-Georgs-B\u00e4ndern, russischen sowie sowjetischen Flaggen untersagt. Die Anordnung der Stadt Berlin ging bis ins Detail und verwehrte den Besuchern der Denkm\u00e4ler auch das Zeigen der V- und Z-Symbole, milit\u00e4rischer Uniformen und Abzeichen sowie der Flaggen Wei\u00dfrusslands, der Volksrepubliken Lugansk und Donezk und Tschetscheniens. Ebenso unterband die Berliner Polizei das Mitf\u00fchren von Portr\u00e4ts der Pr\u00e4sidenten Putin und Lukaschenko sowie das Bild von Ramsan Kadyrow, des Pr\u00e4sidenten der russischen Teilrepublik Tschetschenien.<\/p>\n<p>Berlin untersagte damals auch das Abspielen und Singen russischer beziehungsweise sowjetischer Marsch- und Milit\u00e4rlieder, darunter das beliebte und auch im Westen bekannte Lied &#8220;Katjuscha&#8221;. Auch andere Bekundungen, die als Unterst\u00fctzung Russlands im Ukraine-Krieg h\u00e4tten gewertet werden k\u00f6nnen, verbot die Stadt: Etwa die Darstellungen der Krim und des Donbass als russische Gebiete. Verst\u00f6\u00dfe behandelten die Ordnungskr\u00e4fte als Ordnungswidrigkeiten. Von den Verboten teilweise ausgenommen waren Diplomaten und Weltkriegsveteranen.<\/p>\n<p>Die Berliner Beh\u00f6rden begr\u00fcndeten diese Einschr\u00e4nkungen mit dem Schutz der \u00f6ffentlichen Sicherheit. Man wolle Auseinandersetzungen zwischen pro-russischen und pro-ukrainischen Gruppen verhindern. Deshalb das Verbot von Symbolen, die polarisierend wirken k\u00f6nnten. Es gelte, eine Vereinnahmung des Weltkriegsgedenkens f\u00fcr gegenw\u00e4rtige Konflikte zu verhindern.<\/p>\n<p>Russland dagegen verurteilt regelm\u00e4\u00dfig das deutsche Vorgehen. Die inkriminierten Symbole seien untrennbar mit dem Tag des Sieges und der Befreiung Deutschlands und Europas vom Nationalsozialismus verbunden, hie\u00df es in einer Stellungnahme der Botschaft der Russischen F\u00f6deration aus dem Jahr 2025. Die Botschaft kritisierte die Einschr\u00e4nkung des Gedenkens scharf und verwies auf die 27 Millionen Sowjetb\u00fcrger, die dem deutschen Nationalsozialismus und seinen Verb\u00fcndeten zum Opfer gefallen waren.<\/p>\n<p>Die Mahnung hat nicht gefruchtet. Der Erinnerungskrieg geht weiter, wie sich nicht zuletzt am Fortdauern des &#8220;Baerbock-Erlasses&#8221; unter Schwarz-Rot zeigt. Russische Diplomaten bleiben so weiterhin vom offiziellen Gedenken ausgeschlossen.<\/p>\n<p><strong>Mehr zum Thema &#8211;<\/strong>\u00a0<a rel=\"nofollow noopener\" target=\"_blank\" href=\"https:\/\/freedert.online\/inland\/277066-kz-buchenwald-versuchte-russische-delegation-kranzniederlegung-behindern\/\">KZ-Gedenkst\u00e4tte Buchenwald: Russische Delegation bei Kranzniederlegung behindert<\/a><\/p>\n<div class=\"EmbedBlock-root EmbedBlock-externalVideo EmbedBlock-rumble\">\n<div class=\"VkEmbed\"><iframe class=\"lazyload\" data-src=\"https:\/\/rumble.com\/embed\/v6qz5wd\" frameborder=\"0\" width=\"853\" height=\"480\" allowfullscreen><\/iframe><\/div>\n<\/div>\n<\/div>\n<p><br \/>\n<br \/><a href=\"https:\/\/de.rt.com\/inland\/278333-tag-sieges-sankt-georgs-band-in-berlin-erneut-verboten\/\">Source link <\/a><\/p>\n","protected":false},"excerpt":{"rendered":"<p>\u201cSame procedure as last year?&#8221; \u2013\u00a0&#8220;Same procedure as every year!\u201c Auch dieses Jahr r\u00fccken die Beh\u00f6rden nicht von ihrer Politik ab, das Gedenken an den Sieg \u00fcber den Nationalsozialismus einzuschr\u00e4nken. Russische und sowjetische Symbole bleiben am 8. und 9. Mai untersagt. Man kennt es schon aus den Vorjahren: P\u00fcnktlich einige Tage vor den Maifeierlichkeiten anl\u00e4sslich [&hellip;]<\/p>\n","protected":false},"author":3,"featured_media":102375,"comment_status":"open","ping_status":"open","sticky":false,"template":"","format":"standard","meta":{"_yoast_indexnow_last_ping":["1777292550"],"wp_automatic_camp":["217"],"60883bfe58ae7a19e9ab584307d78363":["Tag des Sieges: Sankt-Georgs-Band in Berlin erneut verboten"],"original_link":["https:\/\/de.rt.com\/inland\/278333-tag-sieges-sankt-georgs-band-in-berlin-erneut-verboten\/"],"_thumbnail_id":["102375"],"jnews_social_counter_last_update":["1777393914"],"_wptgpro_p2tg_sent2tg":["a:1:{i:23737;s:19:\"2026-04-27 14:23:29\";}"]},"categories":[19,23],"tags":[943,583,781,72661,19276,7552,27756],"yoast_head":"<!-- This site is optimized with the Yoast SEO Premium plugin v22.7 (Yoast SEO v22.7) - https:\/\/yoast.com\/wordpress\/plugins\/seo\/ -->\n<title>Tag des Sieges: Sankt-Georgs-Band in Berlin erneut verboten - just-now.NEWS Deutschland<\/title>\n<meta name=\"robots\" content=\"index, follow, max-snippet:-1, max-image-preview:large, max-video-preview:-1\" \/>\n<link rel=\"canonical\" href=\"https:\/\/now-news.de\/de\/deutschland\/tag-des-sieges-sankt-georgs-band-in-berlin-erneut-verboten\/\" \/>\n<meta property=\"og:locale\" content=\"de_DE\" \/>\n<meta property=\"og:type\" content=\"article\" \/>\n<meta property=\"og:title\" content=\"Tag des Sieges: Sankt-Georgs-Band in Berlin erneut verboten\" \/>\n<meta property=\"og:description\" content=\"\u201cSame procedure as last year?&#8221; \u2013\u00a0&#8220;Same procedure as every year!\u201c Auch dieses Jahr r\u00fccken die Beh\u00f6rden nicht von ihrer Politik ab, das Gedenken an den Sieg \u00fcber den Nationalsozialismus einzuschr\u00e4nken. Russische und sowjetische Symbole bleiben am 8. und 9. Mai untersagt. Man kennt es schon aus den Vorjahren: P\u00fcnktlich einige Tage vor den Maifeierlichkeiten anl\u00e4sslich [&hellip;]\" \/>\n<meta property=\"og:url\" content=\"https:\/\/now-news.de\/de\/deutschland\/tag-des-sieges-sankt-georgs-band-in-berlin-erneut-verboten\/\" \/>\n<meta property=\"og:site_name\" content=\"just-now.NEWS Deutschland\" \/>\n<meta property=\"article:publisher\" content=\"https:\/\/www.facebook.com\/wirmachenauf\" \/>\n<meta property=\"article:published_time\" content=\"2026-04-27T12:19:44+00:00\" \/>\n<meta property=\"og:image\" content=\"https:\/\/now-news.de\/de\/wp-content\/uploads\/sites\/3\/2026\/04\/69ef3909b480cc0df204f0b8.jpg\" \/>\n<meta name=\"author\" content=\"rtnews\" \/>\n<meta name=\"twitter:card\" content=\"summary_large_image\" \/>\n<meta name=\"twitter:creator\" content=\"@WirMachenAuf_de\" \/>\n<meta name=\"twitter:site\" content=\"@WirMachenAuf_de\" \/>\n<meta name=\"twitter:label1\" content=\"Verfasst von\" \/>\n\t<meta name=\"twitter:data1\" content=\"rtnews\" \/>\n\t<meta name=\"twitter:label2\" content=\"Gesch\u00e4tzte Lesezeit\" \/>\n\t<meta name=\"twitter:data2\" content=\"3\u00a0Minuten\" \/>\n<script type=\"application\/ld+json\" class=\"yoast-schema-graph\">{\"@context\":\"https:\/\/schema.org\",\"@graph\":[{\"@type\":\"Article\",\"@id\":\"https:\/\/now-news.de\/de\/deutschland\/tag-des-sieges-sankt-georgs-band-in-berlin-erneut-verboten\/#article\",\"isPartOf\":{\"@id\":\"https:\/\/now-news.de\/de\/deutschland\/tag-des-sieges-sankt-georgs-band-in-berlin-erneut-verboten\/\"},\"author\":{\"name\":\"rtnews\",\"@id\":\"https:\/\/now-news.de\/de\/#\/schema\/person\/fb534a4e865501d8b3285208df34a9b5\"},\"headline\":\"Tag des Sieges: Sankt-Georgs-Band in Berlin erneut verboten\",\"datePublished\":\"2026-04-27T12:19:44+00:00\",\"dateModified\":\"2026-04-27T12:19:44+00:00\",\"mainEntityOfPage\":{\"@id\":\"https:\/\/now-news.de\/de\/deutschland\/tag-des-sieges-sankt-georgs-band-in-berlin-erneut-verboten\/\"},\"wordCount\":637,\"commentCount\":0,\"publisher\":{\"@id\":\"https:\/\/now-news.de\/de\/#organization\"},\"image\":{\"@id\":\"https:\/\/now-news.de\/de\/deutschland\/tag-des-sieges-sankt-georgs-band-in-berlin-erneut-verboten\/#primaryimage\"},\"thumbnailUrl\":\"https:\/\/now-news.de\/de\/wp-content\/uploads\/sites\/3\/Tag-des-Sieges-Sankt-Georgs-Band-in-Berlin-erneut-verboten.jpg\",\"keywords\":[\"Berlin\",\"des\",\"erneut\",\"SanktGeorgsBand\",\"Sieges\",\"Tag\",\"verboten\"],\"articleSection\":[\"Deutschland\",\"Russland\"],\"inLanguage\":\"de\",\"potentialAction\":[{\"@type\":\"CommentAction\",\"name\":\"Comment\",\"target\":[\"https:\/\/now-news.de\/de\/deutschland\/tag-des-sieges-sankt-georgs-band-in-berlin-erneut-verboten\/#respond\"]}]},{\"@type\":\"WebPage\",\"@id\":\"https:\/\/now-news.de\/de\/deutschland\/tag-des-sieges-sankt-georgs-band-in-berlin-erneut-verboten\/\",\"url\":\"https:\/\/now-news.de\/de\/deutschland\/tag-des-sieges-sankt-georgs-band-in-berlin-erneut-verboten\/\",\"name\":\"Tag des Sieges: Sankt-Georgs-Band in Berlin erneut verboten - just-now.NEWS Deutschland\",\"isPartOf\":{\"@id\":\"https:\/\/now-news.de\/de\/#website\"},\"primaryImageOfPage\":{\"@id\":\"https:\/\/now-news.de\/de\/deutschland\/tag-des-sieges-sankt-georgs-band-in-berlin-erneut-verboten\/#primaryimage\"},\"image\":{\"@id\":\"https:\/\/now-news.de\/de\/deutschland\/tag-des-sieges-sankt-georgs-band-in-berlin-erneut-verboten\/#primaryimage\"},\"thumbnailUrl\":\"https:\/\/now-news.de\/de\/wp-content\/uploads\/sites\/3\/Tag-des-Sieges-Sankt-Georgs-Band-in-Berlin-erneut-verboten.jpg\",\"datePublished\":\"2026-04-27T12:19:44+00:00\",\"dateModified\":\"2026-04-27T12:19:44+00:00\",\"breadcrumb\":{\"@id\":\"https:\/\/now-news.de\/de\/deutschland\/tag-des-sieges-sankt-georgs-band-in-berlin-erneut-verboten\/#breadcrumb\"},\"inLanguage\":\"de\",\"potentialAction\":[{\"@type\":\"ReadAction\",\"target\":[\"https:\/\/now-news.de\/de\/deutschland\/tag-des-sieges-sankt-georgs-band-in-berlin-erneut-verboten\/\"]}]},{\"@type\":\"ImageObject\",\"inLanguage\":\"de\",\"@id\":\"https:\/\/now-news.de\/de\/deutschland\/tag-des-sieges-sankt-georgs-band-in-berlin-erneut-verboten\/#primaryimage\",\"url\":\"https:\/\/now-news.de\/de\/wp-content\/uploads\/sites\/3\/Tag-des-Sieges-Sankt-Georgs-Band-in-Berlin-erneut-verboten.jpg\",\"contentUrl\":\"https:\/\/now-news.de\/de\/wp-content\/uploads\/sites\/3\/Tag-des-Sieges-Sankt-Georgs-Band-in-Berlin-erneut-verboten.jpg\",\"caption\":\"Tag des Sieges: Sankt-Georgs-Band in Berlin erneut verboten\"},{\"@type\":\"BreadcrumbList\",\"@id\":\"https:\/\/now-news.de\/de\/deutschland\/tag-des-sieges-sankt-georgs-band-in-berlin-erneut-verboten\/#breadcrumb\",\"itemListElement\":[{\"@type\":\"ListItem\",\"position\":1,\"name\":\"Home\",\"item\":\"https:\/\/now-news.de\/de\/\"},{\"@type\":\"ListItem\",\"position\":2,\"name\":\"Tag des Sieges: Sankt-Georgs-Band in Berlin erneut verboten\"}]},{\"@type\":\"WebSite\",\"@id\":\"https:\/\/now-news.de\/de\/#website\",\"url\":\"https:\/\/now-news.de\/de\/\",\"name\":\"just-now.NEWS Deutschland\",\"description\":\"Das Portal f\u00fcr unzensierte Nachrichten aus der Welt\",\"publisher\":{\"@id\":\"https:\/\/now-news.de\/de\/#organization\"},\"potentialAction\":[{\"@type\":\"SearchAction\",\"target\":{\"@type\":\"EntryPoint\",\"urlTemplate\":\"https:\/\/now-news.de\/de\/?s={search_term_string}\"},\"query-input\":\"required name=search_term_string\"}],\"inLanguage\":\"de\"},{\"@type\":\"Organization\",\"@id\":\"https:\/\/now-news.de\/de\/#organization\",\"name\":\"Just Now News\",\"url\":\"https:\/\/now-news.de\/de\/\",\"logo\":{\"@type\":\"ImageObject\",\"inLanguage\":\"de\",\"@id\":\"https:\/\/now-news.de\/de\/#\/schema\/logo\/image\/\",\"url\":\"http:\/\/just-now.news\/de\/wp-content\/uploads\/sites\/3\/2022\/04\/logo500x500.jpg\",\"contentUrl\":\"http:\/\/just-now.news\/de\/wp-content\/uploads\/sites\/3\/2022\/04\/logo500x500.jpg\",\"width\":500,\"height\":500,\"caption\":\"Just Now News\"},\"image\":{\"@id\":\"https:\/\/now-news.de\/de\/#\/schema\/logo\/image\/\"},\"sameAs\":[\"https:\/\/www.facebook.com\/wirmachenauf\",\"https:\/\/x.com\/WirMachenAuf_de\"]},{\"@type\":\"Person\",\"@id\":\"https:\/\/now-news.de\/de\/#\/schema\/person\/fb534a4e865501d8b3285208df34a9b5\",\"name\":\"rtnews\",\"image\":{\"@type\":\"ImageObject\",\"inLanguage\":\"de\",\"@id\":\"https:\/\/now-news.de\/de\/#\/schema\/person\/image\/\",\"url\":\"https:\/\/secure.gravatar.com\/avatar\/82aafea7d8127119dd649515f56e2117?s=96&d=mm&r=g\",\"contentUrl\":\"https:\/\/secure.gravatar.com\/avatar\/82aafea7d8127119dd649515f56e2117?s=96&d=mm&r=g\",\"caption\":\"rtnews\"},\"url\":\"https:\/\/now-news.de\/de\/author\/rnews\/\"}]}<\/script>\n<!-- \/ Yoast SEO Premium plugin. -->","yoast_head_json":{"title":"Tag des Sieges: Sankt-Georgs-Band in Berlin erneut verboten - just-now.NEWS Deutschland","robots":{"index":"index","follow":"follow","max-snippet":"max-snippet:-1","max-image-preview":"max-image-preview:large","max-video-preview":"max-video-preview:-1"},"canonical":"https:\/\/now-news.de\/de\/deutschland\/tag-des-sieges-sankt-georgs-band-in-berlin-erneut-verboten\/","og_locale":"de_DE","og_type":"article","og_title":"Tag des Sieges: Sankt-Georgs-Band in Berlin erneut verboten","og_description":"\u201cSame procedure as last year?&#8221; \u2013\u00a0&#8220;Same procedure as every year!\u201c Auch dieses Jahr r\u00fccken die Beh\u00f6rden nicht von ihrer Politik ab, das Gedenken an den Sieg \u00fcber den Nationalsozialismus einzuschr\u00e4nken. Russische und sowjetische Symbole bleiben am 8. und 9. Mai untersagt. Man kennt es schon aus den Vorjahren: P\u00fcnktlich einige Tage vor den Maifeierlichkeiten anl\u00e4sslich [&hellip;]","og_url":"https:\/\/now-news.de\/de\/deutschland\/tag-des-sieges-sankt-georgs-band-in-berlin-erneut-verboten\/","og_site_name":"just-now.NEWS Deutschland","article_publisher":"https:\/\/www.facebook.com\/wirmachenauf","article_published_time":"2026-04-27T12:19:44+00:00","og_image":[{"url":"https:\/\/now-news.de\/de\/wp-content\/uploads\/sites\/3\/2026\/04\/69ef3909b480cc0df204f0b8.jpg"}],"author":"rtnews","twitter_card":"summary_large_image","twitter_creator":"@WirMachenAuf_de","twitter_site":"@WirMachenAuf_de","twitter_misc":{"Verfasst von":"rtnews","Gesch\u00e4tzte Lesezeit":"3\u00a0Minuten"},"schema":{"@context":"https:\/\/schema.org","@graph":[{"@type":"Article","@id":"https:\/\/now-news.de\/de\/deutschland\/tag-des-sieges-sankt-georgs-band-in-berlin-erneut-verboten\/#article","isPartOf":{"@id":"https:\/\/now-news.de\/de\/deutschland\/tag-des-sieges-sankt-georgs-band-in-berlin-erneut-verboten\/"},"author":{"name":"rtnews","@id":"https:\/\/now-news.de\/de\/#\/schema\/person\/fb534a4e865501d8b3285208df34a9b5"},"headline":"Tag des Sieges: Sankt-Georgs-Band in Berlin erneut verboten","datePublished":"2026-04-27T12:19:44+00:00","dateModified":"2026-04-27T12:19:44+00:00","mainEntityOfPage":{"@id":"https:\/\/now-news.de\/de\/deutschland\/tag-des-sieges-sankt-georgs-band-in-berlin-erneut-verboten\/"},"wordCount":637,"commentCount":0,"publisher":{"@id":"https:\/\/now-news.de\/de\/#organization"},"image":{"@id":"https:\/\/now-news.de\/de\/deutschland\/tag-des-sieges-sankt-georgs-band-in-berlin-erneut-verboten\/#primaryimage"},"thumbnailUrl":"https:\/\/now-news.de\/de\/wp-content\/uploads\/sites\/3\/Tag-des-Sieges-Sankt-Georgs-Band-in-Berlin-erneut-verboten.jpg","keywords":["Berlin","des","erneut","SanktGeorgsBand","Sieges","Tag","verboten"],"articleSection":["Deutschland","Russland"],"inLanguage":"de","potentialAction":[{"@type":"CommentAction","name":"Comment","target":["https:\/\/now-news.de\/de\/deutschland\/tag-des-sieges-sankt-georgs-band-in-berlin-erneut-verboten\/#respond"]}]},{"@type":"WebPage","@id":"https:\/\/now-news.de\/de\/deutschland\/tag-des-sieges-sankt-georgs-band-in-berlin-erneut-verboten\/","url":"https:\/\/now-news.de\/de\/deutschland\/tag-des-sieges-sankt-georgs-band-in-berlin-erneut-verboten\/","name":"Tag des Sieges: Sankt-Georgs-Band in Berlin erneut verboten - just-now.NEWS Deutschland","isPartOf":{"@id":"https:\/\/now-news.de\/de\/#website"},"primaryImageOfPage":{"@id":"https:\/\/now-news.de\/de\/deutschland\/tag-des-sieges-sankt-georgs-band-in-berlin-erneut-verboten\/#primaryimage"},"image":{"@id":"https:\/\/now-news.de\/de\/deutschland\/tag-des-sieges-sankt-georgs-band-in-berlin-erneut-verboten\/#primaryimage"},"thumbnailUrl":"https:\/\/now-news.de\/de\/wp-content\/uploads\/sites\/3\/Tag-des-Sieges-Sankt-Georgs-Band-in-Berlin-erneut-verboten.jpg","datePublished":"2026-04-27T12:19:44+00:00","dateModified":"2026-04-27T12:19:44+00:00","breadcrumb":{"@id":"https:\/\/now-news.de\/de\/deutschland\/tag-des-sieges-sankt-georgs-band-in-berlin-erneut-verboten\/#breadcrumb"},"inLanguage":"de","potentialAction":[{"@type":"ReadAction","target":["https:\/\/now-news.de\/de\/deutschland\/tag-des-sieges-sankt-georgs-band-in-berlin-erneut-verboten\/"]}]},{"@type":"ImageObject","inLanguage":"de","@id":"https:\/\/now-news.de\/de\/deutschland\/tag-des-sieges-sankt-georgs-band-in-berlin-erneut-verboten\/#primaryimage","url":"https:\/\/now-news.de\/de\/wp-content\/uploads\/sites\/3\/Tag-des-Sieges-Sankt-Georgs-Band-in-Berlin-erneut-verboten.jpg","contentUrl":"https:\/\/now-news.de\/de\/wp-content\/uploads\/sites\/3\/Tag-des-Sieges-Sankt-Georgs-Band-in-Berlin-erneut-verboten.jpg","caption":"Tag des Sieges: Sankt-Georgs-Band in Berlin erneut verboten"},{"@type":"BreadcrumbList","@id":"https:\/\/now-news.de\/de\/deutschland\/tag-des-sieges-sankt-georgs-band-in-berlin-erneut-verboten\/#breadcrumb","itemListElement":[{"@type":"ListItem","position":1,"name":"Home","item":"https:\/\/now-news.de\/de\/"},{"@type":"ListItem","position":2,"name":"Tag des Sieges: Sankt-Georgs-Band in Berlin erneut verboten"}]},{"@type":"WebSite","@id":"https:\/\/now-news.de\/de\/#website","url":"https:\/\/now-news.de\/de\/","name":"just-now.NEWS Deutschland","description":"Das Portal f\u00fcr unzensierte Nachrichten aus der Welt","publisher":{"@id":"https:\/\/now-news.de\/de\/#organization"},"potentialAction":[{"@type":"SearchAction","target":{"@type":"EntryPoint","urlTemplate":"https:\/\/now-news.de\/de\/?s={search_term_string}"},"query-input":"required name=search_term_string"}],"inLanguage":"de"},{"@type":"Organization","@id":"https:\/\/now-news.de\/de\/#organization","name":"Just Now News","url":"https:\/\/now-news.de\/de\/","logo":{"@type":"ImageObject","inLanguage":"de","@id":"https:\/\/now-news.de\/de\/#\/schema\/logo\/image\/","url":"http:\/\/just-now.news\/de\/wp-content\/uploads\/sites\/3\/2022\/04\/logo500x500.jpg","contentUrl":"http:\/\/just-now.news\/de\/wp-content\/uploads\/sites\/3\/2022\/04\/logo500x500.jpg","width":500,"height":500,"caption":"Just Now News"},"image":{"@id":"https:\/\/now-news.de\/de\/#\/schema\/logo\/image\/"},"sameAs":["https:\/\/www.facebook.com\/wirmachenauf","https:\/\/x.com\/WirMachenAuf_de"]},{"@type":"Person","@id":"https:\/\/now-news.de\/de\/#\/schema\/person\/fb534a4e865501d8b3285208df34a9b5","name":"rtnews","image":{"@type":"ImageObject","inLanguage":"de","@id":"https:\/\/now-news.de\/de\/#\/schema\/person\/image\/","url":"https:\/\/secure.gravatar.com\/avatar\/82aafea7d8127119dd649515f56e2117?s=96&d=mm&r=g","contentUrl":"https:\/\/secure.gravatar.com\/avatar\/82aafea7d8127119dd649515f56e2117?s=96&d=mm&r=g","caption":"rtnews"},"url":"https:\/\/now-news.de\/de\/author\/rnews\/"}]}},"_links":{"self":[{"href":"https:\/\/now-news.de\/de\/wp-json\/wp\/v2\/posts\/102374"}],"collection":[{"href":"https:\/\/now-news.de\/de\/wp-json\/wp\/v2\/posts"}],"about":[{"href":"https:\/\/now-news.de\/de\/wp-json\/wp\/v2\/types\/post"}],"author":[{"embeddable":true,"href":"https:\/\/now-news.de\/de\/wp-json\/wp\/v2\/users\/3"}],"replies":[{"embeddable":true,"href":"https:\/\/now-news.de\/de\/wp-json\/wp\/v2\/comments?post=102374"}],"version-history":[{"count":0,"href":"https:\/\/now-news.de\/de\/wp-json\/wp\/v2\/posts\/102374\/revisions"}],"wp:featuredmedia":[{"embeddable":true,"href":"https:\/\/now-news.de\/de\/wp-json\/wp\/v2\/media\/102375"}],"wp:attachment":[{"href":"https:\/\/now-news.de\/de\/wp-json\/wp\/v2\/media?parent=102374"}],"wp:term":[{"taxonomy":"category","embeddable":true,"href":"https:\/\/now-news.de\/de\/wp-json\/wp\/v2\/categories?post=102374"},{"taxonomy":"post_tag","embeddable":true,"href":"https:\/\/now-news.de\/de\/wp-json\/wp\/v2\/tags?post=102374"}],"curies":[{"name":"wp","href":"https:\/\/api.w.org\/{rel}","templated":true}]}}