{"id":102370,"date":"2026-04-27T12:37:35","date_gmt":"2026-04-27T10:37:35","guid":{"rendered":"https:\/\/now-news.de\/de\/deutschland\/weisser-weckruf-moskau-startet-verschneit-in-den-tag\/"},"modified":"2026-04-27T12:37:35","modified_gmt":"2026-04-27T10:37:35","slug":"weisser-weckruf-moskau-startet-verschneit-in-den-tag","status":"publish","type":"post","link":"https:\/\/now-news.de\/de\/deutschland\/weisser-weckruf-moskau-startet-verschneit-in-den-tag\/","title":{"rendered":"Wei\u00dfer Weckruf: Moskau startet verschneit in den Tag"},"content":{"rendered":"<div class=\"Text-root Text-type_1 \">\n                Wer Gro\u00dfst\u00e4dte liebt und von Schnee nicht genug bekommen kann, dem sei das heutige Moskau ans Herz gelegt \u2013 doch so sch\u00f6n der winterliche Flashback auch anzusehen ist: Der Schneefall, der f\u00fcr diese Gegend abnormal sp\u00e4t kommt, gleicht f\u00fcr viele Menschen nahezu einer Katastrophe.\n            <\/div>\n<p><\/p>\n<div class=\"Text-root Text-type_5 ArticleView-text ViewText-root \">\n<p>Moskauer, denen der vergangene (hust&#8230; nun ja) Winter nicht lang und schneereich genug gewesen ist \u2013 auch solche mag es vielleicht geben, die meisten von ihnen wohl Kinder \u2013 d\u00fcrften sich gefreut haben, als sie am Morgen des 86. Februar, oh, Verzeihung, des 27. April 2026 aus den Fenstern blickten: Schnee, soweit das Auge reicht, bedeckte die Stra\u00dfen und Fl\u00e4chen, die bereits gr\u00fcnen Laub tragenden B\u00fcsche und B\u00e4ume, die Geb\u00e4ude und Fahrzeuge.<\/p>\n<figure class=\"RTImage-root\">\n<div class=\"RTImage-image RTImage-original\"><picture class=\"Picture-root Picture-original\"><!--[if IE 9]><video style=\"display: none;\"><![endif]--><source media=\"(-webkit-min-device-pixel-ratio: 2) and (min-resolution: 120dpi)\" data-srcset=\" \nhttps:\/\/now-news.de\/de\/wp-content\/uploads\/sites\/3\/2026\/04\/69ef277db480cc0fc05d0c63.png 850w,\n                https:\/\/now-news.de\/de\/wp-content\/uploads\/sites\/3\/2026\/04\/69ef277db480cc0fc05d0c63.png 1960w,            \" ><source data-srcset=\" \nhttps:\/\/now-news.de\/de\/wp-content\/uploads\/sites\/3\/2026\/04\/69ef277db480cc0fc05d0c63.png 460w,\n              https:\/\/now-news.de\/de\/wp-content\/uploads\/sites\/3\/2026\/04\/69ef277db480cc0fc05d0c63.png 980w,\n            \" ><!--[if IE 9]><\/video><![endif]--><img decoding=\"async\" data- src=\"data:image\/png;base64,iVBORw0KGgoAAAANSUhEUgAAABAAAAAJCAQAAACRI2S5AAAAEElEQVR42mNkIAAYRxWAAQAG9gAKqv6+AwAAAABJRU5ErkJggg==\" class=\"Picture-root Picture-original lazyload\" data-src=\"https:\/\/now-news.de\/de\/wp-content\/uploads\/sites\/3\/2026\/04\/69ef277db480cc0fc05d0c63.png\" alt=\"\"><\/source><\/source><\/picture><!-- noscript pattern --><noscript><img decoding=\"async\" src=\"https:\/\/now-news.de\/de\/wp-content\/uploads\/sites\/3\/2026\/04\/69ef277db480cc0fc05d0c63.png\" alt=\"\"><\/noscript><\/div><figcaption class=\"RTImage-footer\"><span class=\"RTImage-caption\"><span class=\"RTImage-captionItem\">So schwer Wetteranomalien f\u00fcr die Menschen auch sein m\u00f6gen, sch\u00f6n anzusehen ist so ein Schneefall im Fr\u00fchling allemal. Da kann man sagen, was man will. Moskau, 27. April 2026.<\/span><\/span><span class=\"RTImage-source\"><span class=\"RTImage-captionItem\">Soziale Medien<\/span><\/span><\/figcaption><\/figure>\n<p>F\u00fcr alle anderen jedoch ist dieser unverhoffte wei\u00dfe Landschaftsschmuck eine Anomalie an der Grenze zur Katastrophe: Innerhalb der letzten 24 Stunden fiel etwa die H\u00e4lfte der monatlichen Niederschlagsnorm, w\u00e4hrend die durchschnittliche H\u00f6he der Schneedecke in Moskau und Umgebung um Viertel nach zehn Uhr morgens \u00f6rtlicher Zeit zw\u00f6lf Zentimeter betrug. Womit der\u00a0vor 55 Jahren verzeichnete Rekord von 10 Zentimetern gebrochen\u00a0wurde \u2013 und Meteorologen verk\u00fcndeten erst die Unwetter-Gefahrstufe Gelb, dann Orange. Diese Einstufung hat allerdings nicht nur den Schnee zum Grund, sondern auch den gleichzeitig einsetzenden starken Wind mit B\u00f6en von bis zu 23 Metern pro Sekunde in Moskau und bis zu 25 Metern pro Sekunde im Umland.<br \/><strong><\/strong><\/p>\n<p>Denn die Verbindung von nassem, schweren Schnee und starkem, b\u00f6igen Wind bricht auch dicke Baumzweige und teils sogar ganze B\u00e4ume, die bei ihrem Fall zu Boden eine Gefahr f\u00fcr Leib und Leben f\u00fcr Passanten ebenso wie f\u00fcr Fahrzeuge darstellen und die Geh- und Fahrwege blockieren. Zudem rei\u00dfen Stromleitungen unter dem hohen Gewicht des klebrigen Schnees \u2013 weswegen Dutzende Ortschaften in Moskaus Umgebung ohne Strom und in der Zwischensaison mit Strom beheizte Einrichtungen wie einige Kinderg\u00e4rten und Schulen auch ohne W\u00e4rme blieben. Der Gouverneur des Gebietes Moskau erkl\u00e4rte, alle zust\u00e4ndigen Not- und Kommunaldienste in den Intensiv-Arbeitsmodus versetzt zu haben und die Arbeit zur Wiederherstellung der Stromversorgung pers\u00f6nlich zu \u00fcberwachen.<\/p>\n<p>Moskauer Autofahrer, die auf ihr privates Fahrzeug verzichten konnten (oder mussten, wegen bereits aufgezogener Sommerreifen), zeigten sich denn auch so verantwortungsbewusst \u2013 doch damit wurden gleichzeitig die \u00f6ffentlichen Verkehrsmittel und die Taxidienste \u00fcberlastet. An einer der Linien der Moskauer U-Bahn wurde der Verkehr durch einen Baum, der auf einer \u00fcbertage verlaufenden Teilstrecke auf die Gleise fiel, kurzzeitig unterbrochen. Einige Fl\u00fcge am Moskauer Flughafen Wnukowo versp\u00e4ten sich; auch das Eisenbahnnetz beklagt Probleme nicht zuletzt aufgrund gerissener Stromleitungen. Dem massenhaften Verzicht auf private Fahrzeuge zum Trotz blieb der Automobilverkehr in der Millionenstadt dennoch intensiv \u2013 und es kam zu zahlreichen Verkehrsunf\u00e4llen aufgrund von Glatteis, oder aber auch einfach\u00a0wegen reichlich Schneematsch, und infolgedessen auch zu Staus. \u00dcber 180 Streufahrzeuge sind auf den Stra\u00dfen Moskaus und\u00a0im Umland\u00a0unterwegs.<\/p>\n<figure class=\"RTImage-root\">\n<div class=\"RTImage-image RTImage-original\"><picture class=\"Picture-root Picture-original\"><!--[if IE 9]><video style=\"display: none;\"><![endif]--><source media=\"(-webkit-min-device-pixel-ratio: 2) and (min-resolution: 120dpi)\" data-srcset=\" \nhttps:\/\/now-news.de\/de\/wp-content\/uploads\/sites\/3\/2026\/04\/69ef2916b480cc0fc05d0c66.png 850w,\n                https:\/\/now-news.de\/de\/wp-content\/uploads\/sites\/3\/2026\/04\/69ef2916b480cc0fc05d0c66.png 1960w,            \" ><source data-srcset=\" \nhttps:\/\/now-news.de\/de\/wp-content\/uploads\/sites\/3\/2026\/04\/69ef2916b480cc0fc05d0c66.png 460w,\n              https:\/\/now-news.de\/de\/wp-content\/uploads\/sites\/3\/2026\/04\/69ef2916b480cc0fc05d0c66.png 980w,\n            \" ><!--[if IE 9]><\/video><![endif]--><img decoding=\"async\" data- src=\"data:image\/png;base64,iVBORw0KGgoAAAANSUhEUgAAABAAAAAJCAQAAACRI2S5AAAAEElEQVR42mNkIAAYRxWAAQAG9gAKqv6+AwAAAABJRU5ErkJggg==\" class=\"Picture-root Picture-original lazyload\" data-src=\"https:\/\/now-news.de\/de\/wp-content\/uploads\/sites\/3\/2026\/04\/69ef2916b480cc0fc05d0c66.png\" alt=\"\"><\/source><\/source><\/picture><!-- noscript pattern --><noscript><img decoding=\"async\" src=\"https:\/\/now-news.de\/de\/wp-content\/uploads\/sites\/3\/2026\/04\/69ef2916b480cc0fc05d0c66.png\" alt=\"\"><\/noscript><\/div><figcaption class=\"RTImage-footer\"><span class=\"RTImage-caption\"><span class=\"RTImage-captionItem\">So sehen die Stra\u00dfen in Moskau und Umgebung infolge eines anomal sp\u00e4ten und heftigen Schneefalls aus. 27. April 2026.<\/span><\/span><span class=\"RTImage-source\"><a rel=\"nofollow noopener\" target=\"_blank\" class=\"RTImage-captionItem Link-root\" href=\"https:\/\/t.me\/MaksLifeOff\/48971\">Soziale Medien<\/a><\/span><\/figcaption><\/figure>\n<p>Meteorologen sagen f\u00fcr diesen und mindestens noch den folgenden Tag, eher aber auch f\u00fcr den Tag darauf, eine Lufttemperatur von zwei bis vier Grad Celsius und nassen Schneefall beziehungsweise Schneeregen in Moskau und Umgebung voraus.<\/p>\n<p>In der vergangenen Woche\u00a0war es in der russischen Stadt Nischni Nowgorod ebenfalls zu anomal sp\u00e4tem, heftigem Schneefall gekommen.<\/p>\n<p><strong>Mehr zum Thema &#8211;<\/strong>\u00a0<a rel=\"nofollow noopener\" target=\"_blank\" href=\"https:\/\/freedert.online\/inland\/271442-muenchner-zwangsuebernachtung-feuerwehr-haette-helfen-koennen\/\">M\u00fcnchner Zwangs\u00fcbernachtung: Feuerwehr h\u00e4tte helfen k\u00f6nnen<\/a><\/p>\n<div class=\"EmbedBlock-root EmbedBlock-externalVideo EmbedBlock-rumble\">\n<div class=\"VkEmbed\"><iframe class=\"lazyload\" data-src=\"https:\/\/rumble.com\/embed\/v76pp12\" frameborder=\"0\" width=\"853\" height=\"480\" allowfullscreen><\/iframe><\/div>\n<\/div>\n<\/div>\n<p><br \/>\n<br \/><a href=\"https:\/\/de.rt.com\/russland\/278321-sommer-ausgebrochen-moskauer-am-morgen-schnee-uberrascht\/\">Source link <\/a><\/p>\n","protected":false},"excerpt":{"rendered":"<p>Wer Gro\u00dfst\u00e4dte liebt und von Schnee nicht genug bekommen kann, dem sei das heutige Moskau ans Herz gelegt \u2013 doch so sch\u00f6n der winterliche Flashback auch anzusehen ist: Der Schneefall, der f\u00fcr diese Gegend abnormal sp\u00e4t kommt, gleicht f\u00fcr viele Menschen nahezu einer Katastrophe. Moskauer, denen der vergangene (hust&#8230; nun ja) Winter nicht lang und [&hellip;]<\/p>\n","protected":false},"author":3,"featured_media":102371,"comment_status":"open","ping_status":"open","sticky":false,"template":"","format":"standard","meta":{"_yoast_indexnow_last_ping":["1777289670"],"wp_automatic_camp":["217"],"ab7bf223a51e0ed0a7dd51b94a098966":["Wei\u00dfer Weckruf: Moskau startet verschneit in den Tag"],"original_link":["https:\/\/de.rt.com\/russland\/278321-sommer-ausgebrochen-moskauer-am-morgen-schnee-uberrascht\/"],"_thumbnail_id":["102371"],"jnews_social_counter_last_update":["1777393034"],"_wptgpro_p2tg_sent2tg":["a:1:{i:23737;s:19:\"2026-04-27 13:35:31\";}"]},"categories":[19,23],"tags":[48,946,1338,7552,72658,31037,23637],"yoast_head":"<!-- This site is optimized with the Yoast SEO Premium plugin v22.7 (Yoast SEO v22.7) - https:\/\/yoast.com\/wordpress\/plugins\/seo\/ -->\n<title>Wei\u00dfer Weckruf: Moskau startet verschneit in den Tag - just-now.NEWS Deutschland<\/title>\n<meta name=\"robots\" content=\"index, follow, max-snippet:-1, max-image-preview:large, max-video-preview:-1\" \/>\n<link rel=\"canonical\" href=\"https:\/\/now-news.de\/de\/deutschland\/weisser-weckruf-moskau-startet-verschneit-in-den-tag\/\" \/>\n<meta property=\"og:locale\" content=\"de_DE\" \/>\n<meta property=\"og:type\" content=\"article\" \/>\n<meta property=\"og:title\" content=\"Wei\u00dfer Weckruf: Moskau startet verschneit in den Tag\" \/>\n<meta property=\"og:description\" content=\"Wer Gro\u00dfst\u00e4dte liebt und von Schnee nicht genug bekommen kann, dem sei das heutige Moskau ans Herz gelegt \u2013 doch so sch\u00f6n der winterliche Flashback auch anzusehen ist: Der Schneefall, der f\u00fcr diese Gegend abnormal sp\u00e4t kommt, gleicht f\u00fcr viele Menschen nahezu einer Katastrophe. Moskauer, denen der vergangene (hust&#8230; nun ja) Winter nicht lang und [&hellip;]\" \/>\n<meta property=\"og:url\" content=\"https:\/\/now-news.de\/de\/deutschland\/weisser-weckruf-moskau-startet-verschneit-in-den-tag\/\" \/>\n<meta property=\"og:site_name\" content=\"just-now.NEWS Deutschland\" \/>\n<meta property=\"article:publisher\" content=\"https:\/\/www.facebook.com\/wirmachenauf\" \/>\n<meta property=\"article:published_time\" content=\"2026-04-27T10:37:35+00:00\" \/>\n<meta property=\"og:image\" content=\"https:\/\/now-news.de\/de\/wp-content\/uploads\/sites\/3\/2026\/04\/69ef277db480cc0fc05d0c63.png\" \/>\n<meta name=\"author\" content=\"rtnews\" \/>\n<meta name=\"twitter:card\" content=\"summary_large_image\" \/>\n<meta name=\"twitter:creator\" content=\"@WirMachenAuf_de\" \/>\n<meta name=\"twitter:site\" content=\"@WirMachenAuf_de\" \/>\n<meta name=\"twitter:label1\" content=\"Verfasst von\" \/>\n\t<meta name=\"twitter:data1\" content=\"rtnews\" \/>\n\t<meta name=\"twitter:label2\" content=\"Gesch\u00e4tzte Lesezeit\" \/>\n\t<meta name=\"twitter:data2\" content=\"3\u00a0Minuten\" \/>\n<script type=\"application\/ld+json\" class=\"yoast-schema-graph\">{\"@context\":\"https:\/\/schema.org\",\"@graph\":[{\"@type\":\"Article\",\"@id\":\"https:\/\/now-news.de\/de\/deutschland\/weisser-weckruf-moskau-startet-verschneit-in-den-tag\/#article\",\"isPartOf\":{\"@id\":\"https:\/\/now-news.de\/de\/deutschland\/weisser-weckruf-moskau-startet-verschneit-in-den-tag\/\"},\"author\":{\"name\":\"rtnews\",\"@id\":\"https:\/\/now-news.de\/de\/#\/schema\/person\/fb534a4e865501d8b3285208df34a9b5\"},\"headline\":\"Wei\u00dfer Weckruf: Moskau startet verschneit in den Tag\",\"datePublished\":\"2026-04-27T10:37:35+00:00\",\"dateModified\":\"2026-04-27T10:37:35+00:00\",\"mainEntityOfPage\":{\"@id\":\"https:\/\/now-news.de\/de\/deutschland\/weisser-weckruf-moskau-startet-verschneit-in-den-tag\/\"},\"wordCount\":615,\"commentCount\":0,\"publisher\":{\"@id\":\"https:\/\/now-news.de\/de\/#organization\"},\"image\":{\"@id\":\"https:\/\/now-news.de\/de\/deutschland\/weisser-weckruf-moskau-startet-verschneit-in-den-tag\/#primaryimage\"},\"thumbnailUrl\":\"https:\/\/now-news.de\/de\/wp-content\/uploads\/sites\/3\/Weisser-Weckruf-Moskau-startet-verschneit-in-den-Tag.png\",\"keywords\":[\"den\",\"Moskau\",\"startet\",\"Tag\",\"verschneit\",\"Weckruf\",\"wei\u00dfer\"],\"articleSection\":[\"Deutschland\",\"Russland\"],\"inLanguage\":\"de\",\"potentialAction\":[{\"@type\":\"CommentAction\",\"name\":\"Comment\",\"target\":[\"https:\/\/now-news.de\/de\/deutschland\/weisser-weckruf-moskau-startet-verschneit-in-den-tag\/#respond\"]}]},{\"@type\":\"WebPage\",\"@id\":\"https:\/\/now-news.de\/de\/deutschland\/weisser-weckruf-moskau-startet-verschneit-in-den-tag\/\",\"url\":\"https:\/\/now-news.de\/de\/deutschland\/weisser-weckruf-moskau-startet-verschneit-in-den-tag\/\",\"name\":\"Wei\u00dfer Weckruf: Moskau startet verschneit in den Tag - just-now.NEWS Deutschland\",\"isPartOf\":{\"@id\":\"https:\/\/now-news.de\/de\/#website\"},\"primaryImageOfPage\":{\"@id\":\"https:\/\/now-news.de\/de\/deutschland\/weisser-weckruf-moskau-startet-verschneit-in-den-tag\/#primaryimage\"},\"image\":{\"@id\":\"https:\/\/now-news.de\/de\/deutschland\/weisser-weckruf-moskau-startet-verschneit-in-den-tag\/#primaryimage\"},\"thumbnailUrl\":\"https:\/\/now-news.de\/de\/wp-content\/uploads\/sites\/3\/Weisser-Weckruf-Moskau-startet-verschneit-in-den-Tag.png\",\"datePublished\":\"2026-04-27T10:37:35+00:00\",\"dateModified\":\"2026-04-27T10:37:35+00:00\",\"breadcrumb\":{\"@id\":\"https:\/\/now-news.de\/de\/deutschland\/weisser-weckruf-moskau-startet-verschneit-in-den-tag\/#breadcrumb\"},\"inLanguage\":\"de\",\"potentialAction\":[{\"@type\":\"ReadAction\",\"target\":[\"https:\/\/now-news.de\/de\/deutschland\/weisser-weckruf-moskau-startet-verschneit-in-den-tag\/\"]}]},{\"@type\":\"ImageObject\",\"inLanguage\":\"de\",\"@id\":\"https:\/\/now-news.de\/de\/deutschland\/weisser-weckruf-moskau-startet-verschneit-in-den-tag\/#primaryimage\",\"url\":\"https:\/\/now-news.de\/de\/wp-content\/uploads\/sites\/3\/Weisser-Weckruf-Moskau-startet-verschneit-in-den-Tag.png\",\"contentUrl\":\"https:\/\/now-news.de\/de\/wp-content\/uploads\/sites\/3\/Weisser-Weckruf-Moskau-startet-verschneit-in-den-Tag.png\",\"caption\":\"Wei\u00dfer Weckruf: Moskau startet verschneit in den Tag\"},{\"@type\":\"BreadcrumbList\",\"@id\":\"https:\/\/now-news.de\/de\/deutschland\/weisser-weckruf-moskau-startet-verschneit-in-den-tag\/#breadcrumb\",\"itemListElement\":[{\"@type\":\"ListItem\",\"position\":1,\"name\":\"Home\",\"item\":\"https:\/\/now-news.de\/de\/\"},{\"@type\":\"ListItem\",\"position\":2,\"name\":\"Wei\u00dfer Weckruf: Moskau startet verschneit in den Tag\"}]},{\"@type\":\"WebSite\",\"@id\":\"https:\/\/now-news.de\/de\/#website\",\"url\":\"https:\/\/now-news.de\/de\/\",\"name\":\"just-now.NEWS Deutschland\",\"description\":\"Das Portal f\u00fcr unzensierte Nachrichten aus der Welt\",\"publisher\":{\"@id\":\"https:\/\/now-news.de\/de\/#organization\"},\"potentialAction\":[{\"@type\":\"SearchAction\",\"target\":{\"@type\":\"EntryPoint\",\"urlTemplate\":\"https:\/\/now-news.de\/de\/?s={search_term_string}\"},\"query-input\":\"required name=search_term_string\"}],\"inLanguage\":\"de\"},{\"@type\":\"Organization\",\"@id\":\"https:\/\/now-news.de\/de\/#organization\",\"name\":\"Just Now News\",\"url\":\"https:\/\/now-news.de\/de\/\",\"logo\":{\"@type\":\"ImageObject\",\"inLanguage\":\"de\",\"@id\":\"https:\/\/now-news.de\/de\/#\/schema\/logo\/image\/\",\"url\":\"http:\/\/just-now.news\/de\/wp-content\/uploads\/sites\/3\/2022\/04\/logo500x500.jpg\",\"contentUrl\":\"http:\/\/just-now.news\/de\/wp-content\/uploads\/sites\/3\/2022\/04\/logo500x500.jpg\",\"width\":500,\"height\":500,\"caption\":\"Just Now News\"},\"image\":{\"@id\":\"https:\/\/now-news.de\/de\/#\/schema\/logo\/image\/\"},\"sameAs\":[\"https:\/\/www.facebook.com\/wirmachenauf\",\"https:\/\/x.com\/WirMachenAuf_de\"]},{\"@type\":\"Person\",\"@id\":\"https:\/\/now-news.de\/de\/#\/schema\/person\/fb534a4e865501d8b3285208df34a9b5\",\"name\":\"rtnews\",\"image\":{\"@type\":\"ImageObject\",\"inLanguage\":\"de\",\"@id\":\"https:\/\/now-news.de\/de\/#\/schema\/person\/image\/\",\"url\":\"https:\/\/secure.gravatar.com\/avatar\/82aafea7d8127119dd649515f56e2117?s=96&d=mm&r=g\",\"contentUrl\":\"https:\/\/secure.gravatar.com\/avatar\/82aafea7d8127119dd649515f56e2117?s=96&d=mm&r=g\",\"caption\":\"rtnews\"},\"url\":\"https:\/\/now-news.de\/de\/author\/rnews\/\"}]}<\/script>\n<!-- \/ Yoast SEO Premium plugin. -->","yoast_head_json":{"title":"Wei\u00dfer Weckruf: Moskau startet verschneit in den Tag - just-now.NEWS Deutschland","robots":{"index":"index","follow":"follow","max-snippet":"max-snippet:-1","max-image-preview":"max-image-preview:large","max-video-preview":"max-video-preview:-1"},"canonical":"https:\/\/now-news.de\/de\/deutschland\/weisser-weckruf-moskau-startet-verschneit-in-den-tag\/","og_locale":"de_DE","og_type":"article","og_title":"Wei\u00dfer Weckruf: Moskau startet verschneit in den Tag","og_description":"Wer Gro\u00dfst\u00e4dte liebt und von Schnee nicht genug bekommen kann, dem sei das heutige Moskau ans Herz gelegt \u2013 doch so sch\u00f6n der winterliche Flashback auch anzusehen ist: Der Schneefall, der f\u00fcr diese Gegend abnormal sp\u00e4t kommt, gleicht f\u00fcr viele Menschen nahezu einer Katastrophe. Moskauer, denen der vergangene (hust&#8230; nun ja) Winter nicht lang und [&hellip;]","og_url":"https:\/\/now-news.de\/de\/deutschland\/weisser-weckruf-moskau-startet-verschneit-in-den-tag\/","og_site_name":"just-now.NEWS Deutschland","article_publisher":"https:\/\/www.facebook.com\/wirmachenauf","article_published_time":"2026-04-27T10:37:35+00:00","og_image":[{"url":"https:\/\/now-news.de\/de\/wp-content\/uploads\/sites\/3\/2026\/04\/69ef277db480cc0fc05d0c63.png"}],"author":"rtnews","twitter_card":"summary_large_image","twitter_creator":"@WirMachenAuf_de","twitter_site":"@WirMachenAuf_de","twitter_misc":{"Verfasst von":"rtnews","Gesch\u00e4tzte Lesezeit":"3\u00a0Minuten"},"schema":{"@context":"https:\/\/schema.org","@graph":[{"@type":"Article","@id":"https:\/\/now-news.de\/de\/deutschland\/weisser-weckruf-moskau-startet-verschneit-in-den-tag\/#article","isPartOf":{"@id":"https:\/\/now-news.de\/de\/deutschland\/weisser-weckruf-moskau-startet-verschneit-in-den-tag\/"},"author":{"name":"rtnews","@id":"https:\/\/now-news.de\/de\/#\/schema\/person\/fb534a4e865501d8b3285208df34a9b5"},"headline":"Wei\u00dfer Weckruf: Moskau startet verschneit in den Tag","datePublished":"2026-04-27T10:37:35+00:00","dateModified":"2026-04-27T10:37:35+00:00","mainEntityOfPage":{"@id":"https:\/\/now-news.de\/de\/deutschland\/weisser-weckruf-moskau-startet-verschneit-in-den-tag\/"},"wordCount":615,"commentCount":0,"publisher":{"@id":"https:\/\/now-news.de\/de\/#organization"},"image":{"@id":"https:\/\/now-news.de\/de\/deutschland\/weisser-weckruf-moskau-startet-verschneit-in-den-tag\/#primaryimage"},"thumbnailUrl":"https:\/\/now-news.de\/de\/wp-content\/uploads\/sites\/3\/Weisser-Weckruf-Moskau-startet-verschneit-in-den-Tag.png","keywords":["den","Moskau","startet","Tag","verschneit","Weckruf","wei\u00dfer"],"articleSection":["Deutschland","Russland"],"inLanguage":"de","potentialAction":[{"@type":"CommentAction","name":"Comment","target":["https:\/\/now-news.de\/de\/deutschland\/weisser-weckruf-moskau-startet-verschneit-in-den-tag\/#respond"]}]},{"@type":"WebPage","@id":"https:\/\/now-news.de\/de\/deutschland\/weisser-weckruf-moskau-startet-verschneit-in-den-tag\/","url":"https:\/\/now-news.de\/de\/deutschland\/weisser-weckruf-moskau-startet-verschneit-in-den-tag\/","name":"Wei\u00dfer Weckruf: Moskau startet verschneit in den Tag - just-now.NEWS Deutschland","isPartOf":{"@id":"https:\/\/now-news.de\/de\/#website"},"primaryImageOfPage":{"@id":"https:\/\/now-news.de\/de\/deutschland\/weisser-weckruf-moskau-startet-verschneit-in-den-tag\/#primaryimage"},"image":{"@id":"https:\/\/now-news.de\/de\/deutschland\/weisser-weckruf-moskau-startet-verschneit-in-den-tag\/#primaryimage"},"thumbnailUrl":"https:\/\/now-news.de\/de\/wp-content\/uploads\/sites\/3\/Weisser-Weckruf-Moskau-startet-verschneit-in-den-Tag.png","datePublished":"2026-04-27T10:37:35+00:00","dateModified":"2026-04-27T10:37:35+00:00","breadcrumb":{"@id":"https:\/\/now-news.de\/de\/deutschland\/weisser-weckruf-moskau-startet-verschneit-in-den-tag\/#breadcrumb"},"inLanguage":"de","potentialAction":[{"@type":"ReadAction","target":["https:\/\/now-news.de\/de\/deutschland\/weisser-weckruf-moskau-startet-verschneit-in-den-tag\/"]}]},{"@type":"ImageObject","inLanguage":"de","@id":"https:\/\/now-news.de\/de\/deutschland\/weisser-weckruf-moskau-startet-verschneit-in-den-tag\/#primaryimage","url":"https:\/\/now-news.de\/de\/wp-content\/uploads\/sites\/3\/Weisser-Weckruf-Moskau-startet-verschneit-in-den-Tag.png","contentUrl":"https:\/\/now-news.de\/de\/wp-content\/uploads\/sites\/3\/Weisser-Weckruf-Moskau-startet-verschneit-in-den-Tag.png","caption":"Wei\u00dfer Weckruf: Moskau startet verschneit in den Tag"},{"@type":"BreadcrumbList","@id":"https:\/\/now-news.de\/de\/deutschland\/weisser-weckruf-moskau-startet-verschneit-in-den-tag\/#breadcrumb","itemListElement":[{"@type":"ListItem","position":1,"name":"Home","item":"https:\/\/now-news.de\/de\/"},{"@type":"ListItem","position":2,"name":"Wei\u00dfer Weckruf: Moskau startet verschneit in den Tag"}]},{"@type":"WebSite","@id":"https:\/\/now-news.de\/de\/#website","url":"https:\/\/now-news.de\/de\/","name":"just-now.NEWS Deutschland","description":"Das Portal f\u00fcr unzensierte Nachrichten aus der Welt","publisher":{"@id":"https:\/\/now-news.de\/de\/#organization"},"potentialAction":[{"@type":"SearchAction","target":{"@type":"EntryPoint","urlTemplate":"https:\/\/now-news.de\/de\/?s={search_term_string}"},"query-input":"required name=search_term_string"}],"inLanguage":"de"},{"@type":"Organization","@id":"https:\/\/now-news.de\/de\/#organization","name":"Just Now News","url":"https:\/\/now-news.de\/de\/","logo":{"@type":"ImageObject","inLanguage":"de","@id":"https:\/\/now-news.de\/de\/#\/schema\/logo\/image\/","url":"http:\/\/just-now.news\/de\/wp-content\/uploads\/sites\/3\/2022\/04\/logo500x500.jpg","contentUrl":"http:\/\/just-now.news\/de\/wp-content\/uploads\/sites\/3\/2022\/04\/logo500x500.jpg","width":500,"height":500,"caption":"Just Now News"},"image":{"@id":"https:\/\/now-news.de\/de\/#\/schema\/logo\/image\/"},"sameAs":["https:\/\/www.facebook.com\/wirmachenauf","https:\/\/x.com\/WirMachenAuf_de"]},{"@type":"Person","@id":"https:\/\/now-news.de\/de\/#\/schema\/person\/fb534a4e865501d8b3285208df34a9b5","name":"rtnews","image":{"@type":"ImageObject","inLanguage":"de","@id":"https:\/\/now-news.de\/de\/#\/schema\/person\/image\/","url":"https:\/\/secure.gravatar.com\/avatar\/82aafea7d8127119dd649515f56e2117?s=96&d=mm&r=g","contentUrl":"https:\/\/secure.gravatar.com\/avatar\/82aafea7d8127119dd649515f56e2117?s=96&d=mm&r=g","caption":"rtnews"},"url":"https:\/\/now-news.de\/de\/author\/rnews\/"}]}},"_links":{"self":[{"href":"https:\/\/now-news.de\/de\/wp-json\/wp\/v2\/posts\/102370"}],"collection":[{"href":"https:\/\/now-news.de\/de\/wp-json\/wp\/v2\/posts"}],"about":[{"href":"https:\/\/now-news.de\/de\/wp-json\/wp\/v2\/types\/post"}],"author":[{"embeddable":true,"href":"https:\/\/now-news.de\/de\/wp-json\/wp\/v2\/users\/3"}],"replies":[{"embeddable":true,"href":"https:\/\/now-news.de\/de\/wp-json\/wp\/v2\/comments?post=102370"}],"version-history":[{"count":0,"href":"https:\/\/now-news.de\/de\/wp-json\/wp\/v2\/posts\/102370\/revisions"}],"wp:featuredmedia":[{"embeddable":true,"href":"https:\/\/now-news.de\/de\/wp-json\/wp\/v2\/media\/102371"}],"wp:attachment":[{"href":"https:\/\/now-news.de\/de\/wp-json\/wp\/v2\/media?parent=102370"}],"wp:term":[{"taxonomy":"category","embeddable":true,"href":"https:\/\/now-news.de\/de\/wp-json\/wp\/v2\/categories?post=102370"},{"taxonomy":"post_tag","embeddable":true,"href":"https:\/\/now-news.de\/de\/wp-json\/wp\/v2\/tags?post=102370"}],"curies":[{"name":"wp","href":"https:\/\/api.w.org\/{rel}","templated":true}]}}