{"id":102366,"date":"2026-04-27T12:39:52","date_gmt":"2026-04-27T10:39:52","guid":{"rendered":"https:\/\/now-news.de\/de\/deutschland\/deutschland-konsumklima-index-verschlechtert-sich-erneut\/"},"modified":"2026-04-27T12:39:52","modified_gmt":"2026-04-27T10:39:52","slug":"deutschland-konsumklima-index-verschlechtert-sich-erneut","status":"publish","type":"post","link":"https:\/\/now-news.de\/de\/deutschland\/deutschland-konsumklima-index-verschlechtert-sich-erneut\/","title":{"rendered":"Deutschland: Konsumklima-Index verschlechtert sich erneut"},"content":{"rendered":"<p><img decoding=\"async\" src=\"https:\/\/now-news.de\/de\/wp-content\/uploads\/sites\/3\/2026\/04\/69ef2ef8b480cc0fc05d0c6c.jpg\" \/><\/p>\n<div class=\"Text-root Text-type_1 \">\n                Die Kauflaune der Verbraucher in Deutschland bleibt weiterhin negativ und hat sich gegen\u00fcber dem Vormonat nochmals um \u00fcber 5 Punkte verschlechtert. Das geht aus einer aktuellen Studie des N\u00fcrnberg Instituts f\u00fcr Marktentscheidungen (NIM) und des Marktforschungsinstituts GfK hervor.\n            <\/div>\n<p><\/p>\n<div class=\"Text-root Text-type_5 ArticleView-text ViewText-root \">\n<p>Die Kauflaune der Verbraucher in Deutschland ist einer aktuellen Studie zufolge weiterhin negativ. Schlimmer noch: Sie ist angesichts der weltpolitischen Lage in den letzten Monaten erneut gesunken.<\/p>\n<p>Die aktuelle Konsumklima-Studie des N\u00fcrnberg Instituts f\u00fcr Marktentscheidungen (NIM) und des Marktforschungsinstituts GfK beziffert den Konsumklima-Index im April mit dem Negativwert von minus 33,3 Punkten. Gegen\u00fcber dem Vormonat hat er sich damit um mehr als f\u00fcnf Punkte verschlechtert.<\/p>\n<p>Als Hauptgrund f\u00fcr die schlechte Kauflaune geben Experten die gestiegene Inflation an, die im M\u00e4rz auf 2,7 Prozent angestiegen ist. Dies f\u00fchre zu einem &#8220;drastischen Einbruch der Einkommenserwartungen&#8221;. Der <em>Bayerische Rundfunk<\/em> zitiert dazu den\u00a0IM-Konsumexperten Rolf B\u00fcrkl:<\/p>\n<p><em>&#8220;Die Einkommenserwartungen brechen infolge der gestiegenen Inflation regelrecht ein. Und vor diesem Hintergrund erachten die Menschen auch den Zeitpunkt f\u00fcr gr\u00f6\u00dfere Anschaffungen derzeit als weniger g\u00fcnstig.&#8221;<\/em><\/p>\n<p>Entsprechend sei die Anschaffungsneigung auf ein Zwei-Jahres-Tief gefallen. Zuletzt sei der Konsumklima-Index im Februar 2023 so schlecht gewesen wie jetzt. Die Sparneigung bleibe laut den Marktforschern trotz eines leichten R\u00fcckgangs auf einem hohen Niveau.<\/p>\n<p>Laut NIM w\u00e4chst bei den Verbrauchern die Sorge, dass der vorsichtige wirtschaftliche Aufschwung durch den Krieg Israels und der USA gegen Iran einen ernsthaften D\u00e4mpfer erhalten k\u00f6nnte, sollte der Konflikt andauern.<\/p>\n<p><strong>Mehr zum Thema<\/strong> \u2013 <a rel=\"nofollow noopener\" target=\"_blank\" href=\"https:\/\/freedert.online\/inland\/251530-konsumklima-keine-erholung-erwartet\/\">Konsumklima in Deutschland: Keine Erholung erwartet<\/a><\/p>\n<div class=\"EmbedBlock-root EmbedBlock-externalVideo EmbedBlock-rumble\">\n<div class=\"VkEmbed\"><iframe class=\"lazyload\" data-src=\"https:\/\/rumble.com\/embed\/v75u8wq\" frameborder=\"0\" width=\"853\" height=\"480\" allowfullscreen><\/iframe><\/div>\n<\/div>\n<\/div>\n<p><br \/>\n<br \/><a href=\"https:\/\/de.rt.com\/wirtschaft\/278324-deutschland-konsumklima-index-verschlechtert-sich\/\">Source link <\/a><\/p>\n","protected":false},"excerpt":{"rendered":"<p>Die Kauflaune der Verbraucher in Deutschland bleibt weiterhin negativ und hat sich gegen\u00fcber dem Vormonat nochmals um \u00fcber 5 Punkte verschlechtert. Das geht aus einer aktuellen Studie des N\u00fcrnberg Instituts f\u00fcr Marktentscheidungen (NIM) und des Marktforschungsinstituts GfK hervor. Die Kauflaune der Verbraucher in Deutschland ist einer aktuellen Studie zufolge weiterhin negativ. Schlimmer noch: Sie ist [&hellip;]<\/p>\n","protected":false},"author":3,"featured_media":102367,"comment_status":"open","ping_status":"open","sticky":false,"template":"","format":"standard","meta":{"_yoast_indexnow_last_ping":["1777287690"],"wp_automatic_camp":["217"],"49f244a44fe5f140239281b0e4cce6aa":["Deutschland: Konsumklima-Index verschlechtert sich erneut"],"original_link":["https:\/\/de.rt.com\/wirtschaft\/278324-deutschland-konsumklima-index-verschlechtert-sich\/"],"_thumbnail_id":["102367"],"jnews_social_counter_last_update":["1777393097"],"_wptgpro_p2tg_sent2tg":["a:1:{i:23737;s:19:\"2026-04-27 13:02:31\";}"]},"categories":[19,23],"tags":[179,781,72656,434,35588],"yoast_head":"<!-- This site is optimized with the Yoast SEO Premium plugin v22.7 (Yoast SEO v22.7) - https:\/\/yoast.com\/wordpress\/plugins\/seo\/ -->\n<title>Deutschland: Konsumklima-Index verschlechtert sich erneut - just-now.NEWS Deutschland<\/title>\n<meta name=\"robots\" content=\"index, follow, max-snippet:-1, max-image-preview:large, max-video-preview:-1\" \/>\n<link rel=\"canonical\" href=\"https:\/\/now-news.de\/de\/deutschland\/deutschland-konsumklima-index-verschlechtert-sich-erneut\/\" \/>\n<meta property=\"og:locale\" content=\"de_DE\" \/>\n<meta property=\"og:type\" content=\"article\" \/>\n<meta property=\"og:title\" content=\"Deutschland: Konsumklima-Index verschlechtert sich erneut\" \/>\n<meta property=\"og:description\" content=\"Die Kauflaune der Verbraucher in Deutschland bleibt weiterhin negativ und hat sich gegen\u00fcber dem Vormonat nochmals um \u00fcber 5 Punkte verschlechtert. Das geht aus einer aktuellen Studie des N\u00fcrnberg Instituts f\u00fcr Marktentscheidungen (NIM) und des Marktforschungsinstituts GfK hervor. Die Kauflaune der Verbraucher in Deutschland ist einer aktuellen Studie zufolge weiterhin negativ. Schlimmer noch: Sie ist [&hellip;]\" \/>\n<meta property=\"og:url\" content=\"https:\/\/now-news.de\/de\/deutschland\/deutschland-konsumklima-index-verschlechtert-sich-erneut\/\" \/>\n<meta property=\"og:site_name\" content=\"just-now.NEWS Deutschland\" \/>\n<meta property=\"article:publisher\" content=\"https:\/\/www.facebook.com\/wirmachenauf\" \/>\n<meta property=\"article:published_time\" content=\"2026-04-27T10:39:52+00:00\" \/>\n<meta property=\"og:image\" content=\"https:\/\/now-news.de\/de\/wp-content\/uploads\/sites\/3\/2026\/04\/69ef2ef8b480cc0fc05d0c6c.jpg\" \/>\n<meta name=\"author\" content=\"rtnews\" \/>\n<meta name=\"twitter:card\" content=\"summary_large_image\" \/>\n<meta name=\"twitter:creator\" content=\"@WirMachenAuf_de\" \/>\n<meta name=\"twitter:site\" content=\"@WirMachenAuf_de\" \/>\n<meta name=\"twitter:label1\" content=\"Verfasst von\" \/>\n\t<meta name=\"twitter:data1\" content=\"rtnews\" \/>\n\t<meta name=\"twitter:label2\" content=\"Gesch\u00e4tzte Lesezeit\" \/>\n\t<meta name=\"twitter:data2\" content=\"1\u00a0Minute\" \/>\n<script type=\"application\/ld+json\" class=\"yoast-schema-graph\">{\"@context\":\"https:\/\/schema.org\",\"@graph\":[{\"@type\":\"Article\",\"@id\":\"https:\/\/now-news.de\/de\/deutschland\/deutschland-konsumklima-index-verschlechtert-sich-erneut\/#article\",\"isPartOf\":{\"@id\":\"https:\/\/now-news.de\/de\/deutschland\/deutschland-konsumklima-index-verschlechtert-sich-erneut\/\"},\"author\":{\"name\":\"rtnews\",\"@id\":\"https:\/\/now-news.de\/de\/#\/schema\/person\/fb534a4e865501d8b3285208df34a9b5\"},\"headline\":\"Deutschland: Konsumklima-Index verschlechtert sich erneut\",\"datePublished\":\"2026-04-27T10:39:52+00:00\",\"dateModified\":\"2026-04-27T10:39:52+00:00\",\"mainEntityOfPage\":{\"@id\":\"https:\/\/now-news.de\/de\/deutschland\/deutschland-konsumklima-index-verschlechtert-sich-erneut\/\"},\"wordCount\":262,\"commentCount\":0,\"publisher\":{\"@id\":\"https:\/\/now-news.de\/de\/#organization\"},\"image\":{\"@id\":\"https:\/\/now-news.de\/de\/deutschland\/deutschland-konsumklima-index-verschlechtert-sich-erneut\/#primaryimage\"},\"thumbnailUrl\":\"https:\/\/now-news.de\/de\/wp-content\/uploads\/sites\/3\/Deutschland-Konsumklima-Index-verschlechtert-sich-erneut.jpg\",\"keywords\":[\"Deutschland\",\"erneut\",\"KonsumklimaIndex\",\"sich\",\"verschlechtert\"],\"articleSection\":[\"Deutschland\",\"Russland\"],\"inLanguage\":\"de\",\"potentialAction\":[{\"@type\":\"CommentAction\",\"name\":\"Comment\",\"target\":[\"https:\/\/now-news.de\/de\/deutschland\/deutschland-konsumklima-index-verschlechtert-sich-erneut\/#respond\"]}]},{\"@type\":\"WebPage\",\"@id\":\"https:\/\/now-news.de\/de\/deutschland\/deutschland-konsumklima-index-verschlechtert-sich-erneut\/\",\"url\":\"https:\/\/now-news.de\/de\/deutschland\/deutschland-konsumklima-index-verschlechtert-sich-erneut\/\",\"name\":\"Deutschland: Konsumklima-Index verschlechtert sich erneut - just-now.NEWS Deutschland\",\"isPartOf\":{\"@id\":\"https:\/\/now-news.de\/de\/#website\"},\"primaryImageOfPage\":{\"@id\":\"https:\/\/now-news.de\/de\/deutschland\/deutschland-konsumklima-index-verschlechtert-sich-erneut\/#primaryimage\"},\"image\":{\"@id\":\"https:\/\/now-news.de\/de\/deutschland\/deutschland-konsumklima-index-verschlechtert-sich-erneut\/#primaryimage\"},\"thumbnailUrl\":\"https:\/\/now-news.de\/de\/wp-content\/uploads\/sites\/3\/Deutschland-Konsumklima-Index-verschlechtert-sich-erneut.jpg\",\"datePublished\":\"2026-04-27T10:39:52+00:00\",\"dateModified\":\"2026-04-27T10:39:52+00:00\",\"breadcrumb\":{\"@id\":\"https:\/\/now-news.de\/de\/deutschland\/deutschland-konsumklima-index-verschlechtert-sich-erneut\/#breadcrumb\"},\"inLanguage\":\"de\",\"potentialAction\":[{\"@type\":\"ReadAction\",\"target\":[\"https:\/\/now-news.de\/de\/deutschland\/deutschland-konsumklima-index-verschlechtert-sich-erneut\/\"]}]},{\"@type\":\"ImageObject\",\"inLanguage\":\"de\",\"@id\":\"https:\/\/now-news.de\/de\/deutschland\/deutschland-konsumklima-index-verschlechtert-sich-erneut\/#primaryimage\",\"url\":\"https:\/\/now-news.de\/de\/wp-content\/uploads\/sites\/3\/Deutschland-Konsumklima-Index-verschlechtert-sich-erneut.jpg\",\"contentUrl\":\"https:\/\/now-news.de\/de\/wp-content\/uploads\/sites\/3\/Deutschland-Konsumklima-Index-verschlechtert-sich-erneut.jpg\",\"caption\":\"Deutschland: Konsumklima-Index verschlechtert sich erneut\"},{\"@type\":\"BreadcrumbList\",\"@id\":\"https:\/\/now-news.de\/de\/deutschland\/deutschland-konsumklima-index-verschlechtert-sich-erneut\/#breadcrumb\",\"itemListElement\":[{\"@type\":\"ListItem\",\"position\":1,\"name\":\"Home\",\"item\":\"https:\/\/now-news.de\/de\/\"},{\"@type\":\"ListItem\",\"position\":2,\"name\":\"Deutschland: Konsumklima-Index verschlechtert sich erneut\"}]},{\"@type\":\"WebSite\",\"@id\":\"https:\/\/now-news.de\/de\/#website\",\"url\":\"https:\/\/now-news.de\/de\/\",\"name\":\"just-now.NEWS Deutschland\",\"description\":\"Das Portal f\u00fcr unzensierte Nachrichten aus der Welt\",\"publisher\":{\"@id\":\"https:\/\/now-news.de\/de\/#organization\"},\"potentialAction\":[{\"@type\":\"SearchAction\",\"target\":{\"@type\":\"EntryPoint\",\"urlTemplate\":\"https:\/\/now-news.de\/de\/?s={search_term_string}\"},\"query-input\":\"required name=search_term_string\"}],\"inLanguage\":\"de\"},{\"@type\":\"Organization\",\"@id\":\"https:\/\/now-news.de\/de\/#organization\",\"name\":\"Just Now News\",\"url\":\"https:\/\/now-news.de\/de\/\",\"logo\":{\"@type\":\"ImageObject\",\"inLanguage\":\"de\",\"@id\":\"https:\/\/now-news.de\/de\/#\/schema\/logo\/image\/\",\"url\":\"http:\/\/just-now.news\/de\/wp-content\/uploads\/sites\/3\/2022\/04\/logo500x500.jpg\",\"contentUrl\":\"http:\/\/just-now.news\/de\/wp-content\/uploads\/sites\/3\/2022\/04\/logo500x500.jpg\",\"width\":500,\"height\":500,\"caption\":\"Just Now News\"},\"image\":{\"@id\":\"https:\/\/now-news.de\/de\/#\/schema\/logo\/image\/\"},\"sameAs\":[\"https:\/\/www.facebook.com\/wirmachenauf\",\"https:\/\/x.com\/WirMachenAuf_de\"]},{\"@type\":\"Person\",\"@id\":\"https:\/\/now-news.de\/de\/#\/schema\/person\/fb534a4e865501d8b3285208df34a9b5\",\"name\":\"rtnews\",\"image\":{\"@type\":\"ImageObject\",\"inLanguage\":\"de\",\"@id\":\"https:\/\/now-news.de\/de\/#\/schema\/person\/image\/\",\"url\":\"https:\/\/secure.gravatar.com\/avatar\/82aafea7d8127119dd649515f56e2117?s=96&d=mm&r=g\",\"contentUrl\":\"https:\/\/secure.gravatar.com\/avatar\/82aafea7d8127119dd649515f56e2117?s=96&d=mm&r=g\",\"caption\":\"rtnews\"},\"url\":\"https:\/\/now-news.de\/de\/author\/rnews\/\"}]}<\/script>\n<!-- \/ Yoast SEO Premium plugin. -->","yoast_head_json":{"title":"Deutschland: Konsumklima-Index verschlechtert sich erneut - just-now.NEWS Deutschland","robots":{"index":"index","follow":"follow","max-snippet":"max-snippet:-1","max-image-preview":"max-image-preview:large","max-video-preview":"max-video-preview:-1"},"canonical":"https:\/\/now-news.de\/de\/deutschland\/deutschland-konsumklima-index-verschlechtert-sich-erneut\/","og_locale":"de_DE","og_type":"article","og_title":"Deutschland: Konsumklima-Index verschlechtert sich erneut","og_description":"Die Kauflaune der Verbraucher in Deutschland bleibt weiterhin negativ und hat sich gegen\u00fcber dem Vormonat nochmals um \u00fcber 5 Punkte verschlechtert. Das geht aus einer aktuellen Studie des N\u00fcrnberg Instituts f\u00fcr Marktentscheidungen (NIM) und des Marktforschungsinstituts GfK hervor. Die Kauflaune der Verbraucher in Deutschland ist einer aktuellen Studie zufolge weiterhin negativ. Schlimmer noch: Sie ist [&hellip;]","og_url":"https:\/\/now-news.de\/de\/deutschland\/deutschland-konsumklima-index-verschlechtert-sich-erneut\/","og_site_name":"just-now.NEWS Deutschland","article_publisher":"https:\/\/www.facebook.com\/wirmachenauf","article_published_time":"2026-04-27T10:39:52+00:00","og_image":[{"url":"https:\/\/now-news.de\/de\/wp-content\/uploads\/sites\/3\/2026\/04\/69ef2ef8b480cc0fc05d0c6c.jpg"}],"author":"rtnews","twitter_card":"summary_large_image","twitter_creator":"@WirMachenAuf_de","twitter_site":"@WirMachenAuf_de","twitter_misc":{"Verfasst von":"rtnews","Gesch\u00e4tzte Lesezeit":"1\u00a0Minute"},"schema":{"@context":"https:\/\/schema.org","@graph":[{"@type":"Article","@id":"https:\/\/now-news.de\/de\/deutschland\/deutschland-konsumklima-index-verschlechtert-sich-erneut\/#article","isPartOf":{"@id":"https:\/\/now-news.de\/de\/deutschland\/deutschland-konsumklima-index-verschlechtert-sich-erneut\/"},"author":{"name":"rtnews","@id":"https:\/\/now-news.de\/de\/#\/schema\/person\/fb534a4e865501d8b3285208df34a9b5"},"headline":"Deutschland: Konsumklima-Index verschlechtert sich erneut","datePublished":"2026-04-27T10:39:52+00:00","dateModified":"2026-04-27T10:39:52+00:00","mainEntityOfPage":{"@id":"https:\/\/now-news.de\/de\/deutschland\/deutschland-konsumklima-index-verschlechtert-sich-erneut\/"},"wordCount":262,"commentCount":0,"publisher":{"@id":"https:\/\/now-news.de\/de\/#organization"},"image":{"@id":"https:\/\/now-news.de\/de\/deutschland\/deutschland-konsumklima-index-verschlechtert-sich-erneut\/#primaryimage"},"thumbnailUrl":"https:\/\/now-news.de\/de\/wp-content\/uploads\/sites\/3\/Deutschland-Konsumklima-Index-verschlechtert-sich-erneut.jpg","keywords":["Deutschland","erneut","KonsumklimaIndex","sich","verschlechtert"],"articleSection":["Deutschland","Russland"],"inLanguage":"de","potentialAction":[{"@type":"CommentAction","name":"Comment","target":["https:\/\/now-news.de\/de\/deutschland\/deutschland-konsumklima-index-verschlechtert-sich-erneut\/#respond"]}]},{"@type":"WebPage","@id":"https:\/\/now-news.de\/de\/deutschland\/deutschland-konsumklima-index-verschlechtert-sich-erneut\/","url":"https:\/\/now-news.de\/de\/deutschland\/deutschland-konsumklima-index-verschlechtert-sich-erneut\/","name":"Deutschland: Konsumklima-Index verschlechtert sich erneut - just-now.NEWS Deutschland","isPartOf":{"@id":"https:\/\/now-news.de\/de\/#website"},"primaryImageOfPage":{"@id":"https:\/\/now-news.de\/de\/deutschland\/deutschland-konsumklima-index-verschlechtert-sich-erneut\/#primaryimage"},"image":{"@id":"https:\/\/now-news.de\/de\/deutschland\/deutschland-konsumklima-index-verschlechtert-sich-erneut\/#primaryimage"},"thumbnailUrl":"https:\/\/now-news.de\/de\/wp-content\/uploads\/sites\/3\/Deutschland-Konsumklima-Index-verschlechtert-sich-erneut.jpg","datePublished":"2026-04-27T10:39:52+00:00","dateModified":"2026-04-27T10:39:52+00:00","breadcrumb":{"@id":"https:\/\/now-news.de\/de\/deutschland\/deutschland-konsumklima-index-verschlechtert-sich-erneut\/#breadcrumb"},"inLanguage":"de","potentialAction":[{"@type":"ReadAction","target":["https:\/\/now-news.de\/de\/deutschland\/deutschland-konsumklima-index-verschlechtert-sich-erneut\/"]}]},{"@type":"ImageObject","inLanguage":"de","@id":"https:\/\/now-news.de\/de\/deutschland\/deutschland-konsumklima-index-verschlechtert-sich-erneut\/#primaryimage","url":"https:\/\/now-news.de\/de\/wp-content\/uploads\/sites\/3\/Deutschland-Konsumklima-Index-verschlechtert-sich-erneut.jpg","contentUrl":"https:\/\/now-news.de\/de\/wp-content\/uploads\/sites\/3\/Deutschland-Konsumklima-Index-verschlechtert-sich-erneut.jpg","caption":"Deutschland: Konsumklima-Index verschlechtert sich erneut"},{"@type":"BreadcrumbList","@id":"https:\/\/now-news.de\/de\/deutschland\/deutschland-konsumklima-index-verschlechtert-sich-erneut\/#breadcrumb","itemListElement":[{"@type":"ListItem","position":1,"name":"Home","item":"https:\/\/now-news.de\/de\/"},{"@type":"ListItem","position":2,"name":"Deutschland: Konsumklima-Index verschlechtert sich erneut"}]},{"@type":"WebSite","@id":"https:\/\/now-news.de\/de\/#website","url":"https:\/\/now-news.de\/de\/","name":"just-now.NEWS Deutschland","description":"Das Portal f\u00fcr unzensierte Nachrichten aus der Welt","publisher":{"@id":"https:\/\/now-news.de\/de\/#organization"},"potentialAction":[{"@type":"SearchAction","target":{"@type":"EntryPoint","urlTemplate":"https:\/\/now-news.de\/de\/?s={search_term_string}"},"query-input":"required name=search_term_string"}],"inLanguage":"de"},{"@type":"Organization","@id":"https:\/\/now-news.de\/de\/#organization","name":"Just Now News","url":"https:\/\/now-news.de\/de\/","logo":{"@type":"ImageObject","inLanguage":"de","@id":"https:\/\/now-news.de\/de\/#\/schema\/logo\/image\/","url":"http:\/\/just-now.news\/de\/wp-content\/uploads\/sites\/3\/2022\/04\/logo500x500.jpg","contentUrl":"http:\/\/just-now.news\/de\/wp-content\/uploads\/sites\/3\/2022\/04\/logo500x500.jpg","width":500,"height":500,"caption":"Just Now News"},"image":{"@id":"https:\/\/now-news.de\/de\/#\/schema\/logo\/image\/"},"sameAs":["https:\/\/www.facebook.com\/wirmachenauf","https:\/\/x.com\/WirMachenAuf_de"]},{"@type":"Person","@id":"https:\/\/now-news.de\/de\/#\/schema\/person\/fb534a4e865501d8b3285208df34a9b5","name":"rtnews","image":{"@type":"ImageObject","inLanguage":"de","@id":"https:\/\/now-news.de\/de\/#\/schema\/person\/image\/","url":"https:\/\/secure.gravatar.com\/avatar\/82aafea7d8127119dd649515f56e2117?s=96&d=mm&r=g","contentUrl":"https:\/\/secure.gravatar.com\/avatar\/82aafea7d8127119dd649515f56e2117?s=96&d=mm&r=g","caption":"rtnews"},"url":"https:\/\/now-news.de\/de\/author\/rnews\/"}]}},"_links":{"self":[{"href":"https:\/\/now-news.de\/de\/wp-json\/wp\/v2\/posts\/102366"}],"collection":[{"href":"https:\/\/now-news.de\/de\/wp-json\/wp\/v2\/posts"}],"about":[{"href":"https:\/\/now-news.de\/de\/wp-json\/wp\/v2\/types\/post"}],"author":[{"embeddable":true,"href":"https:\/\/now-news.de\/de\/wp-json\/wp\/v2\/users\/3"}],"replies":[{"embeddable":true,"href":"https:\/\/now-news.de\/de\/wp-json\/wp\/v2\/comments?post=102366"}],"version-history":[{"count":0,"href":"https:\/\/now-news.de\/de\/wp-json\/wp\/v2\/posts\/102366\/revisions"}],"wp:featuredmedia":[{"embeddable":true,"href":"https:\/\/now-news.de\/de\/wp-json\/wp\/v2\/media\/102367"}],"wp:attachment":[{"href":"https:\/\/now-news.de\/de\/wp-json\/wp\/v2\/media?parent=102366"}],"wp:term":[{"taxonomy":"category","embeddable":true,"href":"https:\/\/now-news.de\/de\/wp-json\/wp\/v2\/categories?post=102366"},{"taxonomy":"post_tag","embeddable":true,"href":"https:\/\/now-news.de\/de\/wp-json\/wp\/v2\/tags?post=102366"}],"curies":[{"name":"wp","href":"https:\/\/api.w.org\/{rel}","templated":true}]}}