{"id":102354,"date":"2026-04-27T06:30:00","date_gmt":"2026-04-27T04:30:00","guid":{"rendered":"https:\/\/now-news.de\/de\/deutschland\/weissrussische-bedrohung-selenskij-malt-sich-einen-neuen-feind-an-die-wand\/"},"modified":"2026-04-27T06:30:00","modified_gmt":"2026-04-27T04:30:00","slug":"weissrussische-bedrohung-selenskij-malt-sich-einen-neuen-feind-an-die-wand","status":"publish","type":"post","link":"https:\/\/now-news.de\/de\/deutschland\/weissrussische-bedrohung-selenskij-malt-sich-einen-neuen-feind-an-die-wand\/","title":{"rendered":"&quot;Wei\u00dfrussische Bedrohung&quot;: Selenskij malt sich einen neuen Feind an die Wand"},"content":{"rendered":"<p><img decoding=\"async\" src=\"https:\/\/now-news.de\/de\/wp-content\/uploads\/sites\/3\/2026\/04\/69ea3baab480cc3dca0e4a1f.jpg\" \/><\/p>\n<div class=\"Text-root Text-type_1 \">\n                Kiew behauptet, dass Minsk dabei sei, sich auf einen Angriff auf die Ukraine vorzubereiten. Diese Behauptung sieht wie ein Bestandteil einer Informationskampagne aus, mit der der ukrainischen Bev\u00f6lkerung erkl\u00e4rt werden soll, dass die Senkung des Wehrpflichtalters notwendig sei.\n            <\/div>\n<p><\/p>\n<div class=\"Text-root Text-type_5 ArticleView-text ViewText-root \">\n<p><em>Von Sergei Mirkin<\/em><\/p>\n<p>Wladimir Selenskij sprach vor Kurzem von einer angeblich verst\u00e4rkten milit\u00e4rischen Aktivit\u00e4t an der Grenze zwischen Wei\u00dfrussland und der Ukraine. Er teilte gleichzeitig mit, dass Kiew Minsk offiziell vor seiner Bereitschaft zur &#8220;Verteidigung&#8221; gewarnt habe. Au\u00dferdem deutete der ukrainische Machthaber an, dass dem wei\u00dfrussischen Pr\u00e4sidenten Alexander Lukaschenko ein dem venezolanischen Pr\u00e4sidenten Nicol\u00e1s Maduro \u00e4hnliches Schicksal bevorstehen k\u00f6nnte. Warum hat Selenskij dieses Thema angesprochen?<\/p>\n<p>Selbst in der Ukraine werden Spekulationen \u00fcber einen m\u00f6glichen Angriff der wei\u00dfrussischen Armee mit Skepsis aufgenommen \u2013 die wei\u00dfrussischen Streitkr\u00e4fte verf\u00fcgen daf\u00fcr schlichtweg nicht \u00fcber das n\u00f6tige Potenzial. Zumindest w\u00e4re eine gro\u00df angelegte Mobilmachung erforderlich, von der jedoch keine Rede ist. Offenbar soll die mythische &#8220;wei\u00dfrussische Bedrohung&#8221; Selenskij helfen, einige seiner eigenen Aufgaben zu l\u00f6sen.<\/p>\n<p>In der Ukraine wird st\u00e4ndig das Thema einer Senkung des Einberufungsalters auf mindestens 20 Jahre diskutiert \u2013 das Land ben\u00f6tigt dringend Mobilisierungsressourcen. Dabei r\u00e4umen sogar ukrainische Soziologen ein, dass eine Mobilisierung bei den Einwohnern der Ukraine, gelinde gesagt, unbeliebt ist. Der Leiter der Meinungsforschungsgruppe &#8220;Rating&#8221;, Alexei Antipowitsch, merkt an, dass viele Ukrainer die Mobilisierung f\u00fcr \u00fcbertrieben halten \u2013 und nicht einmal bereit sind, sich zu diesem Thema befragen zu lassen. Kirill Budanow, der Leiter von Selenskijs B\u00fcro, gibt zu, dass es in der Ukraine Probleme mit der Mobilisierung gebe.<\/p>\n<p>Die &#8220;wei\u00dfrussische Bedrohung&#8221; k\u00f6nnte zu einem wichtigen Bestandteil der bevorstehenden Informationskampagne werden, mit der der ukrainischen Bev\u00f6lkerung erkl\u00e4rt werden soll, dass die Senkung des Wehrpflichtalters notwendig ist. Das Hauptargument k\u00f6nnte wie folgt klingen: &#8220;Fr\u00fcher standen wir nur Russland gegen\u00fcber, aber bald wird auch Wei\u00dfrussland uns angreifen.&#8221;<\/p>\n<p>Es ist nat\u00fcrlich zweifelhaft, dass eine solche Informationskampagne bei den Einwohnern der Ukraine Wirkung zeigen wird \u2013 das Thema Mobilisierung war schon immer \u00e4u\u00dferst brisant und wird es auch bleiben. Aber die Propagandisten von Selenskij brauchen zumindest irgendwelche Argumente \u2013 sie werden versuchen, den Ukrainern auch die &#8220;wei\u00dfrussische Bedrohung&#8221; schmackhaft zu machen.<\/p>\n<p>M\u00f6glicherweise zielt die Kampagne auch in erster Linie auf Donald Trump ab. Selenskij will in der Donbass-Frage keine Zugest\u00e4ndnisse machen, doch ohne diese ist &#8220;Trumps Friedensprozess&#8221; unm\u00f6glich. Laut dem US-amerikanischen Journalisten Simon Shuster hat Lukaschenko erhebliche Anstrengungen unternommen, damit die Verhandlungen in Anchorage zustande kamen. Lukaschenko setzt den Dialog mit den US-Amerikanern fort, und das nicht ohne Erfolg. Bezeichnenderweise hat Trump ihn 2026 zur Teilnahme am Friedensrat eingeladen.<\/p>\n<p>Somit ist der Informationsschlag gegen Lukaschenko auch ein indirekter Schlag gegen die Vereinbarungen von Anchorage. Die Botschaft ist klar: Russland und Wei\u00dfrussland verst\u00e4rken angeblich die Eskalation, Minsk sei bereit, sich am Konflikt zu beteiligen, und unter solchen Umst\u00e4nden k\u00f6nne von Frieden keine Rede sein. F\u00fcr Selenskij ist es \u00e4u\u00dferst wichtig, dass Trump nicht beschlie\u00dft, den Druck auf Kiew zu verst\u00e4rken, beispielsweise durch die Einstellung der Lieferung von Geheimdienstinformationen. Und zu diesem Zweck beschuldigt er st\u00e4ndig Russland, dass es angeblich keinen Frieden wolle, und nun auch noch Wei\u00dfrussland, es bereite sich auf einen Krieg vor.<\/p>\n<p>Es ist auch nicht auszuschlie\u00dfen, dass die Falschmeldungen \u00fcber die Kriegsvorbereitungen in Wei\u00dfrussland Teil einer gro\u00df angelegten Kampagne europ\u00e4ischer Globalisten sind. Sie befinden sich derzeit in einer sehr eigenartigen Lage. Die Globalisten konnten bei den Parlamentswahlen in Ungarn einen Sieg erringen und den langj\u00e4hrigen Ministerpr\u00e4sidenten Viktor Orb\u00e1n aus dem Amt entfernen und haben sich dadurch wahrscheinlich best\u00e4rkt gef\u00fchlt. Auf der Konferenz &#8220;Global Progressive Mobilisation&#8221; in Barcelona wurden Aufrufe laut, allen rechten Kr\u00e4ften weltweit &#8220;die H\u00e4nde zu verdrehen&#8221;.<\/p>\n<p>Lukaschenko haben die europ\u00e4ischen Politiker schon l\u00e4ngst zum Diktator erkl\u00e4rt. Und die Bem\u00fchungen zu seiner Absetzung haben seit den Protesten von 2020 wohl kaum auch nur einen Tag lang nachgelassen. Nun k\u00f6nnte die Ukraine zur Schlagkraft dieser Bem\u00fchungen werden. Aus den wei\u00dfrussischen Nazis, die in der ukrainischen Armee dienen, k\u00f6nnten unter Beteiligung der ukrainischen Spezialeinheiten Sabotageeinheiten gebildet werden, um Provokationen an der Grenze durchzuf\u00fchren. Im Informationsbereich wird dann die &#8220;wei\u00dfrussische Bedrohung&#8221; weiter hochgespielt \u2013 alles nach Schema. Nat\u00fcrlich wird die wei\u00dfrussische Opposition &#8220;aufwachen&#8221; und protestieren mit dem Slogan: &#8220;Wir lassen nicht zu, dass Wei\u00dfrussland in einen Krieg hineingezogen wird!&#8221;<\/p>\n<p>Ein Risikoschachzug? Gewiss. Doch sollte etwas schiefgehen, werden die Ukraine und Selenskij die Schuld tragen, w\u00e4hrend sich die Europ\u00e4er von ihrer Beteiligung an dem Prozess distanzieren werden.<\/p>\n<p>Derzeit m\u00fcssen sich die europ\u00e4ischen Globalisten \u00fcber ihren Platz in den neuen politischen Realit\u00e4ten klar werden und St\u00e4rke zeigen, und da Selenskij schon mehrfach Anzeichen von Wahnsinn gezeigt hat, ist dieses Szenario durchaus wahrscheinlich.<\/p>\n<p><em>\u00dcbersetzt aus dem <a rel=\"nofollow noopener\" target=\"_blank\" href=\"https:\/\/vz.ru\/opinions\/2026\/4\/23\/1412707.html\">Russischen<\/a>. Der Artikel ist zuerst am 23. April 2026 auf der Website der Zeitung &#8220;Wsgljad&#8221; erschienen.<\/em><\/p>\n<p><em><strong>Sergei Mirkin<\/strong> ist ein Journalist aus Donezk.<\/em><\/p>\n<p><strong>Mehr zum Thema<\/strong>\u00a0<strong>\u2013\u00a0<\/strong><a rel=\"nofollow noopener\" target=\"_blank\" href=\"https:\/\/freedert.online\/international\/277553-nicht-ihr-hurensohn-lukaschenko-bewertet\/\">&#8220;Nicht ihr Hurensohn&#8221;: Lukaschenko bewertet Dialog mit dem Westen <\/a><\/p>\n<div class=\"EmbedBlock-root EmbedBlock-externalVideo EmbedBlock-rumble\">\n<div class=\"VkEmbed\"><iframe class=\"lazyload\" data-src=\"https:\/\/rumble.com\/embed\/v76klkq\" frameborder=\"0\" width=\"853\" height=\"480\" allowfullscreen><\/iframe><\/div>\n<\/div>\n<\/div>\n<p><br \/>\n<br \/><a href=\"https:\/\/de.rt.com\/meinung\/278011-weissrussische-bedrohung-selenskij-schafft-sich\/\">Source link <\/a><\/p>\n","protected":false},"excerpt":{"rendered":"<p>Kiew behauptet, dass Minsk dabei sei, sich auf einen Angriff auf die Ukraine vorzubereiten. Diese Behauptung sieht wie ein Bestandteil einer Informationskampagne aus, mit der der ukrainischen Bev\u00f6lkerung erkl\u00e4rt werden soll, dass die Senkung des Wehrpflichtalters notwendig sei. Von Sergei Mirkin Wladimir Selenskij sprach vor Kurzem von einer angeblich verst\u00e4rkten milit\u00e4rischen Aktivit\u00e4t an der Grenze [&hellip;]<\/p>\n","protected":false},"author":3,"featured_media":102355,"comment_status":"open","ping_status":"open","sticky":false,"template":"","format":"standard","meta":{"_yoast_indexnow_last_ping":["1777264639"],"wp_automatic_camp":["217"],"71f60cd95bd9caf0ea3f32db6d66a135":["&quot;Wei\u00dfrussische Bedrohung&quot;: Selenskij malt sich einen neuen Feind an die Wand"],"original_link":["https:\/\/de.rt.com\/meinung\/278011-weissrussische-bedrohung-selenskij-schafft-sich\/"],"_thumbnail_id":["102355"],"jnews_social_counter_last_update":["1777483028"],"_wptgpro_p2tg_sent2tg":["a:1:{i:23737;s:19:\"2026-04-27 06:38:21\";}"]},"categories":[19,23],"tags":[24453,45,768,21500,31939,213,72654,6158,434,2854],"yoast_head":"<!-- This site is optimized with the Yoast SEO Premium plugin v22.7 (Yoast SEO v22.7) - https:\/\/yoast.com\/wordpress\/plugins\/seo\/ -->\n<title>&quot;Wei\u00dfrussische Bedrohung&quot;: Selenskij malt sich einen neuen Feind an die Wand - just-now.NEWS Deutschland<\/title>\n<meta name=\"robots\" content=\"index, follow, max-snippet:-1, max-image-preview:large, max-video-preview:-1\" \/>\n<link rel=\"canonical\" href=\"https:\/\/now-news.de\/de\/deutschland\/weissrussische-bedrohung-selenskij-malt-sich-einen-neuen-feind-an-die-wand\/\" \/>\n<meta property=\"og:locale\" content=\"de_DE\" \/>\n<meta property=\"og:type\" content=\"article\" \/>\n<meta property=\"og:title\" content=\"&quot;Wei\u00dfrussische Bedrohung&quot;: Selenskij malt sich einen neuen Feind an die Wand\" \/>\n<meta property=\"og:description\" content=\"Kiew behauptet, dass Minsk dabei sei, sich auf einen Angriff auf die Ukraine vorzubereiten. Diese Behauptung sieht wie ein Bestandteil einer Informationskampagne aus, mit der der ukrainischen Bev\u00f6lkerung erkl\u00e4rt werden soll, dass die Senkung des Wehrpflichtalters notwendig sei. Von Sergei Mirkin Wladimir Selenskij sprach vor Kurzem von einer angeblich verst\u00e4rkten milit\u00e4rischen Aktivit\u00e4t an der Grenze [&hellip;]\" \/>\n<meta property=\"og:url\" content=\"https:\/\/now-news.de\/de\/deutschland\/weissrussische-bedrohung-selenskij-malt-sich-einen-neuen-feind-an-die-wand\/\" \/>\n<meta property=\"og:site_name\" content=\"just-now.NEWS Deutschland\" \/>\n<meta property=\"article:publisher\" content=\"https:\/\/www.facebook.com\/wirmachenauf\" \/>\n<meta property=\"article:published_time\" content=\"2026-04-27T04:30:00+00:00\" \/>\n<meta property=\"og:image\" content=\"https:\/\/now-news.de\/de\/wp-content\/uploads\/sites\/3\/2026\/04\/69ea3baab480cc3dca0e4a1f.jpg\" \/>\n<meta name=\"author\" content=\"rtnews\" \/>\n<meta name=\"twitter:card\" content=\"summary_large_image\" \/>\n<meta name=\"twitter:creator\" content=\"@WirMachenAuf_de\" \/>\n<meta name=\"twitter:site\" content=\"@WirMachenAuf_de\" \/>\n<meta name=\"twitter:label1\" content=\"Verfasst von\" \/>\n\t<meta name=\"twitter:data1\" content=\"rtnews\" \/>\n\t<meta name=\"twitter:label2\" content=\"Gesch\u00e4tzte Lesezeit\" \/>\n\t<meta name=\"twitter:data2\" content=\"4\u00a0Minuten\" \/>\n<script type=\"application\/ld+json\" class=\"yoast-schema-graph\">{\"@context\":\"https:\/\/schema.org\",\"@graph\":[{\"@type\":\"Article\",\"@id\":\"https:\/\/now-news.de\/de\/deutschland\/weissrussische-bedrohung-selenskij-malt-sich-einen-neuen-feind-an-die-wand\/#article\",\"isPartOf\":{\"@id\":\"https:\/\/now-news.de\/de\/deutschland\/weissrussische-bedrohung-selenskij-malt-sich-einen-neuen-feind-an-die-wand\/\"},\"author\":{\"name\":\"rtnews\",\"@id\":\"https:\/\/now-news.de\/de\/#\/schema\/person\/fb534a4e865501d8b3285208df34a9b5\"},\"headline\":\"&quot;Wei\u00dfrussische Bedrohung&quot;: Selenskij malt sich einen neuen Feind an die Wand\",\"datePublished\":\"2026-04-27T04:30:00+00:00\",\"dateModified\":\"2026-04-27T04:30:00+00:00\",\"mainEntityOfPage\":{\"@id\":\"https:\/\/now-news.de\/de\/deutschland\/weissrussische-bedrohung-selenskij-malt-sich-einen-neuen-feind-an-die-wand\/\"},\"wordCount\":868,\"commentCount\":0,\"publisher\":{\"@id\":\"https:\/\/now-news.de\/de\/#organization\"},\"image\":{\"@id\":\"https:\/\/now-news.de\/de\/deutschland\/weissrussische-bedrohung-selenskij-malt-sich-einen-neuen-feind-an-die-wand\/#primaryimage\"},\"thumbnailUrl\":\"https:\/\/now-news.de\/de\/wp-content\/uploads\/sites\/3\/quotWeissrussische-Bedrohungquot-Selenskij-malt-sich-einen-neuen-Feind-an-die.jpg\",\"keywords\":[\"Bedrohungquot\",\"die\",\"einen\",\"Feind\",\"malt\",\"neuen\",\"quotWei\u00dfrussische\",\"Selenskij\",\"sich\",\"Wand\"],\"articleSection\":[\"Deutschland\",\"Russland\"],\"inLanguage\":\"de\",\"potentialAction\":[{\"@type\":\"CommentAction\",\"name\":\"Comment\",\"target\":[\"https:\/\/now-news.de\/de\/deutschland\/weissrussische-bedrohung-selenskij-malt-sich-einen-neuen-feind-an-die-wand\/#respond\"]}]},{\"@type\":\"WebPage\",\"@id\":\"https:\/\/now-news.de\/de\/deutschland\/weissrussische-bedrohung-selenskij-malt-sich-einen-neuen-feind-an-die-wand\/\",\"url\":\"https:\/\/now-news.de\/de\/deutschland\/weissrussische-bedrohung-selenskij-malt-sich-einen-neuen-feind-an-die-wand\/\",\"name\":\"&quot;Wei\u00dfrussische Bedrohung&quot;: Selenskij malt sich einen neuen Feind an die Wand - just-now.NEWS Deutschland\",\"isPartOf\":{\"@id\":\"https:\/\/now-news.de\/de\/#website\"},\"primaryImageOfPage\":{\"@id\":\"https:\/\/now-news.de\/de\/deutschland\/weissrussische-bedrohung-selenskij-malt-sich-einen-neuen-feind-an-die-wand\/#primaryimage\"},\"image\":{\"@id\":\"https:\/\/now-news.de\/de\/deutschland\/weissrussische-bedrohung-selenskij-malt-sich-einen-neuen-feind-an-die-wand\/#primaryimage\"},\"thumbnailUrl\":\"https:\/\/now-news.de\/de\/wp-content\/uploads\/sites\/3\/quotWeissrussische-Bedrohungquot-Selenskij-malt-sich-einen-neuen-Feind-an-die.jpg\",\"datePublished\":\"2026-04-27T04:30:00+00:00\",\"dateModified\":\"2026-04-27T04:30:00+00:00\",\"breadcrumb\":{\"@id\":\"https:\/\/now-news.de\/de\/deutschland\/weissrussische-bedrohung-selenskij-malt-sich-einen-neuen-feind-an-die-wand\/#breadcrumb\"},\"inLanguage\":\"de\",\"potentialAction\":[{\"@type\":\"ReadAction\",\"target\":[\"https:\/\/now-news.de\/de\/deutschland\/weissrussische-bedrohung-selenskij-malt-sich-einen-neuen-feind-an-die-wand\/\"]}]},{\"@type\":\"ImageObject\",\"inLanguage\":\"de\",\"@id\":\"https:\/\/now-news.de\/de\/deutschland\/weissrussische-bedrohung-selenskij-malt-sich-einen-neuen-feind-an-die-wand\/#primaryimage\",\"url\":\"https:\/\/now-news.de\/de\/wp-content\/uploads\/sites\/3\/quotWeissrussische-Bedrohungquot-Selenskij-malt-sich-einen-neuen-Feind-an-die.jpg\",\"contentUrl\":\"https:\/\/now-news.de\/de\/wp-content\/uploads\/sites\/3\/quotWeissrussische-Bedrohungquot-Selenskij-malt-sich-einen-neuen-Feind-an-die.jpg\",\"caption\":\"&quot;Wei\u00dfrussische Bedrohung&quot;: Selenskij malt sich einen neuen Feind an die Wand\"},{\"@type\":\"BreadcrumbList\",\"@id\":\"https:\/\/now-news.de\/de\/deutschland\/weissrussische-bedrohung-selenskij-malt-sich-einen-neuen-feind-an-die-wand\/#breadcrumb\",\"itemListElement\":[{\"@type\":\"ListItem\",\"position\":1,\"name\":\"Home\",\"item\":\"https:\/\/now-news.de\/de\/\"},{\"@type\":\"ListItem\",\"position\":2,\"name\":\"&quot;Wei\u00dfrussische Bedrohung&quot;: Selenskij malt sich einen neuen Feind an die Wand\"}]},{\"@type\":\"WebSite\",\"@id\":\"https:\/\/now-news.de\/de\/#website\",\"url\":\"https:\/\/now-news.de\/de\/\",\"name\":\"just-now.NEWS Deutschland\",\"description\":\"Das Portal f\u00fcr unzensierte Nachrichten aus der Welt\",\"publisher\":{\"@id\":\"https:\/\/now-news.de\/de\/#organization\"},\"potentialAction\":[{\"@type\":\"SearchAction\",\"target\":{\"@type\":\"EntryPoint\",\"urlTemplate\":\"https:\/\/now-news.de\/de\/?s={search_term_string}\"},\"query-input\":\"required name=search_term_string\"}],\"inLanguage\":\"de\"},{\"@type\":\"Organization\",\"@id\":\"https:\/\/now-news.de\/de\/#organization\",\"name\":\"Just Now News\",\"url\":\"https:\/\/now-news.de\/de\/\",\"logo\":{\"@type\":\"ImageObject\",\"inLanguage\":\"de\",\"@id\":\"https:\/\/now-news.de\/de\/#\/schema\/logo\/image\/\",\"url\":\"http:\/\/just-now.news\/de\/wp-content\/uploads\/sites\/3\/2022\/04\/logo500x500.jpg\",\"contentUrl\":\"http:\/\/just-now.news\/de\/wp-content\/uploads\/sites\/3\/2022\/04\/logo500x500.jpg\",\"width\":500,\"height\":500,\"caption\":\"Just Now News\"},\"image\":{\"@id\":\"https:\/\/now-news.de\/de\/#\/schema\/logo\/image\/\"},\"sameAs\":[\"https:\/\/www.facebook.com\/wirmachenauf\",\"https:\/\/x.com\/WirMachenAuf_de\"]},{\"@type\":\"Person\",\"@id\":\"https:\/\/now-news.de\/de\/#\/schema\/person\/fb534a4e865501d8b3285208df34a9b5\",\"name\":\"rtnews\",\"image\":{\"@type\":\"ImageObject\",\"inLanguage\":\"de\",\"@id\":\"https:\/\/now-news.de\/de\/#\/schema\/person\/image\/\",\"url\":\"https:\/\/secure.gravatar.com\/avatar\/82aafea7d8127119dd649515f56e2117?s=96&d=mm&r=g\",\"contentUrl\":\"https:\/\/secure.gravatar.com\/avatar\/82aafea7d8127119dd649515f56e2117?s=96&d=mm&r=g\",\"caption\":\"rtnews\"},\"url\":\"https:\/\/now-news.de\/de\/author\/rnews\/\"}]}<\/script>\n<!-- \/ Yoast SEO Premium plugin. -->","yoast_head_json":{"title":"&quot;Wei\u00dfrussische Bedrohung&quot;: Selenskij malt sich einen neuen Feind an die Wand - just-now.NEWS Deutschland","robots":{"index":"index","follow":"follow","max-snippet":"max-snippet:-1","max-image-preview":"max-image-preview:large","max-video-preview":"max-video-preview:-1"},"canonical":"https:\/\/now-news.de\/de\/deutschland\/weissrussische-bedrohung-selenskij-malt-sich-einen-neuen-feind-an-die-wand\/","og_locale":"de_DE","og_type":"article","og_title":"&quot;Wei\u00dfrussische Bedrohung&quot;: Selenskij malt sich einen neuen Feind an die Wand","og_description":"Kiew behauptet, dass Minsk dabei sei, sich auf einen Angriff auf die Ukraine vorzubereiten. Diese Behauptung sieht wie ein Bestandteil einer Informationskampagne aus, mit der der ukrainischen Bev\u00f6lkerung erkl\u00e4rt werden soll, dass die Senkung des Wehrpflichtalters notwendig sei. Von Sergei Mirkin Wladimir Selenskij sprach vor Kurzem von einer angeblich verst\u00e4rkten milit\u00e4rischen Aktivit\u00e4t an der Grenze [&hellip;]","og_url":"https:\/\/now-news.de\/de\/deutschland\/weissrussische-bedrohung-selenskij-malt-sich-einen-neuen-feind-an-die-wand\/","og_site_name":"just-now.NEWS Deutschland","article_publisher":"https:\/\/www.facebook.com\/wirmachenauf","article_published_time":"2026-04-27T04:30:00+00:00","og_image":[{"url":"https:\/\/now-news.de\/de\/wp-content\/uploads\/sites\/3\/2026\/04\/69ea3baab480cc3dca0e4a1f.jpg"}],"author":"rtnews","twitter_card":"summary_large_image","twitter_creator":"@WirMachenAuf_de","twitter_site":"@WirMachenAuf_de","twitter_misc":{"Verfasst von":"rtnews","Gesch\u00e4tzte Lesezeit":"4\u00a0Minuten"},"schema":{"@context":"https:\/\/schema.org","@graph":[{"@type":"Article","@id":"https:\/\/now-news.de\/de\/deutschland\/weissrussische-bedrohung-selenskij-malt-sich-einen-neuen-feind-an-die-wand\/#article","isPartOf":{"@id":"https:\/\/now-news.de\/de\/deutschland\/weissrussische-bedrohung-selenskij-malt-sich-einen-neuen-feind-an-die-wand\/"},"author":{"name":"rtnews","@id":"https:\/\/now-news.de\/de\/#\/schema\/person\/fb534a4e865501d8b3285208df34a9b5"},"headline":"&quot;Wei\u00dfrussische Bedrohung&quot;: Selenskij malt sich einen neuen Feind an die Wand","datePublished":"2026-04-27T04:30:00+00:00","dateModified":"2026-04-27T04:30:00+00:00","mainEntityOfPage":{"@id":"https:\/\/now-news.de\/de\/deutschland\/weissrussische-bedrohung-selenskij-malt-sich-einen-neuen-feind-an-die-wand\/"},"wordCount":868,"commentCount":0,"publisher":{"@id":"https:\/\/now-news.de\/de\/#organization"},"image":{"@id":"https:\/\/now-news.de\/de\/deutschland\/weissrussische-bedrohung-selenskij-malt-sich-einen-neuen-feind-an-die-wand\/#primaryimage"},"thumbnailUrl":"https:\/\/now-news.de\/de\/wp-content\/uploads\/sites\/3\/quotWeissrussische-Bedrohungquot-Selenskij-malt-sich-einen-neuen-Feind-an-die.jpg","keywords":["Bedrohungquot","die","einen","Feind","malt","neuen","quotWei\u00dfrussische","Selenskij","sich","Wand"],"articleSection":["Deutschland","Russland"],"inLanguage":"de","potentialAction":[{"@type":"CommentAction","name":"Comment","target":["https:\/\/now-news.de\/de\/deutschland\/weissrussische-bedrohung-selenskij-malt-sich-einen-neuen-feind-an-die-wand\/#respond"]}]},{"@type":"WebPage","@id":"https:\/\/now-news.de\/de\/deutschland\/weissrussische-bedrohung-selenskij-malt-sich-einen-neuen-feind-an-die-wand\/","url":"https:\/\/now-news.de\/de\/deutschland\/weissrussische-bedrohung-selenskij-malt-sich-einen-neuen-feind-an-die-wand\/","name":"&quot;Wei\u00dfrussische Bedrohung&quot;: Selenskij malt sich einen neuen Feind an die Wand - just-now.NEWS Deutschland","isPartOf":{"@id":"https:\/\/now-news.de\/de\/#website"},"primaryImageOfPage":{"@id":"https:\/\/now-news.de\/de\/deutschland\/weissrussische-bedrohung-selenskij-malt-sich-einen-neuen-feind-an-die-wand\/#primaryimage"},"image":{"@id":"https:\/\/now-news.de\/de\/deutschland\/weissrussische-bedrohung-selenskij-malt-sich-einen-neuen-feind-an-die-wand\/#primaryimage"},"thumbnailUrl":"https:\/\/now-news.de\/de\/wp-content\/uploads\/sites\/3\/quotWeissrussische-Bedrohungquot-Selenskij-malt-sich-einen-neuen-Feind-an-die.jpg","datePublished":"2026-04-27T04:30:00+00:00","dateModified":"2026-04-27T04:30:00+00:00","breadcrumb":{"@id":"https:\/\/now-news.de\/de\/deutschland\/weissrussische-bedrohung-selenskij-malt-sich-einen-neuen-feind-an-die-wand\/#breadcrumb"},"inLanguage":"de","potentialAction":[{"@type":"ReadAction","target":["https:\/\/now-news.de\/de\/deutschland\/weissrussische-bedrohung-selenskij-malt-sich-einen-neuen-feind-an-die-wand\/"]}]},{"@type":"ImageObject","inLanguage":"de","@id":"https:\/\/now-news.de\/de\/deutschland\/weissrussische-bedrohung-selenskij-malt-sich-einen-neuen-feind-an-die-wand\/#primaryimage","url":"https:\/\/now-news.de\/de\/wp-content\/uploads\/sites\/3\/quotWeissrussische-Bedrohungquot-Selenskij-malt-sich-einen-neuen-Feind-an-die.jpg","contentUrl":"https:\/\/now-news.de\/de\/wp-content\/uploads\/sites\/3\/quotWeissrussische-Bedrohungquot-Selenskij-malt-sich-einen-neuen-Feind-an-die.jpg","caption":"&quot;Wei\u00dfrussische Bedrohung&quot;: Selenskij malt sich einen neuen Feind an die Wand"},{"@type":"BreadcrumbList","@id":"https:\/\/now-news.de\/de\/deutschland\/weissrussische-bedrohung-selenskij-malt-sich-einen-neuen-feind-an-die-wand\/#breadcrumb","itemListElement":[{"@type":"ListItem","position":1,"name":"Home","item":"https:\/\/now-news.de\/de\/"},{"@type":"ListItem","position":2,"name":"&quot;Wei\u00dfrussische Bedrohung&quot;: Selenskij malt sich einen neuen Feind an die Wand"}]},{"@type":"WebSite","@id":"https:\/\/now-news.de\/de\/#website","url":"https:\/\/now-news.de\/de\/","name":"just-now.NEWS Deutschland","description":"Das Portal f\u00fcr unzensierte Nachrichten aus der Welt","publisher":{"@id":"https:\/\/now-news.de\/de\/#organization"},"potentialAction":[{"@type":"SearchAction","target":{"@type":"EntryPoint","urlTemplate":"https:\/\/now-news.de\/de\/?s={search_term_string}"},"query-input":"required name=search_term_string"}],"inLanguage":"de"},{"@type":"Organization","@id":"https:\/\/now-news.de\/de\/#organization","name":"Just Now News","url":"https:\/\/now-news.de\/de\/","logo":{"@type":"ImageObject","inLanguage":"de","@id":"https:\/\/now-news.de\/de\/#\/schema\/logo\/image\/","url":"http:\/\/just-now.news\/de\/wp-content\/uploads\/sites\/3\/2022\/04\/logo500x500.jpg","contentUrl":"http:\/\/just-now.news\/de\/wp-content\/uploads\/sites\/3\/2022\/04\/logo500x500.jpg","width":500,"height":500,"caption":"Just Now News"},"image":{"@id":"https:\/\/now-news.de\/de\/#\/schema\/logo\/image\/"},"sameAs":["https:\/\/www.facebook.com\/wirmachenauf","https:\/\/x.com\/WirMachenAuf_de"]},{"@type":"Person","@id":"https:\/\/now-news.de\/de\/#\/schema\/person\/fb534a4e865501d8b3285208df34a9b5","name":"rtnews","image":{"@type":"ImageObject","inLanguage":"de","@id":"https:\/\/now-news.de\/de\/#\/schema\/person\/image\/","url":"https:\/\/secure.gravatar.com\/avatar\/82aafea7d8127119dd649515f56e2117?s=96&d=mm&r=g","contentUrl":"https:\/\/secure.gravatar.com\/avatar\/82aafea7d8127119dd649515f56e2117?s=96&d=mm&r=g","caption":"rtnews"},"url":"https:\/\/now-news.de\/de\/author\/rnews\/"}]}},"_links":{"self":[{"href":"https:\/\/now-news.de\/de\/wp-json\/wp\/v2\/posts\/102354"}],"collection":[{"href":"https:\/\/now-news.de\/de\/wp-json\/wp\/v2\/posts"}],"about":[{"href":"https:\/\/now-news.de\/de\/wp-json\/wp\/v2\/types\/post"}],"author":[{"embeddable":true,"href":"https:\/\/now-news.de\/de\/wp-json\/wp\/v2\/users\/3"}],"replies":[{"embeddable":true,"href":"https:\/\/now-news.de\/de\/wp-json\/wp\/v2\/comments?post=102354"}],"version-history":[{"count":0,"href":"https:\/\/now-news.de\/de\/wp-json\/wp\/v2\/posts\/102354\/revisions"}],"wp:featuredmedia":[{"embeddable":true,"href":"https:\/\/now-news.de\/de\/wp-json\/wp\/v2\/media\/102355"}],"wp:attachment":[{"href":"https:\/\/now-news.de\/de\/wp-json\/wp\/v2\/media?parent=102354"}],"wp:term":[{"taxonomy":"category","embeddable":true,"href":"https:\/\/now-news.de\/de\/wp-json\/wp\/v2\/categories?post=102354"},{"taxonomy":"post_tag","embeddable":true,"href":"https:\/\/now-news.de\/de\/wp-json\/wp\/v2\/tags?post=102354"}],"curies":[{"name":"wp","href":"https:\/\/api.w.org\/{rel}","templated":true}]}}