{"id":102346,"date":"2026-04-26T21:40:00","date_gmt":"2026-04-26T19:40:00","guid":{"rendered":"https:\/\/now-news.de\/de\/deutschland\/ex-verfassungsrichter-mueller-brandmauer-zur-afd-laengst-geschliffen\/"},"modified":"2026-04-26T21:40:00","modified_gmt":"2026-04-26T19:40:00","slug":"ex-verfassungsrichter-mueller-brandmauer-zur-afd-laengst-geschliffen","status":"publish","type":"post","link":"https:\/\/now-news.de\/de\/deutschland\/ex-verfassungsrichter-mueller-brandmauer-zur-afd-laengst-geschliffen\/","title":{"rendered":"Ex-Verfassungsrichter M\u00fcller: Brandmauer zur AfD &quot;l\u00e4ngst geschliffen&quot;"},"content":{"rendered":"<p><img decoding=\"async\" src=\"https:\/\/now-news.de\/de\/wp-content\/uploads\/sites\/3\/2026\/04\/69ee3dbf48fbef76756f027e.jpg\" \/><\/p>\n<div class=\"Text-root Text-type_1 \">\n                Der fr\u00fchere Ministerpr\u00e4sident des Saarlandes und sp\u00e4tere Verfassungsrichter Peter M\u00fcller (CDU) fordert ein Umdenken im Umgang mit der AfD. Auch \u00fcber ein Parteiverbot solle nicht mehr diskutiert werden. Beginnt damit ein genereller Umschwung bei der kriselnden Union?\n            <\/div>\n<p><\/p>\n<div class=\"Text-root Text-type_5 ArticleView-text ViewText-root \">\n<p>Der fr\u00fchere saarl\u00e4ndische Ministerpr\u00e4sident und Bundesverfassungsrichter Peter M\u00fcller hat sich f\u00fcr ein Ende der Brandmauer-Diskussion ausgesprochen. &#8220;Die &#8216;Brandmauer&#8217; ist in der parlamentarischen Wirklichkeit l\u00e4ngst geschliffen&#8221;, schreibt der Christdemokrat in der <em>S\u00fcddeutschen Zeitung <\/em>und verweist auf verschiedene Beispiele, in denen andere Parteien bereits gemeinsam mit der AfD abgestimmt haben.<\/p>\n<p>&#8220;Zweifellos sind bewusste Kooperationen oder gar Koalitionen mit einer sich radikalisierenden AfD ausgeschlossen&#8221;, erl\u00e4utert M\u00fcller, um sich dann fast selbst zu widersprechen indem er erg\u00e4nzte:<\/p>\n<blockquote>\n<p><em>&#8220;Dies darf aber nicht dazu f\u00fchren, dass Parteien Positionen, die sie f\u00fcr richtig halten, nur deshalb nicht vertreten, weil diese von der AfD geteilt werden. Das nutzt allein der AfD.&#8221;<\/em><\/p>\n<\/blockquote>\n<p>Der Politsenior fordert die etablierten Parteien au\u00dferdem dazu auf, die AfD nicht mehr im Parlamentsbetrieb zu benachteiligen. Als Beispiel verweist er auf das Vorhaben von CDU und SPD in Rheinland-Pfalz, das Quorum f\u00fcr Untersuchungsaussch\u00fcsse anzuheben, um der AfD die M\u00f6glichkeit zu entziehen, ein solches Gremium einzurichten. M\u00fcller meint: &#8220;Der dadurch begr\u00fcndete Eindruck des unfairen Umgangs mit frei gew\u00e4hlten Abgeordneten schadet regelm\u00e4\u00dfig mehr, als er n\u00fctzt.&#8221;<\/p>\n<p>Auch die Parteiverbotsdebatte m\u00fcsse gestoppt werden. &#8220;Verbotsverfahren sind langwierig und erlauben es der Partei, sich zum M\u00e4rtyrer zu stilisieren. Bei der AfD ist zudem der Erfolg eines solchen Verfahrens nicht garantiert \u2013 wie die vorl\u00e4ufige Aufhebung ihrer bundesweiten Einstufung als &#8216;gesichert rechtsextrem&#8217; durch das Verwaltungsgericht K\u00f6ln zeigt.&#8221; Letztlich m\u00fcssten die anderen Parteien gut regieren und Repr\u00e4sentationsl\u00fccken schlie\u00dfen. &#8220;Dies gilt vor allem f\u00fcr bestimmte migrations- und sicherheitspolitische Themen. Die Behauptung, wer diese anspreche, bediene rechtsextreme Narrative, ist ein Totschlagsargument, das der AfD die Meinungsf\u00fchrerschaft sichert bei Fragen, die viele Menschen umtreiben.&#8221; Ob nun eine Debatte \u00fcber m\u00f6gliche Koalitionspl\u00e4ne von M\u00fcllers Union mit der AfD beginnt, bleibt abzuwarten.<\/p>\n<p><strong>Mehr zum Thema<\/strong>\u00a0\u2013\u00a0<a rel=\"nofollow noopener\" target=\"_blank\" href=\"https:\/\/freedert.online\/kurzclips\/video\/277182-wirtschaft-unter-druck-tankrabatt-und\/\">Wirtschaft unter Druck: Tankrabatt und Pr\u00e4mien sto\u00dfen auf Kritik<\/a><\/p>\n<\/div>\n<p><br \/>\n<br \/><a href=\"https:\/\/de.rt.com\/inland\/278286-ex-verfassungsrichter-mueller-brandmauer-zur\/\">Source link <\/a><\/p>\n","protected":false},"excerpt":{"rendered":"<p>Der fr\u00fchere Ministerpr\u00e4sident des Saarlandes und sp\u00e4tere Verfassungsrichter Peter M\u00fcller (CDU) fordert ein Umdenken im Umgang mit der AfD. Auch \u00fcber ein Parteiverbot solle nicht mehr diskutiert werden. Beginnt damit ein genereller Umschwung bei der kriselnden Union? Der fr\u00fchere saarl\u00e4ndische Ministerpr\u00e4sident und Bundesverfassungsrichter Peter M\u00fcller hat sich f\u00fcr ein Ende der Brandmauer-Diskussion ausgesprochen. &#8220;Die &#8216;Brandmauer&#8217; [&hellip;]<\/p>\n","protected":false},"author":3,"featured_media":102347,"comment_status":"open","ping_status":"open","sticky":false,"template":"","format":"standard","meta":{"_yoast_indexnow_last_ping":["1777232898"],"wp_automatic_camp":["217"],"c0931342caed26f92d7a68dea9dcaa2b":["Ex-Verfassungsrichter M\u00fcller: Brandmauer zur AfD &quot;l\u00e4ngst geschliffen&quot;"],"original_link":["https:\/\/de.rt.com\/inland\/278286-ex-verfassungsrichter-mueller-brandmauer-zur\/"],"_thumbnail_id":["102347"],"jnews_social_counter_last_update":["1777451526"],"_wptgpro_p2tg_sent2tg":["a:1:{i:23737;s:19:\"2026-04-26 21:49:17\";}"]},"categories":[19,23],"tags":[3815,49038,72650,72651,4195,36119,581],"yoast_head":"<!-- This site is optimized with the Yoast SEO Premium plugin v22.7 (Yoast SEO v22.7) - https:\/\/yoast.com\/wordpress\/plugins\/seo\/ -->\n<title>Ex-Verfassungsrichter M\u00fcller: Brandmauer zur AfD &quot;l\u00e4ngst geschliffen&quot; - just-now.NEWS Deutschland<\/title>\n<meta name=\"robots\" content=\"index, follow, max-snippet:-1, max-image-preview:large, max-video-preview:-1\" \/>\n<link rel=\"canonical\" href=\"https:\/\/now-news.de\/de\/deutschland\/ex-verfassungsrichter-mueller-brandmauer-zur-afd-laengst-geschliffen\/\" \/>\n<meta property=\"og:locale\" content=\"de_DE\" \/>\n<meta property=\"og:type\" content=\"article\" \/>\n<meta property=\"og:title\" content=\"Ex-Verfassungsrichter M\u00fcller: Brandmauer zur AfD &quot;l\u00e4ngst geschliffen&quot;\" \/>\n<meta property=\"og:description\" content=\"Der fr\u00fchere Ministerpr\u00e4sident des Saarlandes und sp\u00e4tere Verfassungsrichter Peter M\u00fcller (CDU) fordert ein Umdenken im Umgang mit der AfD. Auch \u00fcber ein Parteiverbot solle nicht mehr diskutiert werden. Beginnt damit ein genereller Umschwung bei der kriselnden Union? Der fr\u00fchere saarl\u00e4ndische Ministerpr\u00e4sident und Bundesverfassungsrichter Peter M\u00fcller hat sich f\u00fcr ein Ende der Brandmauer-Diskussion ausgesprochen. &#8220;Die &#8216;Brandmauer&#8217; [&hellip;]\" \/>\n<meta property=\"og:url\" content=\"https:\/\/now-news.de\/de\/deutschland\/ex-verfassungsrichter-mueller-brandmauer-zur-afd-laengst-geschliffen\/\" \/>\n<meta property=\"og:site_name\" content=\"just-now.NEWS Deutschland\" \/>\n<meta property=\"article:publisher\" content=\"https:\/\/www.facebook.com\/wirmachenauf\" \/>\n<meta property=\"article:published_time\" content=\"2026-04-26T19:40:00+00:00\" \/>\n<meta property=\"og:image\" content=\"https:\/\/now-news.de\/de\/wp-content\/uploads\/sites\/3\/2026\/04\/69ee3dbf48fbef76756f027e.jpg\" \/>\n<meta name=\"author\" content=\"rtnews\" \/>\n<meta name=\"twitter:card\" content=\"summary_large_image\" \/>\n<meta name=\"twitter:creator\" content=\"@WirMachenAuf_de\" \/>\n<meta name=\"twitter:site\" content=\"@WirMachenAuf_de\" \/>\n<meta name=\"twitter:label1\" content=\"Verfasst von\" \/>\n\t<meta name=\"twitter:data1\" content=\"rtnews\" \/>\n\t<meta name=\"twitter:label2\" content=\"Gesch\u00e4tzte Lesezeit\" \/>\n\t<meta name=\"twitter:data2\" content=\"2\u00a0Minuten\" \/>\n<script type=\"application\/ld+json\" class=\"yoast-schema-graph\">{\"@context\":\"https:\/\/schema.org\",\"@graph\":[{\"@type\":\"Article\",\"@id\":\"https:\/\/now-news.de\/de\/deutschland\/ex-verfassungsrichter-mueller-brandmauer-zur-afd-laengst-geschliffen\/#article\",\"isPartOf\":{\"@id\":\"https:\/\/now-news.de\/de\/deutschland\/ex-verfassungsrichter-mueller-brandmauer-zur-afd-laengst-geschliffen\/\"},\"author\":{\"name\":\"rtnews\",\"@id\":\"https:\/\/now-news.de\/de\/#\/schema\/person\/fb534a4e865501d8b3285208df34a9b5\"},\"headline\":\"Ex-Verfassungsrichter M\u00fcller: Brandmauer zur AfD &quot;l\u00e4ngst geschliffen&quot;\",\"datePublished\":\"2026-04-26T19:40:00+00:00\",\"dateModified\":\"2026-04-26T19:40:00+00:00\",\"mainEntityOfPage\":{\"@id\":\"https:\/\/now-news.de\/de\/deutschland\/ex-verfassungsrichter-mueller-brandmauer-zur-afd-laengst-geschliffen\/\"},\"wordCount\":376,\"commentCount\":0,\"publisher\":{\"@id\":\"https:\/\/now-news.de\/de\/#organization\"},\"image\":{\"@id\":\"https:\/\/now-news.de\/de\/deutschland\/ex-verfassungsrichter-mueller-brandmauer-zur-afd-laengst-geschliffen\/#primaryimage\"},\"thumbnailUrl\":\"https:\/\/now-news.de\/de\/wp-content\/uploads\/sites\/3\/Ex-Verfassungsrichter-Mueller-Brandmauer-zur-AfD-quotlaengst-geschliffenquot.jpg\",\"keywords\":[\"AfD\",\"Brandmauer\",\"ExVerfassungsrichter\",\"geschliffenquot\",\"M\u00fcller\",\"quotL\u00e4ngst\",\"zur\"],\"articleSection\":[\"Deutschland\",\"Russland\"],\"inLanguage\":\"de\",\"potentialAction\":[{\"@type\":\"CommentAction\",\"name\":\"Comment\",\"target\":[\"https:\/\/now-news.de\/de\/deutschland\/ex-verfassungsrichter-mueller-brandmauer-zur-afd-laengst-geschliffen\/#respond\"]}]},{\"@type\":\"WebPage\",\"@id\":\"https:\/\/now-news.de\/de\/deutschland\/ex-verfassungsrichter-mueller-brandmauer-zur-afd-laengst-geschliffen\/\",\"url\":\"https:\/\/now-news.de\/de\/deutschland\/ex-verfassungsrichter-mueller-brandmauer-zur-afd-laengst-geschliffen\/\",\"name\":\"Ex-Verfassungsrichter M\u00fcller: Brandmauer zur AfD &quot;l\u00e4ngst geschliffen&quot; - just-now.NEWS Deutschland\",\"isPartOf\":{\"@id\":\"https:\/\/now-news.de\/de\/#website\"},\"primaryImageOfPage\":{\"@id\":\"https:\/\/now-news.de\/de\/deutschland\/ex-verfassungsrichter-mueller-brandmauer-zur-afd-laengst-geschliffen\/#primaryimage\"},\"image\":{\"@id\":\"https:\/\/now-news.de\/de\/deutschland\/ex-verfassungsrichter-mueller-brandmauer-zur-afd-laengst-geschliffen\/#primaryimage\"},\"thumbnailUrl\":\"https:\/\/now-news.de\/de\/wp-content\/uploads\/sites\/3\/Ex-Verfassungsrichter-Mueller-Brandmauer-zur-AfD-quotlaengst-geschliffenquot.jpg\",\"datePublished\":\"2026-04-26T19:40:00+00:00\",\"dateModified\":\"2026-04-26T19:40:00+00:00\",\"breadcrumb\":{\"@id\":\"https:\/\/now-news.de\/de\/deutschland\/ex-verfassungsrichter-mueller-brandmauer-zur-afd-laengst-geschliffen\/#breadcrumb\"},\"inLanguage\":\"de\",\"potentialAction\":[{\"@type\":\"ReadAction\",\"target\":[\"https:\/\/now-news.de\/de\/deutschland\/ex-verfassungsrichter-mueller-brandmauer-zur-afd-laengst-geschliffen\/\"]}]},{\"@type\":\"ImageObject\",\"inLanguage\":\"de\",\"@id\":\"https:\/\/now-news.de\/de\/deutschland\/ex-verfassungsrichter-mueller-brandmauer-zur-afd-laengst-geschliffen\/#primaryimage\",\"url\":\"https:\/\/now-news.de\/de\/wp-content\/uploads\/sites\/3\/Ex-Verfassungsrichter-Mueller-Brandmauer-zur-AfD-quotlaengst-geschliffenquot.jpg\",\"contentUrl\":\"https:\/\/now-news.de\/de\/wp-content\/uploads\/sites\/3\/Ex-Verfassungsrichter-Mueller-Brandmauer-zur-AfD-quotlaengst-geschliffenquot.jpg\",\"caption\":\"Ex-Verfassungsrichter M\u00fcller: Brandmauer zur AfD &quot;l\u00e4ngst geschliffen&quot;\"},{\"@type\":\"BreadcrumbList\",\"@id\":\"https:\/\/now-news.de\/de\/deutschland\/ex-verfassungsrichter-mueller-brandmauer-zur-afd-laengst-geschliffen\/#breadcrumb\",\"itemListElement\":[{\"@type\":\"ListItem\",\"position\":1,\"name\":\"Home\",\"item\":\"https:\/\/now-news.de\/de\/\"},{\"@type\":\"ListItem\",\"position\":2,\"name\":\"Ex-Verfassungsrichter M\u00fcller: Brandmauer zur AfD &quot;l\u00e4ngst geschliffen&quot;\"}]},{\"@type\":\"WebSite\",\"@id\":\"https:\/\/now-news.de\/de\/#website\",\"url\":\"https:\/\/now-news.de\/de\/\",\"name\":\"just-now.NEWS Deutschland\",\"description\":\"Das Portal f\u00fcr unzensierte Nachrichten aus der Welt\",\"publisher\":{\"@id\":\"https:\/\/now-news.de\/de\/#organization\"},\"potentialAction\":[{\"@type\":\"SearchAction\",\"target\":{\"@type\":\"EntryPoint\",\"urlTemplate\":\"https:\/\/now-news.de\/de\/?s={search_term_string}\"},\"query-input\":\"required name=search_term_string\"}],\"inLanguage\":\"de\"},{\"@type\":\"Organization\",\"@id\":\"https:\/\/now-news.de\/de\/#organization\",\"name\":\"Just Now News\",\"url\":\"https:\/\/now-news.de\/de\/\",\"logo\":{\"@type\":\"ImageObject\",\"inLanguage\":\"de\",\"@id\":\"https:\/\/now-news.de\/de\/#\/schema\/logo\/image\/\",\"url\":\"http:\/\/just-now.news\/de\/wp-content\/uploads\/sites\/3\/2022\/04\/logo500x500.jpg\",\"contentUrl\":\"http:\/\/just-now.news\/de\/wp-content\/uploads\/sites\/3\/2022\/04\/logo500x500.jpg\",\"width\":500,\"height\":500,\"caption\":\"Just Now News\"},\"image\":{\"@id\":\"https:\/\/now-news.de\/de\/#\/schema\/logo\/image\/\"},\"sameAs\":[\"https:\/\/www.facebook.com\/wirmachenauf\",\"https:\/\/x.com\/WirMachenAuf_de\"]},{\"@type\":\"Person\",\"@id\":\"https:\/\/now-news.de\/de\/#\/schema\/person\/fb534a4e865501d8b3285208df34a9b5\",\"name\":\"rtnews\",\"image\":{\"@type\":\"ImageObject\",\"inLanguage\":\"de\",\"@id\":\"https:\/\/now-news.de\/de\/#\/schema\/person\/image\/\",\"url\":\"https:\/\/secure.gravatar.com\/avatar\/82aafea7d8127119dd649515f56e2117?s=96&d=mm&r=g\",\"contentUrl\":\"https:\/\/secure.gravatar.com\/avatar\/82aafea7d8127119dd649515f56e2117?s=96&d=mm&r=g\",\"caption\":\"rtnews\"},\"url\":\"https:\/\/now-news.de\/de\/author\/rnews\/\"}]}<\/script>\n<!-- \/ Yoast SEO Premium plugin. -->","yoast_head_json":{"title":"Ex-Verfassungsrichter M\u00fcller: Brandmauer zur AfD &quot;l\u00e4ngst geschliffen&quot; - just-now.NEWS Deutschland","robots":{"index":"index","follow":"follow","max-snippet":"max-snippet:-1","max-image-preview":"max-image-preview:large","max-video-preview":"max-video-preview:-1"},"canonical":"https:\/\/now-news.de\/de\/deutschland\/ex-verfassungsrichter-mueller-brandmauer-zur-afd-laengst-geschliffen\/","og_locale":"de_DE","og_type":"article","og_title":"Ex-Verfassungsrichter M\u00fcller: Brandmauer zur AfD &quot;l\u00e4ngst geschliffen&quot;","og_description":"Der fr\u00fchere Ministerpr\u00e4sident des Saarlandes und sp\u00e4tere Verfassungsrichter Peter M\u00fcller (CDU) fordert ein Umdenken im Umgang mit der AfD. Auch \u00fcber ein Parteiverbot solle nicht mehr diskutiert werden. Beginnt damit ein genereller Umschwung bei der kriselnden Union? Der fr\u00fchere saarl\u00e4ndische Ministerpr\u00e4sident und Bundesverfassungsrichter Peter M\u00fcller hat sich f\u00fcr ein Ende der Brandmauer-Diskussion ausgesprochen. &#8220;Die &#8216;Brandmauer&#8217; [&hellip;]","og_url":"https:\/\/now-news.de\/de\/deutschland\/ex-verfassungsrichter-mueller-brandmauer-zur-afd-laengst-geschliffen\/","og_site_name":"just-now.NEWS Deutschland","article_publisher":"https:\/\/www.facebook.com\/wirmachenauf","article_published_time":"2026-04-26T19:40:00+00:00","og_image":[{"url":"https:\/\/now-news.de\/de\/wp-content\/uploads\/sites\/3\/2026\/04\/69ee3dbf48fbef76756f027e.jpg"}],"author":"rtnews","twitter_card":"summary_large_image","twitter_creator":"@WirMachenAuf_de","twitter_site":"@WirMachenAuf_de","twitter_misc":{"Verfasst von":"rtnews","Gesch\u00e4tzte Lesezeit":"2\u00a0Minuten"},"schema":{"@context":"https:\/\/schema.org","@graph":[{"@type":"Article","@id":"https:\/\/now-news.de\/de\/deutschland\/ex-verfassungsrichter-mueller-brandmauer-zur-afd-laengst-geschliffen\/#article","isPartOf":{"@id":"https:\/\/now-news.de\/de\/deutschland\/ex-verfassungsrichter-mueller-brandmauer-zur-afd-laengst-geschliffen\/"},"author":{"name":"rtnews","@id":"https:\/\/now-news.de\/de\/#\/schema\/person\/fb534a4e865501d8b3285208df34a9b5"},"headline":"Ex-Verfassungsrichter M\u00fcller: Brandmauer zur AfD &quot;l\u00e4ngst geschliffen&quot;","datePublished":"2026-04-26T19:40:00+00:00","dateModified":"2026-04-26T19:40:00+00:00","mainEntityOfPage":{"@id":"https:\/\/now-news.de\/de\/deutschland\/ex-verfassungsrichter-mueller-brandmauer-zur-afd-laengst-geschliffen\/"},"wordCount":376,"commentCount":0,"publisher":{"@id":"https:\/\/now-news.de\/de\/#organization"},"image":{"@id":"https:\/\/now-news.de\/de\/deutschland\/ex-verfassungsrichter-mueller-brandmauer-zur-afd-laengst-geschliffen\/#primaryimage"},"thumbnailUrl":"https:\/\/now-news.de\/de\/wp-content\/uploads\/sites\/3\/Ex-Verfassungsrichter-Mueller-Brandmauer-zur-AfD-quotlaengst-geschliffenquot.jpg","keywords":["AfD","Brandmauer","ExVerfassungsrichter","geschliffenquot","M\u00fcller","quotL\u00e4ngst","zur"],"articleSection":["Deutschland","Russland"],"inLanguage":"de","potentialAction":[{"@type":"CommentAction","name":"Comment","target":["https:\/\/now-news.de\/de\/deutschland\/ex-verfassungsrichter-mueller-brandmauer-zur-afd-laengst-geschliffen\/#respond"]}]},{"@type":"WebPage","@id":"https:\/\/now-news.de\/de\/deutschland\/ex-verfassungsrichter-mueller-brandmauer-zur-afd-laengst-geschliffen\/","url":"https:\/\/now-news.de\/de\/deutschland\/ex-verfassungsrichter-mueller-brandmauer-zur-afd-laengst-geschliffen\/","name":"Ex-Verfassungsrichter M\u00fcller: Brandmauer zur AfD &quot;l\u00e4ngst geschliffen&quot; - just-now.NEWS Deutschland","isPartOf":{"@id":"https:\/\/now-news.de\/de\/#website"},"primaryImageOfPage":{"@id":"https:\/\/now-news.de\/de\/deutschland\/ex-verfassungsrichter-mueller-brandmauer-zur-afd-laengst-geschliffen\/#primaryimage"},"image":{"@id":"https:\/\/now-news.de\/de\/deutschland\/ex-verfassungsrichter-mueller-brandmauer-zur-afd-laengst-geschliffen\/#primaryimage"},"thumbnailUrl":"https:\/\/now-news.de\/de\/wp-content\/uploads\/sites\/3\/Ex-Verfassungsrichter-Mueller-Brandmauer-zur-AfD-quotlaengst-geschliffenquot.jpg","datePublished":"2026-04-26T19:40:00+00:00","dateModified":"2026-04-26T19:40:00+00:00","breadcrumb":{"@id":"https:\/\/now-news.de\/de\/deutschland\/ex-verfassungsrichter-mueller-brandmauer-zur-afd-laengst-geschliffen\/#breadcrumb"},"inLanguage":"de","potentialAction":[{"@type":"ReadAction","target":["https:\/\/now-news.de\/de\/deutschland\/ex-verfassungsrichter-mueller-brandmauer-zur-afd-laengst-geschliffen\/"]}]},{"@type":"ImageObject","inLanguage":"de","@id":"https:\/\/now-news.de\/de\/deutschland\/ex-verfassungsrichter-mueller-brandmauer-zur-afd-laengst-geschliffen\/#primaryimage","url":"https:\/\/now-news.de\/de\/wp-content\/uploads\/sites\/3\/Ex-Verfassungsrichter-Mueller-Brandmauer-zur-AfD-quotlaengst-geschliffenquot.jpg","contentUrl":"https:\/\/now-news.de\/de\/wp-content\/uploads\/sites\/3\/Ex-Verfassungsrichter-Mueller-Brandmauer-zur-AfD-quotlaengst-geschliffenquot.jpg","caption":"Ex-Verfassungsrichter M\u00fcller: Brandmauer zur AfD &quot;l\u00e4ngst geschliffen&quot;"},{"@type":"BreadcrumbList","@id":"https:\/\/now-news.de\/de\/deutschland\/ex-verfassungsrichter-mueller-brandmauer-zur-afd-laengst-geschliffen\/#breadcrumb","itemListElement":[{"@type":"ListItem","position":1,"name":"Home","item":"https:\/\/now-news.de\/de\/"},{"@type":"ListItem","position":2,"name":"Ex-Verfassungsrichter M\u00fcller: Brandmauer zur AfD &quot;l\u00e4ngst geschliffen&quot;"}]},{"@type":"WebSite","@id":"https:\/\/now-news.de\/de\/#website","url":"https:\/\/now-news.de\/de\/","name":"just-now.NEWS Deutschland","description":"Das Portal f\u00fcr unzensierte Nachrichten aus der Welt","publisher":{"@id":"https:\/\/now-news.de\/de\/#organization"},"potentialAction":[{"@type":"SearchAction","target":{"@type":"EntryPoint","urlTemplate":"https:\/\/now-news.de\/de\/?s={search_term_string}"},"query-input":"required name=search_term_string"}],"inLanguage":"de"},{"@type":"Organization","@id":"https:\/\/now-news.de\/de\/#organization","name":"Just Now News","url":"https:\/\/now-news.de\/de\/","logo":{"@type":"ImageObject","inLanguage":"de","@id":"https:\/\/now-news.de\/de\/#\/schema\/logo\/image\/","url":"http:\/\/just-now.news\/de\/wp-content\/uploads\/sites\/3\/2022\/04\/logo500x500.jpg","contentUrl":"http:\/\/just-now.news\/de\/wp-content\/uploads\/sites\/3\/2022\/04\/logo500x500.jpg","width":500,"height":500,"caption":"Just Now News"},"image":{"@id":"https:\/\/now-news.de\/de\/#\/schema\/logo\/image\/"},"sameAs":["https:\/\/www.facebook.com\/wirmachenauf","https:\/\/x.com\/WirMachenAuf_de"]},{"@type":"Person","@id":"https:\/\/now-news.de\/de\/#\/schema\/person\/fb534a4e865501d8b3285208df34a9b5","name":"rtnews","image":{"@type":"ImageObject","inLanguage":"de","@id":"https:\/\/now-news.de\/de\/#\/schema\/person\/image\/","url":"https:\/\/secure.gravatar.com\/avatar\/82aafea7d8127119dd649515f56e2117?s=96&d=mm&r=g","contentUrl":"https:\/\/secure.gravatar.com\/avatar\/82aafea7d8127119dd649515f56e2117?s=96&d=mm&r=g","caption":"rtnews"},"url":"https:\/\/now-news.de\/de\/author\/rnews\/"}]}},"_links":{"self":[{"href":"https:\/\/now-news.de\/de\/wp-json\/wp\/v2\/posts\/102346"}],"collection":[{"href":"https:\/\/now-news.de\/de\/wp-json\/wp\/v2\/posts"}],"about":[{"href":"https:\/\/now-news.de\/de\/wp-json\/wp\/v2\/types\/post"}],"author":[{"embeddable":true,"href":"https:\/\/now-news.de\/de\/wp-json\/wp\/v2\/users\/3"}],"replies":[{"embeddable":true,"href":"https:\/\/now-news.de\/de\/wp-json\/wp\/v2\/comments?post=102346"}],"version-history":[{"count":0,"href":"https:\/\/now-news.de\/de\/wp-json\/wp\/v2\/posts\/102346\/revisions"}],"wp:featuredmedia":[{"embeddable":true,"href":"https:\/\/now-news.de\/de\/wp-json\/wp\/v2\/media\/102347"}],"wp:attachment":[{"href":"https:\/\/now-news.de\/de\/wp-json\/wp\/v2\/media?parent=102346"}],"wp:term":[{"taxonomy":"category","embeddable":true,"href":"https:\/\/now-news.de\/de\/wp-json\/wp\/v2\/categories?post=102346"},{"taxonomy":"post_tag","embeddable":true,"href":"https:\/\/now-news.de\/de\/wp-json\/wp\/v2\/tags?post=102346"}],"curies":[{"name":"wp","href":"https:\/\/api.w.org\/{rel}","templated":true}]}}