{"id":102344,"date":"2026-04-26T21:04:00","date_gmt":"2026-04-26T19:04:00","guid":{"rendered":"https:\/\/now-news.de\/de\/deutschland\/lgbtq-aktivistin-wird-ungarische-bildungsministerin\/"},"modified":"2026-04-26T21:04:00","modified_gmt":"2026-04-26T19:04:00","slug":"lgbtq-aktivistin-wird-ungarische-bildungsministerin","status":"publish","type":"post","link":"https:\/\/now-news.de\/de\/deutschland\/lgbtq-aktivistin-wird-ungarische-bildungsministerin\/","title":{"rendered":"&quot;LGBTQ-Aktivistin&quot; wird ungarische Bildungsministerin"},"content":{"rendered":"<p><img decoding=\"async\" src=\"https:\/\/now-news.de\/de\/wp-content\/uploads\/sites\/3\/2026\/04\/69ee22e4b480cc4c946b4ea9.png\" \/><\/p>\n<div class=\"Text-root Text-type_1 \">\n                Judit Lannert war eine Kritikerin der vorhergehenden Regierung und ist f\u00fcr ihre proukrainischen Ansichten bekannt. Bei der Debatte um das ungarische Kinderschutzgesetz 2021, gegen das Br\u00fcssel vorging, dekorierte sie ihr Profil mit LGBTQ-Farben.\n            <\/div>\n<p><\/p>\n<div class=\"Text-root Text-type_5 ArticleView-text ViewText-root \">\n<p>Lokalen Medien zufolge hat der k\u00fcnftige ungarische Premierminister P\u00e9ter Magyar die &#8220;erste LGBTQ-Aktivistin&#8221; des Landes zur Bildungsministerin ernannt.<\/p>\n<p>Der Vorsitzende der Tisza-Partei, der Anfang des Monats gegen Viktor Orb\u00e1ns Fidesz gewann und jetzt eine neue Regierung vorbereitet, stellte am Freitag in einem Facebook-Beitrag zw\u00f6lf Minister seines Kabinetts vor.<\/p>\n<p>Judit Lannert wurde als Ministerin f\u00fcr Bildung und Kinder benannt, obwohl erwartet worden war, dass Rita Rubovszky, die Direktorin einer katholischen Schule der Zisterzienser, diese Rolle \u00fcbernehmen w\u00fcrde. Lannert ist als Kritikerin der vorigen Regierung bekannt, und die Medien bemerkten ihre Verwendung von LGBTQ-Farben in sozialen Medien w\u00e4hrend der Debatten \u00fcber Verfassungserg\u00e4nzungen unter Orb\u00e1n.<\/p>\n<p>Die Ernennung erfolgte einen Tag, nachdem der Antrag zur Einrichtung eines Fernsehkanals mit LGBTQ-Themen bei der ungarischen Medienaufsicht eingereicht worden war, so <em>Magyar Nemzet<\/em>.<\/p>\n<p>Unter Orb\u00e1n hatte Ungarn Beschr\u00e4nkungen f\u00fcr LGBTQ-bezogene Inhalte f\u00fcr Minderj\u00e4hrige eingef\u00fchrt. Ein Kinderschutzgesetz aus dem Jahr 2021, das zus\u00e4tzlich zu Ma\u00dfnahmen gegen P\u00e4dophilie verabschiedet wurde, begrenzte, wie Themen zu Gender und Sexualit\u00e4t in Schulen und Medien pr\u00e4sentiert werden k\u00f6nnen.<\/p>\n<p>Damals sagte Orb\u00e1n, die Gesetzgebung sichere, dass Eltern die Entscheidung \u00fcber die Sexualerziehung ihrer Kinder behielten, und nannte dies eine Verteidigung der nationalen Souver\u00e4nit\u00e4t gegen den Einfluss des westlichen Liberalismus.<\/p>\n<p>Neun Tage nach Orb\u00e1ns Wahlniederlage entschied der Europ\u00e4ische Gerichtshof, diese Reformen verletzten EU-Recht, und wies Ungarn an, die Beschr\u00e4nkungen der Bewerbung von Homosexualit\u00e4t und Genderwechsel in den Medien f\u00fcr Minderj\u00e4hrige aufzuheben. Das Gericht erkl\u00e4rte, die Ma\u00dfnahmen &#8220;stigmatisieren und marginalisieren LGBTQ-Individuen&#8221; und verletzen die Menschenw\u00fcrde und die Ausdrucksfreiheit.<\/p>\n<p>&#8220;Die Br\u00fcsseler Dampfwalze bewegt sich bereits&#8221;, warnte Orb\u00e1n auf X und schrieb, das Gesetz sei dazu gedacht, ungarische Kinder vor &#8220;aggressiver LGBTQ-Propaganda&#8221; zu sch\u00fctzen.<\/p>\n<p>&#8220;Jetzt schl\u00e4gt das Br\u00fcsseler Imperium zur\u00fcck&#8221;, f\u00fcgte er hinzu und versicherte, seine Partei werde nicht aufgeben, &#8220;f\u00fcr die Seele Europas zu k\u00e4mpfen&#8221;.<\/p>\n<p><strong>Mehr zum Thema<\/strong>\u00a0\u2012 <a rel=\"nofollow noopener\" target=\"_blank\" href=\"https:\/\/freedert.online\/europa\/239959-orban-regierung-will-pride-parade\/\">Orb\u00e1n-Regierung will Pride-Parade verbieten<\/a><\/p>\n<div class=\"EmbedBlock-root EmbedBlock-externalVideo EmbedBlock-rumble\">\n<div class=\"VkEmbed\"><iframe class=\"lazyload\" data-src=\"https:\/\/rumble.com\/embed\/v76u5hu\" frameborder=\"0\" width=\"853\" height=\"480\" allowfullscreen><\/iframe><\/div>\n<\/div>\n<\/div>\n<p><br \/>\n<br \/><a href=\"https:\/\/de.rt.com\/europa\/278279-lgbtq-aktivistin-wird-ungarische-bildungsministerin\/\">Source link <\/a><\/p>\n","protected":false},"excerpt":{"rendered":"<p>Judit Lannert war eine Kritikerin der vorhergehenden Regierung und ist f\u00fcr ihre proukrainischen Ansichten bekannt. Bei der Debatte um das ungarische Kinderschutzgesetz 2021, gegen das Br\u00fcssel vorging, dekorierte sie ihr Profil mit LGBTQ-Farben. Lokalen Medien zufolge hat der k\u00fcnftige ungarische Premierminister P\u00e9ter Magyar die &#8220;erste LGBTQ-Aktivistin&#8221; des Landes zur Bildungsministerin ernannt. Der Vorsitzende der Tisza-Partei, [&hellip;]<\/p>\n","protected":false},"author":3,"featured_media":102345,"comment_status":"open","ping_status":"open","sticky":false,"template":"","format":"standard","meta":{"_yoast_indexnow_last_ping":["1777230977"],"wp_automatic_camp":["217"],"3ff7b57d6679aa1f40a15e97c60d530d":["&quot;LGBTQ-Aktivistin&quot; wird ungarische Bildungsministerin"],"original_link":["https:\/\/de.rt.com\/europa\/278279-lgbtq-aktivistin-wird-ungarische-bildungsministerin\/"],"_thumbnail_id":["102345"],"jnews_social_counter_last_update":["1777424740"],"_wptgpro_p2tg_sent2tg":["a:1:{i:23737;s:19:\"2026-04-26 21:17:17\";}"]},"categories":[19,23],"tags":[27385,72649,39649,374],"yoast_head":"<!-- This site is optimized with the Yoast SEO Premium plugin v22.7 (Yoast SEO v22.7) - https:\/\/yoast.com\/wordpress\/plugins\/seo\/ -->\n<title>&quot;LGBTQ-Aktivistin&quot; wird ungarische Bildungsministerin - just-now.NEWS Deutschland<\/title>\n<meta name=\"robots\" content=\"index, follow, max-snippet:-1, max-image-preview:large, max-video-preview:-1\" \/>\n<link rel=\"canonical\" href=\"https:\/\/now-news.de\/de\/deutschland\/lgbtq-aktivistin-wird-ungarische-bildungsministerin\/\" \/>\n<meta property=\"og:locale\" content=\"de_DE\" \/>\n<meta property=\"og:type\" content=\"article\" \/>\n<meta property=\"og:title\" content=\"&quot;LGBTQ-Aktivistin&quot; wird ungarische Bildungsministerin\" \/>\n<meta property=\"og:description\" content=\"Judit Lannert war eine Kritikerin der vorhergehenden Regierung und ist f\u00fcr ihre proukrainischen Ansichten bekannt. Bei der Debatte um das ungarische Kinderschutzgesetz 2021, gegen das Br\u00fcssel vorging, dekorierte sie ihr Profil mit LGBTQ-Farben. Lokalen Medien zufolge hat der k\u00fcnftige ungarische Premierminister P\u00e9ter Magyar die &#8220;erste LGBTQ-Aktivistin&#8221; des Landes zur Bildungsministerin ernannt. Der Vorsitzende der Tisza-Partei, [&hellip;]\" \/>\n<meta property=\"og:url\" content=\"https:\/\/now-news.de\/de\/deutschland\/lgbtq-aktivistin-wird-ungarische-bildungsministerin\/\" \/>\n<meta property=\"og:site_name\" content=\"just-now.NEWS Deutschland\" \/>\n<meta property=\"article:publisher\" content=\"https:\/\/www.facebook.com\/wirmachenauf\" \/>\n<meta property=\"article:published_time\" content=\"2026-04-26T19:04:00+00:00\" \/>\n<meta property=\"og:image\" content=\"https:\/\/now-news.de\/de\/wp-content\/uploads\/sites\/3\/2026\/04\/69ee22e4b480cc4c946b4ea9.png\" \/>\n<meta name=\"author\" content=\"rtnews\" \/>\n<meta name=\"twitter:card\" content=\"summary_large_image\" \/>\n<meta name=\"twitter:creator\" content=\"@WirMachenAuf_de\" \/>\n<meta name=\"twitter:site\" content=\"@WirMachenAuf_de\" \/>\n<meta name=\"twitter:label1\" content=\"Verfasst von\" \/>\n\t<meta name=\"twitter:data1\" content=\"rtnews\" \/>\n\t<meta name=\"twitter:label2\" content=\"Gesch\u00e4tzte Lesezeit\" \/>\n\t<meta name=\"twitter:data2\" content=\"2\u00a0Minuten\" \/>\n<script type=\"application\/ld+json\" class=\"yoast-schema-graph\">{\"@context\":\"https:\/\/schema.org\",\"@graph\":[{\"@type\":\"Article\",\"@id\":\"https:\/\/now-news.de\/de\/deutschland\/lgbtq-aktivistin-wird-ungarische-bildungsministerin\/#article\",\"isPartOf\":{\"@id\":\"https:\/\/now-news.de\/de\/deutschland\/lgbtq-aktivistin-wird-ungarische-bildungsministerin\/\"},\"author\":{\"name\":\"rtnews\",\"@id\":\"https:\/\/now-news.de\/de\/#\/schema\/person\/fb534a4e865501d8b3285208df34a9b5\"},\"headline\":\"&quot;LGBTQ-Aktivistin&quot; wird ungarische Bildungsministerin\",\"datePublished\":\"2026-04-26T19:04:00+00:00\",\"dateModified\":\"2026-04-26T19:04:00+00:00\",\"mainEntityOfPage\":{\"@id\":\"https:\/\/now-news.de\/de\/deutschland\/lgbtq-aktivistin-wird-ungarische-bildungsministerin\/\"},\"wordCount\":380,\"commentCount\":0,\"publisher\":{\"@id\":\"https:\/\/now-news.de\/de\/#organization\"},\"image\":{\"@id\":\"https:\/\/now-news.de\/de\/deutschland\/lgbtq-aktivistin-wird-ungarische-bildungsministerin\/#primaryimage\"},\"thumbnailUrl\":\"https:\/\/now-news.de\/de\/wp-content\/uploads\/sites\/3\/quotLGBTQ-Aktivistinquot-wird-ungarische-Bildungsministerin.png\",\"keywords\":[\"Bildungsministerin\",\"quotLGBTQAktivistinquot\",\"ungarische\",\"wird\"],\"articleSection\":[\"Deutschland\",\"Russland\"],\"inLanguage\":\"de\",\"potentialAction\":[{\"@type\":\"CommentAction\",\"name\":\"Comment\",\"target\":[\"https:\/\/now-news.de\/de\/deutschland\/lgbtq-aktivistin-wird-ungarische-bildungsministerin\/#respond\"]}]},{\"@type\":\"WebPage\",\"@id\":\"https:\/\/now-news.de\/de\/deutschland\/lgbtq-aktivistin-wird-ungarische-bildungsministerin\/\",\"url\":\"https:\/\/now-news.de\/de\/deutschland\/lgbtq-aktivistin-wird-ungarische-bildungsministerin\/\",\"name\":\"&quot;LGBTQ-Aktivistin&quot; wird ungarische Bildungsministerin - just-now.NEWS Deutschland\",\"isPartOf\":{\"@id\":\"https:\/\/now-news.de\/de\/#website\"},\"primaryImageOfPage\":{\"@id\":\"https:\/\/now-news.de\/de\/deutschland\/lgbtq-aktivistin-wird-ungarische-bildungsministerin\/#primaryimage\"},\"image\":{\"@id\":\"https:\/\/now-news.de\/de\/deutschland\/lgbtq-aktivistin-wird-ungarische-bildungsministerin\/#primaryimage\"},\"thumbnailUrl\":\"https:\/\/now-news.de\/de\/wp-content\/uploads\/sites\/3\/quotLGBTQ-Aktivistinquot-wird-ungarische-Bildungsministerin.png\",\"datePublished\":\"2026-04-26T19:04:00+00:00\",\"dateModified\":\"2026-04-26T19:04:00+00:00\",\"breadcrumb\":{\"@id\":\"https:\/\/now-news.de\/de\/deutschland\/lgbtq-aktivistin-wird-ungarische-bildungsministerin\/#breadcrumb\"},\"inLanguage\":\"de\",\"potentialAction\":[{\"@type\":\"ReadAction\",\"target\":[\"https:\/\/now-news.de\/de\/deutschland\/lgbtq-aktivistin-wird-ungarische-bildungsministerin\/\"]}]},{\"@type\":\"ImageObject\",\"inLanguage\":\"de\",\"@id\":\"https:\/\/now-news.de\/de\/deutschland\/lgbtq-aktivistin-wird-ungarische-bildungsministerin\/#primaryimage\",\"url\":\"https:\/\/now-news.de\/de\/wp-content\/uploads\/sites\/3\/quotLGBTQ-Aktivistinquot-wird-ungarische-Bildungsministerin.png\",\"contentUrl\":\"https:\/\/now-news.de\/de\/wp-content\/uploads\/sites\/3\/quotLGBTQ-Aktivistinquot-wird-ungarische-Bildungsministerin.png\",\"caption\":\"&quot;LGBTQ-Aktivistin&quot; wird ungarische Bildungsministerin\"},{\"@type\":\"BreadcrumbList\",\"@id\":\"https:\/\/now-news.de\/de\/deutschland\/lgbtq-aktivistin-wird-ungarische-bildungsministerin\/#breadcrumb\",\"itemListElement\":[{\"@type\":\"ListItem\",\"position\":1,\"name\":\"Home\",\"item\":\"https:\/\/now-news.de\/de\/\"},{\"@type\":\"ListItem\",\"position\":2,\"name\":\"&quot;LGBTQ-Aktivistin&quot; wird ungarische Bildungsministerin\"}]},{\"@type\":\"WebSite\",\"@id\":\"https:\/\/now-news.de\/de\/#website\",\"url\":\"https:\/\/now-news.de\/de\/\",\"name\":\"just-now.NEWS Deutschland\",\"description\":\"Das Portal f\u00fcr unzensierte Nachrichten aus der Welt\",\"publisher\":{\"@id\":\"https:\/\/now-news.de\/de\/#organization\"},\"potentialAction\":[{\"@type\":\"SearchAction\",\"target\":{\"@type\":\"EntryPoint\",\"urlTemplate\":\"https:\/\/now-news.de\/de\/?s={search_term_string}\"},\"query-input\":\"required name=search_term_string\"}],\"inLanguage\":\"de\"},{\"@type\":\"Organization\",\"@id\":\"https:\/\/now-news.de\/de\/#organization\",\"name\":\"Just Now News\",\"url\":\"https:\/\/now-news.de\/de\/\",\"logo\":{\"@type\":\"ImageObject\",\"inLanguage\":\"de\",\"@id\":\"https:\/\/now-news.de\/de\/#\/schema\/logo\/image\/\",\"url\":\"http:\/\/just-now.news\/de\/wp-content\/uploads\/sites\/3\/2022\/04\/logo500x500.jpg\",\"contentUrl\":\"http:\/\/just-now.news\/de\/wp-content\/uploads\/sites\/3\/2022\/04\/logo500x500.jpg\",\"width\":500,\"height\":500,\"caption\":\"Just Now News\"},\"image\":{\"@id\":\"https:\/\/now-news.de\/de\/#\/schema\/logo\/image\/\"},\"sameAs\":[\"https:\/\/www.facebook.com\/wirmachenauf\",\"https:\/\/x.com\/WirMachenAuf_de\"]},{\"@type\":\"Person\",\"@id\":\"https:\/\/now-news.de\/de\/#\/schema\/person\/fb534a4e865501d8b3285208df34a9b5\",\"name\":\"rtnews\",\"image\":{\"@type\":\"ImageObject\",\"inLanguage\":\"de\",\"@id\":\"https:\/\/now-news.de\/de\/#\/schema\/person\/image\/\",\"url\":\"https:\/\/secure.gravatar.com\/avatar\/82aafea7d8127119dd649515f56e2117?s=96&d=mm&r=g\",\"contentUrl\":\"https:\/\/secure.gravatar.com\/avatar\/82aafea7d8127119dd649515f56e2117?s=96&d=mm&r=g\",\"caption\":\"rtnews\"},\"url\":\"https:\/\/now-news.de\/de\/author\/rnews\/\"}]}<\/script>\n<!-- \/ Yoast SEO Premium plugin. -->","yoast_head_json":{"title":"&quot;LGBTQ-Aktivistin&quot; wird ungarische Bildungsministerin - just-now.NEWS Deutschland","robots":{"index":"index","follow":"follow","max-snippet":"max-snippet:-1","max-image-preview":"max-image-preview:large","max-video-preview":"max-video-preview:-1"},"canonical":"https:\/\/now-news.de\/de\/deutschland\/lgbtq-aktivistin-wird-ungarische-bildungsministerin\/","og_locale":"de_DE","og_type":"article","og_title":"&quot;LGBTQ-Aktivistin&quot; wird ungarische Bildungsministerin","og_description":"Judit Lannert war eine Kritikerin der vorhergehenden Regierung und ist f\u00fcr ihre proukrainischen Ansichten bekannt. Bei der Debatte um das ungarische Kinderschutzgesetz 2021, gegen das Br\u00fcssel vorging, dekorierte sie ihr Profil mit LGBTQ-Farben. Lokalen Medien zufolge hat der k\u00fcnftige ungarische Premierminister P\u00e9ter Magyar die &#8220;erste LGBTQ-Aktivistin&#8221; des Landes zur Bildungsministerin ernannt. Der Vorsitzende der Tisza-Partei, [&hellip;]","og_url":"https:\/\/now-news.de\/de\/deutschland\/lgbtq-aktivistin-wird-ungarische-bildungsministerin\/","og_site_name":"just-now.NEWS Deutschland","article_publisher":"https:\/\/www.facebook.com\/wirmachenauf","article_published_time":"2026-04-26T19:04:00+00:00","og_image":[{"url":"https:\/\/now-news.de\/de\/wp-content\/uploads\/sites\/3\/2026\/04\/69ee22e4b480cc4c946b4ea9.png"}],"author":"rtnews","twitter_card":"summary_large_image","twitter_creator":"@WirMachenAuf_de","twitter_site":"@WirMachenAuf_de","twitter_misc":{"Verfasst von":"rtnews","Gesch\u00e4tzte Lesezeit":"2\u00a0Minuten"},"schema":{"@context":"https:\/\/schema.org","@graph":[{"@type":"Article","@id":"https:\/\/now-news.de\/de\/deutschland\/lgbtq-aktivistin-wird-ungarische-bildungsministerin\/#article","isPartOf":{"@id":"https:\/\/now-news.de\/de\/deutschland\/lgbtq-aktivistin-wird-ungarische-bildungsministerin\/"},"author":{"name":"rtnews","@id":"https:\/\/now-news.de\/de\/#\/schema\/person\/fb534a4e865501d8b3285208df34a9b5"},"headline":"&quot;LGBTQ-Aktivistin&quot; wird ungarische Bildungsministerin","datePublished":"2026-04-26T19:04:00+00:00","dateModified":"2026-04-26T19:04:00+00:00","mainEntityOfPage":{"@id":"https:\/\/now-news.de\/de\/deutschland\/lgbtq-aktivistin-wird-ungarische-bildungsministerin\/"},"wordCount":380,"commentCount":0,"publisher":{"@id":"https:\/\/now-news.de\/de\/#organization"},"image":{"@id":"https:\/\/now-news.de\/de\/deutschland\/lgbtq-aktivistin-wird-ungarische-bildungsministerin\/#primaryimage"},"thumbnailUrl":"https:\/\/now-news.de\/de\/wp-content\/uploads\/sites\/3\/quotLGBTQ-Aktivistinquot-wird-ungarische-Bildungsministerin.png","keywords":["Bildungsministerin","quotLGBTQAktivistinquot","ungarische","wird"],"articleSection":["Deutschland","Russland"],"inLanguage":"de","potentialAction":[{"@type":"CommentAction","name":"Comment","target":["https:\/\/now-news.de\/de\/deutschland\/lgbtq-aktivistin-wird-ungarische-bildungsministerin\/#respond"]}]},{"@type":"WebPage","@id":"https:\/\/now-news.de\/de\/deutschland\/lgbtq-aktivistin-wird-ungarische-bildungsministerin\/","url":"https:\/\/now-news.de\/de\/deutschland\/lgbtq-aktivistin-wird-ungarische-bildungsministerin\/","name":"&quot;LGBTQ-Aktivistin&quot; wird ungarische Bildungsministerin - just-now.NEWS Deutschland","isPartOf":{"@id":"https:\/\/now-news.de\/de\/#website"},"primaryImageOfPage":{"@id":"https:\/\/now-news.de\/de\/deutschland\/lgbtq-aktivistin-wird-ungarische-bildungsministerin\/#primaryimage"},"image":{"@id":"https:\/\/now-news.de\/de\/deutschland\/lgbtq-aktivistin-wird-ungarische-bildungsministerin\/#primaryimage"},"thumbnailUrl":"https:\/\/now-news.de\/de\/wp-content\/uploads\/sites\/3\/quotLGBTQ-Aktivistinquot-wird-ungarische-Bildungsministerin.png","datePublished":"2026-04-26T19:04:00+00:00","dateModified":"2026-04-26T19:04:00+00:00","breadcrumb":{"@id":"https:\/\/now-news.de\/de\/deutschland\/lgbtq-aktivistin-wird-ungarische-bildungsministerin\/#breadcrumb"},"inLanguage":"de","potentialAction":[{"@type":"ReadAction","target":["https:\/\/now-news.de\/de\/deutschland\/lgbtq-aktivistin-wird-ungarische-bildungsministerin\/"]}]},{"@type":"ImageObject","inLanguage":"de","@id":"https:\/\/now-news.de\/de\/deutschland\/lgbtq-aktivistin-wird-ungarische-bildungsministerin\/#primaryimage","url":"https:\/\/now-news.de\/de\/wp-content\/uploads\/sites\/3\/quotLGBTQ-Aktivistinquot-wird-ungarische-Bildungsministerin.png","contentUrl":"https:\/\/now-news.de\/de\/wp-content\/uploads\/sites\/3\/quotLGBTQ-Aktivistinquot-wird-ungarische-Bildungsministerin.png","caption":"&quot;LGBTQ-Aktivistin&quot; wird ungarische Bildungsministerin"},{"@type":"BreadcrumbList","@id":"https:\/\/now-news.de\/de\/deutschland\/lgbtq-aktivistin-wird-ungarische-bildungsministerin\/#breadcrumb","itemListElement":[{"@type":"ListItem","position":1,"name":"Home","item":"https:\/\/now-news.de\/de\/"},{"@type":"ListItem","position":2,"name":"&quot;LGBTQ-Aktivistin&quot; wird ungarische Bildungsministerin"}]},{"@type":"WebSite","@id":"https:\/\/now-news.de\/de\/#website","url":"https:\/\/now-news.de\/de\/","name":"just-now.NEWS Deutschland","description":"Das Portal f\u00fcr unzensierte Nachrichten aus der Welt","publisher":{"@id":"https:\/\/now-news.de\/de\/#organization"},"potentialAction":[{"@type":"SearchAction","target":{"@type":"EntryPoint","urlTemplate":"https:\/\/now-news.de\/de\/?s={search_term_string}"},"query-input":"required name=search_term_string"}],"inLanguage":"de"},{"@type":"Organization","@id":"https:\/\/now-news.de\/de\/#organization","name":"Just Now News","url":"https:\/\/now-news.de\/de\/","logo":{"@type":"ImageObject","inLanguage":"de","@id":"https:\/\/now-news.de\/de\/#\/schema\/logo\/image\/","url":"http:\/\/just-now.news\/de\/wp-content\/uploads\/sites\/3\/2022\/04\/logo500x500.jpg","contentUrl":"http:\/\/just-now.news\/de\/wp-content\/uploads\/sites\/3\/2022\/04\/logo500x500.jpg","width":500,"height":500,"caption":"Just Now News"},"image":{"@id":"https:\/\/now-news.de\/de\/#\/schema\/logo\/image\/"},"sameAs":["https:\/\/www.facebook.com\/wirmachenauf","https:\/\/x.com\/WirMachenAuf_de"]},{"@type":"Person","@id":"https:\/\/now-news.de\/de\/#\/schema\/person\/fb534a4e865501d8b3285208df34a9b5","name":"rtnews","image":{"@type":"ImageObject","inLanguage":"de","@id":"https:\/\/now-news.de\/de\/#\/schema\/person\/image\/","url":"https:\/\/secure.gravatar.com\/avatar\/82aafea7d8127119dd649515f56e2117?s=96&d=mm&r=g","contentUrl":"https:\/\/secure.gravatar.com\/avatar\/82aafea7d8127119dd649515f56e2117?s=96&d=mm&r=g","caption":"rtnews"},"url":"https:\/\/now-news.de\/de\/author\/rnews\/"}]}},"_links":{"self":[{"href":"https:\/\/now-news.de\/de\/wp-json\/wp\/v2\/posts\/102344"}],"collection":[{"href":"https:\/\/now-news.de\/de\/wp-json\/wp\/v2\/posts"}],"about":[{"href":"https:\/\/now-news.de\/de\/wp-json\/wp\/v2\/types\/post"}],"author":[{"embeddable":true,"href":"https:\/\/now-news.de\/de\/wp-json\/wp\/v2\/users\/3"}],"replies":[{"embeddable":true,"href":"https:\/\/now-news.de\/de\/wp-json\/wp\/v2\/comments?post=102344"}],"version-history":[{"count":0,"href":"https:\/\/now-news.de\/de\/wp-json\/wp\/v2\/posts\/102344\/revisions"}],"wp:featuredmedia":[{"embeddable":true,"href":"https:\/\/now-news.de\/de\/wp-json\/wp\/v2\/media\/102345"}],"wp:attachment":[{"href":"https:\/\/now-news.de\/de\/wp-json\/wp\/v2\/media?parent=102344"}],"wp:term":[{"taxonomy":"category","embeddable":true,"href":"https:\/\/now-news.de\/de\/wp-json\/wp\/v2\/categories?post=102344"},{"taxonomy":"post_tag","embeddable":true,"href":"https:\/\/now-news.de\/de\/wp-json\/wp\/v2\/tags?post=102344"}],"curies":[{"name":"wp","href":"https:\/\/api.w.org\/{rel}","templated":true}]}}