{"id":102332,"date":"2026-04-26T18:03:24","date_gmt":"2026-04-26T16:03:24","guid":{"rendered":"https:\/\/now-news.de\/de\/deutschland\/afd-schliesst-hitler-imitator-alexander-eichwald-aus\/"},"modified":"2026-04-26T18:03:24","modified_gmt":"2026-04-26T16:03:24","slug":"afd-schliesst-hitler-imitator-alexander-eichwald-aus","status":"publish","type":"post","link":"https:\/\/now-news.de\/de\/deutschland\/afd-schliesst-hitler-imitator-alexander-eichwald-aus\/","title":{"rendered":"AfD schlie\u00dft Hitler-Imitator Alexander Eichwald aus"},"content":{"rendered":"<p><img decoding=\"async\" src=\"https:\/\/now-news.de\/de\/wp-content\/uploads\/sites\/3\/2026\/04\/69edeaf748fbef763649c2b5.jpg\" \/><\/p>\n<div class=\"Text-root Text-type_1 \">\n                Ende November hatte sich der K\u00fcnstler Alexander Eichwald noch im Hitler-Duktus f\u00fcr ein Parteiamt in der neu gegr\u00fcndeten Jugendorganisation der AfD beworben. Nun zog die AfD Konsequenzen und warf das problematische Mitglied hinaus.\n            <\/div>\n<p><\/p>\n<div class=\"Text-root Text-type_5 ArticleView-text ViewText-root \">\n<p>Wer sich mit der deutschen Parteienlandschaft auskennt, wei\u00df: Parteiausschlussverfahren k\u00f6nnen sich hinziehen. Sie m\u00fcssen schriftlich begr\u00fcndet werden und der Ausschlusskandidat kann dagegen Einspruch erheben. Insofern war nicht zu erwarten, dass der bizarre Auftritt von Alexander Eichwald beim Gr\u00fcndungskongress der AfD-Jugendorganisation &#8220;Generation Deutschland&#8221; einen sofortigen Ausschluss zur Folge haben w\u00fcrde.<\/p>\n<p>Zur Erinnerung: Beim Kongress der AfD-Parteijugend Ende November vergangenen Jahres in Gie\u00dfen hatte sich Eichwald um ein Amt im Vorstand der neu gegr\u00fcndeten Organisation beworben. Seine Bewerbungsrede wirkte auf die Mehrheit der Anwesenden befremdlich: Das stark gerollte R, der d\u00fcstere Gesichtsausdruck, der aggressive Ton und nicht zuletzt herabw\u00fcrdigende Formulierungen wie ein geringsch\u00e4tziger Tiervergleich erinnerten viele an den Stil nationalsozialistischer Reden.<\/p>\n<p>Die Zuh\u00f6rer fragten sich noch w\u00e4hrend des Auftritts, ob es sich um eine Spa\u00dfaktion eines Satirikers oder um einen V-Mann des Verfassungsschutzes handelte. Die Abstimmung \u00fcber den Vorstandsposten verlor Eichwald mit 12,28 Prozent der Stimmen krachend.<\/p>\n<p>Gegen\u00fcber der Presse beteuerte Eichwald damals, er sei weder Satiriker noch V-Mann. Seine Rede habe er als Gesellschaftskritik konzipiert. Mit seinem Stil habe er sich an die Jugend der AfD anpassen wollen. Das Rollen des R-Lauts erkl\u00e4rte er mit seiner russlanddeutschen Herkunft. Anlass f\u00fcr seinen Auftritt sei seine Emp\u00f6rung \u00fcber Alice Weidels Behauptung, Hitler und Stalin seien &#8220;Br\u00fcder im Geiste&#8221; gewesen \u2013 f\u00fcr ihn &#8220;eine ekelhafte und eklatante Relativierung des Vernichtungskrieges gegen die Slawen&#8221;.<\/p>\n<p>In einem Interview mit dem \u00f6sterreichischen <em>Standard<\/em> forderte Eichwald: &#8220;Wir m\u00fcssen in Deutschland dar\u00fcber reden, dass ich Dinge ge\u00e4u\u00dfert habe, die viele hinter verschlossenen T\u00fcren oder hinter vorgehaltener Hand, am Stammtisch und in der AfD sagen.&#8221;<\/p>\n<p>Im Anschluss an die Rede deutete der Co-Parteivorsitzende Tino Chrupalla an, der erst im Oktober 2025 der AfD beigetretene Eichwald werde nicht mehr lange AfD-Mitglied sein: &#8220;Mit dem Inhalt sowie der Art und Weise seines Bewerbungsvortrags hat sich Alexander Eichwald von den Grunds\u00e4tzen der Partei distanziert. Der Bundesvorstand missbilligt das ausdr\u00fccklich und sieht sich daher veranlasst, eine Pr\u00fcfung seiner Daten und Mitgliedsrechte vorzunehmen.&#8221; Er lege ihm nahe, selbst aus der Partei auszutreten. Eichwald werde auf alle F\u00e4lle kein Mitglied der Partei bleiben.<\/p>\n<p>Tats\u00e4chlich folgten die Konsequenzen auf dem Fu\u00df: Die AfD-Fraktion des Herforder Stadtrats entfernte Eichwald sofort aus seiner Stellung als sogenannter &#8220;Sachkundiger B\u00fcrger&#8221;. Im neuen Jahr stellte dann sein ostwestf\u00e4lischer Kreisverband einen Antrag auf Parteiausschluss. <a rel=\"nofollow noopener\" target=\"_blank\" href=\"https:\/\/drive.google.com\/file\/d\/1lZ3OpCYC1dQEmsok3PaHdTthXbkXhtbq\/view?pli=1\">Begr\u00fcndung<\/a>: Eichwald sei im Jahr 2019 Praktikant im Herforder Gleichstellungsb\u00fcro gewesen. Hauptvorwurf war jedoch die Gie\u00dfener Rede: Das gerollte R, die Gestik im Stile Hitlers, sogar die Andeutung eines Hitler-Gru\u00dfes wirft der Kreisverband Eichwald vor. Vorw\u00fcrfe, zu denen Eichwald in einer 25-seitigen <a rel=\"nofollow noopener\" target=\"_blank\" href=\"https:\/\/drive.google.com\/file\/d\/1PH8l68RU_m9z9Mlwp3KCbfv9uqKnuHgf\/view\">Erwiderung<\/a> Stellung nahm. So habe er beispielsweise keinesfalls einen Hitlergru\u00df intendiert.<\/p>\n<p>Argumente, die f\u00fcr das Landesschiedsgericht der nordrhein-westf\u00e4lischen AfD nicht z\u00e4hlten. Es bekr\u00e4ftigte nun die Entscheidung des Landesvorstands, dem 31-J\u00e4hrigen die Mitgliedsrechte zu entziehen. Eichwald selbst war zu der Verhandlung nicht erschienen.<\/p>\n<p>Noch ist es nicht sicher, dass die AfD ihr unerw\u00fcnschtes Mitglied auf Dauer los ist. Denn wiederum im <em>Standard<\/em> erkl\u00e4rte Eichwald, er werde seinen Rauswurf nicht akzeptieren und bis zum Bundesschiedsgericht der AfD gehen: &#8220;Ich werde gegen diesen vermeintlichen Schauprozess Berufung einlegen. Wir sehen uns in Berlin.&#8221;\u00a0\u00c4hnliches hatte er bereits in zwei Videos <a rel=\"nofollow noopener\" target=\"_blank\" href=\"https:\/\/www.youtube.com\/watch?v=a18EjsYLn3o\">angek\u00fcndigt<\/a>, die\u00a0vergangene Woche auf YouTube ver\u00f6ffentlicht wurden: In diesen <a rel=\"nofollow noopener\" target=\"_blank\" href=\"https:\/\/www.youtube.com\/watch?v=xEdSOrTJIqs\">Videos<\/a>\u00a0rechnete er mit der AfD ab.<\/p>\n<p><strong>Mehr zum Thema<\/strong>\u00a0\u2012\u00a0<a rel=\"nofollow noopener\" target=\"_blank\" href=\"https:\/\/freedert.online\/inland\/274555-afd-jungpolitiker-dorow-darf-parteimitglied-bleiben\/\">Wegen Nazi-Parole: AfD-Jungpolitiker Dorow darf Parteimitglied bleiben \u2013 legt aber alle \u00c4mter nieder<\/a><\/p>\n<div class=\"EmbedBlock-root EmbedBlock-externalVideo EmbedBlock-rumble\">\n<div class=\"VkEmbed\"><iframe class=\"lazyload\" data-src=\"https:\/\/rumble.com\/embed\/v708gug\" frameborder=\"0\" width=\"853\" height=\"480\" allowfullscreen><\/iframe><\/div>\n<\/div>\n<\/div>\n<p><br \/>\n<br \/><a href=\"https:\/\/de.rt.com\/inland\/278255-afd-schliesst-hitler-imitator-alexander-eichwald-aus\/\">Source link <\/a><\/p>\n","protected":false},"excerpt":{"rendered":"<p>Ende November hatte sich der K\u00fcnstler Alexander Eichwald noch im Hitler-Duktus f\u00fcr ein Parteiamt in der neu gegr\u00fcndeten Jugendorganisation der AfD beworben. Nun zog die AfD Konsequenzen und warf das problematische Mitglied hinaus. Wer sich mit der deutschen Parteienlandschaft auskennt, wei\u00df: Parteiausschlussverfahren k\u00f6nnen sich hinziehen. Sie m\u00fcssen schriftlich begr\u00fcndet werden und der Ausschlusskandidat kann dagegen [&hellip;]<\/p>\n","protected":false},"author":3,"featured_media":102333,"comment_status":"open","ping_status":"open","sticky":false,"template":"","format":"standard","meta":{"_yoast_indexnow_last_ping":["1777220356"],"wp_automatic_camp":["217"],"ecc303bd92b194fbee2d9dbbf6f8c124":["AfD schlie\u00dft Hitler-Imitator Alexander Eichwald aus"],"original_link":["https:\/\/de.rt.com\/inland\/278255-afd-schliesst-hitler-imitator-alexander-eichwald-aus\/"],"_thumbnail_id":["102333"],"jnews_social_counter_last_update":["1777334995"],"_wptgpro_p2tg_sent2tg":["a:1:{i:23737;s:19:\"2026-04-26 18:20:25\";}"]},"categories":[19,23],"tags":[3815,6968,679,72645,72644,870],"yoast_head":"<!-- This site is optimized with the Yoast SEO Premium plugin v22.7 (Yoast SEO v22.7) - https:\/\/yoast.com\/wordpress\/plugins\/seo\/ -->\n<title>AfD schlie\u00dft Hitler-Imitator Alexander Eichwald aus - just-now.NEWS Deutschland<\/title>\n<meta name=\"robots\" content=\"index, follow, max-snippet:-1, max-image-preview:large, max-video-preview:-1\" \/>\n<link rel=\"canonical\" href=\"https:\/\/now-news.de\/de\/deutschland\/afd-schliesst-hitler-imitator-alexander-eichwald-aus\/\" \/>\n<meta property=\"og:locale\" content=\"de_DE\" \/>\n<meta property=\"og:type\" content=\"article\" \/>\n<meta property=\"og:title\" content=\"AfD schlie\u00dft Hitler-Imitator Alexander Eichwald aus\" \/>\n<meta property=\"og:description\" content=\"Ende November hatte sich der K\u00fcnstler Alexander Eichwald noch im Hitler-Duktus f\u00fcr ein Parteiamt in der neu gegr\u00fcndeten Jugendorganisation der AfD beworben. Nun zog die AfD Konsequenzen und warf das problematische Mitglied hinaus. Wer sich mit der deutschen Parteienlandschaft auskennt, wei\u00df: Parteiausschlussverfahren k\u00f6nnen sich hinziehen. Sie m\u00fcssen schriftlich begr\u00fcndet werden und der Ausschlusskandidat kann dagegen [&hellip;]\" \/>\n<meta property=\"og:url\" content=\"https:\/\/now-news.de\/de\/deutschland\/afd-schliesst-hitler-imitator-alexander-eichwald-aus\/\" \/>\n<meta property=\"og:site_name\" content=\"just-now.NEWS Deutschland\" \/>\n<meta property=\"article:publisher\" content=\"https:\/\/www.facebook.com\/wirmachenauf\" \/>\n<meta property=\"article:published_time\" content=\"2026-04-26T16:03:24+00:00\" \/>\n<meta property=\"og:image\" content=\"https:\/\/now-news.de\/de\/wp-content\/uploads\/sites\/3\/2026\/04\/69edeaf748fbef763649c2b5.jpg\" \/>\n<meta name=\"author\" content=\"rtnews\" \/>\n<meta name=\"twitter:card\" content=\"summary_large_image\" \/>\n<meta name=\"twitter:creator\" content=\"@WirMachenAuf_de\" \/>\n<meta name=\"twitter:site\" content=\"@WirMachenAuf_de\" \/>\n<meta name=\"twitter:label1\" content=\"Verfasst von\" \/>\n\t<meta name=\"twitter:data1\" content=\"rtnews\" \/>\n\t<meta name=\"twitter:label2\" content=\"Gesch\u00e4tzte Lesezeit\" \/>\n\t<meta name=\"twitter:data2\" content=\"3\u00a0Minuten\" \/>\n<script type=\"application\/ld+json\" class=\"yoast-schema-graph\">{\"@context\":\"https:\/\/schema.org\",\"@graph\":[{\"@type\":\"Article\",\"@id\":\"https:\/\/now-news.de\/de\/deutschland\/afd-schliesst-hitler-imitator-alexander-eichwald-aus\/#article\",\"isPartOf\":{\"@id\":\"https:\/\/now-news.de\/de\/deutschland\/afd-schliesst-hitler-imitator-alexander-eichwald-aus\/\"},\"author\":{\"name\":\"rtnews\",\"@id\":\"https:\/\/now-news.de\/de\/#\/schema\/person\/fb534a4e865501d8b3285208df34a9b5\"},\"headline\":\"AfD schlie\u00dft Hitler-Imitator Alexander Eichwald aus\",\"datePublished\":\"2026-04-26T16:03:24+00:00\",\"dateModified\":\"2026-04-26T16:03:24+00:00\",\"mainEntityOfPage\":{\"@id\":\"https:\/\/now-news.de\/de\/deutschland\/afd-schliesst-hitler-imitator-alexander-eichwald-aus\/\"},\"wordCount\":628,\"commentCount\":0,\"publisher\":{\"@id\":\"https:\/\/now-news.de\/de\/#organization\"},\"image\":{\"@id\":\"https:\/\/now-news.de\/de\/deutschland\/afd-schliesst-hitler-imitator-alexander-eichwald-aus\/#primaryimage\"},\"thumbnailUrl\":\"https:\/\/now-news.de\/de\/wp-content\/uploads\/sites\/3\/AfD-schliesst-Hitler-Imitator-Alexander-Eichwald-aus.jpg\",\"keywords\":[\"AfD\",\"Alexander\",\"aus\",\"Eichwald\",\"HitlerImitator\",\"schlie\u00dft\"],\"articleSection\":[\"Deutschland\",\"Russland\"],\"inLanguage\":\"de\",\"potentialAction\":[{\"@type\":\"CommentAction\",\"name\":\"Comment\",\"target\":[\"https:\/\/now-news.de\/de\/deutschland\/afd-schliesst-hitler-imitator-alexander-eichwald-aus\/#respond\"]}]},{\"@type\":\"WebPage\",\"@id\":\"https:\/\/now-news.de\/de\/deutschland\/afd-schliesst-hitler-imitator-alexander-eichwald-aus\/\",\"url\":\"https:\/\/now-news.de\/de\/deutschland\/afd-schliesst-hitler-imitator-alexander-eichwald-aus\/\",\"name\":\"AfD schlie\u00dft Hitler-Imitator Alexander Eichwald aus - just-now.NEWS Deutschland\",\"isPartOf\":{\"@id\":\"https:\/\/now-news.de\/de\/#website\"},\"primaryImageOfPage\":{\"@id\":\"https:\/\/now-news.de\/de\/deutschland\/afd-schliesst-hitler-imitator-alexander-eichwald-aus\/#primaryimage\"},\"image\":{\"@id\":\"https:\/\/now-news.de\/de\/deutschland\/afd-schliesst-hitler-imitator-alexander-eichwald-aus\/#primaryimage\"},\"thumbnailUrl\":\"https:\/\/now-news.de\/de\/wp-content\/uploads\/sites\/3\/AfD-schliesst-Hitler-Imitator-Alexander-Eichwald-aus.jpg\",\"datePublished\":\"2026-04-26T16:03:24+00:00\",\"dateModified\":\"2026-04-26T16:03:24+00:00\",\"breadcrumb\":{\"@id\":\"https:\/\/now-news.de\/de\/deutschland\/afd-schliesst-hitler-imitator-alexander-eichwald-aus\/#breadcrumb\"},\"inLanguage\":\"de\",\"potentialAction\":[{\"@type\":\"ReadAction\",\"target\":[\"https:\/\/now-news.de\/de\/deutschland\/afd-schliesst-hitler-imitator-alexander-eichwald-aus\/\"]}]},{\"@type\":\"ImageObject\",\"inLanguage\":\"de\",\"@id\":\"https:\/\/now-news.de\/de\/deutschland\/afd-schliesst-hitler-imitator-alexander-eichwald-aus\/#primaryimage\",\"url\":\"https:\/\/now-news.de\/de\/wp-content\/uploads\/sites\/3\/AfD-schliesst-Hitler-Imitator-Alexander-Eichwald-aus.jpg\",\"contentUrl\":\"https:\/\/now-news.de\/de\/wp-content\/uploads\/sites\/3\/AfD-schliesst-Hitler-Imitator-Alexander-Eichwald-aus.jpg\",\"caption\":\"AfD schlie\u00dft Hitler-Imitator Alexander Eichwald aus\"},{\"@type\":\"BreadcrumbList\",\"@id\":\"https:\/\/now-news.de\/de\/deutschland\/afd-schliesst-hitler-imitator-alexander-eichwald-aus\/#breadcrumb\",\"itemListElement\":[{\"@type\":\"ListItem\",\"position\":1,\"name\":\"Home\",\"item\":\"https:\/\/now-news.de\/de\/\"},{\"@type\":\"ListItem\",\"position\":2,\"name\":\"AfD schlie\u00dft Hitler-Imitator Alexander Eichwald aus\"}]},{\"@type\":\"WebSite\",\"@id\":\"https:\/\/now-news.de\/de\/#website\",\"url\":\"https:\/\/now-news.de\/de\/\",\"name\":\"just-now.NEWS Deutschland\",\"description\":\"Das Portal f\u00fcr unzensierte Nachrichten aus der Welt\",\"publisher\":{\"@id\":\"https:\/\/now-news.de\/de\/#organization\"},\"potentialAction\":[{\"@type\":\"SearchAction\",\"target\":{\"@type\":\"EntryPoint\",\"urlTemplate\":\"https:\/\/now-news.de\/de\/?s={search_term_string}\"},\"query-input\":\"required name=search_term_string\"}],\"inLanguage\":\"de\"},{\"@type\":\"Organization\",\"@id\":\"https:\/\/now-news.de\/de\/#organization\",\"name\":\"Just Now News\",\"url\":\"https:\/\/now-news.de\/de\/\",\"logo\":{\"@type\":\"ImageObject\",\"inLanguage\":\"de\",\"@id\":\"https:\/\/now-news.de\/de\/#\/schema\/logo\/image\/\",\"url\":\"http:\/\/just-now.news\/de\/wp-content\/uploads\/sites\/3\/2022\/04\/logo500x500.jpg\",\"contentUrl\":\"http:\/\/just-now.news\/de\/wp-content\/uploads\/sites\/3\/2022\/04\/logo500x500.jpg\",\"width\":500,\"height\":500,\"caption\":\"Just Now News\"},\"image\":{\"@id\":\"https:\/\/now-news.de\/de\/#\/schema\/logo\/image\/\"},\"sameAs\":[\"https:\/\/www.facebook.com\/wirmachenauf\",\"https:\/\/x.com\/WirMachenAuf_de\"]},{\"@type\":\"Person\",\"@id\":\"https:\/\/now-news.de\/de\/#\/schema\/person\/fb534a4e865501d8b3285208df34a9b5\",\"name\":\"rtnews\",\"image\":{\"@type\":\"ImageObject\",\"inLanguage\":\"de\",\"@id\":\"https:\/\/now-news.de\/de\/#\/schema\/person\/image\/\",\"url\":\"https:\/\/secure.gravatar.com\/avatar\/82aafea7d8127119dd649515f56e2117?s=96&d=mm&r=g\",\"contentUrl\":\"https:\/\/secure.gravatar.com\/avatar\/82aafea7d8127119dd649515f56e2117?s=96&d=mm&r=g\",\"caption\":\"rtnews\"},\"url\":\"https:\/\/now-news.de\/de\/author\/rnews\/\"}]}<\/script>\n<!-- \/ Yoast SEO Premium plugin. -->","yoast_head_json":{"title":"AfD schlie\u00dft Hitler-Imitator Alexander Eichwald aus - just-now.NEWS Deutschland","robots":{"index":"index","follow":"follow","max-snippet":"max-snippet:-1","max-image-preview":"max-image-preview:large","max-video-preview":"max-video-preview:-1"},"canonical":"https:\/\/now-news.de\/de\/deutschland\/afd-schliesst-hitler-imitator-alexander-eichwald-aus\/","og_locale":"de_DE","og_type":"article","og_title":"AfD schlie\u00dft Hitler-Imitator Alexander Eichwald aus","og_description":"Ende November hatte sich der K\u00fcnstler Alexander Eichwald noch im Hitler-Duktus f\u00fcr ein Parteiamt in der neu gegr\u00fcndeten Jugendorganisation der AfD beworben. Nun zog die AfD Konsequenzen und warf das problematische Mitglied hinaus. Wer sich mit der deutschen Parteienlandschaft auskennt, wei\u00df: Parteiausschlussverfahren k\u00f6nnen sich hinziehen. Sie m\u00fcssen schriftlich begr\u00fcndet werden und der Ausschlusskandidat kann dagegen [&hellip;]","og_url":"https:\/\/now-news.de\/de\/deutschland\/afd-schliesst-hitler-imitator-alexander-eichwald-aus\/","og_site_name":"just-now.NEWS Deutschland","article_publisher":"https:\/\/www.facebook.com\/wirmachenauf","article_published_time":"2026-04-26T16:03:24+00:00","og_image":[{"url":"https:\/\/now-news.de\/de\/wp-content\/uploads\/sites\/3\/2026\/04\/69edeaf748fbef763649c2b5.jpg"}],"author":"rtnews","twitter_card":"summary_large_image","twitter_creator":"@WirMachenAuf_de","twitter_site":"@WirMachenAuf_de","twitter_misc":{"Verfasst von":"rtnews","Gesch\u00e4tzte Lesezeit":"3\u00a0Minuten"},"schema":{"@context":"https:\/\/schema.org","@graph":[{"@type":"Article","@id":"https:\/\/now-news.de\/de\/deutschland\/afd-schliesst-hitler-imitator-alexander-eichwald-aus\/#article","isPartOf":{"@id":"https:\/\/now-news.de\/de\/deutschland\/afd-schliesst-hitler-imitator-alexander-eichwald-aus\/"},"author":{"name":"rtnews","@id":"https:\/\/now-news.de\/de\/#\/schema\/person\/fb534a4e865501d8b3285208df34a9b5"},"headline":"AfD schlie\u00dft Hitler-Imitator Alexander Eichwald aus","datePublished":"2026-04-26T16:03:24+00:00","dateModified":"2026-04-26T16:03:24+00:00","mainEntityOfPage":{"@id":"https:\/\/now-news.de\/de\/deutschland\/afd-schliesst-hitler-imitator-alexander-eichwald-aus\/"},"wordCount":628,"commentCount":0,"publisher":{"@id":"https:\/\/now-news.de\/de\/#organization"},"image":{"@id":"https:\/\/now-news.de\/de\/deutschland\/afd-schliesst-hitler-imitator-alexander-eichwald-aus\/#primaryimage"},"thumbnailUrl":"https:\/\/now-news.de\/de\/wp-content\/uploads\/sites\/3\/AfD-schliesst-Hitler-Imitator-Alexander-Eichwald-aus.jpg","keywords":["AfD","Alexander","aus","Eichwald","HitlerImitator","schlie\u00dft"],"articleSection":["Deutschland","Russland"],"inLanguage":"de","potentialAction":[{"@type":"CommentAction","name":"Comment","target":["https:\/\/now-news.de\/de\/deutschland\/afd-schliesst-hitler-imitator-alexander-eichwald-aus\/#respond"]}]},{"@type":"WebPage","@id":"https:\/\/now-news.de\/de\/deutschland\/afd-schliesst-hitler-imitator-alexander-eichwald-aus\/","url":"https:\/\/now-news.de\/de\/deutschland\/afd-schliesst-hitler-imitator-alexander-eichwald-aus\/","name":"AfD schlie\u00dft Hitler-Imitator Alexander Eichwald aus - just-now.NEWS Deutschland","isPartOf":{"@id":"https:\/\/now-news.de\/de\/#website"},"primaryImageOfPage":{"@id":"https:\/\/now-news.de\/de\/deutschland\/afd-schliesst-hitler-imitator-alexander-eichwald-aus\/#primaryimage"},"image":{"@id":"https:\/\/now-news.de\/de\/deutschland\/afd-schliesst-hitler-imitator-alexander-eichwald-aus\/#primaryimage"},"thumbnailUrl":"https:\/\/now-news.de\/de\/wp-content\/uploads\/sites\/3\/AfD-schliesst-Hitler-Imitator-Alexander-Eichwald-aus.jpg","datePublished":"2026-04-26T16:03:24+00:00","dateModified":"2026-04-26T16:03:24+00:00","breadcrumb":{"@id":"https:\/\/now-news.de\/de\/deutschland\/afd-schliesst-hitler-imitator-alexander-eichwald-aus\/#breadcrumb"},"inLanguage":"de","potentialAction":[{"@type":"ReadAction","target":["https:\/\/now-news.de\/de\/deutschland\/afd-schliesst-hitler-imitator-alexander-eichwald-aus\/"]}]},{"@type":"ImageObject","inLanguage":"de","@id":"https:\/\/now-news.de\/de\/deutschland\/afd-schliesst-hitler-imitator-alexander-eichwald-aus\/#primaryimage","url":"https:\/\/now-news.de\/de\/wp-content\/uploads\/sites\/3\/AfD-schliesst-Hitler-Imitator-Alexander-Eichwald-aus.jpg","contentUrl":"https:\/\/now-news.de\/de\/wp-content\/uploads\/sites\/3\/AfD-schliesst-Hitler-Imitator-Alexander-Eichwald-aus.jpg","caption":"AfD schlie\u00dft Hitler-Imitator Alexander Eichwald aus"},{"@type":"BreadcrumbList","@id":"https:\/\/now-news.de\/de\/deutschland\/afd-schliesst-hitler-imitator-alexander-eichwald-aus\/#breadcrumb","itemListElement":[{"@type":"ListItem","position":1,"name":"Home","item":"https:\/\/now-news.de\/de\/"},{"@type":"ListItem","position":2,"name":"AfD schlie\u00dft Hitler-Imitator Alexander Eichwald aus"}]},{"@type":"WebSite","@id":"https:\/\/now-news.de\/de\/#website","url":"https:\/\/now-news.de\/de\/","name":"just-now.NEWS Deutschland","description":"Das Portal f\u00fcr unzensierte Nachrichten aus der Welt","publisher":{"@id":"https:\/\/now-news.de\/de\/#organization"},"potentialAction":[{"@type":"SearchAction","target":{"@type":"EntryPoint","urlTemplate":"https:\/\/now-news.de\/de\/?s={search_term_string}"},"query-input":"required name=search_term_string"}],"inLanguage":"de"},{"@type":"Organization","@id":"https:\/\/now-news.de\/de\/#organization","name":"Just Now News","url":"https:\/\/now-news.de\/de\/","logo":{"@type":"ImageObject","inLanguage":"de","@id":"https:\/\/now-news.de\/de\/#\/schema\/logo\/image\/","url":"http:\/\/just-now.news\/de\/wp-content\/uploads\/sites\/3\/2022\/04\/logo500x500.jpg","contentUrl":"http:\/\/just-now.news\/de\/wp-content\/uploads\/sites\/3\/2022\/04\/logo500x500.jpg","width":500,"height":500,"caption":"Just Now News"},"image":{"@id":"https:\/\/now-news.de\/de\/#\/schema\/logo\/image\/"},"sameAs":["https:\/\/www.facebook.com\/wirmachenauf","https:\/\/x.com\/WirMachenAuf_de"]},{"@type":"Person","@id":"https:\/\/now-news.de\/de\/#\/schema\/person\/fb534a4e865501d8b3285208df34a9b5","name":"rtnews","image":{"@type":"ImageObject","inLanguage":"de","@id":"https:\/\/now-news.de\/de\/#\/schema\/person\/image\/","url":"https:\/\/secure.gravatar.com\/avatar\/82aafea7d8127119dd649515f56e2117?s=96&d=mm&r=g","contentUrl":"https:\/\/secure.gravatar.com\/avatar\/82aafea7d8127119dd649515f56e2117?s=96&d=mm&r=g","caption":"rtnews"},"url":"https:\/\/now-news.de\/de\/author\/rnews\/"}]}},"_links":{"self":[{"href":"https:\/\/now-news.de\/de\/wp-json\/wp\/v2\/posts\/102332"}],"collection":[{"href":"https:\/\/now-news.de\/de\/wp-json\/wp\/v2\/posts"}],"about":[{"href":"https:\/\/now-news.de\/de\/wp-json\/wp\/v2\/types\/post"}],"author":[{"embeddable":true,"href":"https:\/\/now-news.de\/de\/wp-json\/wp\/v2\/users\/3"}],"replies":[{"embeddable":true,"href":"https:\/\/now-news.de\/de\/wp-json\/wp\/v2\/comments?post=102332"}],"version-history":[{"count":0,"href":"https:\/\/now-news.de\/de\/wp-json\/wp\/v2\/posts\/102332\/revisions"}],"wp:featuredmedia":[{"embeddable":true,"href":"https:\/\/now-news.de\/de\/wp-json\/wp\/v2\/media\/102333"}],"wp:attachment":[{"href":"https:\/\/now-news.de\/de\/wp-json\/wp\/v2\/media?parent=102332"}],"wp:term":[{"taxonomy":"category","embeddable":true,"href":"https:\/\/now-news.de\/de\/wp-json\/wp\/v2\/categories?post=102332"},{"taxonomy":"post_tag","embeddable":true,"href":"https:\/\/now-news.de\/de\/wp-json\/wp\/v2\/tags?post=102332"}],"curies":[{"name":"wp","href":"https:\/\/api.w.org\/{rel}","templated":true}]}}