{"id":102324,"date":"2026-04-26T15:33:11","date_gmt":"2026-04-26T13:33:11","guid":{"rendered":"https:\/\/now-news.de\/de\/deutschland\/48-prozent-sehen-fpoe-als-waehlbar-oesterreichs-mitte-driftet-nach-rechts\/"},"modified":"2026-04-26T15:33:11","modified_gmt":"2026-04-26T13:33:11","slug":"48-prozent-sehen-fpoe-als-waehlbar-oesterreichs-mitte-driftet-nach-rechts","status":"publish","type":"post","link":"https:\/\/now-news.de\/de\/deutschland\/48-prozent-sehen-fpoe-als-waehlbar-oesterreichs-mitte-driftet-nach-rechts\/","title":{"rendered":"48 Prozent sehen FP\u00d6 als w\u00e4hlbar: \u00d6sterreichs Mitte driftet nach rechts"},"content":{"rendered":"<p><img decoding=\"async\" src=\"https:\/\/now-news.de\/de\/wp-content\/uploads\/sites\/3\/2026\/04\/69ede39a48fbef303a5ae3ed.jpg\" \/><\/p>\n<div class=\"Text-root Text-type_1 \">\n                Die Umfrage zeigt: Die FP\u00d6 ist allein so stark wie \u00d6VP und SP\u00d6 zusammen. In der Mitte liegt sie mit 36 Prozent vorn. Viele \u00d6sterreicher sind mit der aktuellen Dreierkoalition unzufrieden.\n            <\/div>\n<p><\/p>\n<div class=\"Text-root Text-type_5 ArticleView-text ViewText-root \">\n<p data-start=\"84\" data-end=\"731\">Die politische Statik der Zweiten Republik ger\u00e4t ins Wanken. Eine neue Umfrage des Instituts INSA deutet auf eine tektonische Verschiebung hin, die weit \u00fcber \u00fcbliche Stimmungsschwankungen hinausgeht.<\/p>\n<p data-start=\"84\" data-end=\"731\">Die Freiheitliche Partei \u00d6sterreichs (FP\u00d6) erreicht in der Sonntagsfrage 38 Prozent und h\u00e4lt damit nicht nur ihre F\u00fchrungsposition, sondern baut sie strukturell aus: 48 Prozent der Befragten k\u00f6nnen sich vorstellen, die FP\u00d6 zu w\u00e4hlen. Damit r\u00fcckt eine absolute Mehrheit erstmals in den Bereich des politisch Denkbaren.<\/p>\n<p data-start=\"733\" data-end=\"1188\">Die Erhebung best\u00e4tigt einen Trend, der sich seit der Nationalratswahl 2024 verfestigt hat. Damals erreichten die Freiheitlichen 28,8 Prozent und wurden st\u00e4rkste Kraft, blieben jedoch von der Regierungsbildung ausgeschlossen. Seither fungiert die Partei unter Herbert Kickl als Oppositionsf\u00fchrer und profitiert sichtbar von der Erosion der politischen Mitte.<\/p>\n<p data-start=\"1190\" data-end=\"1695\">\u00d6VP und SP\u00d6 kommen in der aktuellen Umfrage jeweils auf 19 Prozent. Die einst dominierenden Volksparteien erreichen damit gemeinsam lediglich das Niveau der FP\u00d6. Die Gr\u00fcnen liegen bei 10 Prozent, NEOS bei 7 Prozent, w\u00e4hrend die KP\u00d6 mit 4 Prozent an der Schwelle zur parlamentarischen Relevanz verharrt. Sonstige Parteien spielen mit 3 Prozent keine entscheidende Rolle. Die Fragmentierung des Parteiensystems schreitet voran, doch die Kr\u00e4fteverschiebung verl\u00e4uft asymmetrisch zugunsten der Freiheitlichen.<\/p>\n<p data-start=\"1697\" data-end=\"2100\">W\u00e4hrend 38 Prozent konkret zur FP\u00d6 tendieren, geben 31 Prozent an, sie w\u00fcrden die Partei sicher w\u00e4hlen. Bei \u00d6VP und SP\u00d6 liegt dieser Wert lediglich bei 12 beziehungsweise 11 Prozent. Die Differenz deutet auf eine tiefere gesellschaftliche Verankerung der FP\u00d6 hin, die \u00fcber kurzfristige Proteststimmungen hinausgeht.<\/p>\n<p data-start=\"1734\" data-end=\"2113\">Die Kr\u00e4fteverh\u00e4ltnisse in der Mitte sind klar verteilt. Die FP\u00d6 erreicht hier 36 Prozent und l\u00e4sst alle anderen Parteien hinter sich. Die gesellschaftliche Einordnung best\u00e4tigt das Bild: 31 Prozent sehen sich in der Mitte, 35 Prozent rechts davon und 30 Prozent links. Damit dominiert ein Mitte-rechts-Lager, in dem die Freiheitlichen ihren R\u00fcckhalt weiter festigen.<\/p>\n<p data-start=\"2115\" data-end=\"2525\" data-is-last-node=\"\" data-is-only-node=\"\">Der Aufstieg der FP\u00d6 erkl\u00e4rt sich weniger durch eine Verschiebung der W\u00e4hlerschaft nach au\u00dfen, sondern durch die Schw\u00e4che der Regierung. Die Koalition aus \u00d6VP, SP\u00d6 und NEOS unter Christian Stocker und Andreas Babler steht seit M\u00e4rz 2025 unter Druck. Inflation, Migration, wirtschaftliche Lage und Sicherheit bestimmen die Agenda. In diesen zentralen Fragen bleibt die Regierung Antworten schuldig, was ihr Vertrauen kostet.<\/p>\n<p data-start=\"3118\" data-end=\"3450\">Die Oppositionsstrategie der FP\u00d6 erweist sich in diesem Umfeld als wirkungsvoll. Sie kombiniert klare Botschaften mit einer gezielten Ansprache jener W\u00e4hlerschichten, die sich von den etablierten Parteien nicht mehr vertreten f\u00fchlen. Die steigenden Ablehnungswerte gegen\u00fcber SP\u00d6, Gr\u00fcnen und NEOS verst\u00e4rken diesen Effekt zus\u00e4tzlich.<\/p>\n<p data-start=\"3452\" data-end=\"3838\">Andere Umfragen best\u00e4tigen das Bild. Die Lazarsfeld Gesellschaft verortete die FP\u00d6 Mitte April ebenfalls bei 38 Prozent, gegen Monatsende bei 37 Prozent. Der aggregierte PolitPro-Wahltrend bewegt sich in einem \u00e4hnlichen Bereich. Seit \u00fcber drei Jahren liegt die FP\u00d6 damit kontinuierlich an erster Stelle. Der Abstand zu den Verfolgern ist nicht nur stabil, sondern strukturell gewachsen.<\/p>\n<p data-start=\"3840\" data-end=\"4241\">Eine absolute Mehrheit im Nationalrat w\u00fcrde 92 der 183 Mandate erfordern. Ein solches Ergebnis w\u00e4re historisch und w\u00fcrde die Logik der \u00f6sterreichischen Konsensdemokratie grundlegend ver\u00e4ndern. Erstmals seit Jahrzehnten k\u00f6nnte eine Partei allein regieren, ohne auf Koalitionspartner angewiesen zu sein. Ob es dazu kommt, h\u00e4ngt jedoch von der tats\u00e4chlichen Mobilisierung des ausgewiesenen Potenzials ab.<\/p>\n<p data-start=\"3840\" data-end=\"4241\"><strong>Mehr zum Thema\u00a0\u2013<\/strong>\u00a0<a rel=\"nofollow noopener\" target=\"_blank\" href=\"https:\/\/freedert.online\/oesterreich\/239242-auswirkungen-ramadan-auf-schulen-fpoe\/\">Auswirkungen des Ramadan auf Schulen: FP\u00d6 kritisiert Migrationspolitik<\/a><\/p>\n<div class=\"EmbedBlock-root EmbedBlock-externalVideo EmbedBlock-rumble\">\n<div class=\"VkEmbed\"><iframe class=\"lazyload\" data-src=\"https:\/\/rumble.com\/embed\/v76q35o\" frameborder=\"0\" width=\"853\" height=\"480\" allowfullscreen><\/iframe><\/div>\n<\/div>\n<p data-start=\"4243\" data-end=\"4566\">\n<\/div>\n<p><br \/>\n<br \/><a href=\"https:\/\/de.rt.com\/oesterreich\/278251-48-prozent-sehen-fpoe-als\/\">Source link <\/a><\/p>\n","protected":false},"excerpt":{"rendered":"<p>Die Umfrage zeigt: Die FP\u00d6 ist allein so stark wie \u00d6VP und SP\u00d6 zusammen. In der Mitte liegt sie mit 36 Prozent vorn. Viele \u00d6sterreicher sind mit der aktuellen Dreierkoalition unzufrieden. Die politische Statik der Zweiten Republik ger\u00e4t ins Wanken. Eine neue Umfrage des Instituts INSA deutet auf eine tektonische Verschiebung hin, die weit \u00fcber [&hellip;]<\/p>\n","protected":false},"author":3,"featured_media":102325,"comment_status":"open","ping_status":"open","sticky":false,"template":"","format":"standard","meta":{"_yoast_indexnow_last_ping":["1777210755"],"wp_automatic_camp":["217"],"77e154acc4a2d043c266e34438c91941":["48 Prozent sehen FP\u00d6 als w\u00e4hlbar: \u00d6sterreichs Mitte driftet nach rechts"],"original_link":["https:\/\/de.rt.com\/oesterreich\/278251-48-prozent-sehen-fpoe-als\/"],"_thumbnail_id":["102325"],"jnews_social_counter_last_update":["1777217977"],"_wptgpro_p2tg_sent2tg":["a:1:{i:23737;s:19:\"2026-04-26 15:40:15\";}"]},"categories":[19,23],"tags":[273,65524,30964,22670,979,8354,1429,2399,8173,33417],"yoast_head":"<!-- This site is optimized with the Yoast SEO Premium plugin v22.7 (Yoast SEO v22.7) - https:\/\/yoast.com\/wordpress\/plugins\/seo\/ -->\n<title>48 Prozent sehen FP\u00d6 als w\u00e4hlbar: \u00d6sterreichs Mitte driftet nach rechts - just-now.NEWS Deutschland<\/title>\n<meta name=\"robots\" content=\"index, follow, max-snippet:-1, max-image-preview:large, max-video-preview:-1\" \/>\n<link rel=\"canonical\" href=\"https:\/\/now-news.de\/de\/deutschland\/48-prozent-sehen-fpoe-als-waehlbar-oesterreichs-mitte-driftet-nach-rechts\/\" \/>\n<meta property=\"og:locale\" content=\"de_DE\" \/>\n<meta property=\"og:type\" content=\"article\" \/>\n<meta property=\"og:title\" content=\"48 Prozent sehen FP\u00d6 als w\u00e4hlbar: \u00d6sterreichs Mitte driftet nach rechts\" \/>\n<meta property=\"og:description\" content=\"Die Umfrage zeigt: Die FP\u00d6 ist allein so stark wie \u00d6VP und SP\u00d6 zusammen. In der Mitte liegt sie mit 36 Prozent vorn. Viele \u00d6sterreicher sind mit der aktuellen Dreierkoalition unzufrieden. Die politische Statik der Zweiten Republik ger\u00e4t ins Wanken. Eine neue Umfrage des Instituts INSA deutet auf eine tektonische Verschiebung hin, die weit \u00fcber [&hellip;]\" \/>\n<meta property=\"og:url\" content=\"https:\/\/now-news.de\/de\/deutschland\/48-prozent-sehen-fpoe-als-waehlbar-oesterreichs-mitte-driftet-nach-rechts\/\" \/>\n<meta property=\"og:site_name\" content=\"just-now.NEWS Deutschland\" \/>\n<meta property=\"article:publisher\" content=\"https:\/\/www.facebook.com\/wirmachenauf\" \/>\n<meta property=\"article:published_time\" content=\"2026-04-26T13:33:11+00:00\" \/>\n<meta property=\"og:image\" content=\"https:\/\/now-news.de\/de\/wp-content\/uploads\/sites\/3\/2026\/04\/69ede39a48fbef303a5ae3ed.jpg\" \/>\n<meta name=\"author\" content=\"rtnews\" \/>\n<meta name=\"twitter:card\" content=\"summary_large_image\" \/>\n<meta name=\"twitter:creator\" content=\"@WirMachenAuf_de\" \/>\n<meta name=\"twitter:site\" content=\"@WirMachenAuf_de\" \/>\n<meta name=\"twitter:label1\" content=\"Verfasst von\" \/>\n\t<meta name=\"twitter:data1\" content=\"rtnews\" \/>\n\t<meta name=\"twitter:label2\" content=\"Gesch\u00e4tzte Lesezeit\" \/>\n\t<meta name=\"twitter:data2\" content=\"3\u00a0Minuten\" \/>\n<script type=\"application\/ld+json\" class=\"yoast-schema-graph\">{\"@context\":\"https:\/\/schema.org\",\"@graph\":[{\"@type\":\"Article\",\"@id\":\"https:\/\/now-news.de\/de\/deutschland\/48-prozent-sehen-fpoe-als-waehlbar-oesterreichs-mitte-driftet-nach-rechts\/#article\",\"isPartOf\":{\"@id\":\"https:\/\/now-news.de\/de\/deutschland\/48-prozent-sehen-fpoe-als-waehlbar-oesterreichs-mitte-driftet-nach-rechts\/\"},\"author\":{\"name\":\"rtnews\",\"@id\":\"https:\/\/now-news.de\/de\/#\/schema\/person\/fb534a4e865501d8b3285208df34a9b5\"},\"headline\":\"48 Prozent sehen FP\u00d6 als w\u00e4hlbar: \u00d6sterreichs Mitte driftet nach rechts\",\"datePublished\":\"2026-04-26T13:33:11+00:00\",\"dateModified\":\"2026-04-26T13:33:11+00:00\",\"mainEntityOfPage\":{\"@id\":\"https:\/\/now-news.de\/de\/deutschland\/48-prozent-sehen-fpoe-als-waehlbar-oesterreichs-mitte-driftet-nach-rechts\/\"},\"wordCount\":575,\"commentCount\":0,\"publisher\":{\"@id\":\"https:\/\/now-news.de\/de\/#organization\"},\"image\":{\"@id\":\"https:\/\/now-news.de\/de\/deutschland\/48-prozent-sehen-fpoe-als-waehlbar-oesterreichs-mitte-driftet-nach-rechts\/#primaryimage\"},\"thumbnailUrl\":\"https:\/\/now-news.de\/de\/wp-content\/uploads\/sites\/3\/48-Prozent-sehen-FPOe-als-waehlbar-Oesterreichs-Mitte-driftet-nach.jpg\",\"keywords\":[\"als\",\"driftet\",\"FP\u00d6\",\"Mitte\",\"nach\",\"\u00d6sterreichs\",\"Prozent\",\"rechts\",\"sehen\",\"w\u00e4hlbar\"],\"articleSection\":[\"Deutschland\",\"Russland\"],\"inLanguage\":\"de\",\"potentialAction\":[{\"@type\":\"CommentAction\",\"name\":\"Comment\",\"target\":[\"https:\/\/now-news.de\/de\/deutschland\/48-prozent-sehen-fpoe-als-waehlbar-oesterreichs-mitte-driftet-nach-rechts\/#respond\"]}]},{\"@type\":\"WebPage\",\"@id\":\"https:\/\/now-news.de\/de\/deutschland\/48-prozent-sehen-fpoe-als-waehlbar-oesterreichs-mitte-driftet-nach-rechts\/\",\"url\":\"https:\/\/now-news.de\/de\/deutschland\/48-prozent-sehen-fpoe-als-waehlbar-oesterreichs-mitte-driftet-nach-rechts\/\",\"name\":\"48 Prozent sehen FP\u00d6 als w\u00e4hlbar: \u00d6sterreichs Mitte driftet nach rechts - just-now.NEWS Deutschland\",\"isPartOf\":{\"@id\":\"https:\/\/now-news.de\/de\/#website\"},\"primaryImageOfPage\":{\"@id\":\"https:\/\/now-news.de\/de\/deutschland\/48-prozent-sehen-fpoe-als-waehlbar-oesterreichs-mitte-driftet-nach-rechts\/#primaryimage\"},\"image\":{\"@id\":\"https:\/\/now-news.de\/de\/deutschland\/48-prozent-sehen-fpoe-als-waehlbar-oesterreichs-mitte-driftet-nach-rechts\/#primaryimage\"},\"thumbnailUrl\":\"https:\/\/now-news.de\/de\/wp-content\/uploads\/sites\/3\/48-Prozent-sehen-FPOe-als-waehlbar-Oesterreichs-Mitte-driftet-nach.jpg\",\"datePublished\":\"2026-04-26T13:33:11+00:00\",\"dateModified\":\"2026-04-26T13:33:11+00:00\",\"breadcrumb\":{\"@id\":\"https:\/\/now-news.de\/de\/deutschland\/48-prozent-sehen-fpoe-als-waehlbar-oesterreichs-mitte-driftet-nach-rechts\/#breadcrumb\"},\"inLanguage\":\"de\",\"potentialAction\":[{\"@type\":\"ReadAction\",\"target\":[\"https:\/\/now-news.de\/de\/deutschland\/48-prozent-sehen-fpoe-als-waehlbar-oesterreichs-mitte-driftet-nach-rechts\/\"]}]},{\"@type\":\"ImageObject\",\"inLanguage\":\"de\",\"@id\":\"https:\/\/now-news.de\/de\/deutschland\/48-prozent-sehen-fpoe-als-waehlbar-oesterreichs-mitte-driftet-nach-rechts\/#primaryimage\",\"url\":\"https:\/\/now-news.de\/de\/wp-content\/uploads\/sites\/3\/48-Prozent-sehen-FPOe-als-waehlbar-Oesterreichs-Mitte-driftet-nach.jpg\",\"contentUrl\":\"https:\/\/now-news.de\/de\/wp-content\/uploads\/sites\/3\/48-Prozent-sehen-FPOe-als-waehlbar-Oesterreichs-Mitte-driftet-nach.jpg\",\"caption\":\"48 Prozent sehen FP\u00d6 als w\u00e4hlbar: \u00d6sterreichs Mitte driftet nach rechts\"},{\"@type\":\"BreadcrumbList\",\"@id\":\"https:\/\/now-news.de\/de\/deutschland\/48-prozent-sehen-fpoe-als-waehlbar-oesterreichs-mitte-driftet-nach-rechts\/#breadcrumb\",\"itemListElement\":[{\"@type\":\"ListItem\",\"position\":1,\"name\":\"Home\",\"item\":\"https:\/\/now-news.de\/de\/\"},{\"@type\":\"ListItem\",\"position\":2,\"name\":\"48 Prozent sehen FP\u00d6 als w\u00e4hlbar: \u00d6sterreichs Mitte driftet nach rechts\"}]},{\"@type\":\"WebSite\",\"@id\":\"https:\/\/now-news.de\/de\/#website\",\"url\":\"https:\/\/now-news.de\/de\/\",\"name\":\"just-now.NEWS Deutschland\",\"description\":\"Das Portal f\u00fcr unzensierte Nachrichten aus der Welt\",\"publisher\":{\"@id\":\"https:\/\/now-news.de\/de\/#organization\"},\"potentialAction\":[{\"@type\":\"SearchAction\",\"target\":{\"@type\":\"EntryPoint\",\"urlTemplate\":\"https:\/\/now-news.de\/de\/?s={search_term_string}\"},\"query-input\":\"required name=search_term_string\"}],\"inLanguage\":\"de\"},{\"@type\":\"Organization\",\"@id\":\"https:\/\/now-news.de\/de\/#organization\",\"name\":\"Just Now News\",\"url\":\"https:\/\/now-news.de\/de\/\",\"logo\":{\"@type\":\"ImageObject\",\"inLanguage\":\"de\",\"@id\":\"https:\/\/now-news.de\/de\/#\/schema\/logo\/image\/\",\"url\":\"http:\/\/just-now.news\/de\/wp-content\/uploads\/sites\/3\/2022\/04\/logo500x500.jpg\",\"contentUrl\":\"http:\/\/just-now.news\/de\/wp-content\/uploads\/sites\/3\/2022\/04\/logo500x500.jpg\",\"width\":500,\"height\":500,\"caption\":\"Just Now News\"},\"image\":{\"@id\":\"https:\/\/now-news.de\/de\/#\/schema\/logo\/image\/\"},\"sameAs\":[\"https:\/\/www.facebook.com\/wirmachenauf\",\"https:\/\/x.com\/WirMachenAuf_de\"]},{\"@type\":\"Person\",\"@id\":\"https:\/\/now-news.de\/de\/#\/schema\/person\/fb534a4e865501d8b3285208df34a9b5\",\"name\":\"rtnews\",\"image\":{\"@type\":\"ImageObject\",\"inLanguage\":\"de\",\"@id\":\"https:\/\/now-news.de\/de\/#\/schema\/person\/image\/\",\"url\":\"https:\/\/secure.gravatar.com\/avatar\/82aafea7d8127119dd649515f56e2117?s=96&d=mm&r=g\",\"contentUrl\":\"https:\/\/secure.gravatar.com\/avatar\/82aafea7d8127119dd649515f56e2117?s=96&d=mm&r=g\",\"caption\":\"rtnews\"},\"url\":\"https:\/\/now-news.de\/de\/author\/rnews\/\"}]}<\/script>\n<!-- \/ Yoast SEO Premium plugin. -->","yoast_head_json":{"title":"48 Prozent sehen FP\u00d6 als w\u00e4hlbar: \u00d6sterreichs Mitte driftet nach rechts - just-now.NEWS Deutschland","robots":{"index":"index","follow":"follow","max-snippet":"max-snippet:-1","max-image-preview":"max-image-preview:large","max-video-preview":"max-video-preview:-1"},"canonical":"https:\/\/now-news.de\/de\/deutschland\/48-prozent-sehen-fpoe-als-waehlbar-oesterreichs-mitte-driftet-nach-rechts\/","og_locale":"de_DE","og_type":"article","og_title":"48 Prozent sehen FP\u00d6 als w\u00e4hlbar: \u00d6sterreichs Mitte driftet nach rechts","og_description":"Die Umfrage zeigt: Die FP\u00d6 ist allein so stark wie \u00d6VP und SP\u00d6 zusammen. In der Mitte liegt sie mit 36 Prozent vorn. Viele \u00d6sterreicher sind mit der aktuellen Dreierkoalition unzufrieden. Die politische Statik der Zweiten Republik ger\u00e4t ins Wanken. Eine neue Umfrage des Instituts INSA deutet auf eine tektonische Verschiebung hin, die weit \u00fcber [&hellip;]","og_url":"https:\/\/now-news.de\/de\/deutschland\/48-prozent-sehen-fpoe-als-waehlbar-oesterreichs-mitte-driftet-nach-rechts\/","og_site_name":"just-now.NEWS Deutschland","article_publisher":"https:\/\/www.facebook.com\/wirmachenauf","article_published_time":"2026-04-26T13:33:11+00:00","og_image":[{"url":"https:\/\/now-news.de\/de\/wp-content\/uploads\/sites\/3\/2026\/04\/69ede39a48fbef303a5ae3ed.jpg"}],"author":"rtnews","twitter_card":"summary_large_image","twitter_creator":"@WirMachenAuf_de","twitter_site":"@WirMachenAuf_de","twitter_misc":{"Verfasst von":"rtnews","Gesch\u00e4tzte Lesezeit":"3\u00a0Minuten"},"schema":{"@context":"https:\/\/schema.org","@graph":[{"@type":"Article","@id":"https:\/\/now-news.de\/de\/deutschland\/48-prozent-sehen-fpoe-als-waehlbar-oesterreichs-mitte-driftet-nach-rechts\/#article","isPartOf":{"@id":"https:\/\/now-news.de\/de\/deutschland\/48-prozent-sehen-fpoe-als-waehlbar-oesterreichs-mitte-driftet-nach-rechts\/"},"author":{"name":"rtnews","@id":"https:\/\/now-news.de\/de\/#\/schema\/person\/fb534a4e865501d8b3285208df34a9b5"},"headline":"48 Prozent sehen FP\u00d6 als w\u00e4hlbar: \u00d6sterreichs Mitte driftet nach rechts","datePublished":"2026-04-26T13:33:11+00:00","dateModified":"2026-04-26T13:33:11+00:00","mainEntityOfPage":{"@id":"https:\/\/now-news.de\/de\/deutschland\/48-prozent-sehen-fpoe-als-waehlbar-oesterreichs-mitte-driftet-nach-rechts\/"},"wordCount":575,"commentCount":0,"publisher":{"@id":"https:\/\/now-news.de\/de\/#organization"},"image":{"@id":"https:\/\/now-news.de\/de\/deutschland\/48-prozent-sehen-fpoe-als-waehlbar-oesterreichs-mitte-driftet-nach-rechts\/#primaryimage"},"thumbnailUrl":"https:\/\/now-news.de\/de\/wp-content\/uploads\/sites\/3\/48-Prozent-sehen-FPOe-als-waehlbar-Oesterreichs-Mitte-driftet-nach.jpg","keywords":["als","driftet","FP\u00d6","Mitte","nach","\u00d6sterreichs","Prozent","rechts","sehen","w\u00e4hlbar"],"articleSection":["Deutschland","Russland"],"inLanguage":"de","potentialAction":[{"@type":"CommentAction","name":"Comment","target":["https:\/\/now-news.de\/de\/deutschland\/48-prozent-sehen-fpoe-als-waehlbar-oesterreichs-mitte-driftet-nach-rechts\/#respond"]}]},{"@type":"WebPage","@id":"https:\/\/now-news.de\/de\/deutschland\/48-prozent-sehen-fpoe-als-waehlbar-oesterreichs-mitte-driftet-nach-rechts\/","url":"https:\/\/now-news.de\/de\/deutschland\/48-prozent-sehen-fpoe-als-waehlbar-oesterreichs-mitte-driftet-nach-rechts\/","name":"48 Prozent sehen FP\u00d6 als w\u00e4hlbar: \u00d6sterreichs Mitte driftet nach rechts - just-now.NEWS Deutschland","isPartOf":{"@id":"https:\/\/now-news.de\/de\/#website"},"primaryImageOfPage":{"@id":"https:\/\/now-news.de\/de\/deutschland\/48-prozent-sehen-fpoe-als-waehlbar-oesterreichs-mitte-driftet-nach-rechts\/#primaryimage"},"image":{"@id":"https:\/\/now-news.de\/de\/deutschland\/48-prozent-sehen-fpoe-als-waehlbar-oesterreichs-mitte-driftet-nach-rechts\/#primaryimage"},"thumbnailUrl":"https:\/\/now-news.de\/de\/wp-content\/uploads\/sites\/3\/48-Prozent-sehen-FPOe-als-waehlbar-Oesterreichs-Mitte-driftet-nach.jpg","datePublished":"2026-04-26T13:33:11+00:00","dateModified":"2026-04-26T13:33:11+00:00","breadcrumb":{"@id":"https:\/\/now-news.de\/de\/deutschland\/48-prozent-sehen-fpoe-als-waehlbar-oesterreichs-mitte-driftet-nach-rechts\/#breadcrumb"},"inLanguage":"de","potentialAction":[{"@type":"ReadAction","target":["https:\/\/now-news.de\/de\/deutschland\/48-prozent-sehen-fpoe-als-waehlbar-oesterreichs-mitte-driftet-nach-rechts\/"]}]},{"@type":"ImageObject","inLanguage":"de","@id":"https:\/\/now-news.de\/de\/deutschland\/48-prozent-sehen-fpoe-als-waehlbar-oesterreichs-mitte-driftet-nach-rechts\/#primaryimage","url":"https:\/\/now-news.de\/de\/wp-content\/uploads\/sites\/3\/48-Prozent-sehen-FPOe-als-waehlbar-Oesterreichs-Mitte-driftet-nach.jpg","contentUrl":"https:\/\/now-news.de\/de\/wp-content\/uploads\/sites\/3\/48-Prozent-sehen-FPOe-als-waehlbar-Oesterreichs-Mitte-driftet-nach.jpg","caption":"48 Prozent sehen FP\u00d6 als w\u00e4hlbar: \u00d6sterreichs Mitte driftet nach rechts"},{"@type":"BreadcrumbList","@id":"https:\/\/now-news.de\/de\/deutschland\/48-prozent-sehen-fpoe-als-waehlbar-oesterreichs-mitte-driftet-nach-rechts\/#breadcrumb","itemListElement":[{"@type":"ListItem","position":1,"name":"Home","item":"https:\/\/now-news.de\/de\/"},{"@type":"ListItem","position":2,"name":"48 Prozent sehen FP\u00d6 als w\u00e4hlbar: \u00d6sterreichs Mitte driftet nach rechts"}]},{"@type":"WebSite","@id":"https:\/\/now-news.de\/de\/#website","url":"https:\/\/now-news.de\/de\/","name":"just-now.NEWS Deutschland","description":"Das Portal f\u00fcr unzensierte Nachrichten aus der Welt","publisher":{"@id":"https:\/\/now-news.de\/de\/#organization"},"potentialAction":[{"@type":"SearchAction","target":{"@type":"EntryPoint","urlTemplate":"https:\/\/now-news.de\/de\/?s={search_term_string}"},"query-input":"required name=search_term_string"}],"inLanguage":"de"},{"@type":"Organization","@id":"https:\/\/now-news.de\/de\/#organization","name":"Just Now News","url":"https:\/\/now-news.de\/de\/","logo":{"@type":"ImageObject","inLanguage":"de","@id":"https:\/\/now-news.de\/de\/#\/schema\/logo\/image\/","url":"http:\/\/just-now.news\/de\/wp-content\/uploads\/sites\/3\/2022\/04\/logo500x500.jpg","contentUrl":"http:\/\/just-now.news\/de\/wp-content\/uploads\/sites\/3\/2022\/04\/logo500x500.jpg","width":500,"height":500,"caption":"Just Now News"},"image":{"@id":"https:\/\/now-news.de\/de\/#\/schema\/logo\/image\/"},"sameAs":["https:\/\/www.facebook.com\/wirmachenauf","https:\/\/x.com\/WirMachenAuf_de"]},{"@type":"Person","@id":"https:\/\/now-news.de\/de\/#\/schema\/person\/fb534a4e865501d8b3285208df34a9b5","name":"rtnews","image":{"@type":"ImageObject","inLanguage":"de","@id":"https:\/\/now-news.de\/de\/#\/schema\/person\/image\/","url":"https:\/\/secure.gravatar.com\/avatar\/82aafea7d8127119dd649515f56e2117?s=96&d=mm&r=g","contentUrl":"https:\/\/secure.gravatar.com\/avatar\/82aafea7d8127119dd649515f56e2117?s=96&d=mm&r=g","caption":"rtnews"},"url":"https:\/\/now-news.de\/de\/author\/rnews\/"}]}},"_links":{"self":[{"href":"https:\/\/now-news.de\/de\/wp-json\/wp\/v2\/posts\/102324"}],"collection":[{"href":"https:\/\/now-news.de\/de\/wp-json\/wp\/v2\/posts"}],"about":[{"href":"https:\/\/now-news.de\/de\/wp-json\/wp\/v2\/types\/post"}],"author":[{"embeddable":true,"href":"https:\/\/now-news.de\/de\/wp-json\/wp\/v2\/users\/3"}],"replies":[{"embeddable":true,"href":"https:\/\/now-news.de\/de\/wp-json\/wp\/v2\/comments?post=102324"}],"version-history":[{"count":0,"href":"https:\/\/now-news.de\/de\/wp-json\/wp\/v2\/posts\/102324\/revisions"}],"wp:featuredmedia":[{"embeddable":true,"href":"https:\/\/now-news.de\/de\/wp-json\/wp\/v2\/media\/102325"}],"wp:attachment":[{"href":"https:\/\/now-news.de\/de\/wp-json\/wp\/v2\/media?parent=102324"}],"wp:term":[{"taxonomy":"category","embeddable":true,"href":"https:\/\/now-news.de\/de\/wp-json\/wp\/v2\/categories?post=102324"},{"taxonomy":"post_tag","embeddable":true,"href":"https:\/\/now-news.de\/de\/wp-json\/wp\/v2\/tags?post=102324"}],"curies":[{"name":"wp","href":"https:\/\/api.w.org\/{rel}","templated":true}]}}