{"id":102322,"date":"2026-04-26T14:37:17","date_gmt":"2026-04-26T12:37:17","guid":{"rendered":"https:\/\/now-news.de\/de\/deutschland\/rumaenien-lebenslaenglich-fuer-femizid\/"},"modified":"2026-04-26T14:37:17","modified_gmt":"2026-04-26T12:37:17","slug":"rumaenien-lebenslaenglich-fuer-femizid","status":"publish","type":"post","link":"https:\/\/now-news.de\/de\/deutschland\/rumaenien-lebenslaenglich-fuer-femizid\/","title":{"rendered":"Rum\u00e4nien: Lebensl\u00e4nglich f\u00fcr &quot;Femizid&quot;"},"content":{"rendered":"<p><img decoding=\"async\" src=\"https:\/\/now-news.de\/de\/wp-content\/uploads\/sites\/3\/2026\/04\/69ee01b9b480cc48ba712533.jpg\" \/><\/p>\n<div class=\"Text-root Text-type_1 \">\n                Rum\u00e4niens proeurop\u00e4ischer Pr\u00e4sident schreibt sich den westlichen Feminismus auf die Fahnen. Der Mord an Frauen (&#8220;Femizid&#8221;) ist nun ein eigener Straftatbestand und wird besonders hart bestraft.\n            <\/div>\n<p><\/p>\n<div class=\"Text-root Text-type_5 ArticleView-text ViewText-root \">\n<p>Rum\u00e4niens Staatspr\u00e4sident Nicu\u0219or Dan hat vergangenen Donnerstag ein Gesetz zur Pr\u00e4vention und Bek\u00e4mpfung von Femizid unterzeichnet. Es definiert Femizid erstmals im rum\u00e4nischen Recht als die vors\u00e4tzliche T\u00f6tung einer Frau aufgrund ihres Geschlechts.\u00a0Das Gesetz greift unabh\u00e4ngig davon, ob der T\u00e4ter ein Familienmitglied oder eine dritte Person ist. Die Tat wird k\u00fcnftig wie schwerer Mord behandelt und kann mit 15 bis 25 Jahren Haft oder lebenslanger Freiheitsstrafe geahndet werden.<\/p>\n<p><strong>Breite parlamentarische Unterst\u00fctzung<\/strong><\/p>\n<p>Das Gesetz war bereits im Oktober 2025 im Parlament eingebracht worden und fand breite Unterst\u00fctzung. Das Gesetz verpflichtet den Staat zum Eingreifen, bevor h\u00e4usliche Gewalt f\u00fcr Frauen t\u00f6dlich endet, und will Schutzmechanismen f\u00fcr Frauen und Kinder schaffen. Strafverfolgung in F\u00e4llen von Partnerschaftsgewalt wird k\u00fcnftig automatisch eingeleitet \u2013 eine Anzeige des Opfers ist daf\u00fcr nicht mehr erforderlich.\u00a0Kritiker aus den Reihen der rechtskonservativen AUR-Partei von George Simion sprachen hingegen von \u00dcberregulierung.<\/p>\n<p><strong>Hintergrund: F\u00e4lle h\u00e4uslicher Gewalt<\/strong><\/p>\n<p>In der Begr\u00fcndung der Gesetzesinitiative wird auf die hohe Zahl an F\u00e4llen h\u00e4uslicher Gewalt verwiesen. In den ersten acht Monaten des Jahres 2025 wurden in Rum\u00e4nien 33 Morde innerhalb von Familien erfasst \u2013 69 Prozent der Opfer waren Frauen oder M\u00e4dchen. Im Schnitt wurden jeden Monat drei Frauen von Familienangeh\u00f6rigen get\u00f6tet. Die Polizei reagierte im Jahr 2025 auf mehr als 130.000 F\u00e4lle h\u00e4uslicher Gewalt. Das waren knapp f\u00fcnf Prozent mehr als im Vorjahr.<\/p>\n<p><strong>Umstrittenes Konzept des EU-Feminismus<\/strong><\/p>\n<p>Rum\u00e4nien reiht sich mit dem neuen Gesetz in einen europ\u00e4ischen Trend ein. Italien hatte Ende November 2025 einen Paragraphen verabschiedet, der Femizid als eigenst\u00e4ndiges Verbrechen behandelt und mit lebenslanger Haft bestraft. Mit diesen Gesetzen soll h\u00e4uslicher Gewalt vorgebeugt und ihre Opfer besser gesch\u00fctzt werden.<\/p>\n<p>Der Begriff &#8220;Femizid&#8221;, der in den feministisch gepr\u00e4gten Diskursen westlicher L\u00e4nder zunehmend pr\u00e4sent ist, ist jedoch nicht unumstritten. Er geht auf die s\u00fcdafrikanische Soziologin Diana Russell zur\u00fcck und bezeichnet die vors\u00e4tzliche T\u00f6tung einer Frau durch einen Mann aufgrund ihres Geschlechts. Kritiker wenden ein, dass diese Definition in vielen F\u00e4llen an der Realit\u00e4t vorbeigeht: Wenn ein Ehemann seine Frau t\u00f6tet, stehen dahinter h\u00e4ufig Eifersucht, Trennungsschmerz oder finanzielle Konflikte \u2013 also ganz andere Motive als ein Hass auf Frauen.\u00a0Es stellt sich damit die Frage, wie viele reale Anwendungsf\u00e4lle es f\u00fcr das Konzept &#8220;Femizid&#8221; tats\u00e4chlich gibt.<\/p>\n<p>Das Gesetz f\u00e4llt in eine politisch turbulente Phase Rum\u00e4niens und ist ein Signal des proeurop\u00e4ischen Kurses von Pr\u00e4sident Nicu\u0219or Dan.<\/p>\n<p><strong>Mehr zum Thema<\/strong>\u00a0\u2013\u00a0<a rel=\"nofollow noopener\" target=\"_blank\" href=\"https:\/\/freedert.online\/europa\/278258-orban-gibt-abgeordnetenmandat-auf\/\">Orb\u00e1n gibt Abgeordnetenmandat auf<\/a><\/p>\n<div class=\"EmbedBlock-root EmbedBlock-externalVideo EmbedBlock-rumble\">\n<div class=\"VkEmbed\"><iframe class=\"lazyload\" data-src=\"https:\/\/rumble.com\/embed\/v76u2zy\" frameborder=\"0\" width=\"853\" height=\"480\" allowfullscreen><\/iframe><\/div>\n<\/div>\n<\/div>\n<p><br \/>\n<br \/><a href=\"https:\/\/de.rt.com\/europa\/278260-rumaenien-lebenslaenglich-fuer-femizid\/\">Source link <\/a><\/p>\n","protected":false},"excerpt":{"rendered":"<p>Rum\u00e4niens proeurop\u00e4ischer Pr\u00e4sident schreibt sich den westlichen Feminismus auf die Fahnen. Der Mord an Frauen (&#8220;Femizid&#8221;) ist nun ein eigener Straftatbestand und wird besonders hart bestraft. Rum\u00e4niens Staatspr\u00e4sident Nicu\u0219or Dan hat vergangenen Donnerstag ein Gesetz zur Pr\u00e4vention und Bek\u00e4mpfung von Femizid unterzeichnet. Es definiert Femizid erstmals im rum\u00e4nischen Recht als die vors\u00e4tzliche T\u00f6tung einer Frau [&hellip;]<\/p>\n","protected":false},"author":3,"featured_media":102323,"comment_status":"open","ping_status":"open","sticky":false,"template":"","format":"standard","meta":{"_yoast_indexnow_last_ping":["1777207875"],"wp_automatic_camp":["217"],"4a7221c7bf3428b7d05302dd91fb543b":["Rum\u00e4nien: Lebensl\u00e4nglich f\u00fcr &quot;Femizid&quot;"],"original_link":["https:\/\/de.rt.com\/europa\/278260-rumaenien-lebenslaenglich-fuer-femizid\/"],"_thumbnail_id":["102323"],"jnews_social_counter_last_update":["1777215099"],"_wptgpro_p2tg_sent2tg":["a:1:{i:23737;s:19:\"2026-04-26 14:52:17\";}"]},"categories":[19,23],"tags":[221,26942,72640,24443],"yoast_head":"<!-- This site is optimized with the Yoast SEO Premium plugin v22.7 (Yoast SEO v22.7) - https:\/\/yoast.com\/wordpress\/plugins\/seo\/ -->\n<title>Rum\u00e4nien: Lebensl\u00e4nglich f\u00fcr &quot;Femizid&quot; - just-now.NEWS Deutschland<\/title>\n<meta name=\"robots\" content=\"index, follow, max-snippet:-1, max-image-preview:large, max-video-preview:-1\" \/>\n<link rel=\"canonical\" href=\"https:\/\/now-news.de\/de\/deutschland\/rumaenien-lebenslaenglich-fuer-femizid\/\" \/>\n<meta property=\"og:locale\" content=\"de_DE\" \/>\n<meta property=\"og:type\" content=\"article\" \/>\n<meta property=\"og:title\" content=\"Rum\u00e4nien: Lebensl\u00e4nglich f\u00fcr &quot;Femizid&quot;\" \/>\n<meta property=\"og:description\" content=\"Rum\u00e4niens proeurop\u00e4ischer Pr\u00e4sident schreibt sich den westlichen Feminismus auf die Fahnen. Der Mord an Frauen (&#8220;Femizid&#8221;) ist nun ein eigener Straftatbestand und wird besonders hart bestraft. Rum\u00e4niens Staatspr\u00e4sident Nicu\u0219or Dan hat vergangenen Donnerstag ein Gesetz zur Pr\u00e4vention und Bek\u00e4mpfung von Femizid unterzeichnet. Es definiert Femizid erstmals im rum\u00e4nischen Recht als die vors\u00e4tzliche T\u00f6tung einer Frau [&hellip;]\" \/>\n<meta property=\"og:url\" content=\"https:\/\/now-news.de\/de\/deutschland\/rumaenien-lebenslaenglich-fuer-femizid\/\" \/>\n<meta property=\"og:site_name\" content=\"just-now.NEWS Deutschland\" \/>\n<meta property=\"article:publisher\" content=\"https:\/\/www.facebook.com\/wirmachenauf\" \/>\n<meta property=\"article:published_time\" content=\"2026-04-26T12:37:17+00:00\" \/>\n<meta property=\"og:image\" content=\"https:\/\/now-news.de\/de\/wp-content\/uploads\/sites\/3\/2026\/04\/69ee01b9b480cc48ba712533.jpg\" \/>\n<meta name=\"author\" content=\"rtnews\" \/>\n<meta name=\"twitter:card\" content=\"summary_large_image\" \/>\n<meta name=\"twitter:creator\" content=\"@WirMachenAuf_de\" \/>\n<meta name=\"twitter:site\" content=\"@WirMachenAuf_de\" \/>\n<meta name=\"twitter:label1\" content=\"Verfasst von\" \/>\n\t<meta name=\"twitter:data1\" content=\"rtnews\" \/>\n\t<meta name=\"twitter:label2\" content=\"Gesch\u00e4tzte Lesezeit\" \/>\n\t<meta name=\"twitter:data2\" content=\"2\u00a0Minuten\" \/>\n<script type=\"application\/ld+json\" class=\"yoast-schema-graph\">{\"@context\":\"https:\/\/schema.org\",\"@graph\":[{\"@type\":\"Article\",\"@id\":\"https:\/\/now-news.de\/de\/deutschland\/rumaenien-lebenslaenglich-fuer-femizid\/#article\",\"isPartOf\":{\"@id\":\"https:\/\/now-news.de\/de\/deutschland\/rumaenien-lebenslaenglich-fuer-femizid\/\"},\"author\":{\"name\":\"rtnews\",\"@id\":\"https:\/\/now-news.de\/de\/#\/schema\/person\/fb534a4e865501d8b3285208df34a9b5\"},\"headline\":\"Rum\u00e4nien: Lebensl\u00e4nglich f\u00fcr &quot;Femizid&quot;\",\"datePublished\":\"2026-04-26T12:37:17+00:00\",\"dateModified\":\"2026-04-26T12:37:17+00:00\",\"mainEntityOfPage\":{\"@id\":\"https:\/\/now-news.de\/de\/deutschland\/rumaenien-lebenslaenglich-fuer-femizid\/\"},\"wordCount\":473,\"commentCount\":0,\"publisher\":{\"@id\":\"https:\/\/now-news.de\/de\/#organization\"},\"image\":{\"@id\":\"https:\/\/now-news.de\/de\/deutschland\/rumaenien-lebenslaenglich-fuer-femizid\/#primaryimage\"},\"thumbnailUrl\":\"https:\/\/now-news.de\/de\/wp-content\/uploads\/sites\/3\/Rumaenien-Lebenslaenglich-fuer-quotFemizidquot.jpg\",\"keywords\":[\"f\u00fcr\",\"lebensl\u00e4nglich\",\"quotFemizidquot\",\"Rum\u00e4nien\"],\"articleSection\":[\"Deutschland\",\"Russland\"],\"inLanguage\":\"de\",\"potentialAction\":[{\"@type\":\"CommentAction\",\"name\":\"Comment\",\"target\":[\"https:\/\/now-news.de\/de\/deutschland\/rumaenien-lebenslaenglich-fuer-femizid\/#respond\"]}]},{\"@type\":\"WebPage\",\"@id\":\"https:\/\/now-news.de\/de\/deutschland\/rumaenien-lebenslaenglich-fuer-femizid\/\",\"url\":\"https:\/\/now-news.de\/de\/deutschland\/rumaenien-lebenslaenglich-fuer-femizid\/\",\"name\":\"Rum\u00e4nien: Lebensl\u00e4nglich f\u00fcr &quot;Femizid&quot; - just-now.NEWS Deutschland\",\"isPartOf\":{\"@id\":\"https:\/\/now-news.de\/de\/#website\"},\"primaryImageOfPage\":{\"@id\":\"https:\/\/now-news.de\/de\/deutschland\/rumaenien-lebenslaenglich-fuer-femizid\/#primaryimage\"},\"image\":{\"@id\":\"https:\/\/now-news.de\/de\/deutschland\/rumaenien-lebenslaenglich-fuer-femizid\/#primaryimage\"},\"thumbnailUrl\":\"https:\/\/now-news.de\/de\/wp-content\/uploads\/sites\/3\/Rumaenien-Lebenslaenglich-fuer-quotFemizidquot.jpg\",\"datePublished\":\"2026-04-26T12:37:17+00:00\",\"dateModified\":\"2026-04-26T12:37:17+00:00\",\"breadcrumb\":{\"@id\":\"https:\/\/now-news.de\/de\/deutschland\/rumaenien-lebenslaenglich-fuer-femizid\/#breadcrumb\"},\"inLanguage\":\"de\",\"potentialAction\":[{\"@type\":\"ReadAction\",\"target\":[\"https:\/\/now-news.de\/de\/deutschland\/rumaenien-lebenslaenglich-fuer-femizid\/\"]}]},{\"@type\":\"ImageObject\",\"inLanguage\":\"de\",\"@id\":\"https:\/\/now-news.de\/de\/deutschland\/rumaenien-lebenslaenglich-fuer-femizid\/#primaryimage\",\"url\":\"https:\/\/now-news.de\/de\/wp-content\/uploads\/sites\/3\/Rumaenien-Lebenslaenglich-fuer-quotFemizidquot.jpg\",\"contentUrl\":\"https:\/\/now-news.de\/de\/wp-content\/uploads\/sites\/3\/Rumaenien-Lebenslaenglich-fuer-quotFemizidquot.jpg\",\"caption\":\"Rum\u00e4nien: Lebensl\u00e4nglich f\u00fcr &quot;Femizid&quot;\"},{\"@type\":\"BreadcrumbList\",\"@id\":\"https:\/\/now-news.de\/de\/deutschland\/rumaenien-lebenslaenglich-fuer-femizid\/#breadcrumb\",\"itemListElement\":[{\"@type\":\"ListItem\",\"position\":1,\"name\":\"Home\",\"item\":\"https:\/\/now-news.de\/de\/\"},{\"@type\":\"ListItem\",\"position\":2,\"name\":\"Rum\u00e4nien: Lebensl\u00e4nglich f\u00fcr &quot;Femizid&quot;\"}]},{\"@type\":\"WebSite\",\"@id\":\"https:\/\/now-news.de\/de\/#website\",\"url\":\"https:\/\/now-news.de\/de\/\",\"name\":\"just-now.NEWS Deutschland\",\"description\":\"Das Portal f\u00fcr unzensierte Nachrichten aus der Welt\",\"publisher\":{\"@id\":\"https:\/\/now-news.de\/de\/#organization\"},\"potentialAction\":[{\"@type\":\"SearchAction\",\"target\":{\"@type\":\"EntryPoint\",\"urlTemplate\":\"https:\/\/now-news.de\/de\/?s={search_term_string}\"},\"query-input\":\"required name=search_term_string\"}],\"inLanguage\":\"de\"},{\"@type\":\"Organization\",\"@id\":\"https:\/\/now-news.de\/de\/#organization\",\"name\":\"Just Now News\",\"url\":\"https:\/\/now-news.de\/de\/\",\"logo\":{\"@type\":\"ImageObject\",\"inLanguage\":\"de\",\"@id\":\"https:\/\/now-news.de\/de\/#\/schema\/logo\/image\/\",\"url\":\"http:\/\/just-now.news\/de\/wp-content\/uploads\/sites\/3\/2022\/04\/logo500x500.jpg\",\"contentUrl\":\"http:\/\/just-now.news\/de\/wp-content\/uploads\/sites\/3\/2022\/04\/logo500x500.jpg\",\"width\":500,\"height\":500,\"caption\":\"Just Now News\"},\"image\":{\"@id\":\"https:\/\/now-news.de\/de\/#\/schema\/logo\/image\/\"},\"sameAs\":[\"https:\/\/www.facebook.com\/wirmachenauf\",\"https:\/\/x.com\/WirMachenAuf_de\"]},{\"@type\":\"Person\",\"@id\":\"https:\/\/now-news.de\/de\/#\/schema\/person\/fb534a4e865501d8b3285208df34a9b5\",\"name\":\"rtnews\",\"image\":{\"@type\":\"ImageObject\",\"inLanguage\":\"de\",\"@id\":\"https:\/\/now-news.de\/de\/#\/schema\/person\/image\/\",\"url\":\"https:\/\/secure.gravatar.com\/avatar\/82aafea7d8127119dd649515f56e2117?s=96&d=mm&r=g\",\"contentUrl\":\"https:\/\/secure.gravatar.com\/avatar\/82aafea7d8127119dd649515f56e2117?s=96&d=mm&r=g\",\"caption\":\"rtnews\"},\"url\":\"https:\/\/now-news.de\/de\/author\/rnews\/\"}]}<\/script>\n<!-- \/ Yoast SEO Premium plugin. -->","yoast_head_json":{"title":"Rum\u00e4nien: Lebensl\u00e4nglich f\u00fcr &quot;Femizid&quot; - just-now.NEWS Deutschland","robots":{"index":"index","follow":"follow","max-snippet":"max-snippet:-1","max-image-preview":"max-image-preview:large","max-video-preview":"max-video-preview:-1"},"canonical":"https:\/\/now-news.de\/de\/deutschland\/rumaenien-lebenslaenglich-fuer-femizid\/","og_locale":"de_DE","og_type":"article","og_title":"Rum\u00e4nien: Lebensl\u00e4nglich f\u00fcr &quot;Femizid&quot;","og_description":"Rum\u00e4niens proeurop\u00e4ischer Pr\u00e4sident schreibt sich den westlichen Feminismus auf die Fahnen. Der Mord an Frauen (&#8220;Femizid&#8221;) ist nun ein eigener Straftatbestand und wird besonders hart bestraft. Rum\u00e4niens Staatspr\u00e4sident Nicu\u0219or Dan hat vergangenen Donnerstag ein Gesetz zur Pr\u00e4vention und Bek\u00e4mpfung von Femizid unterzeichnet. Es definiert Femizid erstmals im rum\u00e4nischen Recht als die vors\u00e4tzliche T\u00f6tung einer Frau [&hellip;]","og_url":"https:\/\/now-news.de\/de\/deutschland\/rumaenien-lebenslaenglich-fuer-femizid\/","og_site_name":"just-now.NEWS Deutschland","article_publisher":"https:\/\/www.facebook.com\/wirmachenauf","article_published_time":"2026-04-26T12:37:17+00:00","og_image":[{"url":"https:\/\/now-news.de\/de\/wp-content\/uploads\/sites\/3\/2026\/04\/69ee01b9b480cc48ba712533.jpg"}],"author":"rtnews","twitter_card":"summary_large_image","twitter_creator":"@WirMachenAuf_de","twitter_site":"@WirMachenAuf_de","twitter_misc":{"Verfasst von":"rtnews","Gesch\u00e4tzte Lesezeit":"2\u00a0Minuten"},"schema":{"@context":"https:\/\/schema.org","@graph":[{"@type":"Article","@id":"https:\/\/now-news.de\/de\/deutschland\/rumaenien-lebenslaenglich-fuer-femizid\/#article","isPartOf":{"@id":"https:\/\/now-news.de\/de\/deutschland\/rumaenien-lebenslaenglich-fuer-femizid\/"},"author":{"name":"rtnews","@id":"https:\/\/now-news.de\/de\/#\/schema\/person\/fb534a4e865501d8b3285208df34a9b5"},"headline":"Rum\u00e4nien: Lebensl\u00e4nglich f\u00fcr &quot;Femizid&quot;","datePublished":"2026-04-26T12:37:17+00:00","dateModified":"2026-04-26T12:37:17+00:00","mainEntityOfPage":{"@id":"https:\/\/now-news.de\/de\/deutschland\/rumaenien-lebenslaenglich-fuer-femizid\/"},"wordCount":473,"commentCount":0,"publisher":{"@id":"https:\/\/now-news.de\/de\/#organization"},"image":{"@id":"https:\/\/now-news.de\/de\/deutschland\/rumaenien-lebenslaenglich-fuer-femizid\/#primaryimage"},"thumbnailUrl":"https:\/\/now-news.de\/de\/wp-content\/uploads\/sites\/3\/Rumaenien-Lebenslaenglich-fuer-quotFemizidquot.jpg","keywords":["f\u00fcr","lebensl\u00e4nglich","quotFemizidquot","Rum\u00e4nien"],"articleSection":["Deutschland","Russland"],"inLanguage":"de","potentialAction":[{"@type":"CommentAction","name":"Comment","target":["https:\/\/now-news.de\/de\/deutschland\/rumaenien-lebenslaenglich-fuer-femizid\/#respond"]}]},{"@type":"WebPage","@id":"https:\/\/now-news.de\/de\/deutschland\/rumaenien-lebenslaenglich-fuer-femizid\/","url":"https:\/\/now-news.de\/de\/deutschland\/rumaenien-lebenslaenglich-fuer-femizid\/","name":"Rum\u00e4nien: Lebensl\u00e4nglich f\u00fcr &quot;Femizid&quot; - just-now.NEWS Deutschland","isPartOf":{"@id":"https:\/\/now-news.de\/de\/#website"},"primaryImageOfPage":{"@id":"https:\/\/now-news.de\/de\/deutschland\/rumaenien-lebenslaenglich-fuer-femizid\/#primaryimage"},"image":{"@id":"https:\/\/now-news.de\/de\/deutschland\/rumaenien-lebenslaenglich-fuer-femizid\/#primaryimage"},"thumbnailUrl":"https:\/\/now-news.de\/de\/wp-content\/uploads\/sites\/3\/Rumaenien-Lebenslaenglich-fuer-quotFemizidquot.jpg","datePublished":"2026-04-26T12:37:17+00:00","dateModified":"2026-04-26T12:37:17+00:00","breadcrumb":{"@id":"https:\/\/now-news.de\/de\/deutschland\/rumaenien-lebenslaenglich-fuer-femizid\/#breadcrumb"},"inLanguage":"de","potentialAction":[{"@type":"ReadAction","target":["https:\/\/now-news.de\/de\/deutschland\/rumaenien-lebenslaenglich-fuer-femizid\/"]}]},{"@type":"ImageObject","inLanguage":"de","@id":"https:\/\/now-news.de\/de\/deutschland\/rumaenien-lebenslaenglich-fuer-femizid\/#primaryimage","url":"https:\/\/now-news.de\/de\/wp-content\/uploads\/sites\/3\/Rumaenien-Lebenslaenglich-fuer-quotFemizidquot.jpg","contentUrl":"https:\/\/now-news.de\/de\/wp-content\/uploads\/sites\/3\/Rumaenien-Lebenslaenglich-fuer-quotFemizidquot.jpg","caption":"Rum\u00e4nien: Lebensl\u00e4nglich f\u00fcr &quot;Femizid&quot;"},{"@type":"BreadcrumbList","@id":"https:\/\/now-news.de\/de\/deutschland\/rumaenien-lebenslaenglich-fuer-femizid\/#breadcrumb","itemListElement":[{"@type":"ListItem","position":1,"name":"Home","item":"https:\/\/now-news.de\/de\/"},{"@type":"ListItem","position":2,"name":"Rum\u00e4nien: Lebensl\u00e4nglich f\u00fcr &quot;Femizid&quot;"}]},{"@type":"WebSite","@id":"https:\/\/now-news.de\/de\/#website","url":"https:\/\/now-news.de\/de\/","name":"just-now.NEWS Deutschland","description":"Das Portal f\u00fcr unzensierte Nachrichten aus der Welt","publisher":{"@id":"https:\/\/now-news.de\/de\/#organization"},"potentialAction":[{"@type":"SearchAction","target":{"@type":"EntryPoint","urlTemplate":"https:\/\/now-news.de\/de\/?s={search_term_string}"},"query-input":"required name=search_term_string"}],"inLanguage":"de"},{"@type":"Organization","@id":"https:\/\/now-news.de\/de\/#organization","name":"Just Now News","url":"https:\/\/now-news.de\/de\/","logo":{"@type":"ImageObject","inLanguage":"de","@id":"https:\/\/now-news.de\/de\/#\/schema\/logo\/image\/","url":"http:\/\/just-now.news\/de\/wp-content\/uploads\/sites\/3\/2022\/04\/logo500x500.jpg","contentUrl":"http:\/\/just-now.news\/de\/wp-content\/uploads\/sites\/3\/2022\/04\/logo500x500.jpg","width":500,"height":500,"caption":"Just Now News"},"image":{"@id":"https:\/\/now-news.de\/de\/#\/schema\/logo\/image\/"},"sameAs":["https:\/\/www.facebook.com\/wirmachenauf","https:\/\/x.com\/WirMachenAuf_de"]},{"@type":"Person","@id":"https:\/\/now-news.de\/de\/#\/schema\/person\/fb534a4e865501d8b3285208df34a9b5","name":"rtnews","image":{"@type":"ImageObject","inLanguage":"de","@id":"https:\/\/now-news.de\/de\/#\/schema\/person\/image\/","url":"https:\/\/secure.gravatar.com\/avatar\/82aafea7d8127119dd649515f56e2117?s=96&d=mm&r=g","contentUrl":"https:\/\/secure.gravatar.com\/avatar\/82aafea7d8127119dd649515f56e2117?s=96&d=mm&r=g","caption":"rtnews"},"url":"https:\/\/now-news.de\/de\/author\/rnews\/"}]}},"_links":{"self":[{"href":"https:\/\/now-news.de\/de\/wp-json\/wp\/v2\/posts\/102322"}],"collection":[{"href":"https:\/\/now-news.de\/de\/wp-json\/wp\/v2\/posts"}],"about":[{"href":"https:\/\/now-news.de\/de\/wp-json\/wp\/v2\/types\/post"}],"author":[{"embeddable":true,"href":"https:\/\/now-news.de\/de\/wp-json\/wp\/v2\/users\/3"}],"replies":[{"embeddable":true,"href":"https:\/\/now-news.de\/de\/wp-json\/wp\/v2\/comments?post=102322"}],"version-history":[{"count":0,"href":"https:\/\/now-news.de\/de\/wp-json\/wp\/v2\/posts\/102322\/revisions"}],"wp:featuredmedia":[{"embeddable":true,"href":"https:\/\/now-news.de\/de\/wp-json\/wp\/v2\/media\/102323"}],"wp:attachment":[{"href":"https:\/\/now-news.de\/de\/wp-json\/wp\/v2\/media?parent=102322"}],"wp:term":[{"taxonomy":"category","embeddable":true,"href":"https:\/\/now-news.de\/de\/wp-json\/wp\/v2\/categories?post=102322"},{"taxonomy":"post_tag","embeddable":true,"href":"https:\/\/now-news.de\/de\/wp-json\/wp\/v2\/tags?post=102322"}],"curies":[{"name":"wp","href":"https:\/\/api.w.org\/{rel}","templated":true}]}}