{"id":102310,"date":"2026-04-26T09:30:47","date_gmt":"2026-04-26T07:30:47","guid":{"rendered":"https:\/\/now-news.de\/de\/deutschland\/macron-klagt-usa-kein-verlaesslicher-partner\/"},"modified":"2026-04-26T09:30:47","modified_gmt":"2026-04-26T07:30:47","slug":"macron-klagt-usa-kein-verlaesslicher-partner","status":"publish","type":"post","link":"https:\/\/now-news.de\/de\/deutschland\/macron-klagt-usa-kein-verlaesslicher-partner\/","title":{"rendered":"Macron klagt: USA kein verl\u00e4sslicher Partner"},"content":{"rendered":"<p><img decoding=\"async\" src=\"https:\/\/now-news.de\/de\/wp-content\/uploads\/sites\/3\/2026\/04\/69ed0d4db480cc03c33c7a1b.jpg\" \/><\/p>\n<div class=\"Text-root Text-type_1 \">\n                Die internationale Ordnung sei durch die gr\u00f6\u00dferen globalen M\u00e4chte &#8220;gef\u00e4hrdet&#8221;, sagte der franz\u00f6sische Pr\u00e4sident. Emmanuel Macron formuliert die Zweifel, die durch die Politik von US-Pr\u00e4sident Donald Trump inzwischen die NATO beherrschen.\n            <\/div>\n<p><\/p>\n<div class=\"Text-root Text-type_5 ArticleView-text ViewText-root \">\n<p>Die US-Verb\u00fcndeten sind sich nicht l\u00e4nger sicher, dass Washington ein &#8220;verl\u00e4sslicher&#8221; Partner ist, sagte der franz\u00f6sische Pr\u00e4sident Emmanuel Macron.<\/p>\n<p>Nach einer Rede auf einem informellen Gipfel in Athen am Freitag neben dem griechischen Premierminister Kyriakos Mitsotakis wurde Macron gefragt, ob Europa angesichts der verschiedenen Konflikte weltweit, eingeschlossen der Krieg gegen Iran, &#8220;ein wenig irrelevant&#8221; werde.<\/p>\n<p>&#8220;Jeder sieht, dass die erste Macht, die USA, ein Verb\u00fcndeter f\u00fcr bestimmte L\u00e4nder sein k\u00f6nnte, aber dieser Verb\u00fcndete ist nicht so sicher &#8230; und niemand ist sich absolut sicher, ob diese Allianz verl\u00e4sslich ist&#8221;, sagte der franz\u00f6sische Pr\u00e4sident und setzte hinzu, dadurch erscheine die EU als eine stabilere Alternative.<\/p>\n<p>&#8220;Wir waren es gew\u00f6hnt, in einer internationalen Ordnung zu leben, und diese internationale Ordnung wird durch die zwei gro\u00dfen M\u00e4chte gef\u00e4hrdet&#8221;, f\u00fcgte er hinzu.<\/p>\n<p>Der zunehmende Abstand zwischen den europ\u00e4ischen NATO-L\u00e4ndern und Washington verschlimmerte sich seit dem Angriff der USA und Israels auf Iran Ende Februar, seitdem US-Pr\u00e4sident Donald Trump die Mitglieder der NATO wiederholt wegen ihrer Z\u00f6gerlichkeit kritisierte, sich an diesem Krieg zu beteiligen.<\/p>\n<p>Die Spannungen hatten bereits durch Trumps fortgesetzte Drohnungen zugenommen, Gr\u00f6nland, das zum NATO-Mitglied D\u00e4nemark geh\u00f6rt, zu annektieren. Unterschiedliche Ansichten die Zukunft der Ukraine betreffend haben die transatlantische Kluft zus\u00e4tzlich erweitert.<\/p>\n<p>Seit er 2025 ins Wei\u00dfe Haus zur\u00fcckkehrte, hat Trump eine breite diplomatische Initiative gestartet, um die Feindseligkeiten zu beenden, und darauf bestanden, dass die europ\u00e4ischen Nationen die volle finanzielle und milit\u00e4rische Last \u00fcbernehmen, Kiew zu unterst\u00fctzen. Gro\u00dfbritannien und die EU haben jedoch best\u00e4ndig versucht, die Friedensgespr\u00e4che zu torpedieren, indem sie Vorschl\u00e4ge ins Spiel brachten, die Moskau als absichtlich inakzeptabel verurteilt hat.<\/p>\n<p>Washington, sagte der russische Au\u00dfenminister Sergei Lawrow vergangene Woche, versuche, die Last, &#8220;Russland einzuhegen&#8221;, auf seine Verb\u00fcndeten in Europa abzuw\u00e4lzen. Das breitere westliche Ziel sei es, &#8220;ihre Hegemonie zu bewahren und erneuern&#8221;, aber da ihre relative St\u00e4rke auf der internationalen B\u00fchne schwindet, werden, so Lawrow, die inneren Reibereien im Westen intensiver.<\/p>\n<p><strong>Mehr zum Thema<\/strong> \u2014\u00a0 <a rel=\"nofollow noopener\" target=\"_blank\" href=\"https:\/\/rtde.press\/meinung\/277444-werden-usa-aus-nato-austreten\/\">Werden die USA aus der NATO austreten?<\/a><\/p>\n<div class=\"EmbedBlock-root EmbedBlock-externalVideo EmbedBlock-rumble\">\n<div class=\"VkEmbed\"><iframe class=\"lazyload\" data-src=\"https:\/\/rumble.com\/embed\/v76kpc6\" frameborder=\"0\" width=\"853\" height=\"480\" allowfullscreen><\/iframe><\/div>\n<\/div>\n<\/div>\n<p><br \/>\n<br \/><a href=\"https:\/\/de.rt.com\/europa\/278219-macron-klagt-usa-kein-verlaesslicher-partner\/\">Source link <\/a><\/p>\n","protected":false},"excerpt":{"rendered":"<p>Die internationale Ordnung sei durch die gr\u00f6\u00dferen globalen M\u00e4chte &#8220;gef\u00e4hrdet&#8221;, sagte der franz\u00f6sische Pr\u00e4sident. Emmanuel Macron formuliert die Zweifel, die durch die Politik von US-Pr\u00e4sident Donald Trump inzwischen die NATO beherrschen. Die US-Verb\u00fcndeten sind sich nicht l\u00e4nger sicher, dass Washington ein &#8220;verl\u00e4sslicher&#8221; Partner ist, sagte der franz\u00f6sische Pr\u00e4sident Emmanuel Macron. Nach einer Rede auf einem [&hellip;]<\/p>\n","protected":false},"author":3,"featured_media":102311,"comment_status":"open","ping_status":"open","sticky":false,"template":"","format":"standard","meta":{"_yoast_indexnow_last_ping":["1777189574"],"wp_automatic_camp":["217"],"0e72b7a6e30432bc62d2ddd8d8686750":["Macron klagt: USA kein verl\u00e4sslicher Partner"],"original_link":["https:\/\/de.rt.com\/europa\/278219-macron-klagt-usa-kein-verlaesslicher-partner\/"],"_thumbnail_id":["102311"],"jnews_social_counter_last_update":["1777196830"],"_wptgpro_p2tg_sent2tg":["a:1:{i:23737;s:19:\"2026-04-26 09:47:14\";}"]},"categories":[19,23],"tags":[2030,19654,1711,19706,193,65306],"yoast_head":"<!-- This site is optimized with the Yoast SEO Premium plugin v22.7 (Yoast SEO v22.7) - https:\/\/yoast.com\/wordpress\/plugins\/seo\/ -->\n<title>Macron klagt: USA kein verl\u00e4sslicher Partner - just-now.NEWS Deutschland<\/title>\n<meta name=\"robots\" content=\"index, follow, max-snippet:-1, max-image-preview:large, max-video-preview:-1\" \/>\n<link rel=\"canonical\" href=\"https:\/\/now-news.de\/de\/deutschland\/macron-klagt-usa-kein-verlaesslicher-partner\/\" \/>\n<meta property=\"og:locale\" content=\"de_DE\" \/>\n<meta property=\"og:type\" content=\"article\" \/>\n<meta property=\"og:title\" content=\"Macron klagt: USA kein verl\u00e4sslicher Partner\" \/>\n<meta property=\"og:description\" content=\"Die internationale Ordnung sei durch die gr\u00f6\u00dferen globalen M\u00e4chte &#8220;gef\u00e4hrdet&#8221;, sagte der franz\u00f6sische Pr\u00e4sident. Emmanuel Macron formuliert die Zweifel, die durch die Politik von US-Pr\u00e4sident Donald Trump inzwischen die NATO beherrschen. Die US-Verb\u00fcndeten sind sich nicht l\u00e4nger sicher, dass Washington ein &#8220;verl\u00e4sslicher&#8221; Partner ist, sagte der franz\u00f6sische Pr\u00e4sident Emmanuel Macron. Nach einer Rede auf einem [&hellip;]\" \/>\n<meta property=\"og:url\" content=\"https:\/\/now-news.de\/de\/deutschland\/macron-klagt-usa-kein-verlaesslicher-partner\/\" \/>\n<meta property=\"og:site_name\" content=\"just-now.NEWS Deutschland\" \/>\n<meta property=\"article:publisher\" content=\"https:\/\/www.facebook.com\/wirmachenauf\" \/>\n<meta property=\"article:published_time\" content=\"2026-04-26T07:30:47+00:00\" \/>\n<meta property=\"og:image\" content=\"https:\/\/now-news.de\/de\/wp-content\/uploads\/sites\/3\/2026\/04\/69ed0d4db480cc03c33c7a1b.jpg\" \/>\n<meta name=\"author\" content=\"rtnews\" \/>\n<meta name=\"twitter:card\" content=\"summary_large_image\" \/>\n<meta name=\"twitter:creator\" content=\"@WirMachenAuf_de\" \/>\n<meta name=\"twitter:site\" content=\"@WirMachenAuf_de\" \/>\n<meta name=\"twitter:label1\" content=\"Verfasst von\" \/>\n\t<meta name=\"twitter:data1\" content=\"rtnews\" \/>\n\t<meta name=\"twitter:label2\" content=\"Gesch\u00e4tzte Lesezeit\" \/>\n\t<meta name=\"twitter:data2\" content=\"2\u00a0Minuten\" \/>\n<script type=\"application\/ld+json\" class=\"yoast-schema-graph\">{\"@context\":\"https:\/\/schema.org\",\"@graph\":[{\"@type\":\"Article\",\"@id\":\"https:\/\/now-news.de\/de\/deutschland\/macron-klagt-usa-kein-verlaesslicher-partner\/#article\",\"isPartOf\":{\"@id\":\"https:\/\/now-news.de\/de\/deutschland\/macron-klagt-usa-kein-verlaesslicher-partner\/\"},\"author\":{\"name\":\"rtnews\",\"@id\":\"https:\/\/now-news.de\/de\/#\/schema\/person\/fb534a4e865501d8b3285208df34a9b5\"},\"headline\":\"Macron klagt: USA kein verl\u00e4sslicher Partner\",\"datePublished\":\"2026-04-26T07:30:47+00:00\",\"dateModified\":\"2026-04-26T07:30:47+00:00\",\"mainEntityOfPage\":{\"@id\":\"https:\/\/now-news.de\/de\/deutschland\/macron-klagt-usa-kein-verlaesslicher-partner\/\"},\"wordCount\":406,\"commentCount\":0,\"publisher\":{\"@id\":\"https:\/\/now-news.de\/de\/#organization\"},\"image\":{\"@id\":\"https:\/\/now-news.de\/de\/deutschland\/macron-klagt-usa-kein-verlaesslicher-partner\/#primaryimage\"},\"thumbnailUrl\":\"https:\/\/now-news.de\/de\/wp-content\/uploads\/sites\/3\/Macron-klagt-USA-kein-verlaesslicher-Partner.jpg\",\"keywords\":[\"Kein\",\"klagt\",\"macron\",\"Partner\",\"USA\",\"verl\u00e4sslicher\"],\"articleSection\":[\"Deutschland\",\"Russland\"],\"inLanguage\":\"de\",\"potentialAction\":[{\"@type\":\"CommentAction\",\"name\":\"Comment\",\"target\":[\"https:\/\/now-news.de\/de\/deutschland\/macron-klagt-usa-kein-verlaesslicher-partner\/#respond\"]}]},{\"@type\":\"WebPage\",\"@id\":\"https:\/\/now-news.de\/de\/deutschland\/macron-klagt-usa-kein-verlaesslicher-partner\/\",\"url\":\"https:\/\/now-news.de\/de\/deutschland\/macron-klagt-usa-kein-verlaesslicher-partner\/\",\"name\":\"Macron klagt: USA kein verl\u00e4sslicher Partner - just-now.NEWS Deutschland\",\"isPartOf\":{\"@id\":\"https:\/\/now-news.de\/de\/#website\"},\"primaryImageOfPage\":{\"@id\":\"https:\/\/now-news.de\/de\/deutschland\/macron-klagt-usa-kein-verlaesslicher-partner\/#primaryimage\"},\"image\":{\"@id\":\"https:\/\/now-news.de\/de\/deutschland\/macron-klagt-usa-kein-verlaesslicher-partner\/#primaryimage\"},\"thumbnailUrl\":\"https:\/\/now-news.de\/de\/wp-content\/uploads\/sites\/3\/Macron-klagt-USA-kein-verlaesslicher-Partner.jpg\",\"datePublished\":\"2026-04-26T07:30:47+00:00\",\"dateModified\":\"2026-04-26T07:30:47+00:00\",\"breadcrumb\":{\"@id\":\"https:\/\/now-news.de\/de\/deutschland\/macron-klagt-usa-kein-verlaesslicher-partner\/#breadcrumb\"},\"inLanguage\":\"de\",\"potentialAction\":[{\"@type\":\"ReadAction\",\"target\":[\"https:\/\/now-news.de\/de\/deutschland\/macron-klagt-usa-kein-verlaesslicher-partner\/\"]}]},{\"@type\":\"ImageObject\",\"inLanguage\":\"de\",\"@id\":\"https:\/\/now-news.de\/de\/deutschland\/macron-klagt-usa-kein-verlaesslicher-partner\/#primaryimage\",\"url\":\"https:\/\/now-news.de\/de\/wp-content\/uploads\/sites\/3\/Macron-klagt-USA-kein-verlaesslicher-Partner.jpg\",\"contentUrl\":\"https:\/\/now-news.de\/de\/wp-content\/uploads\/sites\/3\/Macron-klagt-USA-kein-verlaesslicher-Partner.jpg\",\"caption\":\"Macron klagt: USA kein verl\u00e4sslicher Partner\"},{\"@type\":\"BreadcrumbList\",\"@id\":\"https:\/\/now-news.de\/de\/deutschland\/macron-klagt-usa-kein-verlaesslicher-partner\/#breadcrumb\",\"itemListElement\":[{\"@type\":\"ListItem\",\"position\":1,\"name\":\"Home\",\"item\":\"https:\/\/now-news.de\/de\/\"},{\"@type\":\"ListItem\",\"position\":2,\"name\":\"Macron klagt: USA kein verl\u00e4sslicher Partner\"}]},{\"@type\":\"WebSite\",\"@id\":\"https:\/\/now-news.de\/de\/#website\",\"url\":\"https:\/\/now-news.de\/de\/\",\"name\":\"just-now.NEWS Deutschland\",\"description\":\"Das Portal f\u00fcr unzensierte Nachrichten aus der Welt\",\"publisher\":{\"@id\":\"https:\/\/now-news.de\/de\/#organization\"},\"potentialAction\":[{\"@type\":\"SearchAction\",\"target\":{\"@type\":\"EntryPoint\",\"urlTemplate\":\"https:\/\/now-news.de\/de\/?s={search_term_string}\"},\"query-input\":\"required name=search_term_string\"}],\"inLanguage\":\"de\"},{\"@type\":\"Organization\",\"@id\":\"https:\/\/now-news.de\/de\/#organization\",\"name\":\"Just Now News\",\"url\":\"https:\/\/now-news.de\/de\/\",\"logo\":{\"@type\":\"ImageObject\",\"inLanguage\":\"de\",\"@id\":\"https:\/\/now-news.de\/de\/#\/schema\/logo\/image\/\",\"url\":\"http:\/\/just-now.news\/de\/wp-content\/uploads\/sites\/3\/2022\/04\/logo500x500.jpg\",\"contentUrl\":\"http:\/\/just-now.news\/de\/wp-content\/uploads\/sites\/3\/2022\/04\/logo500x500.jpg\",\"width\":500,\"height\":500,\"caption\":\"Just Now News\"},\"image\":{\"@id\":\"https:\/\/now-news.de\/de\/#\/schema\/logo\/image\/\"},\"sameAs\":[\"https:\/\/www.facebook.com\/wirmachenauf\",\"https:\/\/x.com\/WirMachenAuf_de\"]},{\"@type\":\"Person\",\"@id\":\"https:\/\/now-news.de\/de\/#\/schema\/person\/fb534a4e865501d8b3285208df34a9b5\",\"name\":\"rtnews\",\"image\":{\"@type\":\"ImageObject\",\"inLanguage\":\"de\",\"@id\":\"https:\/\/now-news.de\/de\/#\/schema\/person\/image\/\",\"url\":\"https:\/\/secure.gravatar.com\/avatar\/82aafea7d8127119dd649515f56e2117?s=96&d=mm&r=g\",\"contentUrl\":\"https:\/\/secure.gravatar.com\/avatar\/82aafea7d8127119dd649515f56e2117?s=96&d=mm&r=g\",\"caption\":\"rtnews\"},\"url\":\"https:\/\/now-news.de\/de\/author\/rnews\/\"}]}<\/script>\n<!-- \/ Yoast SEO Premium plugin. -->","yoast_head_json":{"title":"Macron klagt: USA kein verl\u00e4sslicher Partner - just-now.NEWS Deutschland","robots":{"index":"index","follow":"follow","max-snippet":"max-snippet:-1","max-image-preview":"max-image-preview:large","max-video-preview":"max-video-preview:-1"},"canonical":"https:\/\/now-news.de\/de\/deutschland\/macron-klagt-usa-kein-verlaesslicher-partner\/","og_locale":"de_DE","og_type":"article","og_title":"Macron klagt: USA kein verl\u00e4sslicher Partner","og_description":"Die internationale Ordnung sei durch die gr\u00f6\u00dferen globalen M\u00e4chte &#8220;gef\u00e4hrdet&#8221;, sagte der franz\u00f6sische Pr\u00e4sident. Emmanuel Macron formuliert die Zweifel, die durch die Politik von US-Pr\u00e4sident Donald Trump inzwischen die NATO beherrschen. Die US-Verb\u00fcndeten sind sich nicht l\u00e4nger sicher, dass Washington ein &#8220;verl\u00e4sslicher&#8221; Partner ist, sagte der franz\u00f6sische Pr\u00e4sident Emmanuel Macron. Nach einer Rede auf einem [&hellip;]","og_url":"https:\/\/now-news.de\/de\/deutschland\/macron-klagt-usa-kein-verlaesslicher-partner\/","og_site_name":"just-now.NEWS Deutschland","article_publisher":"https:\/\/www.facebook.com\/wirmachenauf","article_published_time":"2026-04-26T07:30:47+00:00","og_image":[{"url":"https:\/\/now-news.de\/de\/wp-content\/uploads\/sites\/3\/2026\/04\/69ed0d4db480cc03c33c7a1b.jpg"}],"author":"rtnews","twitter_card":"summary_large_image","twitter_creator":"@WirMachenAuf_de","twitter_site":"@WirMachenAuf_de","twitter_misc":{"Verfasst von":"rtnews","Gesch\u00e4tzte Lesezeit":"2\u00a0Minuten"},"schema":{"@context":"https:\/\/schema.org","@graph":[{"@type":"Article","@id":"https:\/\/now-news.de\/de\/deutschland\/macron-klagt-usa-kein-verlaesslicher-partner\/#article","isPartOf":{"@id":"https:\/\/now-news.de\/de\/deutschland\/macron-klagt-usa-kein-verlaesslicher-partner\/"},"author":{"name":"rtnews","@id":"https:\/\/now-news.de\/de\/#\/schema\/person\/fb534a4e865501d8b3285208df34a9b5"},"headline":"Macron klagt: USA kein verl\u00e4sslicher Partner","datePublished":"2026-04-26T07:30:47+00:00","dateModified":"2026-04-26T07:30:47+00:00","mainEntityOfPage":{"@id":"https:\/\/now-news.de\/de\/deutschland\/macron-klagt-usa-kein-verlaesslicher-partner\/"},"wordCount":406,"commentCount":0,"publisher":{"@id":"https:\/\/now-news.de\/de\/#organization"},"image":{"@id":"https:\/\/now-news.de\/de\/deutschland\/macron-klagt-usa-kein-verlaesslicher-partner\/#primaryimage"},"thumbnailUrl":"https:\/\/now-news.de\/de\/wp-content\/uploads\/sites\/3\/Macron-klagt-USA-kein-verlaesslicher-Partner.jpg","keywords":["Kein","klagt","macron","Partner","USA","verl\u00e4sslicher"],"articleSection":["Deutschland","Russland"],"inLanguage":"de","potentialAction":[{"@type":"CommentAction","name":"Comment","target":["https:\/\/now-news.de\/de\/deutschland\/macron-klagt-usa-kein-verlaesslicher-partner\/#respond"]}]},{"@type":"WebPage","@id":"https:\/\/now-news.de\/de\/deutschland\/macron-klagt-usa-kein-verlaesslicher-partner\/","url":"https:\/\/now-news.de\/de\/deutschland\/macron-klagt-usa-kein-verlaesslicher-partner\/","name":"Macron klagt: USA kein verl\u00e4sslicher Partner - just-now.NEWS Deutschland","isPartOf":{"@id":"https:\/\/now-news.de\/de\/#website"},"primaryImageOfPage":{"@id":"https:\/\/now-news.de\/de\/deutschland\/macron-klagt-usa-kein-verlaesslicher-partner\/#primaryimage"},"image":{"@id":"https:\/\/now-news.de\/de\/deutschland\/macron-klagt-usa-kein-verlaesslicher-partner\/#primaryimage"},"thumbnailUrl":"https:\/\/now-news.de\/de\/wp-content\/uploads\/sites\/3\/Macron-klagt-USA-kein-verlaesslicher-Partner.jpg","datePublished":"2026-04-26T07:30:47+00:00","dateModified":"2026-04-26T07:30:47+00:00","breadcrumb":{"@id":"https:\/\/now-news.de\/de\/deutschland\/macron-klagt-usa-kein-verlaesslicher-partner\/#breadcrumb"},"inLanguage":"de","potentialAction":[{"@type":"ReadAction","target":["https:\/\/now-news.de\/de\/deutschland\/macron-klagt-usa-kein-verlaesslicher-partner\/"]}]},{"@type":"ImageObject","inLanguage":"de","@id":"https:\/\/now-news.de\/de\/deutschland\/macron-klagt-usa-kein-verlaesslicher-partner\/#primaryimage","url":"https:\/\/now-news.de\/de\/wp-content\/uploads\/sites\/3\/Macron-klagt-USA-kein-verlaesslicher-Partner.jpg","contentUrl":"https:\/\/now-news.de\/de\/wp-content\/uploads\/sites\/3\/Macron-klagt-USA-kein-verlaesslicher-Partner.jpg","caption":"Macron klagt: USA kein verl\u00e4sslicher Partner"},{"@type":"BreadcrumbList","@id":"https:\/\/now-news.de\/de\/deutschland\/macron-klagt-usa-kein-verlaesslicher-partner\/#breadcrumb","itemListElement":[{"@type":"ListItem","position":1,"name":"Home","item":"https:\/\/now-news.de\/de\/"},{"@type":"ListItem","position":2,"name":"Macron klagt: USA kein verl\u00e4sslicher Partner"}]},{"@type":"WebSite","@id":"https:\/\/now-news.de\/de\/#website","url":"https:\/\/now-news.de\/de\/","name":"just-now.NEWS Deutschland","description":"Das Portal f\u00fcr unzensierte Nachrichten aus der Welt","publisher":{"@id":"https:\/\/now-news.de\/de\/#organization"},"potentialAction":[{"@type":"SearchAction","target":{"@type":"EntryPoint","urlTemplate":"https:\/\/now-news.de\/de\/?s={search_term_string}"},"query-input":"required name=search_term_string"}],"inLanguage":"de"},{"@type":"Organization","@id":"https:\/\/now-news.de\/de\/#organization","name":"Just Now News","url":"https:\/\/now-news.de\/de\/","logo":{"@type":"ImageObject","inLanguage":"de","@id":"https:\/\/now-news.de\/de\/#\/schema\/logo\/image\/","url":"http:\/\/just-now.news\/de\/wp-content\/uploads\/sites\/3\/2022\/04\/logo500x500.jpg","contentUrl":"http:\/\/just-now.news\/de\/wp-content\/uploads\/sites\/3\/2022\/04\/logo500x500.jpg","width":500,"height":500,"caption":"Just Now News"},"image":{"@id":"https:\/\/now-news.de\/de\/#\/schema\/logo\/image\/"},"sameAs":["https:\/\/www.facebook.com\/wirmachenauf","https:\/\/x.com\/WirMachenAuf_de"]},{"@type":"Person","@id":"https:\/\/now-news.de\/de\/#\/schema\/person\/fb534a4e865501d8b3285208df34a9b5","name":"rtnews","image":{"@type":"ImageObject","inLanguage":"de","@id":"https:\/\/now-news.de\/de\/#\/schema\/person\/image\/","url":"https:\/\/secure.gravatar.com\/avatar\/82aafea7d8127119dd649515f56e2117?s=96&d=mm&r=g","contentUrl":"https:\/\/secure.gravatar.com\/avatar\/82aafea7d8127119dd649515f56e2117?s=96&d=mm&r=g","caption":"rtnews"},"url":"https:\/\/now-news.de\/de\/author\/rnews\/"}]}},"_links":{"self":[{"href":"https:\/\/now-news.de\/de\/wp-json\/wp\/v2\/posts\/102310"}],"collection":[{"href":"https:\/\/now-news.de\/de\/wp-json\/wp\/v2\/posts"}],"about":[{"href":"https:\/\/now-news.de\/de\/wp-json\/wp\/v2\/types\/post"}],"author":[{"embeddable":true,"href":"https:\/\/now-news.de\/de\/wp-json\/wp\/v2\/users\/3"}],"replies":[{"embeddable":true,"href":"https:\/\/now-news.de\/de\/wp-json\/wp\/v2\/comments?post=102310"}],"version-history":[{"count":0,"href":"https:\/\/now-news.de\/de\/wp-json\/wp\/v2\/posts\/102310\/revisions"}],"wp:featuredmedia":[{"embeddable":true,"href":"https:\/\/now-news.de\/de\/wp-json\/wp\/v2\/media\/102311"}],"wp:attachment":[{"href":"https:\/\/now-news.de\/de\/wp-json\/wp\/v2\/media?parent=102310"}],"wp:term":[{"taxonomy":"category","embeddable":true,"href":"https:\/\/now-news.de\/de\/wp-json\/wp\/v2\/categories?post=102310"},{"taxonomy":"post_tag","embeddable":true,"href":"https:\/\/now-news.de\/de\/wp-json\/wp\/v2\/tags?post=102310"}],"curies":[{"name":"wp","href":"https:\/\/api.w.org\/{rel}","templated":true}]}}