{"id":102305,"date":"2026-04-26T07:00:00","date_gmt":"2026-04-26T05:00:00","guid":{"rendered":"https:\/\/now-news.de\/de\/deutschland\/brief-an-selenskij-warum-halten-sie-die-menschen-gewaltsam-fest\/"},"modified":"2026-04-26T07:00:00","modified_gmt":"2026-04-26T05:00:00","slug":"brief-an-selenskij-warum-halten-sie-die-menschen-gewaltsam-fest","status":"publish","type":"post","link":"https:\/\/now-news.de\/de\/deutschland\/brief-an-selenskij-warum-halten-sie-die-menschen-gewaltsam-fest\/","title":{"rendered":"Brief an Selenskij: Warum halten Sie die Menschen gewaltsam fest?"},"content":{"rendered":"<p><img decoding=\"async\" src=\"https:\/\/now-news.de\/de\/wp-content\/uploads\/sites\/3\/2026\/04\/69eccc38b480cc04a25be3f6.jpg\" \/><\/p>\n<div class=\"Text-root Text-type_1 \">\n                Im Donezk-Tagebuch &#8220;Fr\u00fchst\u00fcck unter Bomben&#8221; schildert die Autorin ihre Erfahrungen seit 2014: Luftangriffe, zivile Opfer und den Bruch mit Kiew. Sie beschreibt das verlorene Vertrauen vieler Menschen im Donbass und fordert ein Ende des Krieges sowie politische Konsequenzen.\n            <\/div>\n<p><\/p>\n<div class=\"Text-root Text-type_5 ArticleView-text ViewText-root \">\n<p><em>Von Wassilissa Sacharowa<\/em><\/p>\n<p>W\u00e4hrend die n\u00e4chsten Friedensverhandlungen zwischen der Ukraine und Russland erneut in Aussicht gestellt werden, kann ich nicht aufh\u00f6ren, mich \u00fcber das Ausma\u00df an Feigheit und Ignoranz zu wundern, das Sie, Herr Selenskij, und Ihr Team \u00f6ffentlich demonstrieren. Und glauben Sie mir \u2013 die \u00fcberwiegende Mehrheit hier in Donezk und Lugansk teilt diese Haltung mit mir.<\/p>\n<p>Seit 2014 haben diese Menschen, genauso wie ich, Verwandte, Freunde und Nachbarn verloren \u2013 Menschen, die von ukrainischen Bomben in ihrer eigenen Heimat zerfetzt wurden. Die Menschen hier wollen nicht l\u00e4nger mit der Ukraine verbunden sein. Was ist daran schwer zu verstehen?<\/p>\n<p>Seit mehreren Jahrzehnten erz\u00e4hlten f\u00fchrende ukrainische Medien und Politiker dem ganzen Land, der Donbass sei eine B\u00fcrde \u2013 eine subventionierte Region, sagten sie. Sie behaupteten, die Bewohner von Donezk und Lugansk best\u00fcnden nur aus Banditen und den untersten Schichten der Gesellschaft. Jahrzehntelang mussten wir uns das anh\u00f6ren, w\u00e4hrend es unsere M\u00e4nner und Frauen waren, die die gesamte Ukraine mit Energie aus der Steinkohleindustrie und wichtigen Rohstoffen versorgten \u2013 und damit auch Oligarchen wie Wiktor Pintschuk und Petro Poroschenko erm\u00f6glichten, ihre Milliarden anzuh\u00e4ufen.\u00a0<\/p>\n<p>Sogar die\u00a0<em>Tagesschau<\/em>\u00a0musste <a rel=\"nofollow noopener\" target=\"_blank\" href=\"https:\/\/www.tagesschau.de\/wirtschaft\/ukraine-ts-152.html\">eingestehen<\/a>: Schwerindustrie, Bergbau und Metallurgie im Osten des Landes waren das R\u00fcckgrat der ukrainischen Wirtschaft.<\/p>\n<p>Dass Sie nun genau dieses R\u00fcckgrat verloren haben, haben Sie allein sich selbst zu verdanken. H\u00e4tten Sie die Menschen in Donezk mit Respekt behandelt, w\u00fcrden sie nicht wegwollen. Doch stattdessen verweigerten die vom Westen eingesetzten Machthaber den Menschen in Donezk das Recht auf Meinungs\u00e4u\u00dferung und Mitbestimmung \u00fcber ihre eigene Zukunft. Als Einwohner von Donezk gegen den Maidan demonstrierten \u2013 einige meiner Bekannten und Freunde waren dabei \u2013, forderten Sie sie auf, die Proteste zu beenden, und drohten mit milit\u00e4rischem Vorgehen.\u00a0<\/p>\n<p>Die Menschen in Donezk h\u00f6rten nicht auf Sie. Zum einen, weil sie nicht glaubten, dass ihre eigene Regierung sie wegen ihrer politischen Meinung tats\u00e4chlich unter Beschuss nehmen w\u00fcrde. Zum anderen, weil wir naiverweise davon \u00fcberzeugt waren, dass der Westen \u2013 und auch Deutschland \u2013 ein solches schweres Verbrechen gegen die Menschenrechte verurteilen w\u00fcrde. Doch nichts davon geschah.\u00a0<\/p>\n<p>Der ukrainische Interimspr\u00e4sident Turtschinow setzte seine Drohungen um und leitete Luftangriffe gegen die St\u00e4dte Donezk und Lugansk ein, die zusammen mehrere Millionen Einwohner hatten.<\/p>\n<p>In panischem Entsetzen musste ich damals die zerfetzten Frauen und M\u00e4nner ansehen, die in ihren eigenen Blutlachen auf den mir allzu bekannten Stra\u00dfen von Donezk lagen. Und mit noch gr\u00f6\u00dferem Entsetzen stellte ich fest, dass die Journalisten in Deutschland kein Wort davon erw\u00e4hnten. Dabei dauerten die Luftangriffe der ukrainischen Streitkr\u00e4fte mehrere Tage an. Dutzende Videos mit den schrecklichen Folgen h\u00e4uften sich im Internet \u2013 aufgezeichnet von Augenzeugen mit ihren Handys.\u00a0<\/p>\n<p>Ich klebte tagelang vor dem Fernseher in Deutschland und verfolgte akribisch jede Nachrichtensendung: auf <em>ZDF<\/em>, <em>ARD<\/em>, <em>N24<\/em>, <em>Welt<\/em>, <em>ntv<\/em> und vielen anderen. Doch kein einziges Wort \u00fcber die Verbrechen der neuen ukrainischen Machthaber.\u00a0<\/p>\n<p>Welcher Mensch bei klarem Verstand k\u00f6nnte nach solchen Erfahrungen sagen: &#8220;Macht nichts! Alles vergessen! Lasst uns gemeinsam eine Zukunft aufbauen!&#8221;?<\/p>\n<p>So funktioniert die menschliche Psyche nicht. Sie haben das Vertrauen der Bev\u00f6lkerung zerst\u00f6rt. Sie haben gezeigt, dass Sie keine Menschlichkeit, kein Gewissen und keine Empathie besitzen. Vor solchen Menschen will man sich so weit wie m\u00f6glich fernhalten \u2013 geschweige denn unter ihren Einfluss geraten.<\/p>\n<p>Ich verstehe nat\u00fcrlich, dass Sie, Herr Selenskij, dies ohnehin nur tun, weil Sie unter dem Druck Ihrer &#8220;Vorgesetzten&#8221; stehen. Als Sie 2019, gesponsert von einem der skrupellosesten ukrainischen Oligarchen, Igor Kolomoiski, zu den Pr\u00e4sidentschaftswahlen antraten, haben Sie sicher nicht damit gerechnet, die Ukraine in einen Krieg gegen Russland zu f\u00fchren. Doch ich habe kein Mitleid mit Ihnen: H\u00e4tten Sie und Ihre Mitstreiter weniger Zeit auf Epsteins Insel verbracht, h\u00e4tten die Erpresser auch kein belastendes Material\u00a0gegen\u00a0Sie in den H\u00e4nden, und Sie m\u00fcssten sich nicht den unmenschlichen Forderungen dieser p\u00e4dophilen Milliard\u00e4re beugen.<\/p>\n<p>Ihnen muss doch auch die Kraft so langsam ausgehen. Deshalb: Lassen Sie die Regionen mit ihren Menschen endlich los \u2013 und beenden Sie diesen Krieg!<\/p>\n<p><strong>Mehr zum Thema<\/strong> \u2014\u00a0<a rel=\"nofollow noopener\" target=\"_blank\" href=\"https:\/\/freedert.online\/meinung\/277976-fruehstueck-unter-bomben-wiederbelebung-kohleindustrie\/\">&#8220;Fr\u00fchst\u00fcck unter Bomben&#8221;: Wiederbelebung der Kohleindustrie in Donezk <\/a><\/p>\n<div class=\"EmbedBlock-root EmbedBlock-externalVideo EmbedBlock-rumble\">\n<div class=\"VkEmbed\"><iframe class=\"lazyload\" data-src=\"https:\/\/rumble.com\/embed\/v75uy3q\" frameborder=\"0\" width=\"853\" height=\"480\" allowfullscreen><\/iframe><\/div>\n<\/div>\n<\/div>\n<p><br \/>\n<br \/><a href=\"https:\/\/de.rt.com\/meinung\/278167-brief-an-selenskij-warum-halten\/\">Source link <\/a><\/p>\n","protected":false},"excerpt":{"rendered":"<p>Im Donezk-Tagebuch &#8220;Fr\u00fchst\u00fcck unter Bomben&#8221; schildert die Autorin ihre Erfahrungen seit 2014: Luftangriffe, zivile Opfer und den Bruch mit Kiew. Sie beschreibt das verlorene Vertrauen vieler Menschen im Donbass und fordert ein Ende des Krieges sowie politische Konsequenzen. Von Wassilissa Sacharowa W\u00e4hrend die n\u00e4chsten Friedensverhandlungen zwischen der Ukraine und Russland erneut in Aussicht gestellt werden, [&hellip;]<\/p>\n","protected":false},"author":3,"featured_media":102306,"comment_status":"open","ping_status":"open","sticky":false,"template":"","format":"standard","meta":{"_yoast_indexnow_last_ping":["1777179976"],"wp_automatic_camp":["217"],"90e9005f8cce66786779a2d2f92dd363":["Brief an Selenskij: Warum halten Sie die Menschen gewaltsam fest?"],"original_link":["https:\/\/de.rt.com\/meinung\/278167-brief-an-selenskij-warum-halten\/"],"_thumbnail_id":["102306"],"jnews_social_counter_last_update":["1777187199"],"_wptgpro_p2tg_sent2tg":["a:1:{i:23737;s:19:\"2026-04-26 07:07:15\";}"]},"categories":[19,23],"tags":[45,19054,26513,6247,1378,6158,527,1289],"yoast_head":"<!-- This site is optimized with the Yoast SEO Premium plugin v22.7 (Yoast SEO v22.7) - https:\/\/yoast.com\/wordpress\/plugins\/seo\/ -->\n<title>Brief an Selenskij: Warum halten Sie die Menschen gewaltsam fest? - just-now.NEWS Deutschland<\/title>\n<meta name=\"robots\" content=\"index, follow, max-snippet:-1, max-image-preview:large, max-video-preview:-1\" \/>\n<link rel=\"canonical\" href=\"https:\/\/now-news.de\/de\/deutschland\/brief-an-selenskij-warum-halten-sie-die-menschen-gewaltsam-fest\/\" \/>\n<meta property=\"og:locale\" content=\"de_DE\" \/>\n<meta property=\"og:type\" content=\"article\" \/>\n<meta property=\"og:title\" content=\"Brief an Selenskij: Warum halten Sie die Menschen gewaltsam fest?\" \/>\n<meta property=\"og:description\" content=\"Im Donezk-Tagebuch &#8220;Fr\u00fchst\u00fcck unter Bomben&#8221; schildert die Autorin ihre Erfahrungen seit 2014: Luftangriffe, zivile Opfer und den Bruch mit Kiew. Sie beschreibt das verlorene Vertrauen vieler Menschen im Donbass und fordert ein Ende des Krieges sowie politische Konsequenzen. Von Wassilissa Sacharowa W\u00e4hrend die n\u00e4chsten Friedensverhandlungen zwischen der Ukraine und Russland erneut in Aussicht gestellt werden, [&hellip;]\" \/>\n<meta property=\"og:url\" content=\"https:\/\/now-news.de\/de\/deutschland\/brief-an-selenskij-warum-halten-sie-die-menschen-gewaltsam-fest\/\" \/>\n<meta property=\"og:site_name\" content=\"just-now.NEWS Deutschland\" \/>\n<meta property=\"article:publisher\" content=\"https:\/\/www.facebook.com\/wirmachenauf\" \/>\n<meta property=\"article:published_time\" content=\"2026-04-26T05:00:00+00:00\" \/>\n<meta property=\"og:image\" content=\"https:\/\/now-news.de\/de\/wp-content\/uploads\/sites\/3\/2026\/04\/69eccc38b480cc04a25be3f6.jpg\" \/>\n<meta name=\"author\" content=\"rtnews\" \/>\n<meta name=\"twitter:card\" content=\"summary_large_image\" \/>\n<meta name=\"twitter:creator\" content=\"@WirMachenAuf_de\" \/>\n<meta name=\"twitter:site\" content=\"@WirMachenAuf_de\" \/>\n<meta name=\"twitter:label1\" content=\"Verfasst von\" \/>\n\t<meta name=\"twitter:data1\" content=\"rtnews\" \/>\n\t<meta name=\"twitter:label2\" content=\"Gesch\u00e4tzte Lesezeit\" \/>\n\t<meta name=\"twitter:data2\" content=\"4\u00a0Minuten\" \/>\n<script type=\"application\/ld+json\" class=\"yoast-schema-graph\">{\"@context\":\"https:\/\/schema.org\",\"@graph\":[{\"@type\":\"Article\",\"@id\":\"https:\/\/now-news.de\/de\/deutschland\/brief-an-selenskij-warum-halten-sie-die-menschen-gewaltsam-fest\/#article\",\"isPartOf\":{\"@id\":\"https:\/\/now-news.de\/de\/deutschland\/brief-an-selenskij-warum-halten-sie-die-menschen-gewaltsam-fest\/\"},\"author\":{\"name\":\"rtnews\",\"@id\":\"https:\/\/now-news.de\/de\/#\/schema\/person\/fb534a4e865501d8b3285208df34a9b5\"},\"headline\":\"Brief an Selenskij: Warum halten Sie die Menschen gewaltsam fest?\",\"datePublished\":\"2026-04-26T05:00:00+00:00\",\"dateModified\":\"2026-04-26T05:00:00+00:00\",\"mainEntityOfPage\":{\"@id\":\"https:\/\/now-news.de\/de\/deutschland\/brief-an-selenskij-warum-halten-sie-die-menschen-gewaltsam-fest\/\"},\"wordCount\":743,\"commentCount\":0,\"publisher\":{\"@id\":\"https:\/\/now-news.de\/de\/#organization\"},\"image\":{\"@id\":\"https:\/\/now-news.de\/de\/deutschland\/brief-an-selenskij-warum-halten-sie-die-menschen-gewaltsam-fest\/#primaryimage\"},\"thumbnailUrl\":\"https:\/\/now-news.de\/de\/wp-content\/uploads\/sites\/3\/Brief-an-Selenskij-Warum-halten-Sie-die-Menschen-gewaltsam-fest.jpg\",\"keywords\":[\"die\",\"fest\",\"gewaltsam\",\"halten\",\"Menschen\",\"Selenskij\",\"Sie\",\"Warum\"],\"articleSection\":[\"Deutschland\",\"Russland\"],\"inLanguage\":\"de\",\"potentialAction\":[{\"@type\":\"CommentAction\",\"name\":\"Comment\",\"target\":[\"https:\/\/now-news.de\/de\/deutschland\/brief-an-selenskij-warum-halten-sie-die-menschen-gewaltsam-fest\/#respond\"]}]},{\"@type\":\"WebPage\",\"@id\":\"https:\/\/now-news.de\/de\/deutschland\/brief-an-selenskij-warum-halten-sie-die-menschen-gewaltsam-fest\/\",\"url\":\"https:\/\/now-news.de\/de\/deutschland\/brief-an-selenskij-warum-halten-sie-die-menschen-gewaltsam-fest\/\",\"name\":\"Brief an Selenskij: Warum halten Sie die Menschen gewaltsam fest? - just-now.NEWS Deutschland\",\"isPartOf\":{\"@id\":\"https:\/\/now-news.de\/de\/#website\"},\"primaryImageOfPage\":{\"@id\":\"https:\/\/now-news.de\/de\/deutschland\/brief-an-selenskij-warum-halten-sie-die-menschen-gewaltsam-fest\/#primaryimage\"},\"image\":{\"@id\":\"https:\/\/now-news.de\/de\/deutschland\/brief-an-selenskij-warum-halten-sie-die-menschen-gewaltsam-fest\/#primaryimage\"},\"thumbnailUrl\":\"https:\/\/now-news.de\/de\/wp-content\/uploads\/sites\/3\/Brief-an-Selenskij-Warum-halten-Sie-die-Menschen-gewaltsam-fest.jpg\",\"datePublished\":\"2026-04-26T05:00:00+00:00\",\"dateModified\":\"2026-04-26T05:00:00+00:00\",\"breadcrumb\":{\"@id\":\"https:\/\/now-news.de\/de\/deutschland\/brief-an-selenskij-warum-halten-sie-die-menschen-gewaltsam-fest\/#breadcrumb\"},\"inLanguage\":\"de\",\"potentialAction\":[{\"@type\":\"ReadAction\",\"target\":[\"https:\/\/now-news.de\/de\/deutschland\/brief-an-selenskij-warum-halten-sie-die-menschen-gewaltsam-fest\/\"]}]},{\"@type\":\"ImageObject\",\"inLanguage\":\"de\",\"@id\":\"https:\/\/now-news.de\/de\/deutschland\/brief-an-selenskij-warum-halten-sie-die-menschen-gewaltsam-fest\/#primaryimage\",\"url\":\"https:\/\/now-news.de\/de\/wp-content\/uploads\/sites\/3\/Brief-an-Selenskij-Warum-halten-Sie-die-Menschen-gewaltsam-fest.jpg\",\"contentUrl\":\"https:\/\/now-news.de\/de\/wp-content\/uploads\/sites\/3\/Brief-an-Selenskij-Warum-halten-Sie-die-Menschen-gewaltsam-fest.jpg\",\"caption\":\"Brief an Selenskij: Warum halten Sie die Menschen gewaltsam fest?\"},{\"@type\":\"BreadcrumbList\",\"@id\":\"https:\/\/now-news.de\/de\/deutschland\/brief-an-selenskij-warum-halten-sie-die-menschen-gewaltsam-fest\/#breadcrumb\",\"itemListElement\":[{\"@type\":\"ListItem\",\"position\":1,\"name\":\"Home\",\"item\":\"https:\/\/now-news.de\/de\/\"},{\"@type\":\"ListItem\",\"position\":2,\"name\":\"Brief an Selenskij: Warum halten Sie die Menschen gewaltsam fest?\"}]},{\"@type\":\"WebSite\",\"@id\":\"https:\/\/now-news.de\/de\/#website\",\"url\":\"https:\/\/now-news.de\/de\/\",\"name\":\"just-now.NEWS Deutschland\",\"description\":\"Das Portal f\u00fcr unzensierte Nachrichten aus der Welt\",\"publisher\":{\"@id\":\"https:\/\/now-news.de\/de\/#organization\"},\"potentialAction\":[{\"@type\":\"SearchAction\",\"target\":{\"@type\":\"EntryPoint\",\"urlTemplate\":\"https:\/\/now-news.de\/de\/?s={search_term_string}\"},\"query-input\":\"required name=search_term_string\"}],\"inLanguage\":\"de\"},{\"@type\":\"Organization\",\"@id\":\"https:\/\/now-news.de\/de\/#organization\",\"name\":\"Just Now News\",\"url\":\"https:\/\/now-news.de\/de\/\",\"logo\":{\"@type\":\"ImageObject\",\"inLanguage\":\"de\",\"@id\":\"https:\/\/now-news.de\/de\/#\/schema\/logo\/image\/\",\"url\":\"http:\/\/just-now.news\/de\/wp-content\/uploads\/sites\/3\/2022\/04\/logo500x500.jpg\",\"contentUrl\":\"http:\/\/just-now.news\/de\/wp-content\/uploads\/sites\/3\/2022\/04\/logo500x500.jpg\",\"width\":500,\"height\":500,\"caption\":\"Just Now News\"},\"image\":{\"@id\":\"https:\/\/now-news.de\/de\/#\/schema\/logo\/image\/\"},\"sameAs\":[\"https:\/\/www.facebook.com\/wirmachenauf\",\"https:\/\/x.com\/WirMachenAuf_de\"]},{\"@type\":\"Person\",\"@id\":\"https:\/\/now-news.de\/de\/#\/schema\/person\/fb534a4e865501d8b3285208df34a9b5\",\"name\":\"rtnews\",\"image\":{\"@type\":\"ImageObject\",\"inLanguage\":\"de\",\"@id\":\"https:\/\/now-news.de\/de\/#\/schema\/person\/image\/\",\"url\":\"https:\/\/secure.gravatar.com\/avatar\/82aafea7d8127119dd649515f56e2117?s=96&d=mm&r=g\",\"contentUrl\":\"https:\/\/secure.gravatar.com\/avatar\/82aafea7d8127119dd649515f56e2117?s=96&d=mm&r=g\",\"caption\":\"rtnews\"},\"url\":\"https:\/\/now-news.de\/de\/author\/rnews\/\"}]}<\/script>\n<!-- \/ Yoast SEO Premium plugin. -->","yoast_head_json":{"title":"Brief an Selenskij: Warum halten Sie die Menschen gewaltsam fest? - just-now.NEWS Deutschland","robots":{"index":"index","follow":"follow","max-snippet":"max-snippet:-1","max-image-preview":"max-image-preview:large","max-video-preview":"max-video-preview:-1"},"canonical":"https:\/\/now-news.de\/de\/deutschland\/brief-an-selenskij-warum-halten-sie-die-menschen-gewaltsam-fest\/","og_locale":"de_DE","og_type":"article","og_title":"Brief an Selenskij: Warum halten Sie die Menschen gewaltsam fest?","og_description":"Im Donezk-Tagebuch &#8220;Fr\u00fchst\u00fcck unter Bomben&#8221; schildert die Autorin ihre Erfahrungen seit 2014: Luftangriffe, zivile Opfer und den Bruch mit Kiew. Sie beschreibt das verlorene Vertrauen vieler Menschen im Donbass und fordert ein Ende des Krieges sowie politische Konsequenzen. Von Wassilissa Sacharowa W\u00e4hrend die n\u00e4chsten Friedensverhandlungen zwischen der Ukraine und Russland erneut in Aussicht gestellt werden, [&hellip;]","og_url":"https:\/\/now-news.de\/de\/deutschland\/brief-an-selenskij-warum-halten-sie-die-menschen-gewaltsam-fest\/","og_site_name":"just-now.NEWS Deutschland","article_publisher":"https:\/\/www.facebook.com\/wirmachenauf","article_published_time":"2026-04-26T05:00:00+00:00","og_image":[{"url":"https:\/\/now-news.de\/de\/wp-content\/uploads\/sites\/3\/2026\/04\/69eccc38b480cc04a25be3f6.jpg"}],"author":"rtnews","twitter_card":"summary_large_image","twitter_creator":"@WirMachenAuf_de","twitter_site":"@WirMachenAuf_de","twitter_misc":{"Verfasst von":"rtnews","Gesch\u00e4tzte Lesezeit":"4\u00a0Minuten"},"schema":{"@context":"https:\/\/schema.org","@graph":[{"@type":"Article","@id":"https:\/\/now-news.de\/de\/deutschland\/brief-an-selenskij-warum-halten-sie-die-menschen-gewaltsam-fest\/#article","isPartOf":{"@id":"https:\/\/now-news.de\/de\/deutschland\/brief-an-selenskij-warum-halten-sie-die-menschen-gewaltsam-fest\/"},"author":{"name":"rtnews","@id":"https:\/\/now-news.de\/de\/#\/schema\/person\/fb534a4e865501d8b3285208df34a9b5"},"headline":"Brief an Selenskij: Warum halten Sie die Menschen gewaltsam fest?","datePublished":"2026-04-26T05:00:00+00:00","dateModified":"2026-04-26T05:00:00+00:00","mainEntityOfPage":{"@id":"https:\/\/now-news.de\/de\/deutschland\/brief-an-selenskij-warum-halten-sie-die-menschen-gewaltsam-fest\/"},"wordCount":743,"commentCount":0,"publisher":{"@id":"https:\/\/now-news.de\/de\/#organization"},"image":{"@id":"https:\/\/now-news.de\/de\/deutschland\/brief-an-selenskij-warum-halten-sie-die-menschen-gewaltsam-fest\/#primaryimage"},"thumbnailUrl":"https:\/\/now-news.de\/de\/wp-content\/uploads\/sites\/3\/Brief-an-Selenskij-Warum-halten-Sie-die-Menschen-gewaltsam-fest.jpg","keywords":["die","fest","gewaltsam","halten","Menschen","Selenskij","Sie","Warum"],"articleSection":["Deutschland","Russland"],"inLanguage":"de","potentialAction":[{"@type":"CommentAction","name":"Comment","target":["https:\/\/now-news.de\/de\/deutschland\/brief-an-selenskij-warum-halten-sie-die-menschen-gewaltsam-fest\/#respond"]}]},{"@type":"WebPage","@id":"https:\/\/now-news.de\/de\/deutschland\/brief-an-selenskij-warum-halten-sie-die-menschen-gewaltsam-fest\/","url":"https:\/\/now-news.de\/de\/deutschland\/brief-an-selenskij-warum-halten-sie-die-menschen-gewaltsam-fest\/","name":"Brief an Selenskij: Warum halten Sie die Menschen gewaltsam fest? - just-now.NEWS Deutschland","isPartOf":{"@id":"https:\/\/now-news.de\/de\/#website"},"primaryImageOfPage":{"@id":"https:\/\/now-news.de\/de\/deutschland\/brief-an-selenskij-warum-halten-sie-die-menschen-gewaltsam-fest\/#primaryimage"},"image":{"@id":"https:\/\/now-news.de\/de\/deutschland\/brief-an-selenskij-warum-halten-sie-die-menschen-gewaltsam-fest\/#primaryimage"},"thumbnailUrl":"https:\/\/now-news.de\/de\/wp-content\/uploads\/sites\/3\/Brief-an-Selenskij-Warum-halten-Sie-die-Menschen-gewaltsam-fest.jpg","datePublished":"2026-04-26T05:00:00+00:00","dateModified":"2026-04-26T05:00:00+00:00","breadcrumb":{"@id":"https:\/\/now-news.de\/de\/deutschland\/brief-an-selenskij-warum-halten-sie-die-menschen-gewaltsam-fest\/#breadcrumb"},"inLanguage":"de","potentialAction":[{"@type":"ReadAction","target":["https:\/\/now-news.de\/de\/deutschland\/brief-an-selenskij-warum-halten-sie-die-menschen-gewaltsam-fest\/"]}]},{"@type":"ImageObject","inLanguage":"de","@id":"https:\/\/now-news.de\/de\/deutschland\/brief-an-selenskij-warum-halten-sie-die-menschen-gewaltsam-fest\/#primaryimage","url":"https:\/\/now-news.de\/de\/wp-content\/uploads\/sites\/3\/Brief-an-Selenskij-Warum-halten-Sie-die-Menschen-gewaltsam-fest.jpg","contentUrl":"https:\/\/now-news.de\/de\/wp-content\/uploads\/sites\/3\/Brief-an-Selenskij-Warum-halten-Sie-die-Menschen-gewaltsam-fest.jpg","caption":"Brief an Selenskij: Warum halten Sie die Menschen gewaltsam fest?"},{"@type":"BreadcrumbList","@id":"https:\/\/now-news.de\/de\/deutschland\/brief-an-selenskij-warum-halten-sie-die-menschen-gewaltsam-fest\/#breadcrumb","itemListElement":[{"@type":"ListItem","position":1,"name":"Home","item":"https:\/\/now-news.de\/de\/"},{"@type":"ListItem","position":2,"name":"Brief an Selenskij: Warum halten Sie die Menschen gewaltsam fest?"}]},{"@type":"WebSite","@id":"https:\/\/now-news.de\/de\/#website","url":"https:\/\/now-news.de\/de\/","name":"just-now.NEWS Deutschland","description":"Das Portal f\u00fcr unzensierte Nachrichten aus der Welt","publisher":{"@id":"https:\/\/now-news.de\/de\/#organization"},"potentialAction":[{"@type":"SearchAction","target":{"@type":"EntryPoint","urlTemplate":"https:\/\/now-news.de\/de\/?s={search_term_string}"},"query-input":"required name=search_term_string"}],"inLanguage":"de"},{"@type":"Organization","@id":"https:\/\/now-news.de\/de\/#organization","name":"Just Now News","url":"https:\/\/now-news.de\/de\/","logo":{"@type":"ImageObject","inLanguage":"de","@id":"https:\/\/now-news.de\/de\/#\/schema\/logo\/image\/","url":"http:\/\/just-now.news\/de\/wp-content\/uploads\/sites\/3\/2022\/04\/logo500x500.jpg","contentUrl":"http:\/\/just-now.news\/de\/wp-content\/uploads\/sites\/3\/2022\/04\/logo500x500.jpg","width":500,"height":500,"caption":"Just Now News"},"image":{"@id":"https:\/\/now-news.de\/de\/#\/schema\/logo\/image\/"},"sameAs":["https:\/\/www.facebook.com\/wirmachenauf","https:\/\/x.com\/WirMachenAuf_de"]},{"@type":"Person","@id":"https:\/\/now-news.de\/de\/#\/schema\/person\/fb534a4e865501d8b3285208df34a9b5","name":"rtnews","image":{"@type":"ImageObject","inLanguage":"de","@id":"https:\/\/now-news.de\/de\/#\/schema\/person\/image\/","url":"https:\/\/secure.gravatar.com\/avatar\/82aafea7d8127119dd649515f56e2117?s=96&d=mm&r=g","contentUrl":"https:\/\/secure.gravatar.com\/avatar\/82aafea7d8127119dd649515f56e2117?s=96&d=mm&r=g","caption":"rtnews"},"url":"https:\/\/now-news.de\/de\/author\/rnews\/"}]}},"_links":{"self":[{"href":"https:\/\/now-news.de\/de\/wp-json\/wp\/v2\/posts\/102305"}],"collection":[{"href":"https:\/\/now-news.de\/de\/wp-json\/wp\/v2\/posts"}],"about":[{"href":"https:\/\/now-news.de\/de\/wp-json\/wp\/v2\/types\/post"}],"author":[{"embeddable":true,"href":"https:\/\/now-news.de\/de\/wp-json\/wp\/v2\/users\/3"}],"replies":[{"embeddable":true,"href":"https:\/\/now-news.de\/de\/wp-json\/wp\/v2\/comments?post=102305"}],"version-history":[{"count":0,"href":"https:\/\/now-news.de\/de\/wp-json\/wp\/v2\/posts\/102305\/revisions"}],"wp:featuredmedia":[{"embeddable":true,"href":"https:\/\/now-news.de\/de\/wp-json\/wp\/v2\/media\/102306"}],"wp:attachment":[{"href":"https:\/\/now-news.de\/de\/wp-json\/wp\/v2\/media?parent=102305"}],"wp:term":[{"taxonomy":"category","embeddable":true,"href":"https:\/\/now-news.de\/de\/wp-json\/wp\/v2\/categories?post=102305"},{"taxonomy":"post_tag","embeddable":true,"href":"https:\/\/now-news.de\/de\/wp-json\/wp\/v2\/tags?post=102305"}],"curies":[{"name":"wp","href":"https:\/\/api.w.org\/{rel}","templated":true}]}}