{"id":102287,"date":"2026-04-25T18:09:41","date_gmt":"2026-04-25T16:09:41","guid":{"rendered":"https:\/\/now-news.de\/de\/deutschland\/trumps-druck-auf-kuba-waechst-die-lage-spitzt-sich-zu\/"},"modified":"2026-04-25T18:09:41","modified_gmt":"2026-04-25T16:09:41","slug":"trumps-druck-auf-kuba-waechst-die-lage-spitzt-sich-zu","status":"publish","type":"post","link":"https:\/\/now-news.de\/de\/deutschland\/trumps-druck-auf-kuba-waechst-die-lage-spitzt-sich-zu\/","title":{"rendered":"Trumps Druck auf Kuba w\u00e4chst \u2013 die Lage spitzt sich zu"},"content":{"rendered":"<p><img decoding=\"async\" src=\"https:\/\/now-news.de\/de\/wp-content\/uploads\/sites\/3\/2026\/04\/69ecb39a48fbef755f20610f.jpg\" \/><\/p>\n<div class=\"Text-root Text-type_1 \">\n                Wird Kuba zum Schlachtfeld des n\u00e4chsten v\u00f6lkerrechtswidrigen US-Angriffskriegs? Entsprechende Vorbereitungen hat das Wei\u00dfe Haus bereits befohlen. Hinter den Kulissen laufen milit\u00e4rische Planungen, w\u00e4hrend Sanktionen und Blockade den Druck erh\u00f6hen. International w\u00e4chst die Kritik an Washingtons Kurs.\n            <\/div>\n<p><\/p>\n<div class=\"Text-root Text-type_5 ArticleView-text ViewText-root \">\n<p><em>Von\u00a0Rainer Rupp<\/em><\/p>\n<p>Fast drei Monate sind vergangen, seit US-Pr\u00e4sident Donald Trump die US-Marine angewiesen hat, die Schifffahrt zu und aus kubanischen H\u00e4fen zu unterbinden. Diese Blockade hatte er still und leise, ohne seine sonst \u00fcblichen gro\u00dfspurigen Ank\u00fcndigungen befohlen\u00a0\u2013 keine Erkl\u00e4rung, keine Vorab-Diskussion mit dem Senat. Er hat einfach gehandelt, wie es \u2013 laut <em>Washington Post<\/em> \u2013 seine &#8220;autokratische Art ist&#8221;.<\/p>\n<p>Tats\u00e4chlich stoppt die US-K\u00fcstenwache seit Anfang Februar 2026 \u00d6ltanker auf dem Weg\u00a0zur Karibikinsel. Proteste gegen diese eklatante US-Verletzung der Freiheit der Schifffahrt sind bisher von den europ\u00e4ischen Vasallen der USA ausgeblieben. Umso lauter ist jedoch das Gezeter der Europ\u00e4er gegen Iran wegen der Behinderung der Freiheit der Schifffahrt, weil sich das Opfer des brutalen, unprovozierten amerikanisch-zionistischen Angriffskriegs in seiner Not mit der Schlie\u00dfung der Stra\u00dfe von Hormus wehrt. Irans Absicht dahinter war, \u00fcber die von der Schlie\u00dfung betroffenen \u00d6l- und Gasproduzenten auf der Arabischen Halbinsel, ebenso wie \u00fcber die von den ausbleibenden Energielieferungen betroffenen US-Verb\u00fcndeten, Druck auf die Aggressoren-Clique in Washington auszu\u00fcben, um noch Schlimmeres \u2013 wie eine in eine Depression geratene Weltwirtschaft \u2013 zu verhindern.<\/p>\n<p>Der vorl\u00e4ufige Gipfel der US-Scheinheiligkeit wurde vergangene Woche erreicht. W\u00e4hrend das Wei\u00dfe Haus vor Kuba die Freiheit der internationalen Schifffahrt mit F\u00fc\u00dfen tritt und verh\u00f6hnt, beruft es sich ausgerechnet auf die Freiheit der Schifffahrt, um von Iran die Aufhebung seiner teilweisen Schlie\u00dfung der Stra\u00dfe von Hormus zu fordern. Dort sind nur Schiffe\u00a0der USA, Israels und anderer US-Verb\u00fcndeter oder Unterst\u00fctzer des v\u00f6lkerrechtswidrigen US-Angriffskriegs von der Durchfahrt ausgeschlossen. Und nun will Washington von Iran die \u00d6ffnung der Stra\u00dfe erzwingen, damit auch die Kriegsschiffe des US-Aggressors passieren k\u00f6nnen.<\/p>\n<p>Um noch mehr Druck auf Iran auszu\u00fcben, hat der Pr\u00e4sident des gr\u00f6\u00dften Schurkenstaates der Welt auch noch die Seeblockade \u00fcber alle iranischen H\u00e4fen angeordnet und bereits ein iranisches Handelsschiff beschossen und nach Piratenmanier gekapert. Das alles geschah als Begleitmusik f\u00fcr die zweite geplante Runde der US-iranischen Friedensverhandlungen in Pakistan, die dann auch prompt nicht zustande kam, denn niemand, der wirklich einen Frieden will, verh\u00e4lt sich wie das gesetzlose US-Piraten-Regime, das bereits in der Karibik einen weiteren Waffengang plant: gegen Kuba.<\/p>\n<p>Nach der gewaltsamen und sehr blutigen Entf\u00fchrung von Venezuelas demokratisch gew\u00e4hltem Pr\u00e4sidenten Nicol\u00e1s Maduro in ein amerikanisches Gef\u00e4ngnis in New York und nach dem v\u00f6lkerrechtswidrigen US-Zio-Angriffskrieg gegen Iran hatte Trump h\u00f6chstpers\u00f6nlich unverbl\u00fcmt gesagt: &#8220;Kuba ist als N\u00e4chstes dran\u00a0[&#8230;] Ob ich es befreie oder nehme \u2013 ich glaube, ich kann damit machen, was ich will&#8221;, soll er gegen\u00fcber Reportern ge\u00e4u\u00dfert haben. Zugleich gibt es US-Medienberichte wie diesen: &#8220;Pentagon beschleunigt Milit\u00e4rplanung gegen Kuba f\u00fcr den Fall, dass Trump eine Intervention anordnet&#8221;, da Trump gesagt habe, dass &#8220;die USA auf der Insel vorbeischauen k\u00f6nnten&#8221;. Das <a rel=\"nofollow noopener\" target=\"_blank\" href=\"https:\/\/www.aa.com.tr\/en\/world\/pentagon-ramps-up-cuba-military-planning-in-case-trump-orders-intervention-report\/3907085\">berichtete<\/a>\u00a0am 15. April 2026 das Internetportal <em>www.aa.com.tr<\/em> unter Berufung auf <em>USA Today<\/em>.<\/p>\n<p>Unter F\u00fchrung seines Chefs Pete Hegseth, der sich selbst zum &#8220;Kriegsminister&#8221; der USA ernannt hat, scheint das Pentagon jetzt entlang der einstigen gro\u00dfdeutschen Maxime aus der Zeit vor dem Ersten Weltkrieg zu operieren, n\u00e4mlich &#8220;Viel Feind, viel Ehr'&#8221;. Denn glaubhaften Berichten zufolge will man in Washington nicht l\u00e4nger warten, bis die um Kuba herum mit US-Kriegsschiffen errichtete Seeblockade den Regierungsumsturz in Havanna herbeif\u00fchrt, weshalb man mit gezielten milit\u00e4rischen Ma\u00dfnahmen auf der Insel den Regimewechsel beschleunigen will.<\/p>\n<p>Seit Beginn der US-Blockade konnte nur ein Schiff, ein russischer Tanker mit knapp 730.000 Barrel Roh\u00f6l, am 31. M\u00e4rz unbehindert einen kubanischen Hafen anlaufen. F\u00fcr die kubanische Bev\u00f6lkerung war es lediglich eine Atempause in einer Treibstoffkrise. Das ist in Kuba, das seit Jahrzehnten unter US-Sanktionen aller Art leidet, nichts Neues, nur dass diesmal die Treibstoffkrise besonders schlimm ist und parallel zu anderen akuten wirtschaftlichen Problemen auftritt, die nicht nur Kuba, sondern aktuell auch andere L\u00e4nder des Globalen S\u00fcdens treffen.<\/p>\n<p>Die sichtbaren Folgen der aktuellen Krise in Kuba sind dramatisch: landesweite Blackouts, leere Tankstellen, kollabierende Stromnetze und ein Gesundheitssystem am Rande des Zusammenbruchs. Die &#8220;2026 Cuban Crisis&#8221;, wie sie bereits in der US-Propaganda-Datenbank Wikipedia bezeichnet wird, ist keine Naturkatastrophe, sondern das Ergebnis einer gezielten US-Politik. Trump hat mit einer <a rel=\"nofollow noopener\" target=\"_blank\" href=\"https:\/\/www.whitehouse.gov\/presidential-actions\/2026\/01\/addressing-threats-to-the-united-states-by-the-government-of-cuba\/\">Executive Order<\/a> vom 29. Januar Kuba zur &#8220;ungew\u00f6hnlichen und au\u00dfergew\u00f6hnlichen Bedrohung&#8221; f\u00fcr die nationale Sicherheit der USA erkl\u00e4rt.<\/p>\n<p>Die Begr\u00fcndung f\u00fcr die Blockade war: Kubas angebliche Spionagekooperation mit Russland und China sowie Unterst\u00fctzung f\u00fcr &#8220;feindliche Akteure&#8221;. Das ist nat\u00fcrlich ein fadenscheiniger Vorwurf, der genauso wenig Hand und Fu\u00df hat wie all die vorangegangenen Anschuldigungen, mit denen aufeinanderfolgende US-Pr\u00e4sidenten ihr verbrecherisches, v\u00f6lkerrechtswidriges Handeln vor der eigenen Bev\u00f6lkerung sowie international vor ihren Vasallen rechtfertigen wollten. Der akademische Experte f\u00fcr Nachrichtendienste von der &#8220;American University&#8221;, Professor William LeoGrande, bezeichnete Trumps Vorwurf gegen Kuba als sehr d\u00fcnn: &#8220;Wenn Spionage allein ausreichte, um einen Krieg zu rechtfertigen, w\u00e4re die Welt st\u00e4ndig im Krieg \u2013 denn alle spionieren alle aus.&#8221;<\/p>\n<p>Parallel zu seinen Kriegsvorbereitungen sondiere das Wei\u00dfe Haus laut <em><a rel=\"nofollow noopener\" target=\"_blank\" href=\"https:\/\/www.theatlantic.com\/national-security\/2026\/03\/trump-plan-cuba\/686497\/\">The Atlantic<\/a><\/em>\u00a0in Gespr\u00e4chen mit der Familie des kubanischen Ex-Pr\u00e4sidenten Ra\u00fal Castro nach angeblich &#8220;gem\u00e4\u00dfigten&#8221; Kr\u00e4ften, die die Amerikaner in Havanna an die Macht bringen wollen, um dort ein gef\u00fcgigeres Regime zu installieren, das den US-Interessen entgegenkommt.<\/p>\n<p>Kritiker von Trumps &#8220;Maximum Pressure&#8221;-Feldzug gegen Kuba sprechen l\u00e4ngst von einem &#8220;Kriegsverbrechen&#8221;. Die US-Sanktionen und die Treibstoffblockade werden als kollektive Bestrafung der Zivilbev\u00f6lkerung gewertet \u2013 ein Versto\u00df gegen die Genfer Konventionen. In einem Kommentar der <em>Los Angeles Times<\/em> hei\u00dft es: &#8220;Das ist kein Schritt zur Beendigung der Blockade, sondern die Fortsetzung einer Politik, die Zivilisten hungern und sterben l\u00e4sst.&#8221;\u00a0Regierungskritische Stimmen wie David Adler von &#8220;Progressive International&#8221; warnen: &#8220;Das ist kein Probealarm. Trump bereitet einen weiteren illegalen Krieg gegen Kuba vor, um die Miami-Mafia zu bes\u00e4nftigen.&#8221; Auf X (ehemals Twitter) wird die Blockade als &#8220;wirtschaftliche Bombardierung&#8221; und &#8220;Akt des Krieges&#8221; gebrandmarkt. Die demokratische Abgeordnete Pramila Jayapal und 50 weitere Kongressmitglieder forderten in einem Brief an Trump ein Ende der &#8220;gescheiterten Politik&#8221; gegen Kuba, die eine humanit\u00e4re Katastrophe versch\u00e4rfe. F\u00fcr mehr Details siehe:\u00a0<em><a rel=\"nofollow noopener\" target=\"_blank\" href=\"https:\/\/www.commondreams.org\/news\/us-plans-cuba-attack\">commondreams.org<\/a><\/em>.<\/p>\n<p>Kuba selbst versucht, mit begrenzten Reformen gegenzusteuern: Exil-Kubaner sollen k\u00fcnftig Immobilien und Unternehmen auf der Insel besitzen d\u00fcrfen. Doch US-Sanktionen verhindern praktisch jede Investition. US-Experten erinnern an Venezuela: Selbst \u00d6lkonzerne z\u00f6gern, in ein Land zu investieren, dessen Zukunft unsicher ist. Statt echter Demokratie f\u00f6rdert Trump offenbar willf\u00e4hrige Autokraten.<\/p>\n<p>International w\u00e4chst der Widerstand. Mexiko, Spanien und Brasilien fordern in einer gemeinsamen Erkl\u00e4rung &#8220;aufrichtigen Dialog&#8221; zur Beendigung der humanit\u00e4ren Krise in Kuba. China hat Hilfe zugesagt und verurteilt die &#8220;unmenschlichen Ma\u00dfnahmen&#8221;. Besonders deutlich positioniert sich Russland. Au\u00dfenminister Sergei Lawrow erkl\u00e4rte am Rande von Gespr\u00e4chen mit Xi Jinping: &#8220;Nat\u00fcrlich unterst\u00fctzen wir Kuba wie die Volksrepublik China \u2013 politisch in den Vereinten Nationen und anderen Foren, wirtschaftlich und humanit\u00e4r. Wir haben den ersten Tanker mit 100.000 Tonnen \u00d6l geschickt und werden die Hilfe fortsetzen.&#8221; Er warnte vor einer R\u00fcckkehr zu &#8220;kolonialen Kriegen&#8221; und betonte, dass nicht Kuba den Dialog verweigert habe, sondern Washington. Kremlsprecher Dmitri Peskow erg\u00e4nzte: &#8220;Moskau ist bereit, Havanna jede m\u00f6gliche Unterst\u00fctzung zu leisten.&#8221; Russland sieht in der Blockade einen Angriff auf seine Verb\u00fcndeten und koordiniert mit Peking eine Gegenstrategie. (siehe das\u00a0<a rel=\"nofollow noopener\" target=\"_blank\" href=\"https:\/\/www.youtube.com\/watch?v=UO_a_aVDKzQ\">Interview<\/a> mit Sergei Lawrow zu diesem Thema auf YouTube).<\/p>\n<p><a rel=\"nofollow noopener\" target=\"_blank\" href=\"https:\/\/www.youtube.com\/watch?v=UO_a_aVDKzQ\"><\/a>Die historische Parallele ist un\u00fcbersehbar: Seit der Kubakrise im Jahr 1962 versucht Washington, das sozialistische Experiment 90 Meilen vor Florida zu ersticken. Unter Obama gab es eine vorsichtige \u00d6ffnung, Trump machte sie r\u00fcckg\u00e4ngig, Biden belie\u00df es weitgehend dabei. Nun die Radikalisierung. Die &#8220;Maximum-Pressure&#8221;-Strategie \u2013 angeblich mit Erfolg gegen Iran und Venezuela erprobt \u2013 soll nun die Einflusssph\u00e4ren Russlands und Chinas auf der westlichen Halbkugel zur\u00fcckdr\u00e4ngen. Doch sie produziert nur Chaos und menschliches Leid: Tausende Kubaner fl\u00fcchten, die Wirtschaft liegt am Boden, das Regime verh\u00e4rtet sich.<\/p>\n<p>Kritiker wie Professor LeoGrande warnen: Eine milit\u00e4rische US-Intervention w\u00fcrde nach den Desastern im Irak und Afghanistan wenige Unterst\u00fctzer finden. Die US-\u00d6ffentlichkeit wolle nicht l\u00e4nger Demokratie &#8220;mit der Waffe in der Hand&#8221; anderen L\u00e4ndern aufzwingen, so der Professor. Stattdessen riskiere Trump genau das, was er vorgeblich bek\u00e4mpft: Instabilit\u00e4t, Fl\u00fcchtlingsstr\u00f6me und eine St\u00e4rkung antiamerikanischer Allianzen in Lateinamerika. Die Blockade erzeuge zwar kurzfristig Druck in und auf Kuba, langfristig werde sie jedoch das Regime eher stabilisieren als st\u00fcrzen.<\/p>\n<p>Tats\u00e4chlich untergr\u00e4bt Trumps Politik auch noch den letzten Rest der Glaubw\u00fcrdigkeit Amerikas als Verteidiger von Recht und Freiheit. Ob Kuba wirklich als &#8220;N\u00e4chstes&#8221; dran ist, wird jedoch nicht nur von Trumps Launen abh\u00e4ngen, sondern haupts\u00e4chlich vom Ausgang des US-Zio-Kriegs gegen Iran, den Washington bereits verloren hat, selbst wenn es die Fakten nicht eingestehen will. Die Glaubw\u00fcrdigkeit der einstigen globalen Softpower der US-Au\u00dfenpolitik ist dahin. Die USA werden nun weltweit ungeschminkt als brutaler Hegemon gesehen, der Demokratie predigt und gleichzeitig Hunger als Waffe gegen ganze V\u00f6lker einsetzt. Russland, China und die BRICS tun das Ihrige, um die Welt daran zu erinnern, dass imperiale \u00dcbergriffe Konsequenzen haben.<\/p>\n<p><strong>Mehr zum Thema<\/strong> \u2014\u00a0<a rel=\"nofollow noopener\" target=\"_blank\" href=\"https:\/\/freedert.online\/international\/275570-russlands-vize-aussenminister-werden-kuba\/\">Russlands Vize-Au\u00dfenminister: Werden Kuba nicht im Stich lassen<\/a><\/p>\n<div class=\"EmbedBlock-root EmbedBlock-externalVideo EmbedBlock-rumble\">\n<div class=\"VkEmbed\"><iframe class=\"lazyload\" data-src=\"https:\/\/rumble.com\/embed\/v76i09g\" frameborder=\"0\" width=\"853\" height=\"480\" allowfullscreen><\/iframe><\/div>\n<\/div>\n<\/div>\n<p><br \/>\n<br \/><a href=\"https:\/\/de.rt.com\/meinung\/278179-trumps-druck-auf-kuba-waechst\/\">Source link <\/a><\/p>\n","protected":false},"excerpt":{"rendered":"<p>Wird Kuba zum Schlachtfeld des n\u00e4chsten v\u00f6lkerrechtswidrigen US-Angriffskriegs? Entsprechende Vorbereitungen hat das Wei\u00dfe Haus bereits befohlen. Hinter den Kulissen laufen milit\u00e4rische Planungen, w\u00e4hrend Sanktionen und Blockade den Druck erh\u00f6hen. International w\u00e4chst die Kritik an Washingtons Kurs. Von\u00a0Rainer Rupp Fast drei Monate sind vergangen, seit US-Pr\u00e4sident Donald Trump die US-Marine angewiesen hat, die Schifffahrt zu und [&hellip;]<\/p>\n","protected":false},"author":3,"featured_media":102288,"comment_status":"open","ping_status":"open","sticky":false,"template":"","format":"standard","meta":{"_yoast_indexnow_last_ping":["1777133780"],"wp_automatic_camp":["217"],"86e5759d8494ec44e491413539e91b2a":["Trumps Druck auf Kuba w\u00e4chst \u2013 die Lage spitzt sich zu"],"original_link":["https:\/\/de.rt.com\/meinung\/278179-trumps-druck-auf-kuba-waechst\/"],"_thumbnail_id":["102288"],"_wptgpro_p2tg_sent2tg":["a:1:{i:23737;s:19:\"2026-04-25 18:17:24\";}"],"jnews_social_counter_last_update":["1777328907"]},"categories":[19,23],"tags":[133,45,1610,6958,525,434,23994,317,21107],"yoast_head":"<!-- This site is optimized with the Yoast SEO Premium plugin v22.7 (Yoast SEO v22.7) - https:\/\/yoast.com\/wordpress\/plugins\/seo\/ -->\n<title>Trumps Druck auf Kuba w\u00e4chst \u2013 die Lage spitzt sich zu - just-now.NEWS Deutschland<\/title>\n<meta name=\"robots\" content=\"index, follow, max-snippet:-1, max-image-preview:large, max-video-preview:-1\" \/>\n<link rel=\"canonical\" href=\"https:\/\/now-news.de\/de\/deutschland\/trumps-druck-auf-kuba-waechst-die-lage-spitzt-sich-zu\/\" \/>\n<meta property=\"og:locale\" content=\"de_DE\" \/>\n<meta property=\"og:type\" content=\"article\" \/>\n<meta property=\"og:title\" content=\"Trumps Druck auf Kuba w\u00e4chst \u2013 die Lage spitzt sich zu\" \/>\n<meta property=\"og:description\" content=\"Wird Kuba zum Schlachtfeld des n\u00e4chsten v\u00f6lkerrechtswidrigen US-Angriffskriegs? Entsprechende Vorbereitungen hat das Wei\u00dfe Haus bereits befohlen. Hinter den Kulissen laufen milit\u00e4rische Planungen, w\u00e4hrend Sanktionen und Blockade den Druck erh\u00f6hen. International w\u00e4chst die Kritik an Washingtons Kurs. Von\u00a0Rainer Rupp Fast drei Monate sind vergangen, seit US-Pr\u00e4sident Donald Trump die US-Marine angewiesen hat, die Schifffahrt zu und [&hellip;]\" \/>\n<meta property=\"og:url\" content=\"https:\/\/now-news.de\/de\/deutschland\/trumps-druck-auf-kuba-waechst-die-lage-spitzt-sich-zu\/\" \/>\n<meta property=\"og:site_name\" content=\"just-now.NEWS Deutschland\" \/>\n<meta property=\"article:publisher\" content=\"https:\/\/www.facebook.com\/wirmachenauf\" \/>\n<meta property=\"article:published_time\" content=\"2026-04-25T16:09:41+00:00\" \/>\n<meta property=\"og:image\" content=\"https:\/\/now-news.de\/de\/wp-content\/uploads\/sites\/3\/2026\/04\/69ecb39a48fbef755f20610f.jpg\" \/>\n<meta name=\"author\" content=\"rtnews\" \/>\n<meta name=\"twitter:card\" content=\"summary_large_image\" \/>\n<meta name=\"twitter:creator\" content=\"@WirMachenAuf_de\" \/>\n<meta name=\"twitter:site\" content=\"@WirMachenAuf_de\" \/>\n<meta name=\"twitter:label1\" content=\"Verfasst von\" \/>\n\t<meta name=\"twitter:data1\" content=\"rtnews\" \/>\n\t<meta name=\"twitter:label2\" content=\"Gesch\u00e4tzte Lesezeit\" \/>\n\t<meta name=\"twitter:data2\" content=\"8\u00a0Minuten\" \/>\n<script type=\"application\/ld+json\" class=\"yoast-schema-graph\">{\"@context\":\"https:\/\/schema.org\",\"@graph\":[{\"@type\":\"Article\",\"@id\":\"https:\/\/now-news.de\/de\/deutschland\/trumps-druck-auf-kuba-waechst-die-lage-spitzt-sich-zu\/#article\",\"isPartOf\":{\"@id\":\"https:\/\/now-news.de\/de\/deutschland\/trumps-druck-auf-kuba-waechst-die-lage-spitzt-sich-zu\/\"},\"author\":{\"name\":\"rtnews\",\"@id\":\"https:\/\/now-news.de\/de\/#\/schema\/person\/fb534a4e865501d8b3285208df34a9b5\"},\"headline\":\"Trumps Druck auf Kuba w\u00e4chst \u2013 die Lage spitzt sich zu\",\"datePublished\":\"2026-04-25T16:09:41+00:00\",\"dateModified\":\"2026-04-25T16:09:41+00:00\",\"mainEntityOfPage\":{\"@id\":\"https:\/\/now-news.de\/de\/deutschland\/trumps-druck-auf-kuba-waechst-die-lage-spitzt-sich-zu\/\"},\"wordCount\":1596,\"commentCount\":0,\"publisher\":{\"@id\":\"https:\/\/now-news.de\/de\/#organization\"},\"image\":{\"@id\":\"https:\/\/now-news.de\/de\/deutschland\/trumps-druck-auf-kuba-waechst-die-lage-spitzt-sich-zu\/#primaryimage\"},\"thumbnailUrl\":\"https:\/\/now-news.de\/de\/wp-content\/uploads\/sites\/3\/Trumps-Druck-auf-Kuba-waechst-\u2013-die-Lage-spitzt-sich.jpg\",\"keywords\":[\"AUF\",\"die\",\"Druck\",\"Kuba\",\"Lage\",\"sich\",\"spitzt\",\"Trumps\",\"w\u00e4chst\"],\"articleSection\":[\"Deutschland\",\"Russland\"],\"inLanguage\":\"de\",\"potentialAction\":[{\"@type\":\"CommentAction\",\"name\":\"Comment\",\"target\":[\"https:\/\/now-news.de\/de\/deutschland\/trumps-druck-auf-kuba-waechst-die-lage-spitzt-sich-zu\/#respond\"]}]},{\"@type\":\"WebPage\",\"@id\":\"https:\/\/now-news.de\/de\/deutschland\/trumps-druck-auf-kuba-waechst-die-lage-spitzt-sich-zu\/\",\"url\":\"https:\/\/now-news.de\/de\/deutschland\/trumps-druck-auf-kuba-waechst-die-lage-spitzt-sich-zu\/\",\"name\":\"Trumps Druck auf Kuba w\u00e4chst \u2013 die Lage spitzt sich zu - just-now.NEWS Deutschland\",\"isPartOf\":{\"@id\":\"https:\/\/now-news.de\/de\/#website\"},\"primaryImageOfPage\":{\"@id\":\"https:\/\/now-news.de\/de\/deutschland\/trumps-druck-auf-kuba-waechst-die-lage-spitzt-sich-zu\/#primaryimage\"},\"image\":{\"@id\":\"https:\/\/now-news.de\/de\/deutschland\/trumps-druck-auf-kuba-waechst-die-lage-spitzt-sich-zu\/#primaryimage\"},\"thumbnailUrl\":\"https:\/\/now-news.de\/de\/wp-content\/uploads\/sites\/3\/Trumps-Druck-auf-Kuba-waechst-\u2013-die-Lage-spitzt-sich.jpg\",\"datePublished\":\"2026-04-25T16:09:41+00:00\",\"dateModified\":\"2026-04-25T16:09:41+00:00\",\"breadcrumb\":{\"@id\":\"https:\/\/now-news.de\/de\/deutschland\/trumps-druck-auf-kuba-waechst-die-lage-spitzt-sich-zu\/#breadcrumb\"},\"inLanguage\":\"de\",\"potentialAction\":[{\"@type\":\"ReadAction\",\"target\":[\"https:\/\/now-news.de\/de\/deutschland\/trumps-druck-auf-kuba-waechst-die-lage-spitzt-sich-zu\/\"]}]},{\"@type\":\"ImageObject\",\"inLanguage\":\"de\",\"@id\":\"https:\/\/now-news.de\/de\/deutschland\/trumps-druck-auf-kuba-waechst-die-lage-spitzt-sich-zu\/#primaryimage\",\"url\":\"https:\/\/now-news.de\/de\/wp-content\/uploads\/sites\/3\/Trumps-Druck-auf-Kuba-waechst-\u2013-die-Lage-spitzt-sich.jpg\",\"contentUrl\":\"https:\/\/now-news.de\/de\/wp-content\/uploads\/sites\/3\/Trumps-Druck-auf-Kuba-waechst-\u2013-die-Lage-spitzt-sich.jpg\",\"caption\":\"Trumps Druck auf Kuba w\u00e4chst \u2013 die Lage spitzt sich zu\"},{\"@type\":\"BreadcrumbList\",\"@id\":\"https:\/\/now-news.de\/de\/deutschland\/trumps-druck-auf-kuba-waechst-die-lage-spitzt-sich-zu\/#breadcrumb\",\"itemListElement\":[{\"@type\":\"ListItem\",\"position\":1,\"name\":\"Home\",\"item\":\"https:\/\/now-news.de\/de\/\"},{\"@type\":\"ListItem\",\"position\":2,\"name\":\"Trumps Druck auf Kuba w\u00e4chst \u2013 die Lage spitzt sich zu\"}]},{\"@type\":\"WebSite\",\"@id\":\"https:\/\/now-news.de\/de\/#website\",\"url\":\"https:\/\/now-news.de\/de\/\",\"name\":\"just-now.NEWS Deutschland\",\"description\":\"Das Portal f\u00fcr unzensierte Nachrichten aus der Welt\",\"publisher\":{\"@id\":\"https:\/\/now-news.de\/de\/#organization\"},\"potentialAction\":[{\"@type\":\"SearchAction\",\"target\":{\"@type\":\"EntryPoint\",\"urlTemplate\":\"https:\/\/now-news.de\/de\/?s={search_term_string}\"},\"query-input\":\"required name=search_term_string\"}],\"inLanguage\":\"de\"},{\"@type\":\"Organization\",\"@id\":\"https:\/\/now-news.de\/de\/#organization\",\"name\":\"Just Now News\",\"url\":\"https:\/\/now-news.de\/de\/\",\"logo\":{\"@type\":\"ImageObject\",\"inLanguage\":\"de\",\"@id\":\"https:\/\/now-news.de\/de\/#\/schema\/logo\/image\/\",\"url\":\"http:\/\/just-now.news\/de\/wp-content\/uploads\/sites\/3\/2022\/04\/logo500x500.jpg\",\"contentUrl\":\"http:\/\/just-now.news\/de\/wp-content\/uploads\/sites\/3\/2022\/04\/logo500x500.jpg\",\"width\":500,\"height\":500,\"caption\":\"Just Now News\"},\"image\":{\"@id\":\"https:\/\/now-news.de\/de\/#\/schema\/logo\/image\/\"},\"sameAs\":[\"https:\/\/www.facebook.com\/wirmachenauf\",\"https:\/\/x.com\/WirMachenAuf_de\"]},{\"@type\":\"Person\",\"@id\":\"https:\/\/now-news.de\/de\/#\/schema\/person\/fb534a4e865501d8b3285208df34a9b5\",\"name\":\"rtnews\",\"image\":{\"@type\":\"ImageObject\",\"inLanguage\":\"de\",\"@id\":\"https:\/\/now-news.de\/de\/#\/schema\/person\/image\/\",\"url\":\"https:\/\/secure.gravatar.com\/avatar\/82aafea7d8127119dd649515f56e2117?s=96&d=mm&r=g\",\"contentUrl\":\"https:\/\/secure.gravatar.com\/avatar\/82aafea7d8127119dd649515f56e2117?s=96&d=mm&r=g\",\"caption\":\"rtnews\"},\"url\":\"https:\/\/now-news.de\/de\/author\/rnews\/\"}]}<\/script>\n<!-- \/ Yoast SEO Premium plugin. -->","yoast_head_json":{"title":"Trumps Druck auf Kuba w\u00e4chst \u2013 die Lage spitzt sich zu - just-now.NEWS Deutschland","robots":{"index":"index","follow":"follow","max-snippet":"max-snippet:-1","max-image-preview":"max-image-preview:large","max-video-preview":"max-video-preview:-1"},"canonical":"https:\/\/now-news.de\/de\/deutschland\/trumps-druck-auf-kuba-waechst-die-lage-spitzt-sich-zu\/","og_locale":"de_DE","og_type":"article","og_title":"Trumps Druck auf Kuba w\u00e4chst \u2013 die Lage spitzt sich zu","og_description":"Wird Kuba zum Schlachtfeld des n\u00e4chsten v\u00f6lkerrechtswidrigen US-Angriffskriegs? Entsprechende Vorbereitungen hat das Wei\u00dfe Haus bereits befohlen. Hinter den Kulissen laufen milit\u00e4rische Planungen, w\u00e4hrend Sanktionen und Blockade den Druck erh\u00f6hen. International w\u00e4chst die Kritik an Washingtons Kurs. Von\u00a0Rainer Rupp Fast drei Monate sind vergangen, seit US-Pr\u00e4sident Donald Trump die US-Marine angewiesen hat, die Schifffahrt zu und [&hellip;]","og_url":"https:\/\/now-news.de\/de\/deutschland\/trumps-druck-auf-kuba-waechst-die-lage-spitzt-sich-zu\/","og_site_name":"just-now.NEWS Deutschland","article_publisher":"https:\/\/www.facebook.com\/wirmachenauf","article_published_time":"2026-04-25T16:09:41+00:00","og_image":[{"url":"https:\/\/now-news.de\/de\/wp-content\/uploads\/sites\/3\/2026\/04\/69ecb39a48fbef755f20610f.jpg"}],"author":"rtnews","twitter_card":"summary_large_image","twitter_creator":"@WirMachenAuf_de","twitter_site":"@WirMachenAuf_de","twitter_misc":{"Verfasst von":"rtnews","Gesch\u00e4tzte Lesezeit":"8\u00a0Minuten"},"schema":{"@context":"https:\/\/schema.org","@graph":[{"@type":"Article","@id":"https:\/\/now-news.de\/de\/deutschland\/trumps-druck-auf-kuba-waechst-die-lage-spitzt-sich-zu\/#article","isPartOf":{"@id":"https:\/\/now-news.de\/de\/deutschland\/trumps-druck-auf-kuba-waechst-die-lage-spitzt-sich-zu\/"},"author":{"name":"rtnews","@id":"https:\/\/now-news.de\/de\/#\/schema\/person\/fb534a4e865501d8b3285208df34a9b5"},"headline":"Trumps Druck auf Kuba w\u00e4chst \u2013 die Lage spitzt sich zu","datePublished":"2026-04-25T16:09:41+00:00","dateModified":"2026-04-25T16:09:41+00:00","mainEntityOfPage":{"@id":"https:\/\/now-news.de\/de\/deutschland\/trumps-druck-auf-kuba-waechst-die-lage-spitzt-sich-zu\/"},"wordCount":1596,"commentCount":0,"publisher":{"@id":"https:\/\/now-news.de\/de\/#organization"},"image":{"@id":"https:\/\/now-news.de\/de\/deutschland\/trumps-druck-auf-kuba-waechst-die-lage-spitzt-sich-zu\/#primaryimage"},"thumbnailUrl":"https:\/\/now-news.de\/de\/wp-content\/uploads\/sites\/3\/Trumps-Druck-auf-Kuba-waechst-\u2013-die-Lage-spitzt-sich.jpg","keywords":["AUF","die","Druck","Kuba","Lage","sich","spitzt","Trumps","w\u00e4chst"],"articleSection":["Deutschland","Russland"],"inLanguage":"de","potentialAction":[{"@type":"CommentAction","name":"Comment","target":["https:\/\/now-news.de\/de\/deutschland\/trumps-druck-auf-kuba-waechst-die-lage-spitzt-sich-zu\/#respond"]}]},{"@type":"WebPage","@id":"https:\/\/now-news.de\/de\/deutschland\/trumps-druck-auf-kuba-waechst-die-lage-spitzt-sich-zu\/","url":"https:\/\/now-news.de\/de\/deutschland\/trumps-druck-auf-kuba-waechst-die-lage-spitzt-sich-zu\/","name":"Trumps Druck auf Kuba w\u00e4chst \u2013 die Lage spitzt sich zu - just-now.NEWS Deutschland","isPartOf":{"@id":"https:\/\/now-news.de\/de\/#website"},"primaryImageOfPage":{"@id":"https:\/\/now-news.de\/de\/deutschland\/trumps-druck-auf-kuba-waechst-die-lage-spitzt-sich-zu\/#primaryimage"},"image":{"@id":"https:\/\/now-news.de\/de\/deutschland\/trumps-druck-auf-kuba-waechst-die-lage-spitzt-sich-zu\/#primaryimage"},"thumbnailUrl":"https:\/\/now-news.de\/de\/wp-content\/uploads\/sites\/3\/Trumps-Druck-auf-Kuba-waechst-\u2013-die-Lage-spitzt-sich.jpg","datePublished":"2026-04-25T16:09:41+00:00","dateModified":"2026-04-25T16:09:41+00:00","breadcrumb":{"@id":"https:\/\/now-news.de\/de\/deutschland\/trumps-druck-auf-kuba-waechst-die-lage-spitzt-sich-zu\/#breadcrumb"},"inLanguage":"de","potentialAction":[{"@type":"ReadAction","target":["https:\/\/now-news.de\/de\/deutschland\/trumps-druck-auf-kuba-waechst-die-lage-spitzt-sich-zu\/"]}]},{"@type":"ImageObject","inLanguage":"de","@id":"https:\/\/now-news.de\/de\/deutschland\/trumps-druck-auf-kuba-waechst-die-lage-spitzt-sich-zu\/#primaryimage","url":"https:\/\/now-news.de\/de\/wp-content\/uploads\/sites\/3\/Trumps-Druck-auf-Kuba-waechst-\u2013-die-Lage-spitzt-sich.jpg","contentUrl":"https:\/\/now-news.de\/de\/wp-content\/uploads\/sites\/3\/Trumps-Druck-auf-Kuba-waechst-\u2013-die-Lage-spitzt-sich.jpg","caption":"Trumps Druck auf Kuba w\u00e4chst \u2013 die Lage spitzt sich zu"},{"@type":"BreadcrumbList","@id":"https:\/\/now-news.de\/de\/deutschland\/trumps-druck-auf-kuba-waechst-die-lage-spitzt-sich-zu\/#breadcrumb","itemListElement":[{"@type":"ListItem","position":1,"name":"Home","item":"https:\/\/now-news.de\/de\/"},{"@type":"ListItem","position":2,"name":"Trumps Druck auf Kuba w\u00e4chst \u2013 die Lage spitzt sich zu"}]},{"@type":"WebSite","@id":"https:\/\/now-news.de\/de\/#website","url":"https:\/\/now-news.de\/de\/","name":"just-now.NEWS Deutschland","description":"Das Portal f\u00fcr unzensierte Nachrichten aus der Welt","publisher":{"@id":"https:\/\/now-news.de\/de\/#organization"},"potentialAction":[{"@type":"SearchAction","target":{"@type":"EntryPoint","urlTemplate":"https:\/\/now-news.de\/de\/?s={search_term_string}"},"query-input":"required name=search_term_string"}],"inLanguage":"de"},{"@type":"Organization","@id":"https:\/\/now-news.de\/de\/#organization","name":"Just Now News","url":"https:\/\/now-news.de\/de\/","logo":{"@type":"ImageObject","inLanguage":"de","@id":"https:\/\/now-news.de\/de\/#\/schema\/logo\/image\/","url":"http:\/\/just-now.news\/de\/wp-content\/uploads\/sites\/3\/2022\/04\/logo500x500.jpg","contentUrl":"http:\/\/just-now.news\/de\/wp-content\/uploads\/sites\/3\/2022\/04\/logo500x500.jpg","width":500,"height":500,"caption":"Just Now News"},"image":{"@id":"https:\/\/now-news.de\/de\/#\/schema\/logo\/image\/"},"sameAs":["https:\/\/www.facebook.com\/wirmachenauf","https:\/\/x.com\/WirMachenAuf_de"]},{"@type":"Person","@id":"https:\/\/now-news.de\/de\/#\/schema\/person\/fb534a4e865501d8b3285208df34a9b5","name":"rtnews","image":{"@type":"ImageObject","inLanguage":"de","@id":"https:\/\/now-news.de\/de\/#\/schema\/person\/image\/","url":"https:\/\/secure.gravatar.com\/avatar\/82aafea7d8127119dd649515f56e2117?s=96&d=mm&r=g","contentUrl":"https:\/\/secure.gravatar.com\/avatar\/82aafea7d8127119dd649515f56e2117?s=96&d=mm&r=g","caption":"rtnews"},"url":"https:\/\/now-news.de\/de\/author\/rnews\/"}]}},"_links":{"self":[{"href":"https:\/\/now-news.de\/de\/wp-json\/wp\/v2\/posts\/102287"}],"collection":[{"href":"https:\/\/now-news.de\/de\/wp-json\/wp\/v2\/posts"}],"about":[{"href":"https:\/\/now-news.de\/de\/wp-json\/wp\/v2\/types\/post"}],"author":[{"embeddable":true,"href":"https:\/\/now-news.de\/de\/wp-json\/wp\/v2\/users\/3"}],"replies":[{"embeddable":true,"href":"https:\/\/now-news.de\/de\/wp-json\/wp\/v2\/comments?post=102287"}],"version-history":[{"count":0,"href":"https:\/\/now-news.de\/de\/wp-json\/wp\/v2\/posts\/102287\/revisions"}],"wp:featuredmedia":[{"embeddable":true,"href":"https:\/\/now-news.de\/de\/wp-json\/wp\/v2\/media\/102288"}],"wp:attachment":[{"href":"https:\/\/now-news.de\/de\/wp-json\/wp\/v2\/media?parent=102287"}],"wp:term":[{"taxonomy":"category","embeddable":true,"href":"https:\/\/now-news.de\/de\/wp-json\/wp\/v2\/categories?post=102287"},{"taxonomy":"post_tag","embeddable":true,"href":"https:\/\/now-news.de\/de\/wp-json\/wp\/v2\/tags?post=102287"}],"curies":[{"name":"wp","href":"https:\/\/api.w.org\/{rel}","templated":true}]}}