{"id":102281,"date":"2026-04-25T16:25:24","date_gmt":"2026-04-25T14:25:24","guid":{"rendered":"https:\/\/now-news.de\/de\/deutschland\/kaempfe-in-mali-wiederaufgeflammt\/"},"modified":"2026-04-25T16:25:24","modified_gmt":"2026-04-25T14:25:24","slug":"kaempfe-in-mali-wiederaufgeflammt","status":"publish","type":"post","link":"https:\/\/now-news.de\/de\/deutschland\/kaempfe-in-mali-wiederaufgeflammt\/","title":{"rendered":"K\u00e4mpfe in Mali wiederaufgeflammt"},"content":{"rendered":"<p><img decoding=\"async\" src=\"https:\/\/now-news.de\/de\/wp-content\/uploads\/sites\/3\/2026\/04\/69ecb4ccb480cc7e7e2829dd.jpg\" \/><\/p>\n<div class=\"Text-root Text-type_1 \">\n                Das westafrikanische Land Mali kommt nicht zur Ruhe. Heute Morgen ver\u00fcbten bewaffnete K\u00e4mpfer im ganzen Land Angriffe, auch in der Hauptstadt Bamako. Die Lage ist weiterhin angespannt, die Situation offenbar noch nicht ganz unter Kontrolle.\n            <\/div>\n<p><\/p>\n<div class=\"Text-root Text-type_5 ArticleView-text ViewText-root \">\n<p>Der Morgen begann unruhig in Mali: Wie die malischen Streitkr\u00e4fte auf ihrer Webseite <a rel=\"nofollow noopener\" target=\"_blank\" href=\"https:\/\/www.fama.ml\/etat-major-general-des-armees\/etat-major-de-larmee-de-lair#\">mitteilten<\/a>, hatten noch nicht identifizierte terroristische Gruppen das Feuer auf Kasernen und andere Ziele er\u00f6ffnet. Die K\u00e4mpfe w\u00fcrden andauern, man rufe die Bev\u00f6lkerung zur Ruhe auf. In einem sp\u00e4teren Communiqu\u00e9 hie\u00df es, die Armee habe mehrere Terroristen get\u00f6tet (&#8220;neutralisiert&#8221;), die Situation sei unter Kontrolle. Die K\u00e4mpfe dauern jedoch offenbar an. Es bleibt unklar, inwieweit es dem Milit\u00e4r gelungen ist, die von den bewaffneten Gruppen eingenommenen Stellungen zur\u00fcckzuerobern.<\/p>\n<p>Medienberichten zufolge haben die Angreifer zeitgleich die Hauptstadt Bamako und andere Orte im ganzen Land attackiert. So waren um 6 Uhr morgens Ortszeit in Kati, einem Vorort von Bamako, Sch\u00fcsse und Explosionen zu vernehmen. In Kati liegen ein wichtiger Milit\u00e4rst\u00fctzpunkt und der Wohnsitz des \u00dcbergangspr\u00e4sidenten, General Assimi Go\u00efta. Auch aus den St\u00e4dten S\u00e9var\u00e9, Kidal und Gao berichten Zeugen \u00e4hnliche Vorf\u00e4lle. Au\u00dferdem sind am internationalen Flughafen Modibo Ke\u00efta Gefechte zu h\u00f6ren. Andere Medienberichte sprechen von Panik unter dem malischen Milit\u00e4r.<\/p>\n<p>Seit Jahren ist die Lage in Mali von K\u00e4mpfen zwischen der Zentralregierung und Tuareg-Rebellen sowie islamistischen Militanten gepr\u00e4gt. Dabei sucht die malische Regierung auch Hilfe aus dem Ausland. So waren in Mali ab 2021 Truppen der\u00a0Gruppe Wagner stationiert, ab 2024 \u00fcbernahm das russische Afrikakorps die Aufgabe, zusammen mit Regierungstruppen den Frieden in Mali zu sichern. Zuvor war die Bundeswehr im Rahmen der MINUSMA-Blauhelm-Mission zehn Jahre dort engagiert, von 2013 bis 2023.<\/p>\n<p>Was die jetzige Lage besonders brisant macht: Medienberichten zufolge soll es sich bei den heutigen Angriffen um eine Gemeinschaftsaktion der Azawad-Befreiungsfront FLA (Front de Lib\u00e9ration de l&#8217;Azawad) und der dschihadistischen Dschama&#8217;at Nusrat al-Islam wa-l-Muslimin\u00a0(JNIM) handeln, die sich auf Al-Qaida beruft und auch in Teilen der malischen Nachbarstaaten Niger und Burkina Faso agiert.<\/p>\n<p>Bereits im vergangenen Jahr gab es Berichte \u00fcber ein B\u00fcndnis beider Gruppen, trotz der zwischen ihnen existierenden ideologischen Unterschiede. Die Entwicklung der letzten Jahre f\u00fchrte auch zu einer bisher nicht gekannten Intensivierung des Drohnenkriegs in der Sahelzone.<\/p>\n<p><strong>Mehr zum Thema<\/strong>\u00a0\u2012 <a rel=\"nofollow noopener\" target=\"_blank\" href=\"https:\/\/freedert.online\/afrika\/215540-medienbericht-islamisten-setzen-ukrainische-drohnen-in-mali-ein\/\">Medienbericht: Islamisten setzen ukrainische Drohnen in Mali ein<\/a><\/p>\n<div class=\"EmbedBlock-root EmbedBlock-externalVideo EmbedBlock-rumble\">\n<div class=\"VkEmbed\"><iframe class=\"lazyload\" data-src=\"https:\/\/rumble.com\/embed\/v76oah8\" frameborder=\"0\" width=\"853\" height=\"480\" allowfullscreen><\/iframe><\/div>\n<\/div>\n<\/div>\n<p><br \/>\n<br \/><a href=\"https:\/\/de.rt.com\/afrika\/278187-kaempfe-in-mali-wiederaufgeflammt\/\">Source link <\/a><\/p>\n","protected":false},"excerpt":{"rendered":"<p>Das westafrikanische Land Mali kommt nicht zur Ruhe. Heute Morgen ver\u00fcbten bewaffnete K\u00e4mpfer im ganzen Land Angriffe, auch in der Hauptstadt Bamako. Die Lage ist weiterhin angespannt, die Situation offenbar noch nicht ganz unter Kontrolle. Der Morgen begann unruhig in Mali: Wie die malischen Streitkr\u00e4fte auf ihrer Webseite mitteilten, hatten noch nicht identifizierte terroristische Gruppen [&hellip;]<\/p>\n","protected":false},"author":3,"featured_media":102282,"comment_status":"open","ping_status":"open","sticky":false,"template":"","format":"standard","meta":{"_yoast_indexnow_last_ping":["1777128013"],"wp_automatic_camp":["217"],"407bc4f9595e38cf56d79a285ac56d52":["K\u00e4mpfe in Mali wiederaufgeflammt"],"original_link":["https:\/\/de.rt.com\/afrika\/278187-kaempfe-in-mali-wiederaufgeflammt\/"],"_thumbnail_id":["102282"],"_wptgpro_p2tg_sent2tg":["a:1:{i:23737;s:19:\"2026-04-25 16:41:16\";}"],"jnews_social_counter_last_update":["1777618814"]},"categories":[19,23],"tags":[4692,17736,72625],"yoast_head":"<!-- This site is optimized with the Yoast SEO Premium plugin v22.7 (Yoast SEO v22.7) - https:\/\/yoast.com\/wordpress\/plugins\/seo\/ -->\n<title>K\u00e4mpfe in Mali wiederaufgeflammt - just-now.NEWS Deutschland<\/title>\n<meta name=\"robots\" content=\"index, follow, max-snippet:-1, max-image-preview:large, max-video-preview:-1\" \/>\n<link rel=\"canonical\" href=\"https:\/\/now-news.de\/de\/deutschland\/kaempfe-in-mali-wiederaufgeflammt\/\" \/>\n<meta property=\"og:locale\" content=\"de_DE\" \/>\n<meta property=\"og:type\" content=\"article\" \/>\n<meta property=\"og:title\" content=\"K\u00e4mpfe in Mali wiederaufgeflammt\" \/>\n<meta property=\"og:description\" content=\"Das westafrikanische Land Mali kommt nicht zur Ruhe. Heute Morgen ver\u00fcbten bewaffnete K\u00e4mpfer im ganzen Land Angriffe, auch in der Hauptstadt Bamako. Die Lage ist weiterhin angespannt, die Situation offenbar noch nicht ganz unter Kontrolle. Der Morgen begann unruhig in Mali: Wie die malischen Streitkr\u00e4fte auf ihrer Webseite mitteilten, hatten noch nicht identifizierte terroristische Gruppen [&hellip;]\" \/>\n<meta property=\"og:url\" content=\"https:\/\/now-news.de\/de\/deutschland\/kaempfe-in-mali-wiederaufgeflammt\/\" \/>\n<meta property=\"og:site_name\" content=\"just-now.NEWS Deutschland\" \/>\n<meta property=\"article:publisher\" content=\"https:\/\/www.facebook.com\/wirmachenauf\" \/>\n<meta property=\"article:published_time\" content=\"2026-04-25T14:25:24+00:00\" \/>\n<meta property=\"og:image\" content=\"https:\/\/now-news.de\/de\/wp-content\/uploads\/sites\/3\/2026\/04\/69ecb4ccb480cc7e7e2829dd.jpg\" \/>\n<meta name=\"author\" content=\"rtnews\" \/>\n<meta name=\"twitter:card\" content=\"summary_large_image\" \/>\n<meta name=\"twitter:creator\" content=\"@WirMachenAuf_de\" \/>\n<meta name=\"twitter:site\" content=\"@WirMachenAuf_de\" \/>\n<meta name=\"twitter:label1\" content=\"Verfasst von\" \/>\n\t<meta name=\"twitter:data1\" content=\"rtnews\" \/>\n\t<meta name=\"twitter:label2\" content=\"Gesch\u00e4tzte Lesezeit\" \/>\n\t<meta name=\"twitter:data2\" content=\"2\u00a0Minuten\" \/>\n<script type=\"application\/ld+json\" class=\"yoast-schema-graph\">{\"@context\":\"https:\/\/schema.org\",\"@graph\":[{\"@type\":\"Article\",\"@id\":\"https:\/\/now-news.de\/de\/deutschland\/kaempfe-in-mali-wiederaufgeflammt\/#article\",\"isPartOf\":{\"@id\":\"https:\/\/now-news.de\/de\/deutschland\/kaempfe-in-mali-wiederaufgeflammt\/\"},\"author\":{\"name\":\"rtnews\",\"@id\":\"https:\/\/now-news.de\/de\/#\/schema\/person\/fb534a4e865501d8b3285208df34a9b5\"},\"headline\":\"K\u00e4mpfe in Mali wiederaufgeflammt\",\"datePublished\":\"2026-04-25T14:25:24+00:00\",\"dateModified\":\"2026-04-25T14:25:24+00:00\",\"mainEntityOfPage\":{\"@id\":\"https:\/\/now-news.de\/de\/deutschland\/kaempfe-in-mali-wiederaufgeflammt\/\"},\"wordCount\":401,\"commentCount\":0,\"publisher\":{\"@id\":\"https:\/\/now-news.de\/de\/#organization\"},\"image\":{\"@id\":\"https:\/\/now-news.de\/de\/deutschland\/kaempfe-in-mali-wiederaufgeflammt\/#primaryimage\"},\"thumbnailUrl\":\"https:\/\/now-news.de\/de\/wp-content\/uploads\/sites\/3\/Kaempfe-in-Mali-wiederaufgeflammt.jpg\",\"keywords\":[\"K\u00e4mpfe\",\"Mali\",\"wiederaufgeflammt\"],\"articleSection\":[\"Deutschland\",\"Russland\"],\"inLanguage\":\"de\",\"potentialAction\":[{\"@type\":\"CommentAction\",\"name\":\"Comment\",\"target\":[\"https:\/\/now-news.de\/de\/deutschland\/kaempfe-in-mali-wiederaufgeflammt\/#respond\"]}]},{\"@type\":\"WebPage\",\"@id\":\"https:\/\/now-news.de\/de\/deutschland\/kaempfe-in-mali-wiederaufgeflammt\/\",\"url\":\"https:\/\/now-news.de\/de\/deutschland\/kaempfe-in-mali-wiederaufgeflammt\/\",\"name\":\"K\u00e4mpfe in Mali wiederaufgeflammt - just-now.NEWS Deutschland\",\"isPartOf\":{\"@id\":\"https:\/\/now-news.de\/de\/#website\"},\"primaryImageOfPage\":{\"@id\":\"https:\/\/now-news.de\/de\/deutschland\/kaempfe-in-mali-wiederaufgeflammt\/#primaryimage\"},\"image\":{\"@id\":\"https:\/\/now-news.de\/de\/deutschland\/kaempfe-in-mali-wiederaufgeflammt\/#primaryimage\"},\"thumbnailUrl\":\"https:\/\/now-news.de\/de\/wp-content\/uploads\/sites\/3\/Kaempfe-in-Mali-wiederaufgeflammt.jpg\",\"datePublished\":\"2026-04-25T14:25:24+00:00\",\"dateModified\":\"2026-04-25T14:25:24+00:00\",\"breadcrumb\":{\"@id\":\"https:\/\/now-news.de\/de\/deutschland\/kaempfe-in-mali-wiederaufgeflammt\/#breadcrumb\"},\"inLanguage\":\"de\",\"potentialAction\":[{\"@type\":\"ReadAction\",\"target\":[\"https:\/\/now-news.de\/de\/deutschland\/kaempfe-in-mali-wiederaufgeflammt\/\"]}]},{\"@type\":\"ImageObject\",\"inLanguage\":\"de\",\"@id\":\"https:\/\/now-news.de\/de\/deutschland\/kaempfe-in-mali-wiederaufgeflammt\/#primaryimage\",\"url\":\"https:\/\/now-news.de\/de\/wp-content\/uploads\/sites\/3\/Kaempfe-in-Mali-wiederaufgeflammt.jpg\",\"contentUrl\":\"https:\/\/now-news.de\/de\/wp-content\/uploads\/sites\/3\/Kaempfe-in-Mali-wiederaufgeflammt.jpg\",\"caption\":\"K\u00e4mpfe in Mali wiederaufgeflammt\"},{\"@type\":\"BreadcrumbList\",\"@id\":\"https:\/\/now-news.de\/de\/deutschland\/kaempfe-in-mali-wiederaufgeflammt\/#breadcrumb\",\"itemListElement\":[{\"@type\":\"ListItem\",\"position\":1,\"name\":\"Home\",\"item\":\"https:\/\/now-news.de\/de\/\"},{\"@type\":\"ListItem\",\"position\":2,\"name\":\"K\u00e4mpfe in Mali wiederaufgeflammt\"}]},{\"@type\":\"WebSite\",\"@id\":\"https:\/\/now-news.de\/de\/#website\",\"url\":\"https:\/\/now-news.de\/de\/\",\"name\":\"just-now.NEWS Deutschland\",\"description\":\"Das Portal f\u00fcr unzensierte Nachrichten aus der Welt\",\"publisher\":{\"@id\":\"https:\/\/now-news.de\/de\/#organization\"},\"potentialAction\":[{\"@type\":\"SearchAction\",\"target\":{\"@type\":\"EntryPoint\",\"urlTemplate\":\"https:\/\/now-news.de\/de\/?s={search_term_string}\"},\"query-input\":\"required name=search_term_string\"}],\"inLanguage\":\"de\"},{\"@type\":\"Organization\",\"@id\":\"https:\/\/now-news.de\/de\/#organization\",\"name\":\"Just Now News\",\"url\":\"https:\/\/now-news.de\/de\/\",\"logo\":{\"@type\":\"ImageObject\",\"inLanguage\":\"de\",\"@id\":\"https:\/\/now-news.de\/de\/#\/schema\/logo\/image\/\",\"url\":\"http:\/\/just-now.news\/de\/wp-content\/uploads\/sites\/3\/2022\/04\/logo500x500.jpg\",\"contentUrl\":\"http:\/\/just-now.news\/de\/wp-content\/uploads\/sites\/3\/2022\/04\/logo500x500.jpg\",\"width\":500,\"height\":500,\"caption\":\"Just Now News\"},\"image\":{\"@id\":\"https:\/\/now-news.de\/de\/#\/schema\/logo\/image\/\"},\"sameAs\":[\"https:\/\/www.facebook.com\/wirmachenauf\",\"https:\/\/x.com\/WirMachenAuf_de\"]},{\"@type\":\"Person\",\"@id\":\"https:\/\/now-news.de\/de\/#\/schema\/person\/fb534a4e865501d8b3285208df34a9b5\",\"name\":\"rtnews\",\"image\":{\"@type\":\"ImageObject\",\"inLanguage\":\"de\",\"@id\":\"https:\/\/now-news.de\/de\/#\/schema\/person\/image\/\",\"url\":\"https:\/\/secure.gravatar.com\/avatar\/82aafea7d8127119dd649515f56e2117?s=96&d=mm&r=g\",\"contentUrl\":\"https:\/\/secure.gravatar.com\/avatar\/82aafea7d8127119dd649515f56e2117?s=96&d=mm&r=g\",\"caption\":\"rtnews\"},\"url\":\"https:\/\/now-news.de\/de\/author\/rnews\/\"}]}<\/script>\n<!-- \/ Yoast SEO Premium plugin. -->","yoast_head_json":{"title":"K\u00e4mpfe in Mali wiederaufgeflammt - just-now.NEWS Deutschland","robots":{"index":"index","follow":"follow","max-snippet":"max-snippet:-1","max-image-preview":"max-image-preview:large","max-video-preview":"max-video-preview:-1"},"canonical":"https:\/\/now-news.de\/de\/deutschland\/kaempfe-in-mali-wiederaufgeflammt\/","og_locale":"de_DE","og_type":"article","og_title":"K\u00e4mpfe in Mali wiederaufgeflammt","og_description":"Das westafrikanische Land Mali kommt nicht zur Ruhe. Heute Morgen ver\u00fcbten bewaffnete K\u00e4mpfer im ganzen Land Angriffe, auch in der Hauptstadt Bamako. Die Lage ist weiterhin angespannt, die Situation offenbar noch nicht ganz unter Kontrolle. Der Morgen begann unruhig in Mali: Wie die malischen Streitkr\u00e4fte auf ihrer Webseite mitteilten, hatten noch nicht identifizierte terroristische Gruppen [&hellip;]","og_url":"https:\/\/now-news.de\/de\/deutschland\/kaempfe-in-mali-wiederaufgeflammt\/","og_site_name":"just-now.NEWS Deutschland","article_publisher":"https:\/\/www.facebook.com\/wirmachenauf","article_published_time":"2026-04-25T14:25:24+00:00","og_image":[{"url":"https:\/\/now-news.de\/de\/wp-content\/uploads\/sites\/3\/2026\/04\/69ecb4ccb480cc7e7e2829dd.jpg"}],"author":"rtnews","twitter_card":"summary_large_image","twitter_creator":"@WirMachenAuf_de","twitter_site":"@WirMachenAuf_de","twitter_misc":{"Verfasst von":"rtnews","Gesch\u00e4tzte Lesezeit":"2\u00a0Minuten"},"schema":{"@context":"https:\/\/schema.org","@graph":[{"@type":"Article","@id":"https:\/\/now-news.de\/de\/deutschland\/kaempfe-in-mali-wiederaufgeflammt\/#article","isPartOf":{"@id":"https:\/\/now-news.de\/de\/deutschland\/kaempfe-in-mali-wiederaufgeflammt\/"},"author":{"name":"rtnews","@id":"https:\/\/now-news.de\/de\/#\/schema\/person\/fb534a4e865501d8b3285208df34a9b5"},"headline":"K\u00e4mpfe in Mali wiederaufgeflammt","datePublished":"2026-04-25T14:25:24+00:00","dateModified":"2026-04-25T14:25:24+00:00","mainEntityOfPage":{"@id":"https:\/\/now-news.de\/de\/deutschland\/kaempfe-in-mali-wiederaufgeflammt\/"},"wordCount":401,"commentCount":0,"publisher":{"@id":"https:\/\/now-news.de\/de\/#organization"},"image":{"@id":"https:\/\/now-news.de\/de\/deutschland\/kaempfe-in-mali-wiederaufgeflammt\/#primaryimage"},"thumbnailUrl":"https:\/\/now-news.de\/de\/wp-content\/uploads\/sites\/3\/Kaempfe-in-Mali-wiederaufgeflammt.jpg","keywords":["K\u00e4mpfe","Mali","wiederaufgeflammt"],"articleSection":["Deutschland","Russland"],"inLanguage":"de","potentialAction":[{"@type":"CommentAction","name":"Comment","target":["https:\/\/now-news.de\/de\/deutschland\/kaempfe-in-mali-wiederaufgeflammt\/#respond"]}]},{"@type":"WebPage","@id":"https:\/\/now-news.de\/de\/deutschland\/kaempfe-in-mali-wiederaufgeflammt\/","url":"https:\/\/now-news.de\/de\/deutschland\/kaempfe-in-mali-wiederaufgeflammt\/","name":"K\u00e4mpfe in Mali wiederaufgeflammt - just-now.NEWS Deutschland","isPartOf":{"@id":"https:\/\/now-news.de\/de\/#website"},"primaryImageOfPage":{"@id":"https:\/\/now-news.de\/de\/deutschland\/kaempfe-in-mali-wiederaufgeflammt\/#primaryimage"},"image":{"@id":"https:\/\/now-news.de\/de\/deutschland\/kaempfe-in-mali-wiederaufgeflammt\/#primaryimage"},"thumbnailUrl":"https:\/\/now-news.de\/de\/wp-content\/uploads\/sites\/3\/Kaempfe-in-Mali-wiederaufgeflammt.jpg","datePublished":"2026-04-25T14:25:24+00:00","dateModified":"2026-04-25T14:25:24+00:00","breadcrumb":{"@id":"https:\/\/now-news.de\/de\/deutschland\/kaempfe-in-mali-wiederaufgeflammt\/#breadcrumb"},"inLanguage":"de","potentialAction":[{"@type":"ReadAction","target":["https:\/\/now-news.de\/de\/deutschland\/kaempfe-in-mali-wiederaufgeflammt\/"]}]},{"@type":"ImageObject","inLanguage":"de","@id":"https:\/\/now-news.de\/de\/deutschland\/kaempfe-in-mali-wiederaufgeflammt\/#primaryimage","url":"https:\/\/now-news.de\/de\/wp-content\/uploads\/sites\/3\/Kaempfe-in-Mali-wiederaufgeflammt.jpg","contentUrl":"https:\/\/now-news.de\/de\/wp-content\/uploads\/sites\/3\/Kaempfe-in-Mali-wiederaufgeflammt.jpg","caption":"K\u00e4mpfe in Mali wiederaufgeflammt"},{"@type":"BreadcrumbList","@id":"https:\/\/now-news.de\/de\/deutschland\/kaempfe-in-mali-wiederaufgeflammt\/#breadcrumb","itemListElement":[{"@type":"ListItem","position":1,"name":"Home","item":"https:\/\/now-news.de\/de\/"},{"@type":"ListItem","position":2,"name":"K\u00e4mpfe in Mali wiederaufgeflammt"}]},{"@type":"WebSite","@id":"https:\/\/now-news.de\/de\/#website","url":"https:\/\/now-news.de\/de\/","name":"just-now.NEWS Deutschland","description":"Das Portal f\u00fcr unzensierte Nachrichten aus der Welt","publisher":{"@id":"https:\/\/now-news.de\/de\/#organization"},"potentialAction":[{"@type":"SearchAction","target":{"@type":"EntryPoint","urlTemplate":"https:\/\/now-news.de\/de\/?s={search_term_string}"},"query-input":"required name=search_term_string"}],"inLanguage":"de"},{"@type":"Organization","@id":"https:\/\/now-news.de\/de\/#organization","name":"Just Now News","url":"https:\/\/now-news.de\/de\/","logo":{"@type":"ImageObject","inLanguage":"de","@id":"https:\/\/now-news.de\/de\/#\/schema\/logo\/image\/","url":"http:\/\/just-now.news\/de\/wp-content\/uploads\/sites\/3\/2022\/04\/logo500x500.jpg","contentUrl":"http:\/\/just-now.news\/de\/wp-content\/uploads\/sites\/3\/2022\/04\/logo500x500.jpg","width":500,"height":500,"caption":"Just Now News"},"image":{"@id":"https:\/\/now-news.de\/de\/#\/schema\/logo\/image\/"},"sameAs":["https:\/\/www.facebook.com\/wirmachenauf","https:\/\/x.com\/WirMachenAuf_de"]},{"@type":"Person","@id":"https:\/\/now-news.de\/de\/#\/schema\/person\/fb534a4e865501d8b3285208df34a9b5","name":"rtnews","image":{"@type":"ImageObject","inLanguage":"de","@id":"https:\/\/now-news.de\/de\/#\/schema\/person\/image\/","url":"https:\/\/secure.gravatar.com\/avatar\/82aafea7d8127119dd649515f56e2117?s=96&d=mm&r=g","contentUrl":"https:\/\/secure.gravatar.com\/avatar\/82aafea7d8127119dd649515f56e2117?s=96&d=mm&r=g","caption":"rtnews"},"url":"https:\/\/now-news.de\/de\/author\/rnews\/"}]}},"_links":{"self":[{"href":"https:\/\/now-news.de\/de\/wp-json\/wp\/v2\/posts\/102281"}],"collection":[{"href":"https:\/\/now-news.de\/de\/wp-json\/wp\/v2\/posts"}],"about":[{"href":"https:\/\/now-news.de\/de\/wp-json\/wp\/v2\/types\/post"}],"author":[{"embeddable":true,"href":"https:\/\/now-news.de\/de\/wp-json\/wp\/v2\/users\/3"}],"replies":[{"embeddable":true,"href":"https:\/\/now-news.de\/de\/wp-json\/wp\/v2\/comments?post=102281"}],"version-history":[{"count":0,"href":"https:\/\/now-news.de\/de\/wp-json\/wp\/v2\/posts\/102281\/revisions"}],"wp:featuredmedia":[{"embeddable":true,"href":"https:\/\/now-news.de\/de\/wp-json\/wp\/v2\/media\/102282"}],"wp:attachment":[{"href":"https:\/\/now-news.de\/de\/wp-json\/wp\/v2\/media?parent=102281"}],"wp:term":[{"taxonomy":"category","embeddable":true,"href":"https:\/\/now-news.de\/de\/wp-json\/wp\/v2\/categories?post=102281"},{"taxonomy":"post_tag","embeddable":true,"href":"https:\/\/now-news.de\/de\/wp-json\/wp\/v2\/tags?post=102281"}],"curies":[{"name":"wp","href":"https:\/\/api.w.org\/{rel}","templated":true}]}}