{"id":102279,"date":"2026-04-25T16:05:00","date_gmt":"2026-04-25T14:05:00","guid":{"rendered":"https:\/\/now-news.de\/de\/deutschland\/liveticker-iran-krieg-macron-bekraeftigt-ziel-der-wiedereroeffnung-der-strasse-von-hormus\/"},"modified":"2026-04-25T16:05:00","modified_gmt":"2026-04-25T14:05:00","slug":"liveticker-iran-krieg-macron-bekraeftigt-ziel-der-wiedereroeffnung-der-strasse-von-hormus","status":"publish","type":"post","link":"https:\/\/now-news.de\/de\/deutschland\/liveticker-iran-krieg-macron-bekraeftigt-ziel-der-wiedereroeffnung-der-strasse-von-hormus\/","title":{"rendered":"Liveticker Iran-Krieg \u2013 Macron bekr\u00e4ftigt Ziel der Wiederer\u00f6ffnung der Stra\u00dfe von Hormus"},"content":{"rendered":"<div class=\"Text-root Text-type_1 \">\n                Der Nahostkonflikt hat eine neue Stufe der Eskalation erreicht, seit die USA und Israel einen Angriffskrieg gegen Iran begonnen haben. Iran reagiert auf die Angriffe mit Raketenangriffen auf US-Milit\u00e4rbasen in der Region und auf Israel. Wir berichten \u00fcber die aktuellen Entwicklungen.\n            <\/div>\n<p><\/p>\n<div class=\"ArticleView-liveUpdates\">\n<div class=\"LiveUpdates-root\">\n<div class=\"LiveUpdates-content\">\n<ul class=\"LiveUpdates-list Listing-root\" data-listing=\"LiveUpdates\" data-count=\"10\">\n<li class=\"LiveUpdates-item Listing-item\">\n<div class=\"LiveUpdates-date\">\n<p class=\"HeaderNews-root HeaderNews-type_2 \">\n                25.04.2026 16:05 Uhr\n            <\/p>\n<\/div>\n<div class=\"LiveUpdate-root\">\n<div class=\"LiveUpdate-date\">\n<p class=\"HeaderNews-root HeaderNews-type_6 \">\n                16:05 Uhr\n            <\/p>\n<\/div>\n<div class=\"LiveUpdate-content\">\n<div class=\"LiveUpdate-text\">\n<div class=\"Text-root Text-type_5 ViewText-root\">\n<p><strong>Macron bekr\u00e4ftigt Ziel der Wiederer\u00f6ffnung der Stra\u00dfe von Hormus<\/strong>\u00a0<\/p>\n<p>Der franz\u00f6sische Pr\u00e4sident Emmanuel Macron hat bekr\u00e4ftigt, dass er sich auf die Bem\u00fchungen zur Wieder\u00f6ffnung der Stra\u00dfe von Hormus konzentriere. Er f\u00fcgte hinzu, dass ansonsten die durch geopolitische Unsicherheit ausgel\u00f6ste Panik zu Energieknappheit f\u00fchren wird.<\/p>\n<p>&#8220;Unser Ziel ist es, in den kommenden Tagen und Wochen eine vollst\u00e4ndige Wieder\u00f6ffnung im Einklang mit dem V\u00f6lkerrecht zu erreichen und die Freiheit der Schifffahrt ohne Mautgeb\u00fchren in der Stra\u00dfe von Hormus zu gew\u00e4hrleisten. Dann kann sich die Lage allm\u00e4hlich wieder normalisieren&#8221;, sagte Macron bei einer Pressekonferenz in Athen an der Seite des griechischen Premierministers Kyriakos Mitsotakis.<\/p>\n<p>Macrons \u00c4u\u00dferungen erfolgen einen Tag, nachdem der CEO des Energiekonzerns TotalEnergies vor globalen Energieknappheiten gewarnt hatte, sollte der Krieg mit dem Iran noch Monate andauern.<\/p>\n<p>&#8220;Wenn er noch zwei, drei Monate andauert, geraten wir in eine Welt der Energieknappheit, unter der die asiatischen L\u00e4nder bereits leiden&#8221;, sagte CEO Patrick Pouyann\u00e9 auf der World Policy Conference in Chantilly bei Paris. &#8220;Man kann nicht 20 Prozent des \u00d6ls und Gases der Welt blockieren und unzug\u00e4nglich machen, ohne dass dies schwerwiegende Folgen hat.&#8221;<\/p>\n<\/div>\n<\/div>\n<\/div>\n<\/div>\n<\/li>\n<li class=\"LiveUpdates-item Listing-item\">\n<div class=\"LiveUpdate-root\">\n<div class=\"LiveUpdate-date\">\n<p class=\"HeaderNews-root HeaderNews-type_6 \">\n                15:40 Uhr\n            <\/p>\n<\/div>\n<div class=\"LiveUpdate-content\">\n<div class=\"LiveUpdate-text\">\n<div class=\"Text-root Text-type_5 ViewText-root\">\n<p><strong>Raketenangriff aus dem S\u00fcdlibanon auf Israel<\/strong><\/p>\n<p>Die israelische Armee teilt mit, dass in den Gebieten &#8220;Menara, Margaliot und Misgav Am&#8221; Alarmsirenen ausgel\u00f6st wurden und dass die Einzelheiten derzeit gepr\u00fcft werden.\u00a0Israelischen Medien zufolge wurden drei Raketen aus Richtung S\u00fcdlibanon abgefeuert.<\/p>\n<\/div>\n<\/div>\n<\/div>\n<\/div>\n<\/li>\n<li class=\"LiveUpdates-item Listing-item\">\n<div class=\"LiveUpdate-root\">\n<div class=\"LiveUpdate-date\">\n<p class=\"HeaderNews-root HeaderNews-type_6 \">\n                14:25 Uhr\n            <\/p>\n<\/div>\n<div class=\"LiveUpdate-content\">\n<div class=\"LiveUpdate-text\">\n<div class=\"Text-root Text-type_5 ViewText-root\">\n<p><strong>Pistorius schickt Minenjagdboot &#8220;Fulda&#8221; vorsorglich ins Mittelmeer<\/strong><\/p>\n<p>Die Deutsche Marine verlegt das Minenjagdboot &#8220;Fulda&#8221; in den kommenden Tagen ins Mittelmeer, um sich auf einen m\u00f6glichen Einsatz in der\u00a0Stra\u00dfe von Hormus\u00a0nach einem eventuellen Ende des Iran-Kriegs vorzubereiten. Das best\u00e4tigte eine Sprecherin des Bundesverteidigungsministeriums am Sonnabend. Derzeit liegt das Schiff noch im Kieler Hafen.<\/p>\n<p>Verteidigungsminister\u00a0Boris Pistorius\u00a0(SPD) hatte den Schritt zuvor in der <em>Rheinischen Post<\/em> angek\u00fcndigt. &#8220;Wir werden einen Minensucher ins Mittelmeer verlegen und ihm ein F\u00fchrungs- und Versorgungsschiff zur Seite stellen&#8221;, sagte er. Ein tats\u00e4chlicher Einsatz in der Stra\u00dfe von Hormus sei jedoch nur m\u00f6glich, &#8220;wenn wir ein Mandat des Deutschen Bundestags haben&#8221;. Vorbereitungen sollten dennoch bereits jetzt getroffen werden.<\/p>\n<\/div>\n<\/div>\n<\/div>\n<\/div>\n<\/li>\n<li class=\"LiveUpdates-item Listing-item\">\n<div class=\"LiveUpdate-root\">\n<div class=\"LiveUpdate-date\">\n<p class=\"HeaderNews-root HeaderNews-type_6 \">\n                13:20 Uhr\n            <\/p>\n<\/div>\n<div class=\"LiveUpdate-content\">\n<div class=\"LiveUpdate-text\">\n<div class=\"Text-root Text-type_5 ViewText-root\">\n<p><strong>Israelische Streitkr\u00e4fte rei\u00dfen Geb\u00e4ude in Bint Dschubail im S\u00fcdlibanon ab<\/strong><\/p>\n<p>Die israelischen Streitkr\u00e4fte haben am Sonnabend ihre Angriffe auf den S\u00fcdlibanon fortgesetzt. Nach libanesischen Angaben waren erst am Freitag sechs Menschen bei Attacken durch die IDF get\u00f6tet worden. Zwei weitere Menschen seien im S\u00fcdlibanon verletzt worden, teilte das Gesundheitsministerium in Beirut mit.<\/p>\n<p>Laut <em>Al Jazeera Arabic<\/em> gibt es Berichte, wonach israelische Truppen Geb\u00e4ude in der Stadt Bint Dschubail gesprengt haben. Das Vorgehen erinnert an die Landnahme israelischer Siedler im pal\u00e4stinensischen Westjordanland.<\/p>\n<\/div>\n<\/div>\n<\/div>\n<\/div>\n<\/li>\n<li class=\"LiveUpdates-item Listing-item\">\n<div class=\"LiveUpdate-root\">\n<div class=\"LiveUpdate-date\">\n<p class=\"HeaderNews-root HeaderNews-type_6 \">\n                12:40 Uhr\n            <\/p>\n<\/div>\n<div class=\"LiveUpdate-content\">\n<div class=\"LiveUpdate-text\">\n<div class=\"Text-root Text-type_5 ViewText-root\">\n<p><strong>Pakistanische Vermittler sind &#8220;vorsichtig optimistisch&#8221; bei Dialog zwischen Iran und USA<\/strong><\/p>\n<p>Das Wei\u00dfe Haus teilt am Sonnabend mit, dass die US-Gesandten Steve Witkoff und Jared Kushner zu Gespr\u00e4chen mit Iran\u00a0nach Islamabad (Pakistan) reisen werden. Ein Sprecher des iranischen Au\u00dfenministeriums erkl\u00e4rte jedoch, dass &#8220;kein Treffen zwischen Iran und den USA geplant ist&#8221; und dass Teherans &#8220;Bemerkungen \u00fcber Pakistan \u00fcbermittelt werden&#8221;.<\/p>\n<p>Der Korrespondent von <em>Al Jazeera<\/em> in Islamabad berichtet, dass die pakistanischen Vermittler\u00a0nach der Ankunft des iranischen Au\u00dfenministers Abbas Araghtschi in der pakistanischen Hauptstadt im Rahmen einer dreit\u00e4gigen L\u00e4nderreise &#8220;vorsichtig optimistisch&#8221; hinsichtlich der Gespr\u00e4che zwischen Iran und den USA seien.<\/p>\n<\/div>\n<\/div>\n<\/div>\n<\/div>\n<\/li>\n<li class=\"LiveUpdates-item Listing-item\">\n<div class=\"LiveUpdates-date\">\n<p class=\"HeaderNews-root HeaderNews-type_2 \">\n                24.04.2026 21:30 Uhr\n            <\/p>\n<\/div>\n<div class=\"LiveUpdate-root\">\n<div class=\"LiveUpdate-date\">\n<p class=\"HeaderNews-root HeaderNews-type_6 \">\n                21:30 Uhr\n            <\/p>\n<\/div>\n<div class=\"LiveUpdate-content\">\n<div class=\"LiveUpdate-text\">\n<div class=\"Text-root Text-type_5 ViewText-root\">\n<p><strong>Iranischer Abgeordneter dementiert: Raketenst\u00e4dte bleiben intakt<\/strong><\/p>\n<p>Iran erkl\u00e4rt, seine unterirdische Raketeninfrastruktur sei intakt und vollst\u00e4ndig best\u00fcckt,\u00a0<a rel=\"nofollow noopener\" target=\"_blank\" href=\"https:\/\/english.almayadeen.net\/news\/politics\/iran-mp-says-missile-cities-intact--rejects-us-damage-claims\">berichtet<\/a> das Nachrichtenportal <em>Almayadeen <\/em>und weist damit die\u00a0Behauptungen des US-Kriegsministeriums \u00fcber schwere Sch\u00e4den auf der iranischen Seite zur\u00fcck. Zitiert wird ein hochrangiger iranischer Abgeordneter, der am Freitag erkl\u00e4rte, die unterirdische Raketeninfrastruktur des Landes sei weiterhin voll funktionsf\u00e4hig.<\/p>\n<p>Ali Khodrian, Mitglied des Nationalen Sicherheitsausschusses des iranischen Parlaments, sagte, die &#8220;Raketenst\u00e4dte&#8221; der Streitkr\u00e4fte bef\u00e4nden sich in &#8220;bestm\u00f6glichem Zustand&#8221;, und f\u00fcgte hinzu, die Best\u00e4nde seien so umfangreich, dass Teheran &#8220;den \u00dcberschuss an die besetzten Gebiete und feindlichen St\u00fctzpunkte verschenken&#8221; k\u00f6nnte, wie lokale Medien berichten.<\/p>\n<p>Seine \u00c4u\u00dferungen fallen zu einer Zeit, in der Washington widerspr\u00fcchliche Behauptungen \u00fcber die Auswirkungen seiner Angriffe vorbringt. W\u00e4hrend US-Beamte erkl\u00e4rt haben, das iranische Raketenprogramm sei &#8220;funktional zerst\u00f6rt&#8221; worden, r\u00e4umen Berichte ein, auf die sich das <em>Wall Street Journal<\/em> unter Berufung auf Einsch\u00e4tzungen des US-Geheimdienstes st\u00fctzt, dass Iran nach wie vor \u00fcber Tausende ballistische Raketen verf\u00fcgt und diese aus unterirdischen Anlagen einsetzen kann.<\/p>\n<p>Dieselben Einsch\u00e4tzungen deuten darauf hin, dass viele Abschussplattformen, obwohl sie angegriffen wurden, weiterhin reparierbar oder wiederherstellbar sind, was die Grenzen der US-Luftangriffe bei der Neutralisierung der iranischen F\u00e4higkeiten aufzeigt.<\/p>\n<p>Unterdessen berichtete die <em>New York Times<\/em>, dass der 38-t\u00e4gige, von den USA gef\u00fchrte Krieg gegen Iran selbst die milit\u00e4rischen Kapazit\u00e4ten der USA erheblich belastet habe, wobei wichtige Munitionsvorr\u00e4te nach wochenlangen Eins\u00e4tzen stark dezimiert seien.<\/p>\n<p>Dem Bericht zufolge haben die US-Streitkr\u00e4fte rund 1.100 Langstrecken-Stealth-Marschflugk\u00f6rper \u2013 fast die gesamten verf\u00fcgbaren Best\u00e4nde \u2013 sowie mehr als 1.000 Tomahawk-Raketen, \u00fcber 1.200 Patriot-Abfangraketen und mehr als 1.000 bodengest\u00fctzte Angriffssysteme eingesetzt, was die j\u00e4hrlichen Produktionsraten bei Weitem \u00fcbersteigt.<\/p>\n<div class=\"EmbedBlock-root EmbedBlock-externalVideo EmbedBlock-rumble\">\n<div class=\"VkEmbed\"><iframe class=\"lazyload\" data-src=\"https:\/\/rumble.com\/embed\/v76msw2\" frameborder=\"0\" width=\"853\" height=\"480\" allowfullscreen><\/iframe><\/div>\n<\/div>\n<\/div>\n<\/div>\n<\/div>\n<\/div>\n<\/li>\n<li class=\"LiveUpdates-item Listing-item\">\n<div class=\"LiveUpdate-root\">\n<div class=\"LiveUpdate-date\">\n<p class=\"HeaderNews-root HeaderNews-type_6 \">\n                21:22 Uhr\n            <\/p>\n<\/div>\n<div class=\"LiveUpdate-content\">\n<div class=\"LiveUpdate-text\">\n<div class=\"Text-root Text-type_5 ViewText-root\">\n<p><strong>Libanons Pr\u00e4sident fordert von EU Wiederaufbau-Konferenz<\/strong><\/p>\n<p>Der libanesische Pr\u00e4sident Joseph Aoun hat die Europ\u00e4ische Union aufgefordert, eine Konferenz zum Wiederaufbau seines Landes auszurichten. &#8220;Die Stabilit\u00e4t des Libanon ist Teil der Stabilit\u00e4t der Region&#8221;, sagte Aoun in Zypern, wo er als Gast am EU-Gipfel teilnahm. Sein Land weigere sich aber, als Verhandlungsmasse in regionalen Konflikten zu dienen. Aoun sagte, der Libanon lege wie andere L\u00e4nder in der Region gro\u00dfen Wert auf Deeskalation, Stabilit\u00e4t und Frieden. Der Konflikt zwischen Israel und der Hisbollah habe aber Sch\u00e4den in H\u00f6he von 1,4 Milliarden Dollar an der libanesischen Infrastruktur verursacht und 38.000 Wohneinheiten zerst\u00f6rt, sagte der Pr\u00e4sident unter Berufung auf Zahlen der Weltbank. 150.000 Menschen im Libanon seien obdachlos geworden.<\/p>\n<figure class=\"RTImage-root\">\n<div class=\"RTImage-image RTImage-original\"><picture class=\"Picture-root Picture-original\"><!--[if IE 9]><video style=\"display: none;\"><![endif]--><source media=\"(-webkit-min-device-pixel-ratio: 2) and (min-resolution: 120dpi)\" data-srcset=\" \nhttps:\/\/now-news.de\/de\/wp-content\/uploads\/sites\/3\/2026\/04\/69ebc3a148fbef399b0a901a.jpg 850w,\n                https:\/\/now-news.de\/de\/wp-content\/uploads\/sites\/3\/2026\/04\/69ebc3a148fbef399b0a901a.jpg 1960w,            \" ><source data-srcset=\" \nhttps:\/\/now-news.de\/de\/wp-content\/uploads\/sites\/3\/2026\/04\/69ebc3a148fbef399b0a901a.jpg 460w,\n              https:\/\/now-news.de\/de\/wp-content\/uploads\/sites\/3\/2026\/04\/69ebc3a148fbef399b0a901a.jpg 980w,\n            \" ><!--[if IE 9]><\/video><![endif]--><img decoding=\"async\" data- src=\"data:image\/png;base64,iVBORw0KGgoAAAANSUhEUgAAABAAAAAJCAQAAACRI2S5AAAAEElEQVR42mNkIAAYRxWAAQAG9gAKqv6+AwAAAABJRU5ErkJggg==\" class=\"Picture-root Picture-original lazyload\" data-src=\"https:\/\/now-news.de\/de\/wp-content\/uploads\/sites\/3\/2026\/04\/69ebc3a148fbef399b0a901a.jpg\" alt=\"\"><\/source><\/source><\/picture><!-- noscript pattern --><noscript><img decoding=\"async\" src=\"https:\/\/now-news.de\/de\/wp-content\/uploads\/sites\/3\/2026\/04\/69ebc3a148fbef399b0a901a.jpg\" alt=\"\"><\/noscript><\/div><figcaption class=\"RTImage-footer\"><span class=\"RTImage-caption\"><span class=\"RTImage-captionItem\">Der libanesische Pr\u00e4sident Joseph Aoun.<\/span><\/span><span class=\"RTImage-source\"><span class=\"RTImage-captionItem\">Urheberrechtlich gesch\u00fctzt<\/span><\/span><\/figcaption><\/figure>\n<\/p>\n<\/div>\n<\/div>\n<\/div>\n<\/div>\n<\/li>\n<li class=\"LiveUpdates-item Listing-item\">\n<div class=\"LiveUpdate-root\">\n<div class=\"LiveUpdate-date\">\n<p class=\"HeaderNews-root HeaderNews-type_6 \">\n                21:06 Uhr\n            <\/p>\n<\/div>\n<div class=\"LiveUpdate-content\">\n<div class=\"LiveUpdate-text\">\n<div class=\"Text-root Text-type_5 ViewText-root\">\n<p><strong>Araghtschi in Islamabad eingetroffen<\/strong><\/p>\n<p>Irans Au\u00dfenminister Abbas Araghtschi ist in der pakistanischen Hauptstadt Islamabad angekommen, wie das Au\u00dfenministerium mitteilte. Auch eine US-Delegation soll morgen dort eintreffen.<\/p>\n<\/p>\n<\/div>\n<\/div>\n<\/div>\n<\/div>\n<\/li>\n<li class=\"LiveUpdates-item Listing-item\">\n<div class=\"LiveUpdate-root\">\n<div class=\"LiveUpdate-date\">\n<p class=\"HeaderNews-root HeaderNews-type_6 \">\n                20:30 Uhr\n            <\/p>\n<\/div>\n<div class=\"LiveUpdate-content\">\n<div class=\"LiveUpdate-text\">\n<div class=\"Text-root Text-type_5 ViewText-root\">\n<p><strong>Iran ver\u00f6ffentlicht Karte mit m\u00f6glichen weiteren Angriffszielen<\/strong><\/p>\n<p>Das iranische Staatsfernsehen hat eine Liste von Energieanlagen in den Golfstaaten ver\u00f6ffentlicht, die im Falle einer Wiederaufflammen der Angriffe auf Iran\u00a0zu Zielen werden sollen. Darunter sind die\u00a0Gasf\u00f6rderanlagen Ras Gas und Ras Laffan LNG in Katar, die Inseln Das und Zirku in den Vereinigten Arabischen Emiraten (gro\u00dfe Offshore-\u00d6l- und Gaszentren), die Anlagen Abqaiq, Safanija und Khurais in Saudi-Arabien sowie das \u00d6lfeld Burgan in Kuwait.<\/p>\n<figure class=\"RTImage-root\">\n<div class=\"RTImage-image RTImage-original\"><picture class=\"Picture-root Picture-original\"><!--[if IE 9]><video style=\"display: none;\"><![endif]--><source media=\"(-webkit-min-device-pixel-ratio: 2) and (min-resolution: 120dpi)\" data-srcset=\" \nhttps:\/\/now-news.de\/de\/wp-content\/uploads\/sites\/3\/2026\/04\/69ebbc0b48fbef7a6b0783a8.jpg 850w,\n                https:\/\/now-news.de\/de\/wp-content\/uploads\/sites\/3\/2026\/04\/69ebbc0b48fbef7a6b0783a8.jpg 1960w,            \" ><source data-srcset=\" \nhttps:\/\/now-news.de\/de\/wp-content\/uploads\/sites\/3\/2026\/04\/69ebbc0b48fbef7a6b0783a8.jpg 460w,\n              https:\/\/now-news.de\/de\/wp-content\/uploads\/sites\/3\/2026\/04\/69ebbc0b48fbef7a6b0783a8.jpg 980w,\n            \" ><!--[if IE 9]><\/video><![endif]--><img decoding=\"async\" data- src=\"data:image\/png;base64,iVBORw0KGgoAAAANSUhEUgAAABAAAAAJCAQAAACRI2S5AAAAEElEQVR42mNkIAAYRxWAAQAG9gAKqv6+AwAAAABJRU5ErkJggg==\" class=\"Picture-root Picture-original lazyload\" data-src=\"https:\/\/now-news.de\/de\/wp-content\/uploads\/sites\/3\/2026\/04\/69ebbc0b48fbef7a6b0783a8.jpg\" alt=\"\"><\/source><\/source><\/picture><!-- noscript pattern --><noscript><img decoding=\"async\" src=\"https:\/\/now-news.de\/de\/wp-content\/uploads\/sites\/3\/2026\/04\/69ebbc0b48fbef7a6b0783a8.jpg\" alt=\"\"><\/noscript><\/div>\n<\/figure>\n<\/div>\n<\/div>\n<\/div>\n<\/div>\n<\/li>\n<li class=\"LiveUpdates-item Listing-item\">\n<div class=\"LiveUpdate-root\">\n<div class=\"LiveUpdate-date\">\n<p class=\"HeaderNews-root HeaderNews-type_6 \">\n                20:04 Uhr\n            <\/p>\n<\/div>\n<div class=\"LiveUpdate-content\">\n<div class=\"LiveUpdate-text\">\n<div class=\"Text-root Text-type_5 ViewText-root\">\n<p><strong>Libanesisches Gesundheitsministerium meldet 2.500 Tote<\/strong><\/p>\n<p>Israelische Angriffe im Zuge des wieder aufgeflammten Krieges mit der Schiitenmiliz Hisbollah sollen seit dem 2. M\u00e4rz fast 2.500 Menschen im Libanon das Leben gekostet haben. Das libanesische Gesundheitsministerium teilte am Freitag mit, insgesamt seien mindestens 2.491 Menschen get\u00f6tet worden. 7.719 weitere Menschen seien verletzt worden.<\/p>\n<\/div>\n<\/div>\n<\/div>\n<\/div>\n<\/li>\n<\/ul>\n<div class=\"Listing-isReact\" data-rtmodule=\"Listing\" onload=\"return {\n                page: '1',\n                limit: '10',\n                listing: '\/listing\/parent.6985ba91b480cc25757b247b\/noprepare\/liveupdates\/10\/1',\n            };\"><\/div>\n<\/div>\n<\/div>\n<\/div>\n<p><br \/>\n<br \/><a href=\"https:\/\/de.rt.com\/der-nahe-osten\/269469-liveticker-iran-krieg-macron-bekraeftigt\/\">Source link <\/a><\/p>\n","protected":false},"excerpt":{"rendered":"<p>Der Nahostkonflikt hat eine neue Stufe der Eskalation erreicht, seit die USA und Israel einen Angriffskrieg gegen Iran begonnen haben. Iran reagiert auf die Angriffe mit Raketenangriffen auf US-Milit\u00e4rbasen in der Region und auf Israel. Wir berichten \u00fcber die aktuellen Entwicklungen. 25.04.2026 16:05 Uhr 16:05 Uhr Macron bekr\u00e4ftigt Ziel der Wiederer\u00f6ffnung der Stra\u00dfe von Hormus\u00a0 [&hellip;]<\/p>\n","protected":false},"author":3,"featured_media":102280,"comment_status":"open","ping_status":"open","sticky":false,"template":"","format":"standard","meta":{"_yoast_indexnow_last_ping":["1777127053"],"wp_automatic_camp":["217"],"d2d0a4ce47197367d1576e6f3d26906c":["Liveticker Iran-Krieg \u2013 Macron bekr\u00e4ftigt Ziel der Wiederer\u00f6ffnung der Stra\u00dfe von Hormus"],"original_link":["https:\/\/de.rt.com\/der-nahe-osten\/269469-liveticker-iran-krieg-macron-bekraeftigt\/"],"_thumbnail_id":["102280"],"_wptgpro_p2tg_sent2tg":["a:1:{i:23737;s:19:\"2026-04-25 16:25:13\";}"],"jnews_social_counter_last_update":["1777408695"]},"categories":[19,23],"tags":[20173,82,25331,52995,564,1711,3378,50,45279,10558],"yoast_head":"<!-- This site is optimized with the Yoast SEO Premium plugin v22.7 (Yoast SEO v22.7) - https:\/\/yoast.com\/wordpress\/plugins\/seo\/ -->\n<title>Liveticker Iran-Krieg \u2013 Macron bekr\u00e4ftigt Ziel der Wiederer\u00f6ffnung der Stra\u00dfe von Hormus - just-now.NEWS Deutschland<\/title>\n<meta name=\"robots\" content=\"index, follow, max-snippet:-1, max-image-preview:large, max-video-preview:-1\" \/>\n<link rel=\"canonical\" href=\"https:\/\/now-news.de\/de\/deutschland\/liveticker-iran-krieg-macron-bekraeftigt-ziel-der-wiedereroeffnung-der-strasse-von-hormus\/\" \/>\n<meta property=\"og:locale\" content=\"de_DE\" \/>\n<meta property=\"og:type\" content=\"article\" \/>\n<meta property=\"og:title\" content=\"Liveticker Iran-Krieg \u2013 Macron bekr\u00e4ftigt Ziel der Wiederer\u00f6ffnung der Stra\u00dfe von Hormus\" \/>\n<meta property=\"og:description\" content=\"Der Nahostkonflikt hat eine neue Stufe der Eskalation erreicht, seit die USA und Israel einen Angriffskrieg gegen Iran begonnen haben. Iran reagiert auf die Angriffe mit Raketenangriffen auf US-Milit\u00e4rbasen in der Region und auf Israel. Wir berichten \u00fcber die aktuellen Entwicklungen. 25.04.2026 16:05 Uhr 16:05 Uhr Macron bekr\u00e4ftigt Ziel der Wiederer\u00f6ffnung der Stra\u00dfe von Hormus\u00a0 [&hellip;]\" \/>\n<meta property=\"og:url\" content=\"https:\/\/now-news.de\/de\/deutschland\/liveticker-iran-krieg-macron-bekraeftigt-ziel-der-wiedereroeffnung-der-strasse-von-hormus\/\" \/>\n<meta property=\"og:site_name\" content=\"just-now.NEWS Deutschland\" \/>\n<meta property=\"article:publisher\" content=\"https:\/\/www.facebook.com\/wirmachenauf\" \/>\n<meta property=\"article:published_time\" content=\"2026-04-25T14:05:00+00:00\" \/>\n<meta property=\"og:image\" content=\"https:\/\/now-news.de\/de\/wp-content\/uploads\/sites\/3\/2026\/04\/69ebc3a148fbef399b0a901a.jpg\" \/>\n<meta name=\"author\" content=\"rtnews\" \/>\n<meta name=\"twitter:card\" content=\"summary_large_image\" \/>\n<meta name=\"twitter:creator\" content=\"@WirMachenAuf_de\" \/>\n<meta name=\"twitter:site\" content=\"@WirMachenAuf_de\" \/>\n<meta name=\"twitter:label1\" content=\"Verfasst von\" \/>\n\t<meta name=\"twitter:data1\" content=\"rtnews\" \/>\n\t<meta name=\"twitter:label2\" content=\"Gesch\u00e4tzte Lesezeit\" \/>\n\t<meta name=\"twitter:data2\" content=\"6\u00a0Minuten\" \/>\n<script type=\"application\/ld+json\" class=\"yoast-schema-graph\">{\"@context\":\"https:\/\/schema.org\",\"@graph\":[{\"@type\":\"Article\",\"@id\":\"https:\/\/now-news.de\/de\/deutschland\/liveticker-iran-krieg-macron-bekraeftigt-ziel-der-wiedereroeffnung-der-strasse-von-hormus\/#article\",\"isPartOf\":{\"@id\":\"https:\/\/now-news.de\/de\/deutschland\/liveticker-iran-krieg-macron-bekraeftigt-ziel-der-wiedereroeffnung-der-strasse-von-hormus\/\"},\"author\":{\"name\":\"rtnews\",\"@id\":\"https:\/\/now-news.de\/de\/#\/schema\/person\/fb534a4e865501d8b3285208df34a9b5\"},\"headline\":\"Liveticker Iran-Krieg \u2013 Macron bekr\u00e4ftigt Ziel der Wiederer\u00f6ffnung der Stra\u00dfe von Hormus\",\"datePublished\":\"2026-04-25T14:05:00+00:00\",\"dateModified\":\"2026-04-25T14:05:00+00:00\",\"mainEntityOfPage\":{\"@id\":\"https:\/\/now-news.de\/de\/deutschland\/liveticker-iran-krieg-macron-bekraeftigt-ziel-der-wiedereroeffnung-der-strasse-von-hormus\/\"},\"wordCount\":1217,\"commentCount\":0,\"publisher\":{\"@id\":\"https:\/\/now-news.de\/de\/#organization\"},\"image\":{\"@id\":\"https:\/\/now-news.de\/de\/deutschland\/liveticker-iran-krieg-macron-bekraeftigt-ziel-der-wiedereroeffnung-der-strasse-von-hormus\/#primaryimage\"},\"thumbnailUrl\":\"https:\/\/now-news.de\/de\/wp-content\/uploads\/sites\/3\/Liveticker-Iran-Krieg-\u2013-Macron-bekraeftigt-Ziel-der-Wiedereroeffnung-der-Strasse.jpg\",\"keywords\":[\"bekr\u00e4ftigt\",\"der\",\"Hormus\",\"Irankrieg\",\"Liveticker\",\"macron\",\"Stra\u00dfe\",\"von\",\"Wiederer\u00f6ffnung\",\"Ziel\"],\"articleSection\":[\"Deutschland\",\"Russland\"],\"inLanguage\":\"de\",\"potentialAction\":[{\"@type\":\"CommentAction\",\"name\":\"Comment\",\"target\":[\"https:\/\/now-news.de\/de\/deutschland\/liveticker-iran-krieg-macron-bekraeftigt-ziel-der-wiedereroeffnung-der-strasse-von-hormus\/#respond\"]}]},{\"@type\":\"WebPage\",\"@id\":\"https:\/\/now-news.de\/de\/deutschland\/liveticker-iran-krieg-macron-bekraeftigt-ziel-der-wiedereroeffnung-der-strasse-von-hormus\/\",\"url\":\"https:\/\/now-news.de\/de\/deutschland\/liveticker-iran-krieg-macron-bekraeftigt-ziel-der-wiedereroeffnung-der-strasse-von-hormus\/\",\"name\":\"Liveticker Iran-Krieg \u2013 Macron bekr\u00e4ftigt Ziel der Wiederer\u00f6ffnung der Stra\u00dfe von Hormus - just-now.NEWS Deutschland\",\"isPartOf\":{\"@id\":\"https:\/\/now-news.de\/de\/#website\"},\"primaryImageOfPage\":{\"@id\":\"https:\/\/now-news.de\/de\/deutschland\/liveticker-iran-krieg-macron-bekraeftigt-ziel-der-wiedereroeffnung-der-strasse-von-hormus\/#primaryimage\"},\"image\":{\"@id\":\"https:\/\/now-news.de\/de\/deutschland\/liveticker-iran-krieg-macron-bekraeftigt-ziel-der-wiedereroeffnung-der-strasse-von-hormus\/#primaryimage\"},\"thumbnailUrl\":\"https:\/\/now-news.de\/de\/wp-content\/uploads\/sites\/3\/Liveticker-Iran-Krieg-\u2013-Macron-bekraeftigt-Ziel-der-Wiedereroeffnung-der-Strasse.jpg\",\"datePublished\":\"2026-04-25T14:05:00+00:00\",\"dateModified\":\"2026-04-25T14:05:00+00:00\",\"breadcrumb\":{\"@id\":\"https:\/\/now-news.de\/de\/deutschland\/liveticker-iran-krieg-macron-bekraeftigt-ziel-der-wiedereroeffnung-der-strasse-von-hormus\/#breadcrumb\"},\"inLanguage\":\"de\",\"potentialAction\":[{\"@type\":\"ReadAction\",\"target\":[\"https:\/\/now-news.de\/de\/deutschland\/liveticker-iran-krieg-macron-bekraeftigt-ziel-der-wiedereroeffnung-der-strasse-von-hormus\/\"]}]},{\"@type\":\"ImageObject\",\"inLanguage\":\"de\",\"@id\":\"https:\/\/now-news.de\/de\/deutschland\/liveticker-iran-krieg-macron-bekraeftigt-ziel-der-wiedereroeffnung-der-strasse-von-hormus\/#primaryimage\",\"url\":\"https:\/\/now-news.de\/de\/wp-content\/uploads\/sites\/3\/Liveticker-Iran-Krieg-\u2013-Macron-bekraeftigt-Ziel-der-Wiedereroeffnung-der-Strasse.jpg\",\"contentUrl\":\"https:\/\/now-news.de\/de\/wp-content\/uploads\/sites\/3\/Liveticker-Iran-Krieg-\u2013-Macron-bekraeftigt-Ziel-der-Wiedereroeffnung-der-Strasse.jpg\",\"caption\":\"Liveticker Iran-Krieg \u2013 Macron bekr\u00e4ftigt Ziel der Wiederer\u00f6ffnung der Stra\u00dfe von Hormus\"},{\"@type\":\"BreadcrumbList\",\"@id\":\"https:\/\/now-news.de\/de\/deutschland\/liveticker-iran-krieg-macron-bekraeftigt-ziel-der-wiedereroeffnung-der-strasse-von-hormus\/#breadcrumb\",\"itemListElement\":[{\"@type\":\"ListItem\",\"position\":1,\"name\":\"Home\",\"item\":\"https:\/\/now-news.de\/de\/\"},{\"@type\":\"ListItem\",\"position\":2,\"name\":\"Liveticker Iran-Krieg \u2013 Macron bekr\u00e4ftigt Ziel der Wiederer\u00f6ffnung der Stra\u00dfe von Hormus\"}]},{\"@type\":\"WebSite\",\"@id\":\"https:\/\/now-news.de\/de\/#website\",\"url\":\"https:\/\/now-news.de\/de\/\",\"name\":\"just-now.NEWS Deutschland\",\"description\":\"Das Portal f\u00fcr unzensierte Nachrichten aus der Welt\",\"publisher\":{\"@id\":\"https:\/\/now-news.de\/de\/#organization\"},\"potentialAction\":[{\"@type\":\"SearchAction\",\"target\":{\"@type\":\"EntryPoint\",\"urlTemplate\":\"https:\/\/now-news.de\/de\/?s={search_term_string}\"},\"query-input\":\"required name=search_term_string\"}],\"inLanguage\":\"de\"},{\"@type\":\"Organization\",\"@id\":\"https:\/\/now-news.de\/de\/#organization\",\"name\":\"Just Now News\",\"url\":\"https:\/\/now-news.de\/de\/\",\"logo\":{\"@type\":\"ImageObject\",\"inLanguage\":\"de\",\"@id\":\"https:\/\/now-news.de\/de\/#\/schema\/logo\/image\/\",\"url\":\"http:\/\/just-now.news\/de\/wp-content\/uploads\/sites\/3\/2022\/04\/logo500x500.jpg\",\"contentUrl\":\"http:\/\/just-now.news\/de\/wp-content\/uploads\/sites\/3\/2022\/04\/logo500x500.jpg\",\"width\":500,\"height\":500,\"caption\":\"Just Now News\"},\"image\":{\"@id\":\"https:\/\/now-news.de\/de\/#\/schema\/logo\/image\/\"},\"sameAs\":[\"https:\/\/www.facebook.com\/wirmachenauf\",\"https:\/\/x.com\/WirMachenAuf_de\"]},{\"@type\":\"Person\",\"@id\":\"https:\/\/now-news.de\/de\/#\/schema\/person\/fb534a4e865501d8b3285208df34a9b5\",\"name\":\"rtnews\",\"image\":{\"@type\":\"ImageObject\",\"inLanguage\":\"de\",\"@id\":\"https:\/\/now-news.de\/de\/#\/schema\/person\/image\/\",\"url\":\"https:\/\/secure.gravatar.com\/avatar\/82aafea7d8127119dd649515f56e2117?s=96&d=mm&r=g\",\"contentUrl\":\"https:\/\/secure.gravatar.com\/avatar\/82aafea7d8127119dd649515f56e2117?s=96&d=mm&r=g\",\"caption\":\"rtnews\"},\"url\":\"https:\/\/now-news.de\/de\/author\/rnews\/\"}]}<\/script>\n<!-- \/ Yoast SEO Premium plugin. -->","yoast_head_json":{"title":"Liveticker Iran-Krieg \u2013 Macron bekr\u00e4ftigt Ziel der Wiederer\u00f6ffnung der Stra\u00dfe von Hormus - just-now.NEWS Deutschland","robots":{"index":"index","follow":"follow","max-snippet":"max-snippet:-1","max-image-preview":"max-image-preview:large","max-video-preview":"max-video-preview:-1"},"canonical":"https:\/\/now-news.de\/de\/deutschland\/liveticker-iran-krieg-macron-bekraeftigt-ziel-der-wiedereroeffnung-der-strasse-von-hormus\/","og_locale":"de_DE","og_type":"article","og_title":"Liveticker Iran-Krieg \u2013 Macron bekr\u00e4ftigt Ziel der Wiederer\u00f6ffnung der Stra\u00dfe von Hormus","og_description":"Der Nahostkonflikt hat eine neue Stufe der Eskalation erreicht, seit die USA und Israel einen Angriffskrieg gegen Iran begonnen haben. Iran reagiert auf die Angriffe mit Raketenangriffen auf US-Milit\u00e4rbasen in der Region und auf Israel. Wir berichten \u00fcber die aktuellen Entwicklungen. 25.04.2026 16:05 Uhr 16:05 Uhr Macron bekr\u00e4ftigt Ziel der Wiederer\u00f6ffnung der Stra\u00dfe von Hormus\u00a0 [&hellip;]","og_url":"https:\/\/now-news.de\/de\/deutschland\/liveticker-iran-krieg-macron-bekraeftigt-ziel-der-wiedereroeffnung-der-strasse-von-hormus\/","og_site_name":"just-now.NEWS Deutschland","article_publisher":"https:\/\/www.facebook.com\/wirmachenauf","article_published_time":"2026-04-25T14:05:00+00:00","og_image":[{"url":"https:\/\/now-news.de\/de\/wp-content\/uploads\/sites\/3\/2026\/04\/69ebc3a148fbef399b0a901a.jpg"}],"author":"rtnews","twitter_card":"summary_large_image","twitter_creator":"@WirMachenAuf_de","twitter_site":"@WirMachenAuf_de","twitter_misc":{"Verfasst von":"rtnews","Gesch\u00e4tzte Lesezeit":"6\u00a0Minuten"},"schema":{"@context":"https:\/\/schema.org","@graph":[{"@type":"Article","@id":"https:\/\/now-news.de\/de\/deutschland\/liveticker-iran-krieg-macron-bekraeftigt-ziel-der-wiedereroeffnung-der-strasse-von-hormus\/#article","isPartOf":{"@id":"https:\/\/now-news.de\/de\/deutschland\/liveticker-iran-krieg-macron-bekraeftigt-ziel-der-wiedereroeffnung-der-strasse-von-hormus\/"},"author":{"name":"rtnews","@id":"https:\/\/now-news.de\/de\/#\/schema\/person\/fb534a4e865501d8b3285208df34a9b5"},"headline":"Liveticker Iran-Krieg \u2013 Macron bekr\u00e4ftigt Ziel der Wiederer\u00f6ffnung der Stra\u00dfe von Hormus","datePublished":"2026-04-25T14:05:00+00:00","dateModified":"2026-04-25T14:05:00+00:00","mainEntityOfPage":{"@id":"https:\/\/now-news.de\/de\/deutschland\/liveticker-iran-krieg-macron-bekraeftigt-ziel-der-wiedereroeffnung-der-strasse-von-hormus\/"},"wordCount":1217,"commentCount":0,"publisher":{"@id":"https:\/\/now-news.de\/de\/#organization"},"image":{"@id":"https:\/\/now-news.de\/de\/deutschland\/liveticker-iran-krieg-macron-bekraeftigt-ziel-der-wiedereroeffnung-der-strasse-von-hormus\/#primaryimage"},"thumbnailUrl":"https:\/\/now-news.de\/de\/wp-content\/uploads\/sites\/3\/Liveticker-Iran-Krieg-\u2013-Macron-bekraeftigt-Ziel-der-Wiedereroeffnung-der-Strasse.jpg","keywords":["bekr\u00e4ftigt","der","Hormus","Irankrieg","Liveticker","macron","Stra\u00dfe","von","Wiederer\u00f6ffnung","Ziel"],"articleSection":["Deutschland","Russland"],"inLanguage":"de","potentialAction":[{"@type":"CommentAction","name":"Comment","target":["https:\/\/now-news.de\/de\/deutschland\/liveticker-iran-krieg-macron-bekraeftigt-ziel-der-wiedereroeffnung-der-strasse-von-hormus\/#respond"]}]},{"@type":"WebPage","@id":"https:\/\/now-news.de\/de\/deutschland\/liveticker-iran-krieg-macron-bekraeftigt-ziel-der-wiedereroeffnung-der-strasse-von-hormus\/","url":"https:\/\/now-news.de\/de\/deutschland\/liveticker-iran-krieg-macron-bekraeftigt-ziel-der-wiedereroeffnung-der-strasse-von-hormus\/","name":"Liveticker Iran-Krieg \u2013 Macron bekr\u00e4ftigt Ziel der Wiederer\u00f6ffnung der Stra\u00dfe von Hormus - just-now.NEWS Deutschland","isPartOf":{"@id":"https:\/\/now-news.de\/de\/#website"},"primaryImageOfPage":{"@id":"https:\/\/now-news.de\/de\/deutschland\/liveticker-iran-krieg-macron-bekraeftigt-ziel-der-wiedereroeffnung-der-strasse-von-hormus\/#primaryimage"},"image":{"@id":"https:\/\/now-news.de\/de\/deutschland\/liveticker-iran-krieg-macron-bekraeftigt-ziel-der-wiedereroeffnung-der-strasse-von-hormus\/#primaryimage"},"thumbnailUrl":"https:\/\/now-news.de\/de\/wp-content\/uploads\/sites\/3\/Liveticker-Iran-Krieg-\u2013-Macron-bekraeftigt-Ziel-der-Wiedereroeffnung-der-Strasse.jpg","datePublished":"2026-04-25T14:05:00+00:00","dateModified":"2026-04-25T14:05:00+00:00","breadcrumb":{"@id":"https:\/\/now-news.de\/de\/deutschland\/liveticker-iran-krieg-macron-bekraeftigt-ziel-der-wiedereroeffnung-der-strasse-von-hormus\/#breadcrumb"},"inLanguage":"de","potentialAction":[{"@type":"ReadAction","target":["https:\/\/now-news.de\/de\/deutschland\/liveticker-iran-krieg-macron-bekraeftigt-ziel-der-wiedereroeffnung-der-strasse-von-hormus\/"]}]},{"@type":"ImageObject","inLanguage":"de","@id":"https:\/\/now-news.de\/de\/deutschland\/liveticker-iran-krieg-macron-bekraeftigt-ziel-der-wiedereroeffnung-der-strasse-von-hormus\/#primaryimage","url":"https:\/\/now-news.de\/de\/wp-content\/uploads\/sites\/3\/Liveticker-Iran-Krieg-\u2013-Macron-bekraeftigt-Ziel-der-Wiedereroeffnung-der-Strasse.jpg","contentUrl":"https:\/\/now-news.de\/de\/wp-content\/uploads\/sites\/3\/Liveticker-Iran-Krieg-\u2013-Macron-bekraeftigt-Ziel-der-Wiedereroeffnung-der-Strasse.jpg","caption":"Liveticker Iran-Krieg \u2013 Macron bekr\u00e4ftigt Ziel der Wiederer\u00f6ffnung der Stra\u00dfe von Hormus"},{"@type":"BreadcrumbList","@id":"https:\/\/now-news.de\/de\/deutschland\/liveticker-iran-krieg-macron-bekraeftigt-ziel-der-wiedereroeffnung-der-strasse-von-hormus\/#breadcrumb","itemListElement":[{"@type":"ListItem","position":1,"name":"Home","item":"https:\/\/now-news.de\/de\/"},{"@type":"ListItem","position":2,"name":"Liveticker Iran-Krieg \u2013 Macron bekr\u00e4ftigt Ziel der Wiederer\u00f6ffnung der Stra\u00dfe von Hormus"}]},{"@type":"WebSite","@id":"https:\/\/now-news.de\/de\/#website","url":"https:\/\/now-news.de\/de\/","name":"just-now.NEWS Deutschland","description":"Das Portal f\u00fcr unzensierte Nachrichten aus der Welt","publisher":{"@id":"https:\/\/now-news.de\/de\/#organization"},"potentialAction":[{"@type":"SearchAction","target":{"@type":"EntryPoint","urlTemplate":"https:\/\/now-news.de\/de\/?s={search_term_string}"},"query-input":"required name=search_term_string"}],"inLanguage":"de"},{"@type":"Organization","@id":"https:\/\/now-news.de\/de\/#organization","name":"Just Now News","url":"https:\/\/now-news.de\/de\/","logo":{"@type":"ImageObject","inLanguage":"de","@id":"https:\/\/now-news.de\/de\/#\/schema\/logo\/image\/","url":"http:\/\/just-now.news\/de\/wp-content\/uploads\/sites\/3\/2022\/04\/logo500x500.jpg","contentUrl":"http:\/\/just-now.news\/de\/wp-content\/uploads\/sites\/3\/2022\/04\/logo500x500.jpg","width":500,"height":500,"caption":"Just Now News"},"image":{"@id":"https:\/\/now-news.de\/de\/#\/schema\/logo\/image\/"},"sameAs":["https:\/\/www.facebook.com\/wirmachenauf","https:\/\/x.com\/WirMachenAuf_de"]},{"@type":"Person","@id":"https:\/\/now-news.de\/de\/#\/schema\/person\/fb534a4e865501d8b3285208df34a9b5","name":"rtnews","image":{"@type":"ImageObject","inLanguage":"de","@id":"https:\/\/now-news.de\/de\/#\/schema\/person\/image\/","url":"https:\/\/secure.gravatar.com\/avatar\/82aafea7d8127119dd649515f56e2117?s=96&d=mm&r=g","contentUrl":"https:\/\/secure.gravatar.com\/avatar\/82aafea7d8127119dd649515f56e2117?s=96&d=mm&r=g","caption":"rtnews"},"url":"https:\/\/now-news.de\/de\/author\/rnews\/"}]}},"_links":{"self":[{"href":"https:\/\/now-news.de\/de\/wp-json\/wp\/v2\/posts\/102279"}],"collection":[{"href":"https:\/\/now-news.de\/de\/wp-json\/wp\/v2\/posts"}],"about":[{"href":"https:\/\/now-news.de\/de\/wp-json\/wp\/v2\/types\/post"}],"author":[{"embeddable":true,"href":"https:\/\/now-news.de\/de\/wp-json\/wp\/v2\/users\/3"}],"replies":[{"embeddable":true,"href":"https:\/\/now-news.de\/de\/wp-json\/wp\/v2\/comments?post=102279"}],"version-history":[{"count":0,"href":"https:\/\/now-news.de\/de\/wp-json\/wp\/v2\/posts\/102279\/revisions"}],"wp:featuredmedia":[{"embeddable":true,"href":"https:\/\/now-news.de\/de\/wp-json\/wp\/v2\/media\/102280"}],"wp:attachment":[{"href":"https:\/\/now-news.de\/de\/wp-json\/wp\/v2\/media?parent=102279"}],"wp:term":[{"taxonomy":"category","embeddable":true,"href":"https:\/\/now-news.de\/de\/wp-json\/wp\/v2\/categories?post=102279"},{"taxonomy":"post_tag","embeddable":true,"href":"https:\/\/now-news.de\/de\/wp-json\/wp\/v2\/tags?post=102279"}],"curies":[{"name":"wp","href":"https:\/\/api.w.org\/{rel}","templated":true}]}}