{"id":102277,"date":"2026-04-25T15:56:52","date_gmt":"2026-04-25T13:56:52","guid":{"rendered":"https:\/\/now-news.de\/de\/deutschland\/rettungskrimi-um-wal-timmy-nun-soll-es-eine-rinne-ins-tiefere-wasser-richten\/"},"modified":"2026-04-25T15:56:52","modified_gmt":"2026-04-25T13:56:52","slug":"rettungskrimi-um-wal-timmy-nun-soll-es-eine-rinne-ins-tiefere-wasser-richten","status":"publish","type":"post","link":"https:\/\/now-news.de\/de\/deutschland\/rettungskrimi-um-wal-timmy-nun-soll-es-eine-rinne-ins-tiefere-wasser-richten\/","title":{"rendered":"Rettungskrimi um Wal Timmy: Nun soll es eine Rinne ins tiefere Wasser richten"},"content":{"rendered":"<p><img decoding=\"async\" src=\"https:\/\/now-news.de\/de\/wp-content\/uploads\/sites\/3\/2026\/04\/69eca24c48fbef7a6b0783c4.jpg\" \/><\/p>\n<div class=\"Text-root Text-type_1 \">\n                Das nervenaufreibende Hoffen und Bangen um Wal Timmy geht weiter. Der Meeress\u00e4uger hat sich in die Ostsee verirrt und liegt mittlerweile gestrandet vor der Insel Poel in der Wismarer Bucht. Eigentlich eine aussichtslose Situation \u2012 aber die Helfer wollen den Buckelwal noch nicht aufgeben.\n            <\/div>\n<p><\/p>\n<div class=\"Text-root Text-type_5 ArticleView-text ViewText-root \">\n<p>Private Retter versuchen seit \u00fcber einer Woche, den auf einer Sandbank vor der Ostseeinsel Poel festsitzenden Wal wieder in tiefere Gew\u00e4sser zu bringen. Sollte dies gelingen, muss das\u00a0zwischenzeitlich\u00a0&#8220;Timmy&#8221; getaufte Tier in die Nordsee gelotst werden, wom\u00f6glich auch bis in den Atlantischen Ozean, dem eigentlichen Habitat dieser Meeress\u00e4uger. Da der Wal schon sehr geschw\u00e4cht ist, ben\u00f6tigen die Helfer Luftkissen und Pontons, um das Tier an ein Schleppschiff h\u00e4ngen zu k\u00f6nnen. Aber auch dann ist es \u00e4u\u00dferst ungewiss, ob der Wal den Rettungsversuch \u00fcberleben wird.<\/p>\n<p>Aber noch ist es nicht so weit.\u00a0Derzeit sind die Walretter damit besch\u00e4ftigt, den rund zw\u00f6lf Meter langen Meeresbewohner aus dem Flachwasser zu entfernen. Die Beh\u00f6rden haben dem Rettungskonzept einer privaten Hilfsinitiative jedoch noch nicht ihre Zustimmung erteilt. Am Freitag hatte das Umweltministerium des Landes Mecklenburg-Vorpommern zun\u00e4chst seine Zustimmung verweigert. Es gibt Zweifel an der Praktikabilit\u00e4t des Transportplans. Am Samstagnachmittag gegen 15 Uhr will Umweltminister Till Backhaus (SPD) eine weitere Stellungnahme abgeben.<\/p>\n<p>Immerhin sind nun neue Entwicklungen zu vermelden: Die rund 110 Meter lange Bahn, die von der k\u00fcnstlich ausgehobenen Mulde, in der Timmy liegt, in tieferes Gew\u00e4sser f\u00fchrt, ist fertig. Durch diese zwei Meter tiefe Rinne soll der Wal dann im Idealfall schwimmen oder mittels einer sogenannten Barge, also eines Lastschiffes mit geringem Tiefgang, abtransportiert werden. Allerdings ist dieser Transportkahn noch nicht vor Ort.<\/p>\n<p>Daf\u00fcr sind die &#8220;Bigbags&#8221; genannten, mit Sand gef\u00fcllten Sch\u00fcttgutbeh\u00e4lter schon da. Der Plan ist, sie wie ein Korsett um das gestrandete Tier zu legen, damit es nicht noch weiter ins Flachwasser vordringt, was eine Rettung nur noch erschweren w\u00fcrde. Gerade am heutigen Samstag ist der Wasserstand vor der Ostseeinsel Poel ohnehin sehr niedrig. Auch starker Wind und Wellengang behindern die Arbeiten. Timmys &#8220;Korsett&#8221; wird \u2013 so die Angabe eines Walretters \u2013 gegen 14 Uhr mithilfe eines Mini-Baggers aufgestellt sein.<\/p>\n<p>Die Filmemacherin und Biologin Ina Knobloch kritisierte in einem Interview mit der <em>Frankfurter Allgemeinen Zeitung<\/em> derweil die Vorgehensweise der Beh\u00f6rden. Es h\u00e4tte zu Beginn an Koordination gefehlt. Deutschland h\u00e4tte Experten aus L\u00e4ndern, in denen Walstrandungen h\u00e4ufiger vorkommen, zu Hilfe holen sollen. So gebe es beispielsweise in den USA sogenannte Entanglement Teams, die darauf spezialisiert seien, Fischernetze aus den M\u00e4ulern der Tiere zu entfernen.<\/p>\n<p>In diesem Zusammenhang forderte Knobloch die Aufstellung allgemeiner Leitlinien und den Aufbau einer zentralen Stelle mit Zust\u00e4ndigkeit f\u00fcr die deutschen K\u00fcstenorte. N\u00f6tig sei es au\u00dferdem, den Schutz der Meere &#8220;auf die Ebene des V\u00f6lkerrechts zu heben&#8221;. Dann sei es Tierrechtsorganisationen m\u00f6glich, im Interesse der Meeress\u00e4uger Klage vor Gericht zu erheben.<\/p>\n<p>Gegen\u00fcber den Aussichten f\u00fcr Buckelwal Timmy zeigte sich die Expertin verhalten optimistisch. Noch gebe es Hoffnung f\u00fcr das gestrandete Tier. Der in der aktuellen Mondphase wieder steigende Wasserspiegel k\u00f6nne zu Timmys Rettung beitragen. Aber bis zum n\u00e4chsten Vollmond m\u00fcsse es Timmy geschafft haben, sonst sehe sie keine Rettung mehr f\u00fcr das Tier. Der n\u00e4chste Vollmond ist am 1. Mai. Dem Wal bleibt also nicht mehr viel Zeit.<\/p>\n<p><strong>Mehr zum Thema<\/strong>\u00a0\u2012 <a rel=\"nofollow noopener\" target=\"_blank\" href=\"https:\/\/freedert.online\/europa\/234704-grossbritannien-pupsender-wal-steckt-hinter\/\">Gro\u00dfbritannien: Wal steckte hinter &#8220;russischer Attacke&#8221; bei U-Boot-Fehlalarm<\/a><\/p>\n<div class=\"EmbedBlock-root EmbedBlock-externalVideo EmbedBlock-rumble\">\n<div class=\"VkEmbed\"><iframe class=\"lazyload\" data-src=\"https:\/\/rumble.com\/embed\/v6iiekp\" frameborder=\"0\" width=\"853\" height=\"480\" allowfullscreen><\/iframe><\/div>\n<\/div>\n<\/div>\n<p><br \/>\n<br \/><a href=\"https:\/\/de.rt.com\/inland\/278180-rettungskrimi-um-wal-timmy\/\">Source link <\/a><\/p>\n","protected":false},"excerpt":{"rendered":"<p>Das nervenaufreibende Hoffen und Bangen um Wal Timmy geht weiter. Der Meeress\u00e4uger hat sich in die Ostsee verirrt und liegt mittlerweile gestrandet vor der Insel Poel in der Wismarer Bucht. Eigentlich eine aussichtslose Situation \u2012 aber die Helfer wollen den Buckelwal noch nicht aufgeben. Private Retter versuchen seit \u00fcber einer Woche, den auf einer Sandbank [&hellip;]<\/p>\n","protected":false},"author":3,"featured_media":102278,"comment_status":"open","ping_status":"open","sticky":false,"template":"","format":"standard","meta":{"_yoast_indexnow_last_ping":["1777126093"],"wp_automatic_camp":["217"],"d3c1fa5e47a634dd164110926f3014fa":["Rettungskrimi um Wal Timmy: Nun soll es eine Rinne ins tiefere Wasser richten"],"original_link":["https:\/\/de.rt.com\/inland\/278180-rettungskrimi-um-wal-timmy\/"],"_thumbnail_id":["102278"],"jnews_social_counter_last_update":["1777133328"],"_wptgpro_p2tg_sent2tg":["a:1:{i:23737;s:19:\"2026-04-25 16:09:17\";}"]},"categories":[19,23],"tags":[275,1678,2121,72623,13679,72624,766,35225,72373,31253,23228],"yoast_head":"<!-- This site is optimized with the Yoast SEO Premium plugin v22.7 (Yoast SEO v22.7) - https:\/\/yoast.com\/wordpress\/plugins\/seo\/ -->\n<title>Rettungskrimi um Wal Timmy: Nun soll es eine Rinne ins tiefere Wasser richten - just-now.NEWS Deutschland<\/title>\n<meta name=\"robots\" content=\"index, follow, max-snippet:-1, max-image-preview:large, max-video-preview:-1\" \/>\n<link rel=\"canonical\" href=\"https:\/\/now-news.de\/de\/deutschland\/rettungskrimi-um-wal-timmy-nun-soll-es-eine-rinne-ins-tiefere-wasser-richten\/\" \/>\n<meta property=\"og:locale\" content=\"de_DE\" \/>\n<meta property=\"og:type\" content=\"article\" \/>\n<meta property=\"og:title\" content=\"Rettungskrimi um Wal Timmy: Nun soll es eine Rinne ins tiefere Wasser richten\" \/>\n<meta property=\"og:description\" content=\"Das nervenaufreibende Hoffen und Bangen um Wal Timmy geht weiter. Der Meeress\u00e4uger hat sich in die Ostsee verirrt und liegt mittlerweile gestrandet vor der Insel Poel in der Wismarer Bucht. Eigentlich eine aussichtslose Situation \u2012 aber die Helfer wollen den Buckelwal noch nicht aufgeben. Private Retter versuchen seit \u00fcber einer Woche, den auf einer Sandbank [&hellip;]\" \/>\n<meta property=\"og:url\" content=\"https:\/\/now-news.de\/de\/deutschland\/rettungskrimi-um-wal-timmy-nun-soll-es-eine-rinne-ins-tiefere-wasser-richten\/\" \/>\n<meta property=\"og:site_name\" content=\"just-now.NEWS Deutschland\" \/>\n<meta property=\"article:publisher\" content=\"https:\/\/www.facebook.com\/wirmachenauf\" \/>\n<meta property=\"article:published_time\" content=\"2026-04-25T13:56:52+00:00\" \/>\n<meta property=\"og:image\" content=\"https:\/\/now-news.de\/de\/wp-content\/uploads\/sites\/3\/2026\/04\/69eca24c48fbef7a6b0783c4.jpg\" \/>\n<meta name=\"author\" content=\"rtnews\" \/>\n<meta name=\"twitter:card\" content=\"summary_large_image\" \/>\n<meta name=\"twitter:creator\" content=\"@WirMachenAuf_de\" \/>\n<meta name=\"twitter:site\" content=\"@WirMachenAuf_de\" \/>\n<meta name=\"twitter:label1\" content=\"Verfasst von\" \/>\n\t<meta name=\"twitter:data1\" content=\"rtnews\" \/>\n\t<meta name=\"twitter:label2\" content=\"Gesch\u00e4tzte Lesezeit\" \/>\n\t<meta name=\"twitter:data2\" content=\"3\u00a0Minuten\" \/>\n<script type=\"application\/ld+json\" class=\"yoast-schema-graph\">{\"@context\":\"https:\/\/schema.org\",\"@graph\":[{\"@type\":\"Article\",\"@id\":\"https:\/\/now-news.de\/de\/deutschland\/rettungskrimi-um-wal-timmy-nun-soll-es-eine-rinne-ins-tiefere-wasser-richten\/#article\",\"isPartOf\":{\"@id\":\"https:\/\/now-news.de\/de\/deutschland\/rettungskrimi-um-wal-timmy-nun-soll-es-eine-rinne-ins-tiefere-wasser-richten\/\"},\"author\":{\"name\":\"rtnews\",\"@id\":\"https:\/\/now-news.de\/de\/#\/schema\/person\/fb534a4e865501d8b3285208df34a9b5\"},\"headline\":\"Rettungskrimi um Wal Timmy: Nun soll es eine Rinne ins tiefere Wasser richten\",\"datePublished\":\"2026-04-25T13:56:52+00:00\",\"dateModified\":\"2026-04-25T13:56:52+00:00\",\"mainEntityOfPage\":{\"@id\":\"https:\/\/now-news.de\/de\/deutschland\/rettungskrimi-um-wal-timmy-nun-soll-es-eine-rinne-ins-tiefere-wasser-richten\/\"},\"wordCount\":588,\"commentCount\":0,\"publisher\":{\"@id\":\"https:\/\/now-news.de\/de\/#organization\"},\"image\":{\"@id\":\"https:\/\/now-news.de\/de\/deutschland\/rettungskrimi-um-wal-timmy-nun-soll-es-eine-rinne-ins-tiefere-wasser-richten\/#primaryimage\"},\"thumbnailUrl\":\"https:\/\/now-news.de\/de\/wp-content\/uploads\/sites\/3\/Rettungskrimi-um-Wal-Timmy-Nun-soll-es-eine-Rinne-ins.jpg\",\"keywords\":[\"eine\",\"ins\",\"nun\",\"Rettungskrimi\",\"richten\",\"Rinne\",\"soll\",\"tiefere\",\"Timmy\",\"Wal\",\"Wasser\"],\"articleSection\":[\"Deutschland\",\"Russland\"],\"inLanguage\":\"de\",\"potentialAction\":[{\"@type\":\"CommentAction\",\"name\":\"Comment\",\"target\":[\"https:\/\/now-news.de\/de\/deutschland\/rettungskrimi-um-wal-timmy-nun-soll-es-eine-rinne-ins-tiefere-wasser-richten\/#respond\"]}]},{\"@type\":\"WebPage\",\"@id\":\"https:\/\/now-news.de\/de\/deutschland\/rettungskrimi-um-wal-timmy-nun-soll-es-eine-rinne-ins-tiefere-wasser-richten\/\",\"url\":\"https:\/\/now-news.de\/de\/deutschland\/rettungskrimi-um-wal-timmy-nun-soll-es-eine-rinne-ins-tiefere-wasser-richten\/\",\"name\":\"Rettungskrimi um Wal Timmy: Nun soll es eine Rinne ins tiefere Wasser richten - just-now.NEWS Deutschland\",\"isPartOf\":{\"@id\":\"https:\/\/now-news.de\/de\/#website\"},\"primaryImageOfPage\":{\"@id\":\"https:\/\/now-news.de\/de\/deutschland\/rettungskrimi-um-wal-timmy-nun-soll-es-eine-rinne-ins-tiefere-wasser-richten\/#primaryimage\"},\"image\":{\"@id\":\"https:\/\/now-news.de\/de\/deutschland\/rettungskrimi-um-wal-timmy-nun-soll-es-eine-rinne-ins-tiefere-wasser-richten\/#primaryimage\"},\"thumbnailUrl\":\"https:\/\/now-news.de\/de\/wp-content\/uploads\/sites\/3\/Rettungskrimi-um-Wal-Timmy-Nun-soll-es-eine-Rinne-ins.jpg\",\"datePublished\":\"2026-04-25T13:56:52+00:00\",\"dateModified\":\"2026-04-25T13:56:52+00:00\",\"breadcrumb\":{\"@id\":\"https:\/\/now-news.de\/de\/deutschland\/rettungskrimi-um-wal-timmy-nun-soll-es-eine-rinne-ins-tiefere-wasser-richten\/#breadcrumb\"},\"inLanguage\":\"de\",\"potentialAction\":[{\"@type\":\"ReadAction\",\"target\":[\"https:\/\/now-news.de\/de\/deutschland\/rettungskrimi-um-wal-timmy-nun-soll-es-eine-rinne-ins-tiefere-wasser-richten\/\"]}]},{\"@type\":\"ImageObject\",\"inLanguage\":\"de\",\"@id\":\"https:\/\/now-news.de\/de\/deutschland\/rettungskrimi-um-wal-timmy-nun-soll-es-eine-rinne-ins-tiefere-wasser-richten\/#primaryimage\",\"url\":\"https:\/\/now-news.de\/de\/wp-content\/uploads\/sites\/3\/Rettungskrimi-um-Wal-Timmy-Nun-soll-es-eine-Rinne-ins.jpg\",\"contentUrl\":\"https:\/\/now-news.de\/de\/wp-content\/uploads\/sites\/3\/Rettungskrimi-um-Wal-Timmy-Nun-soll-es-eine-Rinne-ins.jpg\",\"caption\":\"Rettungskrimi um Wal Timmy: Nun soll es eine Rinne ins tiefere Wasser richten\"},{\"@type\":\"BreadcrumbList\",\"@id\":\"https:\/\/now-news.de\/de\/deutschland\/rettungskrimi-um-wal-timmy-nun-soll-es-eine-rinne-ins-tiefere-wasser-richten\/#breadcrumb\",\"itemListElement\":[{\"@type\":\"ListItem\",\"position\":1,\"name\":\"Home\",\"item\":\"https:\/\/now-news.de\/de\/\"},{\"@type\":\"ListItem\",\"position\":2,\"name\":\"Rettungskrimi um Wal Timmy: Nun soll es eine Rinne ins tiefere Wasser richten\"}]},{\"@type\":\"WebSite\",\"@id\":\"https:\/\/now-news.de\/de\/#website\",\"url\":\"https:\/\/now-news.de\/de\/\",\"name\":\"just-now.NEWS Deutschland\",\"description\":\"Das Portal f\u00fcr unzensierte Nachrichten aus der Welt\",\"publisher\":{\"@id\":\"https:\/\/now-news.de\/de\/#organization\"},\"potentialAction\":[{\"@type\":\"SearchAction\",\"target\":{\"@type\":\"EntryPoint\",\"urlTemplate\":\"https:\/\/now-news.de\/de\/?s={search_term_string}\"},\"query-input\":\"required name=search_term_string\"}],\"inLanguage\":\"de\"},{\"@type\":\"Organization\",\"@id\":\"https:\/\/now-news.de\/de\/#organization\",\"name\":\"Just Now News\",\"url\":\"https:\/\/now-news.de\/de\/\",\"logo\":{\"@type\":\"ImageObject\",\"inLanguage\":\"de\",\"@id\":\"https:\/\/now-news.de\/de\/#\/schema\/logo\/image\/\",\"url\":\"http:\/\/just-now.news\/de\/wp-content\/uploads\/sites\/3\/2022\/04\/logo500x500.jpg\",\"contentUrl\":\"http:\/\/just-now.news\/de\/wp-content\/uploads\/sites\/3\/2022\/04\/logo500x500.jpg\",\"width\":500,\"height\":500,\"caption\":\"Just Now News\"},\"image\":{\"@id\":\"https:\/\/now-news.de\/de\/#\/schema\/logo\/image\/\"},\"sameAs\":[\"https:\/\/www.facebook.com\/wirmachenauf\",\"https:\/\/x.com\/WirMachenAuf_de\"]},{\"@type\":\"Person\",\"@id\":\"https:\/\/now-news.de\/de\/#\/schema\/person\/fb534a4e865501d8b3285208df34a9b5\",\"name\":\"rtnews\",\"image\":{\"@type\":\"ImageObject\",\"inLanguage\":\"de\",\"@id\":\"https:\/\/now-news.de\/de\/#\/schema\/person\/image\/\",\"url\":\"https:\/\/secure.gravatar.com\/avatar\/82aafea7d8127119dd649515f56e2117?s=96&d=mm&r=g\",\"contentUrl\":\"https:\/\/secure.gravatar.com\/avatar\/82aafea7d8127119dd649515f56e2117?s=96&d=mm&r=g\",\"caption\":\"rtnews\"},\"url\":\"https:\/\/now-news.de\/de\/author\/rnews\/\"}]}<\/script>\n<!-- \/ Yoast SEO Premium plugin. -->","yoast_head_json":{"title":"Rettungskrimi um Wal Timmy: Nun soll es eine Rinne ins tiefere Wasser richten - just-now.NEWS Deutschland","robots":{"index":"index","follow":"follow","max-snippet":"max-snippet:-1","max-image-preview":"max-image-preview:large","max-video-preview":"max-video-preview:-1"},"canonical":"https:\/\/now-news.de\/de\/deutschland\/rettungskrimi-um-wal-timmy-nun-soll-es-eine-rinne-ins-tiefere-wasser-richten\/","og_locale":"de_DE","og_type":"article","og_title":"Rettungskrimi um Wal Timmy: Nun soll es eine Rinne ins tiefere Wasser richten","og_description":"Das nervenaufreibende Hoffen und Bangen um Wal Timmy geht weiter. Der Meeress\u00e4uger hat sich in die Ostsee verirrt und liegt mittlerweile gestrandet vor der Insel Poel in der Wismarer Bucht. Eigentlich eine aussichtslose Situation \u2012 aber die Helfer wollen den Buckelwal noch nicht aufgeben. Private Retter versuchen seit \u00fcber einer Woche, den auf einer Sandbank [&hellip;]","og_url":"https:\/\/now-news.de\/de\/deutschland\/rettungskrimi-um-wal-timmy-nun-soll-es-eine-rinne-ins-tiefere-wasser-richten\/","og_site_name":"just-now.NEWS Deutschland","article_publisher":"https:\/\/www.facebook.com\/wirmachenauf","article_published_time":"2026-04-25T13:56:52+00:00","og_image":[{"url":"https:\/\/now-news.de\/de\/wp-content\/uploads\/sites\/3\/2026\/04\/69eca24c48fbef7a6b0783c4.jpg"}],"author":"rtnews","twitter_card":"summary_large_image","twitter_creator":"@WirMachenAuf_de","twitter_site":"@WirMachenAuf_de","twitter_misc":{"Verfasst von":"rtnews","Gesch\u00e4tzte Lesezeit":"3\u00a0Minuten"},"schema":{"@context":"https:\/\/schema.org","@graph":[{"@type":"Article","@id":"https:\/\/now-news.de\/de\/deutschland\/rettungskrimi-um-wal-timmy-nun-soll-es-eine-rinne-ins-tiefere-wasser-richten\/#article","isPartOf":{"@id":"https:\/\/now-news.de\/de\/deutschland\/rettungskrimi-um-wal-timmy-nun-soll-es-eine-rinne-ins-tiefere-wasser-richten\/"},"author":{"name":"rtnews","@id":"https:\/\/now-news.de\/de\/#\/schema\/person\/fb534a4e865501d8b3285208df34a9b5"},"headline":"Rettungskrimi um Wal Timmy: Nun soll es eine Rinne ins tiefere Wasser richten","datePublished":"2026-04-25T13:56:52+00:00","dateModified":"2026-04-25T13:56:52+00:00","mainEntityOfPage":{"@id":"https:\/\/now-news.de\/de\/deutschland\/rettungskrimi-um-wal-timmy-nun-soll-es-eine-rinne-ins-tiefere-wasser-richten\/"},"wordCount":588,"commentCount":0,"publisher":{"@id":"https:\/\/now-news.de\/de\/#organization"},"image":{"@id":"https:\/\/now-news.de\/de\/deutschland\/rettungskrimi-um-wal-timmy-nun-soll-es-eine-rinne-ins-tiefere-wasser-richten\/#primaryimage"},"thumbnailUrl":"https:\/\/now-news.de\/de\/wp-content\/uploads\/sites\/3\/Rettungskrimi-um-Wal-Timmy-Nun-soll-es-eine-Rinne-ins.jpg","keywords":["eine","ins","nun","Rettungskrimi","richten","Rinne","soll","tiefere","Timmy","Wal","Wasser"],"articleSection":["Deutschland","Russland"],"inLanguage":"de","potentialAction":[{"@type":"CommentAction","name":"Comment","target":["https:\/\/now-news.de\/de\/deutschland\/rettungskrimi-um-wal-timmy-nun-soll-es-eine-rinne-ins-tiefere-wasser-richten\/#respond"]}]},{"@type":"WebPage","@id":"https:\/\/now-news.de\/de\/deutschland\/rettungskrimi-um-wal-timmy-nun-soll-es-eine-rinne-ins-tiefere-wasser-richten\/","url":"https:\/\/now-news.de\/de\/deutschland\/rettungskrimi-um-wal-timmy-nun-soll-es-eine-rinne-ins-tiefere-wasser-richten\/","name":"Rettungskrimi um Wal Timmy: Nun soll es eine Rinne ins tiefere Wasser richten - just-now.NEWS Deutschland","isPartOf":{"@id":"https:\/\/now-news.de\/de\/#website"},"primaryImageOfPage":{"@id":"https:\/\/now-news.de\/de\/deutschland\/rettungskrimi-um-wal-timmy-nun-soll-es-eine-rinne-ins-tiefere-wasser-richten\/#primaryimage"},"image":{"@id":"https:\/\/now-news.de\/de\/deutschland\/rettungskrimi-um-wal-timmy-nun-soll-es-eine-rinne-ins-tiefere-wasser-richten\/#primaryimage"},"thumbnailUrl":"https:\/\/now-news.de\/de\/wp-content\/uploads\/sites\/3\/Rettungskrimi-um-Wal-Timmy-Nun-soll-es-eine-Rinne-ins.jpg","datePublished":"2026-04-25T13:56:52+00:00","dateModified":"2026-04-25T13:56:52+00:00","breadcrumb":{"@id":"https:\/\/now-news.de\/de\/deutschland\/rettungskrimi-um-wal-timmy-nun-soll-es-eine-rinne-ins-tiefere-wasser-richten\/#breadcrumb"},"inLanguage":"de","potentialAction":[{"@type":"ReadAction","target":["https:\/\/now-news.de\/de\/deutschland\/rettungskrimi-um-wal-timmy-nun-soll-es-eine-rinne-ins-tiefere-wasser-richten\/"]}]},{"@type":"ImageObject","inLanguage":"de","@id":"https:\/\/now-news.de\/de\/deutschland\/rettungskrimi-um-wal-timmy-nun-soll-es-eine-rinne-ins-tiefere-wasser-richten\/#primaryimage","url":"https:\/\/now-news.de\/de\/wp-content\/uploads\/sites\/3\/Rettungskrimi-um-Wal-Timmy-Nun-soll-es-eine-Rinne-ins.jpg","contentUrl":"https:\/\/now-news.de\/de\/wp-content\/uploads\/sites\/3\/Rettungskrimi-um-Wal-Timmy-Nun-soll-es-eine-Rinne-ins.jpg","caption":"Rettungskrimi um Wal Timmy: Nun soll es eine Rinne ins tiefere Wasser richten"},{"@type":"BreadcrumbList","@id":"https:\/\/now-news.de\/de\/deutschland\/rettungskrimi-um-wal-timmy-nun-soll-es-eine-rinne-ins-tiefere-wasser-richten\/#breadcrumb","itemListElement":[{"@type":"ListItem","position":1,"name":"Home","item":"https:\/\/now-news.de\/de\/"},{"@type":"ListItem","position":2,"name":"Rettungskrimi um Wal Timmy: Nun soll es eine Rinne ins tiefere Wasser richten"}]},{"@type":"WebSite","@id":"https:\/\/now-news.de\/de\/#website","url":"https:\/\/now-news.de\/de\/","name":"just-now.NEWS Deutschland","description":"Das Portal f\u00fcr unzensierte Nachrichten aus der Welt","publisher":{"@id":"https:\/\/now-news.de\/de\/#organization"},"potentialAction":[{"@type":"SearchAction","target":{"@type":"EntryPoint","urlTemplate":"https:\/\/now-news.de\/de\/?s={search_term_string}"},"query-input":"required name=search_term_string"}],"inLanguage":"de"},{"@type":"Organization","@id":"https:\/\/now-news.de\/de\/#organization","name":"Just Now News","url":"https:\/\/now-news.de\/de\/","logo":{"@type":"ImageObject","inLanguage":"de","@id":"https:\/\/now-news.de\/de\/#\/schema\/logo\/image\/","url":"http:\/\/just-now.news\/de\/wp-content\/uploads\/sites\/3\/2022\/04\/logo500x500.jpg","contentUrl":"http:\/\/just-now.news\/de\/wp-content\/uploads\/sites\/3\/2022\/04\/logo500x500.jpg","width":500,"height":500,"caption":"Just Now News"},"image":{"@id":"https:\/\/now-news.de\/de\/#\/schema\/logo\/image\/"},"sameAs":["https:\/\/www.facebook.com\/wirmachenauf","https:\/\/x.com\/WirMachenAuf_de"]},{"@type":"Person","@id":"https:\/\/now-news.de\/de\/#\/schema\/person\/fb534a4e865501d8b3285208df34a9b5","name":"rtnews","image":{"@type":"ImageObject","inLanguage":"de","@id":"https:\/\/now-news.de\/de\/#\/schema\/person\/image\/","url":"https:\/\/secure.gravatar.com\/avatar\/82aafea7d8127119dd649515f56e2117?s=96&d=mm&r=g","contentUrl":"https:\/\/secure.gravatar.com\/avatar\/82aafea7d8127119dd649515f56e2117?s=96&d=mm&r=g","caption":"rtnews"},"url":"https:\/\/now-news.de\/de\/author\/rnews\/"}]}},"_links":{"self":[{"href":"https:\/\/now-news.de\/de\/wp-json\/wp\/v2\/posts\/102277"}],"collection":[{"href":"https:\/\/now-news.de\/de\/wp-json\/wp\/v2\/posts"}],"about":[{"href":"https:\/\/now-news.de\/de\/wp-json\/wp\/v2\/types\/post"}],"author":[{"embeddable":true,"href":"https:\/\/now-news.de\/de\/wp-json\/wp\/v2\/users\/3"}],"replies":[{"embeddable":true,"href":"https:\/\/now-news.de\/de\/wp-json\/wp\/v2\/comments?post=102277"}],"version-history":[{"count":0,"href":"https:\/\/now-news.de\/de\/wp-json\/wp\/v2\/posts\/102277\/revisions"}],"wp:featuredmedia":[{"embeddable":true,"href":"https:\/\/now-news.de\/de\/wp-json\/wp\/v2\/media\/102278"}],"wp:attachment":[{"href":"https:\/\/now-news.de\/de\/wp-json\/wp\/v2\/media?parent=102277"}],"wp:term":[{"taxonomy":"category","embeddable":true,"href":"https:\/\/now-news.de\/de\/wp-json\/wp\/v2\/categories?post=102277"},{"taxonomy":"post_tag","embeddable":true,"href":"https:\/\/now-news.de\/de\/wp-json\/wp\/v2\/tags?post=102277"}],"curies":[{"name":"wp","href":"https:\/\/api.w.org\/{rel}","templated":true}]}}