{"id":102275,"date":"2026-04-25T15:23:35","date_gmt":"2026-04-25T13:23:35","guid":{"rendered":"https:\/\/now-news.de\/de\/deutschland\/umweltminister-backhaus-landesregierung-von-mecklenburg-vorpommern-duldet-walrettung-2\/"},"modified":"2026-04-25T15:23:35","modified_gmt":"2026-04-25T13:23:35","slug":"umweltminister-backhaus-landesregierung-von-mecklenburg-vorpommern-duldet-walrettung-2","status":"publish","type":"post","link":"https:\/\/now-news.de\/de\/deutschland\/umweltminister-backhaus-landesregierung-von-mecklenburg-vorpommern-duldet-walrettung-2\/","title":{"rendered":"Umweltminister Backhaus: Landesregierung von Mecklenburg-Vorpommern duldet Walrettung"},"content":{"rendered":"<p><img decoding=\"async\" src=\"https:\/\/now-news.de\/de\/wp-content\/uploads\/sites\/3\/2026\/04\/69ecc5dab480cc022509700b.jpg\" \/><\/p>\n<div class=\"Text-root Text-type_1 \">\n                Der Umweltminister des Landes Mecklenburg-Vorpommern gibt gr\u00fcnes Licht f\u00fcr die Initiative der privaten Walretter, das Tier auf einem Lastkahn in die Nordsee zu schleppen.\n            <\/div>\n<p><\/p>\n<div class=\"Text-root Text-type_5 ArticleView-text ViewText-root \">\n<p>Wie der Umweltminister von Mecklenburg-Vorpommern, Till Backhaus (SPD), in einem heutigen Pressestatement bekannt gab, hat die Landesregierung nichts gegen das in der vergangenen Nacht noch einmal verbesserte Konzept zur Rettung des Wales Timmy einzuwenden. Dies sei in Absprache mit dem Landesveterin\u00e4ramt und Tiersch\u00fctzern entschieden worden. F\u00fcr seine Stellungnahme war Backhaus extra auf die Ostseeinsel Poel angereist.<\/p>\n<p>Dabei verwahrte sich Backhaus gegen die Darstellungen der Medien, die Initiative zur Walrettung sei genehmigungspflichtig. Stattdessen sei es so, dass derjenige, der ein Wildtier findet, f\u00fcr es verantwortlich sei. Die Landesregierung k\u00f6nne dann solche Projekte wie mit Timmy entweder dulden oder untersagen.<\/p>\n<p>Bei Timmy sei die Entscheidung gefallen, den Rettungsversuch zu dulden. Daf\u00fcr spr\u00e4chen die Daten und Fakten. Veterin\u00e4re hatten das Tier untersucht und f\u00fcr transportf\u00e4hig befunden. Das Tier lebe und atme regelm\u00e4\u00dfig, also solle ein Rettungsversuch durchgef\u00fchrt werden. Die Landesregierung werde die Unternehmung lediglich \u00fcberwachen und begleiten. Der Umweltminister f\u00fcgte hinzu, es sei jetzt sicher festgestellt, dass es sich bei Timmy um einen vier bis sechs Jahre alten Bullen, also ein m\u00e4nnliches Tier handelte.<\/p>\n<p>Backhaus verwahrte sich in seiner Stellungnahme auch gegen Kritik, er \u00fcbertreibe es mit dem Wal. Nach Einsch\u00e4tzung einiger Experten sollte der Wal jetzt schon tot sein. Dies sei aber keineswegs der Fall. Er verlasse sich dagegen auf die Initiative der Walretter und sei ihnen dankbar f\u00fcr ihr Engagement. Medien, die ihn ins L\u00e4cherliche z\u00f6gen, werde er kein Interview mehr geben.<\/p>\n<p>Er selbst werde morgen wieder zur Stelle sein, wenn es mit der Walrettung hoffentlich losgehe. Sicher konnte man nie sein. Das Wetter k\u00f6nnte einen Strich durch die Rechnung machen oder der Wal selbst.<\/p>\n<p><strong>Mehr zum Thema<\/strong> &#8211; <a rel=\"nofollow noopener\" target=\"_blank\" href=\"https:\/\/freedert.online\/schweiz\/216148-spektakulaerer-fund-riesiger-pottwal-am\/\">Spektakul\u00e4rer Fonds: Riesiger Pottwal am Z\u00fcrichsee &#8220;gestrandet&#8221;<\/a><\/p>\n<div class=\"EmbedBlock-root EmbedBlock-externalVideo EmbedBlock-rumble\">\n<div class=\"VkEmbed\"><iframe class=\"lazyload\" data-src=\"https:\/\/rumble.com\/embed\/v5gj071\" frameborder=\"0\" width=\"853\" height=\"480\" allowfullscreen><\/iframe><\/div>\n<\/div>\n<\/div>\n<p><br \/>\n<br \/><a href=\"https:\/\/de.rt.com\/inland\/278193-umweltminister-backhaus-landesregierung-von-mecklenburg-vorpommern-duldet-walrettung\/\">Source link <\/a><\/p>\n","protected":false},"excerpt":{"rendered":"<p>Der Umweltminister des Landes Mecklenburg-Vorpommern gibt gr\u00fcnes Licht f\u00fcr die Initiative der privaten Walretter, das Tier auf einem Lastkahn in die Nordsee zu schleppen. Wie der Umweltminister von Mecklenburg-Vorpommern, Till Backhaus (SPD), in einem heutigen Pressestatement bekannt gab, hat die Landesregierung nichts gegen das in der vergangenen Nacht noch einmal verbesserte Konzept zur Rettung des [&hellip;]<\/p>\n","protected":false},"author":3,"featured_media":102276,"comment_status":"open","ping_status":"open","sticky":false,"template":"","format":"standard","meta":{"_yoast_indexnow_last_ping":["1777125133"],"wp_automatic_camp":["217"],"d07aa1cfe920c919fb06073546b98bea":["Umweltminister Backhaus: Landesregierung von Mecklenburg-Vorpommern duldet Walrettung"],"original_link":["https:\/\/de.rt.com\/inland\/278193-umweltminister-backhaus-landesregierung-von-mecklenburg-vorpommern-duldet-walrettung\/"],"_thumbnail_id":["102276"],"jnews_social_counter_last_update":["1777132366"],"_wptgpro_p2tg_sent2tg":["a:1:{i:23737;s:19:\"2026-04-25 15:53:15\";}"]},"categories":[19,23],"tags":[72621,59823,36875,1941,72374,50,72622],"yoast_head":"<!-- This site is optimized with the Yoast SEO Premium plugin v22.7 (Yoast SEO v22.7) - https:\/\/yoast.com\/wordpress\/plugins\/seo\/ -->\n<title>Umweltminister Backhaus: Landesregierung von Mecklenburg-Vorpommern duldet Walrettung - just-now.NEWS Deutschland<\/title>\n<meta name=\"robots\" content=\"index, follow, max-snippet:-1, max-image-preview:large, max-video-preview:-1\" \/>\n<link rel=\"canonical\" href=\"https:\/\/now-news.de\/de\/deutschland\/umweltminister-backhaus-landesregierung-von-mecklenburg-vorpommern-duldet-walrettung-2\/\" \/>\n<meta property=\"og:locale\" content=\"de_DE\" \/>\n<meta property=\"og:type\" content=\"article\" \/>\n<meta property=\"og:title\" content=\"Umweltminister Backhaus: Landesregierung von Mecklenburg-Vorpommern duldet Walrettung\" \/>\n<meta property=\"og:description\" content=\"Der Umweltminister des Landes Mecklenburg-Vorpommern gibt gr\u00fcnes Licht f\u00fcr die Initiative der privaten Walretter, das Tier auf einem Lastkahn in die Nordsee zu schleppen. Wie der Umweltminister von Mecklenburg-Vorpommern, Till Backhaus (SPD), in einem heutigen Pressestatement bekannt gab, hat die Landesregierung nichts gegen das in der vergangenen Nacht noch einmal verbesserte Konzept zur Rettung des [&hellip;]\" \/>\n<meta property=\"og:url\" content=\"https:\/\/now-news.de\/de\/deutschland\/umweltminister-backhaus-landesregierung-von-mecklenburg-vorpommern-duldet-walrettung-2\/\" \/>\n<meta property=\"og:site_name\" content=\"just-now.NEWS Deutschland\" \/>\n<meta property=\"article:publisher\" content=\"https:\/\/www.facebook.com\/wirmachenauf\" \/>\n<meta property=\"article:published_time\" content=\"2026-04-25T13:23:35+00:00\" \/>\n<meta property=\"og:image\" content=\"https:\/\/now-news.de\/de\/wp-content\/uploads\/sites\/3\/2026\/04\/69ecc5dab480cc022509700b.jpg\" \/>\n<meta name=\"author\" content=\"rtnews\" \/>\n<meta name=\"twitter:card\" content=\"summary_large_image\" \/>\n<meta name=\"twitter:creator\" content=\"@WirMachenAuf_de\" \/>\n<meta name=\"twitter:site\" content=\"@WirMachenAuf_de\" \/>\n<meta name=\"twitter:label1\" content=\"Verfasst von\" \/>\n\t<meta name=\"twitter:data1\" content=\"rtnews\" \/>\n\t<meta name=\"twitter:label2\" content=\"Gesch\u00e4tzte Lesezeit\" \/>\n\t<meta name=\"twitter:data2\" content=\"2\u00a0Minuten\" \/>\n<script type=\"application\/ld+json\" class=\"yoast-schema-graph\">{\"@context\":\"https:\/\/schema.org\",\"@graph\":[{\"@type\":\"Article\",\"@id\":\"https:\/\/now-news.de\/de\/deutschland\/umweltminister-backhaus-landesregierung-von-mecklenburg-vorpommern-duldet-walrettung-2\/#article\",\"isPartOf\":{\"@id\":\"https:\/\/now-news.de\/de\/deutschland\/umweltminister-backhaus-landesregierung-von-mecklenburg-vorpommern-duldet-walrettung-2\/\"},\"author\":{\"name\":\"rtnews\",\"@id\":\"https:\/\/now-news.de\/de\/#\/schema\/person\/fb534a4e865501d8b3285208df34a9b5\"},\"headline\":\"Umweltminister Backhaus: Landesregierung von Mecklenburg-Vorpommern duldet Walrettung\",\"datePublished\":\"2026-04-25T13:23:35+00:00\",\"dateModified\":\"2026-04-25T13:23:35+00:00\",\"mainEntityOfPage\":{\"@id\":\"https:\/\/now-news.de\/de\/deutschland\/umweltminister-backhaus-landesregierung-von-mecklenburg-vorpommern-duldet-walrettung-2\/\"},\"wordCount\":332,\"commentCount\":0,\"publisher\":{\"@id\":\"https:\/\/now-news.de\/de\/#organization\"},\"image\":{\"@id\":\"https:\/\/now-news.de\/de\/deutschland\/umweltminister-backhaus-landesregierung-von-mecklenburg-vorpommern-duldet-walrettung-2\/#primaryimage\"},\"thumbnailUrl\":\"https:\/\/now-news.de\/de\/wp-content\/uploads\/sites\/3\/Umweltminister-Backhaus-Landesregierung-von-Mecklenburg-Vorpommern-duldet-Walrettung.jpg\",\"keywords\":[\"Backhaus\",\"duldet\",\"Landesregierung\",\"MecklenburgVorpommern\",\"Umweltminister\",\"von\",\"Walrettung\"],\"articleSection\":[\"Deutschland\",\"Russland\"],\"inLanguage\":\"de\",\"potentialAction\":[{\"@type\":\"CommentAction\",\"name\":\"Comment\",\"target\":[\"https:\/\/now-news.de\/de\/deutschland\/umweltminister-backhaus-landesregierung-von-mecklenburg-vorpommern-duldet-walrettung-2\/#respond\"]}]},{\"@type\":\"WebPage\",\"@id\":\"https:\/\/now-news.de\/de\/deutschland\/umweltminister-backhaus-landesregierung-von-mecklenburg-vorpommern-duldet-walrettung-2\/\",\"url\":\"https:\/\/now-news.de\/de\/deutschland\/umweltminister-backhaus-landesregierung-von-mecklenburg-vorpommern-duldet-walrettung-2\/\",\"name\":\"Umweltminister Backhaus: Landesregierung von Mecklenburg-Vorpommern duldet Walrettung - just-now.NEWS Deutschland\",\"isPartOf\":{\"@id\":\"https:\/\/now-news.de\/de\/#website\"},\"primaryImageOfPage\":{\"@id\":\"https:\/\/now-news.de\/de\/deutschland\/umweltminister-backhaus-landesregierung-von-mecklenburg-vorpommern-duldet-walrettung-2\/#primaryimage\"},\"image\":{\"@id\":\"https:\/\/now-news.de\/de\/deutschland\/umweltminister-backhaus-landesregierung-von-mecklenburg-vorpommern-duldet-walrettung-2\/#primaryimage\"},\"thumbnailUrl\":\"https:\/\/now-news.de\/de\/wp-content\/uploads\/sites\/3\/Umweltminister-Backhaus-Landesregierung-von-Mecklenburg-Vorpommern-duldet-Walrettung.jpg\",\"datePublished\":\"2026-04-25T13:23:35+00:00\",\"dateModified\":\"2026-04-25T13:23:35+00:00\",\"breadcrumb\":{\"@id\":\"https:\/\/now-news.de\/de\/deutschland\/umweltminister-backhaus-landesregierung-von-mecklenburg-vorpommern-duldet-walrettung-2\/#breadcrumb\"},\"inLanguage\":\"de\",\"potentialAction\":[{\"@type\":\"ReadAction\",\"target\":[\"https:\/\/now-news.de\/de\/deutschland\/umweltminister-backhaus-landesregierung-von-mecklenburg-vorpommern-duldet-walrettung-2\/\"]}]},{\"@type\":\"ImageObject\",\"inLanguage\":\"de\",\"@id\":\"https:\/\/now-news.de\/de\/deutschland\/umweltminister-backhaus-landesregierung-von-mecklenburg-vorpommern-duldet-walrettung-2\/#primaryimage\",\"url\":\"https:\/\/now-news.de\/de\/wp-content\/uploads\/sites\/3\/Umweltminister-Backhaus-Landesregierung-von-Mecklenburg-Vorpommern-duldet-Walrettung.jpg\",\"contentUrl\":\"https:\/\/now-news.de\/de\/wp-content\/uploads\/sites\/3\/Umweltminister-Backhaus-Landesregierung-von-Mecklenburg-Vorpommern-duldet-Walrettung.jpg\",\"caption\":\"Umweltminister Backhaus: Landesregierung von Mecklenburg-Vorpommern duldet Walrettung\"},{\"@type\":\"BreadcrumbList\",\"@id\":\"https:\/\/now-news.de\/de\/deutschland\/umweltminister-backhaus-landesregierung-von-mecklenburg-vorpommern-duldet-walrettung-2\/#breadcrumb\",\"itemListElement\":[{\"@type\":\"ListItem\",\"position\":1,\"name\":\"Home\",\"item\":\"https:\/\/now-news.de\/de\/\"},{\"@type\":\"ListItem\",\"position\":2,\"name\":\"Umweltminister Backhaus: Landesregierung von Mecklenburg-Vorpommern duldet Walrettung\"}]},{\"@type\":\"WebSite\",\"@id\":\"https:\/\/now-news.de\/de\/#website\",\"url\":\"https:\/\/now-news.de\/de\/\",\"name\":\"just-now.NEWS Deutschland\",\"description\":\"Das Portal f\u00fcr unzensierte Nachrichten aus der Welt\",\"publisher\":{\"@id\":\"https:\/\/now-news.de\/de\/#organization\"},\"potentialAction\":[{\"@type\":\"SearchAction\",\"target\":{\"@type\":\"EntryPoint\",\"urlTemplate\":\"https:\/\/now-news.de\/de\/?s={search_term_string}\"},\"query-input\":\"required name=search_term_string\"}],\"inLanguage\":\"de\"},{\"@type\":\"Organization\",\"@id\":\"https:\/\/now-news.de\/de\/#organization\",\"name\":\"Just Now News\",\"url\":\"https:\/\/now-news.de\/de\/\",\"logo\":{\"@type\":\"ImageObject\",\"inLanguage\":\"de\",\"@id\":\"https:\/\/now-news.de\/de\/#\/schema\/logo\/image\/\",\"url\":\"http:\/\/just-now.news\/de\/wp-content\/uploads\/sites\/3\/2022\/04\/logo500x500.jpg\",\"contentUrl\":\"http:\/\/just-now.news\/de\/wp-content\/uploads\/sites\/3\/2022\/04\/logo500x500.jpg\",\"width\":500,\"height\":500,\"caption\":\"Just Now News\"},\"image\":{\"@id\":\"https:\/\/now-news.de\/de\/#\/schema\/logo\/image\/\"},\"sameAs\":[\"https:\/\/www.facebook.com\/wirmachenauf\",\"https:\/\/x.com\/WirMachenAuf_de\"]},{\"@type\":\"Person\",\"@id\":\"https:\/\/now-news.de\/de\/#\/schema\/person\/fb534a4e865501d8b3285208df34a9b5\",\"name\":\"rtnews\",\"image\":{\"@type\":\"ImageObject\",\"inLanguage\":\"de\",\"@id\":\"https:\/\/now-news.de\/de\/#\/schema\/person\/image\/\",\"url\":\"https:\/\/secure.gravatar.com\/avatar\/82aafea7d8127119dd649515f56e2117?s=96&d=mm&r=g\",\"contentUrl\":\"https:\/\/secure.gravatar.com\/avatar\/82aafea7d8127119dd649515f56e2117?s=96&d=mm&r=g\",\"caption\":\"rtnews\"},\"url\":\"https:\/\/now-news.de\/de\/author\/rnews\/\"}]}<\/script>\n<!-- \/ Yoast SEO Premium plugin. -->","yoast_head_json":{"title":"Umweltminister Backhaus: Landesregierung von Mecklenburg-Vorpommern duldet Walrettung - just-now.NEWS Deutschland","robots":{"index":"index","follow":"follow","max-snippet":"max-snippet:-1","max-image-preview":"max-image-preview:large","max-video-preview":"max-video-preview:-1"},"canonical":"https:\/\/now-news.de\/de\/deutschland\/umweltminister-backhaus-landesregierung-von-mecklenburg-vorpommern-duldet-walrettung-2\/","og_locale":"de_DE","og_type":"article","og_title":"Umweltminister Backhaus: Landesregierung von Mecklenburg-Vorpommern duldet Walrettung","og_description":"Der Umweltminister des Landes Mecklenburg-Vorpommern gibt gr\u00fcnes Licht f\u00fcr die Initiative der privaten Walretter, das Tier auf einem Lastkahn in die Nordsee zu schleppen. Wie der Umweltminister von Mecklenburg-Vorpommern, Till Backhaus (SPD), in einem heutigen Pressestatement bekannt gab, hat die Landesregierung nichts gegen das in der vergangenen Nacht noch einmal verbesserte Konzept zur Rettung des [&hellip;]","og_url":"https:\/\/now-news.de\/de\/deutschland\/umweltminister-backhaus-landesregierung-von-mecklenburg-vorpommern-duldet-walrettung-2\/","og_site_name":"just-now.NEWS Deutschland","article_publisher":"https:\/\/www.facebook.com\/wirmachenauf","article_published_time":"2026-04-25T13:23:35+00:00","og_image":[{"url":"https:\/\/now-news.de\/de\/wp-content\/uploads\/sites\/3\/2026\/04\/69ecc5dab480cc022509700b.jpg"}],"author":"rtnews","twitter_card":"summary_large_image","twitter_creator":"@WirMachenAuf_de","twitter_site":"@WirMachenAuf_de","twitter_misc":{"Verfasst von":"rtnews","Gesch\u00e4tzte Lesezeit":"2\u00a0Minuten"},"schema":{"@context":"https:\/\/schema.org","@graph":[{"@type":"Article","@id":"https:\/\/now-news.de\/de\/deutschland\/umweltminister-backhaus-landesregierung-von-mecklenburg-vorpommern-duldet-walrettung-2\/#article","isPartOf":{"@id":"https:\/\/now-news.de\/de\/deutschland\/umweltminister-backhaus-landesregierung-von-mecklenburg-vorpommern-duldet-walrettung-2\/"},"author":{"name":"rtnews","@id":"https:\/\/now-news.de\/de\/#\/schema\/person\/fb534a4e865501d8b3285208df34a9b5"},"headline":"Umweltminister Backhaus: Landesregierung von Mecklenburg-Vorpommern duldet Walrettung","datePublished":"2026-04-25T13:23:35+00:00","dateModified":"2026-04-25T13:23:35+00:00","mainEntityOfPage":{"@id":"https:\/\/now-news.de\/de\/deutschland\/umweltminister-backhaus-landesregierung-von-mecklenburg-vorpommern-duldet-walrettung-2\/"},"wordCount":332,"commentCount":0,"publisher":{"@id":"https:\/\/now-news.de\/de\/#organization"},"image":{"@id":"https:\/\/now-news.de\/de\/deutschland\/umweltminister-backhaus-landesregierung-von-mecklenburg-vorpommern-duldet-walrettung-2\/#primaryimage"},"thumbnailUrl":"https:\/\/now-news.de\/de\/wp-content\/uploads\/sites\/3\/Umweltminister-Backhaus-Landesregierung-von-Mecklenburg-Vorpommern-duldet-Walrettung.jpg","keywords":["Backhaus","duldet","Landesregierung","MecklenburgVorpommern","Umweltminister","von","Walrettung"],"articleSection":["Deutschland","Russland"],"inLanguage":"de","potentialAction":[{"@type":"CommentAction","name":"Comment","target":["https:\/\/now-news.de\/de\/deutschland\/umweltminister-backhaus-landesregierung-von-mecklenburg-vorpommern-duldet-walrettung-2\/#respond"]}]},{"@type":"WebPage","@id":"https:\/\/now-news.de\/de\/deutschland\/umweltminister-backhaus-landesregierung-von-mecklenburg-vorpommern-duldet-walrettung-2\/","url":"https:\/\/now-news.de\/de\/deutschland\/umweltminister-backhaus-landesregierung-von-mecklenburg-vorpommern-duldet-walrettung-2\/","name":"Umweltminister Backhaus: Landesregierung von Mecklenburg-Vorpommern duldet Walrettung - just-now.NEWS Deutschland","isPartOf":{"@id":"https:\/\/now-news.de\/de\/#website"},"primaryImageOfPage":{"@id":"https:\/\/now-news.de\/de\/deutschland\/umweltminister-backhaus-landesregierung-von-mecklenburg-vorpommern-duldet-walrettung-2\/#primaryimage"},"image":{"@id":"https:\/\/now-news.de\/de\/deutschland\/umweltminister-backhaus-landesregierung-von-mecklenburg-vorpommern-duldet-walrettung-2\/#primaryimage"},"thumbnailUrl":"https:\/\/now-news.de\/de\/wp-content\/uploads\/sites\/3\/Umweltminister-Backhaus-Landesregierung-von-Mecklenburg-Vorpommern-duldet-Walrettung.jpg","datePublished":"2026-04-25T13:23:35+00:00","dateModified":"2026-04-25T13:23:35+00:00","breadcrumb":{"@id":"https:\/\/now-news.de\/de\/deutschland\/umweltminister-backhaus-landesregierung-von-mecklenburg-vorpommern-duldet-walrettung-2\/#breadcrumb"},"inLanguage":"de","potentialAction":[{"@type":"ReadAction","target":["https:\/\/now-news.de\/de\/deutschland\/umweltminister-backhaus-landesregierung-von-mecklenburg-vorpommern-duldet-walrettung-2\/"]}]},{"@type":"ImageObject","inLanguage":"de","@id":"https:\/\/now-news.de\/de\/deutschland\/umweltminister-backhaus-landesregierung-von-mecklenburg-vorpommern-duldet-walrettung-2\/#primaryimage","url":"https:\/\/now-news.de\/de\/wp-content\/uploads\/sites\/3\/Umweltminister-Backhaus-Landesregierung-von-Mecklenburg-Vorpommern-duldet-Walrettung.jpg","contentUrl":"https:\/\/now-news.de\/de\/wp-content\/uploads\/sites\/3\/Umweltminister-Backhaus-Landesregierung-von-Mecklenburg-Vorpommern-duldet-Walrettung.jpg","caption":"Umweltminister Backhaus: Landesregierung von Mecklenburg-Vorpommern duldet Walrettung"},{"@type":"BreadcrumbList","@id":"https:\/\/now-news.de\/de\/deutschland\/umweltminister-backhaus-landesregierung-von-mecklenburg-vorpommern-duldet-walrettung-2\/#breadcrumb","itemListElement":[{"@type":"ListItem","position":1,"name":"Home","item":"https:\/\/now-news.de\/de\/"},{"@type":"ListItem","position":2,"name":"Umweltminister Backhaus: Landesregierung von Mecklenburg-Vorpommern duldet Walrettung"}]},{"@type":"WebSite","@id":"https:\/\/now-news.de\/de\/#website","url":"https:\/\/now-news.de\/de\/","name":"just-now.NEWS Deutschland","description":"Das Portal f\u00fcr unzensierte Nachrichten aus der Welt","publisher":{"@id":"https:\/\/now-news.de\/de\/#organization"},"potentialAction":[{"@type":"SearchAction","target":{"@type":"EntryPoint","urlTemplate":"https:\/\/now-news.de\/de\/?s={search_term_string}"},"query-input":"required name=search_term_string"}],"inLanguage":"de"},{"@type":"Organization","@id":"https:\/\/now-news.de\/de\/#organization","name":"Just Now News","url":"https:\/\/now-news.de\/de\/","logo":{"@type":"ImageObject","inLanguage":"de","@id":"https:\/\/now-news.de\/de\/#\/schema\/logo\/image\/","url":"http:\/\/just-now.news\/de\/wp-content\/uploads\/sites\/3\/2022\/04\/logo500x500.jpg","contentUrl":"http:\/\/just-now.news\/de\/wp-content\/uploads\/sites\/3\/2022\/04\/logo500x500.jpg","width":500,"height":500,"caption":"Just Now News"},"image":{"@id":"https:\/\/now-news.de\/de\/#\/schema\/logo\/image\/"},"sameAs":["https:\/\/www.facebook.com\/wirmachenauf","https:\/\/x.com\/WirMachenAuf_de"]},{"@type":"Person","@id":"https:\/\/now-news.de\/de\/#\/schema\/person\/fb534a4e865501d8b3285208df34a9b5","name":"rtnews","image":{"@type":"ImageObject","inLanguage":"de","@id":"https:\/\/now-news.de\/de\/#\/schema\/person\/image\/","url":"https:\/\/secure.gravatar.com\/avatar\/82aafea7d8127119dd649515f56e2117?s=96&d=mm&r=g","contentUrl":"https:\/\/secure.gravatar.com\/avatar\/82aafea7d8127119dd649515f56e2117?s=96&d=mm&r=g","caption":"rtnews"},"url":"https:\/\/now-news.de\/de\/author\/rnews\/"}]}},"_links":{"self":[{"href":"https:\/\/now-news.de\/de\/wp-json\/wp\/v2\/posts\/102275"}],"collection":[{"href":"https:\/\/now-news.de\/de\/wp-json\/wp\/v2\/posts"}],"about":[{"href":"https:\/\/now-news.de\/de\/wp-json\/wp\/v2\/types\/post"}],"author":[{"embeddable":true,"href":"https:\/\/now-news.de\/de\/wp-json\/wp\/v2\/users\/3"}],"replies":[{"embeddable":true,"href":"https:\/\/now-news.de\/de\/wp-json\/wp\/v2\/comments?post=102275"}],"version-history":[{"count":0,"href":"https:\/\/now-news.de\/de\/wp-json\/wp\/v2\/posts\/102275\/revisions"}],"wp:featuredmedia":[{"embeddable":true,"href":"https:\/\/now-news.de\/de\/wp-json\/wp\/v2\/media\/102276"}],"wp:attachment":[{"href":"https:\/\/now-news.de\/de\/wp-json\/wp\/v2\/media?parent=102275"}],"wp:term":[{"taxonomy":"category","embeddable":true,"href":"https:\/\/now-news.de\/de\/wp-json\/wp\/v2\/categories?post=102275"},{"taxonomy":"post_tag","embeddable":true,"href":"https:\/\/now-news.de\/de\/wp-json\/wp\/v2\/tags?post=102275"}],"curies":[{"name":"wp","href":"https:\/\/api.w.org\/{rel}","templated":true}]}}