{"id":102268,"date":"2026-04-25T13:57:32","date_gmt":"2026-04-25T11:57:32","guid":{"rendered":"https:\/\/now-news.de\/de\/deutschland\/wegen-iran-krieg-spd-fraktionschef-miersch-will-schuldenbremse-erneut-aussetzen\/"},"modified":"2026-04-25T13:57:32","modified_gmt":"2026-04-25T11:57:32","slug":"wegen-iran-krieg-spd-fraktionschef-miersch-will-schuldenbremse-erneut-aussetzen","status":"publish","type":"post","link":"https:\/\/now-news.de\/de\/deutschland\/wegen-iran-krieg-spd-fraktionschef-miersch-will-schuldenbremse-erneut-aussetzen\/","title":{"rendered":"Wegen Iran-Krieg: SPD-Fraktionschef Miersch will Schuldenbremse erneut aussetzen"},"content":{"rendered":"<p><img decoding=\"async\" src=\"https:\/\/now-news.de\/de\/wp-content\/uploads\/sites\/3\/2026\/04\/69ec9722b480cc450b44f2cc.jpg\" \/><\/p>\n<div class=\"Text-root Text-type_1 \">\n                F\u00fcr die GroKo dient der Krieg gegen Iran und die sich damit drastisch verschlimmernde Energie- und Wirtschaftskrise offenbar als willkommene Blaupause, um weitere Schulden zu machen und zuk\u00fcnftige Generationen noch st\u00e4rker zu belasten.\n            <\/div>\n<p><\/p>\n<div class=\"Text-root Text-type_5 ArticleView-text ViewText-root \">\n<p>SPD-Fraktionschef Matthias Miersch hat eine weitere Schuldenexplosion nicht ausgeschlossen, sollte die Folgen des Iran-Kriegs die ohnehin angeschlagene deutsche Wirtschaft in Bedr\u00e4ngnis bringen. &#8220;Der Staat hat die Aufgabe, einen Zusammenbruch unserer Wirtschaft zu verhindern&#8221;, sagte Miersch der <em>Neuen Osnabr\u00fccker Zeitung<\/em> und stellte sich und die Bundesregierung gleich als Retter dar: &#8220;Ich will keinen Teufel an die Wand malen, aber nat\u00fcrlich m\u00fcssen im schlimmsten Fall alle Optionen auf den Tisch.&#8221; Dazu k\u00f6nne auch z\u00e4hlen, eine Haushaltsnotlage auszurufen, also einen Beschluss zur \u00dcberschreitung der Schuldenbremse zu fassen, und wom\u00f6glich neue Schulden aufzunehmen, meinte der SPD-Politiker.<\/p>\n<p>Das w\u00fcrde bedeuten, dass der Bundestag die Ausnahmeregelung der Schuldenbremse im Grundgesetz nutzt. So kann der Bund in &#8220;au\u00dfergew\u00f6hnlichen Notsituationen&#8221; mehr Kredite aufnehmen als normalerweise erlaubt. Bereits als eine ihrer ersten Amtshandlungen hatte die neue Bundesregierung im Fr\u00fchjahr 2025 unter Friedrich Merz (CDU) zusammen mit dem alten Bundestag ein bis dato in dieser H\u00f6he ungekanntes Schuldenpaket beschlossen und dieses als &#8220;Sonderverm\u00f6gen&#8221; in H\u00f6he von 500 Milliarden Euro deklariert. Derzeit werfen Wirtschaftsforschungsinstitute der GroKo vor, dass ein Gro\u00dfteil dieser Gelder nicht &#8220;zus\u00e4tzlich&#8221; investiert, sondern zur Entlastung des Kernhaushalts verwendet wird und somit nicht seinem eigentlichen Zweck, der Sanierung der Infrastruktur, zukommt. Kritiker werfen der Regierung vor, das Geld zu &#8220;verpulvern&#8221;.<\/p>\n<p>Die SPD scheint all das allerdings nicht zu beeindrucken. Miersch warnte vor den wirtschaftlichen Folgen einer Blockade der Stra\u00dfe von Hormus \u00fcber den \u00d6lmarkt hinaus: &#8220;Es geht l\u00e4ngst nicht nur ums Tanken oder Fliegen, ganze Lieferketten drohen zu rei\u00dfen, mit massiven wirtschaftlichen Auswirkungen&#8221;, sagte er. Man m\u00fcsse im Zweifel bereit sein, &#8220;den Zusammenhalt in dieser Gesellschaft zu organisieren. Auch mit m\u00f6glichen weiteren Entlastungen.&#8221;<\/p>\n<p>Ganz offensichtlich hat Miersch vergessen, welche Partei unter Bundeskanzler Olaf Scholz (SPD) die Zerst\u00f6rung von Nord Stream 2 achselzuckend zur Kenntnis genommen hat. Zudem hat sie durch antirussische Sanktionen und die Abkehr von der Atomkraft die deutsche Energie- und Wirtschaftskrise massiv befeuert und viele Firmen ins Ausland gedr\u00e4ngt.<\/p>\n<p>Weiterhin sch\u00fcrte Miersch Panik, um neue Schulden zu rechtfertigen. Darauf angesprochen, dass die fr\u00fchere Ampelkoalition mit Gr\u00fcnen und FDP am Streit unter anderem \u00fcber die Schuldenbremse zerbrochen war, erwiderte er: &#8220;Wer eine solche Herangehensweise kategorisch ausschlie\u00dft, anstelle die notwendigen Vorkehrungen zu treffen, dem sind die Dimensionen der Verwerfungen offenbar nicht bewusst, die bei einer Fortdauer der Iran-Krise auf uns zukommen.&#8221;<\/p>\n<p><strong>Mehr zum Thema<\/strong>\u00a0\u2012\u00a0<a rel=\"nofollow noopener\" target=\"_blank\" href=\"https:\/\/freedert.online\/kurzclips\/video\/277182-wirtschaft-unter-druck-tankrabatt-und\/\">Wirtschaft unter Druck: Tankrabatt und Pr\u00e4mien sto\u00dfen auf Kritik<\/a><\/p>\n<\/p>\n<\/div>\n<p><br \/>\n<br \/><a href=\"https:\/\/de.rt.com\/inland\/278174-wegen-irankrieg-spd-fraktionschef-miersch\/\">Source link <\/a><\/p>\n","protected":false},"excerpt":{"rendered":"<p>F\u00fcr die GroKo dient der Krieg gegen Iran und die sich damit drastisch verschlimmernde Energie- und Wirtschaftskrise offenbar als willkommene Blaupause, um weitere Schulden zu machen und zuk\u00fcnftige Generationen noch st\u00e4rker zu belasten. SPD-Fraktionschef Matthias Miersch hat eine weitere Schuldenexplosion nicht ausgeschlossen, sollte die Folgen des Iran-Kriegs die ohnehin angeschlagene deutsche Wirtschaft in Bedr\u00e4ngnis bringen. [&hellip;]<\/p>\n","protected":false},"author":3,"featured_media":102269,"comment_status":"open","ping_status":"open","sticky":false,"template":"","format":"standard","meta":{"_yoast_indexnow_last_ping":["1777118414"],"wp_automatic_camp":["217"],"532d9909661cb4adeae05eab54b719c8":["Wegen Iran-Krieg: SPD-Fraktionschef Miersch will Schuldenbremse erneut aussetzen"],"original_link":["https:\/\/de.rt.com\/inland\/278174-wegen-irankrieg-spd-fraktionschef-miersch\/"],"_thumbnail_id":["102269"],"jnews_social_counter_last_update":["1777494400"],"_wptgpro_p2tg_sent2tg":["a:1:{i:23737;s:19:\"2026-04-25 14:01:15\";}"]},"categories":[19,23],"tags":[21997,781,52995,59236,50669,35387,145],"yoast_head":"<!-- This site is optimized with the Yoast SEO Premium plugin v22.7 (Yoast SEO v22.7) - https:\/\/yoast.com\/wordpress\/plugins\/seo\/ -->\n<title>Wegen Iran-Krieg: SPD-Fraktionschef Miersch will Schuldenbremse erneut aussetzen - just-now.NEWS Deutschland<\/title>\n<meta name=\"robots\" content=\"index, follow, max-snippet:-1, max-image-preview:large, max-video-preview:-1\" \/>\n<link rel=\"canonical\" href=\"https:\/\/now-news.de\/de\/deutschland\/wegen-iran-krieg-spd-fraktionschef-miersch-will-schuldenbremse-erneut-aussetzen\/\" \/>\n<meta property=\"og:locale\" content=\"de_DE\" \/>\n<meta property=\"og:type\" content=\"article\" \/>\n<meta property=\"og:title\" content=\"Wegen Iran-Krieg: SPD-Fraktionschef Miersch will Schuldenbremse erneut aussetzen\" \/>\n<meta property=\"og:description\" content=\"F\u00fcr die GroKo dient der Krieg gegen Iran und die sich damit drastisch verschlimmernde Energie- und Wirtschaftskrise offenbar als willkommene Blaupause, um weitere Schulden zu machen und zuk\u00fcnftige Generationen noch st\u00e4rker zu belasten. SPD-Fraktionschef Matthias Miersch hat eine weitere Schuldenexplosion nicht ausgeschlossen, sollte die Folgen des Iran-Kriegs die ohnehin angeschlagene deutsche Wirtschaft in Bedr\u00e4ngnis bringen. [&hellip;]\" \/>\n<meta property=\"og:url\" content=\"https:\/\/now-news.de\/de\/deutschland\/wegen-iran-krieg-spd-fraktionschef-miersch-will-schuldenbremse-erneut-aussetzen\/\" \/>\n<meta property=\"og:site_name\" content=\"just-now.NEWS Deutschland\" \/>\n<meta property=\"article:publisher\" content=\"https:\/\/www.facebook.com\/wirmachenauf\" \/>\n<meta property=\"article:published_time\" content=\"2026-04-25T11:57:32+00:00\" \/>\n<meta property=\"og:image\" content=\"https:\/\/now-news.de\/de\/wp-content\/uploads\/sites\/3\/2026\/04\/69ec9722b480cc450b44f2cc.jpg\" \/>\n<meta name=\"author\" content=\"rtnews\" \/>\n<meta name=\"twitter:card\" content=\"summary_large_image\" \/>\n<meta name=\"twitter:creator\" content=\"@WirMachenAuf_de\" \/>\n<meta name=\"twitter:site\" content=\"@WirMachenAuf_de\" \/>\n<meta name=\"twitter:label1\" content=\"Verfasst von\" \/>\n\t<meta name=\"twitter:data1\" content=\"rtnews\" \/>\n\t<meta name=\"twitter:label2\" content=\"Gesch\u00e4tzte Lesezeit\" \/>\n\t<meta name=\"twitter:data2\" content=\"2\u00a0Minuten\" \/>\n<script type=\"application\/ld+json\" class=\"yoast-schema-graph\">{\"@context\":\"https:\/\/schema.org\",\"@graph\":[{\"@type\":\"Article\",\"@id\":\"https:\/\/now-news.de\/de\/deutschland\/wegen-iran-krieg-spd-fraktionschef-miersch-will-schuldenbremse-erneut-aussetzen\/#article\",\"isPartOf\":{\"@id\":\"https:\/\/now-news.de\/de\/deutschland\/wegen-iran-krieg-spd-fraktionschef-miersch-will-schuldenbremse-erneut-aussetzen\/\"},\"author\":{\"name\":\"rtnews\",\"@id\":\"https:\/\/now-news.de\/de\/#\/schema\/person\/fb534a4e865501d8b3285208df34a9b5\"},\"headline\":\"Wegen Iran-Krieg: SPD-Fraktionschef Miersch will Schuldenbremse erneut aussetzen\",\"datePublished\":\"2026-04-25T11:57:32+00:00\",\"dateModified\":\"2026-04-25T11:57:32+00:00\",\"mainEntityOfPage\":{\"@id\":\"https:\/\/now-news.de\/de\/deutschland\/wegen-iran-krieg-spd-fraktionschef-miersch-will-schuldenbremse-erneut-aussetzen\/\"},\"wordCount\":457,\"commentCount\":0,\"publisher\":{\"@id\":\"https:\/\/now-news.de\/de\/#organization\"},\"image\":{\"@id\":\"https:\/\/now-news.de\/de\/deutschland\/wegen-iran-krieg-spd-fraktionschef-miersch-will-schuldenbremse-erneut-aussetzen\/#primaryimage\"},\"thumbnailUrl\":\"https:\/\/now-news.de\/de\/wp-content\/uploads\/sites\/3\/Wegen-Iran-Krieg-SPD-Fraktionschef-Miersch-will-Schuldenbremse-erneut-aussetzen.jpg\",\"keywords\":[\"Aussetzen\",\"erneut\",\"Irankrieg\",\"Miersch\",\"Schuldenbremse\",\"SPDFraktionschef\",\"wegen\"],\"articleSection\":[\"Deutschland\",\"Russland\"],\"inLanguage\":\"de\",\"potentialAction\":[{\"@type\":\"CommentAction\",\"name\":\"Comment\",\"target\":[\"https:\/\/now-news.de\/de\/deutschland\/wegen-iran-krieg-spd-fraktionschef-miersch-will-schuldenbremse-erneut-aussetzen\/#respond\"]}]},{\"@type\":\"WebPage\",\"@id\":\"https:\/\/now-news.de\/de\/deutschland\/wegen-iran-krieg-spd-fraktionschef-miersch-will-schuldenbremse-erneut-aussetzen\/\",\"url\":\"https:\/\/now-news.de\/de\/deutschland\/wegen-iran-krieg-spd-fraktionschef-miersch-will-schuldenbremse-erneut-aussetzen\/\",\"name\":\"Wegen Iran-Krieg: SPD-Fraktionschef Miersch will Schuldenbremse erneut aussetzen - just-now.NEWS Deutschland\",\"isPartOf\":{\"@id\":\"https:\/\/now-news.de\/de\/#website\"},\"primaryImageOfPage\":{\"@id\":\"https:\/\/now-news.de\/de\/deutschland\/wegen-iran-krieg-spd-fraktionschef-miersch-will-schuldenbremse-erneut-aussetzen\/#primaryimage\"},\"image\":{\"@id\":\"https:\/\/now-news.de\/de\/deutschland\/wegen-iran-krieg-spd-fraktionschef-miersch-will-schuldenbremse-erneut-aussetzen\/#primaryimage\"},\"thumbnailUrl\":\"https:\/\/now-news.de\/de\/wp-content\/uploads\/sites\/3\/Wegen-Iran-Krieg-SPD-Fraktionschef-Miersch-will-Schuldenbremse-erneut-aussetzen.jpg\",\"datePublished\":\"2026-04-25T11:57:32+00:00\",\"dateModified\":\"2026-04-25T11:57:32+00:00\",\"breadcrumb\":{\"@id\":\"https:\/\/now-news.de\/de\/deutschland\/wegen-iran-krieg-spd-fraktionschef-miersch-will-schuldenbremse-erneut-aussetzen\/#breadcrumb\"},\"inLanguage\":\"de\",\"potentialAction\":[{\"@type\":\"ReadAction\",\"target\":[\"https:\/\/now-news.de\/de\/deutschland\/wegen-iran-krieg-spd-fraktionschef-miersch-will-schuldenbremse-erneut-aussetzen\/\"]}]},{\"@type\":\"ImageObject\",\"inLanguage\":\"de\",\"@id\":\"https:\/\/now-news.de\/de\/deutschland\/wegen-iran-krieg-spd-fraktionschef-miersch-will-schuldenbremse-erneut-aussetzen\/#primaryimage\",\"url\":\"https:\/\/now-news.de\/de\/wp-content\/uploads\/sites\/3\/Wegen-Iran-Krieg-SPD-Fraktionschef-Miersch-will-Schuldenbremse-erneut-aussetzen.jpg\",\"contentUrl\":\"https:\/\/now-news.de\/de\/wp-content\/uploads\/sites\/3\/Wegen-Iran-Krieg-SPD-Fraktionschef-Miersch-will-Schuldenbremse-erneut-aussetzen.jpg\",\"caption\":\"Wegen Iran-Krieg: SPD-Fraktionschef Miersch will Schuldenbremse erneut aussetzen\"},{\"@type\":\"BreadcrumbList\",\"@id\":\"https:\/\/now-news.de\/de\/deutschland\/wegen-iran-krieg-spd-fraktionschef-miersch-will-schuldenbremse-erneut-aussetzen\/#breadcrumb\",\"itemListElement\":[{\"@type\":\"ListItem\",\"position\":1,\"name\":\"Home\",\"item\":\"https:\/\/now-news.de\/de\/\"},{\"@type\":\"ListItem\",\"position\":2,\"name\":\"Wegen Iran-Krieg: SPD-Fraktionschef Miersch will Schuldenbremse erneut aussetzen\"}]},{\"@type\":\"WebSite\",\"@id\":\"https:\/\/now-news.de\/de\/#website\",\"url\":\"https:\/\/now-news.de\/de\/\",\"name\":\"just-now.NEWS Deutschland\",\"description\":\"Das Portal f\u00fcr unzensierte Nachrichten aus der Welt\",\"publisher\":{\"@id\":\"https:\/\/now-news.de\/de\/#organization\"},\"potentialAction\":[{\"@type\":\"SearchAction\",\"target\":{\"@type\":\"EntryPoint\",\"urlTemplate\":\"https:\/\/now-news.de\/de\/?s={search_term_string}\"},\"query-input\":\"required name=search_term_string\"}],\"inLanguage\":\"de\"},{\"@type\":\"Organization\",\"@id\":\"https:\/\/now-news.de\/de\/#organization\",\"name\":\"Just Now News\",\"url\":\"https:\/\/now-news.de\/de\/\",\"logo\":{\"@type\":\"ImageObject\",\"inLanguage\":\"de\",\"@id\":\"https:\/\/now-news.de\/de\/#\/schema\/logo\/image\/\",\"url\":\"http:\/\/just-now.news\/de\/wp-content\/uploads\/sites\/3\/2022\/04\/logo500x500.jpg\",\"contentUrl\":\"http:\/\/just-now.news\/de\/wp-content\/uploads\/sites\/3\/2022\/04\/logo500x500.jpg\",\"width\":500,\"height\":500,\"caption\":\"Just Now News\"},\"image\":{\"@id\":\"https:\/\/now-news.de\/de\/#\/schema\/logo\/image\/\"},\"sameAs\":[\"https:\/\/www.facebook.com\/wirmachenauf\",\"https:\/\/x.com\/WirMachenAuf_de\"]},{\"@type\":\"Person\",\"@id\":\"https:\/\/now-news.de\/de\/#\/schema\/person\/fb534a4e865501d8b3285208df34a9b5\",\"name\":\"rtnews\",\"image\":{\"@type\":\"ImageObject\",\"inLanguage\":\"de\",\"@id\":\"https:\/\/now-news.de\/de\/#\/schema\/person\/image\/\",\"url\":\"https:\/\/secure.gravatar.com\/avatar\/82aafea7d8127119dd649515f56e2117?s=96&d=mm&r=g\",\"contentUrl\":\"https:\/\/secure.gravatar.com\/avatar\/82aafea7d8127119dd649515f56e2117?s=96&d=mm&r=g\",\"caption\":\"rtnews\"},\"url\":\"https:\/\/now-news.de\/de\/author\/rnews\/\"}]}<\/script>\n<!-- \/ Yoast SEO Premium plugin. -->","yoast_head_json":{"title":"Wegen Iran-Krieg: SPD-Fraktionschef Miersch will Schuldenbremse erneut aussetzen - just-now.NEWS Deutschland","robots":{"index":"index","follow":"follow","max-snippet":"max-snippet:-1","max-image-preview":"max-image-preview:large","max-video-preview":"max-video-preview:-1"},"canonical":"https:\/\/now-news.de\/de\/deutschland\/wegen-iran-krieg-spd-fraktionschef-miersch-will-schuldenbremse-erneut-aussetzen\/","og_locale":"de_DE","og_type":"article","og_title":"Wegen Iran-Krieg: SPD-Fraktionschef Miersch will Schuldenbremse erneut aussetzen","og_description":"F\u00fcr die GroKo dient der Krieg gegen Iran und die sich damit drastisch verschlimmernde Energie- und Wirtschaftskrise offenbar als willkommene Blaupause, um weitere Schulden zu machen und zuk\u00fcnftige Generationen noch st\u00e4rker zu belasten. SPD-Fraktionschef Matthias Miersch hat eine weitere Schuldenexplosion nicht ausgeschlossen, sollte die Folgen des Iran-Kriegs die ohnehin angeschlagene deutsche Wirtschaft in Bedr\u00e4ngnis bringen. [&hellip;]","og_url":"https:\/\/now-news.de\/de\/deutschland\/wegen-iran-krieg-spd-fraktionschef-miersch-will-schuldenbremse-erneut-aussetzen\/","og_site_name":"just-now.NEWS Deutschland","article_publisher":"https:\/\/www.facebook.com\/wirmachenauf","article_published_time":"2026-04-25T11:57:32+00:00","og_image":[{"url":"https:\/\/now-news.de\/de\/wp-content\/uploads\/sites\/3\/2026\/04\/69ec9722b480cc450b44f2cc.jpg"}],"author":"rtnews","twitter_card":"summary_large_image","twitter_creator":"@WirMachenAuf_de","twitter_site":"@WirMachenAuf_de","twitter_misc":{"Verfasst von":"rtnews","Gesch\u00e4tzte Lesezeit":"2\u00a0Minuten"},"schema":{"@context":"https:\/\/schema.org","@graph":[{"@type":"Article","@id":"https:\/\/now-news.de\/de\/deutschland\/wegen-iran-krieg-spd-fraktionschef-miersch-will-schuldenbremse-erneut-aussetzen\/#article","isPartOf":{"@id":"https:\/\/now-news.de\/de\/deutschland\/wegen-iran-krieg-spd-fraktionschef-miersch-will-schuldenbremse-erneut-aussetzen\/"},"author":{"name":"rtnews","@id":"https:\/\/now-news.de\/de\/#\/schema\/person\/fb534a4e865501d8b3285208df34a9b5"},"headline":"Wegen Iran-Krieg: SPD-Fraktionschef Miersch will Schuldenbremse erneut aussetzen","datePublished":"2026-04-25T11:57:32+00:00","dateModified":"2026-04-25T11:57:32+00:00","mainEntityOfPage":{"@id":"https:\/\/now-news.de\/de\/deutschland\/wegen-iran-krieg-spd-fraktionschef-miersch-will-schuldenbremse-erneut-aussetzen\/"},"wordCount":457,"commentCount":0,"publisher":{"@id":"https:\/\/now-news.de\/de\/#organization"},"image":{"@id":"https:\/\/now-news.de\/de\/deutschland\/wegen-iran-krieg-spd-fraktionschef-miersch-will-schuldenbremse-erneut-aussetzen\/#primaryimage"},"thumbnailUrl":"https:\/\/now-news.de\/de\/wp-content\/uploads\/sites\/3\/Wegen-Iran-Krieg-SPD-Fraktionschef-Miersch-will-Schuldenbremse-erneut-aussetzen.jpg","keywords":["Aussetzen","erneut","Irankrieg","Miersch","Schuldenbremse","SPDFraktionschef","wegen"],"articleSection":["Deutschland","Russland"],"inLanguage":"de","potentialAction":[{"@type":"CommentAction","name":"Comment","target":["https:\/\/now-news.de\/de\/deutschland\/wegen-iran-krieg-spd-fraktionschef-miersch-will-schuldenbremse-erneut-aussetzen\/#respond"]}]},{"@type":"WebPage","@id":"https:\/\/now-news.de\/de\/deutschland\/wegen-iran-krieg-spd-fraktionschef-miersch-will-schuldenbremse-erneut-aussetzen\/","url":"https:\/\/now-news.de\/de\/deutschland\/wegen-iran-krieg-spd-fraktionschef-miersch-will-schuldenbremse-erneut-aussetzen\/","name":"Wegen Iran-Krieg: SPD-Fraktionschef Miersch will Schuldenbremse erneut aussetzen - just-now.NEWS Deutschland","isPartOf":{"@id":"https:\/\/now-news.de\/de\/#website"},"primaryImageOfPage":{"@id":"https:\/\/now-news.de\/de\/deutschland\/wegen-iran-krieg-spd-fraktionschef-miersch-will-schuldenbremse-erneut-aussetzen\/#primaryimage"},"image":{"@id":"https:\/\/now-news.de\/de\/deutschland\/wegen-iran-krieg-spd-fraktionschef-miersch-will-schuldenbremse-erneut-aussetzen\/#primaryimage"},"thumbnailUrl":"https:\/\/now-news.de\/de\/wp-content\/uploads\/sites\/3\/Wegen-Iran-Krieg-SPD-Fraktionschef-Miersch-will-Schuldenbremse-erneut-aussetzen.jpg","datePublished":"2026-04-25T11:57:32+00:00","dateModified":"2026-04-25T11:57:32+00:00","breadcrumb":{"@id":"https:\/\/now-news.de\/de\/deutschland\/wegen-iran-krieg-spd-fraktionschef-miersch-will-schuldenbremse-erneut-aussetzen\/#breadcrumb"},"inLanguage":"de","potentialAction":[{"@type":"ReadAction","target":["https:\/\/now-news.de\/de\/deutschland\/wegen-iran-krieg-spd-fraktionschef-miersch-will-schuldenbremse-erneut-aussetzen\/"]}]},{"@type":"ImageObject","inLanguage":"de","@id":"https:\/\/now-news.de\/de\/deutschland\/wegen-iran-krieg-spd-fraktionschef-miersch-will-schuldenbremse-erneut-aussetzen\/#primaryimage","url":"https:\/\/now-news.de\/de\/wp-content\/uploads\/sites\/3\/Wegen-Iran-Krieg-SPD-Fraktionschef-Miersch-will-Schuldenbremse-erneut-aussetzen.jpg","contentUrl":"https:\/\/now-news.de\/de\/wp-content\/uploads\/sites\/3\/Wegen-Iran-Krieg-SPD-Fraktionschef-Miersch-will-Schuldenbremse-erneut-aussetzen.jpg","caption":"Wegen Iran-Krieg: SPD-Fraktionschef Miersch will Schuldenbremse erneut aussetzen"},{"@type":"BreadcrumbList","@id":"https:\/\/now-news.de\/de\/deutschland\/wegen-iran-krieg-spd-fraktionschef-miersch-will-schuldenbremse-erneut-aussetzen\/#breadcrumb","itemListElement":[{"@type":"ListItem","position":1,"name":"Home","item":"https:\/\/now-news.de\/de\/"},{"@type":"ListItem","position":2,"name":"Wegen Iran-Krieg: SPD-Fraktionschef Miersch will Schuldenbremse erneut aussetzen"}]},{"@type":"WebSite","@id":"https:\/\/now-news.de\/de\/#website","url":"https:\/\/now-news.de\/de\/","name":"just-now.NEWS Deutschland","description":"Das Portal f\u00fcr unzensierte Nachrichten aus der Welt","publisher":{"@id":"https:\/\/now-news.de\/de\/#organization"},"potentialAction":[{"@type":"SearchAction","target":{"@type":"EntryPoint","urlTemplate":"https:\/\/now-news.de\/de\/?s={search_term_string}"},"query-input":"required name=search_term_string"}],"inLanguage":"de"},{"@type":"Organization","@id":"https:\/\/now-news.de\/de\/#organization","name":"Just Now News","url":"https:\/\/now-news.de\/de\/","logo":{"@type":"ImageObject","inLanguage":"de","@id":"https:\/\/now-news.de\/de\/#\/schema\/logo\/image\/","url":"http:\/\/just-now.news\/de\/wp-content\/uploads\/sites\/3\/2022\/04\/logo500x500.jpg","contentUrl":"http:\/\/just-now.news\/de\/wp-content\/uploads\/sites\/3\/2022\/04\/logo500x500.jpg","width":500,"height":500,"caption":"Just Now News"},"image":{"@id":"https:\/\/now-news.de\/de\/#\/schema\/logo\/image\/"},"sameAs":["https:\/\/www.facebook.com\/wirmachenauf","https:\/\/x.com\/WirMachenAuf_de"]},{"@type":"Person","@id":"https:\/\/now-news.de\/de\/#\/schema\/person\/fb534a4e865501d8b3285208df34a9b5","name":"rtnews","image":{"@type":"ImageObject","inLanguage":"de","@id":"https:\/\/now-news.de\/de\/#\/schema\/person\/image\/","url":"https:\/\/secure.gravatar.com\/avatar\/82aafea7d8127119dd649515f56e2117?s=96&d=mm&r=g","contentUrl":"https:\/\/secure.gravatar.com\/avatar\/82aafea7d8127119dd649515f56e2117?s=96&d=mm&r=g","caption":"rtnews"},"url":"https:\/\/now-news.de\/de\/author\/rnews\/"}]}},"_links":{"self":[{"href":"https:\/\/now-news.de\/de\/wp-json\/wp\/v2\/posts\/102268"}],"collection":[{"href":"https:\/\/now-news.de\/de\/wp-json\/wp\/v2\/posts"}],"about":[{"href":"https:\/\/now-news.de\/de\/wp-json\/wp\/v2\/types\/post"}],"author":[{"embeddable":true,"href":"https:\/\/now-news.de\/de\/wp-json\/wp\/v2\/users\/3"}],"replies":[{"embeddable":true,"href":"https:\/\/now-news.de\/de\/wp-json\/wp\/v2\/comments?post=102268"}],"version-history":[{"count":0,"href":"https:\/\/now-news.de\/de\/wp-json\/wp\/v2\/posts\/102268\/revisions"}],"wp:featuredmedia":[{"embeddable":true,"href":"https:\/\/now-news.de\/de\/wp-json\/wp\/v2\/media\/102269"}],"wp:attachment":[{"href":"https:\/\/now-news.de\/de\/wp-json\/wp\/v2\/media?parent=102268"}],"wp:term":[{"taxonomy":"category","embeddable":true,"href":"https:\/\/now-news.de\/de\/wp-json\/wp\/v2\/categories?post=102268"},{"taxonomy":"post_tag","embeddable":true,"href":"https:\/\/now-news.de\/de\/wp-json\/wp\/v2\/tags?post=102268"}],"curies":[{"name":"wp","href":"https:\/\/api.w.org\/{rel}","templated":true}]}}