{"id":102260,"date":"2026-04-25T10:56:06","date_gmt":"2026-04-25T08:56:06","guid":{"rendered":"https:\/\/now-news.de\/de\/deutschland\/israel-verliert-seine-letzten-verbuendeten-in-europa\/"},"modified":"2026-04-25T10:56:06","modified_gmt":"2026-04-25T08:56:06","slug":"israel-verliert-seine-letzten-verbuendeten-in-europa","status":"publish","type":"post","link":"https:\/\/now-news.de\/de\/deutschland\/israel-verliert-seine-letzten-verbuendeten-in-europa\/","title":{"rendered":"Israel verliert seine letzten Verb\u00fcndeten in Europa"},"content":{"rendered":"<p><img decoding=\"async\" src=\"https:\/\/now-news.de\/de\/wp-content\/uploads\/sites\/3\/2026\/04\/69ea436e48fbef33e30057ab.jpg\" \/><\/p>\n<div class=\"Text-root Text-type_1 \">\n                Der Machtwechsel in Ungarn wird Auswirkungen auf ein weiteres Land haben, das von Europa weit entfernt liegt \u2013 Israel. Viele europ\u00e4ische L\u00e4nder sind mit dem j\u00fcdischen Staat unzufrieden. Der scheidende ungarische Ministerpr\u00e4sident Viktor Orb\u00e1n unterst\u00fctzte Tel Aviv jedoch.\n            <\/div>\n<p><\/p>\n<div class=\"Text-root Text-type_5 ArticleView-text ViewText-root \">\n<p><em>Von Geworg Mirsajan<\/em><\/p>\n<p>Seit den Wahlen in Ungarn sind bereits mehr als zehn Tage vergangen, doch in den Medien wird weiterhin dar\u00fcber diskutiert, welcher der externen Akteure zusammen mit Viktor Orb\u00e1n verloren hat. Immer h\u00e4ufiger wird die Meinung ge\u00e4u\u00dfert, dass Israel der gr\u00f6\u00dfte Verlierer sei. Die Zeitung<em> Politico<\/em> schreibt:<\/p>\n<p><em>&#8220;Die Niederlage von Viktor Orb\u00e1n bei den Parlamentswahlen in Ungarn beraubt Israel eines seiner zuverl\u00e4ssigsten Verb\u00fcndeten innerhalb der Europ\u00e4ischen Union und entfernt eine F\u00fchrungspers\u00f6nlichkeit, die wiederholt sein Veto eingesetzt hat, um die Regierung von Benjamin Netanjahu vor Druck zu sch\u00fctzen.&#8221;<\/em><\/p>\n<p>Mit Druck sind die regelm\u00e4\u00dfigen Versuche einer Reihe europ\u00e4ischer L\u00e4nder gemeint, Israel f\u00fcr sein Vorgehen im Gazastreifen, im Westjordanland sowie im Libanon zu &#8220;bestrafen&#8221;. Jeder der Beteiligten hat hier seine eigenen Motive.<\/p>\n<p>Einige \u2013 wie beispielsweise Spanien \u2013 werden von linken Politikern angef\u00fchrt, f\u00fcr die Israels harte Politik gegen\u00fcber den Pal\u00e4stinensern inakzeptabel ist. Europ\u00e4ische Linke \u2013 seien es Professoren oder politische Aktivisten \u2013 sympathisieren historisch gesehen generell mit den Pal\u00e4stinensern. Und auch historisch gesehen steht Spanien Israel nicht besonders wohlwollend gegen\u00fcber.<\/p>\n<p>Andere \u2013 wie beispielsweise Frankreich \u2013 wollen ihren Einfluss im Nahen Osten wiederherstellen (zum Beispiel im Libanon, der einst ein franz\u00f6sisches Mandatsgebiet war) und setzen sich daher f\u00fcr die Araber ein. Zudem m\u00fcssen sie alle (und insbesondere die Linken) die Meinung ihrer eigenen W\u00e4hlerschaft ber\u00fccksichtigen, die bereits zu einem erheblichen Teil aus Muslimen besteht. Und schlie\u00dflich wollen sie sich einfach die Gelegenheit nicht entgehen lassen, den engsten Verb\u00fcndeten von Donald Trump zu bestrafen und damit dem US-amerikanischen Pr\u00e4sidenten noch einmal eins auszuwischen.<\/p>\n<p>Der j\u00fcngste Versuch, Israel zu bestrafen, wurde am 21. April in Europa unternommen, als Irland, Spanien und Slowenien bei einem Treffen der Au\u00dfenminister der EU-Mitgliedstaaten vorschlugen, das Assoziierungsabkommen mit Israel teilweise auszusetzen. In einem gemeinsamen Schreiben der Au\u00dfenminister dieser L\u00e4nder an die Europ\u00e4ische Kommission hei\u00dft es:<\/p>\n<p><em>&#8220;Die Achtung der Menschenrechte muss ein grundlegender Pfeiler und Leitprinzip all unserer Handlungen und all unserer Beziehungen zu unseren Partnern bleiben.&#8221;<\/em><\/p>\n<p>Die Drohung ist ernst zu nehmen, denn die EU ist Israels gr\u00f6\u00dfter Handelspartner.<\/p>\n<p>Fast ein Drittel des Au\u00dfenhandelsvolumens des Landes entf\u00e4llt auf die EU, und das Assoziierungsabkommen bildet die Grundlage f\u00fcr den pr\u00e4ferenziellen Zugang israelischer Waren zum europ\u00e4ischen Markt. Nun wird Israel vorgeworfen, gegen Artikel 2 des Abkommens versto\u00dfen zu haben, der die &#8220;Achtung der demokratischen Grunds\u00e4tze und den Schutz der Menschenrechte&#8221; zu einem wesentlichen Bestandteil des Abkommens macht. Nach Ansicht einer Reihe europ\u00e4ischer L\u00e4nder stellen der V\u00f6lkermord im Gazastreifen sowie das k\u00fcrzlich verabschiedete Gesetz \u00fcber die Todesstrafe f\u00fcr des Terrorismus beschuldigte Pal\u00e4stinenser \u2013 nur Pal\u00e4stinenser, keine Juden \u2013 einen Versto\u00df gegen demokratische Grunds\u00e4tze dar und haben nichts mit Menschenrechten zu tun. Der spanische Ministerpr\u00e4sident Pedro S\u00e1nchez erkl\u00e4rte:<\/p>\n<p><em>&#8220;Wir haben nichts gegen das israelische Volk. Aber eine Regierung, die gegen das V\u00f6lkerrecht und damit gegen die Grunds\u00e4tze und Werte der EU verst\u00f6\u00dft, kann nicht unser Partner sein.&#8221;<\/em><\/p>\n<p>Ja, trotz der offensichtlichen Verst\u00f6\u00dfe gegen das Abkommen war es schwierig, dieses aufzuheben \u2013 daf\u00fcr w\u00e4re die Zustimmung aller EU-Mitgliedstaaten erforderlich gewesen. F\u00fcr eine teilweise Aussetzung reicht jedoch eine gewichtete Mehrheit von 15 Mitgliedstaaten aus, die 65 Prozent der EU-Bev\u00f6lkerung repr\u00e4sentieren.<\/p>\n<p>Die Initiatoren hofften, diese Mehrheit zu erreichen, und verwiesen darauf, dass Unt\u00e4tigkeit in der Pal\u00e4stina-Frage die Europ\u00e4ische Union herabw\u00fcrdige und schw\u00e4che. Der spanische Au\u00dfenminister Jos\u00e9 Manuel Albares betonte:<\/p>\n<p><em>&#8220;Heute k\u00e4mpft Europa um seine Autorit\u00e4t.&#8221;<\/em><\/p>\n<p>Leere Worte, so hei\u00dft es, w\u00fcrden der Sache auch nicht helfen.<\/p>\n<p>Der EU-Vertreter in den pal\u00e4stinensischen Gebieten, Sven K\u00fchn von Burgsdorff, hob hervor:<\/p>\n<p><em>&#8220;Die \u00fcblichen Worte der Besorgnis und Verurteilung reichen nicht aus; sie sind sinnlos, wenn ihnen keine wirksamen Ma\u00dfnahmen folgen, um Israel zur Rechenschaft zu ziehen.&#8221;<\/em><\/p>\n<p>Und schlie\u00dflich stelle die Unt\u00e4tigkeit Europa faktisch auf die Seite Israels \u2013 das hei\u00dft in die Isolation. Die belgische Vizepr\u00e4sidentin des Europ\u00e4ischen Parlaments, Kathleen Van Bramt, erkl\u00e4rte:<\/p>\n<p><em>&#8220;Die Unf\u00e4higkeit der Europ\u00e4ischen Kommission und der EU-Mitgliedstaaten, im Einklang mit dem V\u00f6lkerrecht, den Menschenrechten sowie ihren eigenen Werten und \u00dcberzeugungen angemessen zu handeln, macht Europa zum Mitt\u00e4ter an den von Israel begangenen Kriegsverbrechen und Verbrechen gegen die Menschlichkeit.&#8221;<\/em><\/p>\n<p>Letztendlich wurde Israel am 21. April nicht bestraft \u2013 der Antrag der Iren, Spanier und Slowenen wurde nicht angenommen. Eine Schl\u00fcsselrolle bei der Ablehnung des Antrags spielten Italien und Deutschland, die sich daf\u00fcr aussprachen, das Problem auf diplomatischem Wege l\u00f6sen zu wollen. Der deutsche Au\u00dfenminister Johann Wadephul forderte, keine Sanktionen zu verh\u00e4ngen, sondern &#8220;die wichtigsten Fragen mit Israel (\u2026) im Rahmen eines kritischen, konstruktiven Dialogs zu er\u00f6rtern&#8221;.<\/p>\n<p>Tel Aviv sollte sich jedoch nicht zu fr\u00fch freuen. Erstens ging alles haarscharf vorbei \u2013 europ\u00e4ische Beamte lie\u00dfen durchblicken, dass eine qualifizierte Mehrheit zustande gekommen w\u00e4re, h\u00e4tten Italien oder Deutschland die Sanktionen unterst\u00fctzt. Dabei w\u00e4chst sowohl in Berlin als auch in Rom von Monat zu Monat die Ver\u00e4rgerung \u00fcber das Vorgehen Israels (so hat Italien k\u00fcrzlich einseitig das Memorandum ausgesetzt, das die Grundlage f\u00fcr die Verteidigungszusammenarbeit mit Israel bildete).<\/p>\n<p>Zweitens bereiten die Gegner Israels eine Revanche vor. Frankreich und Schweden haben vorgeschlagen, mit einer milderen Sanktionsvariante zu beginnen. Konkret geht es darum, die Frage der Einf\u00fchrung von Z\u00f6llen auf Produkte aus den Siedlungen im Westjordanland sowie die Beschr\u00e4nkung des Exports europ\u00e4ischer Waren in diese Gebiete &#8220;dringend zu pr\u00fcfen&#8221;. F\u00fcr diese Entscheidung ist ein Konsens erforderlich. Diejenigen, die gegen einen so harten Schritt wie die teilweise Aussetzung des Handelsabkommens gestimmt haben, zeigen sich allerdings bereit, die israelischen Siedler zu bestrafen. Und genau hier wird sich das Fehlen Ungarns f\u00fcr Israel r\u00e4chen.<\/p>\n<p>Tatsache ist, dass Orb\u00e1n nicht nur eine H\u00fcrde auf dem Weg zu Teil-Sanktionen war \u2013 er war die einzige solche H\u00fcrde. Gerade der ungarische Ministerpr\u00e4sident legte im Februar 2026 sein Veto gegen den Vorschlag zur Verh\u00e4ngung von Sanktionen gegen Siedler im Westjordanland ein \u2013 einen Vorschlag, der von allen anderen EU-Mitgliedstaaten bef\u00fcrwortet wurde. Und sein Nachfolger im Amt des Ministerpr\u00e4sidenten, P\u00e9ter Magyar, hat bereits erkl\u00e4rt, er k\u00f6nne &#8220;nicht garantieren, dass die Blockade von EU-Beschl\u00fcssen in Bezug auf Israel fortgesetzt wird&#8221;. Umso mehr, wenn die Europ\u00e4ische Union ihn eindringlich um Solidarit\u00e4t bittet.<\/p>\n<p>Und auf die Teil-Sanktionen k\u00f6nnten schon bald umfassende Sanktionen folgen \u2013 vor allem, wenn Israel darauf scharf reagiert. Zum Beispiel, wenn der israelische Finanzminister Bezalel Smotrich als Antwort auf die Kritik (schlichte Kritik) von Friedrich Merz an den Handlungen der Israelis im Westjordanland ihn erneut als &#8220;Kollegen Hitlers&#8221; bezeichnet. Smotrich sagte Mitte April:<\/p>\n<p><em>&#8220;Herr Bundeskanzler, die Zeiten, in denen die Deutschen den Juden vorschrieben, wo sie leben durften und wo nicht, sind vorbei und werden nicht wiederkehren. Sie werden uns nicht wieder in Ghettos treiben, schon gar nicht auf unserem eigenen Boden.&#8221;<\/em><\/p>\n<p>Nach solchen Worten (die sogar vom israelischen Botschafter in Deutschland scharf kritisiert wurden) hat Berlin offensichtlich keine Lust mehr, Israel in Schutz zu nehmen. Weder in der Europ\u00e4ischen Union noch sonst wo.<\/p>\n<p><em>\u00dcbersetzt aus dem <a rel=\"nofollow noopener\" target=\"_blank\" href=\"https:\/\/vz.ru\/world\/2026\/4\/23\/1413156.html\">Russischen<\/a>. Der Artikel ist am 23. April 2026 zuerst auf der Webseite der Zeitung &#8220;Wsgljad&#8221; erschienen.<\/em><\/p>\n<p><em><strong>Geworg Mirsajan<\/strong> (geboren 1984 in Taschkent) ist au\u00dferordentlicher Professor an der Finanzuniversit\u00e4t der Regierung der Russischen F\u00f6deration, Politikwissenschaftler und eine Pers\u00f6nlichkeit des \u00f6ffentlichen Lebens. Er erwarb seinen Abschluss an der Staatlichen Universit\u00e4t des Kubangebiets und promovierte in Politikwissenschaft mit dem Schwerpunkt USA. Mirsajan war in der Zeit von 2005 bis 2016 Forscher am Institut f\u00fcr die Vereinigten Staaten und Kanada an der Russischen Akademie der Wissenschaften.<\/em><\/p>\n<p><strong>Mehr zum Thema<\/strong> \u2013\u00a0<a rel=\"nofollow noopener\" target=\"_blank\" href=\"https:\/\/freedert.online\/der-nahe-osten\/277605-warum-waffenstillstand-im-libanon-israels\/\">Warum der Waffenstillstand im Libanon Israels expansionistische Bestrebungen nicht stoppen wird<\/a><\/p>\n<div class=\"EmbedBlock-root EmbedBlock-externalVideo EmbedBlock-rumble\">\n<div class=\"VkEmbed\"><iframe class=\"lazyload\" data-src=\"https:\/\/rumble.com\/embed\/v76m0li\" frameborder=\"0\" width=\"853\" height=\"480\" allowfullscreen><\/iframe><\/div>\n<\/div>\n<\/div>\n<p><br \/>\n<br \/><a href=\"https:\/\/de.rt.com\/international\/278017-israel-verliert-seine-letzten-verbuendeten\/\">Source link <\/a><\/p>\n","protected":false},"excerpt":{"rendered":"<p>Der Machtwechsel in Ungarn wird Auswirkungen auf ein weiteres Land haben, das von Europa weit entfernt liegt \u2013 Israel. Viele europ\u00e4ische L\u00e4nder sind mit dem j\u00fcdischen Staat unzufrieden. Der scheidende ungarische Ministerpr\u00e4sident Viktor Orb\u00e1n unterst\u00fctzte Tel Aviv jedoch. Von Geworg Mirsajan Seit den Wahlen in Ungarn sind bereits mehr als zehn Tage vergangen, doch in [&hellip;]<\/p>\n","protected":false},"author":3,"featured_media":102261,"comment_status":"open","ping_status":"open","sticky":false,"template":"","format":"standard","meta":{"_yoast_indexnow_last_ping":["1777107682"],"wp_automatic_camp":["217"],"af2796ef90a1ac98d845cea042dce4b9":["Israel verliert seine letzten Verb\u00fcndeten in Europa"],"original_link":["https:\/\/de.rt.com\/international\/278017-israel-verliert-seine-letzten-verbuendeten\/"],"_thumbnail_id":["102261"],"jnews_social_counter_last_update":["1777229748"],"_wptgpro_p2tg_sent2tg":["a:1:{i:23737;s:19:\"2026-04-25 11:02:25\";}"]},"categories":[19,23],"tags":[1370,432,4869,265,27757,11487],"yoast_head":"<!-- This site is optimized with the Yoast SEO Premium plugin v22.7 (Yoast SEO v22.7) - https:\/\/yoast.com\/wordpress\/plugins\/seo\/ -->\n<title>Israel verliert seine letzten Verb\u00fcndeten in Europa - just-now.NEWS Deutschland<\/title>\n<meta name=\"robots\" content=\"index, follow, max-snippet:-1, max-image-preview:large, max-video-preview:-1\" \/>\n<link rel=\"canonical\" href=\"https:\/\/now-news.de\/de\/deutschland\/israel-verliert-seine-letzten-verbuendeten-in-europa\/\" \/>\n<meta property=\"og:locale\" content=\"de_DE\" \/>\n<meta property=\"og:type\" content=\"article\" \/>\n<meta property=\"og:title\" content=\"Israel verliert seine letzten Verb\u00fcndeten in Europa\" \/>\n<meta property=\"og:description\" content=\"Der Machtwechsel in Ungarn wird Auswirkungen auf ein weiteres Land haben, das von Europa weit entfernt liegt \u2013 Israel. Viele europ\u00e4ische L\u00e4nder sind mit dem j\u00fcdischen Staat unzufrieden. Der scheidende ungarische Ministerpr\u00e4sident Viktor Orb\u00e1n unterst\u00fctzte Tel Aviv jedoch. Von Geworg Mirsajan Seit den Wahlen in Ungarn sind bereits mehr als zehn Tage vergangen, doch in [&hellip;]\" \/>\n<meta property=\"og:url\" content=\"https:\/\/now-news.de\/de\/deutschland\/israel-verliert-seine-letzten-verbuendeten-in-europa\/\" \/>\n<meta property=\"og:site_name\" content=\"just-now.NEWS Deutschland\" \/>\n<meta property=\"article:publisher\" content=\"https:\/\/www.facebook.com\/wirmachenauf\" \/>\n<meta property=\"article:published_time\" content=\"2026-04-25T08:56:06+00:00\" \/>\n<meta property=\"og:image\" content=\"https:\/\/now-news.de\/de\/wp-content\/uploads\/sites\/3\/2026\/04\/69ea436e48fbef33e30057ab.jpg\" \/>\n<meta name=\"author\" content=\"rtnews\" \/>\n<meta name=\"twitter:card\" content=\"summary_large_image\" \/>\n<meta name=\"twitter:creator\" content=\"@WirMachenAuf_de\" \/>\n<meta name=\"twitter:site\" content=\"@WirMachenAuf_de\" \/>\n<meta name=\"twitter:label1\" content=\"Verfasst von\" \/>\n\t<meta name=\"twitter:data1\" content=\"rtnews\" \/>\n\t<meta name=\"twitter:label2\" content=\"Gesch\u00e4tzte Lesezeit\" \/>\n\t<meta name=\"twitter:data2\" content=\"7\u00a0Minuten\" \/>\n<script type=\"application\/ld+json\" class=\"yoast-schema-graph\">{\"@context\":\"https:\/\/schema.org\",\"@graph\":[{\"@type\":\"Article\",\"@id\":\"https:\/\/now-news.de\/de\/deutschland\/israel-verliert-seine-letzten-verbuendeten-in-europa\/#article\",\"isPartOf\":{\"@id\":\"https:\/\/now-news.de\/de\/deutschland\/israel-verliert-seine-letzten-verbuendeten-in-europa\/\"},\"author\":{\"name\":\"rtnews\",\"@id\":\"https:\/\/now-news.de\/de\/#\/schema\/person\/fb534a4e865501d8b3285208df34a9b5\"},\"headline\":\"Israel verliert seine letzten Verb\u00fcndeten in Europa\",\"datePublished\":\"2026-04-25T08:56:06+00:00\",\"dateModified\":\"2026-04-25T08:56:06+00:00\",\"mainEntityOfPage\":{\"@id\":\"https:\/\/now-news.de\/de\/deutschland\/israel-verliert-seine-letzten-verbuendeten-in-europa\/\"},\"wordCount\":1357,\"commentCount\":0,\"publisher\":{\"@id\":\"https:\/\/now-news.de\/de\/#organization\"},\"image\":{\"@id\":\"https:\/\/now-news.de\/de\/deutschland\/israel-verliert-seine-letzten-verbuendeten-in-europa\/#primaryimage\"},\"thumbnailUrl\":\"https:\/\/now-news.de\/de\/wp-content\/uploads\/sites\/3\/Israel-verliert-seine-letzten-Verbuendeten-in-Europa.jpg\",\"keywords\":[\"Europa\",\"Israel\",\"letzten\",\"seine\",\"Verb\u00fcndeten\",\"verliert\"],\"articleSection\":[\"Deutschland\",\"Russland\"],\"inLanguage\":\"de\",\"potentialAction\":[{\"@type\":\"CommentAction\",\"name\":\"Comment\",\"target\":[\"https:\/\/now-news.de\/de\/deutschland\/israel-verliert-seine-letzten-verbuendeten-in-europa\/#respond\"]}]},{\"@type\":\"WebPage\",\"@id\":\"https:\/\/now-news.de\/de\/deutschland\/israel-verliert-seine-letzten-verbuendeten-in-europa\/\",\"url\":\"https:\/\/now-news.de\/de\/deutschland\/israel-verliert-seine-letzten-verbuendeten-in-europa\/\",\"name\":\"Israel verliert seine letzten Verb\u00fcndeten in Europa - just-now.NEWS Deutschland\",\"isPartOf\":{\"@id\":\"https:\/\/now-news.de\/de\/#website\"},\"primaryImageOfPage\":{\"@id\":\"https:\/\/now-news.de\/de\/deutschland\/israel-verliert-seine-letzten-verbuendeten-in-europa\/#primaryimage\"},\"image\":{\"@id\":\"https:\/\/now-news.de\/de\/deutschland\/israel-verliert-seine-letzten-verbuendeten-in-europa\/#primaryimage\"},\"thumbnailUrl\":\"https:\/\/now-news.de\/de\/wp-content\/uploads\/sites\/3\/Israel-verliert-seine-letzten-Verbuendeten-in-Europa.jpg\",\"datePublished\":\"2026-04-25T08:56:06+00:00\",\"dateModified\":\"2026-04-25T08:56:06+00:00\",\"breadcrumb\":{\"@id\":\"https:\/\/now-news.de\/de\/deutschland\/israel-verliert-seine-letzten-verbuendeten-in-europa\/#breadcrumb\"},\"inLanguage\":\"de\",\"potentialAction\":[{\"@type\":\"ReadAction\",\"target\":[\"https:\/\/now-news.de\/de\/deutschland\/israel-verliert-seine-letzten-verbuendeten-in-europa\/\"]}]},{\"@type\":\"ImageObject\",\"inLanguage\":\"de\",\"@id\":\"https:\/\/now-news.de\/de\/deutschland\/israel-verliert-seine-letzten-verbuendeten-in-europa\/#primaryimage\",\"url\":\"https:\/\/now-news.de\/de\/wp-content\/uploads\/sites\/3\/Israel-verliert-seine-letzten-Verbuendeten-in-Europa.jpg\",\"contentUrl\":\"https:\/\/now-news.de\/de\/wp-content\/uploads\/sites\/3\/Israel-verliert-seine-letzten-Verbuendeten-in-Europa.jpg\",\"caption\":\"Israel verliert seine letzten Verb\u00fcndeten in Europa\"},{\"@type\":\"BreadcrumbList\",\"@id\":\"https:\/\/now-news.de\/de\/deutschland\/israel-verliert-seine-letzten-verbuendeten-in-europa\/#breadcrumb\",\"itemListElement\":[{\"@type\":\"ListItem\",\"position\":1,\"name\":\"Home\",\"item\":\"https:\/\/now-news.de\/de\/\"},{\"@type\":\"ListItem\",\"position\":2,\"name\":\"Israel verliert seine letzten Verb\u00fcndeten in Europa\"}]},{\"@type\":\"WebSite\",\"@id\":\"https:\/\/now-news.de\/de\/#website\",\"url\":\"https:\/\/now-news.de\/de\/\",\"name\":\"just-now.NEWS Deutschland\",\"description\":\"Das Portal f\u00fcr unzensierte Nachrichten aus der Welt\",\"publisher\":{\"@id\":\"https:\/\/now-news.de\/de\/#organization\"},\"potentialAction\":[{\"@type\":\"SearchAction\",\"target\":{\"@type\":\"EntryPoint\",\"urlTemplate\":\"https:\/\/now-news.de\/de\/?s={search_term_string}\"},\"query-input\":\"required name=search_term_string\"}],\"inLanguage\":\"de\"},{\"@type\":\"Organization\",\"@id\":\"https:\/\/now-news.de\/de\/#organization\",\"name\":\"Just Now News\",\"url\":\"https:\/\/now-news.de\/de\/\",\"logo\":{\"@type\":\"ImageObject\",\"inLanguage\":\"de\",\"@id\":\"https:\/\/now-news.de\/de\/#\/schema\/logo\/image\/\",\"url\":\"http:\/\/just-now.news\/de\/wp-content\/uploads\/sites\/3\/2022\/04\/logo500x500.jpg\",\"contentUrl\":\"http:\/\/just-now.news\/de\/wp-content\/uploads\/sites\/3\/2022\/04\/logo500x500.jpg\",\"width\":500,\"height\":500,\"caption\":\"Just Now News\"},\"image\":{\"@id\":\"https:\/\/now-news.de\/de\/#\/schema\/logo\/image\/\"},\"sameAs\":[\"https:\/\/www.facebook.com\/wirmachenauf\",\"https:\/\/x.com\/WirMachenAuf_de\"]},{\"@type\":\"Person\",\"@id\":\"https:\/\/now-news.de\/de\/#\/schema\/person\/fb534a4e865501d8b3285208df34a9b5\",\"name\":\"rtnews\",\"image\":{\"@type\":\"ImageObject\",\"inLanguage\":\"de\",\"@id\":\"https:\/\/now-news.de\/de\/#\/schema\/person\/image\/\",\"url\":\"https:\/\/secure.gravatar.com\/avatar\/82aafea7d8127119dd649515f56e2117?s=96&d=mm&r=g\",\"contentUrl\":\"https:\/\/secure.gravatar.com\/avatar\/82aafea7d8127119dd649515f56e2117?s=96&d=mm&r=g\",\"caption\":\"rtnews\"},\"url\":\"https:\/\/now-news.de\/de\/author\/rnews\/\"}]}<\/script>\n<!-- \/ Yoast SEO Premium plugin. -->","yoast_head_json":{"title":"Israel verliert seine letzten Verb\u00fcndeten in Europa - just-now.NEWS Deutschland","robots":{"index":"index","follow":"follow","max-snippet":"max-snippet:-1","max-image-preview":"max-image-preview:large","max-video-preview":"max-video-preview:-1"},"canonical":"https:\/\/now-news.de\/de\/deutschland\/israel-verliert-seine-letzten-verbuendeten-in-europa\/","og_locale":"de_DE","og_type":"article","og_title":"Israel verliert seine letzten Verb\u00fcndeten in Europa","og_description":"Der Machtwechsel in Ungarn wird Auswirkungen auf ein weiteres Land haben, das von Europa weit entfernt liegt \u2013 Israel. Viele europ\u00e4ische L\u00e4nder sind mit dem j\u00fcdischen Staat unzufrieden. Der scheidende ungarische Ministerpr\u00e4sident Viktor Orb\u00e1n unterst\u00fctzte Tel Aviv jedoch. Von Geworg Mirsajan Seit den Wahlen in Ungarn sind bereits mehr als zehn Tage vergangen, doch in [&hellip;]","og_url":"https:\/\/now-news.de\/de\/deutschland\/israel-verliert-seine-letzten-verbuendeten-in-europa\/","og_site_name":"just-now.NEWS Deutschland","article_publisher":"https:\/\/www.facebook.com\/wirmachenauf","article_published_time":"2026-04-25T08:56:06+00:00","og_image":[{"url":"https:\/\/now-news.de\/de\/wp-content\/uploads\/sites\/3\/2026\/04\/69ea436e48fbef33e30057ab.jpg"}],"author":"rtnews","twitter_card":"summary_large_image","twitter_creator":"@WirMachenAuf_de","twitter_site":"@WirMachenAuf_de","twitter_misc":{"Verfasst von":"rtnews","Gesch\u00e4tzte Lesezeit":"7\u00a0Minuten"},"schema":{"@context":"https:\/\/schema.org","@graph":[{"@type":"Article","@id":"https:\/\/now-news.de\/de\/deutschland\/israel-verliert-seine-letzten-verbuendeten-in-europa\/#article","isPartOf":{"@id":"https:\/\/now-news.de\/de\/deutschland\/israel-verliert-seine-letzten-verbuendeten-in-europa\/"},"author":{"name":"rtnews","@id":"https:\/\/now-news.de\/de\/#\/schema\/person\/fb534a4e865501d8b3285208df34a9b5"},"headline":"Israel verliert seine letzten Verb\u00fcndeten in Europa","datePublished":"2026-04-25T08:56:06+00:00","dateModified":"2026-04-25T08:56:06+00:00","mainEntityOfPage":{"@id":"https:\/\/now-news.de\/de\/deutschland\/israel-verliert-seine-letzten-verbuendeten-in-europa\/"},"wordCount":1357,"commentCount":0,"publisher":{"@id":"https:\/\/now-news.de\/de\/#organization"},"image":{"@id":"https:\/\/now-news.de\/de\/deutschland\/israel-verliert-seine-letzten-verbuendeten-in-europa\/#primaryimage"},"thumbnailUrl":"https:\/\/now-news.de\/de\/wp-content\/uploads\/sites\/3\/Israel-verliert-seine-letzten-Verbuendeten-in-Europa.jpg","keywords":["Europa","Israel","letzten","seine","Verb\u00fcndeten","verliert"],"articleSection":["Deutschland","Russland"],"inLanguage":"de","potentialAction":[{"@type":"CommentAction","name":"Comment","target":["https:\/\/now-news.de\/de\/deutschland\/israel-verliert-seine-letzten-verbuendeten-in-europa\/#respond"]}]},{"@type":"WebPage","@id":"https:\/\/now-news.de\/de\/deutschland\/israel-verliert-seine-letzten-verbuendeten-in-europa\/","url":"https:\/\/now-news.de\/de\/deutschland\/israel-verliert-seine-letzten-verbuendeten-in-europa\/","name":"Israel verliert seine letzten Verb\u00fcndeten in Europa - just-now.NEWS Deutschland","isPartOf":{"@id":"https:\/\/now-news.de\/de\/#website"},"primaryImageOfPage":{"@id":"https:\/\/now-news.de\/de\/deutschland\/israel-verliert-seine-letzten-verbuendeten-in-europa\/#primaryimage"},"image":{"@id":"https:\/\/now-news.de\/de\/deutschland\/israel-verliert-seine-letzten-verbuendeten-in-europa\/#primaryimage"},"thumbnailUrl":"https:\/\/now-news.de\/de\/wp-content\/uploads\/sites\/3\/Israel-verliert-seine-letzten-Verbuendeten-in-Europa.jpg","datePublished":"2026-04-25T08:56:06+00:00","dateModified":"2026-04-25T08:56:06+00:00","breadcrumb":{"@id":"https:\/\/now-news.de\/de\/deutschland\/israel-verliert-seine-letzten-verbuendeten-in-europa\/#breadcrumb"},"inLanguage":"de","potentialAction":[{"@type":"ReadAction","target":["https:\/\/now-news.de\/de\/deutschland\/israel-verliert-seine-letzten-verbuendeten-in-europa\/"]}]},{"@type":"ImageObject","inLanguage":"de","@id":"https:\/\/now-news.de\/de\/deutschland\/israel-verliert-seine-letzten-verbuendeten-in-europa\/#primaryimage","url":"https:\/\/now-news.de\/de\/wp-content\/uploads\/sites\/3\/Israel-verliert-seine-letzten-Verbuendeten-in-Europa.jpg","contentUrl":"https:\/\/now-news.de\/de\/wp-content\/uploads\/sites\/3\/Israel-verliert-seine-letzten-Verbuendeten-in-Europa.jpg","caption":"Israel verliert seine letzten Verb\u00fcndeten in Europa"},{"@type":"BreadcrumbList","@id":"https:\/\/now-news.de\/de\/deutschland\/israel-verliert-seine-letzten-verbuendeten-in-europa\/#breadcrumb","itemListElement":[{"@type":"ListItem","position":1,"name":"Home","item":"https:\/\/now-news.de\/de\/"},{"@type":"ListItem","position":2,"name":"Israel verliert seine letzten Verb\u00fcndeten in Europa"}]},{"@type":"WebSite","@id":"https:\/\/now-news.de\/de\/#website","url":"https:\/\/now-news.de\/de\/","name":"just-now.NEWS Deutschland","description":"Das Portal f\u00fcr unzensierte Nachrichten aus der Welt","publisher":{"@id":"https:\/\/now-news.de\/de\/#organization"},"potentialAction":[{"@type":"SearchAction","target":{"@type":"EntryPoint","urlTemplate":"https:\/\/now-news.de\/de\/?s={search_term_string}"},"query-input":"required name=search_term_string"}],"inLanguage":"de"},{"@type":"Organization","@id":"https:\/\/now-news.de\/de\/#organization","name":"Just Now News","url":"https:\/\/now-news.de\/de\/","logo":{"@type":"ImageObject","inLanguage":"de","@id":"https:\/\/now-news.de\/de\/#\/schema\/logo\/image\/","url":"http:\/\/just-now.news\/de\/wp-content\/uploads\/sites\/3\/2022\/04\/logo500x500.jpg","contentUrl":"http:\/\/just-now.news\/de\/wp-content\/uploads\/sites\/3\/2022\/04\/logo500x500.jpg","width":500,"height":500,"caption":"Just Now News"},"image":{"@id":"https:\/\/now-news.de\/de\/#\/schema\/logo\/image\/"},"sameAs":["https:\/\/www.facebook.com\/wirmachenauf","https:\/\/x.com\/WirMachenAuf_de"]},{"@type":"Person","@id":"https:\/\/now-news.de\/de\/#\/schema\/person\/fb534a4e865501d8b3285208df34a9b5","name":"rtnews","image":{"@type":"ImageObject","inLanguage":"de","@id":"https:\/\/now-news.de\/de\/#\/schema\/person\/image\/","url":"https:\/\/secure.gravatar.com\/avatar\/82aafea7d8127119dd649515f56e2117?s=96&d=mm&r=g","contentUrl":"https:\/\/secure.gravatar.com\/avatar\/82aafea7d8127119dd649515f56e2117?s=96&d=mm&r=g","caption":"rtnews"},"url":"https:\/\/now-news.de\/de\/author\/rnews\/"}]}},"_links":{"self":[{"href":"https:\/\/now-news.de\/de\/wp-json\/wp\/v2\/posts\/102260"}],"collection":[{"href":"https:\/\/now-news.de\/de\/wp-json\/wp\/v2\/posts"}],"about":[{"href":"https:\/\/now-news.de\/de\/wp-json\/wp\/v2\/types\/post"}],"author":[{"embeddable":true,"href":"https:\/\/now-news.de\/de\/wp-json\/wp\/v2\/users\/3"}],"replies":[{"embeddable":true,"href":"https:\/\/now-news.de\/de\/wp-json\/wp\/v2\/comments?post=102260"}],"version-history":[{"count":0,"href":"https:\/\/now-news.de\/de\/wp-json\/wp\/v2\/posts\/102260\/revisions"}],"wp:featuredmedia":[{"embeddable":true,"href":"https:\/\/now-news.de\/de\/wp-json\/wp\/v2\/media\/102261"}],"wp:attachment":[{"href":"https:\/\/now-news.de\/de\/wp-json\/wp\/v2\/media?parent=102260"}],"wp:term":[{"taxonomy":"category","embeddable":true,"href":"https:\/\/now-news.de\/de\/wp-json\/wp\/v2\/categories?post=102260"},{"taxonomy":"post_tag","embeddable":true,"href":"https:\/\/now-news.de\/de\/wp-json\/wp\/v2\/tags?post=102260"}],"curies":[{"name":"wp","href":"https:\/\/api.w.org\/{rel}","templated":true}]}}