{"id":102248,"date":"2026-04-24T21:00:57","date_gmt":"2026-04-24T19:00:57","guid":{"rendered":"https:\/\/now-news.de\/de\/deutschland\/estnischer-premier-russische-soldaten-sollen-lebenslang-aus-schengen-raum-verbannt-werden\/"},"modified":"2026-04-24T21:00:57","modified_gmt":"2026-04-24T19:00:57","slug":"estnischer-premier-russische-soldaten-sollen-lebenslang-aus-schengen-raum-verbannt-werden","status":"publish","type":"post","link":"https:\/\/now-news.de\/de\/deutschland\/estnischer-premier-russische-soldaten-sollen-lebenslang-aus-schengen-raum-verbannt-werden\/","title":{"rendered":"Estnischer Premier: Russische Soldaten sollen lebenslang aus Schengen-Raum verbannt werden"},"content":{"rendered":"<p><img decoding=\"async\" src=\"https:\/\/now-news.de\/de\/wp-content\/uploads\/sites\/3\/2026\/04\/69eb8bfc48fbef7a6b07837c.jpg\" \/><\/p>\n<div class=\"Text-root Text-type_1 \">\n                Russische Soldaten seien &#8220;Kriminelle&#8221; und sollten ihr Leben lang aus dem Schengen-Raum ferngehalten werden, erkl\u00e4rte der estnische Ministerpr\u00e4sident. Die EU-Au\u00dfenbeauftragte Kaja Kallas versprach, bis zum EU-Gipfel im Juni den Vorschlag f\u00fcr ein Schengen-Verbot f\u00fcr russische Soldaten zu erarbeiten.\n            <\/div>\n<p><\/p>\n<div class=\"Text-root Text-type_5 ArticleView-text ViewText-root \">\n<p>Nach einem Vorschlag des estnischen Ministerpr\u00e4sidenten Kristen Michal soll die EU russischen Soldaten, die am Krieg in der Ukraine teilgenommen haben, lebenslang den Zugang zum Schengen-Raum verwehren. <a rel=\"nofollow noopener\" target=\"_blank\" href=\"https:\/\/www.euronews.com\/my-europe\/2026\/04\/24\/russian-soldiers-should-be-banned-from-schengen-for-life-estonian-pm-tells-euronews\">Im Interview<\/a> mit <em>Euronews<\/em>\u00a0sagte Michal am Freitag, &#8220;russische Soldaten sollten &#8216;auf Lebenszeit&#8217; aus dem Schengen-Raum verbannt werden&#8221;. Er wolle sich daf\u00fcr in der EU einsetzen.<\/p>\n<p>Laut der estnischen Regierung w\u00fcrden ehemalige russische Soldaten auch nach Beendigung des Kriegs in der Ukraine ein Sicherheitsrisiko f\u00fcr die EU darstellen. Gegen\u00fcber <em>Euronews<\/em> erkl\u00e4rte Michal die russischen Soldaten zu Kriminellen, die in der EU niemand in der N\u00e4he seines Hauses haben wolle. W\u00f6rtlich sagte er:\u00a0<\/p>\n<p><em>&#8220;Was werden diese Leute tun? Die meisten von ihnen sind Kriminelle, aber innerhalb Russlands m\u00fcssen sie als Helden behandelt werden. [&#8230;] Sie werden zu Wagner II, Wagner III oder privaten Armeen formiert und werden in Europa, Asien, Afrika und auf allen Kontinenten operieren.<\/em><\/p>\n<p><em>Ich m\u00f6chte noch einmal alle fragen: Wollen Sie diese Leute in der N\u00e4he Ihres Zuhauses haben? Nein, das wollen Sie nicht. Deshalb m\u00fcssen Sie ihnen lebenslang den Zugang zum Schengen-Raum verweigern.&#8221;<\/em><\/p>\n<p>Schon Anfang dieses Jahres habe Estland angefangen, sich f\u00fcr das Schengen-Verbot russischer Soldaten einzusetzen. Das Land sammelte anschlie\u00dfend Zustimmungen anderer Mitgliedstaaten. Daraufhin beauftragten die Staats- und Regierungschefs die Europ\u00e4ische Kommission, eine &#8220;Einsch\u00e4tzung m\u00f6glicher Wege zur L\u00f6sung dieses Problems vorzulegen, ohne die Zust\u00e4ndigkeiten der Mitgliedstaaten in diesem Bereich zu beeintr\u00e4chtigen&#8221;, berichtete <em>Euronews<\/em> am Freitag.<\/p>\n<p>Zwar entscheide jedes einzelne EU-Land selbstst\u00e4ndig \u00fcber die Erteilung von Einreisevisa, doch die EU-Kommission lege gemeinsame Regeln fest. Schlie\u00dflich d\u00fcrfen sich Visuminhaber frei im Schengen-Raum bewegen.<\/p>\n<p>Da es eine so hohe Zahl ehemaliger und aktiver russischer Soldaten gebe, &#8220;m\u00fcsse die Verantwortung von allen Mitgliedstaaten gemeinsam getragen werden&#8221;, zitierte <em>Euronews<\/em> den estnischen Staatschef. Dieser erkl\u00e4rte den Stand des Einreiseverbots f\u00fcr russische Soldaten in seiner Heimat:\u00a0&#8220;Estland hat bereits etwa 1.300 russische Soldaten mit einem Einreiseverbot belegt.&#8221;<\/p>\n<p>Es m\u00fcssten sich aber viel mehr L\u00e4nder beteiligen. Michal appellierte: &#8220;Wir k\u00f6nnen mehr tun, wir k\u00f6nnen das Zehnfache davon tun, aber wir k\u00f6nnen nicht eine Million [Soldaten] alleine bew\u00e4ltigen. Wir brauchen die Hilfe aller.&#8221;<\/p>\n<p>Die EU-Au\u00dfenbeauftragte Kaja Kallas leitet solche Bem\u00fchungen. Sie erkl\u00e4rte, der Vorschlag f\u00fcr ein Schengen-Verbot werde bis zum Gipfeltreffen der Staats- und Regierungschefs im Juni vorliegen.<\/p>\n<p><strong>Mehr zum Thema<\/strong>\u00a0\u2012 <a rel=\"nofollow noopener\" target=\"_blank\" href=\"https:\/\/freedert.online\/europa\/278107-neue-eu-sanktionen-richten-sich-gegen-spiegelseiten-von-rt-und-sputnik\/\">Neue EU-Sanktionen richten sich gegen Spiegelseiten von RT und Sputnik <\/a><\/p>\n<\/p>\n<\/div>\n<p><br \/>\n<br \/><a href=\"https:\/\/de.rt.com\/europa\/278112-estnischer-premier-russische-soldaten-sollen\/\">Source link <\/a><\/p>\n","protected":false},"excerpt":{"rendered":"<p>Russische Soldaten seien &#8220;Kriminelle&#8221; und sollten ihr Leben lang aus dem Schengen-Raum ferngehalten werden, erkl\u00e4rte der estnische Ministerpr\u00e4sident. Die EU-Au\u00dfenbeauftragte Kaja Kallas versprach, bis zum EU-Gipfel im Juni den Vorschlag f\u00fcr ein Schengen-Verbot f\u00fcr russische Soldaten zu erarbeiten. Nach einem Vorschlag des estnischen Ministerpr\u00e4sidenten Kristen Michal soll die EU russischen Soldaten, die am Krieg in [&hellip;]<\/p>\n","protected":false},"author":3,"featured_media":102249,"comment_status":"open","ping_status":"open","sticky":false,"template":"","format":"standard","meta":{"_yoast_indexnow_last_ping":["1777057701"],"wp_automatic_camp":["217"],"e30678b1e3eccdeb12d8381ccfdd0bc9":["Estnischer Premier: Russische Soldaten sollen lebenslang aus Schengen-Raum verbannt werden"],"original_link":["https:\/\/de.rt.com\/europa\/278112-estnischer-premier-russische-soldaten-sollen\/"],"_thumbnail_id":["102249"],"_wptgpro_p2tg_sent2tg":["a:1:{i:23737;s:19:\"2026-04-24 21:09:15\";}"],"jnews_social_counter_last_update":["1777400648"]},"categories":[19,23],"tags":[679,45907,26233,9770,570,36006,2333,1677,25061,1040],"yoast_head":"<!-- This site is optimized with the Yoast SEO Premium plugin v22.7 (Yoast SEO v22.7) - https:\/\/yoast.com\/wordpress\/plugins\/seo\/ -->\n<title>Estnischer Premier: Russische Soldaten sollen lebenslang aus Schengen-Raum verbannt werden - just-now.NEWS Deutschland<\/title>\n<meta name=\"robots\" content=\"index, follow, max-snippet:-1, max-image-preview:large, max-video-preview:-1\" \/>\n<link rel=\"canonical\" href=\"https:\/\/now-news.de\/de\/deutschland\/estnischer-premier-russische-soldaten-sollen-lebenslang-aus-schengen-raum-verbannt-werden\/\" \/>\n<meta property=\"og:locale\" content=\"de_DE\" \/>\n<meta property=\"og:type\" content=\"article\" \/>\n<meta property=\"og:title\" content=\"Estnischer Premier: Russische Soldaten sollen lebenslang aus Schengen-Raum verbannt werden\" \/>\n<meta property=\"og:description\" content=\"Russische Soldaten seien &#8220;Kriminelle&#8221; und sollten ihr Leben lang aus dem Schengen-Raum ferngehalten werden, erkl\u00e4rte der estnische Ministerpr\u00e4sident. Die EU-Au\u00dfenbeauftragte Kaja Kallas versprach, bis zum EU-Gipfel im Juni den Vorschlag f\u00fcr ein Schengen-Verbot f\u00fcr russische Soldaten zu erarbeiten. Nach einem Vorschlag des estnischen Ministerpr\u00e4sidenten Kristen Michal soll die EU russischen Soldaten, die am Krieg in [&hellip;]\" \/>\n<meta property=\"og:url\" content=\"https:\/\/now-news.de\/de\/deutschland\/estnischer-premier-russische-soldaten-sollen-lebenslang-aus-schengen-raum-verbannt-werden\/\" \/>\n<meta property=\"og:site_name\" content=\"just-now.NEWS Deutschland\" \/>\n<meta property=\"article:publisher\" content=\"https:\/\/www.facebook.com\/wirmachenauf\" \/>\n<meta property=\"article:published_time\" content=\"2026-04-24T19:00:57+00:00\" \/>\n<meta property=\"og:image\" content=\"https:\/\/now-news.de\/de\/wp-content\/uploads\/sites\/3\/2026\/04\/69eb8bfc48fbef7a6b07837c.jpg\" \/>\n<meta name=\"author\" content=\"rtnews\" \/>\n<meta name=\"twitter:card\" content=\"summary_large_image\" \/>\n<meta name=\"twitter:creator\" content=\"@WirMachenAuf_de\" \/>\n<meta name=\"twitter:site\" content=\"@WirMachenAuf_de\" \/>\n<meta name=\"twitter:label1\" content=\"Verfasst von\" \/>\n\t<meta name=\"twitter:data1\" content=\"rtnews\" \/>\n\t<meta name=\"twitter:label2\" content=\"Gesch\u00e4tzte Lesezeit\" \/>\n\t<meta name=\"twitter:data2\" content=\"2\u00a0Minuten\" \/>\n<script type=\"application\/ld+json\" class=\"yoast-schema-graph\">{\"@context\":\"https:\/\/schema.org\",\"@graph\":[{\"@type\":\"Article\",\"@id\":\"https:\/\/now-news.de\/de\/deutschland\/estnischer-premier-russische-soldaten-sollen-lebenslang-aus-schengen-raum-verbannt-werden\/#article\",\"isPartOf\":{\"@id\":\"https:\/\/now-news.de\/de\/deutschland\/estnischer-premier-russische-soldaten-sollen-lebenslang-aus-schengen-raum-verbannt-werden\/\"},\"author\":{\"name\":\"rtnews\",\"@id\":\"https:\/\/now-news.de\/de\/#\/schema\/person\/fb534a4e865501d8b3285208df34a9b5\"},\"headline\":\"Estnischer Premier: Russische Soldaten sollen lebenslang aus Schengen-Raum verbannt werden\",\"datePublished\":\"2026-04-24T19:00:57+00:00\",\"dateModified\":\"2026-04-24T19:00:57+00:00\",\"mainEntityOfPage\":{\"@id\":\"https:\/\/now-news.de\/de\/deutschland\/estnischer-premier-russische-soldaten-sollen-lebenslang-aus-schengen-raum-verbannt-werden\/\"},\"wordCount\":463,\"commentCount\":0,\"publisher\":{\"@id\":\"https:\/\/now-news.de\/de\/#organization\"},\"image\":{\"@id\":\"https:\/\/now-news.de\/de\/deutschland\/estnischer-premier-russische-soldaten-sollen-lebenslang-aus-schengen-raum-verbannt-werden\/#primaryimage\"},\"thumbnailUrl\":\"https:\/\/now-news.de\/de\/wp-content\/uploads\/sites\/3\/Estnischer-Premier-Russische-Soldaten-sollen-lebenslang-aus-Schengen-Raum-verbannt-werden.jpg\",\"keywords\":[\"aus\",\"Estnischer\",\"Lebenslang\",\"Premier\",\"Russische\",\"SchengenRaum\",\"Soldaten\",\"sollen\",\"verbannt\",\"Werden\"],\"articleSection\":[\"Deutschland\",\"Russland\"],\"inLanguage\":\"de\",\"potentialAction\":[{\"@type\":\"CommentAction\",\"name\":\"Comment\",\"target\":[\"https:\/\/now-news.de\/de\/deutschland\/estnischer-premier-russische-soldaten-sollen-lebenslang-aus-schengen-raum-verbannt-werden\/#respond\"]}]},{\"@type\":\"WebPage\",\"@id\":\"https:\/\/now-news.de\/de\/deutschland\/estnischer-premier-russische-soldaten-sollen-lebenslang-aus-schengen-raum-verbannt-werden\/\",\"url\":\"https:\/\/now-news.de\/de\/deutschland\/estnischer-premier-russische-soldaten-sollen-lebenslang-aus-schengen-raum-verbannt-werden\/\",\"name\":\"Estnischer Premier: Russische Soldaten sollen lebenslang aus Schengen-Raum verbannt werden - just-now.NEWS Deutschland\",\"isPartOf\":{\"@id\":\"https:\/\/now-news.de\/de\/#website\"},\"primaryImageOfPage\":{\"@id\":\"https:\/\/now-news.de\/de\/deutschland\/estnischer-premier-russische-soldaten-sollen-lebenslang-aus-schengen-raum-verbannt-werden\/#primaryimage\"},\"image\":{\"@id\":\"https:\/\/now-news.de\/de\/deutschland\/estnischer-premier-russische-soldaten-sollen-lebenslang-aus-schengen-raum-verbannt-werden\/#primaryimage\"},\"thumbnailUrl\":\"https:\/\/now-news.de\/de\/wp-content\/uploads\/sites\/3\/Estnischer-Premier-Russische-Soldaten-sollen-lebenslang-aus-Schengen-Raum-verbannt-werden.jpg\",\"datePublished\":\"2026-04-24T19:00:57+00:00\",\"dateModified\":\"2026-04-24T19:00:57+00:00\",\"breadcrumb\":{\"@id\":\"https:\/\/now-news.de\/de\/deutschland\/estnischer-premier-russische-soldaten-sollen-lebenslang-aus-schengen-raum-verbannt-werden\/#breadcrumb\"},\"inLanguage\":\"de\",\"potentialAction\":[{\"@type\":\"ReadAction\",\"target\":[\"https:\/\/now-news.de\/de\/deutschland\/estnischer-premier-russische-soldaten-sollen-lebenslang-aus-schengen-raum-verbannt-werden\/\"]}]},{\"@type\":\"ImageObject\",\"inLanguage\":\"de\",\"@id\":\"https:\/\/now-news.de\/de\/deutschland\/estnischer-premier-russische-soldaten-sollen-lebenslang-aus-schengen-raum-verbannt-werden\/#primaryimage\",\"url\":\"https:\/\/now-news.de\/de\/wp-content\/uploads\/sites\/3\/Estnischer-Premier-Russische-Soldaten-sollen-lebenslang-aus-Schengen-Raum-verbannt-werden.jpg\",\"contentUrl\":\"https:\/\/now-news.de\/de\/wp-content\/uploads\/sites\/3\/Estnischer-Premier-Russische-Soldaten-sollen-lebenslang-aus-Schengen-Raum-verbannt-werden.jpg\",\"caption\":\"Estnischer Premier: Russische Soldaten sollen lebenslang aus Schengen-Raum verbannt werden\"},{\"@type\":\"BreadcrumbList\",\"@id\":\"https:\/\/now-news.de\/de\/deutschland\/estnischer-premier-russische-soldaten-sollen-lebenslang-aus-schengen-raum-verbannt-werden\/#breadcrumb\",\"itemListElement\":[{\"@type\":\"ListItem\",\"position\":1,\"name\":\"Home\",\"item\":\"https:\/\/now-news.de\/de\/\"},{\"@type\":\"ListItem\",\"position\":2,\"name\":\"Estnischer Premier: Russische Soldaten sollen lebenslang aus Schengen-Raum verbannt werden\"}]},{\"@type\":\"WebSite\",\"@id\":\"https:\/\/now-news.de\/de\/#website\",\"url\":\"https:\/\/now-news.de\/de\/\",\"name\":\"just-now.NEWS Deutschland\",\"description\":\"Das Portal f\u00fcr unzensierte Nachrichten aus der Welt\",\"publisher\":{\"@id\":\"https:\/\/now-news.de\/de\/#organization\"},\"potentialAction\":[{\"@type\":\"SearchAction\",\"target\":{\"@type\":\"EntryPoint\",\"urlTemplate\":\"https:\/\/now-news.de\/de\/?s={search_term_string}\"},\"query-input\":\"required name=search_term_string\"}],\"inLanguage\":\"de\"},{\"@type\":\"Organization\",\"@id\":\"https:\/\/now-news.de\/de\/#organization\",\"name\":\"Just Now News\",\"url\":\"https:\/\/now-news.de\/de\/\",\"logo\":{\"@type\":\"ImageObject\",\"inLanguage\":\"de\",\"@id\":\"https:\/\/now-news.de\/de\/#\/schema\/logo\/image\/\",\"url\":\"http:\/\/just-now.news\/de\/wp-content\/uploads\/sites\/3\/2022\/04\/logo500x500.jpg\",\"contentUrl\":\"http:\/\/just-now.news\/de\/wp-content\/uploads\/sites\/3\/2022\/04\/logo500x500.jpg\",\"width\":500,\"height\":500,\"caption\":\"Just Now News\"},\"image\":{\"@id\":\"https:\/\/now-news.de\/de\/#\/schema\/logo\/image\/\"},\"sameAs\":[\"https:\/\/www.facebook.com\/wirmachenauf\",\"https:\/\/x.com\/WirMachenAuf_de\"]},{\"@type\":\"Person\",\"@id\":\"https:\/\/now-news.de\/de\/#\/schema\/person\/fb534a4e865501d8b3285208df34a9b5\",\"name\":\"rtnews\",\"image\":{\"@type\":\"ImageObject\",\"inLanguage\":\"de\",\"@id\":\"https:\/\/now-news.de\/de\/#\/schema\/person\/image\/\",\"url\":\"https:\/\/secure.gravatar.com\/avatar\/82aafea7d8127119dd649515f56e2117?s=96&d=mm&r=g\",\"contentUrl\":\"https:\/\/secure.gravatar.com\/avatar\/82aafea7d8127119dd649515f56e2117?s=96&d=mm&r=g\",\"caption\":\"rtnews\"},\"url\":\"https:\/\/now-news.de\/de\/author\/rnews\/\"}]}<\/script>\n<!-- \/ Yoast SEO Premium plugin. -->","yoast_head_json":{"title":"Estnischer Premier: Russische Soldaten sollen lebenslang aus Schengen-Raum verbannt werden - just-now.NEWS Deutschland","robots":{"index":"index","follow":"follow","max-snippet":"max-snippet:-1","max-image-preview":"max-image-preview:large","max-video-preview":"max-video-preview:-1"},"canonical":"https:\/\/now-news.de\/de\/deutschland\/estnischer-premier-russische-soldaten-sollen-lebenslang-aus-schengen-raum-verbannt-werden\/","og_locale":"de_DE","og_type":"article","og_title":"Estnischer Premier: Russische Soldaten sollen lebenslang aus Schengen-Raum verbannt werden","og_description":"Russische Soldaten seien &#8220;Kriminelle&#8221; und sollten ihr Leben lang aus dem Schengen-Raum ferngehalten werden, erkl\u00e4rte der estnische Ministerpr\u00e4sident. Die EU-Au\u00dfenbeauftragte Kaja Kallas versprach, bis zum EU-Gipfel im Juni den Vorschlag f\u00fcr ein Schengen-Verbot f\u00fcr russische Soldaten zu erarbeiten. Nach einem Vorschlag des estnischen Ministerpr\u00e4sidenten Kristen Michal soll die EU russischen Soldaten, die am Krieg in [&hellip;]","og_url":"https:\/\/now-news.de\/de\/deutschland\/estnischer-premier-russische-soldaten-sollen-lebenslang-aus-schengen-raum-verbannt-werden\/","og_site_name":"just-now.NEWS Deutschland","article_publisher":"https:\/\/www.facebook.com\/wirmachenauf","article_published_time":"2026-04-24T19:00:57+00:00","og_image":[{"url":"https:\/\/now-news.de\/de\/wp-content\/uploads\/sites\/3\/2026\/04\/69eb8bfc48fbef7a6b07837c.jpg"}],"author":"rtnews","twitter_card":"summary_large_image","twitter_creator":"@WirMachenAuf_de","twitter_site":"@WirMachenAuf_de","twitter_misc":{"Verfasst von":"rtnews","Gesch\u00e4tzte Lesezeit":"2\u00a0Minuten"},"schema":{"@context":"https:\/\/schema.org","@graph":[{"@type":"Article","@id":"https:\/\/now-news.de\/de\/deutschland\/estnischer-premier-russische-soldaten-sollen-lebenslang-aus-schengen-raum-verbannt-werden\/#article","isPartOf":{"@id":"https:\/\/now-news.de\/de\/deutschland\/estnischer-premier-russische-soldaten-sollen-lebenslang-aus-schengen-raum-verbannt-werden\/"},"author":{"name":"rtnews","@id":"https:\/\/now-news.de\/de\/#\/schema\/person\/fb534a4e865501d8b3285208df34a9b5"},"headline":"Estnischer Premier: Russische Soldaten sollen lebenslang aus Schengen-Raum verbannt werden","datePublished":"2026-04-24T19:00:57+00:00","dateModified":"2026-04-24T19:00:57+00:00","mainEntityOfPage":{"@id":"https:\/\/now-news.de\/de\/deutschland\/estnischer-premier-russische-soldaten-sollen-lebenslang-aus-schengen-raum-verbannt-werden\/"},"wordCount":463,"commentCount":0,"publisher":{"@id":"https:\/\/now-news.de\/de\/#organization"},"image":{"@id":"https:\/\/now-news.de\/de\/deutschland\/estnischer-premier-russische-soldaten-sollen-lebenslang-aus-schengen-raum-verbannt-werden\/#primaryimage"},"thumbnailUrl":"https:\/\/now-news.de\/de\/wp-content\/uploads\/sites\/3\/Estnischer-Premier-Russische-Soldaten-sollen-lebenslang-aus-Schengen-Raum-verbannt-werden.jpg","keywords":["aus","Estnischer","Lebenslang","Premier","Russische","SchengenRaum","Soldaten","sollen","verbannt","Werden"],"articleSection":["Deutschland","Russland"],"inLanguage":"de","potentialAction":[{"@type":"CommentAction","name":"Comment","target":["https:\/\/now-news.de\/de\/deutschland\/estnischer-premier-russische-soldaten-sollen-lebenslang-aus-schengen-raum-verbannt-werden\/#respond"]}]},{"@type":"WebPage","@id":"https:\/\/now-news.de\/de\/deutschland\/estnischer-premier-russische-soldaten-sollen-lebenslang-aus-schengen-raum-verbannt-werden\/","url":"https:\/\/now-news.de\/de\/deutschland\/estnischer-premier-russische-soldaten-sollen-lebenslang-aus-schengen-raum-verbannt-werden\/","name":"Estnischer Premier: Russische Soldaten sollen lebenslang aus Schengen-Raum verbannt werden - just-now.NEWS Deutschland","isPartOf":{"@id":"https:\/\/now-news.de\/de\/#website"},"primaryImageOfPage":{"@id":"https:\/\/now-news.de\/de\/deutschland\/estnischer-premier-russische-soldaten-sollen-lebenslang-aus-schengen-raum-verbannt-werden\/#primaryimage"},"image":{"@id":"https:\/\/now-news.de\/de\/deutschland\/estnischer-premier-russische-soldaten-sollen-lebenslang-aus-schengen-raum-verbannt-werden\/#primaryimage"},"thumbnailUrl":"https:\/\/now-news.de\/de\/wp-content\/uploads\/sites\/3\/Estnischer-Premier-Russische-Soldaten-sollen-lebenslang-aus-Schengen-Raum-verbannt-werden.jpg","datePublished":"2026-04-24T19:00:57+00:00","dateModified":"2026-04-24T19:00:57+00:00","breadcrumb":{"@id":"https:\/\/now-news.de\/de\/deutschland\/estnischer-premier-russische-soldaten-sollen-lebenslang-aus-schengen-raum-verbannt-werden\/#breadcrumb"},"inLanguage":"de","potentialAction":[{"@type":"ReadAction","target":["https:\/\/now-news.de\/de\/deutschland\/estnischer-premier-russische-soldaten-sollen-lebenslang-aus-schengen-raum-verbannt-werden\/"]}]},{"@type":"ImageObject","inLanguage":"de","@id":"https:\/\/now-news.de\/de\/deutschland\/estnischer-premier-russische-soldaten-sollen-lebenslang-aus-schengen-raum-verbannt-werden\/#primaryimage","url":"https:\/\/now-news.de\/de\/wp-content\/uploads\/sites\/3\/Estnischer-Premier-Russische-Soldaten-sollen-lebenslang-aus-Schengen-Raum-verbannt-werden.jpg","contentUrl":"https:\/\/now-news.de\/de\/wp-content\/uploads\/sites\/3\/Estnischer-Premier-Russische-Soldaten-sollen-lebenslang-aus-Schengen-Raum-verbannt-werden.jpg","caption":"Estnischer Premier: Russische Soldaten sollen lebenslang aus Schengen-Raum verbannt werden"},{"@type":"BreadcrumbList","@id":"https:\/\/now-news.de\/de\/deutschland\/estnischer-premier-russische-soldaten-sollen-lebenslang-aus-schengen-raum-verbannt-werden\/#breadcrumb","itemListElement":[{"@type":"ListItem","position":1,"name":"Home","item":"https:\/\/now-news.de\/de\/"},{"@type":"ListItem","position":2,"name":"Estnischer Premier: Russische Soldaten sollen lebenslang aus Schengen-Raum verbannt werden"}]},{"@type":"WebSite","@id":"https:\/\/now-news.de\/de\/#website","url":"https:\/\/now-news.de\/de\/","name":"just-now.NEWS Deutschland","description":"Das Portal f\u00fcr unzensierte Nachrichten aus der Welt","publisher":{"@id":"https:\/\/now-news.de\/de\/#organization"},"potentialAction":[{"@type":"SearchAction","target":{"@type":"EntryPoint","urlTemplate":"https:\/\/now-news.de\/de\/?s={search_term_string}"},"query-input":"required name=search_term_string"}],"inLanguage":"de"},{"@type":"Organization","@id":"https:\/\/now-news.de\/de\/#organization","name":"Just Now News","url":"https:\/\/now-news.de\/de\/","logo":{"@type":"ImageObject","inLanguage":"de","@id":"https:\/\/now-news.de\/de\/#\/schema\/logo\/image\/","url":"http:\/\/just-now.news\/de\/wp-content\/uploads\/sites\/3\/2022\/04\/logo500x500.jpg","contentUrl":"http:\/\/just-now.news\/de\/wp-content\/uploads\/sites\/3\/2022\/04\/logo500x500.jpg","width":500,"height":500,"caption":"Just Now News"},"image":{"@id":"https:\/\/now-news.de\/de\/#\/schema\/logo\/image\/"},"sameAs":["https:\/\/www.facebook.com\/wirmachenauf","https:\/\/x.com\/WirMachenAuf_de"]},{"@type":"Person","@id":"https:\/\/now-news.de\/de\/#\/schema\/person\/fb534a4e865501d8b3285208df34a9b5","name":"rtnews","image":{"@type":"ImageObject","inLanguage":"de","@id":"https:\/\/now-news.de\/de\/#\/schema\/person\/image\/","url":"https:\/\/secure.gravatar.com\/avatar\/82aafea7d8127119dd649515f56e2117?s=96&d=mm&r=g","contentUrl":"https:\/\/secure.gravatar.com\/avatar\/82aafea7d8127119dd649515f56e2117?s=96&d=mm&r=g","caption":"rtnews"},"url":"https:\/\/now-news.de\/de\/author\/rnews\/"}]}},"_links":{"self":[{"href":"https:\/\/now-news.de\/de\/wp-json\/wp\/v2\/posts\/102248"}],"collection":[{"href":"https:\/\/now-news.de\/de\/wp-json\/wp\/v2\/posts"}],"about":[{"href":"https:\/\/now-news.de\/de\/wp-json\/wp\/v2\/types\/post"}],"author":[{"embeddable":true,"href":"https:\/\/now-news.de\/de\/wp-json\/wp\/v2\/users\/3"}],"replies":[{"embeddable":true,"href":"https:\/\/now-news.de\/de\/wp-json\/wp\/v2\/comments?post=102248"}],"version-history":[{"count":0,"href":"https:\/\/now-news.de\/de\/wp-json\/wp\/v2\/posts\/102248\/revisions"}],"wp:featuredmedia":[{"embeddable":true,"href":"https:\/\/now-news.de\/de\/wp-json\/wp\/v2\/media\/102249"}],"wp:attachment":[{"href":"https:\/\/now-news.de\/de\/wp-json\/wp\/v2\/media?parent=102248"}],"wp:term":[{"taxonomy":"category","embeddable":true,"href":"https:\/\/now-news.de\/de\/wp-json\/wp\/v2\/categories?post=102248"},{"taxonomy":"post_tag","embeddable":true,"href":"https:\/\/now-news.de\/de\/wp-json\/wp\/v2\/tags?post=102248"}],"curies":[{"name":"wp","href":"https:\/\/api.w.org\/{rel}","templated":true}]}}