{"id":102230,"date":"2026-04-24T14:56:24","date_gmt":"2026-04-24T12:56:24","guid":{"rendered":"https:\/\/now-news.de\/de\/deutschland\/niedrigster-wert-seit-2020-ifo-geschaeftsklimaindex-deutlich-gesunken\/"},"modified":"2026-04-24T14:56:24","modified_gmt":"2026-04-24T12:56:24","slug":"niedrigster-wert-seit-2020-ifo-geschaeftsklimaindex-deutlich-gesunken","status":"publish","type":"post","link":"https:\/\/now-news.de\/de\/deutschland\/niedrigster-wert-seit-2020-ifo-geschaeftsklimaindex-deutlich-gesunken\/","title":{"rendered":"Niedrigster Wert seit 2020 \u2013 ifo-Gesch\u00e4ftsklimaindex deutlich gesunken"},"content":{"rendered":"<p><img decoding=\"async\" src=\"https:\/\/now-news.de\/de\/wp-content\/uploads\/sites\/3\/2026\/04\/69eb5239b480cc7cb44c29ba.jpg\" \/><\/p>\n<div class=\"Text-root Text-type_1 \">\n                Deutsche Unternehmen bewerten ihre wirtschaftliche Lage mehrheitlich als schlecht, so Angaben des M\u00fcnchner Forschungsinstituts. Der ifo-Gesch\u00e4ftsklimaindex sank daher im April 2026 auf den niedrigsten Wert seit der &#8220;Corona-Krise&#8221; im Jahr 2020.\n            <\/div>\n<p><\/p>\n<div class=\"Text-root Text-type_5 ArticleView-text ViewText-root \">\n<p>Die vom M\u00fcnchner ifo-Institut befragten Unternehmen haben ihre aktuelle Auftragslage und die k\u00fcnftigen Erwartungen an die Marktsituation als &#8220;schlecht&#8221; bezeichnet.\u00a0Die Betriebe waren demnach mit den laufenden Gesch\u00e4ften deutlich weniger zufrieden. Die Auswirkungen des von den USA und Israel provozierten Iran-Kriegs dr\u00fccken das Gesch\u00e4ftsklima den Auswertungen zufolge auf das niedrigste Niveau seit den Zeiten der Corona-Pandemie zu Beginn des Jahrzehnts.\u00a0<\/p>\n<p>Das sogenannte &#8220;ifo-Gesch\u00e4ftsklima&#8221; basiert laut dem Institut auf rund 9.000 monatlichen Meldungen &#8220;von Unternehmen des Verarbeitenden Gewerbes, des Dienstleistungssektors, des Handels und des Bauhauptgewerbes&#8221;. Die Unternehmen werden dabei gebeten, ihre gegenw\u00e4rtige Gesch\u00e4ftslage zu beurteilen und zudem ihre Erwartungen f\u00fcr die n\u00e4chsten sechs Monate mitzuteilen.<\/p>\n<p>Der ifo-Umfrage-Chef, Klaus Wohlrabe, erkl\u00e4rte gegen\u00fcber der Agentur <em>Reuters<\/em>, dass &#8220;die hiesige Wirtschaft die Zuversicht verliere&#8221;, und gab weiter zu Protokoll:<\/p>\n<p><em>&#8220;Es gibt kaum Lichtblicke in diesem Monat. Die Unsicherheit frisst sich durch die deutsche Wirtschaft.&#8221;<\/em><\/p>\n<p>&#8220;Die Hoffnungen auf einen Aufschwung sind vorerst dahin&#8221;, kommentiert erg\u00e4nzend ifo-Pr\u00e4sident Clemens Fuest.\u00a0Im Bauhauptgewerbe\u00a0sei das Gesch\u00e4ftsklima regelrecht eingebrochen. Die Erwartungen der Unternehmen gaben in dieser Branche fast um 10 Punkte nach. So hei\u00dft es zusammenfassend in der ifo-<a rel=\"nofollow noopener\" target=\"_blank\" href=\"https:\/\/www.ifo.de\/fakten\/2026-04-25\/ifo-geschaeftsklimaindex-gesunken-april-2026\">Mitteilung<\/a>:<\/p>\n<p><em>&#8220;Die Stimmung unter den Unternehmen in Deutschland hat sich deutlich verschlechtert. Der ifo Gesch\u00e4ftsklimaindex sank im April auf 84,4 Punkte, nach 86,3 im M\u00e4rz. Dies ist der niedrigste Wert seit Mai 2020. Die Unternehmen blicken erheblich pessimistischer auf die kommenden Monate. Sie bewerteten auch ihre aktuelle Lage schlechter.&#8221;<\/em><\/p>\n<p>Von der Nachrichtenagentur <em>Reuters<\/em> befragte \u00d6konomen hatten f\u00fcr April dieses Jahres noch mit einem absehbaren R\u00fcckgang des ifo-Barometers auf 85,5 Punkte gerechnet.\u00a0Commerzbank-Chefvolkswirt J\u00f6rg Kr\u00e4mer wird von der <em>WirtschaftsWoche<\/em> mit den Worten zitiert, dass die Angaben \u00fcber den\u00a0Einbruch des ifo-Gesch\u00e4ftsklimas &#8220;unmissverst\u00e4ndlich zeigen, wie sehr der Energiepreisschock die deutsche Wirtschaft trifft&#8221;.<\/p>\n<p>Auch in der chemischen Industrie seien die Prognosen schlecht. Ihre aktuelle Lage bewerteten diese Unternehmen hingegen etwas besser, sie w\u00fcrden jedoch zunehmend von Lieferengp\u00e4ssen bei Vorprodukten belastet.<\/p>\n<p>Laut dem ifo-Experten Wohlrabe d\u00fcrfte die deutsche Wirtschaft im laufenden zweiten Quartal &#8220;bestenfalls stagnieren&#8221;. Im schlimmsten Fall werde sie jedoch um weitere 0,1 oder 0,2 Prozent\u00a0gegen\u00fcber dem Vorquartal schrumpfen. Weiter hei\u00dft es seitens des Instituts zu den n\u00fcchternen Fakten:<\/p>\n<p><em>&#8220;Die Irankrise trifft die deutsche Wirtschaft hart.\u00a0Im Verarbeitenden Gewerbe hat sich das Gesch\u00e4ftsklima verschlechtert.\u00a0Im Dienstleistungssektor ist der Index deutlich gesunken. Der Einbruch der Erwartungen hat sich fortgesetzt. Auch die Urteile zur aktuellen Lage fielen weniger gut aus. Speziell die Logistik steht unter Druck, dort sind die Aussichten d\u00fcster.&#8221;<\/em><\/p>\n<p>Keine positiven Nachrichten erfolgten auch seitens des klassischen Handels\u00a0\u2012 dort habe\u00a0das Gesch\u00e4ftsklima &#8220;stark nachgegeben&#8221;. Die Unternehmen korrigierten laut R\u00fcckmeldungen ihre Urteile &#8220;sowohl bei der aktuellen Lage als auch bei den Erwartungen sp\u00fcrbar nach unten&#8221;. Sorge bereite den Einzelh\u00e4ndlern insbesondere, dass sich die Konsumenten aufgrund der Inflation st\u00e4rker zur\u00fcckhalten k\u00f6nnten.<\/p>\n<p>Der Energiepreisanstieg infolge der Nahost-Kriege hat bereits die Inflation nach oben getrieben und bremst damit auch die Wirtschaft aus. Darauf l\u00e4sst laut Medienberichten das j\u00fcngst ver\u00f6ffentlichte\u00a0<a rel=\"nofollow noopener\" target=\"_blank\" href=\"https:\/\/www.aktiencheck.de\/news\/Artikel-S_P_Global_Aktie_Krisenbarometer_schlaegt_aus-19690361\">Krisenbarometer von S&amp;P Global<\/a>\u00a0schlie\u00dfen, bei dem f\u00fchrende Manager die Gesch\u00e4ftsbedingungen beurteilen.\u00a0F\u00fcr Deutschland fiel hier der Dienstleistungsindex &#8220;sogar auf 46,9 und damit auf den niedrigsten Stand seit drei Jahren&#8221;.<\/p>\n<p><strong>Mehr zum Thema \u2012<\/strong>\u00a0<a rel=\"nofollow noopener\" target=\"_blank\" href=\"https:\/\/freedert.online\/inland\/278066-17-cent-weniger-bundestag-einigt\/\">17 Cent weniger \u2013 Bundestag einigt sich auf Tankrabatt <\/a><\/p>\n<div class=\"EmbedBlock-root EmbedBlock-externalVideo EmbedBlock-rumble\">\n<div class=\"VkEmbed\"><iframe class=\"lazyload\" data-src=\"https:\/\/rumble.com\/embed\/v76qy98\" frameborder=\"0\" width=\"853\" height=\"480\" allowfullscreen><\/iframe><\/div>\n<\/div>\n<\/div>\n<p><br \/>\n<br \/><a href=\"https:\/\/de.rt.com\/inland\/278065-niedrigster-wert-seit-2020-ifo\/\">Source link <\/a><\/p>\n","protected":false},"excerpt":{"rendered":"<p>Deutsche Unternehmen bewerten ihre wirtschaftliche Lage mehrheitlich als schlecht, so Angaben des M\u00fcnchner Forschungsinstituts. Der ifo-Gesch\u00e4ftsklimaindex sank daher im April 2026 auf den niedrigsten Wert seit der &#8220;Corona-Krise&#8221; im Jahr 2020. Die vom M\u00fcnchner ifo-Institut befragten Unternehmen haben ihre aktuelle Auftragslage und die k\u00fcnftigen Erwartungen an die Marktsituation als &#8220;schlecht&#8221; bezeichnet.\u00a0Die Betriebe waren demnach mit [&hellip;]<\/p>\n","protected":false},"author":3,"featured_media":102231,"comment_status":"open","ping_status":"open","sticky":false,"template":"","format":"standard","meta":{"_yoast_indexnow_last_ping":["1777035502"],"wp_automatic_camp":["217"],"12ff4b4358f6869fdec75b7638082266":["Niedrigster Wert seit 2020 \u2013 ifo-Gesch\u00e4ftsklimaindex deutlich gesunken"],"original_link":["https:\/\/de.rt.com\/inland\/278065-niedrigster-wert-seit-2020-ifo\/"],"_thumbnail_id":["102231"],"jnews_social_counter_last_update":["1777147403"],"_wptgpro_p2tg_sent2tg":["a:1:{i:23737;s:19:\"2026-04-24 14:59:19\";}"]},"categories":[19,23],"tags":[12212,1441,34861,27383,1829,19633],"yoast_head":"<!-- This site is optimized with the Yoast SEO Premium plugin v22.7 (Yoast SEO v22.7) - https:\/\/yoast.com\/wordpress\/plugins\/seo\/ -->\n<title>Niedrigster Wert seit 2020 \u2013 ifo-Gesch\u00e4ftsklimaindex deutlich gesunken - just-now.NEWS Deutschland<\/title>\n<meta name=\"robots\" content=\"index, follow, max-snippet:-1, max-image-preview:large, max-video-preview:-1\" \/>\n<link rel=\"canonical\" href=\"https:\/\/now-news.de\/de\/deutschland\/niedrigster-wert-seit-2020-ifo-geschaeftsklimaindex-deutlich-gesunken\/\" \/>\n<meta property=\"og:locale\" content=\"de_DE\" \/>\n<meta property=\"og:type\" content=\"article\" \/>\n<meta property=\"og:title\" content=\"Niedrigster Wert seit 2020 \u2013 ifo-Gesch\u00e4ftsklimaindex deutlich gesunken\" \/>\n<meta property=\"og:description\" content=\"Deutsche Unternehmen bewerten ihre wirtschaftliche Lage mehrheitlich als schlecht, so Angaben des M\u00fcnchner Forschungsinstituts. Der ifo-Gesch\u00e4ftsklimaindex sank daher im April 2026 auf den niedrigsten Wert seit der &#8220;Corona-Krise&#8221; im Jahr 2020. Die vom M\u00fcnchner ifo-Institut befragten Unternehmen haben ihre aktuelle Auftragslage und die k\u00fcnftigen Erwartungen an die Marktsituation als &#8220;schlecht&#8221; bezeichnet.\u00a0Die Betriebe waren demnach mit [&hellip;]\" \/>\n<meta property=\"og:url\" content=\"https:\/\/now-news.de\/de\/deutschland\/niedrigster-wert-seit-2020-ifo-geschaeftsklimaindex-deutlich-gesunken\/\" \/>\n<meta property=\"og:site_name\" content=\"just-now.NEWS Deutschland\" \/>\n<meta property=\"article:publisher\" content=\"https:\/\/www.facebook.com\/wirmachenauf\" \/>\n<meta property=\"article:published_time\" content=\"2026-04-24T12:56:24+00:00\" \/>\n<meta property=\"og:image\" content=\"https:\/\/now-news.de\/de\/wp-content\/uploads\/sites\/3\/2026\/04\/69eb5239b480cc7cb44c29ba.jpg\" \/>\n<meta name=\"author\" content=\"rtnews\" \/>\n<meta name=\"twitter:card\" content=\"summary_large_image\" \/>\n<meta name=\"twitter:creator\" content=\"@WirMachenAuf_de\" \/>\n<meta name=\"twitter:site\" content=\"@WirMachenAuf_de\" \/>\n<meta name=\"twitter:label1\" content=\"Verfasst von\" \/>\n\t<meta name=\"twitter:data1\" content=\"rtnews\" \/>\n\t<meta name=\"twitter:label2\" content=\"Gesch\u00e4tzte Lesezeit\" \/>\n\t<meta name=\"twitter:data2\" content=\"3\u00a0Minuten\" \/>\n<script type=\"application\/ld+json\" class=\"yoast-schema-graph\">{\"@context\":\"https:\/\/schema.org\",\"@graph\":[{\"@type\":\"Article\",\"@id\":\"https:\/\/now-news.de\/de\/deutschland\/niedrigster-wert-seit-2020-ifo-geschaeftsklimaindex-deutlich-gesunken\/#article\",\"isPartOf\":{\"@id\":\"https:\/\/now-news.de\/de\/deutschland\/niedrigster-wert-seit-2020-ifo-geschaeftsklimaindex-deutlich-gesunken\/\"},\"author\":{\"name\":\"rtnews\",\"@id\":\"https:\/\/now-news.de\/de\/#\/schema\/person\/fb534a4e865501d8b3285208df34a9b5\"},\"headline\":\"Niedrigster Wert seit 2020 \u2013 ifo-Gesch\u00e4ftsklimaindex deutlich gesunken\",\"datePublished\":\"2026-04-24T12:56:24+00:00\",\"dateModified\":\"2026-04-24T12:56:24+00:00\",\"mainEntityOfPage\":{\"@id\":\"https:\/\/now-news.de\/de\/deutschland\/niedrigster-wert-seit-2020-ifo-geschaeftsklimaindex-deutlich-gesunken\/\"},\"wordCount\":592,\"commentCount\":0,\"publisher\":{\"@id\":\"https:\/\/now-news.de\/de\/#organization\"},\"image\":{\"@id\":\"https:\/\/now-news.de\/de\/deutschland\/niedrigster-wert-seit-2020-ifo-geschaeftsklimaindex-deutlich-gesunken\/#primaryimage\"},\"thumbnailUrl\":\"https:\/\/now-news.de\/de\/wp-content\/uploads\/sites\/3\/Niedrigster-Wert-seit-2020-\u2013-ifo-Geschaeftsklimaindex-deutlich-gesunken.jpg\",\"keywords\":[\"deutlich\",\"gesunken\",\"ifoGesch\u00e4ftsklimaindex\",\"niedrigster\",\"seit\",\"Wert\"],\"articleSection\":[\"Deutschland\",\"Russland\"],\"inLanguage\":\"de\",\"potentialAction\":[{\"@type\":\"CommentAction\",\"name\":\"Comment\",\"target\":[\"https:\/\/now-news.de\/de\/deutschland\/niedrigster-wert-seit-2020-ifo-geschaeftsklimaindex-deutlich-gesunken\/#respond\"]}]},{\"@type\":\"WebPage\",\"@id\":\"https:\/\/now-news.de\/de\/deutschland\/niedrigster-wert-seit-2020-ifo-geschaeftsklimaindex-deutlich-gesunken\/\",\"url\":\"https:\/\/now-news.de\/de\/deutschland\/niedrigster-wert-seit-2020-ifo-geschaeftsklimaindex-deutlich-gesunken\/\",\"name\":\"Niedrigster Wert seit 2020 \u2013 ifo-Gesch\u00e4ftsklimaindex deutlich gesunken - just-now.NEWS Deutschland\",\"isPartOf\":{\"@id\":\"https:\/\/now-news.de\/de\/#website\"},\"primaryImageOfPage\":{\"@id\":\"https:\/\/now-news.de\/de\/deutschland\/niedrigster-wert-seit-2020-ifo-geschaeftsklimaindex-deutlich-gesunken\/#primaryimage\"},\"image\":{\"@id\":\"https:\/\/now-news.de\/de\/deutschland\/niedrigster-wert-seit-2020-ifo-geschaeftsklimaindex-deutlich-gesunken\/#primaryimage\"},\"thumbnailUrl\":\"https:\/\/now-news.de\/de\/wp-content\/uploads\/sites\/3\/Niedrigster-Wert-seit-2020-\u2013-ifo-Geschaeftsklimaindex-deutlich-gesunken.jpg\",\"datePublished\":\"2026-04-24T12:56:24+00:00\",\"dateModified\":\"2026-04-24T12:56:24+00:00\",\"breadcrumb\":{\"@id\":\"https:\/\/now-news.de\/de\/deutschland\/niedrigster-wert-seit-2020-ifo-geschaeftsklimaindex-deutlich-gesunken\/#breadcrumb\"},\"inLanguage\":\"de\",\"potentialAction\":[{\"@type\":\"ReadAction\",\"target\":[\"https:\/\/now-news.de\/de\/deutschland\/niedrigster-wert-seit-2020-ifo-geschaeftsklimaindex-deutlich-gesunken\/\"]}]},{\"@type\":\"ImageObject\",\"inLanguage\":\"de\",\"@id\":\"https:\/\/now-news.de\/de\/deutschland\/niedrigster-wert-seit-2020-ifo-geschaeftsklimaindex-deutlich-gesunken\/#primaryimage\",\"url\":\"https:\/\/now-news.de\/de\/wp-content\/uploads\/sites\/3\/Niedrigster-Wert-seit-2020-\u2013-ifo-Geschaeftsklimaindex-deutlich-gesunken.jpg\",\"contentUrl\":\"https:\/\/now-news.de\/de\/wp-content\/uploads\/sites\/3\/Niedrigster-Wert-seit-2020-\u2013-ifo-Geschaeftsklimaindex-deutlich-gesunken.jpg\",\"caption\":\"Niedrigster Wert seit 2020 \u2013 ifo-Gesch\u00e4ftsklimaindex deutlich gesunken\"},{\"@type\":\"BreadcrumbList\",\"@id\":\"https:\/\/now-news.de\/de\/deutschland\/niedrigster-wert-seit-2020-ifo-geschaeftsklimaindex-deutlich-gesunken\/#breadcrumb\",\"itemListElement\":[{\"@type\":\"ListItem\",\"position\":1,\"name\":\"Home\",\"item\":\"https:\/\/now-news.de\/de\/\"},{\"@type\":\"ListItem\",\"position\":2,\"name\":\"Niedrigster Wert seit 2020 \u2013 ifo-Gesch\u00e4ftsklimaindex deutlich gesunken\"}]},{\"@type\":\"WebSite\",\"@id\":\"https:\/\/now-news.de\/de\/#website\",\"url\":\"https:\/\/now-news.de\/de\/\",\"name\":\"just-now.NEWS Deutschland\",\"description\":\"Das Portal f\u00fcr unzensierte Nachrichten aus der Welt\",\"publisher\":{\"@id\":\"https:\/\/now-news.de\/de\/#organization\"},\"potentialAction\":[{\"@type\":\"SearchAction\",\"target\":{\"@type\":\"EntryPoint\",\"urlTemplate\":\"https:\/\/now-news.de\/de\/?s={search_term_string}\"},\"query-input\":\"required name=search_term_string\"}],\"inLanguage\":\"de\"},{\"@type\":\"Organization\",\"@id\":\"https:\/\/now-news.de\/de\/#organization\",\"name\":\"Just Now News\",\"url\":\"https:\/\/now-news.de\/de\/\",\"logo\":{\"@type\":\"ImageObject\",\"inLanguage\":\"de\",\"@id\":\"https:\/\/now-news.de\/de\/#\/schema\/logo\/image\/\",\"url\":\"http:\/\/just-now.news\/de\/wp-content\/uploads\/sites\/3\/2022\/04\/logo500x500.jpg\",\"contentUrl\":\"http:\/\/just-now.news\/de\/wp-content\/uploads\/sites\/3\/2022\/04\/logo500x500.jpg\",\"width\":500,\"height\":500,\"caption\":\"Just Now News\"},\"image\":{\"@id\":\"https:\/\/now-news.de\/de\/#\/schema\/logo\/image\/\"},\"sameAs\":[\"https:\/\/www.facebook.com\/wirmachenauf\",\"https:\/\/x.com\/WirMachenAuf_de\"]},{\"@type\":\"Person\",\"@id\":\"https:\/\/now-news.de\/de\/#\/schema\/person\/fb534a4e865501d8b3285208df34a9b5\",\"name\":\"rtnews\",\"image\":{\"@type\":\"ImageObject\",\"inLanguage\":\"de\",\"@id\":\"https:\/\/now-news.de\/de\/#\/schema\/person\/image\/\",\"url\":\"https:\/\/secure.gravatar.com\/avatar\/82aafea7d8127119dd649515f56e2117?s=96&d=mm&r=g\",\"contentUrl\":\"https:\/\/secure.gravatar.com\/avatar\/82aafea7d8127119dd649515f56e2117?s=96&d=mm&r=g\",\"caption\":\"rtnews\"},\"url\":\"https:\/\/now-news.de\/de\/author\/rnews\/\"}]}<\/script>\n<!-- \/ Yoast SEO Premium plugin. -->","yoast_head_json":{"title":"Niedrigster Wert seit 2020 \u2013 ifo-Gesch\u00e4ftsklimaindex deutlich gesunken - just-now.NEWS Deutschland","robots":{"index":"index","follow":"follow","max-snippet":"max-snippet:-1","max-image-preview":"max-image-preview:large","max-video-preview":"max-video-preview:-1"},"canonical":"https:\/\/now-news.de\/de\/deutschland\/niedrigster-wert-seit-2020-ifo-geschaeftsklimaindex-deutlich-gesunken\/","og_locale":"de_DE","og_type":"article","og_title":"Niedrigster Wert seit 2020 \u2013 ifo-Gesch\u00e4ftsklimaindex deutlich gesunken","og_description":"Deutsche Unternehmen bewerten ihre wirtschaftliche Lage mehrheitlich als schlecht, so Angaben des M\u00fcnchner Forschungsinstituts. Der ifo-Gesch\u00e4ftsklimaindex sank daher im April 2026 auf den niedrigsten Wert seit der &#8220;Corona-Krise&#8221; im Jahr 2020. Die vom M\u00fcnchner ifo-Institut befragten Unternehmen haben ihre aktuelle Auftragslage und die k\u00fcnftigen Erwartungen an die Marktsituation als &#8220;schlecht&#8221; bezeichnet.\u00a0Die Betriebe waren demnach mit [&hellip;]","og_url":"https:\/\/now-news.de\/de\/deutschland\/niedrigster-wert-seit-2020-ifo-geschaeftsklimaindex-deutlich-gesunken\/","og_site_name":"just-now.NEWS Deutschland","article_publisher":"https:\/\/www.facebook.com\/wirmachenauf","article_published_time":"2026-04-24T12:56:24+00:00","og_image":[{"url":"https:\/\/now-news.de\/de\/wp-content\/uploads\/sites\/3\/2026\/04\/69eb5239b480cc7cb44c29ba.jpg"}],"author":"rtnews","twitter_card":"summary_large_image","twitter_creator":"@WirMachenAuf_de","twitter_site":"@WirMachenAuf_de","twitter_misc":{"Verfasst von":"rtnews","Gesch\u00e4tzte Lesezeit":"3\u00a0Minuten"},"schema":{"@context":"https:\/\/schema.org","@graph":[{"@type":"Article","@id":"https:\/\/now-news.de\/de\/deutschland\/niedrigster-wert-seit-2020-ifo-geschaeftsklimaindex-deutlich-gesunken\/#article","isPartOf":{"@id":"https:\/\/now-news.de\/de\/deutschland\/niedrigster-wert-seit-2020-ifo-geschaeftsklimaindex-deutlich-gesunken\/"},"author":{"name":"rtnews","@id":"https:\/\/now-news.de\/de\/#\/schema\/person\/fb534a4e865501d8b3285208df34a9b5"},"headline":"Niedrigster Wert seit 2020 \u2013 ifo-Gesch\u00e4ftsklimaindex deutlich gesunken","datePublished":"2026-04-24T12:56:24+00:00","dateModified":"2026-04-24T12:56:24+00:00","mainEntityOfPage":{"@id":"https:\/\/now-news.de\/de\/deutschland\/niedrigster-wert-seit-2020-ifo-geschaeftsklimaindex-deutlich-gesunken\/"},"wordCount":592,"commentCount":0,"publisher":{"@id":"https:\/\/now-news.de\/de\/#organization"},"image":{"@id":"https:\/\/now-news.de\/de\/deutschland\/niedrigster-wert-seit-2020-ifo-geschaeftsklimaindex-deutlich-gesunken\/#primaryimage"},"thumbnailUrl":"https:\/\/now-news.de\/de\/wp-content\/uploads\/sites\/3\/Niedrigster-Wert-seit-2020-\u2013-ifo-Geschaeftsklimaindex-deutlich-gesunken.jpg","keywords":["deutlich","gesunken","ifoGesch\u00e4ftsklimaindex","niedrigster","seit","Wert"],"articleSection":["Deutschland","Russland"],"inLanguage":"de","potentialAction":[{"@type":"CommentAction","name":"Comment","target":["https:\/\/now-news.de\/de\/deutschland\/niedrigster-wert-seit-2020-ifo-geschaeftsklimaindex-deutlich-gesunken\/#respond"]}]},{"@type":"WebPage","@id":"https:\/\/now-news.de\/de\/deutschland\/niedrigster-wert-seit-2020-ifo-geschaeftsklimaindex-deutlich-gesunken\/","url":"https:\/\/now-news.de\/de\/deutschland\/niedrigster-wert-seit-2020-ifo-geschaeftsklimaindex-deutlich-gesunken\/","name":"Niedrigster Wert seit 2020 \u2013 ifo-Gesch\u00e4ftsklimaindex deutlich gesunken - just-now.NEWS Deutschland","isPartOf":{"@id":"https:\/\/now-news.de\/de\/#website"},"primaryImageOfPage":{"@id":"https:\/\/now-news.de\/de\/deutschland\/niedrigster-wert-seit-2020-ifo-geschaeftsklimaindex-deutlich-gesunken\/#primaryimage"},"image":{"@id":"https:\/\/now-news.de\/de\/deutschland\/niedrigster-wert-seit-2020-ifo-geschaeftsklimaindex-deutlich-gesunken\/#primaryimage"},"thumbnailUrl":"https:\/\/now-news.de\/de\/wp-content\/uploads\/sites\/3\/Niedrigster-Wert-seit-2020-\u2013-ifo-Geschaeftsklimaindex-deutlich-gesunken.jpg","datePublished":"2026-04-24T12:56:24+00:00","dateModified":"2026-04-24T12:56:24+00:00","breadcrumb":{"@id":"https:\/\/now-news.de\/de\/deutschland\/niedrigster-wert-seit-2020-ifo-geschaeftsklimaindex-deutlich-gesunken\/#breadcrumb"},"inLanguage":"de","potentialAction":[{"@type":"ReadAction","target":["https:\/\/now-news.de\/de\/deutschland\/niedrigster-wert-seit-2020-ifo-geschaeftsklimaindex-deutlich-gesunken\/"]}]},{"@type":"ImageObject","inLanguage":"de","@id":"https:\/\/now-news.de\/de\/deutschland\/niedrigster-wert-seit-2020-ifo-geschaeftsklimaindex-deutlich-gesunken\/#primaryimage","url":"https:\/\/now-news.de\/de\/wp-content\/uploads\/sites\/3\/Niedrigster-Wert-seit-2020-\u2013-ifo-Geschaeftsklimaindex-deutlich-gesunken.jpg","contentUrl":"https:\/\/now-news.de\/de\/wp-content\/uploads\/sites\/3\/Niedrigster-Wert-seit-2020-\u2013-ifo-Geschaeftsklimaindex-deutlich-gesunken.jpg","caption":"Niedrigster Wert seit 2020 \u2013 ifo-Gesch\u00e4ftsklimaindex deutlich gesunken"},{"@type":"BreadcrumbList","@id":"https:\/\/now-news.de\/de\/deutschland\/niedrigster-wert-seit-2020-ifo-geschaeftsklimaindex-deutlich-gesunken\/#breadcrumb","itemListElement":[{"@type":"ListItem","position":1,"name":"Home","item":"https:\/\/now-news.de\/de\/"},{"@type":"ListItem","position":2,"name":"Niedrigster Wert seit 2020 \u2013 ifo-Gesch\u00e4ftsklimaindex deutlich gesunken"}]},{"@type":"WebSite","@id":"https:\/\/now-news.de\/de\/#website","url":"https:\/\/now-news.de\/de\/","name":"just-now.NEWS Deutschland","description":"Das Portal f\u00fcr unzensierte Nachrichten aus der Welt","publisher":{"@id":"https:\/\/now-news.de\/de\/#organization"},"potentialAction":[{"@type":"SearchAction","target":{"@type":"EntryPoint","urlTemplate":"https:\/\/now-news.de\/de\/?s={search_term_string}"},"query-input":"required name=search_term_string"}],"inLanguage":"de"},{"@type":"Organization","@id":"https:\/\/now-news.de\/de\/#organization","name":"Just Now News","url":"https:\/\/now-news.de\/de\/","logo":{"@type":"ImageObject","inLanguage":"de","@id":"https:\/\/now-news.de\/de\/#\/schema\/logo\/image\/","url":"http:\/\/just-now.news\/de\/wp-content\/uploads\/sites\/3\/2022\/04\/logo500x500.jpg","contentUrl":"http:\/\/just-now.news\/de\/wp-content\/uploads\/sites\/3\/2022\/04\/logo500x500.jpg","width":500,"height":500,"caption":"Just Now News"},"image":{"@id":"https:\/\/now-news.de\/de\/#\/schema\/logo\/image\/"},"sameAs":["https:\/\/www.facebook.com\/wirmachenauf","https:\/\/x.com\/WirMachenAuf_de"]},{"@type":"Person","@id":"https:\/\/now-news.de\/de\/#\/schema\/person\/fb534a4e865501d8b3285208df34a9b5","name":"rtnews","image":{"@type":"ImageObject","inLanguage":"de","@id":"https:\/\/now-news.de\/de\/#\/schema\/person\/image\/","url":"https:\/\/secure.gravatar.com\/avatar\/82aafea7d8127119dd649515f56e2117?s=96&d=mm&r=g","contentUrl":"https:\/\/secure.gravatar.com\/avatar\/82aafea7d8127119dd649515f56e2117?s=96&d=mm&r=g","caption":"rtnews"},"url":"https:\/\/now-news.de\/de\/author\/rnews\/"}]}},"_links":{"self":[{"href":"https:\/\/now-news.de\/de\/wp-json\/wp\/v2\/posts\/102230"}],"collection":[{"href":"https:\/\/now-news.de\/de\/wp-json\/wp\/v2\/posts"}],"about":[{"href":"https:\/\/now-news.de\/de\/wp-json\/wp\/v2\/types\/post"}],"author":[{"embeddable":true,"href":"https:\/\/now-news.de\/de\/wp-json\/wp\/v2\/users\/3"}],"replies":[{"embeddable":true,"href":"https:\/\/now-news.de\/de\/wp-json\/wp\/v2\/comments?post=102230"}],"version-history":[{"count":0,"href":"https:\/\/now-news.de\/de\/wp-json\/wp\/v2\/posts\/102230\/revisions"}],"wp:featuredmedia":[{"embeddable":true,"href":"https:\/\/now-news.de\/de\/wp-json\/wp\/v2\/media\/102231"}],"wp:attachment":[{"href":"https:\/\/now-news.de\/de\/wp-json\/wp\/v2\/media?parent=102230"}],"wp:term":[{"taxonomy":"category","embeddable":true,"href":"https:\/\/now-news.de\/de\/wp-json\/wp\/v2\/categories?post=102230"},{"taxonomy":"post_tag","embeddable":true,"href":"https:\/\/now-news.de\/de\/wp-json\/wp\/v2\/tags?post=102230"}],"curies":[{"name":"wp","href":"https:\/\/api.w.org\/{rel}","templated":true}]}}