{"id":102216,"date":"2026-04-24T09:02:51","date_gmt":"2026-04-24T07:02:51","guid":{"rendered":"https:\/\/now-news.de\/de\/deutschland\/notfallplaene-abseits-der-nato-frankreich-uebt-in-polen-atomwaffenangriffe-auf-ziele-in-russland\/"},"modified":"2026-04-24T09:02:51","modified_gmt":"2026-04-24T07:02:51","slug":"notfallplaene-abseits-der-nato-frankreich-uebt-in-polen-atomwaffenangriffe-auf-ziele-in-russland","status":"publish","type":"post","link":"https:\/\/now-news.de\/de\/deutschland\/notfallplaene-abseits-der-nato-frankreich-uebt-in-polen-atomwaffenangriffe-auf-ziele-in-russland\/","title":{"rendered":"&quot;Notfallpl\u00e4ne&quot; abseits der NATO: Frankreich \u00fcbt in Polen Atomwaffenangriffe auf Ziele in Russland"},"content":{"rendered":"<p><img decoding=\"async\" src=\"https:\/\/now-news.de\/de\/wp-content\/uploads\/sites\/3\/2026\/04\/69ea7ea848fbef33e30057c9.jpg\" \/><\/p>\n<div class=\"Text-root Text-type_1 \">\n                Im Rahmen einer gemeinsamen \u00dcbung mit Polen werden franz\u00f6sische Kampfflugzeuge Angriffe auf Ziele auf dem Territorium Russlands und Wei\u00dfrusslands proben. Das berichtet eine polnische Zeitung mit Verweis auf Quellen. Das Man\u00f6ver probt das Agieren au\u00dferhalb der &#8220;NATO-B\u00fcrokratie&#8221;.\n            <\/div>\n<p><\/p>\n<div class=\"Text-root Text-type_5 ArticleView-text ViewText-root \">\n<p>In K\u00fcrze werden an der Ostflanke der NATO, vorwiegend \u00fcber der Ostsee und Nordpolen, gemeinsame franz\u00f6sisch-polnische \u00dcbungen durchgef\u00fchrt. Wie\u00a0<em>RT DE<\/em>\u00a0<a rel=\"nofollow noopener\" target=\"_blank\" href=\"https:\/\/freedert.online\/europa\/277889-frankreich-setzt-polen-nuklearen-vergeltungsmassnahme\/\">berichtete<\/a>, ist dies Teil der Ausweitung des franz\u00f6sischen nuklearen Schutzschirms auf L\u00e4nder, die laut NATO-Milit\u00e4rdoktrin angeblich von Russland bedroht werden. Die polnische Zeitung\u00a0<em>Wiadomosci<\/em>\u00a0<a rel=\"nofollow noopener\" target=\"_blank\" href=\"https:\/\/wiadomosci.wp.pl\/francuskie-glowice-w-polsce-znamy-szczegoly-wspolnych-cwiczen-i-parasola-atomowego-7278089990662528a\">gab Details<\/a>\u00a0zu den \u00dcbungen mit Simulation des Atomwaffeneinsatzes bekannt.<\/p>\n<p>Laut Gespr\u00e4chspartnern von der polnischen Armee werden franz\u00f6sische Atomsprengk\u00f6pfe nicht dauerhaft in Polen gelagert. Sie werden jedoch periodisch an Rafale-Kampfflugzeugen angebracht. Diese werden gemeinsame \u00dcbungen mit der polnischen Luftwaffe durchf\u00fchren. In diesen \u00dcbungsszenarien werden polnische Piloten Langstreckenaufkl\u00e4rung und Zielaufkl\u00e4rung sowie Angriffe mit konventionellen Waffen durchf\u00fchren. Vorrangig werden konventionelle JASSM-ER-Marschflugk\u00f6rper von F-16-Kampfflugzeugen abgefeuert, die hypothetisch sogenannte hochrangige Ziele im Raum St. Petersburg angreifen werden.<\/p>\n<p>Die Franzosen werden in diesen \u00dcbungen den Einsatz von Atomsprengk\u00f6pfen simulieren. Rafale-B-Kampfflugzeuge k\u00f6nnen von Frankreich bis zur Linie Budapest\u2013Kaliningrad fliegen und Angriffe auf Ziele in Russland und Wei\u00dfrussland proben.<\/p>\n<p>&#8220;Der Schl\u00fcssel zu diesen Pl\u00e4nen ist, dass die im Aufbau befindliche polnisch-franz\u00f6sische Streitkraft gewisserma\u00dfen au\u00dferhalb der NATO-B\u00fcrokratie agieren wird&#8221;, sagte einer der Gespr\u00e4chspartner der Zeitung. Die Entwicklung gemeinsamer Verfahren werde deutlich schnellere Verteidigungsentscheidungen erm\u00f6glichen. Die polnisch-franz\u00f6sischen \u00dcbungsszenarien dienten als zus\u00e4tzliche Notfallpl\u00e4ne f\u00fcr den Fall eines russischen Angriffs, w\u00fcrden aber nicht nach langwierigen Beratungen gem\u00e4\u00df Artikel 5 der NATO aktiviert, so eine Quelle aus dem polnischen Milit\u00e4r.<\/p>\n<p>Er f\u00fcgt hinzu, dass die Regierung von Donald Tusk diese neuen Prinzipien nicht in den Vordergrund r\u00fccken wolle. Man sei sich jedoch bewusst, dass das NATO-B\u00fcndnis an St\u00e4rke verliere und nach erg\u00e4nzenden L\u00f6sungen gesucht werden m\u00fcsse. Eine solche L\u00f6sung sei die enge milit\u00e4rische Zusammenarbeit mit den skandinavischen L\u00e4ndern im Ostseeraum und im Luftraum.<\/p>\n<p>&#8220;Die Franzosen wissen, dass wir \u00fcber eine enorme milit\u00e4rische St\u00e4rke verf\u00fcgen. Mitte der 2030er-Jahre werden wir eine der gr\u00f6\u00dften Armeen Europas haben. Sie wollen Know-how und eine Waffengattung beisteuern, die Polen nicht besitzt: Nuklearwaffen&#8221;, f\u00fcgt er hinzu.<\/p>\n<p>Nach einem Treffen mit Macron in Gdansk am 20. April erkl\u00e4rte Donald Tusk, die nukleare Zusammenarbeit werde diskret verhandelt. Er gab seine Einsch\u00e4tzung kund, Polen habe sich einer &#8220;exklusiven Gruppe angeschlossen, die die Bed\u00fcrfnisse europ\u00e4ischer Solidarit\u00e4t und Souver\u00e4nit\u00e4t versteht&#8221;.<\/p>\n<p>Gemeinsame \u00dcbungen mit Flugzeugen, die mit atomwaffenf\u00e4higen Raketen best\u00fcckt sind, stellen eine radikale Verschiebung des regionalen Machtgleichgewichts dar. Dies sei die Reaktion auf russisches eskalierendes Vorgehen mit der Verschiebung der Atomwaffen-Infrastruktur auf das Territorium Wei\u00dfrusslands, schreibt die Zeitung.<\/p>\n<p>In den letzten Jahren hat Moskau wiederholt seine Besorgnis \u00fcber die beispiellose Aktivit\u00e4t der NATO an seinen westlichen Grenzen zum Ausdruck gebracht. Das B\u00fcndnis baue seine Streitkr\u00e4fte aus und bezeichne dies als &#8220;Eind\u00e4mmung von Aggressionen&#8221;. Im Kreml wurde betont, dass Russland niemanden bedrohe. Russland habe keine Pl\u00e4ne, NATO-Staaten anzugreifen, betonte der russische Pr\u00e4sident Wladimir Putin mehrfach. Au\u00dferdem erkl\u00e4rte er sich bereit, einen gemeinsamen Nichtangriffspakt auszuarbeiten \u2013 Pl\u00e4ne, die die NATO verwarf. Nach Ansicht Putins sch\u00fcchterten westliche Politiker ihre Bev\u00f6lkerung regelm\u00e4\u00dfig mit einer angeblichen russischen Bedrohung ein, um von innenpolitischen Problemen abzulenken.<\/p>\n<p><strong>Mehr zum Thema<\/strong> &#8211; <a rel=\"nofollow noopener\" target=\"_blank\" href=\"https:\/\/freedert.online\/international\/270263-polens-praesident-nawrocki-will-eigene\/\">Polens Pr\u00e4sident Nawrocki will eigene Atomwaffen entwickeln lassen<\/a><\/p>\n<div class=\"EmbedBlock-root EmbedBlock-externalVideo EmbedBlock-rumble\">\n<div class=\"VkEmbed\"><iframe class=\"lazyload\" data-src=\"https:\/\/rumble.com\/embed\/v76pi36\" frameborder=\"0\" width=\"853\" height=\"480\" allowfullscreen><\/iframe><\/div>\n<\/div>\n<\/div>\n<p><br \/>\n<br \/><a href=\"https:\/\/de.rt.com\/europa\/278028-notfallplaene-abseits-nato-frankreich-uebt-in-polen-atomwaffenangriffe-auf-ziele-in-russland\/\">Source link <\/a><\/p>\n","protected":false},"excerpt":{"rendered":"<p>Im Rahmen einer gemeinsamen \u00dcbung mit Polen werden franz\u00f6sische Kampfflugzeuge Angriffe auf Ziele auf dem Territorium Russlands und Wei\u00dfrusslands proben. Das berichtet eine polnische Zeitung mit Verweis auf Quellen. Das Man\u00f6ver probt das Agieren au\u00dferhalb der &#8220;NATO-B\u00fcrokratie&#8221;. In K\u00fcrze werden an der Ostflanke der NATO, vorwiegend \u00fcber der Ostsee und Nordpolen, gemeinsame franz\u00f6sisch-polnische \u00dcbungen durchgef\u00fchrt. [&hellip;]<\/p>\n","protected":false},"author":3,"featured_media":102217,"comment_status":"open","ping_status":"open","sticky":false,"template":"","format":"standard","meta":{"_yoast_indexnow_last_ping":["1777014255"],"wp_automatic_camp":["217"],"dc0ab0d043cdd37c95840c83322e9690":["&quot;Notfallpl\u00e4ne&quot; abseits der NATO: Frankreich \u00fcbt in Polen Atomwaffenangriffe auf Ziele in Russland"],"original_link":["https:\/\/de.rt.com\/europa\/278028-notfallplaene-abseits-nato-frankreich-uebt-in-polen-atomwaffenangriffe-auf-ziele-in-russland\/"],"_thumbnail_id":["102217"],"jnews_social_counter_last_update":["1777135618"],"_wptgpro_p2tg_sent2tg":["a:1:{i:23737;s:19:\"2026-04-24 09:05:18\";}"]},"categories":[19,23],"tags":[32625,72599,133,82,3320,2697,5850,72598,126,25668,782],"yoast_head":"<!-- This site is optimized with the Yoast SEO Premium plugin v22.7 (Yoast SEO v22.7) - https:\/\/yoast.com\/wordpress\/plugins\/seo\/ -->\n<title>&quot;Notfallpl\u00e4ne&quot; abseits der NATO: Frankreich \u00fcbt in Polen Atomwaffenangriffe auf Ziele in Russland - just-now.NEWS Deutschland<\/title>\n<meta name=\"robots\" content=\"index, follow, max-snippet:-1, max-image-preview:large, max-video-preview:-1\" \/>\n<link rel=\"canonical\" href=\"https:\/\/now-news.de\/de\/deutschland\/notfallplaene-abseits-der-nato-frankreich-uebt-in-polen-atomwaffenangriffe-auf-ziele-in-russland\/\" \/>\n<meta property=\"og:locale\" content=\"de_DE\" \/>\n<meta property=\"og:type\" content=\"article\" \/>\n<meta property=\"og:title\" content=\"&quot;Notfallpl\u00e4ne&quot; abseits der NATO: Frankreich \u00fcbt in Polen Atomwaffenangriffe auf Ziele in Russland\" \/>\n<meta property=\"og:description\" content=\"Im Rahmen einer gemeinsamen \u00dcbung mit Polen werden franz\u00f6sische Kampfflugzeuge Angriffe auf Ziele auf dem Territorium Russlands und Wei\u00dfrusslands proben. Das berichtet eine polnische Zeitung mit Verweis auf Quellen. Das Man\u00f6ver probt das Agieren au\u00dferhalb der &#8220;NATO-B\u00fcrokratie&#8221;. In K\u00fcrze werden an der Ostflanke der NATO, vorwiegend \u00fcber der Ostsee und Nordpolen, gemeinsame franz\u00f6sisch-polnische \u00dcbungen durchgef\u00fchrt. [&hellip;]\" \/>\n<meta property=\"og:url\" content=\"https:\/\/now-news.de\/de\/deutschland\/notfallplaene-abseits-der-nato-frankreich-uebt-in-polen-atomwaffenangriffe-auf-ziele-in-russland\/\" \/>\n<meta property=\"og:site_name\" content=\"just-now.NEWS Deutschland\" \/>\n<meta property=\"article:publisher\" content=\"https:\/\/www.facebook.com\/wirmachenauf\" \/>\n<meta property=\"article:published_time\" content=\"2026-04-24T07:02:51+00:00\" \/>\n<meta property=\"og:image\" content=\"https:\/\/now-news.de\/de\/wp-content\/uploads\/sites\/3\/2026\/04\/69ea7ea848fbef33e30057c9.jpg\" \/>\n<meta name=\"author\" content=\"rtnews\" \/>\n<meta name=\"twitter:card\" content=\"summary_large_image\" \/>\n<meta name=\"twitter:creator\" content=\"@WirMachenAuf_de\" \/>\n<meta name=\"twitter:site\" content=\"@WirMachenAuf_de\" \/>\n<meta name=\"twitter:label1\" content=\"Verfasst von\" \/>\n\t<meta name=\"twitter:data1\" content=\"rtnews\" \/>\n\t<meta name=\"twitter:label2\" content=\"Gesch\u00e4tzte Lesezeit\" \/>\n\t<meta name=\"twitter:data2\" content=\"3\u00a0Minuten\" \/>\n<script type=\"application\/ld+json\" class=\"yoast-schema-graph\">{\"@context\":\"https:\/\/schema.org\",\"@graph\":[{\"@type\":\"Article\",\"@id\":\"https:\/\/now-news.de\/de\/deutschland\/notfallplaene-abseits-der-nato-frankreich-uebt-in-polen-atomwaffenangriffe-auf-ziele-in-russland\/#article\",\"isPartOf\":{\"@id\":\"https:\/\/now-news.de\/de\/deutschland\/notfallplaene-abseits-der-nato-frankreich-uebt-in-polen-atomwaffenangriffe-auf-ziele-in-russland\/\"},\"author\":{\"name\":\"rtnews\",\"@id\":\"https:\/\/now-news.de\/de\/#\/schema\/person\/fb534a4e865501d8b3285208df34a9b5\"},\"headline\":\"&quot;Notfallpl\u00e4ne&quot; abseits der NATO: Frankreich \u00fcbt in Polen Atomwaffenangriffe auf Ziele in Russland\",\"datePublished\":\"2026-04-24T07:02:51+00:00\",\"dateModified\":\"2026-04-24T07:02:51+00:00\",\"mainEntityOfPage\":{\"@id\":\"https:\/\/now-news.de\/de\/deutschland\/notfallplaene-abseits-der-nato-frankreich-uebt-in-polen-atomwaffenangriffe-auf-ziele-in-russland\/\"},\"wordCount\":612,\"commentCount\":0,\"publisher\":{\"@id\":\"https:\/\/now-news.de\/de\/#organization\"},\"image\":{\"@id\":\"https:\/\/now-news.de\/de\/deutschland\/notfallplaene-abseits-der-nato-frankreich-uebt-in-polen-atomwaffenangriffe-auf-ziele-in-russland\/#primaryimage\"},\"thumbnailUrl\":\"https:\/\/now-news.de\/de\/wp-content\/uploads\/sites\/3\/quotNotfallplaenequot-abseits-der-NATO-Frankreich-uebt-in-Polen-Atomwaffenangriffe-auf.jpg\",\"keywords\":[\"Abseits\",\"Atomwaffenangriffe\",\"AUF\",\"der\",\"Frankreich\",\"nato\",\"Polen\",\"quotNotfallpl\u00e4nequot\",\"russland\",\"\u00fcbt\",\"Ziele\"],\"articleSection\":[\"Deutschland\",\"Russland\"],\"inLanguage\":\"de\",\"potentialAction\":[{\"@type\":\"CommentAction\",\"name\":\"Comment\",\"target\":[\"https:\/\/now-news.de\/de\/deutschland\/notfallplaene-abseits-der-nato-frankreich-uebt-in-polen-atomwaffenangriffe-auf-ziele-in-russland\/#respond\"]}]},{\"@type\":\"WebPage\",\"@id\":\"https:\/\/now-news.de\/de\/deutschland\/notfallplaene-abseits-der-nato-frankreich-uebt-in-polen-atomwaffenangriffe-auf-ziele-in-russland\/\",\"url\":\"https:\/\/now-news.de\/de\/deutschland\/notfallplaene-abseits-der-nato-frankreich-uebt-in-polen-atomwaffenangriffe-auf-ziele-in-russland\/\",\"name\":\"&quot;Notfallpl\u00e4ne&quot; abseits der NATO: Frankreich \u00fcbt in Polen Atomwaffenangriffe auf Ziele in Russland - just-now.NEWS Deutschland\",\"isPartOf\":{\"@id\":\"https:\/\/now-news.de\/de\/#website\"},\"primaryImageOfPage\":{\"@id\":\"https:\/\/now-news.de\/de\/deutschland\/notfallplaene-abseits-der-nato-frankreich-uebt-in-polen-atomwaffenangriffe-auf-ziele-in-russland\/#primaryimage\"},\"image\":{\"@id\":\"https:\/\/now-news.de\/de\/deutschland\/notfallplaene-abseits-der-nato-frankreich-uebt-in-polen-atomwaffenangriffe-auf-ziele-in-russland\/#primaryimage\"},\"thumbnailUrl\":\"https:\/\/now-news.de\/de\/wp-content\/uploads\/sites\/3\/quotNotfallplaenequot-abseits-der-NATO-Frankreich-uebt-in-Polen-Atomwaffenangriffe-auf.jpg\",\"datePublished\":\"2026-04-24T07:02:51+00:00\",\"dateModified\":\"2026-04-24T07:02:51+00:00\",\"breadcrumb\":{\"@id\":\"https:\/\/now-news.de\/de\/deutschland\/notfallplaene-abseits-der-nato-frankreich-uebt-in-polen-atomwaffenangriffe-auf-ziele-in-russland\/#breadcrumb\"},\"inLanguage\":\"de\",\"potentialAction\":[{\"@type\":\"ReadAction\",\"target\":[\"https:\/\/now-news.de\/de\/deutschland\/notfallplaene-abseits-der-nato-frankreich-uebt-in-polen-atomwaffenangriffe-auf-ziele-in-russland\/\"]}]},{\"@type\":\"ImageObject\",\"inLanguage\":\"de\",\"@id\":\"https:\/\/now-news.de\/de\/deutschland\/notfallplaene-abseits-der-nato-frankreich-uebt-in-polen-atomwaffenangriffe-auf-ziele-in-russland\/#primaryimage\",\"url\":\"https:\/\/now-news.de\/de\/wp-content\/uploads\/sites\/3\/quotNotfallplaenequot-abseits-der-NATO-Frankreich-uebt-in-Polen-Atomwaffenangriffe-auf.jpg\",\"contentUrl\":\"https:\/\/now-news.de\/de\/wp-content\/uploads\/sites\/3\/quotNotfallplaenequot-abseits-der-NATO-Frankreich-uebt-in-Polen-Atomwaffenangriffe-auf.jpg\",\"caption\":\"&quot;Notfallpl\u00e4ne&quot; abseits der NATO: Frankreich \u00fcbt in Polen Atomwaffenangriffe auf Ziele in Russland\"},{\"@type\":\"BreadcrumbList\",\"@id\":\"https:\/\/now-news.de\/de\/deutschland\/notfallplaene-abseits-der-nato-frankreich-uebt-in-polen-atomwaffenangriffe-auf-ziele-in-russland\/#breadcrumb\",\"itemListElement\":[{\"@type\":\"ListItem\",\"position\":1,\"name\":\"Home\",\"item\":\"https:\/\/now-news.de\/de\/\"},{\"@type\":\"ListItem\",\"position\":2,\"name\":\"&quot;Notfallpl\u00e4ne&quot; abseits der NATO: Frankreich \u00fcbt in Polen Atomwaffenangriffe auf Ziele in Russland\"}]},{\"@type\":\"WebSite\",\"@id\":\"https:\/\/now-news.de\/de\/#website\",\"url\":\"https:\/\/now-news.de\/de\/\",\"name\":\"just-now.NEWS Deutschland\",\"description\":\"Das Portal f\u00fcr unzensierte Nachrichten aus der Welt\",\"publisher\":{\"@id\":\"https:\/\/now-news.de\/de\/#organization\"},\"potentialAction\":[{\"@type\":\"SearchAction\",\"target\":{\"@type\":\"EntryPoint\",\"urlTemplate\":\"https:\/\/now-news.de\/de\/?s={search_term_string}\"},\"query-input\":\"required name=search_term_string\"}],\"inLanguage\":\"de\"},{\"@type\":\"Organization\",\"@id\":\"https:\/\/now-news.de\/de\/#organization\",\"name\":\"Just Now News\",\"url\":\"https:\/\/now-news.de\/de\/\",\"logo\":{\"@type\":\"ImageObject\",\"inLanguage\":\"de\",\"@id\":\"https:\/\/now-news.de\/de\/#\/schema\/logo\/image\/\",\"url\":\"http:\/\/just-now.news\/de\/wp-content\/uploads\/sites\/3\/2022\/04\/logo500x500.jpg\",\"contentUrl\":\"http:\/\/just-now.news\/de\/wp-content\/uploads\/sites\/3\/2022\/04\/logo500x500.jpg\",\"width\":500,\"height\":500,\"caption\":\"Just Now News\"},\"image\":{\"@id\":\"https:\/\/now-news.de\/de\/#\/schema\/logo\/image\/\"},\"sameAs\":[\"https:\/\/www.facebook.com\/wirmachenauf\",\"https:\/\/x.com\/WirMachenAuf_de\"]},{\"@type\":\"Person\",\"@id\":\"https:\/\/now-news.de\/de\/#\/schema\/person\/fb534a4e865501d8b3285208df34a9b5\",\"name\":\"rtnews\",\"image\":{\"@type\":\"ImageObject\",\"inLanguage\":\"de\",\"@id\":\"https:\/\/now-news.de\/de\/#\/schema\/person\/image\/\",\"url\":\"https:\/\/secure.gravatar.com\/avatar\/82aafea7d8127119dd649515f56e2117?s=96&d=mm&r=g\",\"contentUrl\":\"https:\/\/secure.gravatar.com\/avatar\/82aafea7d8127119dd649515f56e2117?s=96&d=mm&r=g\",\"caption\":\"rtnews\"},\"url\":\"https:\/\/now-news.de\/de\/author\/rnews\/\"}]}<\/script>\n<!-- \/ Yoast SEO Premium plugin. -->","yoast_head_json":{"title":"&quot;Notfallpl\u00e4ne&quot; abseits der NATO: Frankreich \u00fcbt in Polen Atomwaffenangriffe auf Ziele in Russland - just-now.NEWS Deutschland","robots":{"index":"index","follow":"follow","max-snippet":"max-snippet:-1","max-image-preview":"max-image-preview:large","max-video-preview":"max-video-preview:-1"},"canonical":"https:\/\/now-news.de\/de\/deutschland\/notfallplaene-abseits-der-nato-frankreich-uebt-in-polen-atomwaffenangriffe-auf-ziele-in-russland\/","og_locale":"de_DE","og_type":"article","og_title":"&quot;Notfallpl\u00e4ne&quot; abseits der NATO: Frankreich \u00fcbt in Polen Atomwaffenangriffe auf Ziele in Russland","og_description":"Im Rahmen einer gemeinsamen \u00dcbung mit Polen werden franz\u00f6sische Kampfflugzeuge Angriffe auf Ziele auf dem Territorium Russlands und Wei\u00dfrusslands proben. Das berichtet eine polnische Zeitung mit Verweis auf Quellen. Das Man\u00f6ver probt das Agieren au\u00dferhalb der &#8220;NATO-B\u00fcrokratie&#8221;. In K\u00fcrze werden an der Ostflanke der NATO, vorwiegend \u00fcber der Ostsee und Nordpolen, gemeinsame franz\u00f6sisch-polnische \u00dcbungen durchgef\u00fchrt. [&hellip;]","og_url":"https:\/\/now-news.de\/de\/deutschland\/notfallplaene-abseits-der-nato-frankreich-uebt-in-polen-atomwaffenangriffe-auf-ziele-in-russland\/","og_site_name":"just-now.NEWS Deutschland","article_publisher":"https:\/\/www.facebook.com\/wirmachenauf","article_published_time":"2026-04-24T07:02:51+00:00","og_image":[{"url":"https:\/\/now-news.de\/de\/wp-content\/uploads\/sites\/3\/2026\/04\/69ea7ea848fbef33e30057c9.jpg"}],"author":"rtnews","twitter_card":"summary_large_image","twitter_creator":"@WirMachenAuf_de","twitter_site":"@WirMachenAuf_de","twitter_misc":{"Verfasst von":"rtnews","Gesch\u00e4tzte Lesezeit":"3\u00a0Minuten"},"schema":{"@context":"https:\/\/schema.org","@graph":[{"@type":"Article","@id":"https:\/\/now-news.de\/de\/deutschland\/notfallplaene-abseits-der-nato-frankreich-uebt-in-polen-atomwaffenangriffe-auf-ziele-in-russland\/#article","isPartOf":{"@id":"https:\/\/now-news.de\/de\/deutschland\/notfallplaene-abseits-der-nato-frankreich-uebt-in-polen-atomwaffenangriffe-auf-ziele-in-russland\/"},"author":{"name":"rtnews","@id":"https:\/\/now-news.de\/de\/#\/schema\/person\/fb534a4e865501d8b3285208df34a9b5"},"headline":"&quot;Notfallpl\u00e4ne&quot; abseits der NATO: Frankreich \u00fcbt in Polen Atomwaffenangriffe auf Ziele in Russland","datePublished":"2026-04-24T07:02:51+00:00","dateModified":"2026-04-24T07:02:51+00:00","mainEntityOfPage":{"@id":"https:\/\/now-news.de\/de\/deutschland\/notfallplaene-abseits-der-nato-frankreich-uebt-in-polen-atomwaffenangriffe-auf-ziele-in-russland\/"},"wordCount":612,"commentCount":0,"publisher":{"@id":"https:\/\/now-news.de\/de\/#organization"},"image":{"@id":"https:\/\/now-news.de\/de\/deutschland\/notfallplaene-abseits-der-nato-frankreich-uebt-in-polen-atomwaffenangriffe-auf-ziele-in-russland\/#primaryimage"},"thumbnailUrl":"https:\/\/now-news.de\/de\/wp-content\/uploads\/sites\/3\/quotNotfallplaenequot-abseits-der-NATO-Frankreich-uebt-in-Polen-Atomwaffenangriffe-auf.jpg","keywords":["Abseits","Atomwaffenangriffe","AUF","der","Frankreich","nato","Polen","quotNotfallpl\u00e4nequot","russland","\u00fcbt","Ziele"],"articleSection":["Deutschland","Russland"],"inLanguage":"de","potentialAction":[{"@type":"CommentAction","name":"Comment","target":["https:\/\/now-news.de\/de\/deutschland\/notfallplaene-abseits-der-nato-frankreich-uebt-in-polen-atomwaffenangriffe-auf-ziele-in-russland\/#respond"]}]},{"@type":"WebPage","@id":"https:\/\/now-news.de\/de\/deutschland\/notfallplaene-abseits-der-nato-frankreich-uebt-in-polen-atomwaffenangriffe-auf-ziele-in-russland\/","url":"https:\/\/now-news.de\/de\/deutschland\/notfallplaene-abseits-der-nato-frankreich-uebt-in-polen-atomwaffenangriffe-auf-ziele-in-russland\/","name":"&quot;Notfallpl\u00e4ne&quot; abseits der NATO: Frankreich \u00fcbt in Polen Atomwaffenangriffe auf Ziele in Russland - just-now.NEWS Deutschland","isPartOf":{"@id":"https:\/\/now-news.de\/de\/#website"},"primaryImageOfPage":{"@id":"https:\/\/now-news.de\/de\/deutschland\/notfallplaene-abseits-der-nato-frankreich-uebt-in-polen-atomwaffenangriffe-auf-ziele-in-russland\/#primaryimage"},"image":{"@id":"https:\/\/now-news.de\/de\/deutschland\/notfallplaene-abseits-der-nato-frankreich-uebt-in-polen-atomwaffenangriffe-auf-ziele-in-russland\/#primaryimage"},"thumbnailUrl":"https:\/\/now-news.de\/de\/wp-content\/uploads\/sites\/3\/quotNotfallplaenequot-abseits-der-NATO-Frankreich-uebt-in-Polen-Atomwaffenangriffe-auf.jpg","datePublished":"2026-04-24T07:02:51+00:00","dateModified":"2026-04-24T07:02:51+00:00","breadcrumb":{"@id":"https:\/\/now-news.de\/de\/deutschland\/notfallplaene-abseits-der-nato-frankreich-uebt-in-polen-atomwaffenangriffe-auf-ziele-in-russland\/#breadcrumb"},"inLanguage":"de","potentialAction":[{"@type":"ReadAction","target":["https:\/\/now-news.de\/de\/deutschland\/notfallplaene-abseits-der-nato-frankreich-uebt-in-polen-atomwaffenangriffe-auf-ziele-in-russland\/"]}]},{"@type":"ImageObject","inLanguage":"de","@id":"https:\/\/now-news.de\/de\/deutschland\/notfallplaene-abseits-der-nato-frankreich-uebt-in-polen-atomwaffenangriffe-auf-ziele-in-russland\/#primaryimage","url":"https:\/\/now-news.de\/de\/wp-content\/uploads\/sites\/3\/quotNotfallplaenequot-abseits-der-NATO-Frankreich-uebt-in-Polen-Atomwaffenangriffe-auf.jpg","contentUrl":"https:\/\/now-news.de\/de\/wp-content\/uploads\/sites\/3\/quotNotfallplaenequot-abseits-der-NATO-Frankreich-uebt-in-Polen-Atomwaffenangriffe-auf.jpg","caption":"&quot;Notfallpl\u00e4ne&quot; abseits der NATO: Frankreich \u00fcbt in Polen Atomwaffenangriffe auf Ziele in Russland"},{"@type":"BreadcrumbList","@id":"https:\/\/now-news.de\/de\/deutschland\/notfallplaene-abseits-der-nato-frankreich-uebt-in-polen-atomwaffenangriffe-auf-ziele-in-russland\/#breadcrumb","itemListElement":[{"@type":"ListItem","position":1,"name":"Home","item":"https:\/\/now-news.de\/de\/"},{"@type":"ListItem","position":2,"name":"&quot;Notfallpl\u00e4ne&quot; abseits der NATO: Frankreich \u00fcbt in Polen Atomwaffenangriffe auf Ziele in Russland"}]},{"@type":"WebSite","@id":"https:\/\/now-news.de\/de\/#website","url":"https:\/\/now-news.de\/de\/","name":"just-now.NEWS Deutschland","description":"Das Portal f\u00fcr unzensierte Nachrichten aus der Welt","publisher":{"@id":"https:\/\/now-news.de\/de\/#organization"},"potentialAction":[{"@type":"SearchAction","target":{"@type":"EntryPoint","urlTemplate":"https:\/\/now-news.de\/de\/?s={search_term_string}"},"query-input":"required name=search_term_string"}],"inLanguage":"de"},{"@type":"Organization","@id":"https:\/\/now-news.de\/de\/#organization","name":"Just Now News","url":"https:\/\/now-news.de\/de\/","logo":{"@type":"ImageObject","inLanguage":"de","@id":"https:\/\/now-news.de\/de\/#\/schema\/logo\/image\/","url":"http:\/\/just-now.news\/de\/wp-content\/uploads\/sites\/3\/2022\/04\/logo500x500.jpg","contentUrl":"http:\/\/just-now.news\/de\/wp-content\/uploads\/sites\/3\/2022\/04\/logo500x500.jpg","width":500,"height":500,"caption":"Just Now News"},"image":{"@id":"https:\/\/now-news.de\/de\/#\/schema\/logo\/image\/"},"sameAs":["https:\/\/www.facebook.com\/wirmachenauf","https:\/\/x.com\/WirMachenAuf_de"]},{"@type":"Person","@id":"https:\/\/now-news.de\/de\/#\/schema\/person\/fb534a4e865501d8b3285208df34a9b5","name":"rtnews","image":{"@type":"ImageObject","inLanguage":"de","@id":"https:\/\/now-news.de\/de\/#\/schema\/person\/image\/","url":"https:\/\/secure.gravatar.com\/avatar\/82aafea7d8127119dd649515f56e2117?s=96&d=mm&r=g","contentUrl":"https:\/\/secure.gravatar.com\/avatar\/82aafea7d8127119dd649515f56e2117?s=96&d=mm&r=g","caption":"rtnews"},"url":"https:\/\/now-news.de\/de\/author\/rnews\/"}]}},"_links":{"self":[{"href":"https:\/\/now-news.de\/de\/wp-json\/wp\/v2\/posts\/102216"}],"collection":[{"href":"https:\/\/now-news.de\/de\/wp-json\/wp\/v2\/posts"}],"about":[{"href":"https:\/\/now-news.de\/de\/wp-json\/wp\/v2\/types\/post"}],"author":[{"embeddable":true,"href":"https:\/\/now-news.de\/de\/wp-json\/wp\/v2\/users\/3"}],"replies":[{"embeddable":true,"href":"https:\/\/now-news.de\/de\/wp-json\/wp\/v2\/comments?post=102216"}],"version-history":[{"count":0,"href":"https:\/\/now-news.de\/de\/wp-json\/wp\/v2\/posts\/102216\/revisions"}],"wp:featuredmedia":[{"embeddable":true,"href":"https:\/\/now-news.de\/de\/wp-json\/wp\/v2\/media\/102217"}],"wp:attachment":[{"href":"https:\/\/now-news.de\/de\/wp-json\/wp\/v2\/media?parent=102216"}],"wp:term":[{"taxonomy":"category","embeddable":true,"href":"https:\/\/now-news.de\/de\/wp-json\/wp\/v2\/categories?post=102216"},{"taxonomy":"post_tag","embeddable":true,"href":"https:\/\/now-news.de\/de\/wp-json\/wp\/v2\/tags?post=102216"}],"curies":[{"name":"wp","href":"https:\/\/api.w.org\/{rel}","templated":true}]}}