{"id":102210,"date":"2026-04-24T06:00:00","date_gmt":"2026-04-24T04:00:00","guid":{"rendered":"https:\/\/now-news.de\/de\/deutschland\/fruehstueck-unter-bomben-wiederbelebung-der-kohleindustrie-in-donezk\/"},"modified":"2026-04-24T06:00:00","modified_gmt":"2026-04-24T04:00:00","slug":"fruehstueck-unter-bomben-wiederbelebung-der-kohleindustrie-in-donezk","status":"publish","type":"post","link":"https:\/\/now-news.de\/de\/deutschland\/fruehstueck-unter-bomben-wiederbelebung-der-kohleindustrie-in-donezk\/","title":{"rendered":"&quot;Fr\u00fchst\u00fcck unter Bomben&quot;: Wiederbelebung der Kohleindustrie in Donezk"},"content":{"rendered":"<p><img decoding=\"async\" src=\"https:\/\/now-news.de\/de\/wp-content\/uploads\/sites\/3\/2026\/04\/69ea10a648fbef33e300577e.jpg\" \/><\/p>\n<div class=\"Text-root Text-type_1 \">\n                Das Tagebuch &#8220;Fr\u00fchst\u00fcck unter Bomben&#8221; ist eine Reihe von Berichten aus Donezk und soll der einseitigen Darstellung in der deutschen \u00d6ffentlichkeit entgegenwirken. Die Bewohner dieser Region werden als das gezeigt, was sie sind: ganz normale Menschen, die in einem Krieg ihren Alltag zu meistern versuchen.\n            <\/div>\n<p><\/p>\n<div class=\"Text-root Text-type_5 ArticleView-text ViewText-root \">\n<p><em>Von Wassilissa Sacharowa<\/em><\/p>\n<p><strong>Woran erkennt man einen Bergmann?<\/strong><\/p>\n<p>Man erkennt ihn an seinen Augen. Sie wirken, als w\u00e4ren sie mit schwarzem Kajal geschminkt. Die dunklen Linien stammen vom Kohlestaub, der sich am inneren Rand des unteren Augenlids und um die Wimpernans\u00e4tze ablagert \u2013 und selbst nach dem Duschen nicht vollst\u00e4ndig verschwindet. Dieser Staub setzt sich nicht nur in den Augen der Bergleute fest, sondern auch in ihren Lungen.<\/p>\n<p>Ich wei\u00df das leider aus eigener Familiengeschichte. Die Lungen meines Opas waren durch seine lebenslange Arbeit als Hauer in einem Kohlebergwerk in Donezk stark verschmutzt. Seine Lungenkapazit\u00e4t lag bei unter 30 Prozent. Die \u00c4rzte gaben ihm nur noch wenige Monate zu leben und rieten ihm, das Krankenhaus nicht mehr zu verlassen. Mein Opa widersetzte sich den Anweisungen und ging noch am selben Tag nach Hause. Dort verbrachte er tagelang Zeit auf seinem gro\u00dfen Grundst\u00fcck, wo er Sonnenblumen, Kartoffeln, Kohl, M\u00f6hren, Himbeeren, Erdbeeren, Kirschen und vieles mehr anpflanzte. Nach der Diagnose lebte er noch 16 Jahre. &#8220;Die Erde hat Heilkr\u00e4fte. Die Erde hat mich geheilt!&#8221;, pflegte er zu sagen.<\/p>\n<p>Mein Opa erhielt f\u00fcr die damaligen Verh\u00e4ltnisse eine gute Rente, da er als Invalide dritten Grades galt.<\/p>\n<p>Ja, sogar damals in der korrupten und heruntergewirtschafteten Ukraine der 1990er Jahre erhielt mein Opa eine Rente, von der er leben konnte \u2013 und nicht nur \u00fcberleben. (Zwinkersmiley an Herrn Merz)<\/p>\n<p><strong>Zur\u00fcck zu den Kohlebergwerken des Donbass<\/strong><\/p>\n<p>Die Kohleindustrie im Donbass hat die gesamte Ukraine mit Energie versorgt. Etwa 90 Prozent der Kohlereserven des Landes stammen aus dieser Region. Das sage ich besonders f\u00fcr jene, die behaupten, Donezk sei eine subventionierte Stadt gewesen, die auf Kosten der \u00fcbrigen Ukraine gelebt habe. Tats\u00e4chlich war es genau umgekehrt: Donezk geh\u00f6rte schon immer zu den profitabelsten St\u00e4dten der Ukraine. Vor dem gewaltsamen Umsturz 2014 hatte die Stadt einen der h\u00f6chsten Lebensstandards. Ich erinnere mich gut daran, wie viele Menschen aus der Westukraine als Gastarbeiter nach Donezk kamen.<\/p>\n<p>Nat\u00fcrlich zog die ressourcenreiche Region viele &#8220;Businessmen&#8221; an, die ein St\u00fcck vom Kuchen abhaben wollten. In Zeiten der mangelnden Staatlichkeit, wie es in den 90ern der Fall war, stellten diese Bedingungen einen N\u00e4hrboden f\u00fcr Machtk\u00e4mpfe innerhalb dubioser Strukturen dar. Das ist kein Geheimnis. Was westliche Medien jedoch oft verschweigen: Solche mafia\u00e4hnlichen Clans gab es nicht nur im Donbass, sondern auch in Lwow (Westukraine), in Dnjepr (Julia Timoschenko geh\u00f6rte dem &#8220;Dnjepropetrowsk-Clan&#8221; an) und nat\u00fcrlich auch in Kiew. Die Donezker Oligarchen \u2013 allen voran Renat Achmetow \u2013 konnten einfach am meisten &#8220;Kohle&#8221; machen.<\/p>\n<p>Achmetow hat Donezk inzwischen verlassen. Die Kohlebergwerke sind jedoch geblieben und erleben derzeit eine gewisse Renaissance. Die Beh\u00f6rden der DVR und der LVR haben 2024 insgesamt 15 Bergwerke an private Investoren verpachtet. Die P\u00e4chter haben zugesagt, mindestens 65 Milliarden Rubel in die \u00fcbernommenen Anlagen zu investieren.<\/p>\n<p>Das Donezk-Kohlebecken geh\u00f6rt zu den gr\u00f6\u00dften der Welt. Die nachgewiesenen Vorkommen werden auf rund 47 Milliarden Tonnen gesch\u00e4tzt, die prognostizierten Ressourcen auf weitere etwa 30 Milliarden Tonnen. 2023 erarbeitete die russische Regierung ein Reformkonzept f\u00fcr den Kohlebergbau in der DVR und der LVR. Es sieht vor, privates Kapital st\u00e4rker einzubinden, um die Rentabilit\u00e4t der Branche zu steigern.<\/p>\n<p>Zwar befindet sich die Kohleindustrie weltweit wegen der Umweltbelastung auf dem absteigenden Ast, doch bis mindestens 2040 lassen sich damit noch Profite erwirtschaften \u2013 vor allem im asiatischen Raum. Aus China und Indien kommt der Gro\u00dfteil der Nachfrage. In Indien wird der Verbrauch durch den steigenden Strom- und Industriebedarf bis 2030 weiter zunehmen. China allein verbraucht mehr Kohle als der Rest der Welt zusammen.<\/p>\n<p>In der aktuellen Hormus-Krise haben mehrere asiatische L\u00e4nder wie Thailand, S\u00fcdkorea und Japan Kohlekraftwerke vor\u00fcbergehend hochgefahren oder Betriebslimits gelockert.<\/p>\n<p>Als Donezkerin freue ich mich, dass Donezk alle Voraussetzungen mitbringt, um wieder auf die Beine zu kommen. Aus menschlicher Sicht w\u00fcnsche ich mir jedoch dringend, dass die Investoren die Gesundheit und Sicherheit der Bergleute nicht hintanstellen. Ma\u00dfnahmen zur Verringerung der Staubbelastung \u2013 wie moderne Bel\u00fcftungssysteme und Befeuchtung der Kohlefl\u00f6ze \u2013 m\u00fcssen dringend erneuert und ausgebaut werden.<\/p>\n<p>Langfristig hoffe ich, dass der globale Trend der sinkenden Kohlenachfrage nicht ignoriert wird. Wenn der Donbass eine gesunde wirtschaftliche Entwicklung anstreben will, sollten verst\u00e4rkt Investitionen in Richtung der Schewtschenko-Lithiumvorkommen flie\u00dfen.<\/p>\n<p><strong>Mehr zum Thema<\/strong> \u2013 <a rel=\"nofollow noopener\" target=\"_blank\" href=\"https:\/\/freedert.online\/meinung\/277187-donezk-tagebuch-fruehstueck-unter-bomben\/\">Donezk-Tagebuch &#8220;Fr\u00fchst\u00fcck unter Bomben&#8221; \u2013 K\u00e4mpfe um Lithium: Donezk h\u00e4lt einen Trumpf in der Hand<\/a><\/p>\n<div class=\"EmbedBlock-root EmbedBlock-externalVideo EmbedBlock-rumble\">\n<div class=\"VkEmbed\"><iframe class=\"lazyload\" data-src=\"https:\/\/rumble.com\/embed\/v76m7ca\" frameborder=\"0\" width=\"853\" height=\"480\" allowfullscreen><\/iframe><\/div>\n<\/div>\n<\/div>\n<p><br \/>\n<br \/><a href=\"https:\/\/de.rt.com\/meinung\/277976-fruehstueck-unter-bomben-wiederbelebung-kohleindustrie\/\">Source link <\/a><\/p>\n","protected":false},"excerpt":{"rendered":"<p>Das Tagebuch &#8220;Fr\u00fchst\u00fcck unter Bomben&#8221; ist eine Reihe von Berichten aus Donezk und soll der einseitigen Darstellung in der deutschen \u00d6ffentlichkeit entgegenwirken. Die Bewohner dieser Region werden als das gezeigt, was sie sind: ganz normale Menschen, die in einem Krieg ihren Alltag zu meistern versuchen. Von Wassilissa Sacharowa Woran erkennt man einen Bergmann? Man erkennt [&hellip;]<\/p>\n","protected":false},"author":3,"featured_media":102211,"comment_status":"open","ping_status":"open","sticky":false,"template":"","format":"standard","meta":{"_yoast_indexnow_last_ping":["1777003696"],"wp_automatic_camp":["217"],"6a89bcf5e30368fb73b6fb6be671f31c":["&quot;Fr\u00fchst\u00fcck unter Bomben&quot;: Wiederbelebung der Kohleindustrie in Donezk"],"original_link":["https:\/\/de.rt.com\/meinung\/277976-fruehstueck-unter-bomben-wiederbelebung-kohleindustrie\/"],"_thumbnail_id":["102211"],"_wptgpro_p2tg_sent2tg":["a:1:{i:23737;s:19:\"2026-04-24 06:09:16\";}"],"jnews_social_counter_last_update":["1777492025"]},"categories":[19,23],"tags":[72377,82,19050,72595,72376,908,19897],"yoast_head":"<!-- This site is optimized with the Yoast SEO Premium plugin v22.7 (Yoast SEO v22.7) - https:\/\/yoast.com\/wordpress\/plugins\/seo\/ -->\n<title>&quot;Fr\u00fchst\u00fcck unter Bomben&quot;: Wiederbelebung der Kohleindustrie in Donezk - just-now.NEWS Deutschland<\/title>\n<meta name=\"robots\" content=\"index, follow, max-snippet:-1, max-image-preview:large, max-video-preview:-1\" \/>\n<link rel=\"canonical\" href=\"https:\/\/now-news.de\/de\/deutschland\/fruehstueck-unter-bomben-wiederbelebung-der-kohleindustrie-in-donezk\/\" \/>\n<meta property=\"og:locale\" content=\"de_DE\" \/>\n<meta property=\"og:type\" content=\"article\" \/>\n<meta property=\"og:title\" content=\"&quot;Fr\u00fchst\u00fcck unter Bomben&quot;: Wiederbelebung der Kohleindustrie in Donezk\" \/>\n<meta property=\"og:description\" content=\"Das Tagebuch &#8220;Fr\u00fchst\u00fcck unter Bomben&#8221; ist eine Reihe von Berichten aus Donezk und soll der einseitigen Darstellung in der deutschen \u00d6ffentlichkeit entgegenwirken. Die Bewohner dieser Region werden als das gezeigt, was sie sind: ganz normale Menschen, die in einem Krieg ihren Alltag zu meistern versuchen. Von Wassilissa Sacharowa Woran erkennt man einen Bergmann? Man erkennt [&hellip;]\" \/>\n<meta property=\"og:url\" content=\"https:\/\/now-news.de\/de\/deutschland\/fruehstueck-unter-bomben-wiederbelebung-der-kohleindustrie-in-donezk\/\" \/>\n<meta property=\"og:site_name\" content=\"just-now.NEWS Deutschland\" \/>\n<meta property=\"article:publisher\" content=\"https:\/\/www.facebook.com\/wirmachenauf\" \/>\n<meta property=\"article:published_time\" content=\"2026-04-24T04:00:00+00:00\" \/>\n<meta property=\"og:image\" content=\"https:\/\/now-news.de\/de\/wp-content\/uploads\/sites\/3\/2026\/04\/69ea10a648fbef33e300577e.jpg\" \/>\n<meta name=\"author\" content=\"rtnews\" \/>\n<meta name=\"twitter:card\" content=\"summary_large_image\" \/>\n<meta name=\"twitter:creator\" content=\"@WirMachenAuf_de\" \/>\n<meta name=\"twitter:site\" content=\"@WirMachenAuf_de\" \/>\n<meta name=\"twitter:label1\" content=\"Verfasst von\" \/>\n\t<meta name=\"twitter:data1\" content=\"rtnews\" \/>\n\t<meta name=\"twitter:label2\" content=\"Gesch\u00e4tzte Lesezeit\" \/>\n\t<meta name=\"twitter:data2\" content=\"4\u00a0Minuten\" \/>\n<script type=\"application\/ld+json\" class=\"yoast-schema-graph\">{\"@context\":\"https:\/\/schema.org\",\"@graph\":[{\"@type\":\"Article\",\"@id\":\"https:\/\/now-news.de\/de\/deutschland\/fruehstueck-unter-bomben-wiederbelebung-der-kohleindustrie-in-donezk\/#article\",\"isPartOf\":{\"@id\":\"https:\/\/now-news.de\/de\/deutschland\/fruehstueck-unter-bomben-wiederbelebung-der-kohleindustrie-in-donezk\/\"},\"author\":{\"name\":\"rtnews\",\"@id\":\"https:\/\/now-news.de\/de\/#\/schema\/person\/fb534a4e865501d8b3285208df34a9b5\"},\"headline\":\"&quot;Fr\u00fchst\u00fcck unter Bomben&quot;: Wiederbelebung der Kohleindustrie in Donezk\",\"datePublished\":\"2026-04-24T04:00:00+00:00\",\"dateModified\":\"2026-04-24T04:00:00+00:00\",\"mainEntityOfPage\":{\"@id\":\"https:\/\/now-news.de\/de\/deutschland\/fruehstueck-unter-bomben-wiederbelebung-der-kohleindustrie-in-donezk\/\"},\"wordCount\":787,\"commentCount\":0,\"publisher\":{\"@id\":\"https:\/\/now-news.de\/de\/#organization\"},\"image\":{\"@id\":\"https:\/\/now-news.de\/de\/deutschland\/fruehstueck-unter-bomben-wiederbelebung-der-kohleindustrie-in-donezk\/#primaryimage\"},\"thumbnailUrl\":\"https:\/\/now-news.de\/de\/wp-content\/uploads\/sites\/3\/quotFruehstueck-unter-Bombenquot-Wiederbelebung-der-Kohleindustrie-in-Donezk.jpg\",\"keywords\":[\"Bombenquot\",\"der\",\"Donezk\",\"Kohleindustrie\",\"quotFr\u00fchst\u00fcck\",\"unter\",\"Wiederbelebung\"],\"articleSection\":[\"Deutschland\",\"Russland\"],\"inLanguage\":\"de\",\"potentialAction\":[{\"@type\":\"CommentAction\",\"name\":\"Comment\",\"target\":[\"https:\/\/now-news.de\/de\/deutschland\/fruehstueck-unter-bomben-wiederbelebung-der-kohleindustrie-in-donezk\/#respond\"]}]},{\"@type\":\"WebPage\",\"@id\":\"https:\/\/now-news.de\/de\/deutschland\/fruehstueck-unter-bomben-wiederbelebung-der-kohleindustrie-in-donezk\/\",\"url\":\"https:\/\/now-news.de\/de\/deutschland\/fruehstueck-unter-bomben-wiederbelebung-der-kohleindustrie-in-donezk\/\",\"name\":\"&quot;Fr\u00fchst\u00fcck unter Bomben&quot;: Wiederbelebung der Kohleindustrie in Donezk - just-now.NEWS Deutschland\",\"isPartOf\":{\"@id\":\"https:\/\/now-news.de\/de\/#website\"},\"primaryImageOfPage\":{\"@id\":\"https:\/\/now-news.de\/de\/deutschland\/fruehstueck-unter-bomben-wiederbelebung-der-kohleindustrie-in-donezk\/#primaryimage\"},\"image\":{\"@id\":\"https:\/\/now-news.de\/de\/deutschland\/fruehstueck-unter-bomben-wiederbelebung-der-kohleindustrie-in-donezk\/#primaryimage\"},\"thumbnailUrl\":\"https:\/\/now-news.de\/de\/wp-content\/uploads\/sites\/3\/quotFruehstueck-unter-Bombenquot-Wiederbelebung-der-Kohleindustrie-in-Donezk.jpg\",\"datePublished\":\"2026-04-24T04:00:00+00:00\",\"dateModified\":\"2026-04-24T04:00:00+00:00\",\"breadcrumb\":{\"@id\":\"https:\/\/now-news.de\/de\/deutschland\/fruehstueck-unter-bomben-wiederbelebung-der-kohleindustrie-in-donezk\/#breadcrumb\"},\"inLanguage\":\"de\",\"potentialAction\":[{\"@type\":\"ReadAction\",\"target\":[\"https:\/\/now-news.de\/de\/deutschland\/fruehstueck-unter-bomben-wiederbelebung-der-kohleindustrie-in-donezk\/\"]}]},{\"@type\":\"ImageObject\",\"inLanguage\":\"de\",\"@id\":\"https:\/\/now-news.de\/de\/deutschland\/fruehstueck-unter-bomben-wiederbelebung-der-kohleindustrie-in-donezk\/#primaryimage\",\"url\":\"https:\/\/now-news.de\/de\/wp-content\/uploads\/sites\/3\/quotFruehstueck-unter-Bombenquot-Wiederbelebung-der-Kohleindustrie-in-Donezk.jpg\",\"contentUrl\":\"https:\/\/now-news.de\/de\/wp-content\/uploads\/sites\/3\/quotFruehstueck-unter-Bombenquot-Wiederbelebung-der-Kohleindustrie-in-Donezk.jpg\",\"caption\":\"&quot;Fr\u00fchst\u00fcck unter Bomben&quot;: Wiederbelebung der Kohleindustrie in Donezk\"},{\"@type\":\"BreadcrumbList\",\"@id\":\"https:\/\/now-news.de\/de\/deutschland\/fruehstueck-unter-bomben-wiederbelebung-der-kohleindustrie-in-donezk\/#breadcrumb\",\"itemListElement\":[{\"@type\":\"ListItem\",\"position\":1,\"name\":\"Home\",\"item\":\"https:\/\/now-news.de\/de\/\"},{\"@type\":\"ListItem\",\"position\":2,\"name\":\"&quot;Fr\u00fchst\u00fcck unter Bomben&quot;: Wiederbelebung der Kohleindustrie in Donezk\"}]},{\"@type\":\"WebSite\",\"@id\":\"https:\/\/now-news.de\/de\/#website\",\"url\":\"https:\/\/now-news.de\/de\/\",\"name\":\"just-now.NEWS Deutschland\",\"description\":\"Das Portal f\u00fcr unzensierte Nachrichten aus der Welt\",\"publisher\":{\"@id\":\"https:\/\/now-news.de\/de\/#organization\"},\"potentialAction\":[{\"@type\":\"SearchAction\",\"target\":{\"@type\":\"EntryPoint\",\"urlTemplate\":\"https:\/\/now-news.de\/de\/?s={search_term_string}\"},\"query-input\":\"required name=search_term_string\"}],\"inLanguage\":\"de\"},{\"@type\":\"Organization\",\"@id\":\"https:\/\/now-news.de\/de\/#organization\",\"name\":\"Just Now News\",\"url\":\"https:\/\/now-news.de\/de\/\",\"logo\":{\"@type\":\"ImageObject\",\"inLanguage\":\"de\",\"@id\":\"https:\/\/now-news.de\/de\/#\/schema\/logo\/image\/\",\"url\":\"http:\/\/just-now.news\/de\/wp-content\/uploads\/sites\/3\/2022\/04\/logo500x500.jpg\",\"contentUrl\":\"http:\/\/just-now.news\/de\/wp-content\/uploads\/sites\/3\/2022\/04\/logo500x500.jpg\",\"width\":500,\"height\":500,\"caption\":\"Just Now News\"},\"image\":{\"@id\":\"https:\/\/now-news.de\/de\/#\/schema\/logo\/image\/\"},\"sameAs\":[\"https:\/\/www.facebook.com\/wirmachenauf\",\"https:\/\/x.com\/WirMachenAuf_de\"]},{\"@type\":\"Person\",\"@id\":\"https:\/\/now-news.de\/de\/#\/schema\/person\/fb534a4e865501d8b3285208df34a9b5\",\"name\":\"rtnews\",\"image\":{\"@type\":\"ImageObject\",\"inLanguage\":\"de\",\"@id\":\"https:\/\/now-news.de\/de\/#\/schema\/person\/image\/\",\"url\":\"https:\/\/secure.gravatar.com\/avatar\/82aafea7d8127119dd649515f56e2117?s=96&d=mm&r=g\",\"contentUrl\":\"https:\/\/secure.gravatar.com\/avatar\/82aafea7d8127119dd649515f56e2117?s=96&d=mm&r=g\",\"caption\":\"rtnews\"},\"url\":\"https:\/\/now-news.de\/de\/author\/rnews\/\"}]}<\/script>\n<!-- \/ Yoast SEO Premium plugin. -->","yoast_head_json":{"title":"&quot;Fr\u00fchst\u00fcck unter Bomben&quot;: Wiederbelebung der Kohleindustrie in Donezk - just-now.NEWS Deutschland","robots":{"index":"index","follow":"follow","max-snippet":"max-snippet:-1","max-image-preview":"max-image-preview:large","max-video-preview":"max-video-preview:-1"},"canonical":"https:\/\/now-news.de\/de\/deutschland\/fruehstueck-unter-bomben-wiederbelebung-der-kohleindustrie-in-donezk\/","og_locale":"de_DE","og_type":"article","og_title":"&quot;Fr\u00fchst\u00fcck unter Bomben&quot;: Wiederbelebung der Kohleindustrie in Donezk","og_description":"Das Tagebuch &#8220;Fr\u00fchst\u00fcck unter Bomben&#8221; ist eine Reihe von Berichten aus Donezk und soll der einseitigen Darstellung in der deutschen \u00d6ffentlichkeit entgegenwirken. Die Bewohner dieser Region werden als das gezeigt, was sie sind: ganz normale Menschen, die in einem Krieg ihren Alltag zu meistern versuchen. Von Wassilissa Sacharowa Woran erkennt man einen Bergmann? Man erkennt [&hellip;]","og_url":"https:\/\/now-news.de\/de\/deutschland\/fruehstueck-unter-bomben-wiederbelebung-der-kohleindustrie-in-donezk\/","og_site_name":"just-now.NEWS Deutschland","article_publisher":"https:\/\/www.facebook.com\/wirmachenauf","article_published_time":"2026-04-24T04:00:00+00:00","og_image":[{"url":"https:\/\/now-news.de\/de\/wp-content\/uploads\/sites\/3\/2026\/04\/69ea10a648fbef33e300577e.jpg"}],"author":"rtnews","twitter_card":"summary_large_image","twitter_creator":"@WirMachenAuf_de","twitter_site":"@WirMachenAuf_de","twitter_misc":{"Verfasst von":"rtnews","Gesch\u00e4tzte Lesezeit":"4\u00a0Minuten"},"schema":{"@context":"https:\/\/schema.org","@graph":[{"@type":"Article","@id":"https:\/\/now-news.de\/de\/deutschland\/fruehstueck-unter-bomben-wiederbelebung-der-kohleindustrie-in-donezk\/#article","isPartOf":{"@id":"https:\/\/now-news.de\/de\/deutschland\/fruehstueck-unter-bomben-wiederbelebung-der-kohleindustrie-in-donezk\/"},"author":{"name":"rtnews","@id":"https:\/\/now-news.de\/de\/#\/schema\/person\/fb534a4e865501d8b3285208df34a9b5"},"headline":"&quot;Fr\u00fchst\u00fcck unter Bomben&quot;: Wiederbelebung der Kohleindustrie in Donezk","datePublished":"2026-04-24T04:00:00+00:00","dateModified":"2026-04-24T04:00:00+00:00","mainEntityOfPage":{"@id":"https:\/\/now-news.de\/de\/deutschland\/fruehstueck-unter-bomben-wiederbelebung-der-kohleindustrie-in-donezk\/"},"wordCount":787,"commentCount":0,"publisher":{"@id":"https:\/\/now-news.de\/de\/#organization"},"image":{"@id":"https:\/\/now-news.de\/de\/deutschland\/fruehstueck-unter-bomben-wiederbelebung-der-kohleindustrie-in-donezk\/#primaryimage"},"thumbnailUrl":"https:\/\/now-news.de\/de\/wp-content\/uploads\/sites\/3\/quotFruehstueck-unter-Bombenquot-Wiederbelebung-der-Kohleindustrie-in-Donezk.jpg","keywords":["Bombenquot","der","Donezk","Kohleindustrie","quotFr\u00fchst\u00fcck","unter","Wiederbelebung"],"articleSection":["Deutschland","Russland"],"inLanguage":"de","potentialAction":[{"@type":"CommentAction","name":"Comment","target":["https:\/\/now-news.de\/de\/deutschland\/fruehstueck-unter-bomben-wiederbelebung-der-kohleindustrie-in-donezk\/#respond"]}]},{"@type":"WebPage","@id":"https:\/\/now-news.de\/de\/deutschland\/fruehstueck-unter-bomben-wiederbelebung-der-kohleindustrie-in-donezk\/","url":"https:\/\/now-news.de\/de\/deutschland\/fruehstueck-unter-bomben-wiederbelebung-der-kohleindustrie-in-donezk\/","name":"&quot;Fr\u00fchst\u00fcck unter Bomben&quot;: Wiederbelebung der Kohleindustrie in Donezk - just-now.NEWS Deutschland","isPartOf":{"@id":"https:\/\/now-news.de\/de\/#website"},"primaryImageOfPage":{"@id":"https:\/\/now-news.de\/de\/deutschland\/fruehstueck-unter-bomben-wiederbelebung-der-kohleindustrie-in-donezk\/#primaryimage"},"image":{"@id":"https:\/\/now-news.de\/de\/deutschland\/fruehstueck-unter-bomben-wiederbelebung-der-kohleindustrie-in-donezk\/#primaryimage"},"thumbnailUrl":"https:\/\/now-news.de\/de\/wp-content\/uploads\/sites\/3\/quotFruehstueck-unter-Bombenquot-Wiederbelebung-der-Kohleindustrie-in-Donezk.jpg","datePublished":"2026-04-24T04:00:00+00:00","dateModified":"2026-04-24T04:00:00+00:00","breadcrumb":{"@id":"https:\/\/now-news.de\/de\/deutschland\/fruehstueck-unter-bomben-wiederbelebung-der-kohleindustrie-in-donezk\/#breadcrumb"},"inLanguage":"de","potentialAction":[{"@type":"ReadAction","target":["https:\/\/now-news.de\/de\/deutschland\/fruehstueck-unter-bomben-wiederbelebung-der-kohleindustrie-in-donezk\/"]}]},{"@type":"ImageObject","inLanguage":"de","@id":"https:\/\/now-news.de\/de\/deutschland\/fruehstueck-unter-bomben-wiederbelebung-der-kohleindustrie-in-donezk\/#primaryimage","url":"https:\/\/now-news.de\/de\/wp-content\/uploads\/sites\/3\/quotFruehstueck-unter-Bombenquot-Wiederbelebung-der-Kohleindustrie-in-Donezk.jpg","contentUrl":"https:\/\/now-news.de\/de\/wp-content\/uploads\/sites\/3\/quotFruehstueck-unter-Bombenquot-Wiederbelebung-der-Kohleindustrie-in-Donezk.jpg","caption":"&quot;Fr\u00fchst\u00fcck unter Bomben&quot;: Wiederbelebung der Kohleindustrie in Donezk"},{"@type":"BreadcrumbList","@id":"https:\/\/now-news.de\/de\/deutschland\/fruehstueck-unter-bomben-wiederbelebung-der-kohleindustrie-in-donezk\/#breadcrumb","itemListElement":[{"@type":"ListItem","position":1,"name":"Home","item":"https:\/\/now-news.de\/de\/"},{"@type":"ListItem","position":2,"name":"&quot;Fr\u00fchst\u00fcck unter Bomben&quot;: Wiederbelebung der Kohleindustrie in Donezk"}]},{"@type":"WebSite","@id":"https:\/\/now-news.de\/de\/#website","url":"https:\/\/now-news.de\/de\/","name":"just-now.NEWS Deutschland","description":"Das Portal f\u00fcr unzensierte Nachrichten aus der Welt","publisher":{"@id":"https:\/\/now-news.de\/de\/#organization"},"potentialAction":[{"@type":"SearchAction","target":{"@type":"EntryPoint","urlTemplate":"https:\/\/now-news.de\/de\/?s={search_term_string}"},"query-input":"required name=search_term_string"}],"inLanguage":"de"},{"@type":"Organization","@id":"https:\/\/now-news.de\/de\/#organization","name":"Just Now News","url":"https:\/\/now-news.de\/de\/","logo":{"@type":"ImageObject","inLanguage":"de","@id":"https:\/\/now-news.de\/de\/#\/schema\/logo\/image\/","url":"http:\/\/just-now.news\/de\/wp-content\/uploads\/sites\/3\/2022\/04\/logo500x500.jpg","contentUrl":"http:\/\/just-now.news\/de\/wp-content\/uploads\/sites\/3\/2022\/04\/logo500x500.jpg","width":500,"height":500,"caption":"Just Now News"},"image":{"@id":"https:\/\/now-news.de\/de\/#\/schema\/logo\/image\/"},"sameAs":["https:\/\/www.facebook.com\/wirmachenauf","https:\/\/x.com\/WirMachenAuf_de"]},{"@type":"Person","@id":"https:\/\/now-news.de\/de\/#\/schema\/person\/fb534a4e865501d8b3285208df34a9b5","name":"rtnews","image":{"@type":"ImageObject","inLanguage":"de","@id":"https:\/\/now-news.de\/de\/#\/schema\/person\/image\/","url":"https:\/\/secure.gravatar.com\/avatar\/82aafea7d8127119dd649515f56e2117?s=96&d=mm&r=g","contentUrl":"https:\/\/secure.gravatar.com\/avatar\/82aafea7d8127119dd649515f56e2117?s=96&d=mm&r=g","caption":"rtnews"},"url":"https:\/\/now-news.de\/de\/author\/rnews\/"}]}},"_links":{"self":[{"href":"https:\/\/now-news.de\/de\/wp-json\/wp\/v2\/posts\/102210"}],"collection":[{"href":"https:\/\/now-news.de\/de\/wp-json\/wp\/v2\/posts"}],"about":[{"href":"https:\/\/now-news.de\/de\/wp-json\/wp\/v2\/types\/post"}],"author":[{"embeddable":true,"href":"https:\/\/now-news.de\/de\/wp-json\/wp\/v2\/users\/3"}],"replies":[{"embeddable":true,"href":"https:\/\/now-news.de\/de\/wp-json\/wp\/v2\/comments?post=102210"}],"version-history":[{"count":0,"href":"https:\/\/now-news.de\/de\/wp-json\/wp\/v2\/posts\/102210\/revisions"}],"wp:featuredmedia":[{"embeddable":true,"href":"https:\/\/now-news.de\/de\/wp-json\/wp\/v2\/media\/102211"}],"wp:attachment":[{"href":"https:\/\/now-news.de\/de\/wp-json\/wp\/v2\/media?parent=102210"}],"wp:term":[{"taxonomy":"category","embeddable":true,"href":"https:\/\/now-news.de\/de\/wp-json\/wp\/v2\/categories?post=102210"},{"taxonomy":"post_tag","embeddable":true,"href":"https:\/\/now-news.de\/de\/wp-json\/wp\/v2\/tags?post=102210"}],"curies":[{"name":"wp","href":"https:\/\/api.w.org\/{rel}","templated":true}]}}