{"id":102202,"date":"2026-04-23T20:56:00","date_gmt":"2026-04-23T18:56:00","guid":{"rendered":"https:\/\/now-news.de\/de\/deutschland\/berlin-kreuzberger-bluecherplatz-heisst-kuenftig-eva-mamlok-platz\/"},"modified":"2026-04-23T20:56:00","modified_gmt":"2026-04-23T18:56:00","slug":"berlin-kreuzberger-bluecherplatz-heisst-kuenftig-eva-mamlok-platz","status":"publish","type":"post","link":"https:\/\/now-news.de\/de\/deutschland\/berlin-kreuzberger-bluecherplatz-heisst-kuenftig-eva-mamlok-platz\/","title":{"rendered":"Berlin: Kreuzberger Bl\u00fccherplatz hei\u00dft k\u00fcnftig Eva-Mamlok-Platz"},"content":{"rendered":"<p><img decoding=\"async\" src=\"https:\/\/now-news.de\/de\/wp-content\/uploads\/sites\/3\/2026\/04\/69ea3114b480cc3c4c30ba00.jpg\" \/><\/p>\n<div class=\"Text-root Text-type_1 \">\n                Die Stra\u00dfenumbenennungen in Berlin gehen weiter. Diesmal trifft es den Bl\u00fccherplatz am Halleschen Tor in Berlin-Kreuzburg. Nachdem im Juni 2025 bereits die Bezirksverordnetenversammlung die Umbenennung beschlossen hatte, zog nun das Bezirksamt nach.\n            <\/div>\n<p><\/p>\n<div class=\"Text-root Text-type_5 ArticleView-text ViewText-root \">\n<p>Das Bezirksamt Friedrichshain-Kreuzberg plant, den Bl\u00fccherplatz in Eva-Mamlok-Platz umzubenennen. Dies best\u00e4tigte die Beh\u00f6rde gegen\u00fcber dem Sender <em>rbb24<\/em> am Mittwoch. In Berlin sind die Bezirks\u00e4mter f\u00fcr etwaige Stra\u00dfenumbenennungen zust\u00e4ndig. Das Bezirksamt folgt damit einem Beschluss zur Umbenennung, den die Bezirksverordnetenversammlung vergangenes Jahr gefasst hatte. Gr\u00fcne, Linke und SPD hatten damals einen entsprechenden Antrag gestellt.<\/p>\n<p>K\u00fcnftig wird der Platz den Namen der Berliner Widerstandsk\u00e4mpferin Eva Mamlok tragen, die als J\u00fcdin erst nach Riga deportiert wurde und dann im KZ Stutthof umkam. Eva Mamlok war schon als junges M\u00e4dchen im antifaschistischen Widerstand aktiv: So hatte sie als 13-J\u00e4hrige im Jahr 1932 auf einem Kaufhausdach die Parole &#8220;Nieder mit Hitler!&#8221; angebracht. Das Kaufhaus befand sich am Bl\u00fccherplatz.<\/p>\n<p>1934, also schon unter der Herrschaft der Nationalsozialisten, wagte sie es mit noch nicht mal 16 Jahren, zusammen mit einem Mitstreiter Blumen auf den Friedhof der Sozialisten in Friedrichsfelde niederzulegen. Auch nach einem halben Jahr KZ, das auf diese Aktion folge, setzte Mamlok ihre Widerstandst\u00e4tigkeit fort.<\/p>\n<p>Gegner der Umbenennung befremdet daher weniger die Person der Gew\u00fcrdigten als vielmehr die Begr\u00fcndung der Bl\u00fccher-Gegner. Neben dem Argument, es gebe bereits eine Bl\u00fccherstra\u00dfe im Bezirk Friedrichshain-Kreuzberg, <a rel=\"nofollow noopener\" target=\"_blank\" href=\"https:\/\/spdfraktion-xhain.de\/2025\/01\/antraege-und-anfragen-der-spd-fraktion-zur-bvv-am-29-01-2025\/\">schreibt<\/a> die \u00f6rtliche SPD-Fraktion in ihrem Antrag auch: &#8220;Um die Dominanz der frankophoben und militaristischen fr\u00fcheren Stra\u00dfenbenennungspraxis zu relativieren, ist eine andere Akzentsetzung bei der Stra\u00dfen- und Platzbenennung anzustreben, die dem heutigen antinationalistischen und antifaschistischem Grundkonsens entspricht.&#8221;<\/p>\n<p>Die SPD-Fraktion Friedrichshain-Kreuzberg bringt damit den preu\u00dfischen Generalfeldmarschall Gebhard Leberecht von Bl\u00fccher, einen der gro\u00dfen Pers\u00f6nlichkeiten der Befreiungskriege, mit dem Franzosenhass einer sp\u00e4teren Epoche in Verbindung. Bl\u00fccher, von seinen russischen Mitstreitern wegen seiner offensiven Herangehensweise &#8220;Marschall Vorw\u00e4rts&#8221; genannt, war ma\u00dfgeblich an der Befreiung Mittel- und Westeuropas von der napoleonischen Besatzung beteiligt. Da er bereits 1819 verstarb, erlebte er den Nationalismus des sp\u00e4teren 19. Jahrhunderts, der eine Erbfeindschaft zu Frankreich pflegte, nicht mehr.<\/p>\n<p>Timur Husein, Mitglied des Berliner Abgeordnetenhauses und Sprecher f\u00fcr Antisemitismusbek\u00e4mpfung der CDU-Fraktion, warf den antragstellenden Parteien sogar Missbrauch des Andenkens von Eva Mamlok vor. Auf der Plattform X <a rel=\"nofollow noopener\" target=\"_blank\" href=\"https:\/\/x.com\/TimurHusein\/status\/2046821745454207062\">schrieb er<\/a>: &#8220;Um es klar zu sagen: Linke Mehrheit benutzt eine j\u00fcdische Widerstandsk\u00e4mpferin (Eva Mamlok), um einen ihnen verha\u00dften preu\u00dfischen Helden (Generalfeldmarschall Bl\u00fccher) aus dem Stra\u00dfenbild zu tilgen! Bl\u00fccher hat die franz\u00f6sische Besetzung Europas beendet.&#8221;<\/p>\n<p>Laut Bezirksamt wird die Umbenennung erst Ende 2026 vorgenommen. Der Grund f\u00fcr die Verz\u00f6gerung: Man m\u00f6chte noch die Wahlen zum Berliner Abgeordnetenhaus abwarten, die am 20. September stattfinden werden. Dieser Aufschub geschieht auf Wunsch des Landeswahlamtes Berlin, das die Bezirke gebeten hatte, in den Monaten vor den Wahlen nach M\u00f6glichkeit auf Umbenennungen zu verzichten. \u00c4nderungen der Adressdaten nach dem 1. April 2026 k\u00f6nnten ansonsten zu Schwierigkeiten beim Versand der Wahlunterlagen f\u00fchren.<\/p>\n<p>Immerhin: Da der Bl\u00fccherplatz insgesamt nur drei Hausnummern hat (darunter ein Kaufhaus und die Amerika-Gedenkbibliothek), d\u00fcrfte sich die Anzahl der vom Aufwand der Umbenennung Betroffenen im Rahmen halten.<\/p>\n<p><strong>Mehr zum Thema<\/strong>\u00a0<strong>\u2013<\/strong>\u00a0<a rel=\"nofollow noopener\" target=\"_blank\" href=\"https:\/\/freedert.online\/meinung\/265407-berliner-adler-posse-findet-ihr\/\">Berliner Adler-Posse findet ihr vorl\u00e4ufiges Ende<\/a><\/p>\n<div class=\"EmbedBlock-root EmbedBlock-externalVideo EmbedBlock-rumble\">\n<div class=\"VkEmbed\"><iframe class=\"lazyload\" data-src=\"https:\/\/rumble.com\/embed\/v73bqv2\" frameborder=\"0\" width=\"853\" height=\"480\" allowfullscreen><\/iframe><\/div>\n<\/div>\n<\/div>\n<p><br \/>\n<br \/><a href=\"https:\/\/de.rt.com\/inland\/278014-berlin-kreuzberger-bluecherplatz-heisst-kuenftig-eva-mamlok-platz\/\">Source link <\/a><\/p>\n","protected":false},"excerpt":{"rendered":"<p>Die Stra\u00dfenumbenennungen in Berlin gehen weiter. Diesmal trifft es den Bl\u00fccherplatz am Halleschen Tor in Berlin-Kreuzburg. Nachdem im Juni 2025 bereits die Bezirksverordnetenversammlung die Umbenennung beschlossen hatte, zog nun das Bezirksamt nach. Das Bezirksamt Friedrichshain-Kreuzberg plant, den Bl\u00fccherplatz in Eva-Mamlok-Platz umzubenennen. Dies best\u00e4tigte die Beh\u00f6rde gegen\u00fcber dem Sender rbb24 am Mittwoch. In Berlin sind die [&hellip;]<\/p>\n","protected":false},"author":3,"featured_media":102203,"comment_status":"open","ping_status":"open","sticky":false,"template":"","format":"standard","meta":{"_yoast_indexnow_last_ping":["1776970933"],"wp_automatic_camp":["217"],"088e56739244cd338135f8815001fe84":["Berlin: Kreuzberger Bl\u00fccherplatz hei\u00dft k\u00fcnftig Eva-Mamlok-Platz"],"original_link":["https:\/\/de.rt.com\/inland\/278014-berlin-kreuzberger-bluecherplatz-heisst-kuenftig-eva-mamlok-platz\/"],"_thumbnail_id":["102203"],"jnews_social_counter_last_update":["1777463632"],"_wptgpro_p2tg_sent2tg":["a:1:{i:23737;s:19:\"2026-04-23 21:03:20\";}"]},"categories":[19,23],"tags":[943,72589,72590,28412,72588,26356],"yoast_head":"<!-- This site is optimized with the Yoast SEO Premium plugin v22.7 (Yoast SEO v22.7) - https:\/\/yoast.com\/wordpress\/plugins\/seo\/ -->\n<title>Berlin: Kreuzberger Bl\u00fccherplatz hei\u00dft k\u00fcnftig Eva-Mamlok-Platz - just-now.NEWS Deutschland<\/title>\n<meta name=\"robots\" content=\"index, follow, max-snippet:-1, max-image-preview:large, max-video-preview:-1\" \/>\n<link rel=\"canonical\" href=\"https:\/\/now-news.de\/de\/deutschland\/berlin-kreuzberger-bluecherplatz-heisst-kuenftig-eva-mamlok-platz\/\" \/>\n<meta property=\"og:locale\" content=\"de_DE\" \/>\n<meta property=\"og:type\" content=\"article\" \/>\n<meta property=\"og:title\" content=\"Berlin: Kreuzberger Bl\u00fccherplatz hei\u00dft k\u00fcnftig Eva-Mamlok-Platz\" \/>\n<meta property=\"og:description\" content=\"Die Stra\u00dfenumbenennungen in Berlin gehen weiter. Diesmal trifft es den Bl\u00fccherplatz am Halleschen Tor in Berlin-Kreuzburg. Nachdem im Juni 2025 bereits die Bezirksverordnetenversammlung die Umbenennung beschlossen hatte, zog nun das Bezirksamt nach. Das Bezirksamt Friedrichshain-Kreuzberg plant, den Bl\u00fccherplatz in Eva-Mamlok-Platz umzubenennen. Dies best\u00e4tigte die Beh\u00f6rde gegen\u00fcber dem Sender rbb24 am Mittwoch. In Berlin sind die [&hellip;]\" \/>\n<meta property=\"og:url\" content=\"https:\/\/now-news.de\/de\/deutschland\/berlin-kreuzberger-bluecherplatz-heisst-kuenftig-eva-mamlok-platz\/\" \/>\n<meta property=\"og:site_name\" content=\"just-now.NEWS Deutschland\" \/>\n<meta property=\"article:publisher\" content=\"https:\/\/www.facebook.com\/wirmachenauf\" \/>\n<meta property=\"article:published_time\" content=\"2026-04-23T18:56:00+00:00\" \/>\n<meta property=\"og:image\" content=\"https:\/\/now-news.de\/de\/wp-content\/uploads\/sites\/3\/2026\/04\/69ea3114b480cc3c4c30ba00.jpg\" \/>\n<meta name=\"author\" content=\"rtnews\" \/>\n<meta name=\"twitter:card\" content=\"summary_large_image\" \/>\n<meta name=\"twitter:creator\" content=\"@WirMachenAuf_de\" \/>\n<meta name=\"twitter:site\" content=\"@WirMachenAuf_de\" \/>\n<meta name=\"twitter:label1\" content=\"Verfasst von\" \/>\n\t<meta name=\"twitter:data1\" content=\"rtnews\" \/>\n\t<meta name=\"twitter:label2\" content=\"Gesch\u00e4tzte Lesezeit\" \/>\n\t<meta name=\"twitter:data2\" content=\"3\u00a0Minuten\" \/>\n<script type=\"application\/ld+json\" class=\"yoast-schema-graph\">{\"@context\":\"https:\/\/schema.org\",\"@graph\":[{\"@type\":\"Article\",\"@id\":\"https:\/\/now-news.de\/de\/deutschland\/berlin-kreuzberger-bluecherplatz-heisst-kuenftig-eva-mamlok-platz\/#article\",\"isPartOf\":{\"@id\":\"https:\/\/now-news.de\/de\/deutschland\/berlin-kreuzberger-bluecherplatz-heisst-kuenftig-eva-mamlok-platz\/\"},\"author\":{\"name\":\"rtnews\",\"@id\":\"https:\/\/now-news.de\/de\/#\/schema\/person\/fb534a4e865501d8b3285208df34a9b5\"},\"headline\":\"Berlin: Kreuzberger Bl\u00fccherplatz hei\u00dft k\u00fcnftig Eva-Mamlok-Platz\",\"datePublished\":\"2026-04-23T18:56:00+00:00\",\"dateModified\":\"2026-04-23T18:56:00+00:00\",\"mainEntityOfPage\":{\"@id\":\"https:\/\/now-news.de\/de\/deutschland\/berlin-kreuzberger-bluecherplatz-heisst-kuenftig-eva-mamlok-platz\/\"},\"wordCount\":554,\"commentCount\":0,\"publisher\":{\"@id\":\"https:\/\/now-news.de\/de\/#organization\"},\"image\":{\"@id\":\"https:\/\/now-news.de\/de\/deutschland\/berlin-kreuzberger-bluecherplatz-heisst-kuenftig-eva-mamlok-platz\/#primaryimage\"},\"thumbnailUrl\":\"https:\/\/now-news.de\/de\/wp-content\/uploads\/sites\/3\/Berlin-Kreuzberger-Bluecherplatz-heisst-kuenftig-Eva-Mamlok-Platz.jpg\",\"keywords\":[\"Berlin\",\"Bl\u00fccherplatz\",\"EvaMamlokPlatz\",\"hei\u00dft\",\"Kreuzberger\",\"k\u00fcnftig\"],\"articleSection\":[\"Deutschland\",\"Russland\"],\"inLanguage\":\"de\",\"potentialAction\":[{\"@type\":\"CommentAction\",\"name\":\"Comment\",\"target\":[\"https:\/\/now-news.de\/de\/deutschland\/berlin-kreuzberger-bluecherplatz-heisst-kuenftig-eva-mamlok-platz\/#respond\"]}]},{\"@type\":\"WebPage\",\"@id\":\"https:\/\/now-news.de\/de\/deutschland\/berlin-kreuzberger-bluecherplatz-heisst-kuenftig-eva-mamlok-platz\/\",\"url\":\"https:\/\/now-news.de\/de\/deutschland\/berlin-kreuzberger-bluecherplatz-heisst-kuenftig-eva-mamlok-platz\/\",\"name\":\"Berlin: Kreuzberger Bl\u00fccherplatz hei\u00dft k\u00fcnftig Eva-Mamlok-Platz - just-now.NEWS Deutschland\",\"isPartOf\":{\"@id\":\"https:\/\/now-news.de\/de\/#website\"},\"primaryImageOfPage\":{\"@id\":\"https:\/\/now-news.de\/de\/deutschland\/berlin-kreuzberger-bluecherplatz-heisst-kuenftig-eva-mamlok-platz\/#primaryimage\"},\"image\":{\"@id\":\"https:\/\/now-news.de\/de\/deutschland\/berlin-kreuzberger-bluecherplatz-heisst-kuenftig-eva-mamlok-platz\/#primaryimage\"},\"thumbnailUrl\":\"https:\/\/now-news.de\/de\/wp-content\/uploads\/sites\/3\/Berlin-Kreuzberger-Bluecherplatz-heisst-kuenftig-Eva-Mamlok-Platz.jpg\",\"datePublished\":\"2026-04-23T18:56:00+00:00\",\"dateModified\":\"2026-04-23T18:56:00+00:00\",\"breadcrumb\":{\"@id\":\"https:\/\/now-news.de\/de\/deutschland\/berlin-kreuzberger-bluecherplatz-heisst-kuenftig-eva-mamlok-platz\/#breadcrumb\"},\"inLanguage\":\"de\",\"potentialAction\":[{\"@type\":\"ReadAction\",\"target\":[\"https:\/\/now-news.de\/de\/deutschland\/berlin-kreuzberger-bluecherplatz-heisst-kuenftig-eva-mamlok-platz\/\"]}]},{\"@type\":\"ImageObject\",\"inLanguage\":\"de\",\"@id\":\"https:\/\/now-news.de\/de\/deutschland\/berlin-kreuzberger-bluecherplatz-heisst-kuenftig-eva-mamlok-platz\/#primaryimage\",\"url\":\"https:\/\/now-news.de\/de\/wp-content\/uploads\/sites\/3\/Berlin-Kreuzberger-Bluecherplatz-heisst-kuenftig-Eva-Mamlok-Platz.jpg\",\"contentUrl\":\"https:\/\/now-news.de\/de\/wp-content\/uploads\/sites\/3\/Berlin-Kreuzberger-Bluecherplatz-heisst-kuenftig-Eva-Mamlok-Platz.jpg\",\"caption\":\"Berlin: Kreuzberger Bl\u00fccherplatz hei\u00dft k\u00fcnftig Eva-Mamlok-Platz\"},{\"@type\":\"BreadcrumbList\",\"@id\":\"https:\/\/now-news.de\/de\/deutschland\/berlin-kreuzberger-bluecherplatz-heisst-kuenftig-eva-mamlok-platz\/#breadcrumb\",\"itemListElement\":[{\"@type\":\"ListItem\",\"position\":1,\"name\":\"Home\",\"item\":\"https:\/\/now-news.de\/de\/\"},{\"@type\":\"ListItem\",\"position\":2,\"name\":\"Berlin: Kreuzberger Bl\u00fccherplatz hei\u00dft k\u00fcnftig Eva-Mamlok-Platz\"}]},{\"@type\":\"WebSite\",\"@id\":\"https:\/\/now-news.de\/de\/#website\",\"url\":\"https:\/\/now-news.de\/de\/\",\"name\":\"just-now.NEWS Deutschland\",\"description\":\"Das Portal f\u00fcr unzensierte Nachrichten aus der Welt\",\"publisher\":{\"@id\":\"https:\/\/now-news.de\/de\/#organization\"},\"potentialAction\":[{\"@type\":\"SearchAction\",\"target\":{\"@type\":\"EntryPoint\",\"urlTemplate\":\"https:\/\/now-news.de\/de\/?s={search_term_string}\"},\"query-input\":\"required name=search_term_string\"}],\"inLanguage\":\"de\"},{\"@type\":\"Organization\",\"@id\":\"https:\/\/now-news.de\/de\/#organization\",\"name\":\"Just Now News\",\"url\":\"https:\/\/now-news.de\/de\/\",\"logo\":{\"@type\":\"ImageObject\",\"inLanguage\":\"de\",\"@id\":\"https:\/\/now-news.de\/de\/#\/schema\/logo\/image\/\",\"url\":\"http:\/\/just-now.news\/de\/wp-content\/uploads\/sites\/3\/2022\/04\/logo500x500.jpg\",\"contentUrl\":\"http:\/\/just-now.news\/de\/wp-content\/uploads\/sites\/3\/2022\/04\/logo500x500.jpg\",\"width\":500,\"height\":500,\"caption\":\"Just Now News\"},\"image\":{\"@id\":\"https:\/\/now-news.de\/de\/#\/schema\/logo\/image\/\"},\"sameAs\":[\"https:\/\/www.facebook.com\/wirmachenauf\",\"https:\/\/x.com\/WirMachenAuf_de\"]},{\"@type\":\"Person\",\"@id\":\"https:\/\/now-news.de\/de\/#\/schema\/person\/fb534a4e865501d8b3285208df34a9b5\",\"name\":\"rtnews\",\"image\":{\"@type\":\"ImageObject\",\"inLanguage\":\"de\",\"@id\":\"https:\/\/now-news.de\/de\/#\/schema\/person\/image\/\",\"url\":\"https:\/\/secure.gravatar.com\/avatar\/82aafea7d8127119dd649515f56e2117?s=96&d=mm&r=g\",\"contentUrl\":\"https:\/\/secure.gravatar.com\/avatar\/82aafea7d8127119dd649515f56e2117?s=96&d=mm&r=g\",\"caption\":\"rtnews\"},\"url\":\"https:\/\/now-news.de\/de\/author\/rnews\/\"}]}<\/script>\n<!-- \/ Yoast SEO Premium plugin. -->","yoast_head_json":{"title":"Berlin: Kreuzberger Bl\u00fccherplatz hei\u00dft k\u00fcnftig Eva-Mamlok-Platz - just-now.NEWS Deutschland","robots":{"index":"index","follow":"follow","max-snippet":"max-snippet:-1","max-image-preview":"max-image-preview:large","max-video-preview":"max-video-preview:-1"},"canonical":"https:\/\/now-news.de\/de\/deutschland\/berlin-kreuzberger-bluecherplatz-heisst-kuenftig-eva-mamlok-platz\/","og_locale":"de_DE","og_type":"article","og_title":"Berlin: Kreuzberger Bl\u00fccherplatz hei\u00dft k\u00fcnftig Eva-Mamlok-Platz","og_description":"Die Stra\u00dfenumbenennungen in Berlin gehen weiter. Diesmal trifft es den Bl\u00fccherplatz am Halleschen Tor in Berlin-Kreuzburg. Nachdem im Juni 2025 bereits die Bezirksverordnetenversammlung die Umbenennung beschlossen hatte, zog nun das Bezirksamt nach. Das Bezirksamt Friedrichshain-Kreuzberg plant, den Bl\u00fccherplatz in Eva-Mamlok-Platz umzubenennen. Dies best\u00e4tigte die Beh\u00f6rde gegen\u00fcber dem Sender rbb24 am Mittwoch. In Berlin sind die [&hellip;]","og_url":"https:\/\/now-news.de\/de\/deutschland\/berlin-kreuzberger-bluecherplatz-heisst-kuenftig-eva-mamlok-platz\/","og_site_name":"just-now.NEWS Deutschland","article_publisher":"https:\/\/www.facebook.com\/wirmachenauf","article_published_time":"2026-04-23T18:56:00+00:00","og_image":[{"url":"https:\/\/now-news.de\/de\/wp-content\/uploads\/sites\/3\/2026\/04\/69ea3114b480cc3c4c30ba00.jpg"}],"author":"rtnews","twitter_card":"summary_large_image","twitter_creator":"@WirMachenAuf_de","twitter_site":"@WirMachenAuf_de","twitter_misc":{"Verfasst von":"rtnews","Gesch\u00e4tzte Lesezeit":"3\u00a0Minuten"},"schema":{"@context":"https:\/\/schema.org","@graph":[{"@type":"Article","@id":"https:\/\/now-news.de\/de\/deutschland\/berlin-kreuzberger-bluecherplatz-heisst-kuenftig-eva-mamlok-platz\/#article","isPartOf":{"@id":"https:\/\/now-news.de\/de\/deutschland\/berlin-kreuzberger-bluecherplatz-heisst-kuenftig-eva-mamlok-platz\/"},"author":{"name":"rtnews","@id":"https:\/\/now-news.de\/de\/#\/schema\/person\/fb534a4e865501d8b3285208df34a9b5"},"headline":"Berlin: Kreuzberger Bl\u00fccherplatz hei\u00dft k\u00fcnftig Eva-Mamlok-Platz","datePublished":"2026-04-23T18:56:00+00:00","dateModified":"2026-04-23T18:56:00+00:00","mainEntityOfPage":{"@id":"https:\/\/now-news.de\/de\/deutschland\/berlin-kreuzberger-bluecherplatz-heisst-kuenftig-eva-mamlok-platz\/"},"wordCount":554,"commentCount":0,"publisher":{"@id":"https:\/\/now-news.de\/de\/#organization"},"image":{"@id":"https:\/\/now-news.de\/de\/deutschland\/berlin-kreuzberger-bluecherplatz-heisst-kuenftig-eva-mamlok-platz\/#primaryimage"},"thumbnailUrl":"https:\/\/now-news.de\/de\/wp-content\/uploads\/sites\/3\/Berlin-Kreuzberger-Bluecherplatz-heisst-kuenftig-Eva-Mamlok-Platz.jpg","keywords":["Berlin","Bl\u00fccherplatz","EvaMamlokPlatz","hei\u00dft","Kreuzberger","k\u00fcnftig"],"articleSection":["Deutschland","Russland"],"inLanguage":"de","potentialAction":[{"@type":"CommentAction","name":"Comment","target":["https:\/\/now-news.de\/de\/deutschland\/berlin-kreuzberger-bluecherplatz-heisst-kuenftig-eva-mamlok-platz\/#respond"]}]},{"@type":"WebPage","@id":"https:\/\/now-news.de\/de\/deutschland\/berlin-kreuzberger-bluecherplatz-heisst-kuenftig-eva-mamlok-platz\/","url":"https:\/\/now-news.de\/de\/deutschland\/berlin-kreuzberger-bluecherplatz-heisst-kuenftig-eva-mamlok-platz\/","name":"Berlin: Kreuzberger Bl\u00fccherplatz hei\u00dft k\u00fcnftig Eva-Mamlok-Platz - just-now.NEWS Deutschland","isPartOf":{"@id":"https:\/\/now-news.de\/de\/#website"},"primaryImageOfPage":{"@id":"https:\/\/now-news.de\/de\/deutschland\/berlin-kreuzberger-bluecherplatz-heisst-kuenftig-eva-mamlok-platz\/#primaryimage"},"image":{"@id":"https:\/\/now-news.de\/de\/deutschland\/berlin-kreuzberger-bluecherplatz-heisst-kuenftig-eva-mamlok-platz\/#primaryimage"},"thumbnailUrl":"https:\/\/now-news.de\/de\/wp-content\/uploads\/sites\/3\/Berlin-Kreuzberger-Bluecherplatz-heisst-kuenftig-Eva-Mamlok-Platz.jpg","datePublished":"2026-04-23T18:56:00+00:00","dateModified":"2026-04-23T18:56:00+00:00","breadcrumb":{"@id":"https:\/\/now-news.de\/de\/deutschland\/berlin-kreuzberger-bluecherplatz-heisst-kuenftig-eva-mamlok-platz\/#breadcrumb"},"inLanguage":"de","potentialAction":[{"@type":"ReadAction","target":["https:\/\/now-news.de\/de\/deutschland\/berlin-kreuzberger-bluecherplatz-heisst-kuenftig-eva-mamlok-platz\/"]}]},{"@type":"ImageObject","inLanguage":"de","@id":"https:\/\/now-news.de\/de\/deutschland\/berlin-kreuzberger-bluecherplatz-heisst-kuenftig-eva-mamlok-platz\/#primaryimage","url":"https:\/\/now-news.de\/de\/wp-content\/uploads\/sites\/3\/Berlin-Kreuzberger-Bluecherplatz-heisst-kuenftig-Eva-Mamlok-Platz.jpg","contentUrl":"https:\/\/now-news.de\/de\/wp-content\/uploads\/sites\/3\/Berlin-Kreuzberger-Bluecherplatz-heisst-kuenftig-Eva-Mamlok-Platz.jpg","caption":"Berlin: Kreuzberger Bl\u00fccherplatz hei\u00dft k\u00fcnftig Eva-Mamlok-Platz"},{"@type":"BreadcrumbList","@id":"https:\/\/now-news.de\/de\/deutschland\/berlin-kreuzberger-bluecherplatz-heisst-kuenftig-eva-mamlok-platz\/#breadcrumb","itemListElement":[{"@type":"ListItem","position":1,"name":"Home","item":"https:\/\/now-news.de\/de\/"},{"@type":"ListItem","position":2,"name":"Berlin: Kreuzberger Bl\u00fccherplatz hei\u00dft k\u00fcnftig Eva-Mamlok-Platz"}]},{"@type":"WebSite","@id":"https:\/\/now-news.de\/de\/#website","url":"https:\/\/now-news.de\/de\/","name":"just-now.NEWS Deutschland","description":"Das Portal f\u00fcr unzensierte Nachrichten aus der Welt","publisher":{"@id":"https:\/\/now-news.de\/de\/#organization"},"potentialAction":[{"@type":"SearchAction","target":{"@type":"EntryPoint","urlTemplate":"https:\/\/now-news.de\/de\/?s={search_term_string}"},"query-input":"required name=search_term_string"}],"inLanguage":"de"},{"@type":"Organization","@id":"https:\/\/now-news.de\/de\/#organization","name":"Just Now News","url":"https:\/\/now-news.de\/de\/","logo":{"@type":"ImageObject","inLanguage":"de","@id":"https:\/\/now-news.de\/de\/#\/schema\/logo\/image\/","url":"http:\/\/just-now.news\/de\/wp-content\/uploads\/sites\/3\/2022\/04\/logo500x500.jpg","contentUrl":"http:\/\/just-now.news\/de\/wp-content\/uploads\/sites\/3\/2022\/04\/logo500x500.jpg","width":500,"height":500,"caption":"Just Now News"},"image":{"@id":"https:\/\/now-news.de\/de\/#\/schema\/logo\/image\/"},"sameAs":["https:\/\/www.facebook.com\/wirmachenauf","https:\/\/x.com\/WirMachenAuf_de"]},{"@type":"Person","@id":"https:\/\/now-news.de\/de\/#\/schema\/person\/fb534a4e865501d8b3285208df34a9b5","name":"rtnews","image":{"@type":"ImageObject","inLanguage":"de","@id":"https:\/\/now-news.de\/de\/#\/schema\/person\/image\/","url":"https:\/\/secure.gravatar.com\/avatar\/82aafea7d8127119dd649515f56e2117?s=96&d=mm&r=g","contentUrl":"https:\/\/secure.gravatar.com\/avatar\/82aafea7d8127119dd649515f56e2117?s=96&d=mm&r=g","caption":"rtnews"},"url":"https:\/\/now-news.de\/de\/author\/rnews\/"}]}},"_links":{"self":[{"href":"https:\/\/now-news.de\/de\/wp-json\/wp\/v2\/posts\/102202"}],"collection":[{"href":"https:\/\/now-news.de\/de\/wp-json\/wp\/v2\/posts"}],"about":[{"href":"https:\/\/now-news.de\/de\/wp-json\/wp\/v2\/types\/post"}],"author":[{"embeddable":true,"href":"https:\/\/now-news.de\/de\/wp-json\/wp\/v2\/users\/3"}],"replies":[{"embeddable":true,"href":"https:\/\/now-news.de\/de\/wp-json\/wp\/v2\/comments?post=102202"}],"version-history":[{"count":0,"href":"https:\/\/now-news.de\/de\/wp-json\/wp\/v2\/posts\/102202\/revisions"}],"wp:featuredmedia":[{"embeddable":true,"href":"https:\/\/now-news.de\/de\/wp-json\/wp\/v2\/media\/102203"}],"wp:attachment":[{"href":"https:\/\/now-news.de\/de\/wp-json\/wp\/v2\/media?parent=102202"}],"wp:term":[{"taxonomy":"category","embeddable":true,"href":"https:\/\/now-news.de\/de\/wp-json\/wp\/v2\/categories?post=102202"},{"taxonomy":"post_tag","embeddable":true,"href":"https:\/\/now-news.de\/de\/wp-json\/wp\/v2\/tags?post=102202"}],"curies":[{"name":"wp","href":"https:\/\/api.w.org\/{rel}","templated":true}]}}