{"id":102196,"date":"2026-04-23T19:39:00","date_gmt":"2026-04-23T17:39:00","guid":{"rendered":"https:\/\/now-news.de\/de\/deutschland\/20-sanktionspaket-der-eu-auch-direktor-der-eremitage-unter-den-sanktionierten\/"},"modified":"2026-04-23T19:39:00","modified_gmt":"2026-04-23T17:39:00","slug":"20-sanktionspaket-der-eu-auch-direktor-der-eremitage-unter-den-sanktionierten","status":"publish","type":"post","link":"https:\/\/now-news.de\/de\/deutschland\/20-sanktionspaket-der-eu-auch-direktor-der-eremitage-unter-den-sanktionierten\/","title":{"rendered":"20. Sanktionspaket der EU: Auch Direktor der Eremitage unter den Sanktionierten"},"content":{"rendered":"<p><img decoding=\"async\" src=\"https:\/\/now-news.de\/de\/wp-content\/uploads\/sites\/3\/2026\/04\/69ea4d74b480cc3e450a1e03.jpg\" \/><\/p>\n<div class=\"Text-root Text-type_1 \">\n                Der Europ\u00e4ische Rat hat heute sein nunmehr 20. antirussisches Sanktionspaket verabschiedet. Unter einer Vielzahl von Ma\u00dfnahmen befindet sich auch die Sanktionierung von Einzelpersonen. Betroffen ist unter anderem der Leiter der St. Petersburger Eremitage, Michail Piotrowski.\n            <\/div>\n<p><\/p>\n<div class=\"Text-root Text-type_5 ArticleView-text ViewText-root \">\n<p>Das heute verabschiedete EU-Sanktionspaket gegen Russland \u2013 mittlerweile das 20. seiner Art \u2013 umfasst 120 Einzelposten und ist das gr\u00f6\u00dfte Paket seit zwei Jahren, wie der Europ\u00e4ische Rat auf seiner Homepage stolz verk\u00fcndet. Darunter befinden sich Ma\u00dfnahmen, die Russland wirtschaftlich treffen sollen, aber auch Sanktionen gegen\u00fcber Einzelnen.<\/p>\n<p>Ein Bereich des neuen Sanktionspakets soll in \u00dcbereinstimmung mit den G7-Staaten auf ein k\u00fcnftiges Verbot von Seetransporten russischen Roh\u00f6ls und russischer Erd\u00f6lprodukte abzielen. Die EU sanktioniert demnach 36 weitere Unternehmen des Energiesektors sowie 46 Schiffe, die nunmehr einem Hafenverbot unterliegen. Insgesamt sind damit nun 632 Schiffe mit Sanktionen belegt.<\/p>\n<p>Mit dem 20. Sanktionspaket sind auch die Wartung russischer Fl\u00fcssigerdgastanker und Eisbrecher sowie andere Dienstleistungen in diesem Zusammenhang verboten. Transaktionen mit den beiden russischen H\u00e4fen Murmansk und Tuapse sowie mit dem \u00d6lterminal des indonesischen Hafens Karimun sind k\u00fcnftig nicht mehr erlaubt. Damit will die EU eine Umgehung der \u00d6lpreisobergrenze verhindern.<\/p>\n<p>Die EU will auch den russischen Finanzsektor noch st\u00e4rker treffen und erl\u00e4sst ein Transaktionsverbot f\u00fcr 20 weitere russische Banken. Besonders hart trifft es den Handel mit Kryptow\u00e4hrungen: Plattformen und Dienste aus Russland, die solche Transaktionen anbieten, sind k\u00fcnftig vollst\u00e4ndig verboten.<\/p>\n<p>Andere Ma\u00dfnahmen wiederum sollen Russlands milit\u00e4rische F\u00e4higkeiten schw\u00e4chen: Deshalb sanktioniert die EU 58 Unternehmen und dazugeh\u00f6rige Personen, die an der Entwicklung und Herstellung von R\u00fcstungsg\u00fctern wie Drohnen beteiligt sind. Darunter befinden sich Unternehmen aus China, den Vereinigten Arabischen Emiraten, Usbekistan, Kasachstan und Wei\u00dfrussland. Gegen andere Unternehmen erhebt die EU strengere Exportbeschr\u00e4nkungen.<\/p>\n<p>Unter der Vielzahl von Ma\u00dfnahmen d\u00fcrfte eine davon Betreiber von Internetseiten innerhalb der EU ganz besonders betreffen: Demnach sollen auch Websites ein Sendeverbot zu gew\u00e4rtigen haben, &#8220;die die Inhalte der verbotenen Einrichtungen spiegeln und damit die EU-Ma\u00dfnahmen umgehen&#8221;. Die EU-Machthaber ziehen also die Zensurschraube weiter an.<\/p>\n<p>Zudem versch\u00e4rft die EU die Handelsbeschr\u00e4nkungen f\u00fcr bestimmte G\u00fcter. So wird die Ausfuhr von CNC-Maschinen und Funkger\u00e4ten nach Kirgisistan verboten, um einen Weitertransport nach Russland zu verhindern. Weiterhin sanktioniert sie den Export von Laborglaswaren, bestimmten Hochleistungsschmierstoffe und Chemikalien sowie andere G\u00fcter nach Russland. Umgekehrt f\u00fchrt die EU weitere Einfuhrbeschr\u00e4nkungen f\u00fcr bestimmte Metalle, Mineralien, gegerbte Felle und andere Rohstoffe ein, an denen Russland Geld verdienen k\u00f6nnte. Dazu kommt noch ein versch\u00e4rftes Transitverbot durch russisches Territorium.<\/p>\n<p><strong>Auch Direktor der Eremitage sanktioniert<\/strong><\/p>\n<p>Unter den Ma\u00dfnahmen gegen Einzelpersonen f\u00e4llt die Sanktionierung von Michail Piotrowski, dem Direktor der St. Petersburger Eremitage, ins Auge. Der Vorwurf: &#8220;Aneignung ukrainischen Kulturguts&#8221;. Gemeint sind damit angeblich &#8220;nicht genehmigte Ausgrabungen&#8221; des von Piotrowski geleiteten Museums auf der russischen Halbinsel Krim, auf die die Ukraine Anspruch erhebt. Die Eremitage f\u00fchrt schon seit Jahrzehnten, als die Sowjetunion noch existierte, Ausgrabungen auf der ins Schwarze Meer ragenden Halbinsel durch.<\/p>\n<p>Immerhin: In eine geradezu existenzvernichtende Bedrohungslage, unter der die auf EU-Gebiet lebenden Jacques Baud und H\u00fcseyin Do\u011fru aufgrund der Bestimmungen eines fr\u00fcheren Sanktionspakets zu leiden haben, d\u00fcrfte Piotrowski nicht geraten. Ist er doch schon durch die Inhaftierung seines Mitarbeiters Alexanders Butjagin, der Anfang Dezember 2025 in Polen verhaftet wurde, vorgewarnt und wird EU-Gebiet wohl kaum nicht betreten.<\/p>\n<p><strong>Mehr zum Thema<\/strong>\u00a0\u2013 <a rel=\"nofollow noopener\" target=\"_blank\" href=\"https:\/\/freedert.online\/inland\/275336-sippenhaft-sanktionen-treffen-auch-familie-des-journalisten\/\">Sippenhaft? Sanktionen treffen auch Familie des Journalisten Do\u011fru<\/a><\/p>\n<div class=\"EmbedBlock-root EmbedBlock-externalVideo EmbedBlock-rumble\">\n<div class=\"VkEmbed\"><iframe class=\"lazyload\" data-src=\"https:\/\/rumble.com\/embed\/v6rh37p\" frameborder=\"0\" width=\"853\" height=\"480\" allowfullscreen><\/iframe><\/div>\n<\/div>\n<\/div>\n<p><br \/>\n<br \/><a href=\"https:\/\/de.rt.com\/europa\/278020-20-sanktionspaket-der-eu-auch-direktor-der-eremitage-sanktioniert\/\">Source link <\/a><\/p>\n","protected":false},"excerpt":{"rendered":"<p>Der Europ\u00e4ische Rat hat heute sein nunmehr 20. antirussisches Sanktionspaket verabschiedet. Unter einer Vielzahl von Ma\u00dfnahmen befindet sich auch die Sanktionierung von Einzelpersonen. Betroffen ist unter anderem der Leiter der St. Petersburger Eremitage, Michail Piotrowski. Das heute verabschiedete EU-Sanktionspaket gegen Russland \u2013 mittlerweile das 20. seiner Art \u2013 umfasst 120 Einzelposten und ist das gr\u00f6\u00dfte [&hellip;]<\/p>\n","protected":false},"author":3,"featured_media":102197,"comment_status":"open","ping_status":"open","sticky":false,"template":"","format":"standard","meta":{"_yoast_indexnow_last_ping":["1776966076"],"wp_automatic_camp":["217"],"af9b92b93ac9157f19c5c1d040bd7144":["20. Sanktionspaket der EU: Auch Direktor der Eremitage unter den Sanktionierten"],"original_link":["https:\/\/de.rt.com\/europa\/278020-20-sanktionspaket-der-eu-auch-direktor-der-eremitage-sanktioniert\/"],"_thumbnail_id":["102197"],"jnews_social_counter_last_update":["1777276045"],"_wptgpro_p2tg_sent2tg":["a:1:{i:23737;s:19:\"2026-04-23 19:42:17\";}"]},"categories":[19,23],"tags":[1475,48,82,19849,34213,40089,33784,908],"yoast_head":"<!-- This site is optimized with the Yoast SEO Premium plugin v22.7 (Yoast SEO v22.7) - https:\/\/yoast.com\/wordpress\/plugins\/seo\/ -->\n<title>20. Sanktionspaket der EU: Auch Direktor der Eremitage unter den Sanktionierten - just-now.NEWS Deutschland<\/title>\n<meta name=\"robots\" content=\"index, follow, max-snippet:-1, max-image-preview:large, max-video-preview:-1\" \/>\n<link rel=\"canonical\" href=\"https:\/\/now-news.de\/de\/deutschland\/20-sanktionspaket-der-eu-auch-direktor-der-eremitage-unter-den-sanktionierten\/\" \/>\n<meta property=\"og:locale\" content=\"de_DE\" \/>\n<meta property=\"og:type\" content=\"article\" \/>\n<meta property=\"og:title\" content=\"20. Sanktionspaket der EU: Auch Direktor der Eremitage unter den Sanktionierten\" \/>\n<meta property=\"og:description\" content=\"Der Europ\u00e4ische Rat hat heute sein nunmehr 20. antirussisches Sanktionspaket verabschiedet. Unter einer Vielzahl von Ma\u00dfnahmen befindet sich auch die Sanktionierung von Einzelpersonen. Betroffen ist unter anderem der Leiter der St. Petersburger Eremitage, Michail Piotrowski. Das heute verabschiedete EU-Sanktionspaket gegen Russland \u2013 mittlerweile das 20. seiner Art \u2013 umfasst 120 Einzelposten und ist das gr\u00f6\u00dfte [&hellip;]\" \/>\n<meta property=\"og:url\" content=\"https:\/\/now-news.de\/de\/deutschland\/20-sanktionspaket-der-eu-auch-direktor-der-eremitage-unter-den-sanktionierten\/\" \/>\n<meta property=\"og:site_name\" content=\"just-now.NEWS Deutschland\" \/>\n<meta property=\"article:publisher\" content=\"https:\/\/www.facebook.com\/wirmachenauf\" \/>\n<meta property=\"article:published_time\" content=\"2026-04-23T17:39:00+00:00\" \/>\n<meta property=\"og:image\" content=\"https:\/\/now-news.de\/de\/wp-content\/uploads\/sites\/3\/2026\/04\/69ea4d74b480cc3e450a1e03.jpg\" \/>\n<meta name=\"author\" content=\"rtnews\" \/>\n<meta name=\"twitter:card\" content=\"summary_large_image\" \/>\n<meta name=\"twitter:creator\" content=\"@WirMachenAuf_de\" \/>\n<meta name=\"twitter:site\" content=\"@WirMachenAuf_de\" \/>\n<meta name=\"twitter:label1\" content=\"Verfasst von\" \/>\n\t<meta name=\"twitter:data1\" content=\"rtnews\" \/>\n\t<meta name=\"twitter:label2\" content=\"Gesch\u00e4tzte Lesezeit\" \/>\n\t<meta name=\"twitter:data2\" content=\"3\u00a0Minuten\" \/>\n<script type=\"application\/ld+json\" class=\"yoast-schema-graph\">{\"@context\":\"https:\/\/schema.org\",\"@graph\":[{\"@type\":\"Article\",\"@id\":\"https:\/\/now-news.de\/de\/deutschland\/20-sanktionspaket-der-eu-auch-direktor-der-eremitage-unter-den-sanktionierten\/#article\",\"isPartOf\":{\"@id\":\"https:\/\/now-news.de\/de\/deutschland\/20-sanktionspaket-der-eu-auch-direktor-der-eremitage-unter-den-sanktionierten\/\"},\"author\":{\"name\":\"rtnews\",\"@id\":\"https:\/\/now-news.de\/de\/#\/schema\/person\/fb534a4e865501d8b3285208df34a9b5\"},\"headline\":\"20. Sanktionspaket der EU: Auch Direktor der Eremitage unter den Sanktionierten\",\"datePublished\":\"2026-04-23T17:39:00+00:00\",\"dateModified\":\"2026-04-23T17:39:00+00:00\",\"mainEntityOfPage\":{\"@id\":\"https:\/\/now-news.de\/de\/deutschland\/20-sanktionspaket-der-eu-auch-direktor-der-eremitage-unter-den-sanktionierten\/\"},\"wordCount\":585,\"commentCount\":0,\"publisher\":{\"@id\":\"https:\/\/now-news.de\/de\/#organization\"},\"image\":{\"@id\":\"https:\/\/now-news.de\/de\/deutschland\/20-sanktionspaket-der-eu-auch-direktor-der-eremitage-unter-den-sanktionierten\/#primaryimage\"},\"thumbnailUrl\":\"https:\/\/now-news.de\/de\/wp-content\/uploads\/sites\/3\/20-Sanktionspaket-der-EU-Auch-Direktor-der-Eremitage-unter-den.jpg\",\"keywords\":[\"auch\",\"den\",\"der\",\"Direktor\",\"Eremitage\",\"sanktionierten\",\"Sanktionspaket\",\"unter\"],\"articleSection\":[\"Deutschland\",\"Russland\"],\"inLanguage\":\"de\",\"potentialAction\":[{\"@type\":\"CommentAction\",\"name\":\"Comment\",\"target\":[\"https:\/\/now-news.de\/de\/deutschland\/20-sanktionspaket-der-eu-auch-direktor-der-eremitage-unter-den-sanktionierten\/#respond\"]}]},{\"@type\":\"WebPage\",\"@id\":\"https:\/\/now-news.de\/de\/deutschland\/20-sanktionspaket-der-eu-auch-direktor-der-eremitage-unter-den-sanktionierten\/\",\"url\":\"https:\/\/now-news.de\/de\/deutschland\/20-sanktionspaket-der-eu-auch-direktor-der-eremitage-unter-den-sanktionierten\/\",\"name\":\"20. Sanktionspaket der EU: Auch Direktor der Eremitage unter den Sanktionierten - just-now.NEWS Deutschland\",\"isPartOf\":{\"@id\":\"https:\/\/now-news.de\/de\/#website\"},\"primaryImageOfPage\":{\"@id\":\"https:\/\/now-news.de\/de\/deutschland\/20-sanktionspaket-der-eu-auch-direktor-der-eremitage-unter-den-sanktionierten\/#primaryimage\"},\"image\":{\"@id\":\"https:\/\/now-news.de\/de\/deutschland\/20-sanktionspaket-der-eu-auch-direktor-der-eremitage-unter-den-sanktionierten\/#primaryimage\"},\"thumbnailUrl\":\"https:\/\/now-news.de\/de\/wp-content\/uploads\/sites\/3\/20-Sanktionspaket-der-EU-Auch-Direktor-der-Eremitage-unter-den.jpg\",\"datePublished\":\"2026-04-23T17:39:00+00:00\",\"dateModified\":\"2026-04-23T17:39:00+00:00\",\"breadcrumb\":{\"@id\":\"https:\/\/now-news.de\/de\/deutschland\/20-sanktionspaket-der-eu-auch-direktor-der-eremitage-unter-den-sanktionierten\/#breadcrumb\"},\"inLanguage\":\"de\",\"potentialAction\":[{\"@type\":\"ReadAction\",\"target\":[\"https:\/\/now-news.de\/de\/deutschland\/20-sanktionspaket-der-eu-auch-direktor-der-eremitage-unter-den-sanktionierten\/\"]}]},{\"@type\":\"ImageObject\",\"inLanguage\":\"de\",\"@id\":\"https:\/\/now-news.de\/de\/deutschland\/20-sanktionspaket-der-eu-auch-direktor-der-eremitage-unter-den-sanktionierten\/#primaryimage\",\"url\":\"https:\/\/now-news.de\/de\/wp-content\/uploads\/sites\/3\/20-Sanktionspaket-der-EU-Auch-Direktor-der-Eremitage-unter-den.jpg\",\"contentUrl\":\"https:\/\/now-news.de\/de\/wp-content\/uploads\/sites\/3\/20-Sanktionspaket-der-EU-Auch-Direktor-der-Eremitage-unter-den.jpg\",\"caption\":\"20. Sanktionspaket der EU: Auch Direktor der Eremitage unter den Sanktionierten\"},{\"@type\":\"BreadcrumbList\",\"@id\":\"https:\/\/now-news.de\/de\/deutschland\/20-sanktionspaket-der-eu-auch-direktor-der-eremitage-unter-den-sanktionierten\/#breadcrumb\",\"itemListElement\":[{\"@type\":\"ListItem\",\"position\":1,\"name\":\"Home\",\"item\":\"https:\/\/now-news.de\/de\/\"},{\"@type\":\"ListItem\",\"position\":2,\"name\":\"20. Sanktionspaket der EU: Auch Direktor der Eremitage unter den Sanktionierten\"}]},{\"@type\":\"WebSite\",\"@id\":\"https:\/\/now-news.de\/de\/#website\",\"url\":\"https:\/\/now-news.de\/de\/\",\"name\":\"just-now.NEWS Deutschland\",\"description\":\"Das Portal f\u00fcr unzensierte Nachrichten aus der Welt\",\"publisher\":{\"@id\":\"https:\/\/now-news.de\/de\/#organization\"},\"potentialAction\":[{\"@type\":\"SearchAction\",\"target\":{\"@type\":\"EntryPoint\",\"urlTemplate\":\"https:\/\/now-news.de\/de\/?s={search_term_string}\"},\"query-input\":\"required name=search_term_string\"}],\"inLanguage\":\"de\"},{\"@type\":\"Organization\",\"@id\":\"https:\/\/now-news.de\/de\/#organization\",\"name\":\"Just Now News\",\"url\":\"https:\/\/now-news.de\/de\/\",\"logo\":{\"@type\":\"ImageObject\",\"inLanguage\":\"de\",\"@id\":\"https:\/\/now-news.de\/de\/#\/schema\/logo\/image\/\",\"url\":\"http:\/\/just-now.news\/de\/wp-content\/uploads\/sites\/3\/2022\/04\/logo500x500.jpg\",\"contentUrl\":\"http:\/\/just-now.news\/de\/wp-content\/uploads\/sites\/3\/2022\/04\/logo500x500.jpg\",\"width\":500,\"height\":500,\"caption\":\"Just Now News\"},\"image\":{\"@id\":\"https:\/\/now-news.de\/de\/#\/schema\/logo\/image\/\"},\"sameAs\":[\"https:\/\/www.facebook.com\/wirmachenauf\",\"https:\/\/x.com\/WirMachenAuf_de\"]},{\"@type\":\"Person\",\"@id\":\"https:\/\/now-news.de\/de\/#\/schema\/person\/fb534a4e865501d8b3285208df34a9b5\",\"name\":\"rtnews\",\"image\":{\"@type\":\"ImageObject\",\"inLanguage\":\"de\",\"@id\":\"https:\/\/now-news.de\/de\/#\/schema\/person\/image\/\",\"url\":\"https:\/\/secure.gravatar.com\/avatar\/82aafea7d8127119dd649515f56e2117?s=96&d=mm&r=g\",\"contentUrl\":\"https:\/\/secure.gravatar.com\/avatar\/82aafea7d8127119dd649515f56e2117?s=96&d=mm&r=g\",\"caption\":\"rtnews\"},\"url\":\"https:\/\/now-news.de\/de\/author\/rnews\/\"}]}<\/script>\n<!-- \/ Yoast SEO Premium plugin. -->","yoast_head_json":{"title":"20. Sanktionspaket der EU: Auch Direktor der Eremitage unter den Sanktionierten - just-now.NEWS Deutschland","robots":{"index":"index","follow":"follow","max-snippet":"max-snippet:-1","max-image-preview":"max-image-preview:large","max-video-preview":"max-video-preview:-1"},"canonical":"https:\/\/now-news.de\/de\/deutschland\/20-sanktionspaket-der-eu-auch-direktor-der-eremitage-unter-den-sanktionierten\/","og_locale":"de_DE","og_type":"article","og_title":"20. Sanktionspaket der EU: Auch Direktor der Eremitage unter den Sanktionierten","og_description":"Der Europ\u00e4ische Rat hat heute sein nunmehr 20. antirussisches Sanktionspaket verabschiedet. Unter einer Vielzahl von Ma\u00dfnahmen befindet sich auch die Sanktionierung von Einzelpersonen. Betroffen ist unter anderem der Leiter der St. Petersburger Eremitage, Michail Piotrowski. Das heute verabschiedete EU-Sanktionspaket gegen Russland \u2013 mittlerweile das 20. seiner Art \u2013 umfasst 120 Einzelposten und ist das gr\u00f6\u00dfte [&hellip;]","og_url":"https:\/\/now-news.de\/de\/deutschland\/20-sanktionspaket-der-eu-auch-direktor-der-eremitage-unter-den-sanktionierten\/","og_site_name":"just-now.NEWS Deutschland","article_publisher":"https:\/\/www.facebook.com\/wirmachenauf","article_published_time":"2026-04-23T17:39:00+00:00","og_image":[{"url":"https:\/\/now-news.de\/de\/wp-content\/uploads\/sites\/3\/2026\/04\/69ea4d74b480cc3e450a1e03.jpg"}],"author":"rtnews","twitter_card":"summary_large_image","twitter_creator":"@WirMachenAuf_de","twitter_site":"@WirMachenAuf_de","twitter_misc":{"Verfasst von":"rtnews","Gesch\u00e4tzte Lesezeit":"3\u00a0Minuten"},"schema":{"@context":"https:\/\/schema.org","@graph":[{"@type":"Article","@id":"https:\/\/now-news.de\/de\/deutschland\/20-sanktionspaket-der-eu-auch-direktor-der-eremitage-unter-den-sanktionierten\/#article","isPartOf":{"@id":"https:\/\/now-news.de\/de\/deutschland\/20-sanktionspaket-der-eu-auch-direktor-der-eremitage-unter-den-sanktionierten\/"},"author":{"name":"rtnews","@id":"https:\/\/now-news.de\/de\/#\/schema\/person\/fb534a4e865501d8b3285208df34a9b5"},"headline":"20. Sanktionspaket der EU: Auch Direktor der Eremitage unter den Sanktionierten","datePublished":"2026-04-23T17:39:00+00:00","dateModified":"2026-04-23T17:39:00+00:00","mainEntityOfPage":{"@id":"https:\/\/now-news.de\/de\/deutschland\/20-sanktionspaket-der-eu-auch-direktor-der-eremitage-unter-den-sanktionierten\/"},"wordCount":585,"commentCount":0,"publisher":{"@id":"https:\/\/now-news.de\/de\/#organization"},"image":{"@id":"https:\/\/now-news.de\/de\/deutschland\/20-sanktionspaket-der-eu-auch-direktor-der-eremitage-unter-den-sanktionierten\/#primaryimage"},"thumbnailUrl":"https:\/\/now-news.de\/de\/wp-content\/uploads\/sites\/3\/20-Sanktionspaket-der-EU-Auch-Direktor-der-Eremitage-unter-den.jpg","keywords":["auch","den","der","Direktor","Eremitage","sanktionierten","Sanktionspaket","unter"],"articleSection":["Deutschland","Russland"],"inLanguage":"de","potentialAction":[{"@type":"CommentAction","name":"Comment","target":["https:\/\/now-news.de\/de\/deutschland\/20-sanktionspaket-der-eu-auch-direktor-der-eremitage-unter-den-sanktionierten\/#respond"]}]},{"@type":"WebPage","@id":"https:\/\/now-news.de\/de\/deutschland\/20-sanktionspaket-der-eu-auch-direktor-der-eremitage-unter-den-sanktionierten\/","url":"https:\/\/now-news.de\/de\/deutschland\/20-sanktionspaket-der-eu-auch-direktor-der-eremitage-unter-den-sanktionierten\/","name":"20. Sanktionspaket der EU: Auch Direktor der Eremitage unter den Sanktionierten - just-now.NEWS Deutschland","isPartOf":{"@id":"https:\/\/now-news.de\/de\/#website"},"primaryImageOfPage":{"@id":"https:\/\/now-news.de\/de\/deutschland\/20-sanktionspaket-der-eu-auch-direktor-der-eremitage-unter-den-sanktionierten\/#primaryimage"},"image":{"@id":"https:\/\/now-news.de\/de\/deutschland\/20-sanktionspaket-der-eu-auch-direktor-der-eremitage-unter-den-sanktionierten\/#primaryimage"},"thumbnailUrl":"https:\/\/now-news.de\/de\/wp-content\/uploads\/sites\/3\/20-Sanktionspaket-der-EU-Auch-Direktor-der-Eremitage-unter-den.jpg","datePublished":"2026-04-23T17:39:00+00:00","dateModified":"2026-04-23T17:39:00+00:00","breadcrumb":{"@id":"https:\/\/now-news.de\/de\/deutschland\/20-sanktionspaket-der-eu-auch-direktor-der-eremitage-unter-den-sanktionierten\/#breadcrumb"},"inLanguage":"de","potentialAction":[{"@type":"ReadAction","target":["https:\/\/now-news.de\/de\/deutschland\/20-sanktionspaket-der-eu-auch-direktor-der-eremitage-unter-den-sanktionierten\/"]}]},{"@type":"ImageObject","inLanguage":"de","@id":"https:\/\/now-news.de\/de\/deutschland\/20-sanktionspaket-der-eu-auch-direktor-der-eremitage-unter-den-sanktionierten\/#primaryimage","url":"https:\/\/now-news.de\/de\/wp-content\/uploads\/sites\/3\/20-Sanktionspaket-der-EU-Auch-Direktor-der-Eremitage-unter-den.jpg","contentUrl":"https:\/\/now-news.de\/de\/wp-content\/uploads\/sites\/3\/20-Sanktionspaket-der-EU-Auch-Direktor-der-Eremitage-unter-den.jpg","caption":"20. Sanktionspaket der EU: Auch Direktor der Eremitage unter den Sanktionierten"},{"@type":"BreadcrumbList","@id":"https:\/\/now-news.de\/de\/deutschland\/20-sanktionspaket-der-eu-auch-direktor-der-eremitage-unter-den-sanktionierten\/#breadcrumb","itemListElement":[{"@type":"ListItem","position":1,"name":"Home","item":"https:\/\/now-news.de\/de\/"},{"@type":"ListItem","position":2,"name":"20. Sanktionspaket der EU: Auch Direktor der Eremitage unter den Sanktionierten"}]},{"@type":"WebSite","@id":"https:\/\/now-news.de\/de\/#website","url":"https:\/\/now-news.de\/de\/","name":"just-now.NEWS Deutschland","description":"Das Portal f\u00fcr unzensierte Nachrichten aus der Welt","publisher":{"@id":"https:\/\/now-news.de\/de\/#organization"},"potentialAction":[{"@type":"SearchAction","target":{"@type":"EntryPoint","urlTemplate":"https:\/\/now-news.de\/de\/?s={search_term_string}"},"query-input":"required name=search_term_string"}],"inLanguage":"de"},{"@type":"Organization","@id":"https:\/\/now-news.de\/de\/#organization","name":"Just Now News","url":"https:\/\/now-news.de\/de\/","logo":{"@type":"ImageObject","inLanguage":"de","@id":"https:\/\/now-news.de\/de\/#\/schema\/logo\/image\/","url":"http:\/\/just-now.news\/de\/wp-content\/uploads\/sites\/3\/2022\/04\/logo500x500.jpg","contentUrl":"http:\/\/just-now.news\/de\/wp-content\/uploads\/sites\/3\/2022\/04\/logo500x500.jpg","width":500,"height":500,"caption":"Just Now News"},"image":{"@id":"https:\/\/now-news.de\/de\/#\/schema\/logo\/image\/"},"sameAs":["https:\/\/www.facebook.com\/wirmachenauf","https:\/\/x.com\/WirMachenAuf_de"]},{"@type":"Person","@id":"https:\/\/now-news.de\/de\/#\/schema\/person\/fb534a4e865501d8b3285208df34a9b5","name":"rtnews","image":{"@type":"ImageObject","inLanguage":"de","@id":"https:\/\/now-news.de\/de\/#\/schema\/person\/image\/","url":"https:\/\/secure.gravatar.com\/avatar\/82aafea7d8127119dd649515f56e2117?s=96&d=mm&r=g","contentUrl":"https:\/\/secure.gravatar.com\/avatar\/82aafea7d8127119dd649515f56e2117?s=96&d=mm&r=g","caption":"rtnews"},"url":"https:\/\/now-news.de\/de\/author\/rnews\/"}]}},"_links":{"self":[{"href":"https:\/\/now-news.de\/de\/wp-json\/wp\/v2\/posts\/102196"}],"collection":[{"href":"https:\/\/now-news.de\/de\/wp-json\/wp\/v2\/posts"}],"about":[{"href":"https:\/\/now-news.de\/de\/wp-json\/wp\/v2\/types\/post"}],"author":[{"embeddable":true,"href":"https:\/\/now-news.de\/de\/wp-json\/wp\/v2\/users\/3"}],"replies":[{"embeddable":true,"href":"https:\/\/now-news.de\/de\/wp-json\/wp\/v2\/comments?post=102196"}],"version-history":[{"count":0,"href":"https:\/\/now-news.de\/de\/wp-json\/wp\/v2\/posts\/102196\/revisions"}],"wp:featuredmedia":[{"embeddable":true,"href":"https:\/\/now-news.de\/de\/wp-json\/wp\/v2\/media\/102197"}],"wp:attachment":[{"href":"https:\/\/now-news.de\/de\/wp-json\/wp\/v2\/media?parent=102196"}],"wp:term":[{"taxonomy":"category","embeddable":true,"href":"https:\/\/now-news.de\/de\/wp-json\/wp\/v2\/categories?post=102196"},{"taxonomy":"post_tag","embeddable":true,"href":"https:\/\/now-news.de\/de\/wp-json\/wp\/v2\/tags?post=102196"}],"curies":[{"name":"wp","href":"https:\/\/api.w.org\/{rel}","templated":true}]}}