{"id":102186,"date":"2026-04-23T17:45:18","date_gmt":"2026-04-23T15:45:18","guid":{"rendered":"https:\/\/now-news.de\/de\/deutschland\/agenten-saboteure-bayerische-polizei-gibt-festnahme-von-zwei-maennern-bekannt\/"},"modified":"2026-04-23T17:45:18","modified_gmt":"2026-04-23T15:45:18","slug":"agenten-saboteure-bayerische-polizei-gibt-festnahme-von-zwei-maennern-bekannt","status":"publish","type":"post","link":"https:\/\/now-news.de\/de\/deutschland\/agenten-saboteure-bayerische-polizei-gibt-festnahme-von-zwei-maennern-bekannt\/","title":{"rendered":"Agenten? Saboteure? Bayerische Polizei gibt Festnahme von zwei M\u00e4nnern bekannt"},"content":{"rendered":"<p><img decoding=\"async\" src=\"https:\/\/now-news.de\/de\/wp-content\/uploads\/sites\/3\/2026\/04\/69e9ff9248fbef23c07dbc9a.jpg\" \/><\/p>\n<div class=\"Text-root Text-type_1 \">\n                Bereits am 12. April hat die Polizei in Mittelfranken zwei M\u00e4nner aus Lettland und der Ukraine wegen Verdachts auf Agentent\u00e4tigkeit festgenommen und verd\u00e4chtige Gegenst\u00e4nde beschlagnahmt. Die Verhaftung gaben die Beh\u00f6rden erst heute bekannt.\n            <\/div>\n<p><\/p>\n<div class=\"Text-root Text-type_5 ArticleView-text ViewText-root \">\n<p>Eigentlich war es eine Routinekontrolle. Zumindest gibt das die Polizei Bayern in ihrer heutigen Pressemitteilung so an. Demnach wollten Polizisten der Verkehrspolizei auf der A6 auf der H\u00f6he des mittelfr\u00e4nkischen St\u00e4dtchens Neuendettelsau einen Pkw mit lettischem Kennzeichen kontrollieren. Das Auto war in Fahrtrichtung Waidhaus\/Pilsen unterwegs.<\/p>\n<p>Als die Polizisten vom Polizeipr\u00e4sidium Mittelfranken am 12. April gegen 21:30 Uhr das Auto anhielten, machten sie jedoch eine unerwartete Entdeckung: Im Fahrzeug befand sich eine umfangreiche Anzahl verd\u00e4chtiger Objekte wie gef\u00e4lschte Ausweise, mehrere Mobiltelefone, SIM-Karten, Kameras, Funkger\u00e4te, GPS-Tracker und eine Drohne, die die Polizei sicherstellen konnte.<\/p>\n<p>Bei den Fahrzeuginsassen handelt es sich um zwei M\u00e4nner, einen 43-j\u00e4hrigen Ukrainer und einen 45-j\u00e4hrigen lettischen Staatsangeh\u00f6rigen. Beide haben keinen festen Wohnsitz in Deutschland. Mittlerweile f\u00fchrt das Bayerische Landeskriminalamt in Zusammenarbeit mit der Generalstaatsanwaltschaft M\u00fcnchen und der Bayerischen Zentralstelle zur Bek\u00e4mpfung von Extremismus und Terrorismus (ZET) die Ermittlungen gegen die beiden Verhafteten.<\/p>\n<p>Die bayerischen Beh\u00f6rden verd\u00e4chtigen die beiden Beschuldigten, sich falsche amtliche Ausweise beschafft zu haben, um einer Agentent\u00e4tigkeit zu Sabotagezwecken nachgehen zu k\u00f6nnen. Worin genau sich der Verdacht, man habe es mit Agenten zu tun, begr\u00fcndet, gab die Pressestelle der bayerischen Polizei nicht bekannt. Ebenso schwieg sich die Polizei dar\u00fcber aus, ob sie auf den Kameras Aufnahmen gefunden hat. Sie erkl\u00e4rte lediglich, dass der Verdacht bestehe, dass die zwei M\u00e4nner &#8220;im Auftrage einer Vereinigung beziehungsweise einer Einrichtung au\u00dferhalb Deutschlands&#8221; gehandelt h\u00e4tten.<\/p>\n<p>\u00c4hnlich lautete auch die Mitteilung von Oberstaatsanwalt Sebastian Murer, dem Pressesprecher der Generalstaatsanwaltschaft M\u00fcnchen:<\/p>\n<p><em> &#8220;Insbesondere ist die Frage, ob die Tatverd\u00e4chtigen im Auftrag und gegebenenfalls im Auftrag welcher Vereinigung bzw. Einrichtung au\u00dferhalb Deutschlands gehandelt haben k\u00f6nnten, Gegenstand der weiteren Ermittlungen.&#8221;<\/em><\/p>\n<p>Die Generalstaatsanwaltschaft M\u00fcnchen hat mittlerweile gegen die zwei Fahrzeuginsassen Haftbefehle beim Amtsgericht M\u00fcnchen erwirkt. Die Festgenommenen sitzen derzeit in Untersuchungshaft in einem Gef\u00e4ngnis irgendwo in Bayern. Weitere Ausk\u00fcnfte verweigert die bayerische Polizei unter Verweis auf die laufenden Ermittlungen.<\/p>\n<p>Derweil schie\u00dfen die Spekulationen ins Kraut. So erkl\u00e4rte <em>BR24<\/em>, also der Bayerische Rundfunk, in einer Meldung \u00fcber die Verhaftung, es sei zwar unklar, ob die M\u00e4nner von Russland beauftragt worden seien, aber: &#8220;Der Verdacht liegt jedoch nahe, dass es sich dabei um russische Nachrichtendienste handelt&#8221;, schlussfolgerte <em>BR24<\/em> unter Verweis auf fr\u00fchere Festnahmen angeblicher russischer &#8220;Wegwerfagenten&#8221;.<\/p>\n<p>Und auch <em>salzburg24.at<\/em> schlug in die gleiche Kerbe: Die Herkunft der M\u00e4nner lasse aufhorchen und biete Raum f\u00fcr Spekulationen. Schlie\u00dflich w\u00fcrden in der Ukraine &#8220;Teile der Bev\u00f6lkerung nach wie vor die Politik Russlands&#8221; unterst\u00fctzen. Und auch in Lettland gebe es eine gro\u00dfe russische Minderheit.<\/p>\n<p><strong>Mehr zum Thema<\/strong>\u00a0\u2013\u00a0<a rel=\"nofollow noopener\" target=\"_blank\" href=\"https:\/\/freedert.online\/meinung\/246017-auch-fehlen-an-beweisen-macht\/\">Auch Fehlen an Beweisen macht den Russen verd\u00e4chtig \u2013 zum aktuellen Spionagewahn<\/a><\/p>\n<div class=\"EmbedBlock-root EmbedBlock-externalVideo EmbedBlock-rumble\">\n<div class=\"VkEmbed\"><iframe class=\"lazyload\" data-src=\"https:\/\/rumble.com\/embed\/v73e0zo\" frameborder=\"0\" width=\"853\" height=\"480\" allowfullscreen><\/iframe><\/div>\n<\/div>\n<\/div>\n<p><br \/>\n<br \/><a href=\"https:\/\/de.rt.com\/inland\/277983-bayerische-polizei-gibt-festnahme-mutmasslicher-saboteure-bekannt\/\">Source link <\/a><\/p>\n","protected":false},"excerpt":{"rendered":"<p>Bereits am 12. April hat die Polizei in Mittelfranken zwei M\u00e4nner aus Lettland und der Ukraine wegen Verdachts auf Agentent\u00e4tigkeit festgenommen und verd\u00e4chtige Gegenst\u00e4nde beschlagnahmt. Die Verhaftung gaben die Beh\u00f6rden erst heute bekannt. Eigentlich war es eine Routinekontrolle. Zumindest gibt das die Polizei Bayern in ihrer heutigen Pressemitteilung so an. Demnach wollten Polizisten der Verkehrspolizei [&hellip;]<\/p>\n","protected":false},"author":3,"featured_media":102187,"comment_status":"open","ping_status":"open","sticky":false,"template":"","format":"standard","meta":{"_yoast_indexnow_last_ping":["1776959292"],"wp_automatic_camp":["217"],"027e34e69f9e33c63ef805356b3f83a9":["Agenten? Saboteure? Bayerische Polizei gibt Festnahme von zwei M\u00e4nnern bekannt"],"original_link":["https:\/\/de.rt.com\/inland\/277983-bayerische-polizei-gibt-festnahme-mutmasslicher-saboteure-bekannt\/"],"_thumbnail_id":["102187"],"jnews_social_counter_last_update":["1777171161"],"_wptgpro_p2tg_sent2tg":["a:1:{i:23737;s:19:\"2026-04-23 17:49:13\";}"]},"categories":[19,23],"tags":[6372,27169,4493,24473,1002,15633,7579,31115,50,1003],"yoast_head":"<!-- This site is optimized with the Yoast SEO Premium plugin v22.7 (Yoast SEO v22.7) - https:\/\/yoast.com\/wordpress\/plugins\/seo\/ -->\n<title>Agenten? Saboteure? Bayerische Polizei gibt Festnahme von zwei M\u00e4nnern bekannt - just-now.NEWS Deutschland<\/title>\n<meta name=\"robots\" content=\"index, follow, max-snippet:-1, max-image-preview:large, max-video-preview:-1\" \/>\n<link rel=\"canonical\" href=\"https:\/\/now-news.de\/de\/deutschland\/agenten-saboteure-bayerische-polizei-gibt-festnahme-von-zwei-maennern-bekannt\/\" \/>\n<meta property=\"og:locale\" content=\"de_DE\" \/>\n<meta property=\"og:type\" content=\"article\" \/>\n<meta property=\"og:title\" content=\"Agenten? Saboteure? Bayerische Polizei gibt Festnahme von zwei M\u00e4nnern bekannt\" \/>\n<meta property=\"og:description\" content=\"Bereits am 12. April hat die Polizei in Mittelfranken zwei M\u00e4nner aus Lettland und der Ukraine wegen Verdachts auf Agentent\u00e4tigkeit festgenommen und verd\u00e4chtige Gegenst\u00e4nde beschlagnahmt. Die Verhaftung gaben die Beh\u00f6rden erst heute bekannt. Eigentlich war es eine Routinekontrolle. Zumindest gibt das die Polizei Bayern in ihrer heutigen Pressemitteilung so an. Demnach wollten Polizisten der Verkehrspolizei [&hellip;]\" \/>\n<meta property=\"og:url\" content=\"https:\/\/now-news.de\/de\/deutschland\/agenten-saboteure-bayerische-polizei-gibt-festnahme-von-zwei-maennern-bekannt\/\" \/>\n<meta property=\"og:site_name\" content=\"just-now.NEWS Deutschland\" \/>\n<meta property=\"article:publisher\" content=\"https:\/\/www.facebook.com\/wirmachenauf\" \/>\n<meta property=\"article:published_time\" content=\"2026-04-23T15:45:18+00:00\" \/>\n<meta property=\"og:image\" content=\"https:\/\/now-news.de\/de\/wp-content\/uploads\/sites\/3\/2026\/04\/69e9ff9248fbef23c07dbc9a.jpg\" \/>\n<meta name=\"author\" content=\"rtnews\" \/>\n<meta name=\"twitter:card\" content=\"summary_large_image\" \/>\n<meta name=\"twitter:creator\" content=\"@WirMachenAuf_de\" \/>\n<meta name=\"twitter:site\" content=\"@WirMachenAuf_de\" \/>\n<meta name=\"twitter:label1\" content=\"Verfasst von\" \/>\n\t<meta name=\"twitter:data1\" content=\"rtnews\" \/>\n\t<meta name=\"twitter:label2\" content=\"Gesch\u00e4tzte Lesezeit\" \/>\n\t<meta name=\"twitter:data2\" content=\"2\u00a0Minuten\" \/>\n<script type=\"application\/ld+json\" class=\"yoast-schema-graph\">{\"@context\":\"https:\/\/schema.org\",\"@graph\":[{\"@type\":\"Article\",\"@id\":\"https:\/\/now-news.de\/de\/deutschland\/agenten-saboteure-bayerische-polizei-gibt-festnahme-von-zwei-maennern-bekannt\/#article\",\"isPartOf\":{\"@id\":\"https:\/\/now-news.de\/de\/deutschland\/agenten-saboteure-bayerische-polizei-gibt-festnahme-von-zwei-maennern-bekannt\/\"},\"author\":{\"name\":\"rtnews\",\"@id\":\"https:\/\/now-news.de\/de\/#\/schema\/person\/fb534a4e865501d8b3285208df34a9b5\"},\"headline\":\"Agenten? Saboteure? Bayerische Polizei gibt Festnahme von zwei M\u00e4nnern bekannt\",\"datePublished\":\"2026-04-23T15:45:18+00:00\",\"dateModified\":\"2026-04-23T15:45:18+00:00\",\"mainEntityOfPage\":{\"@id\":\"https:\/\/now-news.de\/de\/deutschland\/agenten-saboteure-bayerische-polizei-gibt-festnahme-von-zwei-maennern-bekannt\/\"},\"wordCount\":510,\"commentCount\":0,\"publisher\":{\"@id\":\"https:\/\/now-news.de\/de\/#organization\"},\"image\":{\"@id\":\"https:\/\/now-news.de\/de\/deutschland\/agenten-saboteure-bayerische-polizei-gibt-festnahme-von-zwei-maennern-bekannt\/#primaryimage\"},\"thumbnailUrl\":\"https:\/\/now-news.de\/de\/wp-content\/uploads\/sites\/3\/Agenten-Saboteure-Bayerische-Polizei-gibt-Festnahme-von-zwei-Maennern-bekannt.jpg\",\"keywords\":[\"Agenten\",\"bayerische\",\"bekannt\",\"Festnahme\",\"gibt\",\"M\u00e4nnern\",\"Polizei\",\"Saboteure\",\"von\",\"zwei\"],\"articleSection\":[\"Deutschland\",\"Russland\"],\"inLanguage\":\"de\",\"potentialAction\":[{\"@type\":\"CommentAction\",\"name\":\"Comment\",\"target\":[\"https:\/\/now-news.de\/de\/deutschland\/agenten-saboteure-bayerische-polizei-gibt-festnahme-von-zwei-maennern-bekannt\/#respond\"]}]},{\"@type\":\"WebPage\",\"@id\":\"https:\/\/now-news.de\/de\/deutschland\/agenten-saboteure-bayerische-polizei-gibt-festnahme-von-zwei-maennern-bekannt\/\",\"url\":\"https:\/\/now-news.de\/de\/deutschland\/agenten-saboteure-bayerische-polizei-gibt-festnahme-von-zwei-maennern-bekannt\/\",\"name\":\"Agenten? Saboteure? Bayerische Polizei gibt Festnahme von zwei M\u00e4nnern bekannt - just-now.NEWS Deutschland\",\"isPartOf\":{\"@id\":\"https:\/\/now-news.de\/de\/#website\"},\"primaryImageOfPage\":{\"@id\":\"https:\/\/now-news.de\/de\/deutschland\/agenten-saboteure-bayerische-polizei-gibt-festnahme-von-zwei-maennern-bekannt\/#primaryimage\"},\"image\":{\"@id\":\"https:\/\/now-news.de\/de\/deutschland\/agenten-saboteure-bayerische-polizei-gibt-festnahme-von-zwei-maennern-bekannt\/#primaryimage\"},\"thumbnailUrl\":\"https:\/\/now-news.de\/de\/wp-content\/uploads\/sites\/3\/Agenten-Saboteure-Bayerische-Polizei-gibt-Festnahme-von-zwei-Maennern-bekannt.jpg\",\"datePublished\":\"2026-04-23T15:45:18+00:00\",\"dateModified\":\"2026-04-23T15:45:18+00:00\",\"breadcrumb\":{\"@id\":\"https:\/\/now-news.de\/de\/deutschland\/agenten-saboteure-bayerische-polizei-gibt-festnahme-von-zwei-maennern-bekannt\/#breadcrumb\"},\"inLanguage\":\"de\",\"potentialAction\":[{\"@type\":\"ReadAction\",\"target\":[\"https:\/\/now-news.de\/de\/deutschland\/agenten-saboteure-bayerische-polizei-gibt-festnahme-von-zwei-maennern-bekannt\/\"]}]},{\"@type\":\"ImageObject\",\"inLanguage\":\"de\",\"@id\":\"https:\/\/now-news.de\/de\/deutschland\/agenten-saboteure-bayerische-polizei-gibt-festnahme-von-zwei-maennern-bekannt\/#primaryimage\",\"url\":\"https:\/\/now-news.de\/de\/wp-content\/uploads\/sites\/3\/Agenten-Saboteure-Bayerische-Polizei-gibt-Festnahme-von-zwei-Maennern-bekannt.jpg\",\"contentUrl\":\"https:\/\/now-news.de\/de\/wp-content\/uploads\/sites\/3\/Agenten-Saboteure-Bayerische-Polizei-gibt-Festnahme-von-zwei-Maennern-bekannt.jpg\",\"caption\":\"Agenten? Saboteure? Bayerische Polizei gibt Festnahme von zwei M\u00e4nnern bekannt\"},{\"@type\":\"BreadcrumbList\",\"@id\":\"https:\/\/now-news.de\/de\/deutschland\/agenten-saboteure-bayerische-polizei-gibt-festnahme-von-zwei-maennern-bekannt\/#breadcrumb\",\"itemListElement\":[{\"@type\":\"ListItem\",\"position\":1,\"name\":\"Home\",\"item\":\"https:\/\/now-news.de\/de\/\"},{\"@type\":\"ListItem\",\"position\":2,\"name\":\"Agenten? Saboteure? Bayerische Polizei gibt Festnahme von zwei M\u00e4nnern bekannt\"}]},{\"@type\":\"WebSite\",\"@id\":\"https:\/\/now-news.de\/de\/#website\",\"url\":\"https:\/\/now-news.de\/de\/\",\"name\":\"just-now.NEWS Deutschland\",\"description\":\"Das Portal f\u00fcr unzensierte Nachrichten aus der Welt\",\"publisher\":{\"@id\":\"https:\/\/now-news.de\/de\/#organization\"},\"potentialAction\":[{\"@type\":\"SearchAction\",\"target\":{\"@type\":\"EntryPoint\",\"urlTemplate\":\"https:\/\/now-news.de\/de\/?s={search_term_string}\"},\"query-input\":\"required name=search_term_string\"}],\"inLanguage\":\"de\"},{\"@type\":\"Organization\",\"@id\":\"https:\/\/now-news.de\/de\/#organization\",\"name\":\"Just Now News\",\"url\":\"https:\/\/now-news.de\/de\/\",\"logo\":{\"@type\":\"ImageObject\",\"inLanguage\":\"de\",\"@id\":\"https:\/\/now-news.de\/de\/#\/schema\/logo\/image\/\",\"url\":\"http:\/\/just-now.news\/de\/wp-content\/uploads\/sites\/3\/2022\/04\/logo500x500.jpg\",\"contentUrl\":\"http:\/\/just-now.news\/de\/wp-content\/uploads\/sites\/3\/2022\/04\/logo500x500.jpg\",\"width\":500,\"height\":500,\"caption\":\"Just Now News\"},\"image\":{\"@id\":\"https:\/\/now-news.de\/de\/#\/schema\/logo\/image\/\"},\"sameAs\":[\"https:\/\/www.facebook.com\/wirmachenauf\",\"https:\/\/x.com\/WirMachenAuf_de\"]},{\"@type\":\"Person\",\"@id\":\"https:\/\/now-news.de\/de\/#\/schema\/person\/fb534a4e865501d8b3285208df34a9b5\",\"name\":\"rtnews\",\"image\":{\"@type\":\"ImageObject\",\"inLanguage\":\"de\",\"@id\":\"https:\/\/now-news.de\/de\/#\/schema\/person\/image\/\",\"url\":\"https:\/\/secure.gravatar.com\/avatar\/82aafea7d8127119dd649515f56e2117?s=96&d=mm&r=g\",\"contentUrl\":\"https:\/\/secure.gravatar.com\/avatar\/82aafea7d8127119dd649515f56e2117?s=96&d=mm&r=g\",\"caption\":\"rtnews\"},\"url\":\"https:\/\/now-news.de\/de\/author\/rnews\/\"}]}<\/script>\n<!-- \/ Yoast SEO Premium plugin. -->","yoast_head_json":{"title":"Agenten? Saboteure? Bayerische Polizei gibt Festnahme von zwei M\u00e4nnern bekannt - just-now.NEWS Deutschland","robots":{"index":"index","follow":"follow","max-snippet":"max-snippet:-1","max-image-preview":"max-image-preview:large","max-video-preview":"max-video-preview:-1"},"canonical":"https:\/\/now-news.de\/de\/deutschland\/agenten-saboteure-bayerische-polizei-gibt-festnahme-von-zwei-maennern-bekannt\/","og_locale":"de_DE","og_type":"article","og_title":"Agenten? Saboteure? Bayerische Polizei gibt Festnahme von zwei M\u00e4nnern bekannt","og_description":"Bereits am 12. April hat die Polizei in Mittelfranken zwei M\u00e4nner aus Lettland und der Ukraine wegen Verdachts auf Agentent\u00e4tigkeit festgenommen und verd\u00e4chtige Gegenst\u00e4nde beschlagnahmt. Die Verhaftung gaben die Beh\u00f6rden erst heute bekannt. Eigentlich war es eine Routinekontrolle. Zumindest gibt das die Polizei Bayern in ihrer heutigen Pressemitteilung so an. Demnach wollten Polizisten der Verkehrspolizei [&hellip;]","og_url":"https:\/\/now-news.de\/de\/deutschland\/agenten-saboteure-bayerische-polizei-gibt-festnahme-von-zwei-maennern-bekannt\/","og_site_name":"just-now.NEWS Deutschland","article_publisher":"https:\/\/www.facebook.com\/wirmachenauf","article_published_time":"2026-04-23T15:45:18+00:00","og_image":[{"url":"https:\/\/now-news.de\/de\/wp-content\/uploads\/sites\/3\/2026\/04\/69e9ff9248fbef23c07dbc9a.jpg"}],"author":"rtnews","twitter_card":"summary_large_image","twitter_creator":"@WirMachenAuf_de","twitter_site":"@WirMachenAuf_de","twitter_misc":{"Verfasst von":"rtnews","Gesch\u00e4tzte Lesezeit":"2\u00a0Minuten"},"schema":{"@context":"https:\/\/schema.org","@graph":[{"@type":"Article","@id":"https:\/\/now-news.de\/de\/deutschland\/agenten-saboteure-bayerische-polizei-gibt-festnahme-von-zwei-maennern-bekannt\/#article","isPartOf":{"@id":"https:\/\/now-news.de\/de\/deutschland\/agenten-saboteure-bayerische-polizei-gibt-festnahme-von-zwei-maennern-bekannt\/"},"author":{"name":"rtnews","@id":"https:\/\/now-news.de\/de\/#\/schema\/person\/fb534a4e865501d8b3285208df34a9b5"},"headline":"Agenten? Saboteure? Bayerische Polizei gibt Festnahme von zwei M\u00e4nnern bekannt","datePublished":"2026-04-23T15:45:18+00:00","dateModified":"2026-04-23T15:45:18+00:00","mainEntityOfPage":{"@id":"https:\/\/now-news.de\/de\/deutschland\/agenten-saboteure-bayerische-polizei-gibt-festnahme-von-zwei-maennern-bekannt\/"},"wordCount":510,"commentCount":0,"publisher":{"@id":"https:\/\/now-news.de\/de\/#organization"},"image":{"@id":"https:\/\/now-news.de\/de\/deutschland\/agenten-saboteure-bayerische-polizei-gibt-festnahme-von-zwei-maennern-bekannt\/#primaryimage"},"thumbnailUrl":"https:\/\/now-news.de\/de\/wp-content\/uploads\/sites\/3\/Agenten-Saboteure-Bayerische-Polizei-gibt-Festnahme-von-zwei-Maennern-bekannt.jpg","keywords":["Agenten","bayerische","bekannt","Festnahme","gibt","M\u00e4nnern","Polizei","Saboteure","von","zwei"],"articleSection":["Deutschland","Russland"],"inLanguage":"de","potentialAction":[{"@type":"CommentAction","name":"Comment","target":["https:\/\/now-news.de\/de\/deutschland\/agenten-saboteure-bayerische-polizei-gibt-festnahme-von-zwei-maennern-bekannt\/#respond"]}]},{"@type":"WebPage","@id":"https:\/\/now-news.de\/de\/deutschland\/agenten-saboteure-bayerische-polizei-gibt-festnahme-von-zwei-maennern-bekannt\/","url":"https:\/\/now-news.de\/de\/deutschland\/agenten-saboteure-bayerische-polizei-gibt-festnahme-von-zwei-maennern-bekannt\/","name":"Agenten? Saboteure? Bayerische Polizei gibt Festnahme von zwei M\u00e4nnern bekannt - just-now.NEWS Deutschland","isPartOf":{"@id":"https:\/\/now-news.de\/de\/#website"},"primaryImageOfPage":{"@id":"https:\/\/now-news.de\/de\/deutschland\/agenten-saboteure-bayerische-polizei-gibt-festnahme-von-zwei-maennern-bekannt\/#primaryimage"},"image":{"@id":"https:\/\/now-news.de\/de\/deutschland\/agenten-saboteure-bayerische-polizei-gibt-festnahme-von-zwei-maennern-bekannt\/#primaryimage"},"thumbnailUrl":"https:\/\/now-news.de\/de\/wp-content\/uploads\/sites\/3\/Agenten-Saboteure-Bayerische-Polizei-gibt-Festnahme-von-zwei-Maennern-bekannt.jpg","datePublished":"2026-04-23T15:45:18+00:00","dateModified":"2026-04-23T15:45:18+00:00","breadcrumb":{"@id":"https:\/\/now-news.de\/de\/deutschland\/agenten-saboteure-bayerische-polizei-gibt-festnahme-von-zwei-maennern-bekannt\/#breadcrumb"},"inLanguage":"de","potentialAction":[{"@type":"ReadAction","target":["https:\/\/now-news.de\/de\/deutschland\/agenten-saboteure-bayerische-polizei-gibt-festnahme-von-zwei-maennern-bekannt\/"]}]},{"@type":"ImageObject","inLanguage":"de","@id":"https:\/\/now-news.de\/de\/deutschland\/agenten-saboteure-bayerische-polizei-gibt-festnahme-von-zwei-maennern-bekannt\/#primaryimage","url":"https:\/\/now-news.de\/de\/wp-content\/uploads\/sites\/3\/Agenten-Saboteure-Bayerische-Polizei-gibt-Festnahme-von-zwei-Maennern-bekannt.jpg","contentUrl":"https:\/\/now-news.de\/de\/wp-content\/uploads\/sites\/3\/Agenten-Saboteure-Bayerische-Polizei-gibt-Festnahme-von-zwei-Maennern-bekannt.jpg","caption":"Agenten? Saboteure? Bayerische Polizei gibt Festnahme von zwei M\u00e4nnern bekannt"},{"@type":"BreadcrumbList","@id":"https:\/\/now-news.de\/de\/deutschland\/agenten-saboteure-bayerische-polizei-gibt-festnahme-von-zwei-maennern-bekannt\/#breadcrumb","itemListElement":[{"@type":"ListItem","position":1,"name":"Home","item":"https:\/\/now-news.de\/de\/"},{"@type":"ListItem","position":2,"name":"Agenten? Saboteure? Bayerische Polizei gibt Festnahme von zwei M\u00e4nnern bekannt"}]},{"@type":"WebSite","@id":"https:\/\/now-news.de\/de\/#website","url":"https:\/\/now-news.de\/de\/","name":"just-now.NEWS Deutschland","description":"Das Portal f\u00fcr unzensierte Nachrichten aus der Welt","publisher":{"@id":"https:\/\/now-news.de\/de\/#organization"},"potentialAction":[{"@type":"SearchAction","target":{"@type":"EntryPoint","urlTemplate":"https:\/\/now-news.de\/de\/?s={search_term_string}"},"query-input":"required name=search_term_string"}],"inLanguage":"de"},{"@type":"Organization","@id":"https:\/\/now-news.de\/de\/#organization","name":"Just Now News","url":"https:\/\/now-news.de\/de\/","logo":{"@type":"ImageObject","inLanguage":"de","@id":"https:\/\/now-news.de\/de\/#\/schema\/logo\/image\/","url":"http:\/\/just-now.news\/de\/wp-content\/uploads\/sites\/3\/2022\/04\/logo500x500.jpg","contentUrl":"http:\/\/just-now.news\/de\/wp-content\/uploads\/sites\/3\/2022\/04\/logo500x500.jpg","width":500,"height":500,"caption":"Just Now News"},"image":{"@id":"https:\/\/now-news.de\/de\/#\/schema\/logo\/image\/"},"sameAs":["https:\/\/www.facebook.com\/wirmachenauf","https:\/\/x.com\/WirMachenAuf_de"]},{"@type":"Person","@id":"https:\/\/now-news.de\/de\/#\/schema\/person\/fb534a4e865501d8b3285208df34a9b5","name":"rtnews","image":{"@type":"ImageObject","inLanguage":"de","@id":"https:\/\/now-news.de\/de\/#\/schema\/person\/image\/","url":"https:\/\/secure.gravatar.com\/avatar\/82aafea7d8127119dd649515f56e2117?s=96&d=mm&r=g","contentUrl":"https:\/\/secure.gravatar.com\/avatar\/82aafea7d8127119dd649515f56e2117?s=96&d=mm&r=g","caption":"rtnews"},"url":"https:\/\/now-news.de\/de\/author\/rnews\/"}]}},"_links":{"self":[{"href":"https:\/\/now-news.de\/de\/wp-json\/wp\/v2\/posts\/102186"}],"collection":[{"href":"https:\/\/now-news.de\/de\/wp-json\/wp\/v2\/posts"}],"about":[{"href":"https:\/\/now-news.de\/de\/wp-json\/wp\/v2\/types\/post"}],"author":[{"embeddable":true,"href":"https:\/\/now-news.de\/de\/wp-json\/wp\/v2\/users\/3"}],"replies":[{"embeddable":true,"href":"https:\/\/now-news.de\/de\/wp-json\/wp\/v2\/comments?post=102186"}],"version-history":[{"count":0,"href":"https:\/\/now-news.de\/de\/wp-json\/wp\/v2\/posts\/102186\/revisions"}],"wp:featuredmedia":[{"embeddable":true,"href":"https:\/\/now-news.de\/de\/wp-json\/wp\/v2\/media\/102187"}],"wp:attachment":[{"href":"https:\/\/now-news.de\/de\/wp-json\/wp\/v2\/media?parent=102186"}],"wp:term":[{"taxonomy":"category","embeddable":true,"href":"https:\/\/now-news.de\/de\/wp-json\/wp\/v2\/categories?post=102186"},{"taxonomy":"post_tag","embeddable":true,"href":"https:\/\/now-news.de\/de\/wp-json\/wp\/v2\/tags?post=102186"}],"curies":[{"name":"wp","href":"https:\/\/api.w.org\/{rel}","templated":true}]}}