{"id":102184,"date":"2026-04-23T17:05:11","date_gmt":"2026-04-23T15:05:11","guid":{"rendered":"https:\/\/now-news.de\/de\/deutschland\/verbal-ausgerastet-merz-soll-vizekanzler-klingbeil-angebruellt-haben\/"},"modified":"2026-04-23T17:05:11","modified_gmt":"2026-04-23T15:05:11","slug":"verbal-ausgerastet-merz-soll-vizekanzler-klingbeil-angebruellt-haben","status":"publish","type":"post","link":"https:\/\/now-news.de\/de\/deutschland\/verbal-ausgerastet-merz-soll-vizekanzler-klingbeil-angebruellt-haben\/","title":{"rendered":"Verbal ausgerastet: Merz soll Vizekanzler Klingbeil angebr\u00fcllt haben"},"content":{"rendered":"<p><img decoding=\"async\" src=\"https:\/\/now-news.de\/de\/wp-content\/uploads\/sites\/3\/2026\/04\/69ea129948fbef33060f40f0.jpg\" \/><\/p>\n<div class=\"Text-root Text-type_1 \">\n                In der schwarz-roten Koalition liegen die Nerven offenbar blank. Zumindest, wenn man Medienberichten glauben schenken darf. Demnach soll Bundeskanzler Merz seinen Finanzminister vom Koalitionspartner SPD regelrecht angebr\u00fcllt haben.\n            <\/div>\n<p><\/p>\n<div class=\"Text-root Text-type_5 ArticleView-text ViewText-root \">\n<p>Beim Koalitionsausschuss in der Villa Borsig muss es hoch hergegangen sein. Zumindest wei\u00df das Nachrichtenmagazin <em>Spiegel<\/em> davon zu berichten, dass Bundeskanzler Friedrich Merz am vorvergangenen Sonntag, also am 12. April, Vizekanzler und Bundesfinanzminister Lars Klingbeil angeschrien hat. Der <em>Spiegel<\/em> beruft sich auf Gew\u00e4hrsleute, die an der Sitzung teilgenommen haben. Der Vorfall \u2013 sollte er so stattgefunden haben \u2013 wirft ein bezeichnendes Licht auf den Zustand von Schwarz-Rot, knapp ein Jahr nach Merz&#8217; Amtsantritt.<\/p>\n<p>Dabei ist nicht einmal ganz klar, was zur Verbalattacke des Kanzlers gef\u00fchrt hat. Es soll um die unterschiedliche Interpretation von Absprachen gegangen sein, hei\u00dft es. Demnach habe Klingbeil auf die Verwirklichung von Zugest\u00e4ndnissen bestanden, die Merz ihm angeblich versprochen h\u00e4tte. Merz wiederum wollte oder konnte sich nicht mehr erinnern, welche Zugest\u00e4ndnisse er versprochen haben sollte. Woran konkret sich die Meinungsverschiedenheiten entz\u00fcndet haben, dazu gibt es unterschiedliche Angaben.<\/p>\n<p>Jedenfalls soll Merz&#8217; Ausraster eine stundenlange Auseinandersetzung der Koalitionsvertreter vorausgegangen sein. Die Gespr\u00e4che h\u00e4tten sich ergebnislos im Kreis gedreht. Mal habe der eine Koalitionspartner etwas gegen einen L\u00f6sungsvorschlag einzuwenden gehabt, dann wieder der andere. Irgendwann muss es Merz dann gereicht haben: Der Kanzler fuhr aus der Haut.<\/p>\n<p>Der verbale Schlagabtausch soll von beiden Seiten aus heftig gewesen sein. Was konkret Merz seinem Finanzminister vom Koalitionspartner SPD vorzuwerfen hatte, bleibt unklar. Danach mussten die Verhandlungen erst einmal unterbrochen werden. Kanzler und Vizekanzler zogen sich zu einem Vier-Augen-Gespr\u00e4ch zur\u00fcck.<\/p>\n<p>Auch wenn die Koalitionsvertreter sp\u00e4ter wieder zu einer sachlicheren Atmosph\u00e4re gelangten und am Montag darauf Entlastungspl\u00e4ne f\u00fcr die B\u00fcrger pr\u00e4sentieren konnten: Der Streit kam zu einer Zeit, in der sich die Schwierigkeiten h\u00e4ufen und die Koalition gro\u00dfe Reformvorhaben zu bew\u00e4ltigen hat: von der sich versch\u00e4rfenden Wirtschaftskrise \u00fcber die hohen Energiepreise bis zur anstehenden Reform des Gesundheitswesens. Und die B\u00fcrger sind mit dem Gebaren der Regierungskoalition ebenso unzufrieden wie zu Ampel-Zeiten.<\/p>\n<p>Bereits im Oktober 2025 glaubte einer Umfrage zufolge fast die H\u00e4lfte der Befragten an ein vorzeitiges Ende der schwarz-roten Regierungskoalition. Und erst k\u00fcrzlich kam bei einer weiteren Umfrage heraus: Unter den demokratisch gew\u00e4hlten Regierungschefs ist Merz bei den B\u00fcrgern am unbeliebtesten. Sogar noch unbeliebter als sein Amtsvorg\u00e4nger Olaf Scholz, der bereits miserable Umfragewerte zu verzeichnen hatte.<\/p>\n<p>Und der Frust der B\u00fcrger trifft nicht nur Kanzler Merz: Auch Bundeswirtschaftsministerin Katherina Reiche von der CDU kann mit ihrer Arbeit noch weniger von sich \u00fcberzeugen als einst ihr Vorg\u00e4nger Robert Habeck von den Gr\u00fcnen.<\/p>\n<p>Aber angesichts des H\u00f6henflugs der AfD in den Umfragen und der schlechten Umfragewerte der Koalition\u00e4re sind Neuwahlen f\u00fcr die Regierungsparteien keine Option. Jetzt ist daher erst einmal Durchhalten angesagt.<\/p>\n<p><strong>Mehr zum Thema<\/strong>\u00a0\u2013\u00a0<a rel=\"nofollow noopener\" target=\"_blank\" href=\"https:\/\/freedert.online\/gesellschaft\/268657-auch-leistung-katharina-reiche-bereits\/\">Auch eine Leistung: Katherina Reiche bereits unbeliebter als Habeck es je war<\/a><\/p>\n<div class=\"EmbedBlock-root EmbedBlock-externalVideo EmbedBlock-rumble\">\n<div class=\"VkEmbed\"><iframe class=\"lazyload\" data-src=\"https:\/\/rumble.com\/embed\/v76evhu\" frameborder=\"0\" width=\"853\" height=\"480\" allowfullscreen><\/iframe><\/div>\n<\/div>\n<\/div>\n<p><br \/>\n<br \/><a href=\"https:\/\/de.rt.com\/inland\/277997-merz-gegen-vizekanzler-klingbeil-verbal-ausgerastet\/\">Source link <\/a><\/p>\n","protected":false},"excerpt":{"rendered":"<p>In der schwarz-roten Koalition liegen die Nerven offenbar blank. Zumindest, wenn man Medienberichten glauben schenken darf. Demnach soll Bundeskanzler Merz seinen Finanzminister vom Koalitionspartner SPD regelrecht angebr\u00fcllt haben. Beim Koalitionsausschuss in der Villa Borsig muss es hoch hergegangen sein. Zumindest wei\u00df das Nachrichtenmagazin Spiegel davon zu berichten, dass Bundeskanzler Friedrich Merz am vorvergangenen Sonntag, also [&hellip;]<\/p>\n","protected":false},"author":3,"featured_media":102185,"comment_status":"open","ping_status":"open","sticky":false,"template":"","format":"standard","meta":{"_yoast_indexnow_last_ping":["1776957377"],"wp_automatic_camp":["217"],"720d83cbd1dcc481b69bfe570761fd97":["Verbal ausgerastet: Merz soll Vizekanzler Klingbeil angebr\u00fcllt haben"],"original_link":["https:\/\/de.rt.com\/inland\/277997-merz-gegen-vizekanzler-klingbeil-verbal-ausgerastet\/"],"_thumbnail_id":["102185"],"jnews_social_counter_last_update":["1777247716"],"_wptgpro_p2tg_sent2tg":["a:1:{i:23737;s:19:\"2026-04-23 17:17:17\";}"]},"categories":[19,23],"tags":[72585,72584,771,18061,18728,766,46482,1932],"yoast_head":"<!-- This site is optimized with the Yoast SEO Premium plugin v22.7 (Yoast SEO v22.7) - https:\/\/yoast.com\/wordpress\/plugins\/seo\/ -->\n<title>Verbal ausgerastet: Merz soll Vizekanzler Klingbeil angebr\u00fcllt haben - just-now.NEWS Deutschland<\/title>\n<meta name=\"robots\" content=\"index, follow, max-snippet:-1, max-image-preview:large, max-video-preview:-1\" \/>\n<link rel=\"canonical\" href=\"https:\/\/now-news.de\/de\/deutschland\/verbal-ausgerastet-merz-soll-vizekanzler-klingbeil-angebruellt-haben\/\" \/>\n<meta property=\"og:locale\" content=\"de_DE\" \/>\n<meta property=\"og:type\" content=\"article\" \/>\n<meta property=\"og:title\" content=\"Verbal ausgerastet: Merz soll Vizekanzler Klingbeil angebr\u00fcllt haben\" \/>\n<meta property=\"og:description\" content=\"In der schwarz-roten Koalition liegen die Nerven offenbar blank. Zumindest, wenn man Medienberichten glauben schenken darf. Demnach soll Bundeskanzler Merz seinen Finanzminister vom Koalitionspartner SPD regelrecht angebr\u00fcllt haben. Beim Koalitionsausschuss in der Villa Borsig muss es hoch hergegangen sein. Zumindest wei\u00df das Nachrichtenmagazin Spiegel davon zu berichten, dass Bundeskanzler Friedrich Merz am vorvergangenen Sonntag, also [&hellip;]\" \/>\n<meta property=\"og:url\" content=\"https:\/\/now-news.de\/de\/deutschland\/verbal-ausgerastet-merz-soll-vizekanzler-klingbeil-angebruellt-haben\/\" \/>\n<meta property=\"og:site_name\" content=\"just-now.NEWS Deutschland\" \/>\n<meta property=\"article:publisher\" content=\"https:\/\/www.facebook.com\/wirmachenauf\" \/>\n<meta property=\"article:published_time\" content=\"2026-04-23T15:05:11+00:00\" \/>\n<meta property=\"og:image\" content=\"https:\/\/now-news.de\/de\/wp-content\/uploads\/sites\/3\/2026\/04\/69ea129948fbef33060f40f0.jpg\" \/>\n<meta name=\"author\" content=\"rtnews\" \/>\n<meta name=\"twitter:card\" content=\"summary_large_image\" \/>\n<meta name=\"twitter:creator\" content=\"@WirMachenAuf_de\" \/>\n<meta name=\"twitter:site\" content=\"@WirMachenAuf_de\" \/>\n<meta name=\"twitter:label1\" content=\"Verfasst von\" \/>\n\t<meta name=\"twitter:data1\" content=\"rtnews\" \/>\n\t<meta name=\"twitter:label2\" content=\"Gesch\u00e4tzte Lesezeit\" \/>\n\t<meta name=\"twitter:data2\" content=\"2\u00a0Minuten\" \/>\n<script type=\"application\/ld+json\" class=\"yoast-schema-graph\">{\"@context\":\"https:\/\/schema.org\",\"@graph\":[{\"@type\":\"Article\",\"@id\":\"https:\/\/now-news.de\/de\/deutschland\/verbal-ausgerastet-merz-soll-vizekanzler-klingbeil-angebruellt-haben\/#article\",\"isPartOf\":{\"@id\":\"https:\/\/now-news.de\/de\/deutschland\/verbal-ausgerastet-merz-soll-vizekanzler-klingbeil-angebruellt-haben\/\"},\"author\":{\"name\":\"rtnews\",\"@id\":\"https:\/\/now-news.de\/de\/#\/schema\/person\/fb534a4e865501d8b3285208df34a9b5\"},\"headline\":\"Verbal ausgerastet: Merz soll Vizekanzler Klingbeil angebr\u00fcllt haben\",\"datePublished\":\"2026-04-23T15:05:11+00:00\",\"dateModified\":\"2026-04-23T15:05:11+00:00\",\"mainEntityOfPage\":{\"@id\":\"https:\/\/now-news.de\/de\/deutschland\/verbal-ausgerastet-merz-soll-vizekanzler-klingbeil-angebruellt-haben\/\"},\"wordCount\":503,\"commentCount\":0,\"publisher\":{\"@id\":\"https:\/\/now-news.de\/de\/#organization\"},\"image\":{\"@id\":\"https:\/\/now-news.de\/de\/deutschland\/verbal-ausgerastet-merz-soll-vizekanzler-klingbeil-angebruellt-haben\/#primaryimage\"},\"thumbnailUrl\":\"https:\/\/now-news.de\/de\/wp-content\/uploads\/sites\/3\/Verbal-ausgerastet-Merz-soll-Vizekanzler-Klingbeil-angebruellt-haben.jpg\",\"keywords\":[\"angebr\u00fcllt\",\"ausgerastet\",\"haben\",\"Klingbeil\",\"Merz\",\"soll\",\"verbal\",\"VizeKanzler\"],\"articleSection\":[\"Deutschland\",\"Russland\"],\"inLanguage\":\"de\",\"potentialAction\":[{\"@type\":\"CommentAction\",\"name\":\"Comment\",\"target\":[\"https:\/\/now-news.de\/de\/deutschland\/verbal-ausgerastet-merz-soll-vizekanzler-klingbeil-angebruellt-haben\/#respond\"]}]},{\"@type\":\"WebPage\",\"@id\":\"https:\/\/now-news.de\/de\/deutschland\/verbal-ausgerastet-merz-soll-vizekanzler-klingbeil-angebruellt-haben\/\",\"url\":\"https:\/\/now-news.de\/de\/deutschland\/verbal-ausgerastet-merz-soll-vizekanzler-klingbeil-angebruellt-haben\/\",\"name\":\"Verbal ausgerastet: Merz soll Vizekanzler Klingbeil angebr\u00fcllt haben - just-now.NEWS Deutschland\",\"isPartOf\":{\"@id\":\"https:\/\/now-news.de\/de\/#website\"},\"primaryImageOfPage\":{\"@id\":\"https:\/\/now-news.de\/de\/deutschland\/verbal-ausgerastet-merz-soll-vizekanzler-klingbeil-angebruellt-haben\/#primaryimage\"},\"image\":{\"@id\":\"https:\/\/now-news.de\/de\/deutschland\/verbal-ausgerastet-merz-soll-vizekanzler-klingbeil-angebruellt-haben\/#primaryimage\"},\"thumbnailUrl\":\"https:\/\/now-news.de\/de\/wp-content\/uploads\/sites\/3\/Verbal-ausgerastet-Merz-soll-Vizekanzler-Klingbeil-angebruellt-haben.jpg\",\"datePublished\":\"2026-04-23T15:05:11+00:00\",\"dateModified\":\"2026-04-23T15:05:11+00:00\",\"breadcrumb\":{\"@id\":\"https:\/\/now-news.de\/de\/deutschland\/verbal-ausgerastet-merz-soll-vizekanzler-klingbeil-angebruellt-haben\/#breadcrumb\"},\"inLanguage\":\"de\",\"potentialAction\":[{\"@type\":\"ReadAction\",\"target\":[\"https:\/\/now-news.de\/de\/deutschland\/verbal-ausgerastet-merz-soll-vizekanzler-klingbeil-angebruellt-haben\/\"]}]},{\"@type\":\"ImageObject\",\"inLanguage\":\"de\",\"@id\":\"https:\/\/now-news.de\/de\/deutschland\/verbal-ausgerastet-merz-soll-vizekanzler-klingbeil-angebruellt-haben\/#primaryimage\",\"url\":\"https:\/\/now-news.de\/de\/wp-content\/uploads\/sites\/3\/Verbal-ausgerastet-Merz-soll-Vizekanzler-Klingbeil-angebruellt-haben.jpg\",\"contentUrl\":\"https:\/\/now-news.de\/de\/wp-content\/uploads\/sites\/3\/Verbal-ausgerastet-Merz-soll-Vizekanzler-Klingbeil-angebruellt-haben.jpg\",\"caption\":\"Verbal ausgerastet: Merz soll Vizekanzler Klingbeil angebr\u00fcllt haben\"},{\"@type\":\"BreadcrumbList\",\"@id\":\"https:\/\/now-news.de\/de\/deutschland\/verbal-ausgerastet-merz-soll-vizekanzler-klingbeil-angebruellt-haben\/#breadcrumb\",\"itemListElement\":[{\"@type\":\"ListItem\",\"position\":1,\"name\":\"Home\",\"item\":\"https:\/\/now-news.de\/de\/\"},{\"@type\":\"ListItem\",\"position\":2,\"name\":\"Verbal ausgerastet: Merz soll Vizekanzler Klingbeil angebr\u00fcllt haben\"}]},{\"@type\":\"WebSite\",\"@id\":\"https:\/\/now-news.de\/de\/#website\",\"url\":\"https:\/\/now-news.de\/de\/\",\"name\":\"just-now.NEWS Deutschland\",\"description\":\"Das Portal f\u00fcr unzensierte Nachrichten aus der Welt\",\"publisher\":{\"@id\":\"https:\/\/now-news.de\/de\/#organization\"},\"potentialAction\":[{\"@type\":\"SearchAction\",\"target\":{\"@type\":\"EntryPoint\",\"urlTemplate\":\"https:\/\/now-news.de\/de\/?s={search_term_string}\"},\"query-input\":\"required name=search_term_string\"}],\"inLanguage\":\"de\"},{\"@type\":\"Organization\",\"@id\":\"https:\/\/now-news.de\/de\/#organization\",\"name\":\"Just Now News\",\"url\":\"https:\/\/now-news.de\/de\/\",\"logo\":{\"@type\":\"ImageObject\",\"inLanguage\":\"de\",\"@id\":\"https:\/\/now-news.de\/de\/#\/schema\/logo\/image\/\",\"url\":\"http:\/\/just-now.news\/de\/wp-content\/uploads\/sites\/3\/2022\/04\/logo500x500.jpg\",\"contentUrl\":\"http:\/\/just-now.news\/de\/wp-content\/uploads\/sites\/3\/2022\/04\/logo500x500.jpg\",\"width\":500,\"height\":500,\"caption\":\"Just Now News\"},\"image\":{\"@id\":\"https:\/\/now-news.de\/de\/#\/schema\/logo\/image\/\"},\"sameAs\":[\"https:\/\/www.facebook.com\/wirmachenauf\",\"https:\/\/x.com\/WirMachenAuf_de\"]},{\"@type\":\"Person\",\"@id\":\"https:\/\/now-news.de\/de\/#\/schema\/person\/fb534a4e865501d8b3285208df34a9b5\",\"name\":\"rtnews\",\"image\":{\"@type\":\"ImageObject\",\"inLanguage\":\"de\",\"@id\":\"https:\/\/now-news.de\/de\/#\/schema\/person\/image\/\",\"url\":\"https:\/\/secure.gravatar.com\/avatar\/82aafea7d8127119dd649515f56e2117?s=96&d=mm&r=g\",\"contentUrl\":\"https:\/\/secure.gravatar.com\/avatar\/82aafea7d8127119dd649515f56e2117?s=96&d=mm&r=g\",\"caption\":\"rtnews\"},\"url\":\"https:\/\/now-news.de\/de\/author\/rnews\/\"}]}<\/script>\n<!-- \/ Yoast SEO Premium plugin. -->","yoast_head_json":{"title":"Verbal ausgerastet: Merz soll Vizekanzler Klingbeil angebr\u00fcllt haben - just-now.NEWS Deutschland","robots":{"index":"index","follow":"follow","max-snippet":"max-snippet:-1","max-image-preview":"max-image-preview:large","max-video-preview":"max-video-preview:-1"},"canonical":"https:\/\/now-news.de\/de\/deutschland\/verbal-ausgerastet-merz-soll-vizekanzler-klingbeil-angebruellt-haben\/","og_locale":"de_DE","og_type":"article","og_title":"Verbal ausgerastet: Merz soll Vizekanzler Klingbeil angebr\u00fcllt haben","og_description":"In der schwarz-roten Koalition liegen die Nerven offenbar blank. Zumindest, wenn man Medienberichten glauben schenken darf. Demnach soll Bundeskanzler Merz seinen Finanzminister vom Koalitionspartner SPD regelrecht angebr\u00fcllt haben. Beim Koalitionsausschuss in der Villa Borsig muss es hoch hergegangen sein. Zumindest wei\u00df das Nachrichtenmagazin Spiegel davon zu berichten, dass Bundeskanzler Friedrich Merz am vorvergangenen Sonntag, also [&hellip;]","og_url":"https:\/\/now-news.de\/de\/deutschland\/verbal-ausgerastet-merz-soll-vizekanzler-klingbeil-angebruellt-haben\/","og_site_name":"just-now.NEWS Deutschland","article_publisher":"https:\/\/www.facebook.com\/wirmachenauf","article_published_time":"2026-04-23T15:05:11+00:00","og_image":[{"url":"https:\/\/now-news.de\/de\/wp-content\/uploads\/sites\/3\/2026\/04\/69ea129948fbef33060f40f0.jpg"}],"author":"rtnews","twitter_card":"summary_large_image","twitter_creator":"@WirMachenAuf_de","twitter_site":"@WirMachenAuf_de","twitter_misc":{"Verfasst von":"rtnews","Gesch\u00e4tzte Lesezeit":"2\u00a0Minuten"},"schema":{"@context":"https:\/\/schema.org","@graph":[{"@type":"Article","@id":"https:\/\/now-news.de\/de\/deutschland\/verbal-ausgerastet-merz-soll-vizekanzler-klingbeil-angebruellt-haben\/#article","isPartOf":{"@id":"https:\/\/now-news.de\/de\/deutschland\/verbal-ausgerastet-merz-soll-vizekanzler-klingbeil-angebruellt-haben\/"},"author":{"name":"rtnews","@id":"https:\/\/now-news.de\/de\/#\/schema\/person\/fb534a4e865501d8b3285208df34a9b5"},"headline":"Verbal ausgerastet: Merz soll Vizekanzler Klingbeil angebr\u00fcllt haben","datePublished":"2026-04-23T15:05:11+00:00","dateModified":"2026-04-23T15:05:11+00:00","mainEntityOfPage":{"@id":"https:\/\/now-news.de\/de\/deutschland\/verbal-ausgerastet-merz-soll-vizekanzler-klingbeil-angebruellt-haben\/"},"wordCount":503,"commentCount":0,"publisher":{"@id":"https:\/\/now-news.de\/de\/#organization"},"image":{"@id":"https:\/\/now-news.de\/de\/deutschland\/verbal-ausgerastet-merz-soll-vizekanzler-klingbeil-angebruellt-haben\/#primaryimage"},"thumbnailUrl":"https:\/\/now-news.de\/de\/wp-content\/uploads\/sites\/3\/Verbal-ausgerastet-Merz-soll-Vizekanzler-Klingbeil-angebruellt-haben.jpg","keywords":["angebr\u00fcllt","ausgerastet","haben","Klingbeil","Merz","soll","verbal","VizeKanzler"],"articleSection":["Deutschland","Russland"],"inLanguage":"de","potentialAction":[{"@type":"CommentAction","name":"Comment","target":["https:\/\/now-news.de\/de\/deutschland\/verbal-ausgerastet-merz-soll-vizekanzler-klingbeil-angebruellt-haben\/#respond"]}]},{"@type":"WebPage","@id":"https:\/\/now-news.de\/de\/deutschland\/verbal-ausgerastet-merz-soll-vizekanzler-klingbeil-angebruellt-haben\/","url":"https:\/\/now-news.de\/de\/deutschland\/verbal-ausgerastet-merz-soll-vizekanzler-klingbeil-angebruellt-haben\/","name":"Verbal ausgerastet: Merz soll Vizekanzler Klingbeil angebr\u00fcllt haben - just-now.NEWS Deutschland","isPartOf":{"@id":"https:\/\/now-news.de\/de\/#website"},"primaryImageOfPage":{"@id":"https:\/\/now-news.de\/de\/deutschland\/verbal-ausgerastet-merz-soll-vizekanzler-klingbeil-angebruellt-haben\/#primaryimage"},"image":{"@id":"https:\/\/now-news.de\/de\/deutschland\/verbal-ausgerastet-merz-soll-vizekanzler-klingbeil-angebruellt-haben\/#primaryimage"},"thumbnailUrl":"https:\/\/now-news.de\/de\/wp-content\/uploads\/sites\/3\/Verbal-ausgerastet-Merz-soll-Vizekanzler-Klingbeil-angebruellt-haben.jpg","datePublished":"2026-04-23T15:05:11+00:00","dateModified":"2026-04-23T15:05:11+00:00","breadcrumb":{"@id":"https:\/\/now-news.de\/de\/deutschland\/verbal-ausgerastet-merz-soll-vizekanzler-klingbeil-angebruellt-haben\/#breadcrumb"},"inLanguage":"de","potentialAction":[{"@type":"ReadAction","target":["https:\/\/now-news.de\/de\/deutschland\/verbal-ausgerastet-merz-soll-vizekanzler-klingbeil-angebruellt-haben\/"]}]},{"@type":"ImageObject","inLanguage":"de","@id":"https:\/\/now-news.de\/de\/deutschland\/verbal-ausgerastet-merz-soll-vizekanzler-klingbeil-angebruellt-haben\/#primaryimage","url":"https:\/\/now-news.de\/de\/wp-content\/uploads\/sites\/3\/Verbal-ausgerastet-Merz-soll-Vizekanzler-Klingbeil-angebruellt-haben.jpg","contentUrl":"https:\/\/now-news.de\/de\/wp-content\/uploads\/sites\/3\/Verbal-ausgerastet-Merz-soll-Vizekanzler-Klingbeil-angebruellt-haben.jpg","caption":"Verbal ausgerastet: Merz soll Vizekanzler Klingbeil angebr\u00fcllt haben"},{"@type":"BreadcrumbList","@id":"https:\/\/now-news.de\/de\/deutschland\/verbal-ausgerastet-merz-soll-vizekanzler-klingbeil-angebruellt-haben\/#breadcrumb","itemListElement":[{"@type":"ListItem","position":1,"name":"Home","item":"https:\/\/now-news.de\/de\/"},{"@type":"ListItem","position":2,"name":"Verbal ausgerastet: Merz soll Vizekanzler Klingbeil angebr\u00fcllt haben"}]},{"@type":"WebSite","@id":"https:\/\/now-news.de\/de\/#website","url":"https:\/\/now-news.de\/de\/","name":"just-now.NEWS Deutschland","description":"Das Portal f\u00fcr unzensierte Nachrichten aus der Welt","publisher":{"@id":"https:\/\/now-news.de\/de\/#organization"},"potentialAction":[{"@type":"SearchAction","target":{"@type":"EntryPoint","urlTemplate":"https:\/\/now-news.de\/de\/?s={search_term_string}"},"query-input":"required name=search_term_string"}],"inLanguage":"de"},{"@type":"Organization","@id":"https:\/\/now-news.de\/de\/#organization","name":"Just Now News","url":"https:\/\/now-news.de\/de\/","logo":{"@type":"ImageObject","inLanguage":"de","@id":"https:\/\/now-news.de\/de\/#\/schema\/logo\/image\/","url":"http:\/\/just-now.news\/de\/wp-content\/uploads\/sites\/3\/2022\/04\/logo500x500.jpg","contentUrl":"http:\/\/just-now.news\/de\/wp-content\/uploads\/sites\/3\/2022\/04\/logo500x500.jpg","width":500,"height":500,"caption":"Just Now News"},"image":{"@id":"https:\/\/now-news.de\/de\/#\/schema\/logo\/image\/"},"sameAs":["https:\/\/www.facebook.com\/wirmachenauf","https:\/\/x.com\/WirMachenAuf_de"]},{"@type":"Person","@id":"https:\/\/now-news.de\/de\/#\/schema\/person\/fb534a4e865501d8b3285208df34a9b5","name":"rtnews","image":{"@type":"ImageObject","inLanguage":"de","@id":"https:\/\/now-news.de\/de\/#\/schema\/person\/image\/","url":"https:\/\/secure.gravatar.com\/avatar\/82aafea7d8127119dd649515f56e2117?s=96&d=mm&r=g","contentUrl":"https:\/\/secure.gravatar.com\/avatar\/82aafea7d8127119dd649515f56e2117?s=96&d=mm&r=g","caption":"rtnews"},"url":"https:\/\/now-news.de\/de\/author\/rnews\/"}]}},"_links":{"self":[{"href":"https:\/\/now-news.de\/de\/wp-json\/wp\/v2\/posts\/102184"}],"collection":[{"href":"https:\/\/now-news.de\/de\/wp-json\/wp\/v2\/posts"}],"about":[{"href":"https:\/\/now-news.de\/de\/wp-json\/wp\/v2\/types\/post"}],"author":[{"embeddable":true,"href":"https:\/\/now-news.de\/de\/wp-json\/wp\/v2\/users\/3"}],"replies":[{"embeddable":true,"href":"https:\/\/now-news.de\/de\/wp-json\/wp\/v2\/comments?post=102184"}],"version-history":[{"count":0,"href":"https:\/\/now-news.de\/de\/wp-json\/wp\/v2\/posts\/102184\/revisions"}],"wp:featuredmedia":[{"embeddable":true,"href":"https:\/\/now-news.de\/de\/wp-json\/wp\/v2\/media\/102185"}],"wp:attachment":[{"href":"https:\/\/now-news.de\/de\/wp-json\/wp\/v2\/media?parent=102184"}],"wp:term":[{"taxonomy":"category","embeddable":true,"href":"https:\/\/now-news.de\/de\/wp-json\/wp\/v2\/categories?post=102184"},{"taxonomy":"post_tag","embeddable":true,"href":"https:\/\/now-news.de\/de\/wp-json\/wp\/v2\/tags?post=102184"}],"curies":[{"name":"wp","href":"https:\/\/api.w.org\/{rel}","templated":true}]}}