{"id":102182,"date":"2026-04-23T16:35:39","date_gmt":"2026-04-23T14:35:39","guid":{"rendered":"https:\/\/now-news.de\/de\/deutschland\/nrw-ein-jahr-vor-den-landtagswahlen-cdu-verliert-zustimmung-spd-mit-desastroesem-umfrageplatz\/"},"modified":"2026-04-23T16:35:39","modified_gmt":"2026-04-23T14:35:39","slug":"nrw-ein-jahr-vor-den-landtagswahlen-cdu-verliert-zustimmung-spd-mit-desastroesem-umfrageplatz","status":"publish","type":"post","link":"https:\/\/now-news.de\/de\/deutschland\/nrw-ein-jahr-vor-den-landtagswahlen-cdu-verliert-zustimmung-spd-mit-desastroesem-umfrageplatz\/","title":{"rendered":"NRW ein Jahr vor den Landtagswahlen: CDU verliert Zustimmung, SPD mit desastr\u00f6sem Umfrageplatz"},"content":{"rendered":"<p><img decoding=\"async\" src=\"https:\/\/now-news.de\/de\/wp-content\/uploads\/sites\/3\/2026\/04\/69e9eaadb480cc77b21a8d83.jpg\" \/><\/p>\n<div class=\"Text-root Text-type_1 \">\n                Im kommenden Jahr wird in Nordrhein-Westfalen der n\u00e4chste Landtag gew\u00e4hlt. Eine Umfrage zeigt: Die SPD verliert massiv an Zustimmung in der Bev\u00f6lkerung. Schwarz-Gr\u00fcn kann daher entspannt mit einer Mehrheit rechnen, da die AfD-Brandmauer auch in NRW steht. Die AfD klettert auf Platz 2 in der Zustimmung.\n            <\/div>\n<p><\/p>\n<div class=\"Text-root Text-type_5 ArticleView-text ViewText-root \">\n<p>In fast genau einem Jahr sind rund 13,2 Millionen B\u00fcrger Nordrhein-Westfalens dazu aufgerufen, einen neuen Landtag zu w\u00e4hlen. Alle Parteien\u00a0im Regierungsviertel der Landeshauptstadt D\u00fcsseldorf w\u00fcrden laut eines &#8220;NRW-Checks&#8221; im Auftrag von 38 nordrhein-westf\u00e4lischen Tageszeitungen aktuell an Zustimmung verlieren, bis auf die AfD und die Gr\u00fcnen. Desastr\u00f6s zeichnet sich die Lage f\u00fcr die SPD ab, die laut den Auswertungen nur noch auf 14 Prozent kommt.<\/p>\n<p>Der SPD-Landesverband Nordrhein-Westfalen ist mit rund 85.000 Mitgliedern (Stand Juni 2025) der mitgliederst\u00e4rkste Landesverband der SPD. Als prominentere Bundestagsabgeordnete dieses Verbandes sind in der Bundeshauptstadt die amtierende Arbeitsministerin B\u00e4rbel Bas, Ex-Ministerin Svenja Schulze,\u00a0Karl Lauterbach sowie der\u00a0<a rel=\"nofollow noopener\" target=\"_blank\" href=\"https:\/\/freedert.online\/kurzclips\/video\/277494-lindh-problem-sind-schattenflotten-russlands\/\">russophobe<\/a>\u00a0Hinterb\u00e4nkler Helge Lindh als sogenannte &#8220;Volksvertreter&#8221; vertreten.\u00a0\u00a0<\/p>\n<p>Die SPD f\u00e4llt in ihrem bis dato sicher geltenden Stammland nun auf Platz vier zur\u00fcck, wobei auch die regierende CDU\u00a0laut Umfrageergebnissen mehr als deutlich an Zustimmung eingeb\u00fc\u00dft hat. So lauten die NRW-Auswertungen im Vergleich zur letzten Umfrage im Vorjahr:<\/p>\n<ul>\n<li>Regierungspartei CDU \u2013 32 Prozent (minus sechs)<\/li>\n<li>AfD\u00a0\u2013 20\u00a0Prozent (plus vier)<\/li>\n<li>Koalitionspartner B\u00fcndnis 90\/Die Gr\u00fcnen \u2013 17 Prozent (plus vier)<\/li>\n<li>SPD \u2013 14 Prozent (minus drei)<\/li>\n<li>Linke\u00a0\u2013 6\u00a0Prozent (minus eins)<\/li>\n<li>FDP\u00a0\u2013 3\u00a0Prozent (+0)<\/li>\n<\/ul>\n<p>Die AfD k\u00f6nnte damit zufolge in NRW im kommenden Jahr nach der CDU zweitst\u00e4rkste Kraft werden. Bei der Landtagswahl 2022 war die Partei mit knapp 5 Prozent gerade so ins Parlament eingezogen. Das SPD-Mitglied Ali Kaan Sevinc aus Essen kommentiert zur Entwicklung seiner Partei:<\/p>\n<p><em>&#8220;Gro\u00dfalarm in Nordrhein-Westfalen. Die W\u00e4hlerinnen und W\u00e4hler laufen in Scharen von der SPD zur AfD r\u00fcber [\u2026] F\u00fcr uns vor Ort bereits jetzt schon sp\u00fcrbar, alleine die Kommunalwahl im September 2025 war ein wese<\/em>ntlicher Stein, seitdem hat sich die Lage nochmal drastisch verschlechtert.&#8221;<\/p>\n<div class=\"EmbedBlock-root EmbedBlock-twitter\">\n<div class=\"TwitterEmbed\">\n<blockquote class=\"twitter-tweet lazyload\" data-twitter=\"twitter-tweet\">\n<p lang=\"de\" dir=\"ltr\">Lasse das hier mal so stehen. Gro\u00dfalarm in Nordrhein-Westfalen. Die W\u00e4hlerinnen und W\u00e4hler laufen in Scharen von der SPD zur AfD r\u00fcber\u2026 F\u00fcr uns vor Ort bereits jetzt schon sp\u00fcrbar, alleine die Kommunalwahl im September 2025 war ein wesentlicher Stein, seitdem hat sich die Lage\u2026 <a rel=\"nofollow noopener\" target=\"_blank\" href=\"https:\/\/t.co\/lctgiiEIaz\">pic.twitter.com\/lctgiiEIaz<\/a><\/p>\n<p>\u2014 Ali Kaan Sevinc (@AliKaanSevinc) <a rel=\"nofollow noopener\" target=\"_blank\" href=\"https:\/\/twitter.com\/AliKaanSevinc\/status\/2046973742178336927?ref_src=twsrc%5Etfw\">April 22, 2026<\/a><\/p><\/blockquote>\n<\/div>\n<\/div>\n<p>Laut Agenturmeldungen\u00a0k\u00f6nnte die amtierende Landesregierung mit diesen Werten &#8220;ihre Regierungsmehrheit zwar behaupten&#8221;, analysierten die Auftraggeber der Umfrage, jedoch zeige das Stimmungsbild, dass die Zufriedenheit der B\u00fcrger mit der Koalition &#8220;deutlich gesunken&#8221; sei. Dazu hei\u00dft es:<\/p>\n<p><em>&#8220;Erstmals seit mehr als zwei Jahren waren mit 51 Prozent wieder mehr Menschen unzufrieden mit der Landesregierung als zufrieden (42 Prozent).&#8221;<\/em>\u00a0<\/p>\n<p>Als die drei gr\u00f6\u00dften Probleme in dem Bundesland h\u00e4tten die Befragten f\u00fcr Nordrhein-Westfalen &#8220;Verkehr und Mobilit\u00e4t, die allgemeine Lage der Wirtschaft sowie Migration und Fl\u00fcchtlinge&#8221; als belastend angegeben.<\/p>\n<p>Ministerpr\u00e4sident Hendrik W\u00fcst k\u00f6nnte trotz r\u00fcckl\u00e4ufiger Zustimmung zu seiner Partei mit soweit akzeptablen Werten rechnen. 47 Prozent der Befragten zeigten sich mit seiner Arbeit zufrieden, 39 Prozent unzufrieden.<\/p>\n<p>Die n\u00e4chste Landtagswahl findet am 25. April 2027 statt.<\/p>\n<p><strong>Mehr zum Thema &#8211;<\/strong>\u00a0<a rel=\"nofollow noopener\" target=\"_blank\" href=\"https:\/\/freedert.online\/inland\/272287-afd-jugend-generation-nrw-als\/\">AfD-Jugend &#8220;Generation NRW&#8221; als rechtsextremistischer Verdachtsfall eingestuft <\/a><\/p>\n<div class=\"EmbedBlock-root EmbedBlock-externalVideo EmbedBlock-rumble\">\n<div class=\"VkEmbed\"><iframe class=\"lazyload\" data-src=\"https:\/\/rumble.com\/embed\/v76mhmg\" frameborder=\"0\" width=\"853\" height=\"480\" allowfullscreen><\/iframe><\/div>\n<\/div>\n<\/div>\n<p><script async src=\"https:\/\/platform.twitter.com\/widgets.js\" charset=\"utf-8\"><\/script><br \/>\n<br \/><br \/>\n<br \/><a href=\"https:\/\/de.rt.com\/inland\/277973-nrw-jahr-vor-landtagswahlen-spd\/\">Source link <\/a><\/p>\n","protected":false},"excerpt":{"rendered":"<p>Im kommenden Jahr wird in Nordrhein-Westfalen der n\u00e4chste Landtag gew\u00e4hlt. Eine Umfrage zeigt: Die SPD verliert massiv an Zustimmung in der Bev\u00f6lkerung. Schwarz-Gr\u00fcn kann daher entspannt mit einer Mehrheit rechnen, da die AfD-Brandmauer auch in NRW steht. Die AfD klettert auf Platz 2 in der Zustimmung. In fast genau einem Jahr sind rund 13,2 Millionen [&hellip;]<\/p>\n","protected":false},"author":3,"featured_media":102183,"comment_status":"open","ping_status":"open","sticky":false,"template":"","format":"standard","meta":{"_yoast_indexnow_last_ping":["1776955453"],"wp_automatic_camp":["217"],"0854676bc7b721122cb0dff251931145":["NRW ein Jahr vor den Landtagswahlen: CDU verliert Zustimmung, SPD mit desastr\u00f6sem Umfrageplatz"],"original_link":["https:\/\/de.rt.com\/inland\/277973-nrw-jahr-vor-landtagswahlen-spd\/"],"_thumbnail_id":["102183"],"jnews_social_counter_last_update":["1777338628"],"_wptgpro_p2tg_sent2tg":["a:1:{i:23737;s:19:\"2026-04-23 16:45:16\";}"]},"categories":[19,23],"tags":[3795,48,72582,357,1615,19216,419,20122,3814,72583,11487,320,2194],"yoast_head":"<!-- This site is optimized with the Yoast SEO Premium plugin v22.7 (Yoast SEO v22.7) - https:\/\/yoast.com\/wordpress\/plugins\/seo\/ -->\n<title>NRW ein Jahr vor den Landtagswahlen: CDU verliert Zustimmung, SPD mit desastr\u00f6sem Umfrageplatz - just-now.NEWS Deutschland<\/title>\n<meta name=\"robots\" content=\"index, follow, max-snippet:-1, max-image-preview:large, max-video-preview:-1\" \/>\n<link rel=\"canonical\" href=\"https:\/\/now-news.de\/de\/deutschland\/nrw-ein-jahr-vor-den-landtagswahlen-cdu-verliert-zustimmung-spd-mit-desastroesem-umfrageplatz\/\" \/>\n<meta property=\"og:locale\" content=\"de_DE\" \/>\n<meta property=\"og:type\" content=\"article\" \/>\n<meta property=\"og:title\" content=\"NRW ein Jahr vor den Landtagswahlen: CDU verliert Zustimmung, SPD mit desastr\u00f6sem Umfrageplatz\" \/>\n<meta property=\"og:description\" content=\"Im kommenden Jahr wird in Nordrhein-Westfalen der n\u00e4chste Landtag gew\u00e4hlt. Eine Umfrage zeigt: Die SPD verliert massiv an Zustimmung in der Bev\u00f6lkerung. Schwarz-Gr\u00fcn kann daher entspannt mit einer Mehrheit rechnen, da die AfD-Brandmauer auch in NRW steht. Die AfD klettert auf Platz 2 in der Zustimmung. In fast genau einem Jahr sind rund 13,2 Millionen [&hellip;]\" \/>\n<meta property=\"og:url\" content=\"https:\/\/now-news.de\/de\/deutschland\/nrw-ein-jahr-vor-den-landtagswahlen-cdu-verliert-zustimmung-spd-mit-desastroesem-umfrageplatz\/\" \/>\n<meta property=\"og:site_name\" content=\"just-now.NEWS Deutschland\" \/>\n<meta property=\"article:publisher\" content=\"https:\/\/www.facebook.com\/wirmachenauf\" \/>\n<meta property=\"article:published_time\" content=\"2026-04-23T14:35:39+00:00\" \/>\n<meta property=\"og:image\" content=\"https:\/\/now-news.de\/de\/wp-content\/uploads\/sites\/3\/2026\/04\/69e9eaadb480cc77b21a8d83.jpg\" \/>\n<meta name=\"author\" content=\"rtnews\" \/>\n<meta name=\"twitter:card\" content=\"summary_large_image\" \/>\n<meta name=\"twitter:creator\" content=\"@WirMachenAuf_de\" \/>\n<meta name=\"twitter:site\" content=\"@WirMachenAuf_de\" \/>\n<meta name=\"twitter:label1\" content=\"Verfasst von\" \/>\n\t<meta name=\"twitter:data1\" content=\"rtnews\" \/>\n\t<meta name=\"twitter:label2\" content=\"Gesch\u00e4tzte Lesezeit\" \/>\n\t<meta name=\"twitter:data2\" content=\"3\u00a0Minuten\" \/>\n<script type=\"application\/ld+json\" class=\"yoast-schema-graph\">{\"@context\":\"https:\/\/schema.org\",\"@graph\":[{\"@type\":\"Article\",\"@id\":\"https:\/\/now-news.de\/de\/deutschland\/nrw-ein-jahr-vor-den-landtagswahlen-cdu-verliert-zustimmung-spd-mit-desastroesem-umfrageplatz\/#article\",\"isPartOf\":{\"@id\":\"https:\/\/now-news.de\/de\/deutschland\/nrw-ein-jahr-vor-den-landtagswahlen-cdu-verliert-zustimmung-spd-mit-desastroesem-umfrageplatz\/\"},\"author\":{\"name\":\"rtnews\",\"@id\":\"https:\/\/now-news.de\/de\/#\/schema\/person\/fb534a4e865501d8b3285208df34a9b5\"},\"headline\":\"NRW ein Jahr vor den Landtagswahlen: CDU verliert Zustimmung, SPD mit desastr\u00f6sem Umfrageplatz\",\"datePublished\":\"2026-04-23T14:35:39+00:00\",\"dateModified\":\"2026-04-23T14:35:39+00:00\",\"mainEntityOfPage\":{\"@id\":\"https:\/\/now-news.de\/de\/deutschland\/nrw-ein-jahr-vor-den-landtagswahlen-cdu-verliert-zustimmung-spd-mit-desastroesem-umfrageplatz\/\"},\"wordCount\":544,\"commentCount\":0,\"publisher\":{\"@id\":\"https:\/\/now-news.de\/de\/#organization\"},\"image\":{\"@id\":\"https:\/\/now-news.de\/de\/deutschland\/nrw-ein-jahr-vor-den-landtagswahlen-cdu-verliert-zustimmung-spd-mit-desastroesem-umfrageplatz\/#primaryimage\"},\"thumbnailUrl\":\"https:\/\/now-news.de\/de\/wp-content\/uploads\/sites\/3\/NRW-ein-Jahr-vor-den-Landtagswahlen-CDU-verliert-Zustimmung-SPD.jpg\",\"keywords\":[\"CDU\",\"den\",\"desastr\u00f6sem\",\"ein\",\"Jahr\",\"Landtagswahlen\",\"mit\",\"NRW\",\"SPD\",\"Umfrageplatz\",\"verliert\",\"vor\",\"Zustimmung\"],\"articleSection\":[\"Deutschland\",\"Russland\"],\"inLanguage\":\"de\",\"potentialAction\":[{\"@type\":\"CommentAction\",\"name\":\"Comment\",\"target\":[\"https:\/\/now-news.de\/de\/deutschland\/nrw-ein-jahr-vor-den-landtagswahlen-cdu-verliert-zustimmung-spd-mit-desastroesem-umfrageplatz\/#respond\"]}]},{\"@type\":\"WebPage\",\"@id\":\"https:\/\/now-news.de\/de\/deutschland\/nrw-ein-jahr-vor-den-landtagswahlen-cdu-verliert-zustimmung-spd-mit-desastroesem-umfrageplatz\/\",\"url\":\"https:\/\/now-news.de\/de\/deutschland\/nrw-ein-jahr-vor-den-landtagswahlen-cdu-verliert-zustimmung-spd-mit-desastroesem-umfrageplatz\/\",\"name\":\"NRW ein Jahr vor den Landtagswahlen: CDU verliert Zustimmung, SPD mit desastr\u00f6sem Umfrageplatz - just-now.NEWS Deutschland\",\"isPartOf\":{\"@id\":\"https:\/\/now-news.de\/de\/#website\"},\"primaryImageOfPage\":{\"@id\":\"https:\/\/now-news.de\/de\/deutschland\/nrw-ein-jahr-vor-den-landtagswahlen-cdu-verliert-zustimmung-spd-mit-desastroesem-umfrageplatz\/#primaryimage\"},\"image\":{\"@id\":\"https:\/\/now-news.de\/de\/deutschland\/nrw-ein-jahr-vor-den-landtagswahlen-cdu-verliert-zustimmung-spd-mit-desastroesem-umfrageplatz\/#primaryimage\"},\"thumbnailUrl\":\"https:\/\/now-news.de\/de\/wp-content\/uploads\/sites\/3\/NRW-ein-Jahr-vor-den-Landtagswahlen-CDU-verliert-Zustimmung-SPD.jpg\",\"datePublished\":\"2026-04-23T14:35:39+00:00\",\"dateModified\":\"2026-04-23T14:35:39+00:00\",\"breadcrumb\":{\"@id\":\"https:\/\/now-news.de\/de\/deutschland\/nrw-ein-jahr-vor-den-landtagswahlen-cdu-verliert-zustimmung-spd-mit-desastroesem-umfrageplatz\/#breadcrumb\"},\"inLanguage\":\"de\",\"potentialAction\":[{\"@type\":\"ReadAction\",\"target\":[\"https:\/\/now-news.de\/de\/deutschland\/nrw-ein-jahr-vor-den-landtagswahlen-cdu-verliert-zustimmung-spd-mit-desastroesem-umfrageplatz\/\"]}]},{\"@type\":\"ImageObject\",\"inLanguage\":\"de\",\"@id\":\"https:\/\/now-news.de\/de\/deutschland\/nrw-ein-jahr-vor-den-landtagswahlen-cdu-verliert-zustimmung-spd-mit-desastroesem-umfrageplatz\/#primaryimage\",\"url\":\"https:\/\/now-news.de\/de\/wp-content\/uploads\/sites\/3\/NRW-ein-Jahr-vor-den-Landtagswahlen-CDU-verliert-Zustimmung-SPD.jpg\",\"contentUrl\":\"https:\/\/now-news.de\/de\/wp-content\/uploads\/sites\/3\/NRW-ein-Jahr-vor-den-Landtagswahlen-CDU-verliert-Zustimmung-SPD.jpg\",\"caption\":\"NRW ein Jahr vor den Landtagswahlen: CDU verliert Zustimmung, SPD mit desastr\u00f6sem Umfrageplatz\"},{\"@type\":\"BreadcrumbList\",\"@id\":\"https:\/\/now-news.de\/de\/deutschland\/nrw-ein-jahr-vor-den-landtagswahlen-cdu-verliert-zustimmung-spd-mit-desastroesem-umfrageplatz\/#breadcrumb\",\"itemListElement\":[{\"@type\":\"ListItem\",\"position\":1,\"name\":\"Home\",\"item\":\"https:\/\/now-news.de\/de\/\"},{\"@type\":\"ListItem\",\"position\":2,\"name\":\"NRW ein Jahr vor den Landtagswahlen: CDU verliert Zustimmung, SPD mit desastr\u00f6sem Umfrageplatz\"}]},{\"@type\":\"WebSite\",\"@id\":\"https:\/\/now-news.de\/de\/#website\",\"url\":\"https:\/\/now-news.de\/de\/\",\"name\":\"just-now.NEWS Deutschland\",\"description\":\"Das Portal f\u00fcr unzensierte Nachrichten aus der Welt\",\"publisher\":{\"@id\":\"https:\/\/now-news.de\/de\/#organization\"},\"potentialAction\":[{\"@type\":\"SearchAction\",\"target\":{\"@type\":\"EntryPoint\",\"urlTemplate\":\"https:\/\/now-news.de\/de\/?s={search_term_string}\"},\"query-input\":\"required name=search_term_string\"}],\"inLanguage\":\"de\"},{\"@type\":\"Organization\",\"@id\":\"https:\/\/now-news.de\/de\/#organization\",\"name\":\"Just Now News\",\"url\":\"https:\/\/now-news.de\/de\/\",\"logo\":{\"@type\":\"ImageObject\",\"inLanguage\":\"de\",\"@id\":\"https:\/\/now-news.de\/de\/#\/schema\/logo\/image\/\",\"url\":\"http:\/\/just-now.news\/de\/wp-content\/uploads\/sites\/3\/2022\/04\/logo500x500.jpg\",\"contentUrl\":\"http:\/\/just-now.news\/de\/wp-content\/uploads\/sites\/3\/2022\/04\/logo500x500.jpg\",\"width\":500,\"height\":500,\"caption\":\"Just Now News\"},\"image\":{\"@id\":\"https:\/\/now-news.de\/de\/#\/schema\/logo\/image\/\"},\"sameAs\":[\"https:\/\/www.facebook.com\/wirmachenauf\",\"https:\/\/x.com\/WirMachenAuf_de\"]},{\"@type\":\"Person\",\"@id\":\"https:\/\/now-news.de\/de\/#\/schema\/person\/fb534a4e865501d8b3285208df34a9b5\",\"name\":\"rtnews\",\"image\":{\"@type\":\"ImageObject\",\"inLanguage\":\"de\",\"@id\":\"https:\/\/now-news.de\/de\/#\/schema\/person\/image\/\",\"url\":\"https:\/\/secure.gravatar.com\/avatar\/82aafea7d8127119dd649515f56e2117?s=96&d=mm&r=g\",\"contentUrl\":\"https:\/\/secure.gravatar.com\/avatar\/82aafea7d8127119dd649515f56e2117?s=96&d=mm&r=g\",\"caption\":\"rtnews\"},\"url\":\"https:\/\/now-news.de\/de\/author\/rnews\/\"}]}<\/script>\n<!-- \/ Yoast SEO Premium plugin. -->","yoast_head_json":{"title":"NRW ein Jahr vor den Landtagswahlen: CDU verliert Zustimmung, SPD mit desastr\u00f6sem Umfrageplatz - just-now.NEWS Deutschland","robots":{"index":"index","follow":"follow","max-snippet":"max-snippet:-1","max-image-preview":"max-image-preview:large","max-video-preview":"max-video-preview:-1"},"canonical":"https:\/\/now-news.de\/de\/deutschland\/nrw-ein-jahr-vor-den-landtagswahlen-cdu-verliert-zustimmung-spd-mit-desastroesem-umfrageplatz\/","og_locale":"de_DE","og_type":"article","og_title":"NRW ein Jahr vor den Landtagswahlen: CDU verliert Zustimmung, SPD mit desastr\u00f6sem Umfrageplatz","og_description":"Im kommenden Jahr wird in Nordrhein-Westfalen der n\u00e4chste Landtag gew\u00e4hlt. Eine Umfrage zeigt: Die SPD verliert massiv an Zustimmung in der Bev\u00f6lkerung. Schwarz-Gr\u00fcn kann daher entspannt mit einer Mehrheit rechnen, da die AfD-Brandmauer auch in NRW steht. Die AfD klettert auf Platz 2 in der Zustimmung. In fast genau einem Jahr sind rund 13,2 Millionen [&hellip;]","og_url":"https:\/\/now-news.de\/de\/deutschland\/nrw-ein-jahr-vor-den-landtagswahlen-cdu-verliert-zustimmung-spd-mit-desastroesem-umfrageplatz\/","og_site_name":"just-now.NEWS Deutschland","article_publisher":"https:\/\/www.facebook.com\/wirmachenauf","article_published_time":"2026-04-23T14:35:39+00:00","og_image":[{"url":"https:\/\/now-news.de\/de\/wp-content\/uploads\/sites\/3\/2026\/04\/69e9eaadb480cc77b21a8d83.jpg"}],"author":"rtnews","twitter_card":"summary_large_image","twitter_creator":"@WirMachenAuf_de","twitter_site":"@WirMachenAuf_de","twitter_misc":{"Verfasst von":"rtnews","Gesch\u00e4tzte Lesezeit":"3\u00a0Minuten"},"schema":{"@context":"https:\/\/schema.org","@graph":[{"@type":"Article","@id":"https:\/\/now-news.de\/de\/deutschland\/nrw-ein-jahr-vor-den-landtagswahlen-cdu-verliert-zustimmung-spd-mit-desastroesem-umfrageplatz\/#article","isPartOf":{"@id":"https:\/\/now-news.de\/de\/deutschland\/nrw-ein-jahr-vor-den-landtagswahlen-cdu-verliert-zustimmung-spd-mit-desastroesem-umfrageplatz\/"},"author":{"name":"rtnews","@id":"https:\/\/now-news.de\/de\/#\/schema\/person\/fb534a4e865501d8b3285208df34a9b5"},"headline":"NRW ein Jahr vor den Landtagswahlen: CDU verliert Zustimmung, SPD mit desastr\u00f6sem Umfrageplatz","datePublished":"2026-04-23T14:35:39+00:00","dateModified":"2026-04-23T14:35:39+00:00","mainEntityOfPage":{"@id":"https:\/\/now-news.de\/de\/deutschland\/nrw-ein-jahr-vor-den-landtagswahlen-cdu-verliert-zustimmung-spd-mit-desastroesem-umfrageplatz\/"},"wordCount":544,"commentCount":0,"publisher":{"@id":"https:\/\/now-news.de\/de\/#organization"},"image":{"@id":"https:\/\/now-news.de\/de\/deutschland\/nrw-ein-jahr-vor-den-landtagswahlen-cdu-verliert-zustimmung-spd-mit-desastroesem-umfrageplatz\/#primaryimage"},"thumbnailUrl":"https:\/\/now-news.de\/de\/wp-content\/uploads\/sites\/3\/NRW-ein-Jahr-vor-den-Landtagswahlen-CDU-verliert-Zustimmung-SPD.jpg","keywords":["CDU","den","desastr\u00f6sem","ein","Jahr","Landtagswahlen","mit","NRW","SPD","Umfrageplatz","verliert","vor","Zustimmung"],"articleSection":["Deutschland","Russland"],"inLanguage":"de","potentialAction":[{"@type":"CommentAction","name":"Comment","target":["https:\/\/now-news.de\/de\/deutschland\/nrw-ein-jahr-vor-den-landtagswahlen-cdu-verliert-zustimmung-spd-mit-desastroesem-umfrageplatz\/#respond"]}]},{"@type":"WebPage","@id":"https:\/\/now-news.de\/de\/deutschland\/nrw-ein-jahr-vor-den-landtagswahlen-cdu-verliert-zustimmung-spd-mit-desastroesem-umfrageplatz\/","url":"https:\/\/now-news.de\/de\/deutschland\/nrw-ein-jahr-vor-den-landtagswahlen-cdu-verliert-zustimmung-spd-mit-desastroesem-umfrageplatz\/","name":"NRW ein Jahr vor den Landtagswahlen: CDU verliert Zustimmung, SPD mit desastr\u00f6sem Umfrageplatz - just-now.NEWS Deutschland","isPartOf":{"@id":"https:\/\/now-news.de\/de\/#website"},"primaryImageOfPage":{"@id":"https:\/\/now-news.de\/de\/deutschland\/nrw-ein-jahr-vor-den-landtagswahlen-cdu-verliert-zustimmung-spd-mit-desastroesem-umfrageplatz\/#primaryimage"},"image":{"@id":"https:\/\/now-news.de\/de\/deutschland\/nrw-ein-jahr-vor-den-landtagswahlen-cdu-verliert-zustimmung-spd-mit-desastroesem-umfrageplatz\/#primaryimage"},"thumbnailUrl":"https:\/\/now-news.de\/de\/wp-content\/uploads\/sites\/3\/NRW-ein-Jahr-vor-den-Landtagswahlen-CDU-verliert-Zustimmung-SPD.jpg","datePublished":"2026-04-23T14:35:39+00:00","dateModified":"2026-04-23T14:35:39+00:00","breadcrumb":{"@id":"https:\/\/now-news.de\/de\/deutschland\/nrw-ein-jahr-vor-den-landtagswahlen-cdu-verliert-zustimmung-spd-mit-desastroesem-umfrageplatz\/#breadcrumb"},"inLanguage":"de","potentialAction":[{"@type":"ReadAction","target":["https:\/\/now-news.de\/de\/deutschland\/nrw-ein-jahr-vor-den-landtagswahlen-cdu-verliert-zustimmung-spd-mit-desastroesem-umfrageplatz\/"]}]},{"@type":"ImageObject","inLanguage":"de","@id":"https:\/\/now-news.de\/de\/deutschland\/nrw-ein-jahr-vor-den-landtagswahlen-cdu-verliert-zustimmung-spd-mit-desastroesem-umfrageplatz\/#primaryimage","url":"https:\/\/now-news.de\/de\/wp-content\/uploads\/sites\/3\/NRW-ein-Jahr-vor-den-Landtagswahlen-CDU-verliert-Zustimmung-SPD.jpg","contentUrl":"https:\/\/now-news.de\/de\/wp-content\/uploads\/sites\/3\/NRW-ein-Jahr-vor-den-Landtagswahlen-CDU-verliert-Zustimmung-SPD.jpg","caption":"NRW ein Jahr vor den Landtagswahlen: CDU verliert Zustimmung, SPD mit desastr\u00f6sem Umfrageplatz"},{"@type":"BreadcrumbList","@id":"https:\/\/now-news.de\/de\/deutschland\/nrw-ein-jahr-vor-den-landtagswahlen-cdu-verliert-zustimmung-spd-mit-desastroesem-umfrageplatz\/#breadcrumb","itemListElement":[{"@type":"ListItem","position":1,"name":"Home","item":"https:\/\/now-news.de\/de\/"},{"@type":"ListItem","position":2,"name":"NRW ein Jahr vor den Landtagswahlen: CDU verliert Zustimmung, SPD mit desastr\u00f6sem Umfrageplatz"}]},{"@type":"WebSite","@id":"https:\/\/now-news.de\/de\/#website","url":"https:\/\/now-news.de\/de\/","name":"just-now.NEWS Deutschland","description":"Das Portal f\u00fcr unzensierte Nachrichten aus der Welt","publisher":{"@id":"https:\/\/now-news.de\/de\/#organization"},"potentialAction":[{"@type":"SearchAction","target":{"@type":"EntryPoint","urlTemplate":"https:\/\/now-news.de\/de\/?s={search_term_string}"},"query-input":"required name=search_term_string"}],"inLanguage":"de"},{"@type":"Organization","@id":"https:\/\/now-news.de\/de\/#organization","name":"Just Now News","url":"https:\/\/now-news.de\/de\/","logo":{"@type":"ImageObject","inLanguage":"de","@id":"https:\/\/now-news.de\/de\/#\/schema\/logo\/image\/","url":"http:\/\/just-now.news\/de\/wp-content\/uploads\/sites\/3\/2022\/04\/logo500x500.jpg","contentUrl":"http:\/\/just-now.news\/de\/wp-content\/uploads\/sites\/3\/2022\/04\/logo500x500.jpg","width":500,"height":500,"caption":"Just Now News"},"image":{"@id":"https:\/\/now-news.de\/de\/#\/schema\/logo\/image\/"},"sameAs":["https:\/\/www.facebook.com\/wirmachenauf","https:\/\/x.com\/WirMachenAuf_de"]},{"@type":"Person","@id":"https:\/\/now-news.de\/de\/#\/schema\/person\/fb534a4e865501d8b3285208df34a9b5","name":"rtnews","image":{"@type":"ImageObject","inLanguage":"de","@id":"https:\/\/now-news.de\/de\/#\/schema\/person\/image\/","url":"https:\/\/secure.gravatar.com\/avatar\/82aafea7d8127119dd649515f56e2117?s=96&d=mm&r=g","contentUrl":"https:\/\/secure.gravatar.com\/avatar\/82aafea7d8127119dd649515f56e2117?s=96&d=mm&r=g","caption":"rtnews"},"url":"https:\/\/now-news.de\/de\/author\/rnews\/"}]}},"_links":{"self":[{"href":"https:\/\/now-news.de\/de\/wp-json\/wp\/v2\/posts\/102182"}],"collection":[{"href":"https:\/\/now-news.de\/de\/wp-json\/wp\/v2\/posts"}],"about":[{"href":"https:\/\/now-news.de\/de\/wp-json\/wp\/v2\/types\/post"}],"author":[{"embeddable":true,"href":"https:\/\/now-news.de\/de\/wp-json\/wp\/v2\/users\/3"}],"replies":[{"embeddable":true,"href":"https:\/\/now-news.de\/de\/wp-json\/wp\/v2\/comments?post=102182"}],"version-history":[{"count":0,"href":"https:\/\/now-news.de\/de\/wp-json\/wp\/v2\/posts\/102182\/revisions"}],"wp:featuredmedia":[{"embeddable":true,"href":"https:\/\/now-news.de\/de\/wp-json\/wp\/v2\/media\/102183"}],"wp:attachment":[{"href":"https:\/\/now-news.de\/de\/wp-json\/wp\/v2\/media?parent=102182"}],"wp:term":[{"taxonomy":"category","embeddable":true,"href":"https:\/\/now-news.de\/de\/wp-json\/wp\/v2\/categories?post=102182"},{"taxonomy":"post_tag","embeddable":true,"href":"https:\/\/now-news.de\/de\/wp-json\/wp\/v2\/tags?post=102182"}],"curies":[{"name":"wp","href":"https:\/\/api.w.org\/{rel}","templated":true}]}}