{"id":102174,"date":"2026-04-23T14:51:54","date_gmt":"2026-04-23T12:51:54","guid":{"rendered":"https:\/\/now-news.de\/de\/deutschland\/verteidigung-als-gesamtgesellschaftliche-aufgabe-bundeswehr-uebt-in-hamburg\/"},"modified":"2026-04-23T14:51:54","modified_gmt":"2026-04-23T12:51:54","slug":"verteidigung-als-gesamtgesellschaftliche-aufgabe-bundeswehr-uebt-in-hamburg","status":"publish","type":"post","link":"https:\/\/now-news.de\/de\/deutschland\/verteidigung-als-gesamtgesellschaftliche-aufgabe-bundeswehr-uebt-in-hamburg\/","title":{"rendered":"Verteidigung als gesamtgesellschaftliche Aufgabe \u2013 Bundeswehr \u00fcbt in Hamburg"},"content":{"rendered":"<p><img decoding=\"async\" src=\"https:\/\/now-news.de\/de\/wp-content\/uploads\/sites\/3\/2026\/04\/69e9e9c648fbef3678207714.jpg\" \/><\/p>\n<div class=\"Text-root Text-type_1 \">\n                Im September \u00fcbt die Bundeswehr drei Tage die Kooperation mit zivilen Organisationen im Stadtgebiet Hamburgs. In der \u00dcbung m\u00fcssen zur &#8220;Abschreckung&#8221; milit\u00e4rische NATO-Einheiten durch Deutschland an die Ostfront verlegt werden. Verteidigung sei dabei eine gesamtgesellschaftliche Aufgabe.\n            <\/div>\n<p><\/p>\n<div class=\"Text-root Text-type_5 ArticleView-text ViewText-root \">\n<p>Unter dem Motto &#8220;Hamburg \u00fcbt f\u00fcr den Ernstfall&#8221; plant die Bundeswehr in der Zeit vom 24. bis 26. September 2026 in der Gro\u00dfstadt die Bundeswehr\u00fcbung Red Storm Charlie. An drei Tagen trainiert das milit\u00e4rische Landeskommando Hamburg gemeinsam mit weiteren Bundeswehreinheiten die Kooperation mit zivilen Organisationen in m\u00f6glichen Krisen- und Ausnahmesituationen. Aus der Zivilgesellschaft beteiligt sind die Feuerwehr, das Technische Hilfswerk, die Polizei Hamburg sowie Landesbeh\u00f6rden. Aus dem Bereich Logistik und Transport sind auch Airbus, der Hamburger Hafen und die Hamburg Port Authority in die \u00dcbung eingebunden.\u00a0<\/p>\n<p>Die Bundeswehr <a rel=\"nofollow noopener\" target=\"_blank\" href=\"https:\/\/www.bundeswehr.de\/de\/organisation\/operatives-fuehrungskommando-der-bundeswehr\/landeskommando\/hamburg\/uebung-red-storm-charlie\">ver\u00f6ffentlichte <\/a>am Dienstag das Ziel der \u00dcbung:<\/p>\n<p><em>&#8220;Ziel ist es, Abl\u00e4ufe und Abstimmungen fr\u00fchzeitig zu \u00fcben, bevor besondere nationale oder internationale Sicherheitslagen eintreten. Gemeinsam mit den zivilen Organisationen trainiere man die Verlegung von Truppen und Material an die &#8216;Ostflanke des B\u00fcndnisses&#8217;.&#8221;<\/em><\/p>\n<p>Gem\u00e4\u00df dem <a rel=\"nofollow noopener\" target=\"_blank\" href=\"https:\/\/www.bundeswehr.de\/de\/organisation\/operatives-fuehrungskommando-der-bundeswehr\/auftrag-und-aufgaben\/operationsplan-deutschland\">Operationsplan Deutschland<\/a> m\u00fcssen im Fall der Landes- und B\u00fcndnisverteidigung milit\u00e4rische Ma\u00dfnahmen und notwendige zivile Unterst\u00fctzungsleistungen in Deutschland koordiniert zusammengef\u00fchrt werden. Die Koordination zwischen Milit\u00e4r und Zivilgesellschaft sei ein &#8220;zentraler Bestandteil der gesamtstaatlichen Vorsorge&#8221;. Der Kommandeur des Landeskommandos Hamburg, Kurt Leonards, f\u00fchrt dazu aus:<\/p>\n<p><em>&#8220;Verteidigung und Resilienz sind gesamtgesellschaftliche Aufgaben, die nicht allein von der Bundeswehr geleistet werden k\u00f6nnen. Deswegen nehmen an Red Storm Charlie auch zivile Blaulichtorganisationen, Hamburger Beh\u00f6rden und Unternehmen der Hafen- und Logistikbranche teil.&#8221;<\/em><\/p>\n<p>Im kommenden Herbst \u00fcbt man in Hamburg das folgende Szenario: &#8220;Entwicklungen im \u00f6stlichen B\u00fcndnisgebiet&#8221; erfordern als Beitrag &#8220;zur Abschreckung&#8221; eine vorsorgliche Verlegung milit\u00e4rischer Kr\u00e4fte. Im &#8220;Abschreckungs&#8221;-Szenario ist vorgesehen, &#8220;dass Truppen mit ihrer Ausr\u00fcstung in Hamburg ankommen und von dort weiter in Richtung Osten verlegt werden&#8221;. Truppen und &#8220;Material&#8221; m\u00fcssen teilweise durch das Hamburger Stadtgebiet transportiert werden. Dabei werden Organisationen der Zivilgesellschaft eingebunden.<\/p>\n<p>Die \u00dcbung Red Storm Charlie soll das Landeskommando Hamburg auf seine Rolle vorbereiten. Das Kommando m\u00fcsse die F\u00fchrung \u00fcbernehmen, bevor \u00fcberhaupt ein konkreter Verteidigungsfall eintrete. Die Bundeswehr schrieb dazu:\u00a0<\/p>\n<p><em>&#8220;Dazu geh\u00f6rt insbesondere, bereits vor einem Spannungs- oder Verteidigungsfall die milit\u00e4rische F\u00fchrung sowie die Abstimmung mit zivilen Institutionen im Rahmen der Drehscheibe Deutschland in Hamburg zu \u00fcbernehmen.&#8221;<\/em>\u00a0<\/p>\n<p>An der geplanten \u00dcbung nehmen 500 Soldaten mit zahlreichen Fahrzeugen und Hubschraubern teil. Die Zahl der Teilnehmer aus den zivilen Organisationen wurde nicht bekannt gegeben.\u00a0<\/p>\n<p><strong>Mehr zum Thema<\/strong>\u00a0\u2013\u00a0<a rel=\"nofollow noopener\" target=\"_blank\" href=\"https:\/\/freedert.online\/inland\/277686-bundeswehr-ausstellung-auf-fitnessmesse-fuer\/\">Personalwerbung:<\/a><a rel=\"nofollow noopener\" target=\"_blank\" href=\"https:\/\/freedert.online\/inland\/277686-bundeswehr-ausstellung-auf-fitnessmesse-fuer\/\"> Bundeswehr auf weltgr\u00f6\u00dfter Fitnessmesse<\/a><\/p>\n<p>\u00a0<\/p>\n<div class=\"EmbedBlock-root EmbedBlock-externalVideo EmbedBlock-rumble\">\n<div class=\"VkEmbed\"><iframe class=\"lazyload\" data-src=\"https:\/\/rumble.com\/embed\/v76o35w\" frameborder=\"0\" width=\"853\" height=\"480\" allowfullscreen><\/iframe><\/div>\n<\/div>\n<\/div>\n<p><br \/>\n<br \/><a href=\"https:\/\/de.rt.com\/inland\/277969-verteidigung-als-gesamtgesellschaftlichen-aufgabe-bundeswehr\/\">Source link <\/a><\/p>\n","protected":false},"excerpt":{"rendered":"<p>Im September \u00fcbt die Bundeswehr drei Tage die Kooperation mit zivilen Organisationen im Stadtgebiet Hamburgs. In der \u00dcbung m\u00fcssen zur &#8220;Abschreckung&#8221; milit\u00e4rische NATO-Einheiten durch Deutschland an die Ostfront verlegt werden. Verteidigung sei dabei eine gesamtgesellschaftliche Aufgabe. Unter dem Motto &#8220;Hamburg \u00fcbt f\u00fcr den Ernstfall&#8221; plant die Bundeswehr in der Zeit vom 24. bis 26. September [&hellip;]<\/p>\n","protected":false},"author":3,"featured_media":102175,"comment_status":"open","ping_status":"open","sticky":false,"template":"","format":"standard","meta":{"_yoast_indexnow_last_ping":["1776948736"],"wp_automatic_camp":["217"],"a07ab3c8e2152deeb0cf58a78a689cdc":["Verteidigung als gesamtgesellschaftliche Aufgabe \u2013 Bundeswehr \u00fcbt in Hamburg"],"original_link":["https:\/\/de.rt.com\/inland\/277969-verteidigung-als-gesamtgesellschaftlichen-aufgabe-bundeswehr\/"],"_thumbnail_id":["102175"],"jnews_social_counter_last_update":["1777447847"],"_wptgpro_p2tg_sent2tg":["a:1:{i:23737;s:19:\"2026-04-23 14:53:16\";}"]},"categories":[19,23],"tags":[273,18790,12292,72579,26091,25668,12203],"yoast_head":"<!-- This site is optimized with the Yoast SEO Premium plugin v22.7 (Yoast SEO v22.7) - https:\/\/yoast.com\/wordpress\/plugins\/seo\/ -->\n<title>Verteidigung als gesamtgesellschaftliche Aufgabe \u2013 Bundeswehr \u00fcbt in Hamburg - just-now.NEWS Deutschland<\/title>\n<meta name=\"robots\" content=\"index, follow, max-snippet:-1, max-image-preview:large, max-video-preview:-1\" \/>\n<link rel=\"canonical\" href=\"https:\/\/now-news.de\/de\/deutschland\/verteidigung-als-gesamtgesellschaftliche-aufgabe-bundeswehr-uebt-in-hamburg\/\" \/>\n<meta property=\"og:locale\" content=\"de_DE\" \/>\n<meta property=\"og:type\" content=\"article\" \/>\n<meta property=\"og:title\" content=\"Verteidigung als gesamtgesellschaftliche Aufgabe \u2013 Bundeswehr \u00fcbt in Hamburg\" \/>\n<meta property=\"og:description\" content=\"Im September \u00fcbt die Bundeswehr drei Tage die Kooperation mit zivilen Organisationen im Stadtgebiet Hamburgs. In der \u00dcbung m\u00fcssen zur &#8220;Abschreckung&#8221; milit\u00e4rische NATO-Einheiten durch Deutschland an die Ostfront verlegt werden. Verteidigung sei dabei eine gesamtgesellschaftliche Aufgabe. Unter dem Motto &#8220;Hamburg \u00fcbt f\u00fcr den Ernstfall&#8221; plant die Bundeswehr in der Zeit vom 24. bis 26. September [&hellip;]\" \/>\n<meta property=\"og:url\" content=\"https:\/\/now-news.de\/de\/deutschland\/verteidigung-als-gesamtgesellschaftliche-aufgabe-bundeswehr-uebt-in-hamburg\/\" \/>\n<meta property=\"og:site_name\" content=\"just-now.NEWS Deutschland\" \/>\n<meta property=\"article:publisher\" content=\"https:\/\/www.facebook.com\/wirmachenauf\" \/>\n<meta property=\"article:published_time\" content=\"2026-04-23T12:51:54+00:00\" \/>\n<meta property=\"og:image\" content=\"https:\/\/now-news.de\/de\/wp-content\/uploads\/sites\/3\/2026\/04\/69e9e9c648fbef3678207714.jpg\" \/>\n<meta name=\"author\" content=\"rtnews\" \/>\n<meta name=\"twitter:card\" content=\"summary_large_image\" \/>\n<meta name=\"twitter:creator\" content=\"@WirMachenAuf_de\" \/>\n<meta name=\"twitter:site\" content=\"@WirMachenAuf_de\" \/>\n<meta name=\"twitter:label1\" content=\"Verfasst von\" \/>\n\t<meta name=\"twitter:data1\" content=\"rtnews\" \/>\n\t<meta name=\"twitter:label2\" content=\"Gesch\u00e4tzte Lesezeit\" \/>\n\t<meta name=\"twitter:data2\" content=\"2\u00a0Minuten\" \/>\n<script type=\"application\/ld+json\" class=\"yoast-schema-graph\">{\"@context\":\"https:\/\/schema.org\",\"@graph\":[{\"@type\":\"Article\",\"@id\":\"https:\/\/now-news.de\/de\/deutschland\/verteidigung-als-gesamtgesellschaftliche-aufgabe-bundeswehr-uebt-in-hamburg\/#article\",\"isPartOf\":{\"@id\":\"https:\/\/now-news.de\/de\/deutschland\/verteidigung-als-gesamtgesellschaftliche-aufgabe-bundeswehr-uebt-in-hamburg\/\"},\"author\":{\"name\":\"rtnews\",\"@id\":\"https:\/\/now-news.de\/de\/#\/schema\/person\/fb534a4e865501d8b3285208df34a9b5\"},\"headline\":\"Verteidigung als gesamtgesellschaftliche Aufgabe \u2013 Bundeswehr \u00fcbt in Hamburg\",\"datePublished\":\"2026-04-23T12:51:54+00:00\",\"dateModified\":\"2026-04-23T12:51:54+00:00\",\"mainEntityOfPage\":{\"@id\":\"https:\/\/now-news.de\/de\/deutschland\/verteidigung-als-gesamtgesellschaftliche-aufgabe-bundeswehr-uebt-in-hamburg\/\"},\"wordCount\":435,\"commentCount\":0,\"publisher\":{\"@id\":\"https:\/\/now-news.de\/de\/#organization\"},\"image\":{\"@id\":\"https:\/\/now-news.de\/de\/deutschland\/verteidigung-als-gesamtgesellschaftliche-aufgabe-bundeswehr-uebt-in-hamburg\/#primaryimage\"},\"thumbnailUrl\":\"https:\/\/now-news.de\/de\/wp-content\/uploads\/sites\/3\/Verteidigung-als-gesamtgesellschaftliche-Aufgabe-\u2013-Bundeswehr-uebt-in-Hamburg.jpg\",\"keywords\":[\"als\",\"Aufgabe\",\"Bundeswehr\",\"gesamtgesellschaftliche\",\"Hamburg\",\"\u00fcbt\",\"Verteidigung\"],\"articleSection\":[\"Deutschland\",\"Russland\"],\"inLanguage\":\"de\",\"potentialAction\":[{\"@type\":\"CommentAction\",\"name\":\"Comment\",\"target\":[\"https:\/\/now-news.de\/de\/deutschland\/verteidigung-als-gesamtgesellschaftliche-aufgabe-bundeswehr-uebt-in-hamburg\/#respond\"]}]},{\"@type\":\"WebPage\",\"@id\":\"https:\/\/now-news.de\/de\/deutschland\/verteidigung-als-gesamtgesellschaftliche-aufgabe-bundeswehr-uebt-in-hamburg\/\",\"url\":\"https:\/\/now-news.de\/de\/deutschland\/verteidigung-als-gesamtgesellschaftliche-aufgabe-bundeswehr-uebt-in-hamburg\/\",\"name\":\"Verteidigung als gesamtgesellschaftliche Aufgabe \u2013 Bundeswehr \u00fcbt in Hamburg - just-now.NEWS Deutschland\",\"isPartOf\":{\"@id\":\"https:\/\/now-news.de\/de\/#website\"},\"primaryImageOfPage\":{\"@id\":\"https:\/\/now-news.de\/de\/deutschland\/verteidigung-als-gesamtgesellschaftliche-aufgabe-bundeswehr-uebt-in-hamburg\/#primaryimage\"},\"image\":{\"@id\":\"https:\/\/now-news.de\/de\/deutschland\/verteidigung-als-gesamtgesellschaftliche-aufgabe-bundeswehr-uebt-in-hamburg\/#primaryimage\"},\"thumbnailUrl\":\"https:\/\/now-news.de\/de\/wp-content\/uploads\/sites\/3\/Verteidigung-als-gesamtgesellschaftliche-Aufgabe-\u2013-Bundeswehr-uebt-in-Hamburg.jpg\",\"datePublished\":\"2026-04-23T12:51:54+00:00\",\"dateModified\":\"2026-04-23T12:51:54+00:00\",\"breadcrumb\":{\"@id\":\"https:\/\/now-news.de\/de\/deutschland\/verteidigung-als-gesamtgesellschaftliche-aufgabe-bundeswehr-uebt-in-hamburg\/#breadcrumb\"},\"inLanguage\":\"de\",\"potentialAction\":[{\"@type\":\"ReadAction\",\"target\":[\"https:\/\/now-news.de\/de\/deutschland\/verteidigung-als-gesamtgesellschaftliche-aufgabe-bundeswehr-uebt-in-hamburg\/\"]}]},{\"@type\":\"ImageObject\",\"inLanguage\":\"de\",\"@id\":\"https:\/\/now-news.de\/de\/deutschland\/verteidigung-als-gesamtgesellschaftliche-aufgabe-bundeswehr-uebt-in-hamburg\/#primaryimage\",\"url\":\"https:\/\/now-news.de\/de\/wp-content\/uploads\/sites\/3\/Verteidigung-als-gesamtgesellschaftliche-Aufgabe-\u2013-Bundeswehr-uebt-in-Hamburg.jpg\",\"contentUrl\":\"https:\/\/now-news.de\/de\/wp-content\/uploads\/sites\/3\/Verteidigung-als-gesamtgesellschaftliche-Aufgabe-\u2013-Bundeswehr-uebt-in-Hamburg.jpg\",\"caption\":\"Verteidigung als gesamtgesellschaftliche Aufgabe \u2013 Bundeswehr \u00fcbt in Hamburg\"},{\"@type\":\"BreadcrumbList\",\"@id\":\"https:\/\/now-news.de\/de\/deutschland\/verteidigung-als-gesamtgesellschaftliche-aufgabe-bundeswehr-uebt-in-hamburg\/#breadcrumb\",\"itemListElement\":[{\"@type\":\"ListItem\",\"position\":1,\"name\":\"Home\",\"item\":\"https:\/\/now-news.de\/de\/\"},{\"@type\":\"ListItem\",\"position\":2,\"name\":\"Verteidigung als gesamtgesellschaftliche Aufgabe \u2013 Bundeswehr \u00fcbt in Hamburg\"}]},{\"@type\":\"WebSite\",\"@id\":\"https:\/\/now-news.de\/de\/#website\",\"url\":\"https:\/\/now-news.de\/de\/\",\"name\":\"just-now.NEWS Deutschland\",\"description\":\"Das Portal f\u00fcr unzensierte Nachrichten aus der Welt\",\"publisher\":{\"@id\":\"https:\/\/now-news.de\/de\/#organization\"},\"potentialAction\":[{\"@type\":\"SearchAction\",\"target\":{\"@type\":\"EntryPoint\",\"urlTemplate\":\"https:\/\/now-news.de\/de\/?s={search_term_string}\"},\"query-input\":\"required name=search_term_string\"}],\"inLanguage\":\"de\"},{\"@type\":\"Organization\",\"@id\":\"https:\/\/now-news.de\/de\/#organization\",\"name\":\"Just Now News\",\"url\":\"https:\/\/now-news.de\/de\/\",\"logo\":{\"@type\":\"ImageObject\",\"inLanguage\":\"de\",\"@id\":\"https:\/\/now-news.de\/de\/#\/schema\/logo\/image\/\",\"url\":\"http:\/\/just-now.news\/de\/wp-content\/uploads\/sites\/3\/2022\/04\/logo500x500.jpg\",\"contentUrl\":\"http:\/\/just-now.news\/de\/wp-content\/uploads\/sites\/3\/2022\/04\/logo500x500.jpg\",\"width\":500,\"height\":500,\"caption\":\"Just Now News\"},\"image\":{\"@id\":\"https:\/\/now-news.de\/de\/#\/schema\/logo\/image\/\"},\"sameAs\":[\"https:\/\/www.facebook.com\/wirmachenauf\",\"https:\/\/x.com\/WirMachenAuf_de\"]},{\"@type\":\"Person\",\"@id\":\"https:\/\/now-news.de\/de\/#\/schema\/person\/fb534a4e865501d8b3285208df34a9b5\",\"name\":\"rtnews\",\"image\":{\"@type\":\"ImageObject\",\"inLanguage\":\"de\",\"@id\":\"https:\/\/now-news.de\/de\/#\/schema\/person\/image\/\",\"url\":\"https:\/\/secure.gravatar.com\/avatar\/82aafea7d8127119dd649515f56e2117?s=96&d=mm&r=g\",\"contentUrl\":\"https:\/\/secure.gravatar.com\/avatar\/82aafea7d8127119dd649515f56e2117?s=96&d=mm&r=g\",\"caption\":\"rtnews\"},\"url\":\"https:\/\/now-news.de\/de\/author\/rnews\/\"}]}<\/script>\n<!-- \/ Yoast SEO Premium plugin. -->","yoast_head_json":{"title":"Verteidigung als gesamtgesellschaftliche Aufgabe \u2013 Bundeswehr \u00fcbt in Hamburg - just-now.NEWS Deutschland","robots":{"index":"index","follow":"follow","max-snippet":"max-snippet:-1","max-image-preview":"max-image-preview:large","max-video-preview":"max-video-preview:-1"},"canonical":"https:\/\/now-news.de\/de\/deutschland\/verteidigung-als-gesamtgesellschaftliche-aufgabe-bundeswehr-uebt-in-hamburg\/","og_locale":"de_DE","og_type":"article","og_title":"Verteidigung als gesamtgesellschaftliche Aufgabe \u2013 Bundeswehr \u00fcbt in Hamburg","og_description":"Im September \u00fcbt die Bundeswehr drei Tage die Kooperation mit zivilen Organisationen im Stadtgebiet Hamburgs. In der \u00dcbung m\u00fcssen zur &#8220;Abschreckung&#8221; milit\u00e4rische NATO-Einheiten durch Deutschland an die Ostfront verlegt werden. Verteidigung sei dabei eine gesamtgesellschaftliche Aufgabe. Unter dem Motto &#8220;Hamburg \u00fcbt f\u00fcr den Ernstfall&#8221; plant die Bundeswehr in der Zeit vom 24. bis 26. September [&hellip;]","og_url":"https:\/\/now-news.de\/de\/deutschland\/verteidigung-als-gesamtgesellschaftliche-aufgabe-bundeswehr-uebt-in-hamburg\/","og_site_name":"just-now.NEWS Deutschland","article_publisher":"https:\/\/www.facebook.com\/wirmachenauf","article_published_time":"2026-04-23T12:51:54+00:00","og_image":[{"url":"https:\/\/now-news.de\/de\/wp-content\/uploads\/sites\/3\/2026\/04\/69e9e9c648fbef3678207714.jpg"}],"author":"rtnews","twitter_card":"summary_large_image","twitter_creator":"@WirMachenAuf_de","twitter_site":"@WirMachenAuf_de","twitter_misc":{"Verfasst von":"rtnews","Gesch\u00e4tzte Lesezeit":"2\u00a0Minuten"},"schema":{"@context":"https:\/\/schema.org","@graph":[{"@type":"Article","@id":"https:\/\/now-news.de\/de\/deutschland\/verteidigung-als-gesamtgesellschaftliche-aufgabe-bundeswehr-uebt-in-hamburg\/#article","isPartOf":{"@id":"https:\/\/now-news.de\/de\/deutschland\/verteidigung-als-gesamtgesellschaftliche-aufgabe-bundeswehr-uebt-in-hamburg\/"},"author":{"name":"rtnews","@id":"https:\/\/now-news.de\/de\/#\/schema\/person\/fb534a4e865501d8b3285208df34a9b5"},"headline":"Verteidigung als gesamtgesellschaftliche Aufgabe \u2013 Bundeswehr \u00fcbt in Hamburg","datePublished":"2026-04-23T12:51:54+00:00","dateModified":"2026-04-23T12:51:54+00:00","mainEntityOfPage":{"@id":"https:\/\/now-news.de\/de\/deutschland\/verteidigung-als-gesamtgesellschaftliche-aufgabe-bundeswehr-uebt-in-hamburg\/"},"wordCount":435,"commentCount":0,"publisher":{"@id":"https:\/\/now-news.de\/de\/#organization"},"image":{"@id":"https:\/\/now-news.de\/de\/deutschland\/verteidigung-als-gesamtgesellschaftliche-aufgabe-bundeswehr-uebt-in-hamburg\/#primaryimage"},"thumbnailUrl":"https:\/\/now-news.de\/de\/wp-content\/uploads\/sites\/3\/Verteidigung-als-gesamtgesellschaftliche-Aufgabe-\u2013-Bundeswehr-uebt-in-Hamburg.jpg","keywords":["als","Aufgabe","Bundeswehr","gesamtgesellschaftliche","Hamburg","\u00fcbt","Verteidigung"],"articleSection":["Deutschland","Russland"],"inLanguage":"de","potentialAction":[{"@type":"CommentAction","name":"Comment","target":["https:\/\/now-news.de\/de\/deutschland\/verteidigung-als-gesamtgesellschaftliche-aufgabe-bundeswehr-uebt-in-hamburg\/#respond"]}]},{"@type":"WebPage","@id":"https:\/\/now-news.de\/de\/deutschland\/verteidigung-als-gesamtgesellschaftliche-aufgabe-bundeswehr-uebt-in-hamburg\/","url":"https:\/\/now-news.de\/de\/deutschland\/verteidigung-als-gesamtgesellschaftliche-aufgabe-bundeswehr-uebt-in-hamburg\/","name":"Verteidigung als gesamtgesellschaftliche Aufgabe \u2013 Bundeswehr \u00fcbt in Hamburg - just-now.NEWS Deutschland","isPartOf":{"@id":"https:\/\/now-news.de\/de\/#website"},"primaryImageOfPage":{"@id":"https:\/\/now-news.de\/de\/deutschland\/verteidigung-als-gesamtgesellschaftliche-aufgabe-bundeswehr-uebt-in-hamburg\/#primaryimage"},"image":{"@id":"https:\/\/now-news.de\/de\/deutschland\/verteidigung-als-gesamtgesellschaftliche-aufgabe-bundeswehr-uebt-in-hamburg\/#primaryimage"},"thumbnailUrl":"https:\/\/now-news.de\/de\/wp-content\/uploads\/sites\/3\/Verteidigung-als-gesamtgesellschaftliche-Aufgabe-\u2013-Bundeswehr-uebt-in-Hamburg.jpg","datePublished":"2026-04-23T12:51:54+00:00","dateModified":"2026-04-23T12:51:54+00:00","breadcrumb":{"@id":"https:\/\/now-news.de\/de\/deutschland\/verteidigung-als-gesamtgesellschaftliche-aufgabe-bundeswehr-uebt-in-hamburg\/#breadcrumb"},"inLanguage":"de","potentialAction":[{"@type":"ReadAction","target":["https:\/\/now-news.de\/de\/deutschland\/verteidigung-als-gesamtgesellschaftliche-aufgabe-bundeswehr-uebt-in-hamburg\/"]}]},{"@type":"ImageObject","inLanguage":"de","@id":"https:\/\/now-news.de\/de\/deutschland\/verteidigung-als-gesamtgesellschaftliche-aufgabe-bundeswehr-uebt-in-hamburg\/#primaryimage","url":"https:\/\/now-news.de\/de\/wp-content\/uploads\/sites\/3\/Verteidigung-als-gesamtgesellschaftliche-Aufgabe-\u2013-Bundeswehr-uebt-in-Hamburg.jpg","contentUrl":"https:\/\/now-news.de\/de\/wp-content\/uploads\/sites\/3\/Verteidigung-als-gesamtgesellschaftliche-Aufgabe-\u2013-Bundeswehr-uebt-in-Hamburg.jpg","caption":"Verteidigung als gesamtgesellschaftliche Aufgabe \u2013 Bundeswehr \u00fcbt in Hamburg"},{"@type":"BreadcrumbList","@id":"https:\/\/now-news.de\/de\/deutschland\/verteidigung-als-gesamtgesellschaftliche-aufgabe-bundeswehr-uebt-in-hamburg\/#breadcrumb","itemListElement":[{"@type":"ListItem","position":1,"name":"Home","item":"https:\/\/now-news.de\/de\/"},{"@type":"ListItem","position":2,"name":"Verteidigung als gesamtgesellschaftliche Aufgabe \u2013 Bundeswehr \u00fcbt in Hamburg"}]},{"@type":"WebSite","@id":"https:\/\/now-news.de\/de\/#website","url":"https:\/\/now-news.de\/de\/","name":"just-now.NEWS Deutschland","description":"Das Portal f\u00fcr unzensierte Nachrichten aus der Welt","publisher":{"@id":"https:\/\/now-news.de\/de\/#organization"},"potentialAction":[{"@type":"SearchAction","target":{"@type":"EntryPoint","urlTemplate":"https:\/\/now-news.de\/de\/?s={search_term_string}"},"query-input":"required name=search_term_string"}],"inLanguage":"de"},{"@type":"Organization","@id":"https:\/\/now-news.de\/de\/#organization","name":"Just Now News","url":"https:\/\/now-news.de\/de\/","logo":{"@type":"ImageObject","inLanguage":"de","@id":"https:\/\/now-news.de\/de\/#\/schema\/logo\/image\/","url":"http:\/\/just-now.news\/de\/wp-content\/uploads\/sites\/3\/2022\/04\/logo500x500.jpg","contentUrl":"http:\/\/just-now.news\/de\/wp-content\/uploads\/sites\/3\/2022\/04\/logo500x500.jpg","width":500,"height":500,"caption":"Just Now News"},"image":{"@id":"https:\/\/now-news.de\/de\/#\/schema\/logo\/image\/"},"sameAs":["https:\/\/www.facebook.com\/wirmachenauf","https:\/\/x.com\/WirMachenAuf_de"]},{"@type":"Person","@id":"https:\/\/now-news.de\/de\/#\/schema\/person\/fb534a4e865501d8b3285208df34a9b5","name":"rtnews","image":{"@type":"ImageObject","inLanguage":"de","@id":"https:\/\/now-news.de\/de\/#\/schema\/person\/image\/","url":"https:\/\/secure.gravatar.com\/avatar\/82aafea7d8127119dd649515f56e2117?s=96&d=mm&r=g","contentUrl":"https:\/\/secure.gravatar.com\/avatar\/82aafea7d8127119dd649515f56e2117?s=96&d=mm&r=g","caption":"rtnews"},"url":"https:\/\/now-news.de\/de\/author\/rnews\/"}]}},"_links":{"self":[{"href":"https:\/\/now-news.de\/de\/wp-json\/wp\/v2\/posts\/102174"}],"collection":[{"href":"https:\/\/now-news.de\/de\/wp-json\/wp\/v2\/posts"}],"about":[{"href":"https:\/\/now-news.de\/de\/wp-json\/wp\/v2\/types\/post"}],"author":[{"embeddable":true,"href":"https:\/\/now-news.de\/de\/wp-json\/wp\/v2\/users\/3"}],"replies":[{"embeddable":true,"href":"https:\/\/now-news.de\/de\/wp-json\/wp\/v2\/comments?post=102174"}],"version-history":[{"count":0,"href":"https:\/\/now-news.de\/de\/wp-json\/wp\/v2\/posts\/102174\/revisions"}],"wp:featuredmedia":[{"embeddable":true,"href":"https:\/\/now-news.de\/de\/wp-json\/wp\/v2\/media\/102175"}],"wp:attachment":[{"href":"https:\/\/now-news.de\/de\/wp-json\/wp\/v2\/media?parent=102174"}],"wp:term":[{"taxonomy":"category","embeddable":true,"href":"https:\/\/now-news.de\/de\/wp-json\/wp\/v2\/categories?post=102174"},{"taxonomy":"post_tag","embeddable":true,"href":"https:\/\/now-news.de\/de\/wp-json\/wp\/v2\/tags?post=102174"}],"curies":[{"name":"wp","href":"https:\/\/api.w.org\/{rel}","templated":true}]}}