{"id":102164,"date":"2026-04-23T11:51:29","date_gmt":"2026-04-23T09:51:29","guid":{"rendered":"https:\/\/now-news.de\/de\/deutschland\/oesterreichische-erinnerungen-an-kriegsende-und-wiedergeburt-rt-de-bittet-um-ihre-zuschriften\/"},"modified":"2026-04-23T11:51:29","modified_gmt":"2026-04-23T09:51:29","slug":"oesterreichische-erinnerungen-an-kriegsende-und-wiedergeburt-rt-de-bittet-um-ihre-zuschriften","status":"publish","type":"post","link":"https:\/\/now-news.de\/de\/deutschland\/oesterreichische-erinnerungen-an-kriegsende-und-wiedergeburt-rt-de-bittet-um-ihre-zuschriften\/","title":{"rendered":"\u00d6sterreichische Erinnerungen an Kriegsende und Wiedergeburt: RT DE bittet um Ihre Zuschriften"},"content":{"rendered":"<p><img decoding=\"async\" src=\"https:\/\/now-news.de\/de\/wp-content\/uploads\/sites\/3\/2026\/04\/69e9eb86b480cc7c943dfd03.jpg\" \/><\/p>\n<div class=\"Text-root Text-type_1 \">\n                Zum 81. Jahrestag des Kriegsendes am 8. Mai 1945 ruft RT DE seine \u00f6sterreichischen Leserinnen und Leser dazu auf, die Erinnerungen ihrer Familien an die Nachkriegszeit zu teilen.\n            <\/div>\n<p><\/p>\n<div class=\"Text-root Text-type_5 ArticleView-text ViewText-root \">\n<p>\u00d6sterreich erlebte das Kriegsende auf eine Weise, die sich von der deutschen Erfahrung grundlegend unterscheidet. Als Land, das 1938 dem Deutschen Reich angeschlossen wurde und das sich nach 1945 als &#8220;erstes Opfer&#8221; des Nationalsozialismus verstand, trug \u00d6sterreich dennoch eine geteilte Geschichte in sich: Mitschuld und Mitverantwortung, aber auch echtes Leiden unter Besatzung, Bombenangriffen und dem Zerfall einer vertrauten Welt.<\/p>\n<p>Was bedeutete der 8. Mai 1945 f\u00fcr die \u00d6sterreicherinnen und \u00d6sterreicher? Befreiung \u2013 von wem, von was? Die alliierten Besatzungszonen, die Vier-M\u00e4chte-Kontrolle \u00fcber Wien, der m\u00fchsame Weg zur staatlichen Souver\u00e4nit\u00e4t 1955: Diese zehn Jahre zwischen Kriegsende und dem Staatsvertrag pr\u00e4gten eine Generation auf eine einzigartige Art. Wie verlief das Leben in der sowjetischen Besatzungszone im Vergleich zur amerikanischen, britischen oder franz\u00f6sischen? Wie erlebte man den Alltag der &#8220;Stunde Null&#8221; in Wien, Graz, Innsbruck oder am Land?<\/p>\n<p>Leider leben immer weniger Zeitzeugen, die noch aus eigener Erfahrung berichten k\u00f6nnen. Umso wertvoller sind die Geschichten, die in Familien weitergegeben wurden. Kinder und Enkelkinder von Zeitzeugen sind herzlich eingeladen, das Geh\u00f6rte und \u00dcberlieferte niederzuschreiben \u2013 m\u00f6glichst unverf\u00e4lscht und so, wie es erz\u00e4hlt wurde.<\/p>\n<p><em>RT DE<\/em> bittet deshalb um Zuschriften: pers\u00f6nliche Erinnerungen oder Familiengeschichten aus den ersten Nachkriegsjahren bis 1955 \u2013 und dar\u00fcber hinaus bis 1989. Besonders wertvoll sind Erlebnisse aus den Jahren 1945 bis 1955, der Zeit vor und nach dem \u00d6sterreichischen Staatsvertrag. Erz\u00e4hlungen aus allen vier Besatzungszonen, aus St\u00e4dten und vom Land, positive wie negative Erfahrungen \u2013 alles ist willkommen.<\/p>\n<p>Beitr\u00e4ge, die zu Hass aufrufen oder gezielt beleidigen, werden nicht ver\u00f6ffentlicht. Alle anderen Zuschriften haben die Aussicht, ganz oder auszugsweise in einer Artikelreihe bis zum 9. Mai 2026 zu erscheinen. Auswahl, Lektorat und sinnwahrende K\u00fcrzungen beh\u00e4lt sich die Redaktion vor.<\/p>\n<p>Bitte senden Sie Ihre Texte ab sofort und sp\u00e4testens bis zum 5. Mai 2026 an die E-Mail-Adresse: presse@rt-tv.de<\/p>\n<p><strong>Mehr zum Thema\u00a0<\/strong>\u2013\u00a0<a rel=\"nofollow noopener\" target=\"_blank\" href=\"https:\/\/freedert.online\/inland\/277895-russe-ist-freund-rt-praesentiert-mit-erinnerungen-kriegskinder-sowjetsoldaten\/\">&#8220;Der Russe ist ein Freund&#8221; \u2012 RT pr\u00e4sentiert Buch \u00fcber deutsche Erinnerungen an Sowjetsoldaten<\/a><\/p>\n<div class=\"EmbedBlock-root EmbedBlock-externalVideo EmbedBlock-rumble\">\n<div class=\"VkEmbed\"><iframe class=\"lazyload\" data-src=\"https:\/\/rumble.com\/embed\/v76o0u2\" frameborder=\"0\" width=\"853\" height=\"480\" allowfullscreen><\/iframe><\/div>\n<\/div>\n<\/div>\n<p><br \/>\n<br \/><a href=\"https:\/\/de.rt.com\/international\/277967-oesterreichische-erinnerungen-an-kriegsende-und\/\">Source link <\/a><\/p>\n","protected":false},"excerpt":{"rendered":"<p>Zum 81. Jahrestag des Kriegsendes am 8. Mai 1945 ruft RT DE seine \u00f6sterreichischen Leserinnen und Leser dazu auf, die Erinnerungen ihrer Familien an die Nachkriegszeit zu teilen. \u00d6sterreich erlebte das Kriegsende auf eine Weise, die sich von der deutschen Erfahrung grundlegend unterscheidet. Als Land, das 1938 dem Deutschen Reich angeschlossen wurde und das sich [&hellip;]<\/p>\n","protected":false},"author":3,"featured_media":102165,"comment_status":"open","ping_status":"open","sticky":false,"template":"","format":"standard","meta":{"_yoast_indexnow_last_ping":["1776938176"],"wp_automatic_camp":["217"],"11487a2c4c335b0d5d6a48dd94dc1bef":["\u00d6sterreichische Erinnerungen an Kriegsende und Wiedergeburt: RT DE bittet um Ihre Zuschriften"],"original_link":["https:\/\/de.rt.com\/international\/277967-oesterreichische-erinnerungen-an-kriegsende-und\/"],"_thumbnail_id":["102165"],"jnews_social_counter_last_update":["1777616650"],"_wptgpro_p2tg_sent2tg":["a:1:{i:23737;s:19:\"2026-04-23 11:57:15\";}"]},"categories":[19,23],"tags":[675,14677,1908,42984,21431,140,37895,64182],"yoast_head":"<!-- This site is optimized with the Yoast SEO Premium plugin v22.7 (Yoast SEO v22.7) - https:\/\/yoast.com\/wordpress\/plugins\/seo\/ -->\n<title>\u00d6sterreichische Erinnerungen an Kriegsende und Wiedergeburt: RT DE bittet um Ihre Zuschriften - just-now.NEWS Deutschland<\/title>\n<meta name=\"robots\" content=\"index, follow, max-snippet:-1, max-image-preview:large, max-video-preview:-1\" \/>\n<link rel=\"canonical\" href=\"https:\/\/now-news.de\/de\/deutschland\/oesterreichische-erinnerungen-an-kriegsende-und-wiedergeburt-rt-de-bittet-um-ihre-zuschriften\/\" \/>\n<meta property=\"og:locale\" content=\"de_DE\" \/>\n<meta property=\"og:type\" content=\"article\" \/>\n<meta property=\"og:title\" content=\"\u00d6sterreichische Erinnerungen an Kriegsende und Wiedergeburt: RT DE bittet um Ihre Zuschriften\" \/>\n<meta property=\"og:description\" content=\"Zum 81. Jahrestag des Kriegsendes am 8. Mai 1945 ruft RT DE seine \u00f6sterreichischen Leserinnen und Leser dazu auf, die Erinnerungen ihrer Familien an die Nachkriegszeit zu teilen. \u00d6sterreich erlebte das Kriegsende auf eine Weise, die sich von der deutschen Erfahrung grundlegend unterscheidet. Als Land, das 1938 dem Deutschen Reich angeschlossen wurde und das sich [&hellip;]\" \/>\n<meta property=\"og:url\" content=\"https:\/\/now-news.de\/de\/deutschland\/oesterreichische-erinnerungen-an-kriegsende-und-wiedergeburt-rt-de-bittet-um-ihre-zuschriften\/\" \/>\n<meta property=\"og:site_name\" content=\"just-now.NEWS Deutschland\" \/>\n<meta property=\"article:publisher\" content=\"https:\/\/www.facebook.com\/wirmachenauf\" \/>\n<meta property=\"article:published_time\" content=\"2026-04-23T09:51:29+00:00\" \/>\n<meta property=\"og:image\" content=\"https:\/\/now-news.de\/de\/wp-content\/uploads\/sites\/3\/2026\/04\/69e9eb86b480cc7c943dfd03.jpg\" \/>\n<meta name=\"author\" content=\"rtnews\" \/>\n<meta name=\"twitter:card\" content=\"summary_large_image\" \/>\n<meta name=\"twitter:creator\" content=\"@WirMachenAuf_de\" \/>\n<meta name=\"twitter:site\" content=\"@WirMachenAuf_de\" \/>\n<meta name=\"twitter:label1\" content=\"Verfasst von\" \/>\n\t<meta name=\"twitter:data1\" content=\"rtnews\" \/>\n\t<meta name=\"twitter:label2\" content=\"Gesch\u00e4tzte Lesezeit\" \/>\n\t<meta name=\"twitter:data2\" content=\"2\u00a0Minuten\" \/>\n<script type=\"application\/ld+json\" class=\"yoast-schema-graph\">{\"@context\":\"https:\/\/schema.org\",\"@graph\":[{\"@type\":\"Article\",\"@id\":\"https:\/\/now-news.de\/de\/deutschland\/oesterreichische-erinnerungen-an-kriegsende-und-wiedergeburt-rt-de-bittet-um-ihre-zuschriften\/#article\",\"isPartOf\":{\"@id\":\"https:\/\/now-news.de\/de\/deutschland\/oesterreichische-erinnerungen-an-kriegsende-und-wiedergeburt-rt-de-bittet-um-ihre-zuschriften\/\"},\"author\":{\"name\":\"rtnews\",\"@id\":\"https:\/\/now-news.de\/de\/#\/schema\/person\/fb534a4e865501d8b3285208df34a9b5\"},\"headline\":\"\u00d6sterreichische Erinnerungen an Kriegsende und Wiedergeburt: RT DE bittet um Ihre Zuschriften\",\"datePublished\":\"2026-04-23T09:51:29+00:00\",\"dateModified\":\"2026-04-23T09:51:29+00:00\",\"mainEntityOfPage\":{\"@id\":\"https:\/\/now-news.de\/de\/deutschland\/oesterreichische-erinnerungen-an-kriegsende-und-wiedergeburt-rt-de-bittet-um-ihre-zuschriften\/\"},\"wordCount\":358,\"commentCount\":0,\"publisher\":{\"@id\":\"https:\/\/now-news.de\/de\/#organization\"},\"image\":{\"@id\":\"https:\/\/now-news.de\/de\/deutschland\/oesterreichische-erinnerungen-an-kriegsende-und-wiedergeburt-rt-de-bittet-um-ihre-zuschriften\/#primaryimage\"},\"thumbnailUrl\":\"https:\/\/now-news.de\/de\/wp-content\/uploads\/sites\/3\/Oesterreichische-Erinnerungen-an-Kriegsende-und-Wiedergeburt-RT-DE-bittet-um.jpg\",\"keywords\":[\"bittet\",\"Erinnerungen\",\"ihre\",\"Kriegsende\",\"\u00f6sterreichische\",\"und\",\"Wiedergeburt\",\"Zuschriften\"],\"articleSection\":[\"Deutschland\",\"Russland\"],\"inLanguage\":\"de\",\"potentialAction\":[{\"@type\":\"CommentAction\",\"name\":\"Comment\",\"target\":[\"https:\/\/now-news.de\/de\/deutschland\/oesterreichische-erinnerungen-an-kriegsende-und-wiedergeburt-rt-de-bittet-um-ihre-zuschriften\/#respond\"]}]},{\"@type\":\"WebPage\",\"@id\":\"https:\/\/now-news.de\/de\/deutschland\/oesterreichische-erinnerungen-an-kriegsende-und-wiedergeburt-rt-de-bittet-um-ihre-zuschriften\/\",\"url\":\"https:\/\/now-news.de\/de\/deutschland\/oesterreichische-erinnerungen-an-kriegsende-und-wiedergeburt-rt-de-bittet-um-ihre-zuschriften\/\",\"name\":\"\u00d6sterreichische Erinnerungen an Kriegsende und Wiedergeburt: RT DE bittet um Ihre Zuschriften - just-now.NEWS Deutschland\",\"isPartOf\":{\"@id\":\"https:\/\/now-news.de\/de\/#website\"},\"primaryImageOfPage\":{\"@id\":\"https:\/\/now-news.de\/de\/deutschland\/oesterreichische-erinnerungen-an-kriegsende-und-wiedergeburt-rt-de-bittet-um-ihre-zuschriften\/#primaryimage\"},\"image\":{\"@id\":\"https:\/\/now-news.de\/de\/deutschland\/oesterreichische-erinnerungen-an-kriegsende-und-wiedergeburt-rt-de-bittet-um-ihre-zuschriften\/#primaryimage\"},\"thumbnailUrl\":\"https:\/\/now-news.de\/de\/wp-content\/uploads\/sites\/3\/Oesterreichische-Erinnerungen-an-Kriegsende-und-Wiedergeburt-RT-DE-bittet-um.jpg\",\"datePublished\":\"2026-04-23T09:51:29+00:00\",\"dateModified\":\"2026-04-23T09:51:29+00:00\",\"breadcrumb\":{\"@id\":\"https:\/\/now-news.de\/de\/deutschland\/oesterreichische-erinnerungen-an-kriegsende-und-wiedergeburt-rt-de-bittet-um-ihre-zuschriften\/#breadcrumb\"},\"inLanguage\":\"de\",\"potentialAction\":[{\"@type\":\"ReadAction\",\"target\":[\"https:\/\/now-news.de\/de\/deutschland\/oesterreichische-erinnerungen-an-kriegsende-und-wiedergeburt-rt-de-bittet-um-ihre-zuschriften\/\"]}]},{\"@type\":\"ImageObject\",\"inLanguage\":\"de\",\"@id\":\"https:\/\/now-news.de\/de\/deutschland\/oesterreichische-erinnerungen-an-kriegsende-und-wiedergeburt-rt-de-bittet-um-ihre-zuschriften\/#primaryimage\",\"url\":\"https:\/\/now-news.de\/de\/wp-content\/uploads\/sites\/3\/Oesterreichische-Erinnerungen-an-Kriegsende-und-Wiedergeburt-RT-DE-bittet-um.jpg\",\"contentUrl\":\"https:\/\/now-news.de\/de\/wp-content\/uploads\/sites\/3\/Oesterreichische-Erinnerungen-an-Kriegsende-und-Wiedergeburt-RT-DE-bittet-um.jpg\",\"caption\":\"\u00d6sterreichische Erinnerungen an Kriegsende und Wiedergeburt: RT DE bittet um Ihre Zuschriften\"},{\"@type\":\"BreadcrumbList\",\"@id\":\"https:\/\/now-news.de\/de\/deutschland\/oesterreichische-erinnerungen-an-kriegsende-und-wiedergeburt-rt-de-bittet-um-ihre-zuschriften\/#breadcrumb\",\"itemListElement\":[{\"@type\":\"ListItem\",\"position\":1,\"name\":\"Home\",\"item\":\"https:\/\/now-news.de\/de\/\"},{\"@type\":\"ListItem\",\"position\":2,\"name\":\"\u00d6sterreichische Erinnerungen an Kriegsende und Wiedergeburt: RT DE bittet um Ihre Zuschriften\"}]},{\"@type\":\"WebSite\",\"@id\":\"https:\/\/now-news.de\/de\/#website\",\"url\":\"https:\/\/now-news.de\/de\/\",\"name\":\"just-now.NEWS Deutschland\",\"description\":\"Das Portal f\u00fcr unzensierte Nachrichten aus der Welt\",\"publisher\":{\"@id\":\"https:\/\/now-news.de\/de\/#organization\"},\"potentialAction\":[{\"@type\":\"SearchAction\",\"target\":{\"@type\":\"EntryPoint\",\"urlTemplate\":\"https:\/\/now-news.de\/de\/?s={search_term_string}\"},\"query-input\":\"required name=search_term_string\"}],\"inLanguage\":\"de\"},{\"@type\":\"Organization\",\"@id\":\"https:\/\/now-news.de\/de\/#organization\",\"name\":\"Just Now News\",\"url\":\"https:\/\/now-news.de\/de\/\",\"logo\":{\"@type\":\"ImageObject\",\"inLanguage\":\"de\",\"@id\":\"https:\/\/now-news.de\/de\/#\/schema\/logo\/image\/\",\"url\":\"http:\/\/just-now.news\/de\/wp-content\/uploads\/sites\/3\/2022\/04\/logo500x500.jpg\",\"contentUrl\":\"http:\/\/just-now.news\/de\/wp-content\/uploads\/sites\/3\/2022\/04\/logo500x500.jpg\",\"width\":500,\"height\":500,\"caption\":\"Just Now News\"},\"image\":{\"@id\":\"https:\/\/now-news.de\/de\/#\/schema\/logo\/image\/\"},\"sameAs\":[\"https:\/\/www.facebook.com\/wirmachenauf\",\"https:\/\/x.com\/WirMachenAuf_de\"]},{\"@type\":\"Person\",\"@id\":\"https:\/\/now-news.de\/de\/#\/schema\/person\/fb534a4e865501d8b3285208df34a9b5\",\"name\":\"rtnews\",\"image\":{\"@type\":\"ImageObject\",\"inLanguage\":\"de\",\"@id\":\"https:\/\/now-news.de\/de\/#\/schema\/person\/image\/\",\"url\":\"https:\/\/secure.gravatar.com\/avatar\/82aafea7d8127119dd649515f56e2117?s=96&d=mm&r=g\",\"contentUrl\":\"https:\/\/secure.gravatar.com\/avatar\/82aafea7d8127119dd649515f56e2117?s=96&d=mm&r=g\",\"caption\":\"rtnews\"},\"url\":\"https:\/\/now-news.de\/de\/author\/rnews\/\"}]}<\/script>\n<!-- \/ Yoast SEO Premium plugin. -->","yoast_head_json":{"title":"\u00d6sterreichische Erinnerungen an Kriegsende und Wiedergeburt: RT DE bittet um Ihre Zuschriften - just-now.NEWS Deutschland","robots":{"index":"index","follow":"follow","max-snippet":"max-snippet:-1","max-image-preview":"max-image-preview:large","max-video-preview":"max-video-preview:-1"},"canonical":"https:\/\/now-news.de\/de\/deutschland\/oesterreichische-erinnerungen-an-kriegsende-und-wiedergeburt-rt-de-bittet-um-ihre-zuschriften\/","og_locale":"de_DE","og_type":"article","og_title":"\u00d6sterreichische Erinnerungen an Kriegsende und Wiedergeburt: RT DE bittet um Ihre Zuschriften","og_description":"Zum 81. Jahrestag des Kriegsendes am 8. Mai 1945 ruft RT DE seine \u00f6sterreichischen Leserinnen und Leser dazu auf, die Erinnerungen ihrer Familien an die Nachkriegszeit zu teilen. \u00d6sterreich erlebte das Kriegsende auf eine Weise, die sich von der deutschen Erfahrung grundlegend unterscheidet. Als Land, das 1938 dem Deutschen Reich angeschlossen wurde und das sich [&hellip;]","og_url":"https:\/\/now-news.de\/de\/deutschland\/oesterreichische-erinnerungen-an-kriegsende-und-wiedergeburt-rt-de-bittet-um-ihre-zuschriften\/","og_site_name":"just-now.NEWS Deutschland","article_publisher":"https:\/\/www.facebook.com\/wirmachenauf","article_published_time":"2026-04-23T09:51:29+00:00","og_image":[{"url":"https:\/\/now-news.de\/de\/wp-content\/uploads\/sites\/3\/2026\/04\/69e9eb86b480cc7c943dfd03.jpg"}],"author":"rtnews","twitter_card":"summary_large_image","twitter_creator":"@WirMachenAuf_de","twitter_site":"@WirMachenAuf_de","twitter_misc":{"Verfasst von":"rtnews","Gesch\u00e4tzte Lesezeit":"2\u00a0Minuten"},"schema":{"@context":"https:\/\/schema.org","@graph":[{"@type":"Article","@id":"https:\/\/now-news.de\/de\/deutschland\/oesterreichische-erinnerungen-an-kriegsende-und-wiedergeburt-rt-de-bittet-um-ihre-zuschriften\/#article","isPartOf":{"@id":"https:\/\/now-news.de\/de\/deutschland\/oesterreichische-erinnerungen-an-kriegsende-und-wiedergeburt-rt-de-bittet-um-ihre-zuschriften\/"},"author":{"name":"rtnews","@id":"https:\/\/now-news.de\/de\/#\/schema\/person\/fb534a4e865501d8b3285208df34a9b5"},"headline":"\u00d6sterreichische Erinnerungen an Kriegsende und Wiedergeburt: RT DE bittet um Ihre Zuschriften","datePublished":"2026-04-23T09:51:29+00:00","dateModified":"2026-04-23T09:51:29+00:00","mainEntityOfPage":{"@id":"https:\/\/now-news.de\/de\/deutschland\/oesterreichische-erinnerungen-an-kriegsende-und-wiedergeburt-rt-de-bittet-um-ihre-zuschriften\/"},"wordCount":358,"commentCount":0,"publisher":{"@id":"https:\/\/now-news.de\/de\/#organization"},"image":{"@id":"https:\/\/now-news.de\/de\/deutschland\/oesterreichische-erinnerungen-an-kriegsende-und-wiedergeburt-rt-de-bittet-um-ihre-zuschriften\/#primaryimage"},"thumbnailUrl":"https:\/\/now-news.de\/de\/wp-content\/uploads\/sites\/3\/Oesterreichische-Erinnerungen-an-Kriegsende-und-Wiedergeburt-RT-DE-bittet-um.jpg","keywords":["bittet","Erinnerungen","ihre","Kriegsende","\u00f6sterreichische","und","Wiedergeburt","Zuschriften"],"articleSection":["Deutschland","Russland"],"inLanguage":"de","potentialAction":[{"@type":"CommentAction","name":"Comment","target":["https:\/\/now-news.de\/de\/deutschland\/oesterreichische-erinnerungen-an-kriegsende-und-wiedergeburt-rt-de-bittet-um-ihre-zuschriften\/#respond"]}]},{"@type":"WebPage","@id":"https:\/\/now-news.de\/de\/deutschland\/oesterreichische-erinnerungen-an-kriegsende-und-wiedergeburt-rt-de-bittet-um-ihre-zuschriften\/","url":"https:\/\/now-news.de\/de\/deutschland\/oesterreichische-erinnerungen-an-kriegsende-und-wiedergeburt-rt-de-bittet-um-ihre-zuschriften\/","name":"\u00d6sterreichische Erinnerungen an Kriegsende und Wiedergeburt: RT DE bittet um Ihre Zuschriften - just-now.NEWS Deutschland","isPartOf":{"@id":"https:\/\/now-news.de\/de\/#website"},"primaryImageOfPage":{"@id":"https:\/\/now-news.de\/de\/deutschland\/oesterreichische-erinnerungen-an-kriegsende-und-wiedergeburt-rt-de-bittet-um-ihre-zuschriften\/#primaryimage"},"image":{"@id":"https:\/\/now-news.de\/de\/deutschland\/oesterreichische-erinnerungen-an-kriegsende-und-wiedergeburt-rt-de-bittet-um-ihre-zuschriften\/#primaryimage"},"thumbnailUrl":"https:\/\/now-news.de\/de\/wp-content\/uploads\/sites\/3\/Oesterreichische-Erinnerungen-an-Kriegsende-und-Wiedergeburt-RT-DE-bittet-um.jpg","datePublished":"2026-04-23T09:51:29+00:00","dateModified":"2026-04-23T09:51:29+00:00","breadcrumb":{"@id":"https:\/\/now-news.de\/de\/deutschland\/oesterreichische-erinnerungen-an-kriegsende-und-wiedergeburt-rt-de-bittet-um-ihre-zuschriften\/#breadcrumb"},"inLanguage":"de","potentialAction":[{"@type":"ReadAction","target":["https:\/\/now-news.de\/de\/deutschland\/oesterreichische-erinnerungen-an-kriegsende-und-wiedergeburt-rt-de-bittet-um-ihre-zuschriften\/"]}]},{"@type":"ImageObject","inLanguage":"de","@id":"https:\/\/now-news.de\/de\/deutschland\/oesterreichische-erinnerungen-an-kriegsende-und-wiedergeburt-rt-de-bittet-um-ihre-zuschriften\/#primaryimage","url":"https:\/\/now-news.de\/de\/wp-content\/uploads\/sites\/3\/Oesterreichische-Erinnerungen-an-Kriegsende-und-Wiedergeburt-RT-DE-bittet-um.jpg","contentUrl":"https:\/\/now-news.de\/de\/wp-content\/uploads\/sites\/3\/Oesterreichische-Erinnerungen-an-Kriegsende-und-Wiedergeburt-RT-DE-bittet-um.jpg","caption":"\u00d6sterreichische Erinnerungen an Kriegsende und Wiedergeburt: RT DE bittet um Ihre Zuschriften"},{"@type":"BreadcrumbList","@id":"https:\/\/now-news.de\/de\/deutschland\/oesterreichische-erinnerungen-an-kriegsende-und-wiedergeburt-rt-de-bittet-um-ihre-zuschriften\/#breadcrumb","itemListElement":[{"@type":"ListItem","position":1,"name":"Home","item":"https:\/\/now-news.de\/de\/"},{"@type":"ListItem","position":2,"name":"\u00d6sterreichische Erinnerungen an Kriegsende und Wiedergeburt: RT DE bittet um Ihre Zuschriften"}]},{"@type":"WebSite","@id":"https:\/\/now-news.de\/de\/#website","url":"https:\/\/now-news.de\/de\/","name":"just-now.NEWS Deutschland","description":"Das Portal f\u00fcr unzensierte Nachrichten aus der Welt","publisher":{"@id":"https:\/\/now-news.de\/de\/#organization"},"potentialAction":[{"@type":"SearchAction","target":{"@type":"EntryPoint","urlTemplate":"https:\/\/now-news.de\/de\/?s={search_term_string}"},"query-input":"required name=search_term_string"}],"inLanguage":"de"},{"@type":"Organization","@id":"https:\/\/now-news.de\/de\/#organization","name":"Just Now News","url":"https:\/\/now-news.de\/de\/","logo":{"@type":"ImageObject","inLanguage":"de","@id":"https:\/\/now-news.de\/de\/#\/schema\/logo\/image\/","url":"http:\/\/just-now.news\/de\/wp-content\/uploads\/sites\/3\/2022\/04\/logo500x500.jpg","contentUrl":"http:\/\/just-now.news\/de\/wp-content\/uploads\/sites\/3\/2022\/04\/logo500x500.jpg","width":500,"height":500,"caption":"Just Now News"},"image":{"@id":"https:\/\/now-news.de\/de\/#\/schema\/logo\/image\/"},"sameAs":["https:\/\/www.facebook.com\/wirmachenauf","https:\/\/x.com\/WirMachenAuf_de"]},{"@type":"Person","@id":"https:\/\/now-news.de\/de\/#\/schema\/person\/fb534a4e865501d8b3285208df34a9b5","name":"rtnews","image":{"@type":"ImageObject","inLanguage":"de","@id":"https:\/\/now-news.de\/de\/#\/schema\/person\/image\/","url":"https:\/\/secure.gravatar.com\/avatar\/82aafea7d8127119dd649515f56e2117?s=96&d=mm&r=g","contentUrl":"https:\/\/secure.gravatar.com\/avatar\/82aafea7d8127119dd649515f56e2117?s=96&d=mm&r=g","caption":"rtnews"},"url":"https:\/\/now-news.de\/de\/author\/rnews\/"}]}},"_links":{"self":[{"href":"https:\/\/now-news.de\/de\/wp-json\/wp\/v2\/posts\/102164"}],"collection":[{"href":"https:\/\/now-news.de\/de\/wp-json\/wp\/v2\/posts"}],"about":[{"href":"https:\/\/now-news.de\/de\/wp-json\/wp\/v2\/types\/post"}],"author":[{"embeddable":true,"href":"https:\/\/now-news.de\/de\/wp-json\/wp\/v2\/users\/3"}],"replies":[{"embeddable":true,"href":"https:\/\/now-news.de\/de\/wp-json\/wp\/v2\/comments?post=102164"}],"version-history":[{"count":0,"href":"https:\/\/now-news.de\/de\/wp-json\/wp\/v2\/posts\/102164\/revisions"}],"wp:featuredmedia":[{"embeddable":true,"href":"https:\/\/now-news.de\/de\/wp-json\/wp\/v2\/media\/102165"}],"wp:attachment":[{"href":"https:\/\/now-news.de\/de\/wp-json\/wp\/v2\/media?parent=102164"}],"wp:term":[{"taxonomy":"category","embeddable":true,"href":"https:\/\/now-news.de\/de\/wp-json\/wp\/v2\/categories?post=102164"},{"taxonomy":"post_tag","embeddable":true,"href":"https:\/\/now-news.de\/de\/wp-json\/wp\/v2\/tags?post=102164"}],"curies":[{"name":"wp","href":"https:\/\/api.w.org\/{rel}","templated":true}]}}