{"id":102160,"date":"2026-04-23T10:14:22","date_gmt":"2026-04-23T08:14:22","guid":{"rendered":"https:\/\/now-news.de\/de\/deutschland\/berlin-schah-sohn-reza-pahlavi-besucht-die-hauptstadt-%e2%80%92-kanzleramt-lehnt-treffen-ab\/"},"modified":"2026-04-23T10:14:22","modified_gmt":"2026-04-23T08:14:22","slug":"berlin-schah-sohn-reza-pahlavi-besucht-die-hauptstadt-%e2%80%92-kanzleramt-lehnt-treffen-ab","status":"publish","type":"post","link":"https:\/\/now-news.de\/de\/deutschland\/berlin-schah-sohn-reza-pahlavi-besucht-die-hauptstadt-%e2%80%92-kanzleramt-lehnt-treffen-ab\/","title":{"rendered":"Berlin: Schah-Sohn Reza Pahlavi besucht die Hauptstadt \u2012 Kanzleramt lehnt Treffen ab"},"content":{"rendered":"<p><img decoding=\"async\" src=\"https:\/\/now-news.de\/de\/wp-content\/uploads\/sites\/3\/2026\/04\/69e9b54e48fbef32ba17b8c4.jpg\" \/><\/p>\n<div class=\"Text-root Text-type_1 \">\n                Reza Pahlavi gilt als US-gef\u00f6rderter Wunschkandidat f\u00fcr einen Regimewechsel in Teheran. Der medial als &#8220;Schah-Sohn&#8221; beworbene Iraner ist bereits am Mittwoch in Berlin eingetroffen und will am Donnerstag auf der Regierungspressekonferenz vor Journalisten sprechen. Das Kanzleramt teilte mit, es gebe f\u00fcr ein Treffen &#8220;keinen Anlass&#8221;.\n            <\/div>\n<p><\/p>\n<div class=\"Text-root Text-type_5 ArticleView-text ViewText-root \">\n<p>Der iranische Exilpolitiker Reza Pahlavi erkl\u00e4rte bereits gestern auf X, dass er sich aktuell in Berlin aufh\u00e4lt. Die Bundespressekonferenz (BPK) gab bereits zu Wochenanfang bekannt, dass Pahlavi am heutigen Donnerstag in den BPK-R\u00e4umlichkeiten vor den Hauptstadtjournalisten eine &#8220;Stellungnahme zur aktuellen Lage in Iran&#8221; abgeben wird. Laut Medienberichten zeigt sich das Regierungsviertel eher bedeckt zu dem Besuch.\u00a0Regierungssprecher Stefan Kornelius erkl\u00e4rte am Mittwoch, Pahlavi sei als &#8220;Privatmann&#8221; angereist und werde auch so wahrgenommen. Daher gebe es &#8220;keinen Anlass, mit ihm das Gespr\u00e4ch zu suchen&#8221;.<\/p>\n<p>Zum Zeitraum der US-israelisch gelenkten\u00a0Massenproteste in Iran wurde der &#8220;Schah-Sohn&#8221; und US-Exilant\u00a0Reza Pahlavi umgehend als vermeintlicher &#8220;Hoffnungstr\u00e4ger der Regimegegner&#8221; medial in Erinnerung gerufen.\u00a0<\/p>\n<p>Pahlavi weilt nun im Rahmen seines ersten offiziellen Besuchs in der deutschen Hauptstadt. Laut aktuellen Agenturmeldungen w\u00fcrde er f\u00fcr &#8220;viele Exil-Iraner die M\u00f6glichkeit eines politischen \u00dcbergangs verk\u00f6rpern&#8221;. Pahlavi informierte dazu auf X:<\/p>\n<p>&#8220;<em>W\u00e4hrend Iraner weiterhin f\u00fcr ihre Freiheit k\u00e4mpfen, bin ich nach Berlin gekommen, um daf\u00fcr zu sorgen, dass ihre Stimmen Geh\u00f6r finden.&#8221;<\/em><\/p>\n<div class=\"EmbedBlock-root EmbedBlock-twitter\">\n<div class=\"TwitterEmbed\">\n<blockquote class=\"twitter-tweet lazyload\" data-twitter=\"twitter-tweet\">\n<p lang=\"en\" dir=\"ltr\">As Iranians continue to fight for their liberation, I have arrived in Berlin to ensure their voices are heard.Tomorrow I will meet at the Bundestag with elected officials across the German political spectrum, speak to members of the press, and meet with the Iranian diaspora.<\/p>\n<p>\u2014 Reza Pahlavi (@PahlaviReza) <a rel=\"nofollow noopener\" target=\"_blank\" href=\"https:\/\/twitter.com\/PahlaviReza\/status\/2046925665140621393?ref_src=twsrc%5Etfw\">April 22, 2026<\/a><\/p><\/blockquote>\n<\/div>\n<\/div>\n<p>In dem Beitrag k\u00fcndigt Pahlavi w\u00f6rtlich an, dass er sich heute &#8220;im Bundestag mit Abgeordneten aus dem gesamten politischen Spektrum&#8221; sowie mit Vertretern der Presse treffen werde. Zudem seien Gespr\u00e4che mit &#8220;Vertretern der iranischen Diaspora&#8221; geplant. Demgegen\u00fcber <a rel=\"nofollow noopener\" target=\"_blank\" href=\"https:\/\/www.zdfheute.de\/politik\/deutschland\/reza-pahlavi-iran-schah-sohn-besuch-berlin-laschet-100.html\">titelte<\/a>\u00a0das <em>ZDF<\/em> bereits am Vortag:<\/p>\n<p><em>&#8220;Kritik an Exilpolitiker: Schah-Sohn Pahlavi in Berlin \u2012 Politiker gehen auf Distanz. Der Sohn des iranischen Schahs soll in Berlin Armin Laschet (CDU) treffen. Andere Politiker von Union, Linken und Gr\u00fcnen gehen klar auf Distanz zu Reza Pahlavi.&#8221;<\/em><\/p>\n<p>So gebe es im Vorfeld des Besuches laut <em>taz<\/em>&#8211;<a rel=\"nofollow noopener\" target=\"_blank\" href=\"https:\/\/taz.de\/Besuch-des-Schah-Sohns-in-Berlin\/!6173105\/\">Artikel<\/a>\u00a0unter anderem &#8220;Kritik von Linken, kurdischen und iranischen Gruppen&#8221;. Laut Agenturmeldungen \u00e4u\u00dferten sich zudem auch das Kanzleramt sowie das Ausw\u00e4rtige Amt (AA) im Regierungsviertel nicht begeistert \u00fcber die Anwesenheit.<\/p>\n<p>Au\u00dfenminister Johann Wadephul habe sich laut <em>ARD-Tagesschau<\/em> &#8220;zur\u00fcckhaltend zum Besuch&#8221; des Schah-Sohns <a rel=\"nofollow noopener\" target=\"_blank\" href=\"https:\/\/www.tagesschau.de\/inland\/gesellschaft\/pahlavi-berlin-100.html\">ge\u00e4u\u00dfert<\/a>. Laut dem Minister werte das AA die Anwesenheit als die &#8220;einer Privatperson&#8221;, die nach Deutschland reise und, so Wadephul w\u00f6rtlich, &#8220;wenn ich das richtig sehe, im politischen Raum auch Diskussionen f\u00fchrt&#8221;. Es sei jedoch &#8220;nicht die Aufgabe der Bundesregierung, derartige Gespr\u00e4che zu f\u00fchren&#8221;, f\u00fcgte der AA-Chef vor Journalisten in Dublin auf Nachfrage hinzu.\u00a0<\/p>\n<p>Auf den Pahlavi-Aufenthalt in Berlin angesprochen, erkl\u00e4rte Regierungssprecher Stefan Kornelius bereits gestern, es gebe &#8220;keinen Anlass, mit ihm das Gespr\u00e4ch zu suchen&#8221;. Pahlavi sei &#8220;ein Privatmann, der nat\u00fcrlich f\u00fcr eine Bewegung steht oder von einer Bewegung getragen wird&#8221;, so Kornelius. Die Bundesregierung erwarte demnach, &#8220;dass das iranische Volk die freie Entscheidung hat, \u00fcber seine F\u00fchrung zu bestimmen&#8221;.<\/p>\n<p>Berlins Justizsenatorin Felor Badenberg (CDU), die laut <em>Tagesspiegel<\/em>-Artikel aus Iran stammt, erkl\u00e4rte dem Blatt, dass &#8220;die Familie Pahlavi f\u00fcr ein autorit\u00e4res System vor 1979 steht&#8221;. Sie gab weiter zu Protokoll, dass Pahlavis Vater &#8220;politische Gegner verfolgen, foltern und ermorden lie\u00df. Pressefreiheit und eine unabh\u00e4ngige Justiz existierten nicht&#8221;, f\u00fchrte die CDU-Politikerin weiter aus.<\/p>\n<p>Das B\u00fcro des Parteikollegen und\u00a0Vorsitzenden des Au\u00dfenausschusses, Armin Laschet, erkl\u00e4rte demgegen\u00fcber, Pahlavi werde als &#8220;bedeutender Vertreter der iranischen Oppositionsbewegung&#8221; empfangen.<\/p>\n<div class=\"EmbedBlock-root EmbedBlock-twitter\">\n<div class=\"TwitterEmbed\">\n<blockquote class=\"twitter-tweet lazyload\" data-twitter=\"twitter-tweet\">\n<p lang=\"de\" dir=\"ltr\">Ein freier, demokratischer Iran ist die Hoffnung der Menschen im Iran und der gesamten Region. Heute werde ich mit Bundestagskolleginnen und -kollegen verschiedener Fraktionen <a rel=\"nofollow noopener\" target=\"_blank\" href=\"https:\/\/twitter.com\/PahlaviReza?ref_src=twsrc%5Etfw\">@PahlaviReza<\/a> treffen, der im Rahmen seiner Europareise in Berlin ist. F\u00fcr viele Oppositionelle ist er\u2026 <a rel=\"nofollow noopener\" target=\"_blank\" href=\"https:\/\/t.co\/GWqclOmnej\">pic.twitter.com\/GWqclOmnej<\/a><\/p>\n<p>\u2014 Armin Laschet (@ArminLaschet) <a rel=\"nofollow noopener\" target=\"_blank\" href=\"https:\/\/twitter.com\/ArminLaschet\/status\/2047214179090587925?ref_src=twsrc%5Etfw\">April 23, 2026<\/a><\/p><\/blockquote>\n<\/div>\n<\/div>\n<p>Das geplante Treffen diene dem Austausch &#8220;\u00fcber die aktuelle politische Lage in Iran sowie \u00fcber Perspektiven f\u00fcr die Zukunft&#8221;.<\/p>\n<p>Zuvor\u00a0wird Pahlavi wie angek\u00fcndigt am Donnerstagvormittag auf der Bundespressekonferenz eine Stellungnahme zur aktuellen Lage in Iran abgeben.<\/p>\n<p>F\u00fcr den heutigen Tag sind in Berlin mehrere Demonstrationen f\u00fcr und gegen Pahlavi angemeldet. Laut <a rel=\"nofollow noopener\" target=\"_blank\" href=\"https:\/\/www.berliner-zeitung.de\/article\/schah-sohn-pahlavi-in-berlin-demos-sorgen-fuer-sperrungen-10032183\">Darlegung<\/a>\u00a0der <em>Berliner Zeitung<\/em>\u00a0sieht der 65-J\u00e4hrige seine aktuelle politische Rolle &#8220;nach eigenen Angaben als &#8216;einende nationale Figur&#8217; und spricht sich f\u00fcr eine s\u00e4kulare Demokratie in Iran aus&#8221;.<\/p>\n<p>Teile der iranischen Opposition im Ausland w\u00fcrden ihn dabei unterst\u00fctzen, &#8220;andere kritisieren ihn unter anderem wegen seiner N\u00e4he zu Israel&#8221;.\u00a0<\/p>\n<p>Die Linken-Au\u00dfenpolitikerin Cansu \u00d6zdemir nannte das geplante Treffen\u00a0von Pahlavi\u00a0mit\u00a0Laschet und weiteren ungenannten Bundestagsabgeordneten &#8220;hochproblematisch&#8221;. Pahlavi sei &#8220;kein glaubw\u00fcrdiger Demokrat&#8221;, sagte sie dem <em>Tagesspiegel.<\/em><\/p>\n<p>Die Polizei wird laut Angaben mit 800 Einsatzkr\u00e4ften den Tag begleiten. Aufgrund der Demonstrationen muss besonders rund um das Regierungsviertel mit erheblichen Verkehrseinschr\u00e4nkungen gerechnet werden.<em><\/em><\/p>\n<p><strong>Mehr zum Thema \u2012<\/strong>\u00a0<a rel=\"nofollow noopener\" target=\"_blank\" href=\"https:\/\/freedert.online\/der-nahe-osten\/277873-verdeckter-krieg-im-schatten-iran\/\">Verdeckter Krieg im Schatten des Iran-Konflikts: Saudi-Arabien gegen Irak <\/a><\/p>\n<div class=\"EmbedBlock-root EmbedBlock-externalVideo EmbedBlock-rumble\">\n<div class=\"VkEmbed\"><iframe class=\"lazyload\" data-src=\"https:\/\/rumble.com\/embed\/v76nrty\" frameborder=\"0\" width=\"853\" height=\"480\" allowfullscreen><\/iframe><\/div>\n<\/div>\n<\/div>\n<p><script async src=\"https:\/\/platform.twitter.com\/widgets.js\" charset=\"utf-8\"><\/script><br \/>\n<br \/><br \/>\n<br \/><a href=\"https:\/\/de.rt.com\/inland\/277954-berlin-schah-sohn-reza-pahlavi\/\">Source link <\/a><\/p>\n","protected":false},"excerpt":{"rendered":"<p>Reza Pahlavi gilt als US-gef\u00f6rderter Wunschkandidat f\u00fcr einen Regimewechsel in Teheran. Der medial als &#8220;Schah-Sohn&#8221; beworbene Iraner ist bereits am Mittwoch in Berlin eingetroffen und will am Donnerstag auf der Regierungspressekonferenz vor Journalisten sprechen. Das Kanzleramt teilte mit, es gebe f\u00fcr ein Treffen &#8220;keinen Anlass&#8221;. Der iranische Exilpolitiker Reza Pahlavi erkl\u00e4rte bereits gestern auf X, [&hellip;]<\/p>\n","protected":false},"author":3,"featured_media":102161,"comment_status":"open","ping_status":"open","sticky":false,"template":"","format":"standard","meta":{"_yoast_indexnow_last_ping":["1776932354"],"wp_automatic_camp":["217"],"4b32cb56b6174081361932dc0494cbb3":["Berlin: Schah-Sohn Reza Pahlavi besucht die Hauptstadt \u2012 Kanzleramt lehnt Treffen ab"],"original_link":["https:\/\/de.rt.com\/inland\/277954-berlin-schah-sohn-reza-pahlavi\/"],"_thumbnail_id":["102161"],"jnews_social_counter_last_update":["1777487919"],"_wptgpro_p2tg_sent2tg":["a:1:{i:23737;s:19:\"2026-04-23 10:20:16\";}"]},"categories":[19,23],"tags":[943,4747,45,19693,28541,2034,70446,72572,72571,354],"yoast_head":"<!-- This site is optimized with the Yoast SEO Premium plugin v22.7 (Yoast SEO v22.7) - https:\/\/yoast.com\/wordpress\/plugins\/seo\/ -->\n<title>Berlin: Schah-Sohn Reza Pahlavi besucht die Hauptstadt \u2012 Kanzleramt lehnt Treffen ab - just-now.NEWS Deutschland<\/title>\n<meta name=\"robots\" content=\"index, follow, max-snippet:-1, max-image-preview:large, max-video-preview:-1\" \/>\n<link rel=\"canonical\" href=\"https:\/\/now-news.de\/de\/deutschland\/berlin-schah-sohn-reza-pahlavi-besucht-die-hauptstadt-\u2012-kanzleramt-lehnt-treffen-ab\/\" \/>\n<meta property=\"og:locale\" content=\"de_DE\" \/>\n<meta property=\"og:type\" content=\"article\" \/>\n<meta property=\"og:title\" content=\"Berlin: Schah-Sohn Reza Pahlavi besucht die Hauptstadt \u2012 Kanzleramt lehnt Treffen ab\" \/>\n<meta property=\"og:description\" content=\"Reza Pahlavi gilt als US-gef\u00f6rderter Wunschkandidat f\u00fcr einen Regimewechsel in Teheran. Der medial als &#8220;Schah-Sohn&#8221; beworbene Iraner ist bereits am Mittwoch in Berlin eingetroffen und will am Donnerstag auf der Regierungspressekonferenz vor Journalisten sprechen. Das Kanzleramt teilte mit, es gebe f\u00fcr ein Treffen &#8220;keinen Anlass&#8221;. Der iranische Exilpolitiker Reza Pahlavi erkl\u00e4rte bereits gestern auf X, [&hellip;]\" \/>\n<meta property=\"og:url\" content=\"https:\/\/now-news.de\/de\/deutschland\/berlin-schah-sohn-reza-pahlavi-besucht-die-hauptstadt-\u2012-kanzleramt-lehnt-treffen-ab\/\" \/>\n<meta property=\"og:site_name\" content=\"just-now.NEWS Deutschland\" \/>\n<meta property=\"article:publisher\" content=\"https:\/\/www.facebook.com\/wirmachenauf\" \/>\n<meta property=\"article:published_time\" content=\"2026-04-23T08:14:22+00:00\" \/>\n<meta property=\"og:image\" content=\"https:\/\/now-news.de\/de\/wp-content\/uploads\/sites\/3\/2026\/04\/69e9b54e48fbef32ba17b8c4.jpg\" \/>\n<meta name=\"author\" content=\"rtnews\" \/>\n<meta name=\"twitter:card\" content=\"summary_large_image\" \/>\n<meta name=\"twitter:creator\" content=\"@WirMachenAuf_de\" \/>\n<meta name=\"twitter:site\" content=\"@WirMachenAuf_de\" \/>\n<meta name=\"twitter:label1\" content=\"Verfasst von\" \/>\n\t<meta name=\"twitter:data1\" content=\"rtnews\" \/>\n\t<meta name=\"twitter:label2\" content=\"Gesch\u00e4tzte Lesezeit\" \/>\n\t<meta name=\"twitter:data2\" content=\"4\u00a0Minuten\" \/>\n<script type=\"application\/ld+json\" class=\"yoast-schema-graph\">{\"@context\":\"https:\/\/schema.org\",\"@graph\":[{\"@type\":\"Article\",\"@id\":\"https:\/\/now-news.de\/de\/deutschland\/berlin-schah-sohn-reza-pahlavi-besucht-die-hauptstadt-%e2%80%92-kanzleramt-lehnt-treffen-ab\/#article\",\"isPartOf\":{\"@id\":\"https:\/\/now-news.de\/de\/deutschland\/berlin-schah-sohn-reza-pahlavi-besucht-die-hauptstadt-%e2%80%92-kanzleramt-lehnt-treffen-ab\/\"},\"author\":{\"name\":\"rtnews\",\"@id\":\"https:\/\/now-news.de\/de\/#\/schema\/person\/fb534a4e865501d8b3285208df34a9b5\"},\"headline\":\"Berlin: Schah-Sohn Reza Pahlavi besucht die Hauptstadt \u2012 Kanzleramt lehnt Treffen ab\",\"datePublished\":\"2026-04-23T08:14:22+00:00\",\"dateModified\":\"2026-04-23T08:14:22+00:00\",\"mainEntityOfPage\":{\"@id\":\"https:\/\/now-news.de\/de\/deutschland\/berlin-schah-sohn-reza-pahlavi-besucht-die-hauptstadt-%e2%80%92-kanzleramt-lehnt-treffen-ab\/\"},\"wordCount\":855,\"commentCount\":0,\"publisher\":{\"@id\":\"https:\/\/now-news.de\/de\/#organization\"},\"image\":{\"@id\":\"https:\/\/now-news.de\/de\/deutschland\/berlin-schah-sohn-reza-pahlavi-besucht-die-hauptstadt-%e2%80%92-kanzleramt-lehnt-treffen-ab\/#primaryimage\"},\"thumbnailUrl\":\"https:\/\/now-news.de\/de\/wp-content\/uploads\/sites\/3\/Berlin-Schah-Sohn-Reza-Pahlavi-besucht-die-Hauptstadt-\u2012-Kanzleramt-lehnt.jpg\",\"keywords\":[\"Berlin\",\"besucht\",\"die\",\"Hauptstadt\",\"Kanzleramt\",\"lehnt\",\"Pahlavi\",\"Reza\",\"SchahSohn\",\"Treffen\"],\"articleSection\":[\"Deutschland\",\"Russland\"],\"inLanguage\":\"de\",\"potentialAction\":[{\"@type\":\"CommentAction\",\"name\":\"Comment\",\"target\":[\"https:\/\/now-news.de\/de\/deutschland\/berlin-schah-sohn-reza-pahlavi-besucht-die-hauptstadt-%e2%80%92-kanzleramt-lehnt-treffen-ab\/#respond\"]}]},{\"@type\":\"WebPage\",\"@id\":\"https:\/\/now-news.de\/de\/deutschland\/berlin-schah-sohn-reza-pahlavi-besucht-die-hauptstadt-%e2%80%92-kanzleramt-lehnt-treffen-ab\/\",\"url\":\"https:\/\/now-news.de\/de\/deutschland\/berlin-schah-sohn-reza-pahlavi-besucht-die-hauptstadt-%e2%80%92-kanzleramt-lehnt-treffen-ab\/\",\"name\":\"Berlin: Schah-Sohn Reza Pahlavi besucht die Hauptstadt \u2012 Kanzleramt lehnt Treffen ab - just-now.NEWS Deutschland\",\"isPartOf\":{\"@id\":\"https:\/\/now-news.de\/de\/#website\"},\"primaryImageOfPage\":{\"@id\":\"https:\/\/now-news.de\/de\/deutschland\/berlin-schah-sohn-reza-pahlavi-besucht-die-hauptstadt-%e2%80%92-kanzleramt-lehnt-treffen-ab\/#primaryimage\"},\"image\":{\"@id\":\"https:\/\/now-news.de\/de\/deutschland\/berlin-schah-sohn-reza-pahlavi-besucht-die-hauptstadt-%e2%80%92-kanzleramt-lehnt-treffen-ab\/#primaryimage\"},\"thumbnailUrl\":\"https:\/\/now-news.de\/de\/wp-content\/uploads\/sites\/3\/Berlin-Schah-Sohn-Reza-Pahlavi-besucht-die-Hauptstadt-\u2012-Kanzleramt-lehnt.jpg\",\"datePublished\":\"2026-04-23T08:14:22+00:00\",\"dateModified\":\"2026-04-23T08:14:22+00:00\",\"breadcrumb\":{\"@id\":\"https:\/\/now-news.de\/de\/deutschland\/berlin-schah-sohn-reza-pahlavi-besucht-die-hauptstadt-%e2%80%92-kanzleramt-lehnt-treffen-ab\/#breadcrumb\"},\"inLanguage\":\"de\",\"potentialAction\":[{\"@type\":\"ReadAction\",\"target\":[\"https:\/\/now-news.de\/de\/deutschland\/berlin-schah-sohn-reza-pahlavi-besucht-die-hauptstadt-%e2%80%92-kanzleramt-lehnt-treffen-ab\/\"]}]},{\"@type\":\"ImageObject\",\"inLanguage\":\"de\",\"@id\":\"https:\/\/now-news.de\/de\/deutschland\/berlin-schah-sohn-reza-pahlavi-besucht-die-hauptstadt-%e2%80%92-kanzleramt-lehnt-treffen-ab\/#primaryimage\",\"url\":\"https:\/\/now-news.de\/de\/wp-content\/uploads\/sites\/3\/Berlin-Schah-Sohn-Reza-Pahlavi-besucht-die-Hauptstadt-\u2012-Kanzleramt-lehnt.jpg\",\"contentUrl\":\"https:\/\/now-news.de\/de\/wp-content\/uploads\/sites\/3\/Berlin-Schah-Sohn-Reza-Pahlavi-besucht-die-Hauptstadt-\u2012-Kanzleramt-lehnt.jpg\",\"caption\":\"Berlin: Schah-Sohn Reza Pahlavi besucht die Hauptstadt \u2012 Kanzleramt lehnt Treffen ab\"},{\"@type\":\"BreadcrumbList\",\"@id\":\"https:\/\/now-news.de\/de\/deutschland\/berlin-schah-sohn-reza-pahlavi-besucht-die-hauptstadt-%e2%80%92-kanzleramt-lehnt-treffen-ab\/#breadcrumb\",\"itemListElement\":[{\"@type\":\"ListItem\",\"position\":1,\"name\":\"Home\",\"item\":\"https:\/\/now-news.de\/de\/\"},{\"@type\":\"ListItem\",\"position\":2,\"name\":\"Berlin: Schah-Sohn Reza Pahlavi besucht die Hauptstadt \u2012 Kanzleramt lehnt Treffen ab\"}]},{\"@type\":\"WebSite\",\"@id\":\"https:\/\/now-news.de\/de\/#website\",\"url\":\"https:\/\/now-news.de\/de\/\",\"name\":\"just-now.NEWS Deutschland\",\"description\":\"Das Portal f\u00fcr unzensierte Nachrichten aus der Welt\",\"publisher\":{\"@id\":\"https:\/\/now-news.de\/de\/#organization\"},\"potentialAction\":[{\"@type\":\"SearchAction\",\"target\":{\"@type\":\"EntryPoint\",\"urlTemplate\":\"https:\/\/now-news.de\/de\/?s={search_term_string}\"},\"query-input\":\"required name=search_term_string\"}],\"inLanguage\":\"de\"},{\"@type\":\"Organization\",\"@id\":\"https:\/\/now-news.de\/de\/#organization\",\"name\":\"Just Now News\",\"url\":\"https:\/\/now-news.de\/de\/\",\"logo\":{\"@type\":\"ImageObject\",\"inLanguage\":\"de\",\"@id\":\"https:\/\/now-news.de\/de\/#\/schema\/logo\/image\/\",\"url\":\"http:\/\/just-now.news\/de\/wp-content\/uploads\/sites\/3\/2022\/04\/logo500x500.jpg\",\"contentUrl\":\"http:\/\/just-now.news\/de\/wp-content\/uploads\/sites\/3\/2022\/04\/logo500x500.jpg\",\"width\":500,\"height\":500,\"caption\":\"Just Now News\"},\"image\":{\"@id\":\"https:\/\/now-news.de\/de\/#\/schema\/logo\/image\/\"},\"sameAs\":[\"https:\/\/www.facebook.com\/wirmachenauf\",\"https:\/\/x.com\/WirMachenAuf_de\"]},{\"@type\":\"Person\",\"@id\":\"https:\/\/now-news.de\/de\/#\/schema\/person\/fb534a4e865501d8b3285208df34a9b5\",\"name\":\"rtnews\",\"image\":{\"@type\":\"ImageObject\",\"inLanguage\":\"de\",\"@id\":\"https:\/\/now-news.de\/de\/#\/schema\/person\/image\/\",\"url\":\"https:\/\/secure.gravatar.com\/avatar\/82aafea7d8127119dd649515f56e2117?s=96&d=mm&r=g\",\"contentUrl\":\"https:\/\/secure.gravatar.com\/avatar\/82aafea7d8127119dd649515f56e2117?s=96&d=mm&r=g\",\"caption\":\"rtnews\"},\"url\":\"https:\/\/now-news.de\/de\/author\/rnews\/\"}]}<\/script>\n<!-- \/ Yoast SEO Premium plugin. -->","yoast_head_json":{"title":"Berlin: Schah-Sohn Reza Pahlavi besucht die Hauptstadt \u2012 Kanzleramt lehnt Treffen ab - just-now.NEWS Deutschland","robots":{"index":"index","follow":"follow","max-snippet":"max-snippet:-1","max-image-preview":"max-image-preview:large","max-video-preview":"max-video-preview:-1"},"canonical":"https:\/\/now-news.de\/de\/deutschland\/berlin-schah-sohn-reza-pahlavi-besucht-die-hauptstadt-\u2012-kanzleramt-lehnt-treffen-ab\/","og_locale":"de_DE","og_type":"article","og_title":"Berlin: Schah-Sohn Reza Pahlavi besucht die Hauptstadt \u2012 Kanzleramt lehnt Treffen ab","og_description":"Reza Pahlavi gilt als US-gef\u00f6rderter Wunschkandidat f\u00fcr einen Regimewechsel in Teheran. Der medial als &#8220;Schah-Sohn&#8221; beworbene Iraner ist bereits am Mittwoch in Berlin eingetroffen und will am Donnerstag auf der Regierungspressekonferenz vor Journalisten sprechen. Das Kanzleramt teilte mit, es gebe f\u00fcr ein Treffen &#8220;keinen Anlass&#8221;. Der iranische Exilpolitiker Reza Pahlavi erkl\u00e4rte bereits gestern auf X, [&hellip;]","og_url":"https:\/\/now-news.de\/de\/deutschland\/berlin-schah-sohn-reza-pahlavi-besucht-die-hauptstadt-\u2012-kanzleramt-lehnt-treffen-ab\/","og_site_name":"just-now.NEWS Deutschland","article_publisher":"https:\/\/www.facebook.com\/wirmachenauf","article_published_time":"2026-04-23T08:14:22+00:00","og_image":[{"url":"https:\/\/now-news.de\/de\/wp-content\/uploads\/sites\/3\/2026\/04\/69e9b54e48fbef32ba17b8c4.jpg"}],"author":"rtnews","twitter_card":"summary_large_image","twitter_creator":"@WirMachenAuf_de","twitter_site":"@WirMachenAuf_de","twitter_misc":{"Verfasst von":"rtnews","Gesch\u00e4tzte Lesezeit":"4\u00a0Minuten"},"schema":{"@context":"https:\/\/schema.org","@graph":[{"@type":"Article","@id":"https:\/\/now-news.de\/de\/deutschland\/berlin-schah-sohn-reza-pahlavi-besucht-die-hauptstadt-%e2%80%92-kanzleramt-lehnt-treffen-ab\/#article","isPartOf":{"@id":"https:\/\/now-news.de\/de\/deutschland\/berlin-schah-sohn-reza-pahlavi-besucht-die-hauptstadt-%e2%80%92-kanzleramt-lehnt-treffen-ab\/"},"author":{"name":"rtnews","@id":"https:\/\/now-news.de\/de\/#\/schema\/person\/fb534a4e865501d8b3285208df34a9b5"},"headline":"Berlin: Schah-Sohn Reza Pahlavi besucht die Hauptstadt \u2012 Kanzleramt lehnt Treffen ab","datePublished":"2026-04-23T08:14:22+00:00","dateModified":"2026-04-23T08:14:22+00:00","mainEntityOfPage":{"@id":"https:\/\/now-news.de\/de\/deutschland\/berlin-schah-sohn-reza-pahlavi-besucht-die-hauptstadt-%e2%80%92-kanzleramt-lehnt-treffen-ab\/"},"wordCount":855,"commentCount":0,"publisher":{"@id":"https:\/\/now-news.de\/de\/#organization"},"image":{"@id":"https:\/\/now-news.de\/de\/deutschland\/berlin-schah-sohn-reza-pahlavi-besucht-die-hauptstadt-%e2%80%92-kanzleramt-lehnt-treffen-ab\/#primaryimage"},"thumbnailUrl":"https:\/\/now-news.de\/de\/wp-content\/uploads\/sites\/3\/Berlin-Schah-Sohn-Reza-Pahlavi-besucht-die-Hauptstadt-\u2012-Kanzleramt-lehnt.jpg","keywords":["Berlin","besucht","die","Hauptstadt","Kanzleramt","lehnt","Pahlavi","Reza","SchahSohn","Treffen"],"articleSection":["Deutschland","Russland"],"inLanguage":"de","potentialAction":[{"@type":"CommentAction","name":"Comment","target":["https:\/\/now-news.de\/de\/deutschland\/berlin-schah-sohn-reza-pahlavi-besucht-die-hauptstadt-%e2%80%92-kanzleramt-lehnt-treffen-ab\/#respond"]}]},{"@type":"WebPage","@id":"https:\/\/now-news.de\/de\/deutschland\/berlin-schah-sohn-reza-pahlavi-besucht-die-hauptstadt-%e2%80%92-kanzleramt-lehnt-treffen-ab\/","url":"https:\/\/now-news.de\/de\/deutschland\/berlin-schah-sohn-reza-pahlavi-besucht-die-hauptstadt-%e2%80%92-kanzleramt-lehnt-treffen-ab\/","name":"Berlin: Schah-Sohn Reza Pahlavi besucht die Hauptstadt \u2012 Kanzleramt lehnt Treffen ab - just-now.NEWS Deutschland","isPartOf":{"@id":"https:\/\/now-news.de\/de\/#website"},"primaryImageOfPage":{"@id":"https:\/\/now-news.de\/de\/deutschland\/berlin-schah-sohn-reza-pahlavi-besucht-die-hauptstadt-%e2%80%92-kanzleramt-lehnt-treffen-ab\/#primaryimage"},"image":{"@id":"https:\/\/now-news.de\/de\/deutschland\/berlin-schah-sohn-reza-pahlavi-besucht-die-hauptstadt-%e2%80%92-kanzleramt-lehnt-treffen-ab\/#primaryimage"},"thumbnailUrl":"https:\/\/now-news.de\/de\/wp-content\/uploads\/sites\/3\/Berlin-Schah-Sohn-Reza-Pahlavi-besucht-die-Hauptstadt-\u2012-Kanzleramt-lehnt.jpg","datePublished":"2026-04-23T08:14:22+00:00","dateModified":"2026-04-23T08:14:22+00:00","breadcrumb":{"@id":"https:\/\/now-news.de\/de\/deutschland\/berlin-schah-sohn-reza-pahlavi-besucht-die-hauptstadt-%e2%80%92-kanzleramt-lehnt-treffen-ab\/#breadcrumb"},"inLanguage":"de","potentialAction":[{"@type":"ReadAction","target":["https:\/\/now-news.de\/de\/deutschland\/berlin-schah-sohn-reza-pahlavi-besucht-die-hauptstadt-%e2%80%92-kanzleramt-lehnt-treffen-ab\/"]}]},{"@type":"ImageObject","inLanguage":"de","@id":"https:\/\/now-news.de\/de\/deutschland\/berlin-schah-sohn-reza-pahlavi-besucht-die-hauptstadt-%e2%80%92-kanzleramt-lehnt-treffen-ab\/#primaryimage","url":"https:\/\/now-news.de\/de\/wp-content\/uploads\/sites\/3\/Berlin-Schah-Sohn-Reza-Pahlavi-besucht-die-Hauptstadt-\u2012-Kanzleramt-lehnt.jpg","contentUrl":"https:\/\/now-news.de\/de\/wp-content\/uploads\/sites\/3\/Berlin-Schah-Sohn-Reza-Pahlavi-besucht-die-Hauptstadt-\u2012-Kanzleramt-lehnt.jpg","caption":"Berlin: Schah-Sohn Reza Pahlavi besucht die Hauptstadt \u2012 Kanzleramt lehnt Treffen ab"},{"@type":"BreadcrumbList","@id":"https:\/\/now-news.de\/de\/deutschland\/berlin-schah-sohn-reza-pahlavi-besucht-die-hauptstadt-%e2%80%92-kanzleramt-lehnt-treffen-ab\/#breadcrumb","itemListElement":[{"@type":"ListItem","position":1,"name":"Home","item":"https:\/\/now-news.de\/de\/"},{"@type":"ListItem","position":2,"name":"Berlin: Schah-Sohn Reza Pahlavi besucht die Hauptstadt \u2012 Kanzleramt lehnt Treffen ab"}]},{"@type":"WebSite","@id":"https:\/\/now-news.de\/de\/#website","url":"https:\/\/now-news.de\/de\/","name":"just-now.NEWS Deutschland","description":"Das Portal f\u00fcr unzensierte Nachrichten aus der Welt","publisher":{"@id":"https:\/\/now-news.de\/de\/#organization"},"potentialAction":[{"@type":"SearchAction","target":{"@type":"EntryPoint","urlTemplate":"https:\/\/now-news.de\/de\/?s={search_term_string}"},"query-input":"required name=search_term_string"}],"inLanguage":"de"},{"@type":"Organization","@id":"https:\/\/now-news.de\/de\/#organization","name":"Just Now News","url":"https:\/\/now-news.de\/de\/","logo":{"@type":"ImageObject","inLanguage":"de","@id":"https:\/\/now-news.de\/de\/#\/schema\/logo\/image\/","url":"http:\/\/just-now.news\/de\/wp-content\/uploads\/sites\/3\/2022\/04\/logo500x500.jpg","contentUrl":"http:\/\/just-now.news\/de\/wp-content\/uploads\/sites\/3\/2022\/04\/logo500x500.jpg","width":500,"height":500,"caption":"Just Now News"},"image":{"@id":"https:\/\/now-news.de\/de\/#\/schema\/logo\/image\/"},"sameAs":["https:\/\/www.facebook.com\/wirmachenauf","https:\/\/x.com\/WirMachenAuf_de"]},{"@type":"Person","@id":"https:\/\/now-news.de\/de\/#\/schema\/person\/fb534a4e865501d8b3285208df34a9b5","name":"rtnews","image":{"@type":"ImageObject","inLanguage":"de","@id":"https:\/\/now-news.de\/de\/#\/schema\/person\/image\/","url":"https:\/\/secure.gravatar.com\/avatar\/82aafea7d8127119dd649515f56e2117?s=96&d=mm&r=g","contentUrl":"https:\/\/secure.gravatar.com\/avatar\/82aafea7d8127119dd649515f56e2117?s=96&d=mm&r=g","caption":"rtnews"},"url":"https:\/\/now-news.de\/de\/author\/rnews\/"}]}},"_links":{"self":[{"href":"https:\/\/now-news.de\/de\/wp-json\/wp\/v2\/posts\/102160"}],"collection":[{"href":"https:\/\/now-news.de\/de\/wp-json\/wp\/v2\/posts"}],"about":[{"href":"https:\/\/now-news.de\/de\/wp-json\/wp\/v2\/types\/post"}],"author":[{"embeddable":true,"href":"https:\/\/now-news.de\/de\/wp-json\/wp\/v2\/users\/3"}],"replies":[{"embeddable":true,"href":"https:\/\/now-news.de\/de\/wp-json\/wp\/v2\/comments?post=102160"}],"version-history":[{"count":0,"href":"https:\/\/now-news.de\/de\/wp-json\/wp\/v2\/posts\/102160\/revisions"}],"wp:featuredmedia":[{"embeddable":true,"href":"https:\/\/now-news.de\/de\/wp-json\/wp\/v2\/media\/102161"}],"wp:attachment":[{"href":"https:\/\/now-news.de\/de\/wp-json\/wp\/v2\/media?parent=102160"}],"wp:term":[{"taxonomy":"category","embeddable":true,"href":"https:\/\/now-news.de\/de\/wp-json\/wp\/v2\/categories?post=102160"},{"taxonomy":"post_tag","embeddable":true,"href":"https:\/\/now-news.de\/de\/wp-json\/wp\/v2\/tags?post=102160"}],"curies":[{"name":"wp","href":"https:\/\/api.w.org\/{rel}","templated":true}]}}