{"id":102150,"date":"2026-04-22T22:06:01","date_gmt":"2026-04-22T20:06:01","guid":{"rendered":"https:\/\/now-news.de\/de\/deutschland\/bundesregierung-halbiert-konjunkturprognose-reiche-hauptgrund-ist-krieg-in-iran\/"},"modified":"2026-04-22T22:06:01","modified_gmt":"2026-04-22T20:06:01","slug":"bundesregierung-halbiert-konjunkturprognose-reiche-hauptgrund-ist-krieg-in-iran","status":"publish","type":"post","link":"https:\/\/now-news.de\/de\/deutschland\/bundesregierung-halbiert-konjunkturprognose-reiche-hauptgrund-ist-krieg-in-iran\/","title":{"rendered":"Bundesregierung halbiert Konjunkturprognose \u2013 Reiche: &quot;Hauptgrund ist Krieg in Iran&quot;"},"content":{"rendered":"<p><img decoding=\"async\" src=\"https:\/\/now-news.de\/de\/wp-content\/uploads\/sites\/3\/2026\/04\/69e922b848fbef65207f85bc.jpg\" \/><\/p>\n<div class=\"Text-root Text-type_1 \">\n                Die Inflation steigt, wenn auch nur leicht, die Wachstumsprognose wurde halbiert. Dies gab Wirtschaftsministerin Reiche bekannt und nennt gleich eine im Ausland liegende Ursache: den Krieg in Iran und in der Nahost-Region.\n            <\/div>\n<p><\/p>\n<div class=\"Text-root Text-type_5 ArticleView-text ViewText-root \">\n<p>Die \u200bBundesregierung hat ihre Wachstumserwartungen f\u00fcr die deutsche Wirtschaft halbiert. Das Bruttoinlandsprodukt werde in diesem Jahr voraussichtlich nur noch um 0,5 Prozent zulegen, sagte Bundeswirtschaftsministerin Katherina Reiche bei der Vorstellung der aktuellen Konjunkturprognose in Berlin. Im Januar war die Regierung noch von einem Wachstum von einem Prozent ausgegangen.<\/p>\n<p>Der Hauptgrund f\u00fcr den R\u00fcckgang sei der Krieg in Iran und in der Nahost-Region. Dieser habe Deutschland wirtschaftlich zur\u00fcckgeworfen, erkl\u00e4rte die CDU-Politikerin. Die Preise f\u00fcr Energie und Rohstoffe w\u00fcrden dadurch in die H\u00f6he getrieben, was die Wirtschaft und die privaten Haushalte deutlich belaste. Die Bundesregierung erwarte deswegen im laufenden Jahr eine Inflation von 2,7 statt wie bisher angenommen 2,1 Prozent.<\/p>\n<p>Angesichts der schwachen Konjunktur in Deutschland fordern Vertreter der Wirtschaft schnelle Reformen von der Bundesregierung. Der Reformstau gef\u00e4hrde den Mittelstand und das Handwerk massiv und damit das R\u00fcckgrat der deutschen Wirtschaft, kritisierte der Pr\u00e4sident des Zentralverbands des Deutschen Handwerks, J\u00f6rg Dittrich. Es drohe ein nachhaltiger Abstieg der wirtschaftlichen Leistungsf\u00e4higkeit des Landes, sagte der ZDH-Chef. Die Hauptgesch\u00e4ftsf\u00fchrerin der Deutschen Industrie- und Handelskammer, Helena Melnikov, betonte, Deutschlands Aufschwung sei nicht nur fragil, er sei akut gef\u00e4hrdet.<\/p>\n<p>Der Hauptgesch\u00e4ftsf\u00fchrer der Bundesvereinigung der Deutschen Arbeitgeberverb\u00e4nde, Kampeter, sagte im <em>Deutschlandfunk<\/em>, f\u00fcr ein dynamisches Wachstum brauche es ein gro\u00dfes Reformprojekt auf drei Feldern. Dazu geh\u00f6ren nach Ansicht des fr\u00fcheren CDU-Bundestagsabgeordneten B\u00fcrokratieabbau, Sozialreformen wie etwa die Vorhaben von Bundesgesundheitsministerin\u00a0Nina\u00a0Warken im Gesundheitsbereich und Ma\u00dfnahmen gegen steigende Energiepreise.<\/p>\n<p>W\u00e4hrend man in den vergangenen zwei Jahrhunderten als &#8220;Sozialreformen&#8221;\u00a0politische Bestrebungen bezeichnete, die die soziale Lage der Arbeiter und Kleinangestellten verbessern sollten, steht der Begriff\u00a0heute in der Regel f\u00fcr Sozialabbau.<\/p>\n<p>Zumindest im Verst\u00e4ndnis der Bundesregierung. Ein Beispiel daf\u00fcr ist das sogenannte Sparpaket f\u00fcr das Gesundheitswesen der Bundesgesundheitsministerin. Dieses sieht unter anderem Einschr\u00e4nkungen bei der beitragsfreien Mitversicherung von Ehepartnern, h\u00f6here Zuzahlungen f\u00fcr Medikamente sowie K\u00fcrzungen bei bestimmten Leistungen im Krankheitsfall vor.\u00a0<\/p>\n<p><strong>Mehr zum Thema<\/strong>\u00a0&#8211;\u00a0<a rel=\"nofollow noopener\" target=\"_blank\" href=\"https:\/\/freedert.online\/kurzclips\/video\/277182-wirtschaft-unter-druck-tankrabatt-und\/\">Wirtschaft unter Druck: Tankrabatt und Pr\u00e4mien sto\u00dfen auf Kritik<\/a><\/p>\n<div class=\"EmbedBlock-root EmbedBlock-externalVideo EmbedBlock-rumble\">\n<div class=\"VkEmbed\"><iframe class=\"lazyload\" data-src=\"https:\/\/rumble.com\/embed\/v76esfi\" frameborder=\"0\" width=\"853\" height=\"480\" allowfullscreen><\/iframe><\/div>\n<\/div>\n<\/div>\n<p><br \/>\n<br \/><a href=\"https:\/\/de.rt.com\/inland\/277948-bundesregierung-halbiert-konjunkturprognose-reiche-hauptgrund\/\">Source link <\/a><\/p>\n","protected":false},"excerpt":{"rendered":"<p>Die Inflation steigt, wenn auch nur leicht, die Wachstumsprognose wurde halbiert. Dies gab Wirtschaftsministerin Reiche bekannt und nennt gleich eine im Ausland liegende Ursache: den Krieg in Iran und in der Nahost-Region. Die \u200bBundesregierung hat ihre Wachstumserwartungen f\u00fcr die deutsche Wirtschaft halbiert. Das Bruttoinlandsprodukt werde in diesem Jahr voraussichtlich nur noch um 0,5 Prozent zulegen, [&hellip;]<\/p>\n","protected":false},"author":3,"featured_media":102151,"comment_status":"open","ping_status":"open","sticky":false,"template":"","format":"standard","meta":{"_yoast_indexnow_last_ping":["1776890894"],"wp_automatic_camp":["217"],"346aa7098224a21a46412174b295ff0c":["Bundesregierung halbiert Konjunkturprognose \u2013 Reiche: &quot;Hauptgrund ist Krieg in Iran&quot;"],"original_link":["https:\/\/de.rt.com\/inland\/277948-bundesregierung-halbiert-konjunkturprognose-reiche-hauptgrund\/"],"_thumbnail_id":["102151"],"jnews_social_counter_last_update":["1777388774"],"_wptgpro_p2tg_sent2tg":["a:1:{i:23737;s:19:\"2026-04-22 22:49:16\";}"]},"categories":[19,23],"tags":[3807,10272,52929,414,48249,130,72565,36215],"yoast_head":"<!-- This site is optimized with the Yoast SEO Premium plugin v22.7 (Yoast SEO v22.7) - https:\/\/yoast.com\/wordpress\/plugins\/seo\/ -->\n<title>Bundesregierung halbiert Konjunkturprognose \u2013 Reiche: &quot;Hauptgrund ist Krieg in Iran&quot; - just-now.NEWS Deutschland<\/title>\n<meta name=\"robots\" content=\"index, follow, max-snippet:-1, max-image-preview:large, max-video-preview:-1\" \/>\n<link rel=\"canonical\" href=\"https:\/\/now-news.de\/de\/deutschland\/bundesregierung-halbiert-konjunkturprognose-reiche-hauptgrund-ist-krieg-in-iran\/\" \/>\n<meta property=\"og:locale\" content=\"de_DE\" \/>\n<meta property=\"og:type\" content=\"article\" \/>\n<meta property=\"og:title\" content=\"Bundesregierung halbiert Konjunkturprognose \u2013 Reiche: &quot;Hauptgrund ist Krieg in Iran&quot;\" \/>\n<meta property=\"og:description\" content=\"Die Inflation steigt, wenn auch nur leicht, die Wachstumsprognose wurde halbiert. Dies gab Wirtschaftsministerin Reiche bekannt und nennt gleich eine im Ausland liegende Ursache: den Krieg in Iran und in der Nahost-Region. Die \u200bBundesregierung hat ihre Wachstumserwartungen f\u00fcr die deutsche Wirtschaft halbiert. Das Bruttoinlandsprodukt werde in diesem Jahr voraussichtlich nur noch um 0,5 Prozent zulegen, [&hellip;]\" \/>\n<meta property=\"og:url\" content=\"https:\/\/now-news.de\/de\/deutschland\/bundesregierung-halbiert-konjunkturprognose-reiche-hauptgrund-ist-krieg-in-iran\/\" \/>\n<meta property=\"og:site_name\" content=\"just-now.NEWS Deutschland\" \/>\n<meta property=\"article:publisher\" content=\"https:\/\/www.facebook.com\/wirmachenauf\" \/>\n<meta property=\"article:published_time\" content=\"2026-04-22T20:06:01+00:00\" \/>\n<meta property=\"og:image\" content=\"https:\/\/now-news.de\/de\/wp-content\/uploads\/sites\/3\/2026\/04\/69e922b848fbef65207f85bc.jpg\" \/>\n<meta name=\"author\" content=\"rtnews\" \/>\n<meta name=\"twitter:card\" content=\"summary_large_image\" \/>\n<meta name=\"twitter:creator\" content=\"@WirMachenAuf_de\" \/>\n<meta name=\"twitter:site\" content=\"@WirMachenAuf_de\" \/>\n<meta name=\"twitter:label1\" content=\"Verfasst von\" \/>\n\t<meta name=\"twitter:data1\" content=\"rtnews\" \/>\n\t<meta name=\"twitter:label2\" content=\"Gesch\u00e4tzte Lesezeit\" \/>\n\t<meta name=\"twitter:data2\" content=\"2\u00a0Minuten\" \/>\n<script type=\"application\/ld+json\" class=\"yoast-schema-graph\">{\"@context\":\"https:\/\/schema.org\",\"@graph\":[{\"@type\":\"Article\",\"@id\":\"https:\/\/now-news.de\/de\/deutschland\/bundesregierung-halbiert-konjunkturprognose-reiche-hauptgrund-ist-krieg-in-iran\/#article\",\"isPartOf\":{\"@id\":\"https:\/\/now-news.de\/de\/deutschland\/bundesregierung-halbiert-konjunkturprognose-reiche-hauptgrund-ist-krieg-in-iran\/\"},\"author\":{\"name\":\"rtnews\",\"@id\":\"https:\/\/now-news.de\/de\/#\/schema\/person\/fb534a4e865501d8b3285208df34a9b5\"},\"headline\":\"Bundesregierung halbiert Konjunkturprognose \u2013 Reiche: &quot;Hauptgrund ist Krieg in Iran&quot;\",\"datePublished\":\"2026-04-22T20:06:01+00:00\",\"dateModified\":\"2026-04-22T20:06:01+00:00\",\"mainEntityOfPage\":{\"@id\":\"https:\/\/now-news.de\/de\/deutschland\/bundesregierung-halbiert-konjunkturprognose-reiche-hauptgrund-ist-krieg-in-iran\/\"},\"wordCount\":392,\"commentCount\":0,\"publisher\":{\"@id\":\"https:\/\/now-news.de\/de\/#organization\"},\"image\":{\"@id\":\"https:\/\/now-news.de\/de\/deutschland\/bundesregierung-halbiert-konjunkturprognose-reiche-hauptgrund-ist-krieg-in-iran\/#primaryimage\"},\"thumbnailUrl\":\"https:\/\/now-news.de\/de\/wp-content\/uploads\/sites\/3\/Bundesregierung-halbiert-Konjunkturprognose-\u2013-Reiche-quotHauptgrund-ist-Krieg-in-Iranquot.jpg\",\"keywords\":[\"Bundesregierung\",\"halbiert\",\"Iranquot\",\"ist\",\"Konjunkturprognose\",\"krieg\",\"quotHauptgrund\",\"Reiche\"],\"articleSection\":[\"Deutschland\",\"Russland\"],\"inLanguage\":\"de\",\"potentialAction\":[{\"@type\":\"CommentAction\",\"name\":\"Comment\",\"target\":[\"https:\/\/now-news.de\/de\/deutschland\/bundesregierung-halbiert-konjunkturprognose-reiche-hauptgrund-ist-krieg-in-iran\/#respond\"]}]},{\"@type\":\"WebPage\",\"@id\":\"https:\/\/now-news.de\/de\/deutschland\/bundesregierung-halbiert-konjunkturprognose-reiche-hauptgrund-ist-krieg-in-iran\/\",\"url\":\"https:\/\/now-news.de\/de\/deutschland\/bundesregierung-halbiert-konjunkturprognose-reiche-hauptgrund-ist-krieg-in-iran\/\",\"name\":\"Bundesregierung halbiert Konjunkturprognose \u2013 Reiche: &quot;Hauptgrund ist Krieg in Iran&quot; - just-now.NEWS Deutschland\",\"isPartOf\":{\"@id\":\"https:\/\/now-news.de\/de\/#website\"},\"primaryImageOfPage\":{\"@id\":\"https:\/\/now-news.de\/de\/deutschland\/bundesregierung-halbiert-konjunkturprognose-reiche-hauptgrund-ist-krieg-in-iran\/#primaryimage\"},\"image\":{\"@id\":\"https:\/\/now-news.de\/de\/deutschland\/bundesregierung-halbiert-konjunkturprognose-reiche-hauptgrund-ist-krieg-in-iran\/#primaryimage\"},\"thumbnailUrl\":\"https:\/\/now-news.de\/de\/wp-content\/uploads\/sites\/3\/Bundesregierung-halbiert-Konjunkturprognose-\u2013-Reiche-quotHauptgrund-ist-Krieg-in-Iranquot.jpg\",\"datePublished\":\"2026-04-22T20:06:01+00:00\",\"dateModified\":\"2026-04-22T20:06:01+00:00\",\"breadcrumb\":{\"@id\":\"https:\/\/now-news.de\/de\/deutschland\/bundesregierung-halbiert-konjunkturprognose-reiche-hauptgrund-ist-krieg-in-iran\/#breadcrumb\"},\"inLanguage\":\"de\",\"potentialAction\":[{\"@type\":\"ReadAction\",\"target\":[\"https:\/\/now-news.de\/de\/deutschland\/bundesregierung-halbiert-konjunkturprognose-reiche-hauptgrund-ist-krieg-in-iran\/\"]}]},{\"@type\":\"ImageObject\",\"inLanguage\":\"de\",\"@id\":\"https:\/\/now-news.de\/de\/deutschland\/bundesregierung-halbiert-konjunkturprognose-reiche-hauptgrund-ist-krieg-in-iran\/#primaryimage\",\"url\":\"https:\/\/now-news.de\/de\/wp-content\/uploads\/sites\/3\/Bundesregierung-halbiert-Konjunkturprognose-\u2013-Reiche-quotHauptgrund-ist-Krieg-in-Iranquot.jpg\",\"contentUrl\":\"https:\/\/now-news.de\/de\/wp-content\/uploads\/sites\/3\/Bundesregierung-halbiert-Konjunkturprognose-\u2013-Reiche-quotHauptgrund-ist-Krieg-in-Iranquot.jpg\",\"caption\":\"Bundesregierung halbiert Konjunkturprognose \u2013 Reiche: &quot;Hauptgrund ist Krieg in Iran&quot;\"},{\"@type\":\"BreadcrumbList\",\"@id\":\"https:\/\/now-news.de\/de\/deutschland\/bundesregierung-halbiert-konjunkturprognose-reiche-hauptgrund-ist-krieg-in-iran\/#breadcrumb\",\"itemListElement\":[{\"@type\":\"ListItem\",\"position\":1,\"name\":\"Home\",\"item\":\"https:\/\/now-news.de\/de\/\"},{\"@type\":\"ListItem\",\"position\":2,\"name\":\"Bundesregierung halbiert Konjunkturprognose \u2013 Reiche: &quot;Hauptgrund ist Krieg in Iran&quot;\"}]},{\"@type\":\"WebSite\",\"@id\":\"https:\/\/now-news.de\/de\/#website\",\"url\":\"https:\/\/now-news.de\/de\/\",\"name\":\"just-now.NEWS Deutschland\",\"description\":\"Das Portal f\u00fcr unzensierte Nachrichten aus der Welt\",\"publisher\":{\"@id\":\"https:\/\/now-news.de\/de\/#organization\"},\"potentialAction\":[{\"@type\":\"SearchAction\",\"target\":{\"@type\":\"EntryPoint\",\"urlTemplate\":\"https:\/\/now-news.de\/de\/?s={search_term_string}\"},\"query-input\":\"required name=search_term_string\"}],\"inLanguage\":\"de\"},{\"@type\":\"Organization\",\"@id\":\"https:\/\/now-news.de\/de\/#organization\",\"name\":\"Just Now News\",\"url\":\"https:\/\/now-news.de\/de\/\",\"logo\":{\"@type\":\"ImageObject\",\"inLanguage\":\"de\",\"@id\":\"https:\/\/now-news.de\/de\/#\/schema\/logo\/image\/\",\"url\":\"http:\/\/just-now.news\/de\/wp-content\/uploads\/sites\/3\/2022\/04\/logo500x500.jpg\",\"contentUrl\":\"http:\/\/just-now.news\/de\/wp-content\/uploads\/sites\/3\/2022\/04\/logo500x500.jpg\",\"width\":500,\"height\":500,\"caption\":\"Just Now News\"},\"image\":{\"@id\":\"https:\/\/now-news.de\/de\/#\/schema\/logo\/image\/\"},\"sameAs\":[\"https:\/\/www.facebook.com\/wirmachenauf\",\"https:\/\/x.com\/WirMachenAuf_de\"]},{\"@type\":\"Person\",\"@id\":\"https:\/\/now-news.de\/de\/#\/schema\/person\/fb534a4e865501d8b3285208df34a9b5\",\"name\":\"rtnews\",\"image\":{\"@type\":\"ImageObject\",\"inLanguage\":\"de\",\"@id\":\"https:\/\/now-news.de\/de\/#\/schema\/person\/image\/\",\"url\":\"https:\/\/secure.gravatar.com\/avatar\/82aafea7d8127119dd649515f56e2117?s=96&d=mm&r=g\",\"contentUrl\":\"https:\/\/secure.gravatar.com\/avatar\/82aafea7d8127119dd649515f56e2117?s=96&d=mm&r=g\",\"caption\":\"rtnews\"},\"url\":\"https:\/\/now-news.de\/de\/author\/rnews\/\"}]}<\/script>\n<!-- \/ Yoast SEO Premium plugin. -->","yoast_head_json":{"title":"Bundesregierung halbiert Konjunkturprognose \u2013 Reiche: &quot;Hauptgrund ist Krieg in Iran&quot; - just-now.NEWS Deutschland","robots":{"index":"index","follow":"follow","max-snippet":"max-snippet:-1","max-image-preview":"max-image-preview:large","max-video-preview":"max-video-preview:-1"},"canonical":"https:\/\/now-news.de\/de\/deutschland\/bundesregierung-halbiert-konjunkturprognose-reiche-hauptgrund-ist-krieg-in-iran\/","og_locale":"de_DE","og_type":"article","og_title":"Bundesregierung halbiert Konjunkturprognose \u2013 Reiche: &quot;Hauptgrund ist Krieg in Iran&quot;","og_description":"Die Inflation steigt, wenn auch nur leicht, die Wachstumsprognose wurde halbiert. Dies gab Wirtschaftsministerin Reiche bekannt und nennt gleich eine im Ausland liegende Ursache: den Krieg in Iran und in der Nahost-Region. Die \u200bBundesregierung hat ihre Wachstumserwartungen f\u00fcr die deutsche Wirtschaft halbiert. Das Bruttoinlandsprodukt werde in diesem Jahr voraussichtlich nur noch um 0,5 Prozent zulegen, [&hellip;]","og_url":"https:\/\/now-news.de\/de\/deutschland\/bundesregierung-halbiert-konjunkturprognose-reiche-hauptgrund-ist-krieg-in-iran\/","og_site_name":"just-now.NEWS Deutschland","article_publisher":"https:\/\/www.facebook.com\/wirmachenauf","article_published_time":"2026-04-22T20:06:01+00:00","og_image":[{"url":"https:\/\/now-news.de\/de\/wp-content\/uploads\/sites\/3\/2026\/04\/69e922b848fbef65207f85bc.jpg"}],"author":"rtnews","twitter_card":"summary_large_image","twitter_creator":"@WirMachenAuf_de","twitter_site":"@WirMachenAuf_de","twitter_misc":{"Verfasst von":"rtnews","Gesch\u00e4tzte Lesezeit":"2\u00a0Minuten"},"schema":{"@context":"https:\/\/schema.org","@graph":[{"@type":"Article","@id":"https:\/\/now-news.de\/de\/deutschland\/bundesregierung-halbiert-konjunkturprognose-reiche-hauptgrund-ist-krieg-in-iran\/#article","isPartOf":{"@id":"https:\/\/now-news.de\/de\/deutschland\/bundesregierung-halbiert-konjunkturprognose-reiche-hauptgrund-ist-krieg-in-iran\/"},"author":{"name":"rtnews","@id":"https:\/\/now-news.de\/de\/#\/schema\/person\/fb534a4e865501d8b3285208df34a9b5"},"headline":"Bundesregierung halbiert Konjunkturprognose \u2013 Reiche: &quot;Hauptgrund ist Krieg in Iran&quot;","datePublished":"2026-04-22T20:06:01+00:00","dateModified":"2026-04-22T20:06:01+00:00","mainEntityOfPage":{"@id":"https:\/\/now-news.de\/de\/deutschland\/bundesregierung-halbiert-konjunkturprognose-reiche-hauptgrund-ist-krieg-in-iran\/"},"wordCount":392,"commentCount":0,"publisher":{"@id":"https:\/\/now-news.de\/de\/#organization"},"image":{"@id":"https:\/\/now-news.de\/de\/deutschland\/bundesregierung-halbiert-konjunkturprognose-reiche-hauptgrund-ist-krieg-in-iran\/#primaryimage"},"thumbnailUrl":"https:\/\/now-news.de\/de\/wp-content\/uploads\/sites\/3\/Bundesregierung-halbiert-Konjunkturprognose-\u2013-Reiche-quotHauptgrund-ist-Krieg-in-Iranquot.jpg","keywords":["Bundesregierung","halbiert","Iranquot","ist","Konjunkturprognose","krieg","quotHauptgrund","Reiche"],"articleSection":["Deutschland","Russland"],"inLanguage":"de","potentialAction":[{"@type":"CommentAction","name":"Comment","target":["https:\/\/now-news.de\/de\/deutschland\/bundesregierung-halbiert-konjunkturprognose-reiche-hauptgrund-ist-krieg-in-iran\/#respond"]}]},{"@type":"WebPage","@id":"https:\/\/now-news.de\/de\/deutschland\/bundesregierung-halbiert-konjunkturprognose-reiche-hauptgrund-ist-krieg-in-iran\/","url":"https:\/\/now-news.de\/de\/deutschland\/bundesregierung-halbiert-konjunkturprognose-reiche-hauptgrund-ist-krieg-in-iran\/","name":"Bundesregierung halbiert Konjunkturprognose \u2013 Reiche: &quot;Hauptgrund ist Krieg in Iran&quot; - just-now.NEWS Deutschland","isPartOf":{"@id":"https:\/\/now-news.de\/de\/#website"},"primaryImageOfPage":{"@id":"https:\/\/now-news.de\/de\/deutschland\/bundesregierung-halbiert-konjunkturprognose-reiche-hauptgrund-ist-krieg-in-iran\/#primaryimage"},"image":{"@id":"https:\/\/now-news.de\/de\/deutschland\/bundesregierung-halbiert-konjunkturprognose-reiche-hauptgrund-ist-krieg-in-iran\/#primaryimage"},"thumbnailUrl":"https:\/\/now-news.de\/de\/wp-content\/uploads\/sites\/3\/Bundesregierung-halbiert-Konjunkturprognose-\u2013-Reiche-quotHauptgrund-ist-Krieg-in-Iranquot.jpg","datePublished":"2026-04-22T20:06:01+00:00","dateModified":"2026-04-22T20:06:01+00:00","breadcrumb":{"@id":"https:\/\/now-news.de\/de\/deutschland\/bundesregierung-halbiert-konjunkturprognose-reiche-hauptgrund-ist-krieg-in-iran\/#breadcrumb"},"inLanguage":"de","potentialAction":[{"@type":"ReadAction","target":["https:\/\/now-news.de\/de\/deutschland\/bundesregierung-halbiert-konjunkturprognose-reiche-hauptgrund-ist-krieg-in-iran\/"]}]},{"@type":"ImageObject","inLanguage":"de","@id":"https:\/\/now-news.de\/de\/deutschland\/bundesregierung-halbiert-konjunkturprognose-reiche-hauptgrund-ist-krieg-in-iran\/#primaryimage","url":"https:\/\/now-news.de\/de\/wp-content\/uploads\/sites\/3\/Bundesregierung-halbiert-Konjunkturprognose-\u2013-Reiche-quotHauptgrund-ist-Krieg-in-Iranquot.jpg","contentUrl":"https:\/\/now-news.de\/de\/wp-content\/uploads\/sites\/3\/Bundesregierung-halbiert-Konjunkturprognose-\u2013-Reiche-quotHauptgrund-ist-Krieg-in-Iranquot.jpg","caption":"Bundesregierung halbiert Konjunkturprognose \u2013 Reiche: &quot;Hauptgrund ist Krieg in Iran&quot;"},{"@type":"BreadcrumbList","@id":"https:\/\/now-news.de\/de\/deutschland\/bundesregierung-halbiert-konjunkturprognose-reiche-hauptgrund-ist-krieg-in-iran\/#breadcrumb","itemListElement":[{"@type":"ListItem","position":1,"name":"Home","item":"https:\/\/now-news.de\/de\/"},{"@type":"ListItem","position":2,"name":"Bundesregierung halbiert Konjunkturprognose \u2013 Reiche: &quot;Hauptgrund ist Krieg in Iran&quot;"}]},{"@type":"WebSite","@id":"https:\/\/now-news.de\/de\/#website","url":"https:\/\/now-news.de\/de\/","name":"just-now.NEWS Deutschland","description":"Das Portal f\u00fcr unzensierte Nachrichten aus der Welt","publisher":{"@id":"https:\/\/now-news.de\/de\/#organization"},"potentialAction":[{"@type":"SearchAction","target":{"@type":"EntryPoint","urlTemplate":"https:\/\/now-news.de\/de\/?s={search_term_string}"},"query-input":"required name=search_term_string"}],"inLanguage":"de"},{"@type":"Organization","@id":"https:\/\/now-news.de\/de\/#organization","name":"Just Now News","url":"https:\/\/now-news.de\/de\/","logo":{"@type":"ImageObject","inLanguage":"de","@id":"https:\/\/now-news.de\/de\/#\/schema\/logo\/image\/","url":"http:\/\/just-now.news\/de\/wp-content\/uploads\/sites\/3\/2022\/04\/logo500x500.jpg","contentUrl":"http:\/\/just-now.news\/de\/wp-content\/uploads\/sites\/3\/2022\/04\/logo500x500.jpg","width":500,"height":500,"caption":"Just Now News"},"image":{"@id":"https:\/\/now-news.de\/de\/#\/schema\/logo\/image\/"},"sameAs":["https:\/\/www.facebook.com\/wirmachenauf","https:\/\/x.com\/WirMachenAuf_de"]},{"@type":"Person","@id":"https:\/\/now-news.de\/de\/#\/schema\/person\/fb534a4e865501d8b3285208df34a9b5","name":"rtnews","image":{"@type":"ImageObject","inLanguage":"de","@id":"https:\/\/now-news.de\/de\/#\/schema\/person\/image\/","url":"https:\/\/secure.gravatar.com\/avatar\/82aafea7d8127119dd649515f56e2117?s=96&d=mm&r=g","contentUrl":"https:\/\/secure.gravatar.com\/avatar\/82aafea7d8127119dd649515f56e2117?s=96&d=mm&r=g","caption":"rtnews"},"url":"https:\/\/now-news.de\/de\/author\/rnews\/"}]}},"_links":{"self":[{"href":"https:\/\/now-news.de\/de\/wp-json\/wp\/v2\/posts\/102150"}],"collection":[{"href":"https:\/\/now-news.de\/de\/wp-json\/wp\/v2\/posts"}],"about":[{"href":"https:\/\/now-news.de\/de\/wp-json\/wp\/v2\/types\/post"}],"author":[{"embeddable":true,"href":"https:\/\/now-news.de\/de\/wp-json\/wp\/v2\/users\/3"}],"replies":[{"embeddable":true,"href":"https:\/\/now-news.de\/de\/wp-json\/wp\/v2\/comments?post=102150"}],"version-history":[{"count":0,"href":"https:\/\/now-news.de\/de\/wp-json\/wp\/v2\/posts\/102150\/revisions"}],"wp:featuredmedia":[{"embeddable":true,"href":"https:\/\/now-news.de\/de\/wp-json\/wp\/v2\/media\/102151"}],"wp:attachment":[{"href":"https:\/\/now-news.de\/de\/wp-json\/wp\/v2\/media?parent=102150"}],"wp:term":[{"taxonomy":"category","embeddable":true,"href":"https:\/\/now-news.de\/de\/wp-json\/wp\/v2\/categories?post=102150"},{"taxonomy":"post_tag","embeddable":true,"href":"https:\/\/now-news.de\/de\/wp-json\/wp\/v2\/tags?post=102150"}],"curies":[{"name":"wp","href":"https:\/\/api.w.org\/{rel}","templated":true}]}}