{"id":102148,"date":"2026-04-22T22:18:34","date_gmt":"2026-04-22T20:18:34","guid":{"rendered":"https:\/\/now-news.de\/de\/deutschland\/ubs-und-der-eigenkapitalstreit-bundesrat-setzt-auf-harten-swiss-finish\/"},"modified":"2026-04-22T22:18:34","modified_gmt":"2026-04-22T20:18:34","slug":"ubs-und-der-eigenkapitalstreit-bundesrat-setzt-auf-harten-swiss-finish","status":"publish","type":"post","link":"https:\/\/now-news.de\/de\/deutschland\/ubs-und-der-eigenkapitalstreit-bundesrat-setzt-auf-harten-swiss-finish\/","title":{"rendered":"UBS und der Eigenkapitalstreit: Bundesrat setzt auf harten &quot;Swiss finish&quot;"},"content":{"rendered":"<div class=\"Text-root Text-type_1 \">\n                Der Bundesrat versch\u00e4rft die Eigenkapitalregeln f\u00fcr systemrelevante Banken und verlangt von der UBS eine vollst\u00e4ndige Unterlegung ausl\u00e4ndischer T\u00f6chter mit hartem Kernkapital. Die Anforderungen steigen, werden aber \u00fcber \u00dcbergangsfristen abgefedert. Ziel ist der Schutz der Steuerzahler nach der Credit-Suisse-Krise.\n            <\/div>\n<p><\/p>\n<div class=\"Text-root Text-type_5 ArticleView-text ViewText-root \">\n<p>Der Bundesrat hat am Mittwoch die neuen Eigenkapitalvorschriften f\u00fcr systemrelevante Banken verabschiedet und damit faktisch eine &#8220;Lex UBS&#8221; auf den Weg gebracht.<\/p>\n<p>Finanzministerin Karin Keller-Sutter h\u00e4lt am Grundsatz fest, dass ausl\u00e4ndische Tochtergesellschaften k\u00fcnftig vollst\u00e4ndig mit hartem Kernkapital im Schweizer Stammhaus unterlegt werden m\u00fcssen. Gleichzeitig enth\u00e4lt das Paket einzelne Erleichterungen in der Verordnung. Die UBS kritisiert die Reform als international nicht abgestimmt, w\u00e4hrend die B\u00f6rse zun\u00e4chst gelassen reagierte.<\/p>\n<p>Nach Angaben des Bundesrates w\u00fcrde die vollst\u00e4ndige Unterlegung der Auslandst\u00f6chter die Eigenkapitalanforderungen f\u00fcr die UBS um rund 20 Milliarden US-Dollar erh\u00f6hen. Effektiv spricht die Regierung jedoch von einer zus\u00e4tzlichen L\u00fccke von etwa 9 Milliarden Dollar per Ende 2025, da die Bank bereits \u00fcber erhebliche Puffer verf\u00fcgt.<\/p>\n<p>Die harte Kernkapitalquote der Gruppe w\u00fcrde damit auf rund 15,5 Prozent steigen. Vorgesehen ist eine \u00dcbergangsfrist von sieben Jahren. In der Eigenmittelverordnung selbst, die auf Verordnungsebene geregelt wird, nahm der Bundesrat gewisse Anpassungen vor, etwa bei der Anrechenbarkeit von Software-Investitionen und latenten Steuerguthaben.<\/p>\n<p>Im internationalen Vergleich geht die Schweiz mit diesen Vorgaben deutlich \u00fcber die Standards von Basel III hinaus. Es handelt sich um einen klassischen &#8220;Swiss finish&#8221;, wie er bei systemrelevanten Instituten seit Jahren angewandt wird. Die UBS hatte im Rahmen der Vernehmlassung gewarnt, dass die Kombination aus Verordnung und Gesetz die Bank dazu zwingen k\u00f6nnte, \u00fcber 50 Prozent mehr hartes Kernkapital zu halten als ihre globalen Wettbewerber.<\/p>\n<p>Zum Vergleich liegt die durchschnittliche harte Kernkapitalquote gro\u00dfer systemrelevanter Banken in Europa und Nordamerika bei rund 11,5 Prozent, exklusive spezieller Custody-Institute.<\/p>\n<p>W\u00e4hrend US-Gro\u00dfbanken teilweise mit niedrigeren effektiven Anforderungen arbeiten, kommen in der EU und in Gro\u00dfbritannien zwar zus\u00e4tzliche Aufschl\u00e4ge hinzu, eine vollst\u00e4ndige Unterlegung von Auslandst\u00f6chtern ist dort jedoch nicht vorgesehen. Experten sprechen deshalb von einem Schweizer Sonderweg, der die Wettbewerbsf\u00e4higkeit des Finanzplatzes beeinflussen k\u00f6nnte, da h\u00f6heres Eigenkapital tendenziell die Finanzierungskosten erh\u00f6ht.<\/p>\n<p>Die UBS selbst bezeichnet die geplanten Regeln als \u00fcberzogen und verweist darauf, dass zentrale R\u00fcckmeldungen aus der Vernehmlassung nicht ber\u00fccksichtigt worden seien. Die Bank geht in ihrer eigenen Modellrechnung teilweise von einem noch h\u00f6heren Kapitalbedarf aus und warnt vor Standortnachteilen sowie m\u00f6glichen Auswirkungen auf die Kreditvergabe in der Schweiz.<\/p>\n<p>An der B\u00f6rse fiel die Reaktion dennoch verhalten positiv aus. Die UBS-Aktie legte leicht zu, was darauf hindeutet, dass die M\u00e4rkte die Entscheide teilweise erwartet hatten und die \u00dcbergangsfristen als abmildernden Faktor werten. Analysten hatten im Vorfeld mit strengeren Vorgaben gerechnet, weshalb die konkreten Beschl\u00fcsse weniger stark ins Gewicht fielen. Gleichzeitig bleibt die Unsicherheit bestehen, da das Parlament in den kommenden Monaten noch Anpassungen vornehmen kann.<\/p>\n<figure class=\"RTImage-root\">\n<div class=\"RTImage-image RTImage-original\"><picture class=\"Picture-root Picture-original\"><!--[if IE 9]><video style=\"display: none;\"><![endif]--><source media=\"(-webkit-min-device-pixel-ratio: 2) and (min-resolution: 120dpi)\" data-srcset=\" \nhttps:\/\/now-news.de\/de\/wp-content\/uploads\/sites\/3\/2026\/04\/69e91a8fb480cc7ead271a27.jpg 850w,\n                https:\/\/now-news.de\/de\/wp-content\/uploads\/sites\/3\/2026\/04\/69e91a8fb480cc7ead271a27.jpg 1960w,            \" ><source data-srcset=\" \nhttps:\/\/now-news.de\/de\/wp-content\/uploads\/sites\/3\/2026\/04\/69e91a8fb480cc7ead271a27.jpg 460w,\n              https:\/\/now-news.de\/de\/wp-content\/uploads\/sites\/3\/2026\/04\/69e91a8fb480cc7ead271a27.jpg 980w,\n            \" ><!--[if IE 9]><\/video><![endif]--><img decoding=\"async\" data- src=\"data:image\/png;base64,iVBORw0KGgoAAAANSUhEUgAAABAAAAAJCAQAAACRI2S5AAAAEElEQVR42mNkIAAYRxWAAQAG9gAKqv6+AwAAAABJRU5ErkJggg==\" class=\"Picture-root Picture-original lazyload\" data-src=\"https:\/\/now-news.de\/de\/wp-content\/uploads\/sites\/3\/2026\/04\/69e91a8fb480cc7ead271a27.jpg\" alt=\"\"><\/source><\/source><\/picture><!-- noscript pattern --><noscript><img decoding=\"async\" src=\"https:\/\/now-news.de\/de\/wp-content\/uploads\/sites\/3\/2026\/04\/69e91a8fb480cc7ead271a27.jpg\" alt=\"\"><\/noscript><\/div><figcaption class=\"RTImage-footer\"><span class=\"RTImage-caption\"><span class=\"RTImage-captionItem\">Eigenkapitalreform trifft UBS und sorgt f\u00fcr Kritik am Schweizer Sonderweg.<\/span><\/span><span class=\"RTImage-source\"><span class=\"RTImage-captionItem\">RT<\/span><\/span><\/figcaption><\/figure>\n<p>Finanzministerin Keller-Sutter betonte, das zentrale Ziel sei der Schutz der Steuerzahlenden vor zuk\u00fcnftigen Bankenkrisen. Die Regulierung solle dort ansetzen, wo die Risiken tats\u00e4chlich entst\u00fcnden. Drei Jahre nach dem Zusammenbruch der Credit Suisse steht insbesondere die UBS im Fokus, deren Bilanzsumme das Schweizer Bruttoinlandprodukt nahezu verdoppelt und die damit als potenzielles systemisches Risiko gilt.<\/p>\n<p>Politisch f\u00e4llt die Reaktion gemischt aus. Die FDP verweist auf den Zielkonflikt zwischen Stabilit\u00e4t und internationaler Wettbewerbsf\u00e4higkeit, die SVP fordert weitergehende strukturelle Schritte bis hin zur Pr\u00fcfung einer Abspaltung des US-Gesch\u00e4fts. Die SP h\u00e4lt die Ma\u00dfnahmen f\u00fcr unzureichend und warnt vor einem weiterhin hohen systemischen Risiko, w\u00e4hrend die GLP die Vorlage als \u00fcberzogen kritisiert.<\/p>\n<p>Auch die Wirtschaftsverb\u00e4nde \u00e4u\u00dfern Vorbehalte. Die Schweizerische Bankiervereinigung sowie der Dachverband der Schweizer Wirtschaft Economiesuisse sprechen von einem Alleingang, der den Standort Schweiz im internationalen Wettbewerb schw\u00e4chen k\u00f6nne.<\/p>\n<p>Kritisiert wird insbesondere, dass die Regulierung deutlich \u00fcber internationale Standards hinausgeht und damit zus\u00e4tzliche Kosten f\u00fcr den Finanzplatz entstehen. Die Vorlage geht nun in die parlamentarische Beratung.\u00a0<\/p>\n<p data-start=\"2030\" data-end=\"2453\"><strong>Mehr zum Thema\u00a0\u2012 <\/strong><a rel=\"nofollow noopener\" target=\"_blank\" href=\"https:\/\/freedert.online\/meinung\/265531-fall-jacques-baud-bundesregierung-verteidigt\/\">Fall Jacques Baud: Bundesregierung verteidigt EU-Sanktionen und warnt vor abweichenden Meinungen<\/a><\/p>\n<div class=\"EmbedBlock-root EmbedBlock-externalVideo EmbedBlock-rumble\">\n<div class=\"VkEmbed\"><iframe class=\"lazyload\" data-src=\"https:\/\/rumble.com\/embed\/v7143pg\" frameborder=\"0\" width=\"853\" height=\"480\" allowfullscreen><\/iframe><\/div>\n<\/div>\n<\/div>\n<p><br \/>\n<br \/><a href=\"https:\/\/de.rt.com\/schweiz\/277946-ubs-und-eigenkapitalstreit-bundesrat-setzt\/\">Source link <\/a><\/p>\n","protected":false},"excerpt":{"rendered":"<p>Der Bundesrat versch\u00e4rft die Eigenkapitalregeln f\u00fcr systemrelevante Banken und verlangt von der UBS eine vollst\u00e4ndige Unterlegung ausl\u00e4ndischer T\u00f6chter mit hartem Kernkapital. Die Anforderungen steigen, werden aber \u00fcber \u00dcbergangsfristen abgefedert. Ziel ist der Schutz der Steuerzahler nach der Credit-Suisse-Krise. Der Bundesrat hat am Mittwoch die neuen Eigenkapitalvorschriften f\u00fcr systemrelevante Banken verabschiedet und damit faktisch eine &#8220;Lex [&hellip;]<\/p>\n","protected":false},"author":3,"featured_media":102149,"comment_status":"open","ping_status":"open","sticky":false,"template":"","format":"standard","meta":{"_yoast_indexnow_last_ping":["1776889873"],"wp_automatic_camp":["217"],"8990c9f32f9bb07c356c854e0803ef1d":["UBS und der Eigenkapitalstreit: Bundesrat setzt auf harten &quot;Swiss finish&quot;"],"original_link":["https:\/\/de.rt.com\/schweiz\/277946-ubs-und-eigenkapitalstreit-bundesrat-setzt\/"],"_thumbnail_id":["102149"],"jnews_social_counter_last_update":["1777389016"],"_wptgpro_p2tg_sent2tg":["a:1:{i:23737;s:19:\"2026-04-22 22:32:14\";}"]},"categories":[19,23],"tags":[133,21086,82,72562,72564,24952,72563,1997,42204,140],"yoast_head":"<!-- This site is optimized with the Yoast SEO Premium plugin v22.7 (Yoast SEO v22.7) - https:\/\/yoast.com\/wordpress\/plugins\/seo\/ -->\n<title>UBS und der Eigenkapitalstreit: Bundesrat setzt auf harten &quot;Swiss finish&quot; - just-now.NEWS Deutschland<\/title>\n<meta name=\"robots\" content=\"index, follow, max-snippet:-1, max-image-preview:large, max-video-preview:-1\" \/>\n<link rel=\"canonical\" href=\"https:\/\/now-news.de\/de\/deutschland\/ubs-und-der-eigenkapitalstreit-bundesrat-setzt-auf-harten-swiss-finish\/\" \/>\n<meta property=\"og:locale\" content=\"de_DE\" \/>\n<meta property=\"og:type\" content=\"article\" \/>\n<meta property=\"og:title\" content=\"UBS und der Eigenkapitalstreit: Bundesrat setzt auf harten &quot;Swiss finish&quot;\" \/>\n<meta property=\"og:description\" content=\"Der Bundesrat versch\u00e4rft die Eigenkapitalregeln f\u00fcr systemrelevante Banken und verlangt von der UBS eine vollst\u00e4ndige Unterlegung ausl\u00e4ndischer T\u00f6chter mit hartem Kernkapital. Die Anforderungen steigen, werden aber \u00fcber \u00dcbergangsfristen abgefedert. Ziel ist der Schutz der Steuerzahler nach der Credit-Suisse-Krise. Der Bundesrat hat am Mittwoch die neuen Eigenkapitalvorschriften f\u00fcr systemrelevante Banken verabschiedet und damit faktisch eine &#8220;Lex [&hellip;]\" \/>\n<meta property=\"og:url\" content=\"https:\/\/now-news.de\/de\/deutschland\/ubs-und-der-eigenkapitalstreit-bundesrat-setzt-auf-harten-swiss-finish\/\" \/>\n<meta property=\"og:site_name\" content=\"just-now.NEWS Deutschland\" \/>\n<meta property=\"article:publisher\" content=\"https:\/\/www.facebook.com\/wirmachenauf\" \/>\n<meta property=\"article:published_time\" content=\"2026-04-22T20:18:34+00:00\" \/>\n<meta property=\"og:image\" content=\"https:\/\/now-news.de\/de\/wp-content\/uploads\/sites\/3\/2026\/04\/69e91a8fb480cc7ead271a27.jpg\" \/>\n<meta name=\"author\" content=\"rtnews\" \/>\n<meta name=\"twitter:card\" content=\"summary_large_image\" \/>\n<meta name=\"twitter:creator\" content=\"@WirMachenAuf_de\" \/>\n<meta name=\"twitter:site\" content=\"@WirMachenAuf_de\" \/>\n<meta name=\"twitter:label1\" content=\"Verfasst von\" \/>\n\t<meta name=\"twitter:data1\" content=\"rtnews\" \/>\n\t<meta name=\"twitter:label2\" content=\"Gesch\u00e4tzte Lesezeit\" \/>\n\t<meta name=\"twitter:data2\" content=\"3\u00a0Minuten\" \/>\n<script type=\"application\/ld+json\" class=\"yoast-schema-graph\">{\"@context\":\"https:\/\/schema.org\",\"@graph\":[{\"@type\":\"Article\",\"@id\":\"https:\/\/now-news.de\/de\/deutschland\/ubs-und-der-eigenkapitalstreit-bundesrat-setzt-auf-harten-swiss-finish\/#article\",\"isPartOf\":{\"@id\":\"https:\/\/now-news.de\/de\/deutschland\/ubs-und-der-eigenkapitalstreit-bundesrat-setzt-auf-harten-swiss-finish\/\"},\"author\":{\"name\":\"rtnews\",\"@id\":\"https:\/\/now-news.de\/de\/#\/schema\/person\/fb534a4e865501d8b3285208df34a9b5\"},\"headline\":\"UBS und der Eigenkapitalstreit: Bundesrat setzt auf harten &quot;Swiss finish&quot;\",\"datePublished\":\"2026-04-22T20:18:34+00:00\",\"dateModified\":\"2026-04-22T20:18:34+00:00\",\"mainEntityOfPage\":{\"@id\":\"https:\/\/now-news.de\/de\/deutschland\/ubs-und-der-eigenkapitalstreit-bundesrat-setzt-auf-harten-swiss-finish\/\"},\"wordCount\":705,\"commentCount\":0,\"publisher\":{\"@id\":\"https:\/\/now-news.de\/de\/#organization\"},\"image\":{\"@id\":\"https:\/\/now-news.de\/de\/deutschland\/ubs-und-der-eigenkapitalstreit-bundesrat-setzt-auf-harten-swiss-finish\/#primaryimage\"},\"thumbnailUrl\":\"https:\/\/now-news.de\/de\/wp-content\/uploads\/sites\/3\/UBS-und-der-Eigenkapitalstreit-Bundesrat-setzt-auf-harten-quotSwiss-finishquot.jpg\",\"keywords\":[\"AUF\",\"Bundesrat\",\"der\",\"Eigenkapitalstreit\",\"finishquot\",\"harten\",\"quotSwiss\",\"setzt\",\"UBS\",\"und\"],\"articleSection\":[\"Deutschland\",\"Russland\"],\"inLanguage\":\"de\",\"potentialAction\":[{\"@type\":\"CommentAction\",\"name\":\"Comment\",\"target\":[\"https:\/\/now-news.de\/de\/deutschland\/ubs-und-der-eigenkapitalstreit-bundesrat-setzt-auf-harten-swiss-finish\/#respond\"]}]},{\"@type\":\"WebPage\",\"@id\":\"https:\/\/now-news.de\/de\/deutschland\/ubs-und-der-eigenkapitalstreit-bundesrat-setzt-auf-harten-swiss-finish\/\",\"url\":\"https:\/\/now-news.de\/de\/deutschland\/ubs-und-der-eigenkapitalstreit-bundesrat-setzt-auf-harten-swiss-finish\/\",\"name\":\"UBS und der Eigenkapitalstreit: Bundesrat setzt auf harten &quot;Swiss finish&quot; - just-now.NEWS Deutschland\",\"isPartOf\":{\"@id\":\"https:\/\/now-news.de\/de\/#website\"},\"primaryImageOfPage\":{\"@id\":\"https:\/\/now-news.de\/de\/deutschland\/ubs-und-der-eigenkapitalstreit-bundesrat-setzt-auf-harten-swiss-finish\/#primaryimage\"},\"image\":{\"@id\":\"https:\/\/now-news.de\/de\/deutschland\/ubs-und-der-eigenkapitalstreit-bundesrat-setzt-auf-harten-swiss-finish\/#primaryimage\"},\"thumbnailUrl\":\"https:\/\/now-news.de\/de\/wp-content\/uploads\/sites\/3\/UBS-und-der-Eigenkapitalstreit-Bundesrat-setzt-auf-harten-quotSwiss-finishquot.jpg\",\"datePublished\":\"2026-04-22T20:18:34+00:00\",\"dateModified\":\"2026-04-22T20:18:34+00:00\",\"breadcrumb\":{\"@id\":\"https:\/\/now-news.de\/de\/deutschland\/ubs-und-der-eigenkapitalstreit-bundesrat-setzt-auf-harten-swiss-finish\/#breadcrumb\"},\"inLanguage\":\"de\",\"potentialAction\":[{\"@type\":\"ReadAction\",\"target\":[\"https:\/\/now-news.de\/de\/deutschland\/ubs-und-der-eigenkapitalstreit-bundesrat-setzt-auf-harten-swiss-finish\/\"]}]},{\"@type\":\"ImageObject\",\"inLanguage\":\"de\",\"@id\":\"https:\/\/now-news.de\/de\/deutschland\/ubs-und-der-eigenkapitalstreit-bundesrat-setzt-auf-harten-swiss-finish\/#primaryimage\",\"url\":\"https:\/\/now-news.de\/de\/wp-content\/uploads\/sites\/3\/UBS-und-der-Eigenkapitalstreit-Bundesrat-setzt-auf-harten-quotSwiss-finishquot.jpg\",\"contentUrl\":\"https:\/\/now-news.de\/de\/wp-content\/uploads\/sites\/3\/UBS-und-der-Eigenkapitalstreit-Bundesrat-setzt-auf-harten-quotSwiss-finishquot.jpg\",\"caption\":\"UBS und der Eigenkapitalstreit: Bundesrat setzt auf harten &quot;Swiss finish&quot;\"},{\"@type\":\"BreadcrumbList\",\"@id\":\"https:\/\/now-news.de\/de\/deutschland\/ubs-und-der-eigenkapitalstreit-bundesrat-setzt-auf-harten-swiss-finish\/#breadcrumb\",\"itemListElement\":[{\"@type\":\"ListItem\",\"position\":1,\"name\":\"Home\",\"item\":\"https:\/\/now-news.de\/de\/\"},{\"@type\":\"ListItem\",\"position\":2,\"name\":\"UBS und der Eigenkapitalstreit: Bundesrat setzt auf harten &quot;Swiss finish&quot;\"}]},{\"@type\":\"WebSite\",\"@id\":\"https:\/\/now-news.de\/de\/#website\",\"url\":\"https:\/\/now-news.de\/de\/\",\"name\":\"just-now.NEWS Deutschland\",\"description\":\"Das Portal f\u00fcr unzensierte Nachrichten aus der Welt\",\"publisher\":{\"@id\":\"https:\/\/now-news.de\/de\/#organization\"},\"potentialAction\":[{\"@type\":\"SearchAction\",\"target\":{\"@type\":\"EntryPoint\",\"urlTemplate\":\"https:\/\/now-news.de\/de\/?s={search_term_string}\"},\"query-input\":\"required name=search_term_string\"}],\"inLanguage\":\"de\"},{\"@type\":\"Organization\",\"@id\":\"https:\/\/now-news.de\/de\/#organization\",\"name\":\"Just Now News\",\"url\":\"https:\/\/now-news.de\/de\/\",\"logo\":{\"@type\":\"ImageObject\",\"inLanguage\":\"de\",\"@id\":\"https:\/\/now-news.de\/de\/#\/schema\/logo\/image\/\",\"url\":\"http:\/\/just-now.news\/de\/wp-content\/uploads\/sites\/3\/2022\/04\/logo500x500.jpg\",\"contentUrl\":\"http:\/\/just-now.news\/de\/wp-content\/uploads\/sites\/3\/2022\/04\/logo500x500.jpg\",\"width\":500,\"height\":500,\"caption\":\"Just Now News\"},\"image\":{\"@id\":\"https:\/\/now-news.de\/de\/#\/schema\/logo\/image\/\"},\"sameAs\":[\"https:\/\/www.facebook.com\/wirmachenauf\",\"https:\/\/x.com\/WirMachenAuf_de\"]},{\"@type\":\"Person\",\"@id\":\"https:\/\/now-news.de\/de\/#\/schema\/person\/fb534a4e865501d8b3285208df34a9b5\",\"name\":\"rtnews\",\"image\":{\"@type\":\"ImageObject\",\"inLanguage\":\"de\",\"@id\":\"https:\/\/now-news.de\/de\/#\/schema\/person\/image\/\",\"url\":\"https:\/\/secure.gravatar.com\/avatar\/82aafea7d8127119dd649515f56e2117?s=96&d=mm&r=g\",\"contentUrl\":\"https:\/\/secure.gravatar.com\/avatar\/82aafea7d8127119dd649515f56e2117?s=96&d=mm&r=g\",\"caption\":\"rtnews\"},\"url\":\"https:\/\/now-news.de\/de\/author\/rnews\/\"}]}<\/script>\n<!-- \/ Yoast SEO Premium plugin. -->","yoast_head_json":{"title":"UBS und der Eigenkapitalstreit: Bundesrat setzt auf harten &quot;Swiss finish&quot; - just-now.NEWS Deutschland","robots":{"index":"index","follow":"follow","max-snippet":"max-snippet:-1","max-image-preview":"max-image-preview:large","max-video-preview":"max-video-preview:-1"},"canonical":"https:\/\/now-news.de\/de\/deutschland\/ubs-und-der-eigenkapitalstreit-bundesrat-setzt-auf-harten-swiss-finish\/","og_locale":"de_DE","og_type":"article","og_title":"UBS und der Eigenkapitalstreit: Bundesrat setzt auf harten &quot;Swiss finish&quot;","og_description":"Der Bundesrat versch\u00e4rft die Eigenkapitalregeln f\u00fcr systemrelevante Banken und verlangt von der UBS eine vollst\u00e4ndige Unterlegung ausl\u00e4ndischer T\u00f6chter mit hartem Kernkapital. Die Anforderungen steigen, werden aber \u00fcber \u00dcbergangsfristen abgefedert. Ziel ist der Schutz der Steuerzahler nach der Credit-Suisse-Krise. Der Bundesrat hat am Mittwoch die neuen Eigenkapitalvorschriften f\u00fcr systemrelevante Banken verabschiedet und damit faktisch eine &#8220;Lex [&hellip;]","og_url":"https:\/\/now-news.de\/de\/deutschland\/ubs-und-der-eigenkapitalstreit-bundesrat-setzt-auf-harten-swiss-finish\/","og_site_name":"just-now.NEWS Deutschland","article_publisher":"https:\/\/www.facebook.com\/wirmachenauf","article_published_time":"2026-04-22T20:18:34+00:00","og_image":[{"url":"https:\/\/now-news.de\/de\/wp-content\/uploads\/sites\/3\/2026\/04\/69e91a8fb480cc7ead271a27.jpg"}],"author":"rtnews","twitter_card":"summary_large_image","twitter_creator":"@WirMachenAuf_de","twitter_site":"@WirMachenAuf_de","twitter_misc":{"Verfasst von":"rtnews","Gesch\u00e4tzte Lesezeit":"3\u00a0Minuten"},"schema":{"@context":"https:\/\/schema.org","@graph":[{"@type":"Article","@id":"https:\/\/now-news.de\/de\/deutschland\/ubs-und-der-eigenkapitalstreit-bundesrat-setzt-auf-harten-swiss-finish\/#article","isPartOf":{"@id":"https:\/\/now-news.de\/de\/deutschland\/ubs-und-der-eigenkapitalstreit-bundesrat-setzt-auf-harten-swiss-finish\/"},"author":{"name":"rtnews","@id":"https:\/\/now-news.de\/de\/#\/schema\/person\/fb534a4e865501d8b3285208df34a9b5"},"headline":"UBS und der Eigenkapitalstreit: Bundesrat setzt auf harten &quot;Swiss finish&quot;","datePublished":"2026-04-22T20:18:34+00:00","dateModified":"2026-04-22T20:18:34+00:00","mainEntityOfPage":{"@id":"https:\/\/now-news.de\/de\/deutschland\/ubs-und-der-eigenkapitalstreit-bundesrat-setzt-auf-harten-swiss-finish\/"},"wordCount":705,"commentCount":0,"publisher":{"@id":"https:\/\/now-news.de\/de\/#organization"},"image":{"@id":"https:\/\/now-news.de\/de\/deutschland\/ubs-und-der-eigenkapitalstreit-bundesrat-setzt-auf-harten-swiss-finish\/#primaryimage"},"thumbnailUrl":"https:\/\/now-news.de\/de\/wp-content\/uploads\/sites\/3\/UBS-und-der-Eigenkapitalstreit-Bundesrat-setzt-auf-harten-quotSwiss-finishquot.jpg","keywords":["AUF","Bundesrat","der","Eigenkapitalstreit","finishquot","harten","quotSwiss","setzt","UBS","und"],"articleSection":["Deutschland","Russland"],"inLanguage":"de","potentialAction":[{"@type":"CommentAction","name":"Comment","target":["https:\/\/now-news.de\/de\/deutschland\/ubs-und-der-eigenkapitalstreit-bundesrat-setzt-auf-harten-swiss-finish\/#respond"]}]},{"@type":"WebPage","@id":"https:\/\/now-news.de\/de\/deutschland\/ubs-und-der-eigenkapitalstreit-bundesrat-setzt-auf-harten-swiss-finish\/","url":"https:\/\/now-news.de\/de\/deutschland\/ubs-und-der-eigenkapitalstreit-bundesrat-setzt-auf-harten-swiss-finish\/","name":"UBS und der Eigenkapitalstreit: Bundesrat setzt auf harten &quot;Swiss finish&quot; - just-now.NEWS Deutschland","isPartOf":{"@id":"https:\/\/now-news.de\/de\/#website"},"primaryImageOfPage":{"@id":"https:\/\/now-news.de\/de\/deutschland\/ubs-und-der-eigenkapitalstreit-bundesrat-setzt-auf-harten-swiss-finish\/#primaryimage"},"image":{"@id":"https:\/\/now-news.de\/de\/deutschland\/ubs-und-der-eigenkapitalstreit-bundesrat-setzt-auf-harten-swiss-finish\/#primaryimage"},"thumbnailUrl":"https:\/\/now-news.de\/de\/wp-content\/uploads\/sites\/3\/UBS-und-der-Eigenkapitalstreit-Bundesrat-setzt-auf-harten-quotSwiss-finishquot.jpg","datePublished":"2026-04-22T20:18:34+00:00","dateModified":"2026-04-22T20:18:34+00:00","breadcrumb":{"@id":"https:\/\/now-news.de\/de\/deutschland\/ubs-und-der-eigenkapitalstreit-bundesrat-setzt-auf-harten-swiss-finish\/#breadcrumb"},"inLanguage":"de","potentialAction":[{"@type":"ReadAction","target":["https:\/\/now-news.de\/de\/deutschland\/ubs-und-der-eigenkapitalstreit-bundesrat-setzt-auf-harten-swiss-finish\/"]}]},{"@type":"ImageObject","inLanguage":"de","@id":"https:\/\/now-news.de\/de\/deutschland\/ubs-und-der-eigenkapitalstreit-bundesrat-setzt-auf-harten-swiss-finish\/#primaryimage","url":"https:\/\/now-news.de\/de\/wp-content\/uploads\/sites\/3\/UBS-und-der-Eigenkapitalstreit-Bundesrat-setzt-auf-harten-quotSwiss-finishquot.jpg","contentUrl":"https:\/\/now-news.de\/de\/wp-content\/uploads\/sites\/3\/UBS-und-der-Eigenkapitalstreit-Bundesrat-setzt-auf-harten-quotSwiss-finishquot.jpg","caption":"UBS und der Eigenkapitalstreit: Bundesrat setzt auf harten &quot;Swiss finish&quot;"},{"@type":"BreadcrumbList","@id":"https:\/\/now-news.de\/de\/deutschland\/ubs-und-der-eigenkapitalstreit-bundesrat-setzt-auf-harten-swiss-finish\/#breadcrumb","itemListElement":[{"@type":"ListItem","position":1,"name":"Home","item":"https:\/\/now-news.de\/de\/"},{"@type":"ListItem","position":2,"name":"UBS und der Eigenkapitalstreit: Bundesrat setzt auf harten &quot;Swiss finish&quot;"}]},{"@type":"WebSite","@id":"https:\/\/now-news.de\/de\/#website","url":"https:\/\/now-news.de\/de\/","name":"just-now.NEWS Deutschland","description":"Das Portal f\u00fcr unzensierte Nachrichten aus der Welt","publisher":{"@id":"https:\/\/now-news.de\/de\/#organization"},"potentialAction":[{"@type":"SearchAction","target":{"@type":"EntryPoint","urlTemplate":"https:\/\/now-news.de\/de\/?s={search_term_string}"},"query-input":"required name=search_term_string"}],"inLanguage":"de"},{"@type":"Organization","@id":"https:\/\/now-news.de\/de\/#organization","name":"Just Now News","url":"https:\/\/now-news.de\/de\/","logo":{"@type":"ImageObject","inLanguage":"de","@id":"https:\/\/now-news.de\/de\/#\/schema\/logo\/image\/","url":"http:\/\/just-now.news\/de\/wp-content\/uploads\/sites\/3\/2022\/04\/logo500x500.jpg","contentUrl":"http:\/\/just-now.news\/de\/wp-content\/uploads\/sites\/3\/2022\/04\/logo500x500.jpg","width":500,"height":500,"caption":"Just Now News"},"image":{"@id":"https:\/\/now-news.de\/de\/#\/schema\/logo\/image\/"},"sameAs":["https:\/\/www.facebook.com\/wirmachenauf","https:\/\/x.com\/WirMachenAuf_de"]},{"@type":"Person","@id":"https:\/\/now-news.de\/de\/#\/schema\/person\/fb534a4e865501d8b3285208df34a9b5","name":"rtnews","image":{"@type":"ImageObject","inLanguage":"de","@id":"https:\/\/now-news.de\/de\/#\/schema\/person\/image\/","url":"https:\/\/secure.gravatar.com\/avatar\/82aafea7d8127119dd649515f56e2117?s=96&d=mm&r=g","contentUrl":"https:\/\/secure.gravatar.com\/avatar\/82aafea7d8127119dd649515f56e2117?s=96&d=mm&r=g","caption":"rtnews"},"url":"https:\/\/now-news.de\/de\/author\/rnews\/"}]}},"_links":{"self":[{"href":"https:\/\/now-news.de\/de\/wp-json\/wp\/v2\/posts\/102148"}],"collection":[{"href":"https:\/\/now-news.de\/de\/wp-json\/wp\/v2\/posts"}],"about":[{"href":"https:\/\/now-news.de\/de\/wp-json\/wp\/v2\/types\/post"}],"author":[{"embeddable":true,"href":"https:\/\/now-news.de\/de\/wp-json\/wp\/v2\/users\/3"}],"replies":[{"embeddable":true,"href":"https:\/\/now-news.de\/de\/wp-json\/wp\/v2\/comments?post=102148"}],"version-history":[{"count":0,"href":"https:\/\/now-news.de\/de\/wp-json\/wp\/v2\/posts\/102148\/revisions"}],"wp:featuredmedia":[{"embeddable":true,"href":"https:\/\/now-news.de\/de\/wp-json\/wp\/v2\/media\/102149"}],"wp:attachment":[{"href":"https:\/\/now-news.de\/de\/wp-json\/wp\/v2\/media?parent=102148"}],"wp:term":[{"taxonomy":"category","embeddable":true,"href":"https:\/\/now-news.de\/de\/wp-json\/wp\/v2\/categories?post=102148"},{"taxonomy":"post_tag","embeddable":true,"href":"https:\/\/now-news.de\/de\/wp-json\/wp\/v2\/tags?post=102148"}],"curies":[{"name":"wp","href":"https:\/\/api.w.org\/{rel}","templated":true}]}}