{"id":102146,"date":"2026-04-22T22:11:42","date_gmt":"2026-04-22T20:11:42","guid":{"rendered":"https:\/\/now-news.de\/de\/deutschland\/trotz-wohnungsnot-im-eigenen-land-bundesregierung-will-sozialwohnungen-in-der-ukraine-foerdern\/"},"modified":"2026-04-22T22:11:42","modified_gmt":"2026-04-22T20:11:42","slug":"trotz-wohnungsnot-im-eigenen-land-bundesregierung-will-sozialwohnungen-in-der-ukraine-foerdern","status":"publish","type":"post","link":"https:\/\/now-news.de\/de\/deutschland\/trotz-wohnungsnot-im-eigenen-land-bundesregierung-will-sozialwohnungen-in-der-ukraine-foerdern\/","title":{"rendered":"Trotz Wohnungsnot im eigenen Land: Bundesregierung will &quot;Sozialwohnungen&quot; in der Ukraine f\u00f6rdern"},"content":{"rendered":"<p><img decoding=\"async\" src=\"https:\/\/now-news.de\/de\/wp-content\/uploads\/sites\/3\/2026\/04\/69e9280448fbef333a31aea7.jpg\" \/><\/p>\n<div class=\"Text-root Text-type_1 \">\n                W\u00e4hrend die Mieten in Deutschland explodieren und die Not w\u00e4chst, will die Regierung den Aufbau von Sozialwohnungen in der Ukraine f\u00f6rdern. Ein humaner Akt ist dieser Affront gegen die eigene Bev\u00f6lkerung aber nicht. Es geht um Profit-Sponsoring f\u00fcr deutsche Konzerne auf Kosten der Masse.\n            <\/div>\n<p><\/p>\n<div class=\"Text-root Text-type_5 ArticleView-text ViewText-root \">\n<p><em>Von Alexandra Nollok\u00a0<\/em><\/p>\n<p>Neben Luxush\u00e4usern w\u00e4chst das Stra\u00dfenelend. Selbst Normalverdiener k\u00f6nnen sich das Wohnen kaum noch leisten. \u00dcber ein Prozent der Bev\u00f6lkerung hat kein eigenes Dach \u00fcber dem Kopf \u2013 Tendenz steigend. Immobilienhaie machen sich mit Wuchermieten die Taschen voll, Spekulanten grasen den durchprivatisierten Markt ab. Seit Jahren spitzt sich das Desaster in Deutschland zu. Die Mietpreisbremse ist fast wirkungslos, die Bauvorhaben unzureichend. Die Bundesregierung tut fast nichts dagegen \u2013 jedenfalls nicht im eigenen Land.<\/p>\n<p>Denn eines l\u00e4sst sie sich nicht nehmen: Sie will die Ukraine &#8220;bei der Schaffung bezahlbaren sozialen Wohnraums und beim Aufbau kommunaler Wohnungsgesellschaften&#8221; unterst\u00fctzen \u2013 mit Mitteln aus den Steuert\u00f6pfen, die vor allem bundesdeutsche Arbeiter f\u00fcllen. Wer aber denkt, es geht ihr dabei um die vom Krieg gebeutelte ukrainische Bev\u00f6lkerung, liegt falsch. Sie tut das, wie sie w\u00f6rtlich schreibt, damit &#8220;f\u00fcr deutsche Unternehmen das Potenzial f\u00fcr k\u00fcnftige Investitionen in der Ukraine freigesetzt&#8221; wird.<\/p>\n<p>Mit anderen Worten: Der Westen h\u00e4lt diesen Krieg am Laufen und m\u00e4stet daf\u00fcr seine R\u00fcstungsindustrie. Und w\u00e4hrend sich die USA die ukrainischen Bodensch\u00e4tze sichern, schickt Deutschland seine Baukonzerne in die Spur, um sich an deutschen Steuermitteln (und ukrainischen Schulden) durch Wiederaufbau zu laben. Was klingt, wie eine humane Geste, ist keine Hilfe f\u00fcr Ukrainer, sondern ein Subventionsprogramm f\u00fcr Gro\u00dfkonzerne in der Krise auf Kosten der Lohnabh\u00e4ngigen.<\/p>\n<p><strong>Subventionsversprechen f\u00fcr Baukonzerne<\/strong><\/p>\n<p>Das geht aus einer letzte Woche ver\u00f6ffentlichten &#8220;Erkl\u00e4rung \u00fcber eine strategische Partnerschaft zwischen Deutschland und der Ukraine&#8221; der Bundesregierung <a rel=\"nofollow noopener\" target=\"_blank\" href=\"https:\/\/www.bundesregierung.de\/resource\/blob\/974430\/2420616\/2810b1a2113c7d4687e75b47251397bc\/2026-04-14-erklaerung-deutsch-ukranische-regierungskonsultationen-deutsch-data.pdf?download=1\">hervor<\/a>. Zun\u00e4chst geht es darin um das EU-Unterst\u00fctzungspaket von 90 Milliarden Euro \u2013 aus Schulden am Kapitalmarkt, die sp\u00e4ter die Bev\u00f6lkerung samt Zinsen erarbeiten muss.<\/p>\n<p>Was davon nicht auf Offshore-Konten ukrainischer Politiker und Oligarchen landet, wird vor allem die Kassen gro\u00dfer R\u00fcstungsprivatiers wie Rheinmetall f\u00fcllen. Das ist wohl ohnehin bald alles eins, denn &#8220;die Zukunft der Ukraine liegt in der Europ\u00e4ischen Union&#8221;, wie es die deutsche Regierung heroisch formuliert.\u00a0<\/p>\n<p>Doch Waffen sind nicht das Einzige, womit sich in der Krise ganz viel Geld verdienen l\u00e4sst. W\u00e4hrend die USA auf die Rohstoffe im Kriegsland schielen, will Deutschland vom Wiederaufbau zerst\u00f6rter ukrainischer D\u00f6rfer und St\u00e4dte profitieren. Die Bundesregierung nennt keine Summen. Fest steht aber: Die Milliarden, die sie dort mutma\u00dflich hineinpumpen will, landen weder auf den Konten ihrer eigenen lohnabh\u00e4ngigen Bev\u00f6lkerung noch kommen sie gew\u00f6hnlichen Ukrainern zugute. Sie lassen Konzernkassen klingeln.\u00a0<\/p>\n<p>Unterst\u00fctzen will die deutsche F\u00fchrung demnach &#8220;den sozialen Zusammenhalt, die wirtschaftliche Entwicklung und die St\u00e4rkung der ukrainischen Institutionen&#8221;. &#8220;Neue Finanzmittel&#8221; werde Deutschland &#8220;in Bereichen wie wirtschaftlichem und sozialem Wiederaufbau, Energieresilienz, Wohnungsbau, Verkehr, Heizung, dezentraler Energieerzeugung&#8221; bereitstellen. Investieren werde Deutschland dabei auch in &#8220;die Schaffung bezahlbaren sozialen Wohnraums&#8221; und den &#8220;Aufbau kommunaler Wohnungsgesellschaften&#8221;. Das Bauministerium <a rel=\"nofollow noopener\" target=\"_blank\" href=\"https:\/\/www.bmwsb.bund.de\/SharedDocs\/kurzmeldungen\/DE\/2026\/04\/deu-ukr.html\">schwadroniert<\/a> von &#8220;deutschen Erfahrungen&#8221;.<\/p>\n<p><strong>Vom Sozialstaat zum Mekka f\u00fcr Privatiers<\/strong><\/p>\n<p>Man mag seinen Augen beim Lesen kaum trauen. Wie bitte? Die Bundesregierung verspricht deutschen Unternehmen Steuergeschenke f\u00fcr den Bau von &#8220;bezahlbaren Sozialwohnungen in der Ukraine&#8221;, w\u00e4hrend sich die Arbeiter im eigenen Land die v\u00f6llig \u00fcberteuerten Mieten kaum noch leisten k\u00f6nnen und mehr als eine Million Menschen in der Bundesrepublik, Tendenz steigend, nicht mal mehr \u00fcber eine eigene Bleibe <a rel=\"nofollow noopener\" target=\"_blank\" href=\"https:\/\/www.bagw.de\/de\/presse\/show?tx_netnews_newsview%5Baction%5D=show&amp;tx_netnews_newsview%5Bcontroller%5D=News&amp;tx_netnews_newsview%5Bnews%5D=388&amp;cHash=12a28ed54f41d543eb4d7bda679ef0e8\">verf\u00fcgen<\/a>?<\/p>\n<p>Ein \u00e4hnlicher Affront gegen die deutschen Lohnabh\u00e4ngigen ist ihr Versprechen, den &#8220;Aufbau kommunaler Wohnungsgesellschaften&#8221; in der Ukraine zu f\u00f6rdern. Dabei <a rel=\"nofollow noopener\" target=\"_blank\" href=\"https:\/\/www.focus.de\/immobilien\/bauen\/falsche-schaetzungen-ueberall-baumangel-reform-irrsinn-treibt-deutsche-in-die-wohnungsnot_id_5746970.html\">privatisierten<\/a> deutsche Kommunen allein zwischen Ende der 1990er und Mitte der 2010er Jahre \u00fcber 700.000 Wohnungen.\u00a0Rechnet man die Privatisierungen durch die Treuhand in der ehemaligen DDR hinzu, kommt man wohl auf die doppelte Menge.\u00a0<\/p>\n<p>Vor der sogenannten &#8220;Wiedervereinigung&#8221; Ende der 1980er Jahre gab es allein in der alten BRD rund vier Millionen Sozialwohnungen, 2023 waren es in ganz Deutschland nur noch etwas \u00fcber <a rel=\"nofollow noopener\" target=\"_blank\" href=\"https:\/\/www.bundestag.de\/presse\/hib\/kurzmeldungen-967750\">eine Million<\/a>. Und selbst diese sind heute oft zu teuer f\u00fcr verarmte Rentner oder Geringverdiener, die mit Grundsicherung aufstocken m\u00fcssen. Zu Beginn dieses Jahres ver\u00f6ffentlichte der Deutsche Mieterbund den &#8220;Sozialen Wohnmonitor&#8221;, eine Studie, wonach inzwischen 1,4 Millionen bezahlbare Wohnungen in Deutschland <a rel=\"nofollow noopener\" target=\"_blank\" href=\"https:\/\/mieterbund.de\/themen-und-positionen\/studien\/pestel-institut-sozialer-wohn-monitor-2026\/\">fehlen<\/a>. Die Betonung liegt auf &#8220;bezahlbar&#8221;.<\/p>\n<p><strong>Regierung sieht &#8220;keinen Widerspruch&#8221;<\/strong><\/p>\n<p>Warum die Bundesregierung Sozialwohnungspl\u00e4ne f\u00fcr die Ukraine hegt, w\u00e4hrend in Deutschland Wohnungsnot herrscht, die Infrastruktur trotz des 500-Milliardenpakets weiter verrottet und das Elend w\u00e4chst, wollte der Journalist Florian Warweg am Montag in der Bundespressekonferenz <a rel=\"nofollow noopener\" target=\"_blank\" href=\"https:\/\/www.youtube.com\/watch?v=YZ4P46d5v88\">erfahren<\/a>.\u00a0Regierungssprecher Steffen Meyer mochte darin aber \u2013 man konnte es erwarten \u2013 &#8220;keinen Widerspruch&#8221; erkennen.<\/p>\n<p>Pauline Kopf vom Bundesbauministerium hielt auf Warwegs Frage hin einen Vortrag \u00fcber angebliche Bem\u00fchungen der Regierung, die Wohnungsnot in Deutschland zu bek\u00e4mpfen. Die eingesetzten Mittel l\u00e4gen schon bei vier Milliarden Euro, und man wolle sie auf 5,5 Milliarden &#8220;ausbauen&#8221;, erkl\u00e4rte sie, als h\u00e4tte sie nie etwas von Inflation und dem gigantischen Preisanstieg f\u00fcr Immobilien, Mieten und Nebenkosten geh\u00f6rt.\u00a0<\/p>\n<p>Ihr Ministerium habe letztes Jahr 62.000 Wohneinheiten gef\u00f6rdert, so die Sprecherin. Sie f\u00fcgte an: Freilich sei das &#8220;noch nicht ganz das, wo man hinm\u00f6chte, aber wir sind eben auf einem guten Weg&#8221;. Warweg wollte zur\u00fcck zur Ukraine: In der Regierungserkl\u00e4rung klinge es, &#8220;als w\u00fcrde der Staat deutsche Unternehmen subventionieren wollen&#8221;, mahnte er und hakte nach, ob es daf\u00fcr schon Anw\u00e4rter gebe. Diese Frage wollte jedoch niemand beantworten. Warweg k\u00f6nne eine schriftliche Anfrage stellen, sagte Meyer und pochte darauf, dass &#8220;eine strategische Partnerschaft mit der Ukraine in unserem ureigenen Interesse liegt&#8221;.<\/p>\n<p><strong>Profit-Sponsoring auf Kosten der Bev\u00f6lkerung<\/strong><\/p>\n<p>Mit den Subventionen hat Warweg einen interessanten Punkt gemacht. In Deutschland ist das Lohnniveau seit vielen Jahren kaum gestiegen, zwischendurch sogar gesunken. Wenn die Leute aber weniger verdienen, kaufen sie auch weniger. Also subventioniert der Staat seine Gro\u00dfkonzerne zunehmend aus den Steuert\u00f6pfen mit, sei es durch Aufr\u00fcstung f\u00fcr kriegerische Aggressionen oder eben Bauprojekte, hier getarnt als Wiederaufbauhilfe.<\/p>\n<p>Und das d\u00fcrfte erst der Anfang sein. Die seit 30 Jahren besonders rabiat praktizierte neoliberale Politik wird die Armut weiter steigern. Die Agenda 2035 &#8220;von McKinsey, Boston Consulting und Roland Berger&#8221; wird,\u00a0wie das <em>Handelsblatt<\/em> vor eineinhalb Jahren <a rel=\"nofollow noopener\" target=\"_blank\" href=\"https:\/\/www.handelsblatt.com\/unternehmen\/dienstleister\/agenda-2035-der-zukunftsplan-von-mckinsey-boston-consulting-und-roland-berger-01\/100064057.html\">schrieb<\/a>,\u00a0schon umgesetzt.<\/p>\n<p><a rel=\"nofollow noopener\" target=\"_blank\" href=\"https:\/\/www.jungewelt.de\/artikel\/521155.agenda-2035.html\">Geplant<\/a> ist eine Premium-Variante der &#8220;Agenda 2010&#8221;: noch mehr Sozialkahlschlag, mehr Privatisierung von Gemeinwohlg\u00fctern (darunter Wohnungen), mehr Steuern auf Konsum, daf\u00fcr weniger Steuern und mehr Subventionen f\u00fcr Konzerne.\u00a0Deutlich wird: Es geht den selbst ernannten Humanisten in der deutschen Regierung nicht um Menschen: nicht um Ukrainer, nicht um Deutsche, nicht um Migranten. Es geht nur um eins: den Profit des eigenen Kapitals in unsicheren imperialistischen Zeiten auf Kosten der Arbeiter zu sponsern.<\/p>\n<p><strong>Mehr zum Thema<\/strong>\u00a0\u2013 <a rel=\"nofollow noopener\" target=\"_blank\" href=\"https:\/\/freedert.online\/inland\/277442-hauptstadtstatistik-jeder-fuenfte-berliner-armutsgefaehrdet\/\">Hauptstadtstatistik: Jeder f\u00fcnfte Berliner armutsgef\u00e4hrdet<\/a><\/p>\n<div class=\"EmbedBlock-root EmbedBlock-externalVideo EmbedBlock-rumble\">\n<div class=\"VkEmbed\"><iframe class=\"lazyload\" data-src=\"https:\/\/rumble.com\/embed\/v76mhmg\" frameborder=\"0\" width=\"853\" height=\"480\" allowfullscreen><\/iframe><\/div>\n<\/div>\n<\/div>\n<p><br \/>\n<br \/><a href=\"https:\/\/de.rt.com\/meinung\/277938-trotz-wohnungsnot-im-eigenen-land\/\">Source link <\/a><\/p>\n","protected":false},"excerpt":{"rendered":"<p>W\u00e4hrend die Mieten in Deutschland explodieren und die Not w\u00e4chst, will die Regierung den Aufbau von Sozialwohnungen in der Ukraine f\u00f6rdern. Ein humaner Akt ist dieser Affront gegen die eigene Bev\u00f6lkerung aber nicht. Es geht um Profit-Sponsoring f\u00fcr deutsche Konzerne auf Kosten der Masse. Von Alexandra Nollok\u00a0 Neben Luxush\u00e4usern w\u00e4chst das Stra\u00dfenelend. Selbst Normalverdiener k\u00f6nnen [&hellip;]<\/p>\n","protected":false},"author":3,"featured_media":102147,"comment_status":"open","ping_status":"open","sticky":false,"template":"","format":"standard","meta":{"_yoast_indexnow_last_ping":["1776888916"],"wp_automatic_camp":["217"],"88f70a31125ac29aa78524226bdc3966":["Trotz Wohnungsnot im eigenen Land: Bundesregierung will &quot;Sozialwohnungen&quot; in der Ukraine f\u00f6rdern"],"original_link":["https:\/\/de.rt.com\/meinung\/277938-trotz-wohnungsnot-im-eigenen-land\/"],"_thumbnail_id":["102147"],"jnews_social_counter_last_update":["1777243642"],"_wptgpro_p2tg_sent2tg":["a:1:{i:23737;s:19:\"2026-04-22 22:16:23\";}"]},"categories":[19,23],"tags":[3807,82,947,3657,7414,72561,1381,127,47891],"yoast_head":"<!-- This site is optimized with the Yoast SEO Premium plugin v22.7 (Yoast SEO v22.7) - https:\/\/yoast.com\/wordpress\/plugins\/seo\/ -->\n<title>Trotz Wohnungsnot im eigenen Land: Bundesregierung will &quot;Sozialwohnungen&quot; in der Ukraine f\u00f6rdern - just-now.NEWS Deutschland<\/title>\n<meta name=\"robots\" content=\"index, follow, max-snippet:-1, max-image-preview:large, max-video-preview:-1\" \/>\n<link rel=\"canonical\" href=\"https:\/\/now-news.de\/de\/deutschland\/trotz-wohnungsnot-im-eigenen-land-bundesregierung-will-sozialwohnungen-in-der-ukraine-foerdern\/\" \/>\n<meta property=\"og:locale\" content=\"de_DE\" \/>\n<meta property=\"og:type\" content=\"article\" \/>\n<meta property=\"og:title\" content=\"Trotz Wohnungsnot im eigenen Land: Bundesregierung will &quot;Sozialwohnungen&quot; in der Ukraine f\u00f6rdern\" \/>\n<meta property=\"og:description\" content=\"W\u00e4hrend die Mieten in Deutschland explodieren und die Not w\u00e4chst, will die Regierung den Aufbau von Sozialwohnungen in der Ukraine f\u00f6rdern. Ein humaner Akt ist dieser Affront gegen die eigene Bev\u00f6lkerung aber nicht. Es geht um Profit-Sponsoring f\u00fcr deutsche Konzerne auf Kosten der Masse. Von Alexandra Nollok\u00a0 Neben Luxush\u00e4usern w\u00e4chst das Stra\u00dfenelend. Selbst Normalverdiener k\u00f6nnen [&hellip;]\" \/>\n<meta property=\"og:url\" content=\"https:\/\/now-news.de\/de\/deutschland\/trotz-wohnungsnot-im-eigenen-land-bundesregierung-will-sozialwohnungen-in-der-ukraine-foerdern\/\" \/>\n<meta property=\"og:site_name\" content=\"just-now.NEWS Deutschland\" \/>\n<meta property=\"article:publisher\" content=\"https:\/\/www.facebook.com\/wirmachenauf\" \/>\n<meta property=\"article:published_time\" content=\"2026-04-22T20:11:42+00:00\" \/>\n<meta property=\"og:image\" content=\"https:\/\/now-news.de\/de\/wp-content\/uploads\/sites\/3\/2026\/04\/69e9280448fbef333a31aea7.jpg\" \/>\n<meta name=\"author\" content=\"rtnews\" \/>\n<meta name=\"twitter:card\" content=\"summary_large_image\" \/>\n<meta name=\"twitter:creator\" content=\"@WirMachenAuf_de\" \/>\n<meta name=\"twitter:site\" content=\"@WirMachenAuf_de\" \/>\n<meta name=\"twitter:label1\" content=\"Verfasst von\" \/>\n\t<meta name=\"twitter:data1\" content=\"rtnews\" \/>\n\t<meta name=\"twitter:label2\" content=\"Gesch\u00e4tzte Lesezeit\" \/>\n\t<meta name=\"twitter:data2\" content=\"6\u00a0Minuten\" \/>\n<script type=\"application\/ld+json\" class=\"yoast-schema-graph\">{\"@context\":\"https:\/\/schema.org\",\"@graph\":[{\"@type\":\"Article\",\"@id\":\"https:\/\/now-news.de\/de\/deutschland\/trotz-wohnungsnot-im-eigenen-land-bundesregierung-will-sozialwohnungen-in-der-ukraine-foerdern\/#article\",\"isPartOf\":{\"@id\":\"https:\/\/now-news.de\/de\/deutschland\/trotz-wohnungsnot-im-eigenen-land-bundesregierung-will-sozialwohnungen-in-der-ukraine-foerdern\/\"},\"author\":{\"name\":\"rtnews\",\"@id\":\"https:\/\/now-news.de\/de\/#\/schema\/person\/fb534a4e865501d8b3285208df34a9b5\"},\"headline\":\"Trotz Wohnungsnot im eigenen Land: Bundesregierung will &quot;Sozialwohnungen&quot; in der Ukraine f\u00f6rdern\",\"datePublished\":\"2026-04-22T20:11:42+00:00\",\"dateModified\":\"2026-04-22T20:11:42+00:00\",\"mainEntityOfPage\":{\"@id\":\"https:\/\/now-news.de\/de\/deutschland\/trotz-wohnungsnot-im-eigenen-land-bundesregierung-will-sozialwohnungen-in-der-ukraine-foerdern\/\"},\"wordCount\":1154,\"commentCount\":0,\"publisher\":{\"@id\":\"https:\/\/now-news.de\/de\/#organization\"},\"image\":{\"@id\":\"https:\/\/now-news.de\/de\/deutschland\/trotz-wohnungsnot-im-eigenen-land-bundesregierung-will-sozialwohnungen-in-der-ukraine-foerdern\/#primaryimage\"},\"thumbnailUrl\":\"https:\/\/now-news.de\/de\/wp-content\/uploads\/sites\/3\/Trotz-Wohnungsnot-im-eigenen-Land-Bundesregierung-will-quotSozialwohnungenquot-in-der.jpg\",\"keywords\":[\"Bundesregierung\",\"der\",\"eigenen\",\"f\u00f6rdern\",\"Land\",\"quotSozialwohnungenquot\",\"Trotz\",\"ukraine\",\"Wohnungsnot\"],\"articleSection\":[\"Deutschland\",\"Russland\"],\"inLanguage\":\"de\",\"potentialAction\":[{\"@type\":\"CommentAction\",\"name\":\"Comment\",\"target\":[\"https:\/\/now-news.de\/de\/deutschland\/trotz-wohnungsnot-im-eigenen-land-bundesregierung-will-sozialwohnungen-in-der-ukraine-foerdern\/#respond\"]}]},{\"@type\":\"WebPage\",\"@id\":\"https:\/\/now-news.de\/de\/deutschland\/trotz-wohnungsnot-im-eigenen-land-bundesregierung-will-sozialwohnungen-in-der-ukraine-foerdern\/\",\"url\":\"https:\/\/now-news.de\/de\/deutschland\/trotz-wohnungsnot-im-eigenen-land-bundesregierung-will-sozialwohnungen-in-der-ukraine-foerdern\/\",\"name\":\"Trotz Wohnungsnot im eigenen Land: Bundesregierung will &quot;Sozialwohnungen&quot; in der Ukraine f\u00f6rdern - just-now.NEWS Deutschland\",\"isPartOf\":{\"@id\":\"https:\/\/now-news.de\/de\/#website\"},\"primaryImageOfPage\":{\"@id\":\"https:\/\/now-news.de\/de\/deutschland\/trotz-wohnungsnot-im-eigenen-land-bundesregierung-will-sozialwohnungen-in-der-ukraine-foerdern\/#primaryimage\"},\"image\":{\"@id\":\"https:\/\/now-news.de\/de\/deutschland\/trotz-wohnungsnot-im-eigenen-land-bundesregierung-will-sozialwohnungen-in-der-ukraine-foerdern\/#primaryimage\"},\"thumbnailUrl\":\"https:\/\/now-news.de\/de\/wp-content\/uploads\/sites\/3\/Trotz-Wohnungsnot-im-eigenen-Land-Bundesregierung-will-quotSozialwohnungenquot-in-der.jpg\",\"datePublished\":\"2026-04-22T20:11:42+00:00\",\"dateModified\":\"2026-04-22T20:11:42+00:00\",\"breadcrumb\":{\"@id\":\"https:\/\/now-news.de\/de\/deutschland\/trotz-wohnungsnot-im-eigenen-land-bundesregierung-will-sozialwohnungen-in-der-ukraine-foerdern\/#breadcrumb\"},\"inLanguage\":\"de\",\"potentialAction\":[{\"@type\":\"ReadAction\",\"target\":[\"https:\/\/now-news.de\/de\/deutschland\/trotz-wohnungsnot-im-eigenen-land-bundesregierung-will-sozialwohnungen-in-der-ukraine-foerdern\/\"]}]},{\"@type\":\"ImageObject\",\"inLanguage\":\"de\",\"@id\":\"https:\/\/now-news.de\/de\/deutschland\/trotz-wohnungsnot-im-eigenen-land-bundesregierung-will-sozialwohnungen-in-der-ukraine-foerdern\/#primaryimage\",\"url\":\"https:\/\/now-news.de\/de\/wp-content\/uploads\/sites\/3\/Trotz-Wohnungsnot-im-eigenen-Land-Bundesregierung-will-quotSozialwohnungenquot-in-der.jpg\",\"contentUrl\":\"https:\/\/now-news.de\/de\/wp-content\/uploads\/sites\/3\/Trotz-Wohnungsnot-im-eigenen-Land-Bundesregierung-will-quotSozialwohnungenquot-in-der.jpg\",\"caption\":\"Trotz Wohnungsnot im eigenen Land: Bundesregierung will &quot;Sozialwohnungen&quot; in der Ukraine f\u00f6rdern\"},{\"@type\":\"BreadcrumbList\",\"@id\":\"https:\/\/now-news.de\/de\/deutschland\/trotz-wohnungsnot-im-eigenen-land-bundesregierung-will-sozialwohnungen-in-der-ukraine-foerdern\/#breadcrumb\",\"itemListElement\":[{\"@type\":\"ListItem\",\"position\":1,\"name\":\"Home\",\"item\":\"https:\/\/now-news.de\/de\/\"},{\"@type\":\"ListItem\",\"position\":2,\"name\":\"Trotz Wohnungsnot im eigenen Land: Bundesregierung will &quot;Sozialwohnungen&quot; in der Ukraine f\u00f6rdern\"}]},{\"@type\":\"WebSite\",\"@id\":\"https:\/\/now-news.de\/de\/#website\",\"url\":\"https:\/\/now-news.de\/de\/\",\"name\":\"just-now.NEWS Deutschland\",\"description\":\"Das Portal f\u00fcr unzensierte Nachrichten aus der Welt\",\"publisher\":{\"@id\":\"https:\/\/now-news.de\/de\/#organization\"},\"potentialAction\":[{\"@type\":\"SearchAction\",\"target\":{\"@type\":\"EntryPoint\",\"urlTemplate\":\"https:\/\/now-news.de\/de\/?s={search_term_string}\"},\"query-input\":\"required name=search_term_string\"}],\"inLanguage\":\"de\"},{\"@type\":\"Organization\",\"@id\":\"https:\/\/now-news.de\/de\/#organization\",\"name\":\"Just Now News\",\"url\":\"https:\/\/now-news.de\/de\/\",\"logo\":{\"@type\":\"ImageObject\",\"inLanguage\":\"de\",\"@id\":\"https:\/\/now-news.de\/de\/#\/schema\/logo\/image\/\",\"url\":\"http:\/\/just-now.news\/de\/wp-content\/uploads\/sites\/3\/2022\/04\/logo500x500.jpg\",\"contentUrl\":\"http:\/\/just-now.news\/de\/wp-content\/uploads\/sites\/3\/2022\/04\/logo500x500.jpg\",\"width\":500,\"height\":500,\"caption\":\"Just Now News\"},\"image\":{\"@id\":\"https:\/\/now-news.de\/de\/#\/schema\/logo\/image\/\"},\"sameAs\":[\"https:\/\/www.facebook.com\/wirmachenauf\",\"https:\/\/x.com\/WirMachenAuf_de\"]},{\"@type\":\"Person\",\"@id\":\"https:\/\/now-news.de\/de\/#\/schema\/person\/fb534a4e865501d8b3285208df34a9b5\",\"name\":\"rtnews\",\"image\":{\"@type\":\"ImageObject\",\"inLanguage\":\"de\",\"@id\":\"https:\/\/now-news.de\/de\/#\/schema\/person\/image\/\",\"url\":\"https:\/\/secure.gravatar.com\/avatar\/82aafea7d8127119dd649515f56e2117?s=96&d=mm&r=g\",\"contentUrl\":\"https:\/\/secure.gravatar.com\/avatar\/82aafea7d8127119dd649515f56e2117?s=96&d=mm&r=g\",\"caption\":\"rtnews\"},\"url\":\"https:\/\/now-news.de\/de\/author\/rnews\/\"}]}<\/script>\n<!-- \/ Yoast SEO Premium plugin. -->","yoast_head_json":{"title":"Trotz Wohnungsnot im eigenen Land: Bundesregierung will &quot;Sozialwohnungen&quot; in der Ukraine f\u00f6rdern - just-now.NEWS Deutschland","robots":{"index":"index","follow":"follow","max-snippet":"max-snippet:-1","max-image-preview":"max-image-preview:large","max-video-preview":"max-video-preview:-1"},"canonical":"https:\/\/now-news.de\/de\/deutschland\/trotz-wohnungsnot-im-eigenen-land-bundesregierung-will-sozialwohnungen-in-der-ukraine-foerdern\/","og_locale":"de_DE","og_type":"article","og_title":"Trotz Wohnungsnot im eigenen Land: Bundesregierung will &quot;Sozialwohnungen&quot; in der Ukraine f\u00f6rdern","og_description":"W\u00e4hrend die Mieten in Deutschland explodieren und die Not w\u00e4chst, will die Regierung den Aufbau von Sozialwohnungen in der Ukraine f\u00f6rdern. Ein humaner Akt ist dieser Affront gegen die eigene Bev\u00f6lkerung aber nicht. Es geht um Profit-Sponsoring f\u00fcr deutsche Konzerne auf Kosten der Masse. Von Alexandra Nollok\u00a0 Neben Luxush\u00e4usern w\u00e4chst das Stra\u00dfenelend. Selbst Normalverdiener k\u00f6nnen [&hellip;]","og_url":"https:\/\/now-news.de\/de\/deutschland\/trotz-wohnungsnot-im-eigenen-land-bundesregierung-will-sozialwohnungen-in-der-ukraine-foerdern\/","og_site_name":"just-now.NEWS Deutschland","article_publisher":"https:\/\/www.facebook.com\/wirmachenauf","article_published_time":"2026-04-22T20:11:42+00:00","og_image":[{"url":"https:\/\/now-news.de\/de\/wp-content\/uploads\/sites\/3\/2026\/04\/69e9280448fbef333a31aea7.jpg"}],"author":"rtnews","twitter_card":"summary_large_image","twitter_creator":"@WirMachenAuf_de","twitter_site":"@WirMachenAuf_de","twitter_misc":{"Verfasst von":"rtnews","Gesch\u00e4tzte Lesezeit":"6\u00a0Minuten"},"schema":{"@context":"https:\/\/schema.org","@graph":[{"@type":"Article","@id":"https:\/\/now-news.de\/de\/deutschland\/trotz-wohnungsnot-im-eigenen-land-bundesregierung-will-sozialwohnungen-in-der-ukraine-foerdern\/#article","isPartOf":{"@id":"https:\/\/now-news.de\/de\/deutschland\/trotz-wohnungsnot-im-eigenen-land-bundesregierung-will-sozialwohnungen-in-der-ukraine-foerdern\/"},"author":{"name":"rtnews","@id":"https:\/\/now-news.de\/de\/#\/schema\/person\/fb534a4e865501d8b3285208df34a9b5"},"headline":"Trotz Wohnungsnot im eigenen Land: Bundesregierung will &quot;Sozialwohnungen&quot; in der Ukraine f\u00f6rdern","datePublished":"2026-04-22T20:11:42+00:00","dateModified":"2026-04-22T20:11:42+00:00","mainEntityOfPage":{"@id":"https:\/\/now-news.de\/de\/deutschland\/trotz-wohnungsnot-im-eigenen-land-bundesregierung-will-sozialwohnungen-in-der-ukraine-foerdern\/"},"wordCount":1154,"commentCount":0,"publisher":{"@id":"https:\/\/now-news.de\/de\/#organization"},"image":{"@id":"https:\/\/now-news.de\/de\/deutschland\/trotz-wohnungsnot-im-eigenen-land-bundesregierung-will-sozialwohnungen-in-der-ukraine-foerdern\/#primaryimage"},"thumbnailUrl":"https:\/\/now-news.de\/de\/wp-content\/uploads\/sites\/3\/Trotz-Wohnungsnot-im-eigenen-Land-Bundesregierung-will-quotSozialwohnungenquot-in-der.jpg","keywords":["Bundesregierung","der","eigenen","f\u00f6rdern","Land","quotSozialwohnungenquot","Trotz","ukraine","Wohnungsnot"],"articleSection":["Deutschland","Russland"],"inLanguage":"de","potentialAction":[{"@type":"CommentAction","name":"Comment","target":["https:\/\/now-news.de\/de\/deutschland\/trotz-wohnungsnot-im-eigenen-land-bundesregierung-will-sozialwohnungen-in-der-ukraine-foerdern\/#respond"]}]},{"@type":"WebPage","@id":"https:\/\/now-news.de\/de\/deutschland\/trotz-wohnungsnot-im-eigenen-land-bundesregierung-will-sozialwohnungen-in-der-ukraine-foerdern\/","url":"https:\/\/now-news.de\/de\/deutschland\/trotz-wohnungsnot-im-eigenen-land-bundesregierung-will-sozialwohnungen-in-der-ukraine-foerdern\/","name":"Trotz Wohnungsnot im eigenen Land: Bundesregierung will &quot;Sozialwohnungen&quot; in der Ukraine f\u00f6rdern - just-now.NEWS Deutschland","isPartOf":{"@id":"https:\/\/now-news.de\/de\/#website"},"primaryImageOfPage":{"@id":"https:\/\/now-news.de\/de\/deutschland\/trotz-wohnungsnot-im-eigenen-land-bundesregierung-will-sozialwohnungen-in-der-ukraine-foerdern\/#primaryimage"},"image":{"@id":"https:\/\/now-news.de\/de\/deutschland\/trotz-wohnungsnot-im-eigenen-land-bundesregierung-will-sozialwohnungen-in-der-ukraine-foerdern\/#primaryimage"},"thumbnailUrl":"https:\/\/now-news.de\/de\/wp-content\/uploads\/sites\/3\/Trotz-Wohnungsnot-im-eigenen-Land-Bundesregierung-will-quotSozialwohnungenquot-in-der.jpg","datePublished":"2026-04-22T20:11:42+00:00","dateModified":"2026-04-22T20:11:42+00:00","breadcrumb":{"@id":"https:\/\/now-news.de\/de\/deutschland\/trotz-wohnungsnot-im-eigenen-land-bundesregierung-will-sozialwohnungen-in-der-ukraine-foerdern\/#breadcrumb"},"inLanguage":"de","potentialAction":[{"@type":"ReadAction","target":["https:\/\/now-news.de\/de\/deutschland\/trotz-wohnungsnot-im-eigenen-land-bundesregierung-will-sozialwohnungen-in-der-ukraine-foerdern\/"]}]},{"@type":"ImageObject","inLanguage":"de","@id":"https:\/\/now-news.de\/de\/deutschland\/trotz-wohnungsnot-im-eigenen-land-bundesregierung-will-sozialwohnungen-in-der-ukraine-foerdern\/#primaryimage","url":"https:\/\/now-news.de\/de\/wp-content\/uploads\/sites\/3\/Trotz-Wohnungsnot-im-eigenen-Land-Bundesregierung-will-quotSozialwohnungenquot-in-der.jpg","contentUrl":"https:\/\/now-news.de\/de\/wp-content\/uploads\/sites\/3\/Trotz-Wohnungsnot-im-eigenen-Land-Bundesregierung-will-quotSozialwohnungenquot-in-der.jpg","caption":"Trotz Wohnungsnot im eigenen Land: Bundesregierung will &quot;Sozialwohnungen&quot; in der Ukraine f\u00f6rdern"},{"@type":"BreadcrumbList","@id":"https:\/\/now-news.de\/de\/deutschland\/trotz-wohnungsnot-im-eigenen-land-bundesregierung-will-sozialwohnungen-in-der-ukraine-foerdern\/#breadcrumb","itemListElement":[{"@type":"ListItem","position":1,"name":"Home","item":"https:\/\/now-news.de\/de\/"},{"@type":"ListItem","position":2,"name":"Trotz Wohnungsnot im eigenen Land: Bundesregierung will &quot;Sozialwohnungen&quot; in der Ukraine f\u00f6rdern"}]},{"@type":"WebSite","@id":"https:\/\/now-news.de\/de\/#website","url":"https:\/\/now-news.de\/de\/","name":"just-now.NEWS Deutschland","description":"Das Portal f\u00fcr unzensierte Nachrichten aus der Welt","publisher":{"@id":"https:\/\/now-news.de\/de\/#organization"},"potentialAction":[{"@type":"SearchAction","target":{"@type":"EntryPoint","urlTemplate":"https:\/\/now-news.de\/de\/?s={search_term_string}"},"query-input":"required name=search_term_string"}],"inLanguage":"de"},{"@type":"Organization","@id":"https:\/\/now-news.de\/de\/#organization","name":"Just Now News","url":"https:\/\/now-news.de\/de\/","logo":{"@type":"ImageObject","inLanguage":"de","@id":"https:\/\/now-news.de\/de\/#\/schema\/logo\/image\/","url":"http:\/\/just-now.news\/de\/wp-content\/uploads\/sites\/3\/2022\/04\/logo500x500.jpg","contentUrl":"http:\/\/just-now.news\/de\/wp-content\/uploads\/sites\/3\/2022\/04\/logo500x500.jpg","width":500,"height":500,"caption":"Just Now News"},"image":{"@id":"https:\/\/now-news.de\/de\/#\/schema\/logo\/image\/"},"sameAs":["https:\/\/www.facebook.com\/wirmachenauf","https:\/\/x.com\/WirMachenAuf_de"]},{"@type":"Person","@id":"https:\/\/now-news.de\/de\/#\/schema\/person\/fb534a4e865501d8b3285208df34a9b5","name":"rtnews","image":{"@type":"ImageObject","inLanguage":"de","@id":"https:\/\/now-news.de\/de\/#\/schema\/person\/image\/","url":"https:\/\/secure.gravatar.com\/avatar\/82aafea7d8127119dd649515f56e2117?s=96&d=mm&r=g","contentUrl":"https:\/\/secure.gravatar.com\/avatar\/82aafea7d8127119dd649515f56e2117?s=96&d=mm&r=g","caption":"rtnews"},"url":"https:\/\/now-news.de\/de\/author\/rnews\/"}]}},"_links":{"self":[{"href":"https:\/\/now-news.de\/de\/wp-json\/wp\/v2\/posts\/102146"}],"collection":[{"href":"https:\/\/now-news.de\/de\/wp-json\/wp\/v2\/posts"}],"about":[{"href":"https:\/\/now-news.de\/de\/wp-json\/wp\/v2\/types\/post"}],"author":[{"embeddable":true,"href":"https:\/\/now-news.de\/de\/wp-json\/wp\/v2\/users\/3"}],"replies":[{"embeddable":true,"href":"https:\/\/now-news.de\/de\/wp-json\/wp\/v2\/comments?post=102146"}],"version-history":[{"count":0,"href":"https:\/\/now-news.de\/de\/wp-json\/wp\/v2\/posts\/102146\/revisions"}],"wp:featuredmedia":[{"embeddable":true,"href":"https:\/\/now-news.de\/de\/wp-json\/wp\/v2\/media\/102147"}],"wp:attachment":[{"href":"https:\/\/now-news.de\/de\/wp-json\/wp\/v2\/media?parent=102146"}],"wp:term":[{"taxonomy":"category","embeddable":true,"href":"https:\/\/now-news.de\/de\/wp-json\/wp\/v2\/categories?post=102146"},{"taxonomy":"post_tag","embeddable":true,"href":"https:\/\/now-news.de\/de\/wp-json\/wp\/v2\/tags?post=102146"}],"curies":[{"name":"wp","href":"https:\/\/api.w.org\/{rel}","templated":true}]}}