{"id":102142,"date":"2026-04-22T21:08:29","date_gmt":"2026-04-22T19:08:29","guid":{"rendered":"https:\/\/now-news.de\/de\/deutschland\/reichelt-spottet-ueber-steuerplaene-soll-lars-klingbeil-ehrenbuerger-der-schweiz-werden\/"},"modified":"2026-04-22T21:08:29","modified_gmt":"2026-04-22T19:08:29","slug":"reichelt-spottet-ueber-steuerplaene-soll-lars-klingbeil-ehrenbuerger-der-schweiz-werden","status":"publish","type":"post","link":"https:\/\/now-news.de\/de\/deutschland\/reichelt-spottet-ueber-steuerplaene-soll-lars-klingbeil-ehrenbuerger-der-schweiz-werden\/","title":{"rendered":"Reichelt spottet \u00fcber Steuerpl\u00e4ne: Soll Lars Klingbeil Ehrenb\u00fcrger der Schweiz werden?"},"content":{"rendered":"<p><img decoding=\"async\" src=\"https:\/\/now-news.de\/de\/wp-content\/uploads\/sites\/3\/2026\/04\/69e91512b480cc44272ca09c.jpg\" \/><\/p>\n<div class=\"Text-root Text-type_1 \">\n                Der Chefredakteur des Medienportals Nius, Julian Reichelt, hat die steuerpolitischen Pl\u00e4ne der deutschen Bundesregierung mit einer Mischung aus Kritik und Ironie kommentiert. Sein zugespitzter Vorschlag: Die Schweiz solle den deutschen Vizekanzler Lars Klingbeil zum Ehrenb\u00fcrger ernennen.\n            <\/div>\n<p><\/p>\n<div class=\"Text-root Text-type_5 ArticleView-text ViewText-root \">\n<p><em>Von Hans-Ueli L\u00e4ppli<\/em><\/p>\n<p>Julian Reichelt hat die steuerpolitischen Pl\u00e4ne der Koalition aus SPD und Union nicht nur kritisiert, sondern mit sp\u00fcrbarer Ironie zugespitzt. In der Morgensendung des Medienportals <em>Nius<\/em> brachte er einen ungew\u00f6hnlichen Gedanken ins Spiel.<\/p>\n<p>Die Schweiz solle den deutschen Vizekanzler Lars Klingbeil zum Ehrenb\u00fcrger ernennen, gewisserma\u00dfen als Dank f\u00fcr eine Politik, die aus seiner Sicht vor allem dem Nachbarland zugutekommt.<\/p>\n<p>Die angespannte Haushaltslage in Deutschland setzt die Regierung unter Druck. Um kostspielige Reformprojekte zu finanzieren, werden zus\u00e4tzliche Einnahmen gesucht.<\/p>\n<p>Vor allem die SPD setzt auf eine st\u00e4rkere Besteuerung hoher Einkommen. Im Raum stehen eine Anhebung des Spitzensteuersatzes sowie eine Versch\u00e4rfung der sogenannten Reichensteuer \u2012 beides Abgaben, die im internationalen Vergleich bereits auf einem hohen Niveau liegen.<\/p>\n<p>Reichelt geht davon aus, dass eine weitere steuerliche Belastung insbesondere gut ausgebildete und leistungsstarke Fachkr\u00e4fte zur Abwanderung bewegen d\u00fcrfte.<\/p>\n<p>In der Sendung sprach er von einer Entwicklung, die bereits eingesetzt habe und sich weiter beschleunigen k\u00f6nnte. Neben der irregul\u00e4ren Migration handle es sich um eine der pr\u00e4genden Wanderungsbewegungen der Gegenwart, allerdings mit entgegengesetzter Richtung.<\/p>\n<p>Als Hauptprofiteur dieser Entwicklung sieht er die Schweiz. Hochqualifizierte Arbeitskr\u00e4fte von \u00c4rzten \u00fcber Ingenieure bis hin zu IT-Spezialisten k\u00f6nnten verst\u00e4rkt ins Nachbarland wechseln, wo die steuerlichen Rahmenbedingungen attraktiver erscheinen und die wirtschaftliche Stabilit\u00e4t hoch ist.<\/p>\n<p>F\u00fcr die Schweizer Volkswirtschaft bedeutet dies einen zus\u00e4tzlichen Zufluss an Know-how und Kaufkraft, den Reichelt als indirektes Konjunkturprogramm beschreibt.<\/p>\n<p>Daraus leitet sich seine ironische Forderung ab. Wenn die deutsche Steuerpolitik dazu beitr\u00e4gt, Talente ins Ausland zu verlagern und damit die Wettbewerbsf\u00e4higkeit anderer L\u00e4nder zu st\u00e4rken, erscheint es folgerichtig, deren politische Urheber symbolisch zu w\u00fcrdigen.<\/p>\n<p>Die Zuspitzung richtet sich weniger gegen Lars Klingbeil pers\u00f6nlich als gegen eine grunds\u00e4tzliche Entwicklung. Eine Politik, die steigende Einnahmen prim\u00e4r \u00fcber h\u00f6here Belastungen erzielen will, riskiert, genau jene Kr\u00e4fte zu verlieren, auf die sie wirtschaftlich angewiesen ist.<\/p>\n<div class=\"EmbedBlock-root EmbedBlock-externalVideo EmbedBlock-rumble\">\n<div class=\"VkEmbed\"><iframe class=\"lazyload\" data-src=\"https:\/\/rumble.com\/embed\/v76gjgc\" frameborder=\"0\" width=\"853\" height=\"480\" allowfullscreen><\/iframe><\/div>\n<\/div>\n<\/div>\n<p><br \/>\n<br \/><a href=\"https:\/\/de.rt.com\/inland\/277937-reichelt-spottet-ueber-steuerplaene-soll\/\">Source link <\/a><\/p>\n","protected":false},"excerpt":{"rendered":"<p>Der Chefredakteur des Medienportals Nius, Julian Reichelt, hat die steuerpolitischen Pl\u00e4ne der deutschen Bundesregierung mit einer Mischung aus Kritik und Ironie kommentiert. Sein zugespitzter Vorschlag: Die Schweiz solle den deutschen Vizekanzler Lars Klingbeil zum Ehrenb\u00fcrger ernennen. Von Hans-Ueli L\u00e4ppli Julian Reichelt hat die steuerpolitischen Pl\u00e4ne der Koalition aus SPD und Union nicht nur kritisiert, sondern [&hellip;]<\/p>\n","protected":false},"author":3,"featured_media":102143,"comment_status":"open","ping_status":"open","sticky":false,"template":"","format":"standard","meta":{"_yoast_indexnow_last_ping":["1776885072"],"wp_automatic_camp":["217"],"1284cd82914f3c3728c0eb9c3813c768":["Reichelt spottet \u00fcber Steuerpl\u00e4ne: Soll Lars Klingbeil Ehrenb\u00fcrger der Schweiz werden?"],"original_link":["https:\/\/de.rt.com\/inland\/277937-reichelt-spottet-ueber-steuerplaene-soll\/"],"_thumbnail_id":["102143"],"jnews_social_counter_last_update":["1777297443"],"_wptgpro_p2tg_sent2tg":["a:1:{i:23737;s:19:\"2026-04-22 21:12:12\";}"]},"categories":[19,23],"tags":[82,72559,18061,48062,43455,4207,766,28875,30929,139,1040],"yoast_head":"<!-- This site is optimized with the Yoast SEO Premium plugin v22.7 (Yoast SEO v22.7) - https:\/\/yoast.com\/wordpress\/plugins\/seo\/ -->\n<title>Reichelt spottet \u00fcber Steuerpl\u00e4ne: Soll Lars Klingbeil Ehrenb\u00fcrger der Schweiz werden? - just-now.NEWS Deutschland<\/title>\n<meta name=\"robots\" content=\"index, follow, max-snippet:-1, max-image-preview:large, max-video-preview:-1\" \/>\n<link rel=\"canonical\" href=\"https:\/\/now-news.de\/de\/deutschland\/reichelt-spottet-ueber-steuerplaene-soll-lars-klingbeil-ehrenbuerger-der-schweiz-werden\/\" \/>\n<meta property=\"og:locale\" content=\"de_DE\" \/>\n<meta property=\"og:type\" content=\"article\" \/>\n<meta property=\"og:title\" content=\"Reichelt spottet \u00fcber Steuerpl\u00e4ne: Soll Lars Klingbeil Ehrenb\u00fcrger der Schweiz werden?\" \/>\n<meta property=\"og:description\" content=\"Der Chefredakteur des Medienportals Nius, Julian Reichelt, hat die steuerpolitischen Pl\u00e4ne der deutschen Bundesregierung mit einer Mischung aus Kritik und Ironie kommentiert. Sein zugespitzter Vorschlag: Die Schweiz solle den deutschen Vizekanzler Lars Klingbeil zum Ehrenb\u00fcrger ernennen. Von Hans-Ueli L\u00e4ppli Julian Reichelt hat die steuerpolitischen Pl\u00e4ne der Koalition aus SPD und Union nicht nur kritisiert, sondern [&hellip;]\" \/>\n<meta property=\"og:url\" content=\"https:\/\/now-news.de\/de\/deutschland\/reichelt-spottet-ueber-steuerplaene-soll-lars-klingbeil-ehrenbuerger-der-schweiz-werden\/\" \/>\n<meta property=\"og:site_name\" content=\"just-now.NEWS Deutschland\" \/>\n<meta property=\"article:publisher\" content=\"https:\/\/www.facebook.com\/wirmachenauf\" \/>\n<meta property=\"article:published_time\" content=\"2026-04-22T19:08:29+00:00\" \/>\n<meta property=\"og:image\" content=\"https:\/\/now-news.de\/de\/wp-content\/uploads\/sites\/3\/2026\/04\/69e91512b480cc44272ca09c.jpg\" \/>\n<meta name=\"author\" content=\"rtnews\" \/>\n<meta name=\"twitter:card\" content=\"summary_large_image\" \/>\n<meta name=\"twitter:creator\" content=\"@WirMachenAuf_de\" \/>\n<meta name=\"twitter:site\" content=\"@WirMachenAuf_de\" \/>\n<meta name=\"twitter:label1\" content=\"Verfasst von\" \/>\n\t<meta name=\"twitter:data1\" content=\"rtnews\" \/>\n\t<meta name=\"twitter:label2\" content=\"Gesch\u00e4tzte Lesezeit\" \/>\n\t<meta name=\"twitter:data2\" content=\"2\u00a0Minuten\" \/>\n<script type=\"application\/ld+json\" class=\"yoast-schema-graph\">{\"@context\":\"https:\/\/schema.org\",\"@graph\":[{\"@type\":\"Article\",\"@id\":\"https:\/\/now-news.de\/de\/deutschland\/reichelt-spottet-ueber-steuerplaene-soll-lars-klingbeil-ehrenbuerger-der-schweiz-werden\/#article\",\"isPartOf\":{\"@id\":\"https:\/\/now-news.de\/de\/deutschland\/reichelt-spottet-ueber-steuerplaene-soll-lars-klingbeil-ehrenbuerger-der-schweiz-werden\/\"},\"author\":{\"name\":\"rtnews\",\"@id\":\"https:\/\/now-news.de\/de\/#\/schema\/person\/fb534a4e865501d8b3285208df34a9b5\"},\"headline\":\"Reichelt spottet \u00fcber Steuerpl\u00e4ne: Soll Lars Klingbeil Ehrenb\u00fcrger der Schweiz werden?\",\"datePublished\":\"2026-04-22T19:08:29+00:00\",\"dateModified\":\"2026-04-22T19:08:29+00:00\",\"mainEntityOfPage\":{\"@id\":\"https:\/\/now-news.de\/de\/deutschland\/reichelt-spottet-ueber-steuerplaene-soll-lars-klingbeil-ehrenbuerger-der-schweiz-werden\/\"},\"wordCount\":382,\"commentCount\":0,\"publisher\":{\"@id\":\"https:\/\/now-news.de\/de\/#organization\"},\"image\":{\"@id\":\"https:\/\/now-news.de\/de\/deutschland\/reichelt-spottet-ueber-steuerplaene-soll-lars-klingbeil-ehrenbuerger-der-schweiz-werden\/#primaryimage\"},\"thumbnailUrl\":\"https:\/\/now-news.de\/de\/wp-content\/uploads\/sites\/3\/Reichelt-spottet-ueber-Steuerplaene-Soll-Lars-Klingbeil-Ehrenbuerger-der-Schweiz.jpg\",\"keywords\":[\"der\",\"Ehrenb\u00fcrger\",\"Klingbeil\",\"Lars\",\"Reichelt\",\"schweiz\",\"soll\",\"spottet\",\"Steuerpl\u00e4ne\",\"\u00fcber\",\"Werden\"],\"articleSection\":[\"Deutschland\",\"Russland\"],\"inLanguage\":\"de\",\"potentialAction\":[{\"@type\":\"CommentAction\",\"name\":\"Comment\",\"target\":[\"https:\/\/now-news.de\/de\/deutschland\/reichelt-spottet-ueber-steuerplaene-soll-lars-klingbeil-ehrenbuerger-der-schweiz-werden\/#respond\"]}]},{\"@type\":\"WebPage\",\"@id\":\"https:\/\/now-news.de\/de\/deutschland\/reichelt-spottet-ueber-steuerplaene-soll-lars-klingbeil-ehrenbuerger-der-schweiz-werden\/\",\"url\":\"https:\/\/now-news.de\/de\/deutschland\/reichelt-spottet-ueber-steuerplaene-soll-lars-klingbeil-ehrenbuerger-der-schweiz-werden\/\",\"name\":\"Reichelt spottet \u00fcber Steuerpl\u00e4ne: Soll Lars Klingbeil Ehrenb\u00fcrger der Schweiz werden? - just-now.NEWS Deutschland\",\"isPartOf\":{\"@id\":\"https:\/\/now-news.de\/de\/#website\"},\"primaryImageOfPage\":{\"@id\":\"https:\/\/now-news.de\/de\/deutschland\/reichelt-spottet-ueber-steuerplaene-soll-lars-klingbeil-ehrenbuerger-der-schweiz-werden\/#primaryimage\"},\"image\":{\"@id\":\"https:\/\/now-news.de\/de\/deutschland\/reichelt-spottet-ueber-steuerplaene-soll-lars-klingbeil-ehrenbuerger-der-schweiz-werden\/#primaryimage\"},\"thumbnailUrl\":\"https:\/\/now-news.de\/de\/wp-content\/uploads\/sites\/3\/Reichelt-spottet-ueber-Steuerplaene-Soll-Lars-Klingbeil-Ehrenbuerger-der-Schweiz.jpg\",\"datePublished\":\"2026-04-22T19:08:29+00:00\",\"dateModified\":\"2026-04-22T19:08:29+00:00\",\"breadcrumb\":{\"@id\":\"https:\/\/now-news.de\/de\/deutschland\/reichelt-spottet-ueber-steuerplaene-soll-lars-klingbeil-ehrenbuerger-der-schweiz-werden\/#breadcrumb\"},\"inLanguage\":\"de\",\"potentialAction\":[{\"@type\":\"ReadAction\",\"target\":[\"https:\/\/now-news.de\/de\/deutschland\/reichelt-spottet-ueber-steuerplaene-soll-lars-klingbeil-ehrenbuerger-der-schweiz-werden\/\"]}]},{\"@type\":\"ImageObject\",\"inLanguage\":\"de\",\"@id\":\"https:\/\/now-news.de\/de\/deutschland\/reichelt-spottet-ueber-steuerplaene-soll-lars-klingbeil-ehrenbuerger-der-schweiz-werden\/#primaryimage\",\"url\":\"https:\/\/now-news.de\/de\/wp-content\/uploads\/sites\/3\/Reichelt-spottet-ueber-Steuerplaene-Soll-Lars-Klingbeil-Ehrenbuerger-der-Schweiz.jpg\",\"contentUrl\":\"https:\/\/now-news.de\/de\/wp-content\/uploads\/sites\/3\/Reichelt-spottet-ueber-Steuerplaene-Soll-Lars-Klingbeil-Ehrenbuerger-der-Schweiz.jpg\",\"caption\":\"Reichelt spottet \u00fcber Steuerpl\u00e4ne: Soll Lars Klingbeil Ehrenb\u00fcrger der Schweiz werden?\"},{\"@type\":\"BreadcrumbList\",\"@id\":\"https:\/\/now-news.de\/de\/deutschland\/reichelt-spottet-ueber-steuerplaene-soll-lars-klingbeil-ehrenbuerger-der-schweiz-werden\/#breadcrumb\",\"itemListElement\":[{\"@type\":\"ListItem\",\"position\":1,\"name\":\"Home\",\"item\":\"https:\/\/now-news.de\/de\/\"},{\"@type\":\"ListItem\",\"position\":2,\"name\":\"Reichelt spottet \u00fcber Steuerpl\u00e4ne: Soll Lars Klingbeil Ehrenb\u00fcrger der Schweiz werden?\"}]},{\"@type\":\"WebSite\",\"@id\":\"https:\/\/now-news.de\/de\/#website\",\"url\":\"https:\/\/now-news.de\/de\/\",\"name\":\"just-now.NEWS Deutschland\",\"description\":\"Das Portal f\u00fcr unzensierte Nachrichten aus der Welt\",\"publisher\":{\"@id\":\"https:\/\/now-news.de\/de\/#organization\"},\"potentialAction\":[{\"@type\":\"SearchAction\",\"target\":{\"@type\":\"EntryPoint\",\"urlTemplate\":\"https:\/\/now-news.de\/de\/?s={search_term_string}\"},\"query-input\":\"required name=search_term_string\"}],\"inLanguage\":\"de\"},{\"@type\":\"Organization\",\"@id\":\"https:\/\/now-news.de\/de\/#organization\",\"name\":\"Just Now News\",\"url\":\"https:\/\/now-news.de\/de\/\",\"logo\":{\"@type\":\"ImageObject\",\"inLanguage\":\"de\",\"@id\":\"https:\/\/now-news.de\/de\/#\/schema\/logo\/image\/\",\"url\":\"http:\/\/just-now.news\/de\/wp-content\/uploads\/sites\/3\/2022\/04\/logo500x500.jpg\",\"contentUrl\":\"http:\/\/just-now.news\/de\/wp-content\/uploads\/sites\/3\/2022\/04\/logo500x500.jpg\",\"width\":500,\"height\":500,\"caption\":\"Just Now News\"},\"image\":{\"@id\":\"https:\/\/now-news.de\/de\/#\/schema\/logo\/image\/\"},\"sameAs\":[\"https:\/\/www.facebook.com\/wirmachenauf\",\"https:\/\/x.com\/WirMachenAuf_de\"]},{\"@type\":\"Person\",\"@id\":\"https:\/\/now-news.de\/de\/#\/schema\/person\/fb534a4e865501d8b3285208df34a9b5\",\"name\":\"rtnews\",\"image\":{\"@type\":\"ImageObject\",\"inLanguage\":\"de\",\"@id\":\"https:\/\/now-news.de\/de\/#\/schema\/person\/image\/\",\"url\":\"https:\/\/secure.gravatar.com\/avatar\/82aafea7d8127119dd649515f56e2117?s=96&d=mm&r=g\",\"contentUrl\":\"https:\/\/secure.gravatar.com\/avatar\/82aafea7d8127119dd649515f56e2117?s=96&d=mm&r=g\",\"caption\":\"rtnews\"},\"url\":\"https:\/\/now-news.de\/de\/author\/rnews\/\"}]}<\/script>\n<!-- \/ Yoast SEO Premium plugin. -->","yoast_head_json":{"title":"Reichelt spottet \u00fcber Steuerpl\u00e4ne: Soll Lars Klingbeil Ehrenb\u00fcrger der Schweiz werden? - just-now.NEWS Deutschland","robots":{"index":"index","follow":"follow","max-snippet":"max-snippet:-1","max-image-preview":"max-image-preview:large","max-video-preview":"max-video-preview:-1"},"canonical":"https:\/\/now-news.de\/de\/deutschland\/reichelt-spottet-ueber-steuerplaene-soll-lars-klingbeil-ehrenbuerger-der-schweiz-werden\/","og_locale":"de_DE","og_type":"article","og_title":"Reichelt spottet \u00fcber Steuerpl\u00e4ne: Soll Lars Klingbeil Ehrenb\u00fcrger der Schweiz werden?","og_description":"Der Chefredakteur des Medienportals Nius, Julian Reichelt, hat die steuerpolitischen Pl\u00e4ne der deutschen Bundesregierung mit einer Mischung aus Kritik und Ironie kommentiert. Sein zugespitzter Vorschlag: Die Schweiz solle den deutschen Vizekanzler Lars Klingbeil zum Ehrenb\u00fcrger ernennen. Von Hans-Ueli L\u00e4ppli Julian Reichelt hat die steuerpolitischen Pl\u00e4ne der Koalition aus SPD und Union nicht nur kritisiert, sondern [&hellip;]","og_url":"https:\/\/now-news.de\/de\/deutschland\/reichelt-spottet-ueber-steuerplaene-soll-lars-klingbeil-ehrenbuerger-der-schweiz-werden\/","og_site_name":"just-now.NEWS Deutschland","article_publisher":"https:\/\/www.facebook.com\/wirmachenauf","article_published_time":"2026-04-22T19:08:29+00:00","og_image":[{"url":"https:\/\/now-news.de\/de\/wp-content\/uploads\/sites\/3\/2026\/04\/69e91512b480cc44272ca09c.jpg"}],"author":"rtnews","twitter_card":"summary_large_image","twitter_creator":"@WirMachenAuf_de","twitter_site":"@WirMachenAuf_de","twitter_misc":{"Verfasst von":"rtnews","Gesch\u00e4tzte Lesezeit":"2\u00a0Minuten"},"schema":{"@context":"https:\/\/schema.org","@graph":[{"@type":"Article","@id":"https:\/\/now-news.de\/de\/deutschland\/reichelt-spottet-ueber-steuerplaene-soll-lars-klingbeil-ehrenbuerger-der-schweiz-werden\/#article","isPartOf":{"@id":"https:\/\/now-news.de\/de\/deutschland\/reichelt-spottet-ueber-steuerplaene-soll-lars-klingbeil-ehrenbuerger-der-schweiz-werden\/"},"author":{"name":"rtnews","@id":"https:\/\/now-news.de\/de\/#\/schema\/person\/fb534a4e865501d8b3285208df34a9b5"},"headline":"Reichelt spottet \u00fcber Steuerpl\u00e4ne: Soll Lars Klingbeil Ehrenb\u00fcrger der Schweiz werden?","datePublished":"2026-04-22T19:08:29+00:00","dateModified":"2026-04-22T19:08:29+00:00","mainEntityOfPage":{"@id":"https:\/\/now-news.de\/de\/deutschland\/reichelt-spottet-ueber-steuerplaene-soll-lars-klingbeil-ehrenbuerger-der-schweiz-werden\/"},"wordCount":382,"commentCount":0,"publisher":{"@id":"https:\/\/now-news.de\/de\/#organization"},"image":{"@id":"https:\/\/now-news.de\/de\/deutschland\/reichelt-spottet-ueber-steuerplaene-soll-lars-klingbeil-ehrenbuerger-der-schweiz-werden\/#primaryimage"},"thumbnailUrl":"https:\/\/now-news.de\/de\/wp-content\/uploads\/sites\/3\/Reichelt-spottet-ueber-Steuerplaene-Soll-Lars-Klingbeil-Ehrenbuerger-der-Schweiz.jpg","keywords":["der","Ehrenb\u00fcrger","Klingbeil","Lars","Reichelt","schweiz","soll","spottet","Steuerpl\u00e4ne","\u00fcber","Werden"],"articleSection":["Deutschland","Russland"],"inLanguage":"de","potentialAction":[{"@type":"CommentAction","name":"Comment","target":["https:\/\/now-news.de\/de\/deutschland\/reichelt-spottet-ueber-steuerplaene-soll-lars-klingbeil-ehrenbuerger-der-schweiz-werden\/#respond"]}]},{"@type":"WebPage","@id":"https:\/\/now-news.de\/de\/deutschland\/reichelt-spottet-ueber-steuerplaene-soll-lars-klingbeil-ehrenbuerger-der-schweiz-werden\/","url":"https:\/\/now-news.de\/de\/deutschland\/reichelt-spottet-ueber-steuerplaene-soll-lars-klingbeil-ehrenbuerger-der-schweiz-werden\/","name":"Reichelt spottet \u00fcber Steuerpl\u00e4ne: Soll Lars Klingbeil Ehrenb\u00fcrger der Schweiz werden? - just-now.NEWS Deutschland","isPartOf":{"@id":"https:\/\/now-news.de\/de\/#website"},"primaryImageOfPage":{"@id":"https:\/\/now-news.de\/de\/deutschland\/reichelt-spottet-ueber-steuerplaene-soll-lars-klingbeil-ehrenbuerger-der-schweiz-werden\/#primaryimage"},"image":{"@id":"https:\/\/now-news.de\/de\/deutschland\/reichelt-spottet-ueber-steuerplaene-soll-lars-klingbeil-ehrenbuerger-der-schweiz-werden\/#primaryimage"},"thumbnailUrl":"https:\/\/now-news.de\/de\/wp-content\/uploads\/sites\/3\/Reichelt-spottet-ueber-Steuerplaene-Soll-Lars-Klingbeil-Ehrenbuerger-der-Schweiz.jpg","datePublished":"2026-04-22T19:08:29+00:00","dateModified":"2026-04-22T19:08:29+00:00","breadcrumb":{"@id":"https:\/\/now-news.de\/de\/deutschland\/reichelt-spottet-ueber-steuerplaene-soll-lars-klingbeil-ehrenbuerger-der-schweiz-werden\/#breadcrumb"},"inLanguage":"de","potentialAction":[{"@type":"ReadAction","target":["https:\/\/now-news.de\/de\/deutschland\/reichelt-spottet-ueber-steuerplaene-soll-lars-klingbeil-ehrenbuerger-der-schweiz-werden\/"]}]},{"@type":"ImageObject","inLanguage":"de","@id":"https:\/\/now-news.de\/de\/deutschland\/reichelt-spottet-ueber-steuerplaene-soll-lars-klingbeil-ehrenbuerger-der-schweiz-werden\/#primaryimage","url":"https:\/\/now-news.de\/de\/wp-content\/uploads\/sites\/3\/Reichelt-spottet-ueber-Steuerplaene-Soll-Lars-Klingbeil-Ehrenbuerger-der-Schweiz.jpg","contentUrl":"https:\/\/now-news.de\/de\/wp-content\/uploads\/sites\/3\/Reichelt-spottet-ueber-Steuerplaene-Soll-Lars-Klingbeil-Ehrenbuerger-der-Schweiz.jpg","caption":"Reichelt spottet \u00fcber Steuerpl\u00e4ne: Soll Lars Klingbeil Ehrenb\u00fcrger der Schweiz werden?"},{"@type":"BreadcrumbList","@id":"https:\/\/now-news.de\/de\/deutschland\/reichelt-spottet-ueber-steuerplaene-soll-lars-klingbeil-ehrenbuerger-der-schweiz-werden\/#breadcrumb","itemListElement":[{"@type":"ListItem","position":1,"name":"Home","item":"https:\/\/now-news.de\/de\/"},{"@type":"ListItem","position":2,"name":"Reichelt spottet \u00fcber Steuerpl\u00e4ne: Soll Lars Klingbeil Ehrenb\u00fcrger der Schweiz werden?"}]},{"@type":"WebSite","@id":"https:\/\/now-news.de\/de\/#website","url":"https:\/\/now-news.de\/de\/","name":"just-now.NEWS Deutschland","description":"Das Portal f\u00fcr unzensierte Nachrichten aus der Welt","publisher":{"@id":"https:\/\/now-news.de\/de\/#organization"},"potentialAction":[{"@type":"SearchAction","target":{"@type":"EntryPoint","urlTemplate":"https:\/\/now-news.de\/de\/?s={search_term_string}"},"query-input":"required name=search_term_string"}],"inLanguage":"de"},{"@type":"Organization","@id":"https:\/\/now-news.de\/de\/#organization","name":"Just Now News","url":"https:\/\/now-news.de\/de\/","logo":{"@type":"ImageObject","inLanguage":"de","@id":"https:\/\/now-news.de\/de\/#\/schema\/logo\/image\/","url":"http:\/\/just-now.news\/de\/wp-content\/uploads\/sites\/3\/2022\/04\/logo500x500.jpg","contentUrl":"http:\/\/just-now.news\/de\/wp-content\/uploads\/sites\/3\/2022\/04\/logo500x500.jpg","width":500,"height":500,"caption":"Just Now News"},"image":{"@id":"https:\/\/now-news.de\/de\/#\/schema\/logo\/image\/"},"sameAs":["https:\/\/www.facebook.com\/wirmachenauf","https:\/\/x.com\/WirMachenAuf_de"]},{"@type":"Person","@id":"https:\/\/now-news.de\/de\/#\/schema\/person\/fb534a4e865501d8b3285208df34a9b5","name":"rtnews","image":{"@type":"ImageObject","inLanguage":"de","@id":"https:\/\/now-news.de\/de\/#\/schema\/person\/image\/","url":"https:\/\/secure.gravatar.com\/avatar\/82aafea7d8127119dd649515f56e2117?s=96&d=mm&r=g","contentUrl":"https:\/\/secure.gravatar.com\/avatar\/82aafea7d8127119dd649515f56e2117?s=96&d=mm&r=g","caption":"rtnews"},"url":"https:\/\/now-news.de\/de\/author\/rnews\/"}]}},"_links":{"self":[{"href":"https:\/\/now-news.de\/de\/wp-json\/wp\/v2\/posts\/102142"}],"collection":[{"href":"https:\/\/now-news.de\/de\/wp-json\/wp\/v2\/posts"}],"about":[{"href":"https:\/\/now-news.de\/de\/wp-json\/wp\/v2\/types\/post"}],"author":[{"embeddable":true,"href":"https:\/\/now-news.de\/de\/wp-json\/wp\/v2\/users\/3"}],"replies":[{"embeddable":true,"href":"https:\/\/now-news.de\/de\/wp-json\/wp\/v2\/comments?post=102142"}],"version-history":[{"count":0,"href":"https:\/\/now-news.de\/de\/wp-json\/wp\/v2\/posts\/102142\/revisions"}],"wp:featuredmedia":[{"embeddable":true,"href":"https:\/\/now-news.de\/de\/wp-json\/wp\/v2\/media\/102143"}],"wp:attachment":[{"href":"https:\/\/now-news.de\/de\/wp-json\/wp\/v2\/media?parent=102142"}],"wp:term":[{"taxonomy":"category","embeddable":true,"href":"https:\/\/now-news.de\/de\/wp-json\/wp\/v2\/categories?post=102142"},{"taxonomy":"post_tag","embeddable":true,"href":"https:\/\/now-news.de\/de\/wp-json\/wp\/v2\/tags?post=102142"}],"curies":[{"name":"wp","href":"https:\/\/api.w.org\/{rel}","templated":true}]}}