{"id":102140,"date":"2026-04-22T20:35:41","date_gmt":"2026-04-22T18:35:41","guid":{"rendered":"https:\/\/now-news.de\/de\/deutschland\/verstoesst-eine-arbeitspflicht-fuer-buergergeldempfaenger-gegen-das-grundgesetz\/"},"modified":"2026-04-22T20:35:41","modified_gmt":"2026-04-22T18:35:41","slug":"verstoesst-eine-arbeitspflicht-fuer-buergergeldempfaenger-gegen-das-grundgesetz","status":"publish","type":"post","link":"https:\/\/now-news.de\/de\/deutschland\/verstoesst-eine-arbeitspflicht-fuer-buergergeldempfaenger-gegen-das-grundgesetz\/","title":{"rendered":"Verst\u00f6\u00dft eine Arbeitspflicht f\u00fcr B\u00fcrgergeldempf\u00e4nger gegen das Grundgesetz?"},"content":{"rendered":"<p><img decoding=\"async\" src=\"https:\/\/now-news.de\/de\/wp-content\/uploads\/sites\/3\/2026\/04\/69e8f0b9b480cc3f3213dfaa.jpg\" \/><\/p>\n<div class=\"Text-root Text-type_1 \">\n                Laut dem Verfassungsrechtler Volker Boehme-Ne\u00dfler sind Leistungen zur Sicherung einer menschenw\u00fcrdigen Existenz nicht mit grunds\u00e4tzlichen Arbeitspflichten vereinbar. Vor einer Arbeitspflicht f\u00fcr B\u00fcrgergeld-Empf\u00e4nger m\u00fcsse daher das Grundgesetz ge\u00e4ndert werden.\n            <\/div>\n<p><\/p>\n<div class=\"Text-root Text-type_5 ArticleView-text ViewText-root \">\n<p>Vor Wochen hatte Sachsen-Anhalts Ministerpr\u00e4sident Sven Schulze (CDU) eine Arbeitspflicht f\u00fcr B\u00fcrgergeldempf\u00e4nger gefordert. In einer am Mittwoch <a rel=\"nofollow noopener\" target=\"_blank\" href=\"https:\/\/www.suedkurier.de\/geld-leben\/finanzen\/arbeitspflicht-fuer-buergergeld-empfaenger-gefordert-laesst-sich-das-ueberhaupt-umsetzen-22-4-26-113414482\">aktualisierten Analyse<\/a> geht der <em>S\u00fcdkurier<\/em> der Frage nach, ob so eine Arbeitspflicht rechtlich \u00fcberhaupt zul\u00e4ssig ist.<\/p>\n<p>Gegen\u00fcber der <em>Bild-Zeitung<\/em>\u00a0hatte Schulze seinerzeit im Interview gesagt: &#8220;Wer B\u00fcrgergeld bekommt, kann auch Laub fegen.&#8221; Nach seiner Auffassung sollten die Empf\u00e4nger der staatlichen Leistungen Gegenleistungen erbringen \u2013 zum Beispiel in Form von gemeinn\u00fctzigen T\u00e4tigkeiten. Arbeitsauflagen f\u00fcr B\u00fcrgergeld-Berechtigte seien in den letzten Jahren aber neben Politikern der Unionsparteien auch von FDP- und AfD-Vertretern vorgeschlagen worden.<\/p>\n<p>Im Interview habe Schulze keine rechtlichen Probleme bei der Einf\u00fchrung einer Arbeitspflicht gesehen:\u00a0&#8220;Die Gesetzgebung erlaubt das. F\u00fcr die Leistung, die du bekommst, erwarten wir auch eine Gegenleistung. Und ich denke, es ist nicht zu viel verlangt, dass wir diese Debatte f\u00fchren.&#8221; Die strittige Frage sei im Grundgesetz <a rel=\"nofollow noopener\" target=\"_blank\" href=\"https:\/\/www.gesetze-im-internet.de\/gg\/art_12.html\">Artikel 12<\/a> geregelt, stellte der <em>S\u00fcdkurier<\/em> fest. Demnach sei &#8220;eine allgemeine Arbeitspflicht nicht zul\u00e4ssig&#8221;. In Artikel 12 hei\u00dft es: \u00a0<\/p>\n<p>(1) Alle Deutschen haben das Recht, Beruf, Arbeitsplatz und Ausbildungsst\u00e4tte frei zu w\u00e4hlen. Die Berufsaus\u00fcbung kann durch Gesetz oder auf Grund eines Gesetzes geregelt werden.<br \/> (2) Niemand darf zu einer bestimmten Arbeit gezwungen werden, au\u00dfer im Rahmen einer herk\u00f6mmlichen allgemeinen, f\u00fcr alle gleichen \u00f6ffentlichen Dienstleistungspflicht.<br \/> (3) Zwangsarbeit ist nur bei einer gerichtlich angeordneten Freiheitsentziehung zul\u00e4ssig.<\/p>\n<p>Der Jurist und Verfassungsrechtler Volker Boehme-Ne\u00dfler habe sich ebenfalls dazu ge\u00e4u\u00dfert. Leistungen, die vom Staat zur Sicherung einer menschenw\u00fcrdigen Existenz aufgebracht w\u00fcrden, seien nicht mit grunds\u00e4tzlichen Arbeitspflichten vereinbar. &#8220;Das sagt das Bundesverfassungsgericht auch ganz klar,&#8221; erkl\u00e4rte der Jurist gegen\u00fcber dem <em>MDR<\/em>. \u00a0<\/p>\n<p>Abschlie\u00dfend kommentiert der <em>S\u00fcdkurier<\/em>: Vor der Einf\u00fchrung einer Arbeitspflicht f\u00fcr B\u00fcrgergeld-Empf\u00e4nger m\u00fcsse das Grundgesetz ge\u00e4ndert werden. Eine diesbez\u00fcgliche Grundgesetz\u00e4nderung halte der Verfassungsrechtler Boehme-Ne\u00dfler f\u00fcr unrealistisch. Abgesehen davon &#8220;m\u00fcsste auch noch am Bundesverfassungsgericht gekl\u00e4rt werden, ob eine menschenw\u00fcrdige Existenz gegeben ist, wenn Empf\u00e4ngerinnen und Empf\u00e4nger von B\u00fcrgergeld gemeinn\u00fctzige T\u00e4tigkeiten verrichten m\u00fcssten&#8221;.<\/p>\n<p><strong>Mehr zum Thema<\/strong>\u00a0<strong>\u2013<\/strong>\u00a0<a rel=\"nofollow noopener\" target=\"_blank\" href=\"https:\/\/freedert.online\/meinung\/272039-sozialkahlschlag-an-heimatfront-gefuegig-machen\/\">Sozialkahlschlag an der &#8220;Heimatfront&#8221;: Gef\u00fcgig machen f\u00fcr imperialistische Barbarei <\/a><\/p>\n<div class=\"EmbedBlock-root EmbedBlock-externalVideo EmbedBlock-rumble\">\n<div class=\"VkEmbed\"><iframe class=\"lazyload\" data-src=\"https:\/\/rumble.com\/embed\/v76mtyw\" frameborder=\"0\" width=\"853\" height=\"480\" allowfullscreen><\/iframe><\/div>\n<\/div>\n<p>\u00a0<\/p>\n<\/div>\n<p><br \/>\n<br \/><a href=\"https:\/\/de.rt.com\/inland\/277923-verstoesst-arbeitspflicht-fuer-buergergeldempfaenger-gegen\/\">Source link <\/a><\/p>\n","protected":false},"excerpt":{"rendered":"<p>Laut dem Verfassungsrechtler Volker Boehme-Ne\u00dfler sind Leistungen zur Sicherung einer menschenw\u00fcrdigen Existenz nicht mit grunds\u00e4tzlichen Arbeitspflichten vereinbar. Vor einer Arbeitspflicht f\u00fcr B\u00fcrgergeld-Empf\u00e4nger m\u00fcsse daher das Grundgesetz ge\u00e4ndert werden. Vor Wochen hatte Sachsen-Anhalts Ministerpr\u00e4sident Sven Schulze (CDU) eine Arbeitspflicht f\u00fcr B\u00fcrgergeldempf\u00e4nger gefordert. In einer am Mittwoch aktualisierten Analyse geht der S\u00fcdkurier der Frage nach, ob so [&hellip;]<\/p>\n","protected":false},"author":3,"featured_media":102141,"comment_status":"open","ping_status":"open","sticky":false,"template":"","format":"standard","meta":{"_yoast_indexnow_last_ping":["1776883156"],"wp_automatic_camp":["217"],"72a286d62ec304458aadb8d0c18d20cc":["Verst\u00f6\u00dft eine Arbeitspflicht f\u00fcr B\u00fcrgergeldempf\u00e4nger gegen das Grundgesetz?"],"original_link":["https:\/\/de.rt.com\/inland\/277923-verstoesst-arbeitspflicht-fuer-buergergeldempfaenger-gegen\/"],"_thumbnail_id":["102141"],"jnews_social_counter_last_update":["1777419647"],"_wptgpro_p2tg_sent2tg":["a:1:{i:23737;s:19:\"2026-04-22 20:40:17\";}"]},"categories":[19,23],"tags":[65957,52174,427,275,221,278,39746,1504],"yoast_head":"<!-- This site is optimized with the Yoast SEO Premium plugin v22.7 (Yoast SEO v22.7) - https:\/\/yoast.com\/wordpress\/plugins\/seo\/ -->\n<title>Verst\u00f6\u00dft eine Arbeitspflicht f\u00fcr B\u00fcrgergeldempf\u00e4nger gegen das Grundgesetz? - just-now.NEWS Deutschland<\/title>\n<meta name=\"robots\" content=\"index, follow, max-snippet:-1, max-image-preview:large, max-video-preview:-1\" \/>\n<link rel=\"canonical\" href=\"https:\/\/now-news.de\/de\/deutschland\/verstoesst-eine-arbeitspflicht-fuer-buergergeldempfaenger-gegen-das-grundgesetz\/\" \/>\n<meta property=\"og:locale\" content=\"de_DE\" \/>\n<meta property=\"og:type\" content=\"article\" \/>\n<meta property=\"og:title\" content=\"Verst\u00f6\u00dft eine Arbeitspflicht f\u00fcr B\u00fcrgergeldempf\u00e4nger gegen das Grundgesetz?\" \/>\n<meta property=\"og:description\" content=\"Laut dem Verfassungsrechtler Volker Boehme-Ne\u00dfler sind Leistungen zur Sicherung einer menschenw\u00fcrdigen Existenz nicht mit grunds\u00e4tzlichen Arbeitspflichten vereinbar. Vor einer Arbeitspflicht f\u00fcr B\u00fcrgergeld-Empf\u00e4nger m\u00fcsse daher das Grundgesetz ge\u00e4ndert werden. Vor Wochen hatte Sachsen-Anhalts Ministerpr\u00e4sident Sven Schulze (CDU) eine Arbeitspflicht f\u00fcr B\u00fcrgergeldempf\u00e4nger gefordert. In einer am Mittwoch aktualisierten Analyse geht der S\u00fcdkurier der Frage nach, ob so [&hellip;]\" \/>\n<meta property=\"og:url\" content=\"https:\/\/now-news.de\/de\/deutschland\/verstoesst-eine-arbeitspflicht-fuer-buergergeldempfaenger-gegen-das-grundgesetz\/\" \/>\n<meta property=\"og:site_name\" content=\"just-now.NEWS Deutschland\" \/>\n<meta property=\"article:publisher\" content=\"https:\/\/www.facebook.com\/wirmachenauf\" \/>\n<meta property=\"article:published_time\" content=\"2026-04-22T18:35:41+00:00\" \/>\n<meta property=\"og:image\" content=\"https:\/\/now-news.de\/de\/wp-content\/uploads\/sites\/3\/2026\/04\/69e8f0b9b480cc3f3213dfaa.jpg\" \/>\n<meta name=\"author\" content=\"rtnews\" \/>\n<meta name=\"twitter:card\" content=\"summary_large_image\" \/>\n<meta name=\"twitter:creator\" content=\"@WirMachenAuf_de\" \/>\n<meta name=\"twitter:site\" content=\"@WirMachenAuf_de\" \/>\n<meta name=\"twitter:label1\" content=\"Verfasst von\" \/>\n\t<meta name=\"twitter:data1\" content=\"rtnews\" \/>\n\t<meta name=\"twitter:label2\" content=\"Gesch\u00e4tzte Lesezeit\" \/>\n\t<meta name=\"twitter:data2\" content=\"2\u00a0Minuten\" \/>\n<script type=\"application\/ld+json\" class=\"yoast-schema-graph\">{\"@context\":\"https:\/\/schema.org\",\"@graph\":[{\"@type\":\"Article\",\"@id\":\"https:\/\/now-news.de\/de\/deutschland\/verstoesst-eine-arbeitspflicht-fuer-buergergeldempfaenger-gegen-das-grundgesetz\/#article\",\"isPartOf\":{\"@id\":\"https:\/\/now-news.de\/de\/deutschland\/verstoesst-eine-arbeitspflicht-fuer-buergergeldempfaenger-gegen-das-grundgesetz\/\"},\"author\":{\"name\":\"rtnews\",\"@id\":\"https:\/\/now-news.de\/de\/#\/schema\/person\/fb534a4e865501d8b3285208df34a9b5\"},\"headline\":\"Verst\u00f6\u00dft eine Arbeitspflicht f\u00fcr B\u00fcrgergeldempf\u00e4nger gegen das Grundgesetz?\",\"datePublished\":\"2026-04-22T18:35:41+00:00\",\"dateModified\":\"2026-04-22T18:35:41+00:00\",\"mainEntityOfPage\":{\"@id\":\"https:\/\/now-news.de\/de\/deutschland\/verstoesst-eine-arbeitspflicht-fuer-buergergeldempfaenger-gegen-das-grundgesetz\/\"},\"wordCount\":415,\"commentCount\":0,\"publisher\":{\"@id\":\"https:\/\/now-news.de\/de\/#organization\"},\"image\":{\"@id\":\"https:\/\/now-news.de\/de\/deutschland\/verstoesst-eine-arbeitspflicht-fuer-buergergeldempfaenger-gegen-das-grundgesetz\/#primaryimage\"},\"thumbnailUrl\":\"https:\/\/now-news.de\/de\/wp-content\/uploads\/sites\/3\/Verstoesst-eine-Arbeitspflicht-fuer-Buergergeldempfaenger-gegen-das-Grundgesetz.jpg\",\"keywords\":[\"Arbeitspflicht\",\"B\u00fcrgergeldEmpf\u00e4nger\",\"das\",\"eine\",\"f\u00fcr\",\"gegen\",\"Grundgesetz\",\"verst\u00f6\u00dft\"],\"articleSection\":[\"Deutschland\",\"Russland\"],\"inLanguage\":\"de\",\"potentialAction\":[{\"@type\":\"CommentAction\",\"name\":\"Comment\",\"target\":[\"https:\/\/now-news.de\/de\/deutschland\/verstoesst-eine-arbeitspflicht-fuer-buergergeldempfaenger-gegen-das-grundgesetz\/#respond\"]}]},{\"@type\":\"WebPage\",\"@id\":\"https:\/\/now-news.de\/de\/deutschland\/verstoesst-eine-arbeitspflicht-fuer-buergergeldempfaenger-gegen-das-grundgesetz\/\",\"url\":\"https:\/\/now-news.de\/de\/deutschland\/verstoesst-eine-arbeitspflicht-fuer-buergergeldempfaenger-gegen-das-grundgesetz\/\",\"name\":\"Verst\u00f6\u00dft eine Arbeitspflicht f\u00fcr B\u00fcrgergeldempf\u00e4nger gegen das Grundgesetz? - just-now.NEWS Deutschland\",\"isPartOf\":{\"@id\":\"https:\/\/now-news.de\/de\/#website\"},\"primaryImageOfPage\":{\"@id\":\"https:\/\/now-news.de\/de\/deutschland\/verstoesst-eine-arbeitspflicht-fuer-buergergeldempfaenger-gegen-das-grundgesetz\/#primaryimage\"},\"image\":{\"@id\":\"https:\/\/now-news.de\/de\/deutschland\/verstoesst-eine-arbeitspflicht-fuer-buergergeldempfaenger-gegen-das-grundgesetz\/#primaryimage\"},\"thumbnailUrl\":\"https:\/\/now-news.de\/de\/wp-content\/uploads\/sites\/3\/Verstoesst-eine-Arbeitspflicht-fuer-Buergergeldempfaenger-gegen-das-Grundgesetz.jpg\",\"datePublished\":\"2026-04-22T18:35:41+00:00\",\"dateModified\":\"2026-04-22T18:35:41+00:00\",\"breadcrumb\":{\"@id\":\"https:\/\/now-news.de\/de\/deutschland\/verstoesst-eine-arbeitspflicht-fuer-buergergeldempfaenger-gegen-das-grundgesetz\/#breadcrumb\"},\"inLanguage\":\"de\",\"potentialAction\":[{\"@type\":\"ReadAction\",\"target\":[\"https:\/\/now-news.de\/de\/deutschland\/verstoesst-eine-arbeitspflicht-fuer-buergergeldempfaenger-gegen-das-grundgesetz\/\"]}]},{\"@type\":\"ImageObject\",\"inLanguage\":\"de\",\"@id\":\"https:\/\/now-news.de\/de\/deutschland\/verstoesst-eine-arbeitspflicht-fuer-buergergeldempfaenger-gegen-das-grundgesetz\/#primaryimage\",\"url\":\"https:\/\/now-news.de\/de\/wp-content\/uploads\/sites\/3\/Verstoesst-eine-Arbeitspflicht-fuer-Buergergeldempfaenger-gegen-das-Grundgesetz.jpg\",\"contentUrl\":\"https:\/\/now-news.de\/de\/wp-content\/uploads\/sites\/3\/Verstoesst-eine-Arbeitspflicht-fuer-Buergergeldempfaenger-gegen-das-Grundgesetz.jpg\",\"caption\":\"Verst\u00f6\u00dft eine Arbeitspflicht f\u00fcr B\u00fcrgergeldempf\u00e4nger gegen das Grundgesetz?\"},{\"@type\":\"BreadcrumbList\",\"@id\":\"https:\/\/now-news.de\/de\/deutschland\/verstoesst-eine-arbeitspflicht-fuer-buergergeldempfaenger-gegen-das-grundgesetz\/#breadcrumb\",\"itemListElement\":[{\"@type\":\"ListItem\",\"position\":1,\"name\":\"Home\",\"item\":\"https:\/\/now-news.de\/de\/\"},{\"@type\":\"ListItem\",\"position\":2,\"name\":\"Verst\u00f6\u00dft eine Arbeitspflicht f\u00fcr B\u00fcrgergeldempf\u00e4nger gegen das Grundgesetz?\"}]},{\"@type\":\"WebSite\",\"@id\":\"https:\/\/now-news.de\/de\/#website\",\"url\":\"https:\/\/now-news.de\/de\/\",\"name\":\"just-now.NEWS Deutschland\",\"description\":\"Das Portal f\u00fcr unzensierte Nachrichten aus der Welt\",\"publisher\":{\"@id\":\"https:\/\/now-news.de\/de\/#organization\"},\"potentialAction\":[{\"@type\":\"SearchAction\",\"target\":{\"@type\":\"EntryPoint\",\"urlTemplate\":\"https:\/\/now-news.de\/de\/?s={search_term_string}\"},\"query-input\":\"required name=search_term_string\"}],\"inLanguage\":\"de\"},{\"@type\":\"Organization\",\"@id\":\"https:\/\/now-news.de\/de\/#organization\",\"name\":\"Just Now News\",\"url\":\"https:\/\/now-news.de\/de\/\",\"logo\":{\"@type\":\"ImageObject\",\"inLanguage\":\"de\",\"@id\":\"https:\/\/now-news.de\/de\/#\/schema\/logo\/image\/\",\"url\":\"http:\/\/just-now.news\/de\/wp-content\/uploads\/sites\/3\/2022\/04\/logo500x500.jpg\",\"contentUrl\":\"http:\/\/just-now.news\/de\/wp-content\/uploads\/sites\/3\/2022\/04\/logo500x500.jpg\",\"width\":500,\"height\":500,\"caption\":\"Just Now News\"},\"image\":{\"@id\":\"https:\/\/now-news.de\/de\/#\/schema\/logo\/image\/\"},\"sameAs\":[\"https:\/\/www.facebook.com\/wirmachenauf\",\"https:\/\/x.com\/WirMachenAuf_de\"]},{\"@type\":\"Person\",\"@id\":\"https:\/\/now-news.de\/de\/#\/schema\/person\/fb534a4e865501d8b3285208df34a9b5\",\"name\":\"rtnews\",\"image\":{\"@type\":\"ImageObject\",\"inLanguage\":\"de\",\"@id\":\"https:\/\/now-news.de\/de\/#\/schema\/person\/image\/\",\"url\":\"https:\/\/secure.gravatar.com\/avatar\/82aafea7d8127119dd649515f56e2117?s=96&d=mm&r=g\",\"contentUrl\":\"https:\/\/secure.gravatar.com\/avatar\/82aafea7d8127119dd649515f56e2117?s=96&d=mm&r=g\",\"caption\":\"rtnews\"},\"url\":\"https:\/\/now-news.de\/de\/author\/rnews\/\"}]}<\/script>\n<!-- \/ Yoast SEO Premium plugin. -->","yoast_head_json":{"title":"Verst\u00f6\u00dft eine Arbeitspflicht f\u00fcr B\u00fcrgergeldempf\u00e4nger gegen das Grundgesetz? - just-now.NEWS Deutschland","robots":{"index":"index","follow":"follow","max-snippet":"max-snippet:-1","max-image-preview":"max-image-preview:large","max-video-preview":"max-video-preview:-1"},"canonical":"https:\/\/now-news.de\/de\/deutschland\/verstoesst-eine-arbeitspflicht-fuer-buergergeldempfaenger-gegen-das-grundgesetz\/","og_locale":"de_DE","og_type":"article","og_title":"Verst\u00f6\u00dft eine Arbeitspflicht f\u00fcr B\u00fcrgergeldempf\u00e4nger gegen das Grundgesetz?","og_description":"Laut dem Verfassungsrechtler Volker Boehme-Ne\u00dfler sind Leistungen zur Sicherung einer menschenw\u00fcrdigen Existenz nicht mit grunds\u00e4tzlichen Arbeitspflichten vereinbar. Vor einer Arbeitspflicht f\u00fcr B\u00fcrgergeld-Empf\u00e4nger m\u00fcsse daher das Grundgesetz ge\u00e4ndert werden. Vor Wochen hatte Sachsen-Anhalts Ministerpr\u00e4sident Sven Schulze (CDU) eine Arbeitspflicht f\u00fcr B\u00fcrgergeldempf\u00e4nger gefordert. In einer am Mittwoch aktualisierten Analyse geht der S\u00fcdkurier der Frage nach, ob so [&hellip;]","og_url":"https:\/\/now-news.de\/de\/deutschland\/verstoesst-eine-arbeitspflicht-fuer-buergergeldempfaenger-gegen-das-grundgesetz\/","og_site_name":"just-now.NEWS Deutschland","article_publisher":"https:\/\/www.facebook.com\/wirmachenauf","article_published_time":"2026-04-22T18:35:41+00:00","og_image":[{"url":"https:\/\/now-news.de\/de\/wp-content\/uploads\/sites\/3\/2026\/04\/69e8f0b9b480cc3f3213dfaa.jpg"}],"author":"rtnews","twitter_card":"summary_large_image","twitter_creator":"@WirMachenAuf_de","twitter_site":"@WirMachenAuf_de","twitter_misc":{"Verfasst von":"rtnews","Gesch\u00e4tzte Lesezeit":"2\u00a0Minuten"},"schema":{"@context":"https:\/\/schema.org","@graph":[{"@type":"Article","@id":"https:\/\/now-news.de\/de\/deutschland\/verstoesst-eine-arbeitspflicht-fuer-buergergeldempfaenger-gegen-das-grundgesetz\/#article","isPartOf":{"@id":"https:\/\/now-news.de\/de\/deutschland\/verstoesst-eine-arbeitspflicht-fuer-buergergeldempfaenger-gegen-das-grundgesetz\/"},"author":{"name":"rtnews","@id":"https:\/\/now-news.de\/de\/#\/schema\/person\/fb534a4e865501d8b3285208df34a9b5"},"headline":"Verst\u00f6\u00dft eine Arbeitspflicht f\u00fcr B\u00fcrgergeldempf\u00e4nger gegen das Grundgesetz?","datePublished":"2026-04-22T18:35:41+00:00","dateModified":"2026-04-22T18:35:41+00:00","mainEntityOfPage":{"@id":"https:\/\/now-news.de\/de\/deutschland\/verstoesst-eine-arbeitspflicht-fuer-buergergeldempfaenger-gegen-das-grundgesetz\/"},"wordCount":415,"commentCount":0,"publisher":{"@id":"https:\/\/now-news.de\/de\/#organization"},"image":{"@id":"https:\/\/now-news.de\/de\/deutschland\/verstoesst-eine-arbeitspflicht-fuer-buergergeldempfaenger-gegen-das-grundgesetz\/#primaryimage"},"thumbnailUrl":"https:\/\/now-news.de\/de\/wp-content\/uploads\/sites\/3\/Verstoesst-eine-Arbeitspflicht-fuer-Buergergeldempfaenger-gegen-das-Grundgesetz.jpg","keywords":["Arbeitspflicht","B\u00fcrgergeldEmpf\u00e4nger","das","eine","f\u00fcr","gegen","Grundgesetz","verst\u00f6\u00dft"],"articleSection":["Deutschland","Russland"],"inLanguage":"de","potentialAction":[{"@type":"CommentAction","name":"Comment","target":["https:\/\/now-news.de\/de\/deutschland\/verstoesst-eine-arbeitspflicht-fuer-buergergeldempfaenger-gegen-das-grundgesetz\/#respond"]}]},{"@type":"WebPage","@id":"https:\/\/now-news.de\/de\/deutschland\/verstoesst-eine-arbeitspflicht-fuer-buergergeldempfaenger-gegen-das-grundgesetz\/","url":"https:\/\/now-news.de\/de\/deutschland\/verstoesst-eine-arbeitspflicht-fuer-buergergeldempfaenger-gegen-das-grundgesetz\/","name":"Verst\u00f6\u00dft eine Arbeitspflicht f\u00fcr B\u00fcrgergeldempf\u00e4nger gegen das Grundgesetz? - just-now.NEWS Deutschland","isPartOf":{"@id":"https:\/\/now-news.de\/de\/#website"},"primaryImageOfPage":{"@id":"https:\/\/now-news.de\/de\/deutschland\/verstoesst-eine-arbeitspflicht-fuer-buergergeldempfaenger-gegen-das-grundgesetz\/#primaryimage"},"image":{"@id":"https:\/\/now-news.de\/de\/deutschland\/verstoesst-eine-arbeitspflicht-fuer-buergergeldempfaenger-gegen-das-grundgesetz\/#primaryimage"},"thumbnailUrl":"https:\/\/now-news.de\/de\/wp-content\/uploads\/sites\/3\/Verstoesst-eine-Arbeitspflicht-fuer-Buergergeldempfaenger-gegen-das-Grundgesetz.jpg","datePublished":"2026-04-22T18:35:41+00:00","dateModified":"2026-04-22T18:35:41+00:00","breadcrumb":{"@id":"https:\/\/now-news.de\/de\/deutschland\/verstoesst-eine-arbeitspflicht-fuer-buergergeldempfaenger-gegen-das-grundgesetz\/#breadcrumb"},"inLanguage":"de","potentialAction":[{"@type":"ReadAction","target":["https:\/\/now-news.de\/de\/deutschland\/verstoesst-eine-arbeitspflicht-fuer-buergergeldempfaenger-gegen-das-grundgesetz\/"]}]},{"@type":"ImageObject","inLanguage":"de","@id":"https:\/\/now-news.de\/de\/deutschland\/verstoesst-eine-arbeitspflicht-fuer-buergergeldempfaenger-gegen-das-grundgesetz\/#primaryimage","url":"https:\/\/now-news.de\/de\/wp-content\/uploads\/sites\/3\/Verstoesst-eine-Arbeitspflicht-fuer-Buergergeldempfaenger-gegen-das-Grundgesetz.jpg","contentUrl":"https:\/\/now-news.de\/de\/wp-content\/uploads\/sites\/3\/Verstoesst-eine-Arbeitspflicht-fuer-Buergergeldempfaenger-gegen-das-Grundgesetz.jpg","caption":"Verst\u00f6\u00dft eine Arbeitspflicht f\u00fcr B\u00fcrgergeldempf\u00e4nger gegen das Grundgesetz?"},{"@type":"BreadcrumbList","@id":"https:\/\/now-news.de\/de\/deutschland\/verstoesst-eine-arbeitspflicht-fuer-buergergeldempfaenger-gegen-das-grundgesetz\/#breadcrumb","itemListElement":[{"@type":"ListItem","position":1,"name":"Home","item":"https:\/\/now-news.de\/de\/"},{"@type":"ListItem","position":2,"name":"Verst\u00f6\u00dft eine Arbeitspflicht f\u00fcr B\u00fcrgergeldempf\u00e4nger gegen das Grundgesetz?"}]},{"@type":"WebSite","@id":"https:\/\/now-news.de\/de\/#website","url":"https:\/\/now-news.de\/de\/","name":"just-now.NEWS Deutschland","description":"Das Portal f\u00fcr unzensierte Nachrichten aus der Welt","publisher":{"@id":"https:\/\/now-news.de\/de\/#organization"},"potentialAction":[{"@type":"SearchAction","target":{"@type":"EntryPoint","urlTemplate":"https:\/\/now-news.de\/de\/?s={search_term_string}"},"query-input":"required name=search_term_string"}],"inLanguage":"de"},{"@type":"Organization","@id":"https:\/\/now-news.de\/de\/#organization","name":"Just Now News","url":"https:\/\/now-news.de\/de\/","logo":{"@type":"ImageObject","inLanguage":"de","@id":"https:\/\/now-news.de\/de\/#\/schema\/logo\/image\/","url":"http:\/\/just-now.news\/de\/wp-content\/uploads\/sites\/3\/2022\/04\/logo500x500.jpg","contentUrl":"http:\/\/just-now.news\/de\/wp-content\/uploads\/sites\/3\/2022\/04\/logo500x500.jpg","width":500,"height":500,"caption":"Just Now News"},"image":{"@id":"https:\/\/now-news.de\/de\/#\/schema\/logo\/image\/"},"sameAs":["https:\/\/www.facebook.com\/wirmachenauf","https:\/\/x.com\/WirMachenAuf_de"]},{"@type":"Person","@id":"https:\/\/now-news.de\/de\/#\/schema\/person\/fb534a4e865501d8b3285208df34a9b5","name":"rtnews","image":{"@type":"ImageObject","inLanguage":"de","@id":"https:\/\/now-news.de\/de\/#\/schema\/person\/image\/","url":"https:\/\/secure.gravatar.com\/avatar\/82aafea7d8127119dd649515f56e2117?s=96&d=mm&r=g","contentUrl":"https:\/\/secure.gravatar.com\/avatar\/82aafea7d8127119dd649515f56e2117?s=96&d=mm&r=g","caption":"rtnews"},"url":"https:\/\/now-news.de\/de\/author\/rnews\/"}]}},"_links":{"self":[{"href":"https:\/\/now-news.de\/de\/wp-json\/wp\/v2\/posts\/102140"}],"collection":[{"href":"https:\/\/now-news.de\/de\/wp-json\/wp\/v2\/posts"}],"about":[{"href":"https:\/\/now-news.de\/de\/wp-json\/wp\/v2\/types\/post"}],"author":[{"embeddable":true,"href":"https:\/\/now-news.de\/de\/wp-json\/wp\/v2\/users\/3"}],"replies":[{"embeddable":true,"href":"https:\/\/now-news.de\/de\/wp-json\/wp\/v2\/comments?post=102140"}],"version-history":[{"count":0,"href":"https:\/\/now-news.de\/de\/wp-json\/wp\/v2\/posts\/102140\/revisions"}],"wp:featuredmedia":[{"embeddable":true,"href":"https:\/\/now-news.de\/de\/wp-json\/wp\/v2\/media\/102141"}],"wp:attachment":[{"href":"https:\/\/now-news.de\/de\/wp-json\/wp\/v2\/media?parent=102140"}],"wp:term":[{"taxonomy":"category","embeddable":true,"href":"https:\/\/now-news.de\/de\/wp-json\/wp\/v2\/categories?post=102140"},{"taxonomy":"post_tag","embeddable":true,"href":"https:\/\/now-news.de\/de\/wp-json\/wp\/v2\/tags?post=102140"}],"curies":[{"name":"wp","href":"https:\/\/api.w.org\/{rel}","templated":true}]}}