{"id":102130,"date":"2026-04-22T18:21:20","date_gmt":"2026-04-22T16:21:20","guid":{"rendered":"https:\/\/now-news.de\/de\/deutschland\/der-russe-ist-ein-freund-%e2%80%92-rt-praesentiert-buch-ueber-deutsche-erinnerungen-an-sowjetsoldaten\/"},"modified":"2026-04-22T18:21:20","modified_gmt":"2026-04-22T16:21:20","slug":"der-russe-ist-ein-freund-%e2%80%92-rt-praesentiert-buch-ueber-deutsche-erinnerungen-an-sowjetsoldaten","status":"publish","type":"post","link":"https:\/\/now-news.de\/de\/deutschland\/der-russe-ist-ein-freund-%e2%80%92-rt-praesentiert-buch-ueber-deutsche-erinnerungen-an-sowjetsoldaten\/","title":{"rendered":"&quot;Der Russe ist ein Freund&quot; \u2012 RT pr\u00e4sentiert Buch \u00fcber deutsche Erinnerungen an Sowjetsoldaten"},"content":{"rendered":"<div class=\"Text-root Text-type_1 \">\n                G\u00e4ste aus ganz Deutschland waren am Dienstag in der russischen Botschaft zu Gast. Anlass war die feierliche Vorstellung eines Buchprojekts von RT. Deutlich wurde: Die Bewahrung des Ged\u00e4chtnisses gilt als Schl\u00fcssel zur Gesundung der deutsch-russischen Beziehungen.\n            <\/div>\n<p><\/p>\n<div class=\"Text-root Text-type_5 ArticleView-text ViewText-root \">\n<p><em>Von Wladislaw Sankin und Astrid Sigena<\/em><\/p>\n<p>Der Zweite Weltkrieg ist 81 Jahre her, die Zeitzeugen schwinden. Au\u00dferdem werden die Russen im Westen aus dem kulturellen Ged\u00e4chtnis ausgegrenzt. Anlass genug f\u00fcr <em>RT<\/em>, ein Buchprojekt zu starten, das die Erinnerungen von Menschen der Ergebnisgeneration sammeln sollte. Diese Menschen waren noch Kinder, als sie den Einmarsch der Roten Armee oder sp\u00e4ter die sowjetische Besatzung erlebten. Und oft gab die Begegnung mit Sowjetsoldaten eine Wende, die das k\u00fcnftige Leben dieser Kinder \u00fcber Jahrzehnte bestimmen sollte.<\/p>\n<p><em>RT<\/em>-Chefin Margarita Simonjan, die aufgrund von Sanktionen nicht pers\u00f6nlich zugegen sein konnte, bedankte sich beim feierlichen Empfang in der russischen Botschaft bei den Lesern aus Deutschland und \u00d6sterreich f\u00fcr die Einsendung ihrer Erinnerungen der Kriegs- und Nachkriegszeit, die das Buch &#8220;Dankbarkeit, die ein Leben w\u00e4hrt&#8221; erm\u00f6glicht hatten. Diese Briefe &#8220;voller Dankbarkeit und Anerkennung&#8221; w\u00fcrden zu Tr\u00e4nen r\u00fchren. Die Texte erz\u00e4hlten, &#8220;wie Mitgef\u00fchl die Feindseligkeit \u00fcberwand&#8221;.<\/p>\n<p>Durch ihre Hilfe f\u00fcr die notleidende Zivilbev\u00f6lkerung waren die sowjetischen Soldaten &#8220;nicht nur Sieger, sondern auch Retter&#8221;. Simonjan dr\u00fcckte ihre Hoffnung aus, dass Projekte wie dieses Buch zu einem gemeinsamen Ged\u00e4chtnis von Deutschen und Russen beitragen k\u00f6nnten.<\/p>\n<p>Der Botschafter der Russischen F\u00f6deration, Sergei Netschajew, begr\u00fc\u00dfte die G\u00e4ste und w\u00fcnschte dem Buchprojekt viel Erfolg sowie viele begeisterte Leser. Er bedankte sich f\u00fcr das Engagement deutscher B\u00fcrger, insbesondere des Volksbundes Deutsche Kriegsgr\u00e4berf\u00fcrsorge, f\u00fcr die Pflege der sowjetischen Gr\u00e4ber. Russland wisse die Solidarit\u00e4t seiner deutschen Freunde zu sch\u00e4tzen. Die deutsch-russischen Beziehungen seien in den vergangenen Jahrzehnten einzigartig gewesen. Es sei nicht Russland, das die Br\u00fccken abgebrochen hat. Er forderte das Publikum zu mehr Optimismus auf und erkl\u00e4rte: &#8220;Wir sind zum Erfolg verdammt!&#8221;<\/p>\n<p>Der fr\u00fchere NVA-Offizier J\u00fcrgen Scholtyssek betonte, dass seine Kindheitserfahrungen eigentlich kein Einzelfall gewesen seien. F\u00fcr ihn und seine Altersgenossen seien die sowjetischen Soldaten und Offiziere immer Freunde gewesen.<\/p>\n<figure class=\"RTImage-root\">\n<div class=\"RTImage-image RTImage-original\"><picture class=\"Picture-root Picture-original\"><!--[if IE 9]><video style=\"display: none;\"><![endif]--><source media=\"(-webkit-min-device-pixel-ratio: 2) and (min-resolution: 120dpi)\" data-srcset=\" \nhttps:\/\/now-news.de\/de\/wp-content\/uploads\/sites\/3\/2026\/04\/69e8d137b480cc3971246130.jpg 850w,\n                https:\/\/now-news.de\/de\/wp-content\/uploads\/sites\/3\/2026\/04\/69e8d137b480cc3971246130.jpg 1960w,            \" ><source data-srcset=\" \nhttps:\/\/now-news.de\/de\/wp-content\/uploads\/sites\/3\/2026\/04\/69e8d137b480cc3971246130.jpg 460w,\n              https:\/\/now-news.de\/de\/wp-content\/uploads\/sites\/3\/2026\/04\/69e8d137b480cc3971246130.jpg 980w,\n            \" ><!--[if IE 9]><\/video><![endif]--><img decoding=\"async\" data- src=\"data:image\/png;base64,iVBORw0KGgoAAAANSUhEUgAAABAAAAAJCAQAAACRI2S5AAAAEElEQVR42mNkIAAYRxWAAQAG9gAKqv6+AwAAAABJRU5ErkJggg==\" class=\"Picture-root Picture-original lazyload\" data-src=\"https:\/\/now-news.de\/de\/wp-content\/uploads\/sites\/3\/2026\/04\/69e8d137b480cc3971246130.jpg\" alt=\"\"><\/source><\/source><\/picture><!-- noscript pattern --><noscript><img decoding=\"async\" src=\"https:\/\/now-news.de\/de\/wp-content\/uploads\/sites\/3\/2026\/04\/69e8d137b480cc3971246130.jpg\" alt=\"\"><\/noscript><\/div><figcaption class=\"RTImage-footer\"><span class=\"RTImage-caption\"><span class=\"RTImage-captionItem\">Russlands Botschafter Sergei Jurjewitsch Netschajew h\u00e4lt eine Ansprache an die Versammelten.<\/span><\/span><span class=\"RTImage-source\"><span class=\"RTImage-captionItem\">Wladislaw Sankin<\/span><\/span><\/figcaption><\/figure>\n<p>In der schweren Nachkriegszeit, erz\u00e4hlt Scholtyssek weiter, hat ein sowjetischer Offizier, eigentlich ein Deutschlehrer aus Omsk, seine Essensportionen mit der Familie Scholtyssek geteilt. Dieser Offizier, der zusammen mit einem Kameraden bei der Familie einquartiert war, hat oft mit dem jungen J\u00fcrgen gesprochen und ihm vieles erkl\u00e4rt. &#8220;Maltschik&#8221; hat er ihn genannt und ihm dabei \u00fcber den Kopf gestrichen. Reale Vertreter des Vielv\u00f6lkerstaates Sowjetunion, die ihm begegneten, standen im krassen Gegensatz zu dem zur Nazizeit gepflegten Feindbild der &#8220;Russen&#8221; auf Propaganda-Plakaten als aggressiv wirkender B\u00e4r.<\/p>\n<p>Scholtyssek wusste auch viele Anekdoten aus seiner Zeit in der NVA \u00fcber Erlebnisse mit seinen sowjetischen Freunden zu berichten. Die deutsch-russische Freundschaft hat f\u00fcr ihn immer noch den gr\u00f6\u00dften Stellenwert. Im Gespr\u00e4ch mit <em>RT DE<\/em> \u00e4u\u00dferte er gro\u00dfe Besorgnis \u00fcber die gegenw\u00e4rtigen Entwicklungen: Besonders emp\u00f6rt ihn, wenn Russlands Rang als Kulturnation geleugnet wird. Au\u00dferdem erkl\u00e4rte er: Russland wird niemals eine Aggression gegen Deutschland ver\u00fcben.<\/p>\n<p>Der zweite Gast, Dr. Wolfgang Biedermann, schilderte seine Nachkriegskindheit im zerst\u00f6rten Frankfurt\/Oder und wie beeindruckt er von den Uniformen der sowjetischen Soldaten gewesen ist. Als Kind hatte der kleine Wolfgang zusammen mit seinem Bruder den Abriss einer Ruine beobachtet. Einer der anwesenden Sowjetsoldaten lud die Kinder zu Brot und Suppe ein. Biedermann: &#8220;An das Brot kann ich mich besonders gut erinnern. Es war ein so herrliches Brot, so gut hatte ich vorher noch nie gegessen.&#8221;<\/p>\n<figure class=\"RTImage-root\">\n<div class=\"RTImage-image RTImage-original\"><picture class=\"Picture-root Picture-original\"><!--[if IE 9]><video style=\"display: none;\"><![endif]--><source media=\"(-webkit-min-device-pixel-ratio: 2) and (min-resolution: 120dpi)\" data-srcset=\" \nhttps:\/\/now-news.de\/de\/wp-content\/uploads\/sites\/3\/2026\/04\/69e8d2b1b480cc3e7c500fe8.jpg 850w,\n                https:\/\/now-news.de\/de\/wp-content\/uploads\/sites\/3\/2026\/04\/69e8d2b1b480cc3e7c500fe8.jpg 1960w,            \" ><source data-srcset=\" \nhttps:\/\/now-news.de\/de\/wp-content\/uploads\/sites\/3\/2026\/04\/69e8d2b1b480cc3e7c500fe8.jpg 460w,\n              https:\/\/now-news.de\/de\/wp-content\/uploads\/sites\/3\/2026\/04\/69e8d2b1b480cc3e7c500fe8.jpg 980w,\n            \" ><!--[if IE 9]><\/video><![endif]--><img decoding=\"async\" data- src=\"data:image\/png;base64,iVBORw0KGgoAAAANSUhEUgAAABAAAAAJCAQAAACRI2S5AAAAEElEQVR42mNkIAAYRxWAAQAG9gAKqv6+AwAAAABJRU5ErkJggg==\" class=\"Picture-root Picture-original lazyload\" data-src=\"https:\/\/now-news.de\/de\/wp-content\/uploads\/sites\/3\/2026\/04\/69e8d2b1b480cc3e7c500fe8.jpg\" alt=\"\"><\/source><\/source><\/picture><!-- noscript pattern --><noscript><img decoding=\"async\" src=\"https:\/\/now-news.de\/de\/wp-content\/uploads\/sites\/3\/2026\/04\/69e8d2b1b480cc3e7c500fe8.jpg\" alt=\"\"><\/noscript><\/div><figcaption class=\"RTImage-footer\"><span class=\"RTImage-caption\"><span class=\"RTImage-captionItem\">Dr. Wolfgang Biedermann<\/span><\/span><span class=\"RTImage-source\"><span class=\"RTImage-captionItem\">Wladislaw Sankin<\/span><\/span><\/figcaption><\/figure>\n<p>Ein anderer Soldat h\u00e4tte ihm die Aussicht von einem hohen Geb\u00e4ude aus gezeigt. Die Soldaten hatten sich offenbar Sorgen um die Kinder gemacht, denn die ersten russischen Worte, die er lernte, waren die Erkundigung nach der Familie: &#8220;Papa jest? Mama jest? Sestra jest? Brat jest?&#8221; Diese Begegnungen h\u00e4tten sein Bild von den Russen tief gepr\u00e4gt.<\/p>\n<p>Die Idee hinter dem Projekt war, die Geschichte zu bewahren, die in Deutschland aktiv umgeschrieben wird, erkl\u00e4rte die Projektleiterin Marija J\u00fcrgens. &#8220;Wir wollten die Erlebnisse und Geschichten aufbewahren und an unsere Kinder weitergeben&#8221;, sagte sie. Letzteres sei f\u00fcr die Chefredakteurin des Senders, Margarita Simonjan, ein besonderes Anliegen, was die Projektleiterin\u00a0in ihrer Anrede an das Publikum in der Botschaft betonte.<\/p>\n<blockquote>\n<p><em>&#8220;Wir haben \u00fcber hundert Zuschriften bekommen und wir bekommen immer noch welche. Wir sind den Menschen sehr dankbar, dass sie ihre pers\u00f6nlichen Erlebnisse mit uns geteilt haben&#8221;<\/em>, so J\u00fcrgens.<\/p>\n<\/blockquote>\n<div class=\"EmbedBlock-root EmbedBlock-externalVideo EmbedBlock-rumble\">\n<div class=\"VkEmbed\"><iframe class=\"lazyload\" data-src=\"https:\/\/rumble.com\/embed\/v76nm6e\" frameborder=\"0\" width=\"853\" height=\"480\" allowfullscreen><\/iframe><\/div>\n<\/div>\n<p>Die bekannte Schauspielerin und Publizistin Gabriele Gysi war auch beim Empfang zugegen. Sie kam im ersten Nachkriegsjahr zur Welt. Im Gespr\u00e4ch mit <em>RT DE<\/em> \u00e4u\u00dferte sie Achtung vor der &#8220;irrsinnigen Kulturleistung der sowjetischen Besatzung nach dem Zweiten Weltkrieg&#8221;. Vor allem die Akzeptanz des deutschen Leidens nach dem Krieg und die Empathie gegen\u00fcber dem Feind von gestern findet sie so beeindruckend. Dies sei das, was wir auf jeden Fall lernen k\u00f6nnen.<\/p>\n<p>Sie beklagte Geschichts- und Erinnerungslosigkeit in ihrem Land. Deswegen sei das von <em>RT<\/em> herausgebrachte Buch ein wichtiger Meilenstein, der gegen das Vergessen helfe, und daf\u00fcr sei sie dem russischen Sender dankbar. &#8220;Nachher finden wir die deutsche Geschichte nur noch in Russland, weil sie die einzigen sind, die sich erinnern, die einzigen, die die deutsche Kultur als deutsche Kultur hochsch\u00e4tzen, die Deutsch lernen, Deutsch lesen, die die deutschen Klassiker kennen.&#8221;<\/p>\n<p>Die Erz\u00e4hlungen \u00fcber das Eintreffen der Roten Armee sind Teil der Familiengeschichte vieler Ostdeutscher geworden. Das zeigt das Beispiel der Theaterregisseurin Katrin Sch\u00fclein. Im Gespr\u00e4ch mit <em>RT DE<\/em> berichtete sie \u00fcber die Begegnungen mit den Sowjetsoldaten aus Erz\u00e4hlungen ihrer Eltern, die damals auf der Insel Usedom gelebt haben. Sie h\u00e4tten sich \u00e4hnlich verhalten,\u00a0wie es von den Protagonisten des vorgestellten <em>RT<\/em>-Buches beschrieben wird.\u00a0<\/p>\n<blockquote>\n<p><em>&#8220;Sehr herzlich, sie haben geteilt und das sind Geschichten, die pr\u00e4gen sich als Kind ein.&#8221;\u00a0<\/em><\/p>\n<\/blockquote>\n<p>Sch\u00fclein, die seit 2015 das Theater Ost im ehemaligen Studio\u00a0der &#8220;Aktuellen Kamera&#8221; leitet, versichert: &#8220;Ich gebe diese Erinnerungskultur gern an meinen Sohn weiter, damit sie nicht verw\u00e4ssert und nicht verdreht wird.&#8221; Ihr pers\u00f6nlich als Ballettt\u00e4nzerin sei die Freundschaft zur ehemaligen Sowjetunion und zu Russland sehr wichtig.\u00a0<\/p>\n<p>Nicht nur die Ostdeutschen haben die Russen aufgrund der vielen Kontakte gut in Erinnerung. Viele Heimkehrer aus dem Westen tr\u00fcgen trotz beschwerlicher Verh\u00e4ltnisse in der Gefangenschaft positive Erinnerungen. Darauf wies Publizistin Christiane Reymann im Gespr\u00e4ch mit <em>RT DE<\/em> hin, als sie von einem Zeugenbericht des Bankers und ehemaligen Wehrmachtssoldaten Arthur Gebauer berichtete. Unter dem Titel &#8220;Feindesliebe \u2013 Gottesliebe&#8221; erschien er auf der Webseite der von ihr ins Leben gerufenen Initiative &#8220;Russland ist nicht unser Feind&#8221;.<\/p>\n<p>Gebauer <a rel=\"nofollow noopener\" target=\"_blank\" href=\"https:\/\/russlandistnichtunserfeind.de\/artur-gebauer-feindesliebe-gottesliebe\/\">erz\u00e4hlte<\/a>, &#8220;dass die Menschen mit ihm, dem deutschen Kriegsgefangenen in Russland, wo die Bev\u00f6lkerung auch zum Teil hungern musste, Essen geteilt haben, und dass russische M\u00fctter, die drei vermisste S\u00f6hne hatten, ihm zu essen gegeben haben&#8221;. \u00dcber sein ganzes Leben hinweg habe er die Dankbarkeit und den Wunsch nach Auss\u00f6hnung bewahrt. Nach der Ver\u00f6ffentlichung seines Berichtes vor erst wenigen Tagen habe Reymann viele Zuschriften und weitere Zeugenberichte erhalten. Seine Geschichte gehe den Menschen sehr nahe und ber\u00fchre das Herz, so die Friedensaktivistin.<\/p>\n<p>Auch der AfD-Abgeordnete und langj\u00e4hriges Mitglied der parteien\u00fcbergreifenden Friedensbewegung, Dr. Rainer Rothfu\u00df, besuchte an diesem Tag die russische Botschaft. Sichtlich gut gelaunt war auch er bereit f\u00fcr ein ausf\u00fchrliches Interview. Das <em>RT DE<\/em>-Projekt und den Beitrag der Ostdeutschen zur gemeinsamen Erinnerungskultur lobte er.<\/p>\n<p>&#8220;Wenn sich Menschen begegnen, dann k\u00f6nnen keine Feindbilder entstehen&#8221;, sagte der Politiker. Und die Menschen, die in der DDR sozialisiert wurden, seien daher ein ganz wichtiger Teil unserer deutschen Gemeinschaft, unseres deutschen Volkes, weil sie pers\u00f6nliche Erlebnisse haben. Aufgrund der Besatzung h\u00e4tten sie pers\u00f6nliche Begegnungen mit Russen, mit russischen Soldaten.<\/p>\n<blockquote>\n<p><em>&#8220;Da k\u00f6nnen nicht so leicht Feindbilder entstehen. Dann k\u00f6nnen die Feindbilder nicht so leicht medial in die K\u00f6pfe und Herzen der Menschen eingepflanzt werden.&#8221;<\/em><\/p>\n<\/blockquote>\n<figure class=\"RTImage-root\">\n<div class=\"RTImage-image RTImage-original\"><picture class=\"Picture-root Picture-original\"><!--[if IE 9]><video style=\"display: none;\"><![endif]--><source media=\"(-webkit-min-device-pixel-ratio: 2) and (min-resolution: 120dpi)\" data-srcset=\" \nhttps:\/\/now-news.de\/de\/wp-content\/uploads\/sites\/3\/2026\/04\/69e8d55e48fbef23c07dbc40.JPG 850w,\n                https:\/\/now-news.de\/de\/wp-content\/uploads\/sites\/3\/2026\/04\/69e8d55e48fbef23c07dbc40.JPG 1960w,            \" ><source data-srcset=\" \nhttps:\/\/now-news.de\/de\/wp-content\/uploads\/sites\/3\/2026\/04\/69e8d55e48fbef23c07dbc40.JPG 460w,\n              https:\/\/now-news.de\/de\/wp-content\/uploads\/sites\/3\/2026\/04\/69e8d55e48fbef23c07dbc40.JPG 980w,\n            \" ><!--[if IE 9]><\/video><![endif]--><img decoding=\"async\" data- src=\"data:image\/png;base64,iVBORw0KGgoAAAANSUhEUgAAABAAAAAJCAQAAACRI2S5AAAAEElEQVR42mNkIAAYRxWAAQAG9gAKqv6+AwAAAABJRU5ErkJggg==\" class=\"Picture-root Picture-original lazyload\" data-src=\"https:\/\/now-news.de\/de\/wp-content\/uploads\/sites\/3\/2026\/04\/69e8d55e48fbef23c07dbc40.JPG\" alt=\"\"><\/source><\/source><\/picture><!-- noscript pattern --><noscript><img decoding=\"async\" src=\"https:\/\/now-news.de\/de\/wp-content\/uploads\/sites\/3\/2026\/04\/69e8d55e48fbef23c07dbc40.JPG\" alt=\"\"><\/noscript><\/div><figcaption class=\"RTImage-footer\"><span class=\"RTImage-caption\"><span class=\"RTImage-captionItem\">Dr. Rainer Rothfu\u00df in der russischen Botschaft<\/span><\/span><span class=\"RTImage-source\"><span class=\"RTImage-captionItem\">Wladislaw Sankin<\/span><\/span><\/figcaption><\/figure>\n<p>Er empfinde es als Bereicherung, dass es in Deutschland kein einheitlich negatives Russlandbild gebe und man diesem auch nicht offen gegen\u00fcberstehe. Er habe sich immer daf\u00fcr\u00a0eingesetzt, &#8220;dass wir uns durch Verst\u00e4ndigung, durch Austausch, durch Kontakt vollst\u00e4ndig von Feindbildern l\u00f6sen&#8221;, aber das sei leider ein langer Weg.<\/p>\n<p>Diesen Weg beschreitet Rainer Rothfu\u00df selbst seit vielen Jahren mit seinem eigenen Tun. Bevor er vor zwei Jahren als Nachr\u00fccker in den Bundestag wechselte, war Rothfu\u00df leidenschaftlicher Volksdiplomat. So war er einer der Hauptinitiatoren der ber\u00fchmten Druschba-Fahrten nach Russland in den Jahren 2015 und 2016 und sp\u00e4ter nach Serbien.<\/p>\n<p data-start=\"491\" data-end=\"1568\">Zum Schluss des Gespr\u00e4chs zeigte der Abgeordnete, der an seinem Anzug die deutsch-russische Anstecknadel trug, auch noch den Anh\u00e4nger seines B\u00fcroschl\u00fcssels im Bundestag. Dieser ist in Form eines Herzens in den Farben der deutschen und russischen Fahnen gefertigt, in der Mitte ist eine wei\u00dfe Friedenstaube. Das Emblem ist in der Friedensbewegung seit Jahren weit verbreitet, und das habe er mit einem Freund entworfen, berichtet Rothfu\u00df. Der Urheber zeigte sich stolz und erkl\u00e4rte, dass er die Druschba-Friedensfahrten nach wie vor f\u00fcr das Richtige halte. Die Volksdiplomatie werde in Russland hochgeschrieben. &#8220;Die V\u00f6lker m\u00fcssen ihre Regierungen korrigieren und wieder auf einen friedlichen Kurs bringen.&#8221;<\/p>\n<p data-start=\"1570\" data-end=\"2080\" data-is-last-node=\"\" data-is-only-node=\"\">Wenn die Veranstaltung etwas gelehrt hat, dann zweierlei: Eine g\u00fctige Tat kann noch \u00fcber Jahrzehnte hinweg im Herzen des Beschenkten nachleben und die Einstellung desjenigen\u00a0f\u00fcr immer \u00e4ndern. Und: Im Zeitalter der Erinnerungskriege und der Infragestellung sowjetischer Ehrenmale ist es umso notwendiger, dass Deutsche und Russen zu einer gemeinsamen Form der Erinnerung finden. Nur so k\u00f6nnen alte \u2013 und mittlerweile wieder erneuerte \u2013 Feindbilder endg\u00fcltig \u00fcberwunden und durch Freundschaft ersetzt werden.<\/p>\n<p><strong>Mehr zum Thema<\/strong>\u00a0\u2012 <a rel=\"nofollow noopener\" target=\"_blank\" href=\"https:\/\/freedert.online\/inland\/277655-genozid-am-sowjetischen-volk-botschafter-fordert-bundesregierung-anerkennung\/\">Genozid am sowjetischen Volk: Botschafter Netschajew fordert von Bundesregierung die Anerkennung<\/a><\/p>\n<div class=\"EmbedBlock-root EmbedBlock-externalVideo EmbedBlock-vk\">\n<div class=\"VkEmbed\"><iframe class=\"lazyload\" data-src=\"https:\/\/vk.com\/video_ext.php?oid=-134310637&amp;id=456291019\" frameborder=\"0\" width=\"853\" height=\"480\" allowfullscreen><\/iframe><\/div>\n<\/div>\n<\/div>\n<p><br \/>\n<br \/><a href=\"https:\/\/de.rt.com\/inland\/277895-russe-ist-freund-rt-praesentiert-mit-erinnerungen-kriegskinder-sowjetsoldaten\/\">Source link <\/a><\/p>\n","protected":false},"excerpt":{"rendered":"<p>G\u00e4ste aus ganz Deutschland waren am Dienstag in der russischen Botschaft zu Gast. Anlass war die feierliche Vorstellung eines Buchprojekts von RT. Deutlich wurde: Die Bewahrung des Ged\u00e4chtnisses gilt als Schl\u00fcssel zur Gesundung der deutsch-russischen Beziehungen. Von Wladislaw Sankin und Astrid Sigena Der Zweite Weltkrieg ist 81 Jahre her, die Zeitzeugen schwinden. Au\u00dferdem werden die [&hellip;]<\/p>\n","protected":false},"author":3,"featured_media":102131,"comment_status":"open","ping_status":"open","sticky":false,"template":"","format":"standard","meta":{"_yoast_indexnow_last_ping":["1776875415"],"wp_automatic_camp":["217"],"10801681b647071e9bd7493eeb23ffda":["&quot;Der Russe ist ein Freund&quot; \u2012 RT pr\u00e4sentiert Buch \u00fcber deutsche Erinnerungen an Sowjetsoldaten"],"original_link":["https:\/\/de.rt.com\/inland\/277895-russe-ist-freund-rt-praesentiert-mit-erinnerungen-kriegskinder-sowjetsoldaten\/"],"_thumbnail_id":["102131"],"jnews_social_counter_last_update":["1777384079"],"_wptgpro_p2tg_sent2tg":["a:1:{i:23737;s:19:\"2026-04-22 18:31:17\";}"]},"categories":[19,23],"tags":[9119,2374,357,14677,72552,414,9199,1174,21306,72553,139],"yoast_head":"<!-- This site is optimized with the Yoast SEO Premium plugin v22.7 (Yoast SEO v22.7) - https:\/\/yoast.com\/wordpress\/plugins\/seo\/ -->\n<title>&quot;Der Russe ist ein Freund&quot; \u2012 RT pr\u00e4sentiert Buch \u00fcber deutsche Erinnerungen an Sowjetsoldaten - just-now.NEWS Deutschland<\/title>\n<meta name=\"robots\" content=\"index, follow, max-snippet:-1, max-image-preview:large, max-video-preview:-1\" \/>\n<link rel=\"canonical\" href=\"https:\/\/now-news.de\/de\/deutschland\/der-russe-ist-ein-freund-\u2012-rt-praesentiert-buch-ueber-deutsche-erinnerungen-an-sowjetsoldaten\/\" \/>\n<meta property=\"og:locale\" content=\"de_DE\" \/>\n<meta property=\"og:type\" content=\"article\" \/>\n<meta property=\"og:title\" content=\"&quot;Der Russe ist ein Freund&quot; \u2012 RT pr\u00e4sentiert Buch \u00fcber deutsche Erinnerungen an Sowjetsoldaten\" \/>\n<meta property=\"og:description\" content=\"G\u00e4ste aus ganz Deutschland waren am Dienstag in der russischen Botschaft zu Gast. Anlass war die feierliche Vorstellung eines Buchprojekts von RT. Deutlich wurde: Die Bewahrung des Ged\u00e4chtnisses gilt als Schl\u00fcssel zur Gesundung der deutsch-russischen Beziehungen. Von Wladislaw Sankin und Astrid Sigena Der Zweite Weltkrieg ist 81 Jahre her, die Zeitzeugen schwinden. Au\u00dferdem werden die [&hellip;]\" \/>\n<meta property=\"og:url\" content=\"https:\/\/now-news.de\/de\/deutschland\/der-russe-ist-ein-freund-\u2012-rt-praesentiert-buch-ueber-deutsche-erinnerungen-an-sowjetsoldaten\/\" \/>\n<meta property=\"og:site_name\" content=\"just-now.NEWS Deutschland\" \/>\n<meta property=\"article:publisher\" content=\"https:\/\/www.facebook.com\/wirmachenauf\" \/>\n<meta property=\"article:published_time\" content=\"2026-04-22T16:21:20+00:00\" \/>\n<meta property=\"og:image\" content=\"https:\/\/now-news.de\/de\/wp-content\/uploads\/sites\/3\/2026\/04\/69e8d137b480cc3971246130.jpg\" \/>\n<meta name=\"author\" content=\"rtnews\" \/>\n<meta name=\"twitter:card\" content=\"summary_large_image\" \/>\n<meta name=\"twitter:creator\" content=\"@WirMachenAuf_de\" \/>\n<meta name=\"twitter:site\" content=\"@WirMachenAuf_de\" \/>\n<meta name=\"twitter:label1\" content=\"Verfasst von\" \/>\n\t<meta name=\"twitter:data1\" content=\"rtnews\" \/>\n\t<meta name=\"twitter:label2\" content=\"Gesch\u00e4tzte Lesezeit\" \/>\n\t<meta name=\"twitter:data2\" content=\"8\u00a0Minuten\" \/>\n<script type=\"application\/ld+json\" class=\"yoast-schema-graph\">{\"@context\":\"https:\/\/schema.org\",\"@graph\":[{\"@type\":\"Article\",\"@id\":\"https:\/\/now-news.de\/de\/deutschland\/der-russe-ist-ein-freund-%e2%80%92-rt-praesentiert-buch-ueber-deutsche-erinnerungen-an-sowjetsoldaten\/#article\",\"isPartOf\":{\"@id\":\"https:\/\/now-news.de\/de\/deutschland\/der-russe-ist-ein-freund-%e2%80%92-rt-praesentiert-buch-ueber-deutsche-erinnerungen-an-sowjetsoldaten\/\"},\"author\":{\"name\":\"rtnews\",\"@id\":\"https:\/\/now-news.de\/de\/#\/schema\/person\/fb534a4e865501d8b3285208df34a9b5\"},\"headline\":\"&quot;Der Russe ist ein Freund&quot; \u2012 RT pr\u00e4sentiert Buch \u00fcber deutsche Erinnerungen an Sowjetsoldaten\",\"datePublished\":\"2026-04-22T16:21:20+00:00\",\"dateModified\":\"2026-04-22T16:21:20+00:00\",\"mainEntityOfPage\":{\"@id\":\"https:\/\/now-news.de\/de\/deutschland\/der-russe-ist-ein-freund-%e2%80%92-rt-praesentiert-buch-ueber-deutsche-erinnerungen-an-sowjetsoldaten\/\"},\"wordCount\":1681,\"commentCount\":0,\"publisher\":{\"@id\":\"https:\/\/now-news.de\/de\/#organization\"},\"image\":{\"@id\":\"https:\/\/now-news.de\/de\/deutschland\/der-russe-ist-ein-freund-%e2%80%92-rt-praesentiert-buch-ueber-deutsche-erinnerungen-an-sowjetsoldaten\/#primaryimage\"},\"thumbnailUrl\":\"https:\/\/now-news.de\/de\/wp-content\/uploads\/sites\/3\/quotDer-Russe-ist-ein-Freundquot-\u2012-RT-praesentiert-Buch-ueber.jpg\",\"keywords\":[\"Buch\",\"Deutsche\",\"ein\",\"Erinnerungen\",\"Freundquot\",\"ist\",\"pr\u00e4sentiert\",\"quotDer\",\"Russe\",\"Sowjetsoldaten\",\"\u00fcber\"],\"articleSection\":[\"Deutschland\",\"Russland\"],\"inLanguage\":\"de\",\"potentialAction\":[{\"@type\":\"CommentAction\",\"name\":\"Comment\",\"target\":[\"https:\/\/now-news.de\/de\/deutschland\/der-russe-ist-ein-freund-%e2%80%92-rt-praesentiert-buch-ueber-deutsche-erinnerungen-an-sowjetsoldaten\/#respond\"]}]},{\"@type\":\"WebPage\",\"@id\":\"https:\/\/now-news.de\/de\/deutschland\/der-russe-ist-ein-freund-%e2%80%92-rt-praesentiert-buch-ueber-deutsche-erinnerungen-an-sowjetsoldaten\/\",\"url\":\"https:\/\/now-news.de\/de\/deutschland\/der-russe-ist-ein-freund-%e2%80%92-rt-praesentiert-buch-ueber-deutsche-erinnerungen-an-sowjetsoldaten\/\",\"name\":\"&quot;Der Russe ist ein Freund&quot; \u2012 RT pr\u00e4sentiert Buch \u00fcber deutsche Erinnerungen an Sowjetsoldaten - just-now.NEWS Deutschland\",\"isPartOf\":{\"@id\":\"https:\/\/now-news.de\/de\/#website\"},\"primaryImageOfPage\":{\"@id\":\"https:\/\/now-news.de\/de\/deutschland\/der-russe-ist-ein-freund-%e2%80%92-rt-praesentiert-buch-ueber-deutsche-erinnerungen-an-sowjetsoldaten\/#primaryimage\"},\"image\":{\"@id\":\"https:\/\/now-news.de\/de\/deutschland\/der-russe-ist-ein-freund-%e2%80%92-rt-praesentiert-buch-ueber-deutsche-erinnerungen-an-sowjetsoldaten\/#primaryimage\"},\"thumbnailUrl\":\"https:\/\/now-news.de\/de\/wp-content\/uploads\/sites\/3\/quotDer-Russe-ist-ein-Freundquot-\u2012-RT-praesentiert-Buch-ueber.jpg\",\"datePublished\":\"2026-04-22T16:21:20+00:00\",\"dateModified\":\"2026-04-22T16:21:20+00:00\",\"breadcrumb\":{\"@id\":\"https:\/\/now-news.de\/de\/deutschland\/der-russe-ist-ein-freund-%e2%80%92-rt-praesentiert-buch-ueber-deutsche-erinnerungen-an-sowjetsoldaten\/#breadcrumb\"},\"inLanguage\":\"de\",\"potentialAction\":[{\"@type\":\"ReadAction\",\"target\":[\"https:\/\/now-news.de\/de\/deutschland\/der-russe-ist-ein-freund-%e2%80%92-rt-praesentiert-buch-ueber-deutsche-erinnerungen-an-sowjetsoldaten\/\"]}]},{\"@type\":\"ImageObject\",\"inLanguage\":\"de\",\"@id\":\"https:\/\/now-news.de\/de\/deutschland\/der-russe-ist-ein-freund-%e2%80%92-rt-praesentiert-buch-ueber-deutsche-erinnerungen-an-sowjetsoldaten\/#primaryimage\",\"url\":\"https:\/\/now-news.de\/de\/wp-content\/uploads\/sites\/3\/quotDer-Russe-ist-ein-Freundquot-\u2012-RT-praesentiert-Buch-ueber.jpg\",\"contentUrl\":\"https:\/\/now-news.de\/de\/wp-content\/uploads\/sites\/3\/quotDer-Russe-ist-ein-Freundquot-\u2012-RT-praesentiert-Buch-ueber.jpg\",\"caption\":\"&quot;Der Russe ist ein Freund&quot; \u2012 RT pr\u00e4sentiert Buch \u00fcber deutsche Erinnerungen an Sowjetsoldaten\"},{\"@type\":\"BreadcrumbList\",\"@id\":\"https:\/\/now-news.de\/de\/deutschland\/der-russe-ist-ein-freund-%e2%80%92-rt-praesentiert-buch-ueber-deutsche-erinnerungen-an-sowjetsoldaten\/#breadcrumb\",\"itemListElement\":[{\"@type\":\"ListItem\",\"position\":1,\"name\":\"Home\",\"item\":\"https:\/\/now-news.de\/de\/\"},{\"@type\":\"ListItem\",\"position\":2,\"name\":\"&quot;Der Russe ist ein Freund&quot; \u2012 RT pr\u00e4sentiert Buch \u00fcber deutsche Erinnerungen an Sowjetsoldaten\"}]},{\"@type\":\"WebSite\",\"@id\":\"https:\/\/now-news.de\/de\/#website\",\"url\":\"https:\/\/now-news.de\/de\/\",\"name\":\"just-now.NEWS Deutschland\",\"description\":\"Das Portal f\u00fcr unzensierte Nachrichten aus der Welt\",\"publisher\":{\"@id\":\"https:\/\/now-news.de\/de\/#organization\"},\"potentialAction\":[{\"@type\":\"SearchAction\",\"target\":{\"@type\":\"EntryPoint\",\"urlTemplate\":\"https:\/\/now-news.de\/de\/?s={search_term_string}\"},\"query-input\":\"required name=search_term_string\"}],\"inLanguage\":\"de\"},{\"@type\":\"Organization\",\"@id\":\"https:\/\/now-news.de\/de\/#organization\",\"name\":\"Just Now News\",\"url\":\"https:\/\/now-news.de\/de\/\",\"logo\":{\"@type\":\"ImageObject\",\"inLanguage\":\"de\",\"@id\":\"https:\/\/now-news.de\/de\/#\/schema\/logo\/image\/\",\"url\":\"http:\/\/just-now.news\/de\/wp-content\/uploads\/sites\/3\/2022\/04\/logo500x500.jpg\",\"contentUrl\":\"http:\/\/just-now.news\/de\/wp-content\/uploads\/sites\/3\/2022\/04\/logo500x500.jpg\",\"width\":500,\"height\":500,\"caption\":\"Just Now News\"},\"image\":{\"@id\":\"https:\/\/now-news.de\/de\/#\/schema\/logo\/image\/\"},\"sameAs\":[\"https:\/\/www.facebook.com\/wirmachenauf\",\"https:\/\/x.com\/WirMachenAuf_de\"]},{\"@type\":\"Person\",\"@id\":\"https:\/\/now-news.de\/de\/#\/schema\/person\/fb534a4e865501d8b3285208df34a9b5\",\"name\":\"rtnews\",\"image\":{\"@type\":\"ImageObject\",\"inLanguage\":\"de\",\"@id\":\"https:\/\/now-news.de\/de\/#\/schema\/person\/image\/\",\"url\":\"https:\/\/secure.gravatar.com\/avatar\/82aafea7d8127119dd649515f56e2117?s=96&d=mm&r=g\",\"contentUrl\":\"https:\/\/secure.gravatar.com\/avatar\/82aafea7d8127119dd649515f56e2117?s=96&d=mm&r=g\",\"caption\":\"rtnews\"},\"url\":\"https:\/\/now-news.de\/de\/author\/rnews\/\"}]}<\/script>\n<!-- \/ Yoast SEO Premium plugin. -->","yoast_head_json":{"title":"&quot;Der Russe ist ein Freund&quot; \u2012 RT pr\u00e4sentiert Buch \u00fcber deutsche Erinnerungen an Sowjetsoldaten - just-now.NEWS Deutschland","robots":{"index":"index","follow":"follow","max-snippet":"max-snippet:-1","max-image-preview":"max-image-preview:large","max-video-preview":"max-video-preview:-1"},"canonical":"https:\/\/now-news.de\/de\/deutschland\/der-russe-ist-ein-freund-\u2012-rt-praesentiert-buch-ueber-deutsche-erinnerungen-an-sowjetsoldaten\/","og_locale":"de_DE","og_type":"article","og_title":"&quot;Der Russe ist ein Freund&quot; \u2012 RT pr\u00e4sentiert Buch \u00fcber deutsche Erinnerungen an Sowjetsoldaten","og_description":"G\u00e4ste aus ganz Deutschland waren am Dienstag in der russischen Botschaft zu Gast. Anlass war die feierliche Vorstellung eines Buchprojekts von RT. Deutlich wurde: Die Bewahrung des Ged\u00e4chtnisses gilt als Schl\u00fcssel zur Gesundung der deutsch-russischen Beziehungen. Von Wladislaw Sankin und Astrid Sigena Der Zweite Weltkrieg ist 81 Jahre her, die Zeitzeugen schwinden. Au\u00dferdem werden die [&hellip;]","og_url":"https:\/\/now-news.de\/de\/deutschland\/der-russe-ist-ein-freund-\u2012-rt-praesentiert-buch-ueber-deutsche-erinnerungen-an-sowjetsoldaten\/","og_site_name":"just-now.NEWS Deutschland","article_publisher":"https:\/\/www.facebook.com\/wirmachenauf","article_published_time":"2026-04-22T16:21:20+00:00","og_image":[{"url":"https:\/\/now-news.de\/de\/wp-content\/uploads\/sites\/3\/2026\/04\/69e8d137b480cc3971246130.jpg"}],"author":"rtnews","twitter_card":"summary_large_image","twitter_creator":"@WirMachenAuf_de","twitter_site":"@WirMachenAuf_de","twitter_misc":{"Verfasst von":"rtnews","Gesch\u00e4tzte Lesezeit":"8\u00a0Minuten"},"schema":{"@context":"https:\/\/schema.org","@graph":[{"@type":"Article","@id":"https:\/\/now-news.de\/de\/deutschland\/der-russe-ist-ein-freund-%e2%80%92-rt-praesentiert-buch-ueber-deutsche-erinnerungen-an-sowjetsoldaten\/#article","isPartOf":{"@id":"https:\/\/now-news.de\/de\/deutschland\/der-russe-ist-ein-freund-%e2%80%92-rt-praesentiert-buch-ueber-deutsche-erinnerungen-an-sowjetsoldaten\/"},"author":{"name":"rtnews","@id":"https:\/\/now-news.de\/de\/#\/schema\/person\/fb534a4e865501d8b3285208df34a9b5"},"headline":"&quot;Der Russe ist ein Freund&quot; \u2012 RT pr\u00e4sentiert Buch \u00fcber deutsche Erinnerungen an Sowjetsoldaten","datePublished":"2026-04-22T16:21:20+00:00","dateModified":"2026-04-22T16:21:20+00:00","mainEntityOfPage":{"@id":"https:\/\/now-news.de\/de\/deutschland\/der-russe-ist-ein-freund-%e2%80%92-rt-praesentiert-buch-ueber-deutsche-erinnerungen-an-sowjetsoldaten\/"},"wordCount":1681,"commentCount":0,"publisher":{"@id":"https:\/\/now-news.de\/de\/#organization"},"image":{"@id":"https:\/\/now-news.de\/de\/deutschland\/der-russe-ist-ein-freund-%e2%80%92-rt-praesentiert-buch-ueber-deutsche-erinnerungen-an-sowjetsoldaten\/#primaryimage"},"thumbnailUrl":"https:\/\/now-news.de\/de\/wp-content\/uploads\/sites\/3\/quotDer-Russe-ist-ein-Freundquot-\u2012-RT-praesentiert-Buch-ueber.jpg","keywords":["Buch","Deutsche","ein","Erinnerungen","Freundquot","ist","pr\u00e4sentiert","quotDer","Russe","Sowjetsoldaten","\u00fcber"],"articleSection":["Deutschland","Russland"],"inLanguage":"de","potentialAction":[{"@type":"CommentAction","name":"Comment","target":["https:\/\/now-news.de\/de\/deutschland\/der-russe-ist-ein-freund-%e2%80%92-rt-praesentiert-buch-ueber-deutsche-erinnerungen-an-sowjetsoldaten\/#respond"]}]},{"@type":"WebPage","@id":"https:\/\/now-news.de\/de\/deutschland\/der-russe-ist-ein-freund-%e2%80%92-rt-praesentiert-buch-ueber-deutsche-erinnerungen-an-sowjetsoldaten\/","url":"https:\/\/now-news.de\/de\/deutschland\/der-russe-ist-ein-freund-%e2%80%92-rt-praesentiert-buch-ueber-deutsche-erinnerungen-an-sowjetsoldaten\/","name":"&quot;Der Russe ist ein Freund&quot; \u2012 RT pr\u00e4sentiert Buch \u00fcber deutsche Erinnerungen an Sowjetsoldaten - just-now.NEWS Deutschland","isPartOf":{"@id":"https:\/\/now-news.de\/de\/#website"},"primaryImageOfPage":{"@id":"https:\/\/now-news.de\/de\/deutschland\/der-russe-ist-ein-freund-%e2%80%92-rt-praesentiert-buch-ueber-deutsche-erinnerungen-an-sowjetsoldaten\/#primaryimage"},"image":{"@id":"https:\/\/now-news.de\/de\/deutschland\/der-russe-ist-ein-freund-%e2%80%92-rt-praesentiert-buch-ueber-deutsche-erinnerungen-an-sowjetsoldaten\/#primaryimage"},"thumbnailUrl":"https:\/\/now-news.de\/de\/wp-content\/uploads\/sites\/3\/quotDer-Russe-ist-ein-Freundquot-\u2012-RT-praesentiert-Buch-ueber.jpg","datePublished":"2026-04-22T16:21:20+00:00","dateModified":"2026-04-22T16:21:20+00:00","breadcrumb":{"@id":"https:\/\/now-news.de\/de\/deutschland\/der-russe-ist-ein-freund-%e2%80%92-rt-praesentiert-buch-ueber-deutsche-erinnerungen-an-sowjetsoldaten\/#breadcrumb"},"inLanguage":"de","potentialAction":[{"@type":"ReadAction","target":["https:\/\/now-news.de\/de\/deutschland\/der-russe-ist-ein-freund-%e2%80%92-rt-praesentiert-buch-ueber-deutsche-erinnerungen-an-sowjetsoldaten\/"]}]},{"@type":"ImageObject","inLanguage":"de","@id":"https:\/\/now-news.de\/de\/deutschland\/der-russe-ist-ein-freund-%e2%80%92-rt-praesentiert-buch-ueber-deutsche-erinnerungen-an-sowjetsoldaten\/#primaryimage","url":"https:\/\/now-news.de\/de\/wp-content\/uploads\/sites\/3\/quotDer-Russe-ist-ein-Freundquot-\u2012-RT-praesentiert-Buch-ueber.jpg","contentUrl":"https:\/\/now-news.de\/de\/wp-content\/uploads\/sites\/3\/quotDer-Russe-ist-ein-Freundquot-\u2012-RT-praesentiert-Buch-ueber.jpg","caption":"&quot;Der Russe ist ein Freund&quot; \u2012 RT pr\u00e4sentiert Buch \u00fcber deutsche Erinnerungen an Sowjetsoldaten"},{"@type":"BreadcrumbList","@id":"https:\/\/now-news.de\/de\/deutschland\/der-russe-ist-ein-freund-%e2%80%92-rt-praesentiert-buch-ueber-deutsche-erinnerungen-an-sowjetsoldaten\/#breadcrumb","itemListElement":[{"@type":"ListItem","position":1,"name":"Home","item":"https:\/\/now-news.de\/de\/"},{"@type":"ListItem","position":2,"name":"&quot;Der Russe ist ein Freund&quot; \u2012 RT pr\u00e4sentiert Buch \u00fcber deutsche Erinnerungen an Sowjetsoldaten"}]},{"@type":"WebSite","@id":"https:\/\/now-news.de\/de\/#website","url":"https:\/\/now-news.de\/de\/","name":"just-now.NEWS Deutschland","description":"Das Portal f\u00fcr unzensierte Nachrichten aus der Welt","publisher":{"@id":"https:\/\/now-news.de\/de\/#organization"},"potentialAction":[{"@type":"SearchAction","target":{"@type":"EntryPoint","urlTemplate":"https:\/\/now-news.de\/de\/?s={search_term_string}"},"query-input":"required name=search_term_string"}],"inLanguage":"de"},{"@type":"Organization","@id":"https:\/\/now-news.de\/de\/#organization","name":"Just Now News","url":"https:\/\/now-news.de\/de\/","logo":{"@type":"ImageObject","inLanguage":"de","@id":"https:\/\/now-news.de\/de\/#\/schema\/logo\/image\/","url":"http:\/\/just-now.news\/de\/wp-content\/uploads\/sites\/3\/2022\/04\/logo500x500.jpg","contentUrl":"http:\/\/just-now.news\/de\/wp-content\/uploads\/sites\/3\/2022\/04\/logo500x500.jpg","width":500,"height":500,"caption":"Just Now News"},"image":{"@id":"https:\/\/now-news.de\/de\/#\/schema\/logo\/image\/"},"sameAs":["https:\/\/www.facebook.com\/wirmachenauf","https:\/\/x.com\/WirMachenAuf_de"]},{"@type":"Person","@id":"https:\/\/now-news.de\/de\/#\/schema\/person\/fb534a4e865501d8b3285208df34a9b5","name":"rtnews","image":{"@type":"ImageObject","inLanguage":"de","@id":"https:\/\/now-news.de\/de\/#\/schema\/person\/image\/","url":"https:\/\/secure.gravatar.com\/avatar\/82aafea7d8127119dd649515f56e2117?s=96&d=mm&r=g","contentUrl":"https:\/\/secure.gravatar.com\/avatar\/82aafea7d8127119dd649515f56e2117?s=96&d=mm&r=g","caption":"rtnews"},"url":"https:\/\/now-news.de\/de\/author\/rnews\/"}]}},"_links":{"self":[{"href":"https:\/\/now-news.de\/de\/wp-json\/wp\/v2\/posts\/102130"}],"collection":[{"href":"https:\/\/now-news.de\/de\/wp-json\/wp\/v2\/posts"}],"about":[{"href":"https:\/\/now-news.de\/de\/wp-json\/wp\/v2\/types\/post"}],"author":[{"embeddable":true,"href":"https:\/\/now-news.de\/de\/wp-json\/wp\/v2\/users\/3"}],"replies":[{"embeddable":true,"href":"https:\/\/now-news.de\/de\/wp-json\/wp\/v2\/comments?post=102130"}],"version-history":[{"count":0,"href":"https:\/\/now-news.de\/de\/wp-json\/wp\/v2\/posts\/102130\/revisions"}],"wp:featuredmedia":[{"embeddable":true,"href":"https:\/\/now-news.de\/de\/wp-json\/wp\/v2\/media\/102131"}],"wp:attachment":[{"href":"https:\/\/now-news.de\/de\/wp-json\/wp\/v2\/media?parent=102130"}],"wp:term":[{"taxonomy":"category","embeddable":true,"href":"https:\/\/now-news.de\/de\/wp-json\/wp\/v2\/categories?post=102130"},{"taxonomy":"post_tag","embeddable":true,"href":"https:\/\/now-news.de\/de\/wp-json\/wp\/v2\/tags?post=102130"}],"curies":[{"name":"wp","href":"https:\/\/api.w.org\/{rel}","templated":true}]}}