{"id":102064,"date":"2026-04-21T16:56:23","date_gmt":"2026-04-21T14:56:23","guid":{"rendered":"https:\/\/now-news.de\/de\/deutschland\/niveaulos-hotel-in-kirgistan-erregt-mit-judenfeindlichem-schild-aufsehen\/"},"modified":"2026-04-21T16:56:23","modified_gmt":"2026-04-21T14:56:23","slug":"niveaulos-hotel-in-kirgistan-erregt-mit-judenfeindlichem-schild-aufsehen","status":"publish","type":"post","link":"https:\/\/now-news.de\/de\/deutschland\/niveaulos-hotel-in-kirgistan-erregt-mit-judenfeindlichem-schild-aufsehen\/","title":{"rendered":"Niveaulos: Hotel in Kirgistan erregt mit judenfeindlichem Schild Aufsehen"},"content":{"rendered":"<div class=\"Text-root Text-type_1 \">\n                Man wei\u00df nicht einmal, ob der f\u00fcr diesen Skandal Verantwortliche sich von einem falschen Verst\u00e4ndnis von Israelkritik leiten oder einfach nur seinem Antisemitismus freien Lauf lie\u00df: In jedem Fall hat er mit einem Schild, das &#8220;Juden und Tieren&#8221; den Eingang in ein Hotel in Kirgistan verbietet, Kritik auf sich gezogen \u2013 und zwar absolut gerechtfertigte.\n            <\/div>\n<p><\/p>\n<div class=\"Text-root Text-type_5 ArticleView-text ViewText-root \">\n<p>Ein Verbotsschild, das Juden entmenschlicht, wurde am Eingang eines Hotels in Osch, einer Stadt in Kirgistan, angebracht. Es ist dies Villa Hotel, eine kleinere bis mittlere Drei-Sterne-Einrichtung, der <em>Jerusalem Post<\/em>\u00a0(<em>JP<\/em>) zufolge erst vor drei Wochen er\u00f6ffnet. Das an der Glast\u00fcr angebrachte Verbotsschild mit dem Firmenlogo des Hotels besagt in den Sprachen Kirgisisch, Russisch und Englisch:<\/p>\n<blockquote>\n<p><em>&#8220;Juden und Tiere sind nicht erlaubt!&#8221;<\/em><\/p>\n<\/blockquote>\n<p>Darunter befinden sich Verbotspiktogramme, von denen eines den durchgestrichenen Davidstern und das andere einen durchgestrichenen Hund darstellt.<\/p>\n<figure class=\"RTImage-root\">\n<div class=\"RTImage-image RTImage-original\"><picture class=\"Picture-root Picture-original\"><!--[if IE 9]><video style=\"display: none;\"><![endif]--><source media=\"(-webkit-min-device-pixel-ratio: 2) and (min-resolution: 120dpi)\" data-srcset=\" \nhttps:\/\/now-news.de\/de\/wp-content\/uploads\/sites\/3\/2026\/04\/69e78ae4b480cc02855cfc28.png 850w,\n                https:\/\/now-news.de\/de\/wp-content\/uploads\/sites\/3\/2026\/04\/69e78ae4b480cc02855cfc28.png 1960w,            \" ><source data-srcset=\" \nhttps:\/\/now-news.de\/de\/wp-content\/uploads\/sites\/3\/2026\/04\/69e78ae4b480cc02855cfc28.png 460w,\n              https:\/\/now-news.de\/de\/wp-content\/uploads\/sites\/3\/2026\/04\/69e78ae4b480cc02855cfc28.png 980w,\n            \" ><!--[if IE 9]><\/video><![endif]--><img decoding=\"async\" data- src=\"data:image\/png;base64,iVBORw0KGgoAAAANSUhEUgAAABAAAAAJCAQAAACRI2S5AAAAEElEQVR42mNkIAAYRxWAAQAG9gAKqv6+AwAAAABJRU5ErkJggg==\" class=\"Picture-root Picture-original lazyload\" data-src=\"https:\/\/now-news.de\/de\/wp-content\/uploads\/sites\/3\/2026\/04\/69e78ae4b480cc02855cfc28.png\" alt=\"\"><\/source><\/source><\/picture><!-- noscript pattern --><noscript><img decoding=\"async\" src=\"https:\/\/now-news.de\/de\/wp-content\/uploads\/sites\/3\/2026\/04\/69e78ae4b480cc02855cfc28.png\" alt=\"\"><\/noscript><\/div><figcaption class=\"RTImage-footer\"><span class=\"RTImage-caption\"><span class=\"RTImage-captionItem\">Judenhetze, wie sie leibt und lebt. Das Verbotsschild am Eingang zum Villa Hotel in der kirgisischen Stadt Osch: &#8220;Juden und Tiere nicht erlaubt!&#8221;<\/span><\/span><span class=\"RTImage-source\"><span class=\"RTImage-captionItem\">Soziale Netzwerke<\/span><\/span><\/figcaption><\/figure>\n<p>Israels Botschaft f\u00fcr Kasachstan und Kirgistan <a rel=\"nofollow noopener\" target=\"_blank\" href=\"https:\/\/x.com\/IsraelinKg\/status\/2046204014803689712\">sprach<\/a> am 20.\u00a0April ihre Verurteilung dieses Eklats aus:<\/p>\n<p><em>&#8220;Dieses Schild enthielt offen antisemitische und aggressive Inhalte. Derlei Erkl\u00e4rungen sind nicht annehmbar und laufen den grundlegenden Prinzipien von Respekt, Gleichheit und Menschenw\u00fcrde zuwider. Wir sind \u00fcberzeugt, dass jegliche Formen der Diskriminierung auf Grundlage der Ethnizit\u00e4t, Religion oder anderer Eigenschaften einer klaren und eindeutigen Antwort bed\u00fcrfen.&#8221;<\/em><\/p>\n<p>Zur Zeit der fr\u00fcheren Medienberichte \u00fcber die Sache (zu diesen k\u00f6nnte die <a rel=\"nofollow noopener\" target=\"_blank\" href=\"https:\/\/t.me\/voiceofisrael\/26896\">entsprechende Nachricht<\/a> auf dem russischsprachigen israelischen Nachrichtenkanal Golos Israilja auf Telegram geh\u00f6ren, ver\u00f6ffentlicht um 13:31\u00a0Uhr Moskauer Zeit am 21.\u00a0April 2026) waren anscheinend keine Reaktionen von den zust\u00e4ndigen Organen Kirgistans auf diesen Vorfall bekannt. Dennoch sollen besagte Organe deutlich fr\u00fcher reagiert haben.<\/p>\n<p>Weitere Berichte n\u00e4mlich, die nicht einmal zwei Stunden sp\u00e4ter ver\u00f6ffentlicht wurden,\u00a0 und auch wiederum <a rel=\"nofollow noopener\" target=\"_blank\" href=\"https:\/\/open.kg\/news\/incidents\/93360-milicija-nachala-proverku-po-antisemitskoj-tablichke-v-gostinice-v-oshe.html\">deutlich fr\u00fchere Berichte<\/a> vermelden Ermittlungen durch die Polizei Kirgistans. Zu den sp\u00e4teren\u00a0geh\u00f6rt\u00a0<a rel=\"nofollow noopener\" target=\"_blank\" href=\"https:\/\/www.jpost.com\/diaspora\/antisemitism\/article-893734\">dieser Bericht<\/a> der <em>JP<\/em>. Diese\u00a0vermeldet schlie\u00dflich mit Verweis auf die Stadtabteilung des kirgisischen Innenministeriums f\u00fcr die Stadt Osch, dass dieser Beh\u00f6rde schon am 20.\u00a0April ein Rapport eines Mitarbeiters des Dienstes zur Bek\u00e4mpfung von Extremismus und illegaler Migration \u00fcber das Schild vorlag und bereits daraufhin Vorermittlungen eingeleitet worden seien.<\/p>\n<p>Anfragen bei der Hotelverwaltung sollen einen Zwang seitens des Geb\u00e4udebesitzers ergeben haben, bei dem der Hotelbetrieb das Geb\u00e4ude mietet, ein derartiges Schild anzubringen. Vertreter der Hotelverwaltung w\u00f6rtlich:<\/p>\n<p><em>&#8220;Wir sind Mieter\u00a0\u2013 wir waren gegen diese Entscheidung, aber der Geb\u00e4udebesitzer bestand darauf. Vor einem Tag erst kamen Ordnungsh\u00fcter zu einem kl\u00e4renden Gespr\u00e4ch hierher, und das Schild wurde bereits entfernt.<\/em><\/p>\n<p><em>Wir verstehen, dass ein solches Schild gar nicht erst h\u00e4tte angebracht werden d\u00fcrfen, aber leider waren uns in unserer Lage die H\u00e4nde gebunden.&#8221;<\/em><\/p>\n<p>Am 9.\u00a0Oktober 2023 hatte der damalige Verteidigungsminister Joaw Galant Israels die Massenvernichtung der pal\u00e4stinensischen Bev\u00f6lkerung im Gazastreifen <a rel=\"nofollow noopener\" target=\"_blank\" href=\"https:\/\/freedert.online\/meinung\/185366-kampf-gegen-menschliche-tiere-und\/\">angek\u00fcndigt und dies damit gerechtfertigt<\/a>,\u00a0gegen &#8220;menschliche Tiere&#8221; zu k\u00e4mpfen.<\/p>\n<p>Ende M\u00e4rz\u00a02026 <a rel=\"nofollow noopener\" target=\"_blank\" href=\"https:\/\/freedert.online\/meinung\/273975-in-erklaerungsnot-bundesregierung-verzichtet-auf\/\">entzog<\/a> die ansonsten bedingungslos israeltreue bundesdeutsche Regierung Israel ihre Unterst\u00fctzung im V\u00f6lkermordverfahren vor dem Internationalen Gerichtshof.\u00a0<\/p>\n<p><strong>Mehr zum Thema<\/strong> \u2013 <a rel=\"nofollow noopener\" target=\"_blank\" href=\"https:\/\/freedert.online\/europa\/277564-frankreich-umstrittener-entwurf-fuer-antisemitismusgesetz-zurueckgezogen\/\">Frankreich: Umstrittener Entwurf f\u00fcr &#8220;Antisemitismusgesetz&#8221; zur\u00fcckgezogen<\/a><\/p>\n<div class=\"EmbedBlock-root EmbedBlock-externalVideo EmbedBlock-rumble\">\n<div class=\"VkEmbed\"><iframe class=\"lazyload\" data-src=\"https:\/\/rumble.com\/embed\/v753pam\" frameborder=\"0\" width=\"853\" height=\"480\" allowfullscreen><\/iframe><\/div>\n<\/div>\n<\/div>\n<p><br \/>\n<br \/><a href=\"https:\/\/de.rt.com\/asien\/277830-auf-israels-niveau-gesunken-hotel-erregt-mit-judenfeindlichem-schild-aufsehen\/\">Source link <\/a><\/p>\n","protected":false},"excerpt":{"rendered":"<p>Man wei\u00df nicht einmal, ob der f\u00fcr diesen Skandal Verantwortliche sich von einem falschen Verst\u00e4ndnis von Israelkritik leiten oder einfach nur seinem Antisemitismus freien Lauf lie\u00df: In jedem Fall hat er mit einem Schild, das &#8220;Juden und Tieren&#8221; den Eingang in ein Hotel in Kirgistan verbietet, Kritik auf sich gezogen \u2013 und zwar absolut gerechtfertigte. [&hellip;]<\/p>\n","protected":false},"author":3,"featured_media":102065,"comment_status":"open","ping_status":"open","sticky":false,"template":"","format":"standard","meta":{"_yoast_indexnow_last_ping":["1776783873"],"wp_automatic_camp":["217"],"a7b4b75043be8fe2ff2e418809751212":["Niveaulos: Hotel in Kirgistan erregt mit judenfeindlichem Schild Aufsehen"],"original_link":["https:\/\/de.rt.com\/asien\/277830-auf-israels-niveau-gesunken-hotel-erregt-mit-judenfeindlichem-schild-aufsehen\/"],"_thumbnail_id":["102065"],"jnews_social_counter_last_update":["1777297442"],"_wptgpro_p2tg_sent2tg":["a:1:{i:23737;s:19:\"2026-04-21 17:05:42\";}"]},"categories":[19,23],"tags":[49289,50130,29850,72527,45311,419,72526,25221],"yoast_head":"<!-- This site is optimized with the Yoast SEO Premium plugin v22.7 (Yoast SEO v22.7) - https:\/\/yoast.com\/wordpress\/plugins\/seo\/ -->\n<title>Niveaulos: Hotel in Kirgistan erregt mit judenfeindlichem Schild Aufsehen - just-now.NEWS Deutschland<\/title>\n<meta name=\"robots\" content=\"index, follow, max-snippet:-1, max-image-preview:large, max-video-preview:-1\" \/>\n<link rel=\"canonical\" href=\"https:\/\/now-news.de\/de\/deutschland\/niveaulos-hotel-in-kirgistan-erregt-mit-judenfeindlichem-schild-aufsehen\/\" \/>\n<meta property=\"og:locale\" content=\"de_DE\" \/>\n<meta property=\"og:type\" content=\"article\" \/>\n<meta property=\"og:title\" content=\"Niveaulos: Hotel in Kirgistan erregt mit judenfeindlichem Schild Aufsehen\" \/>\n<meta property=\"og:description\" content=\"Man wei\u00df nicht einmal, ob der f\u00fcr diesen Skandal Verantwortliche sich von einem falschen Verst\u00e4ndnis von Israelkritik leiten oder einfach nur seinem Antisemitismus freien Lauf lie\u00df: In jedem Fall hat er mit einem Schild, das &#8220;Juden und Tieren&#8221; den Eingang in ein Hotel in Kirgistan verbietet, Kritik auf sich gezogen \u2013 und zwar absolut gerechtfertigte. [&hellip;]\" \/>\n<meta property=\"og:url\" content=\"https:\/\/now-news.de\/de\/deutschland\/niveaulos-hotel-in-kirgistan-erregt-mit-judenfeindlichem-schild-aufsehen\/\" \/>\n<meta property=\"og:site_name\" content=\"just-now.NEWS Deutschland\" \/>\n<meta property=\"article:publisher\" content=\"https:\/\/www.facebook.com\/wirmachenauf\" \/>\n<meta property=\"article:published_time\" content=\"2026-04-21T14:56:23+00:00\" \/>\n<meta property=\"og:image\" content=\"https:\/\/now-news.de\/de\/wp-content\/uploads\/sites\/3\/2026\/04\/69e78ae4b480cc02855cfc28.png\" \/>\n<meta name=\"author\" content=\"rtnews\" \/>\n<meta name=\"twitter:card\" content=\"summary_large_image\" \/>\n<meta name=\"twitter:creator\" content=\"@WirMachenAuf_de\" \/>\n<meta name=\"twitter:site\" content=\"@WirMachenAuf_de\" \/>\n<meta name=\"twitter:label1\" content=\"Verfasst von\" \/>\n\t<meta name=\"twitter:data1\" content=\"rtnews\" \/>\n\t<meta name=\"twitter:label2\" content=\"Gesch\u00e4tzte Lesezeit\" \/>\n\t<meta name=\"twitter:data2\" content=\"3\u00a0Minuten\" \/>\n<script type=\"application\/ld+json\" class=\"yoast-schema-graph\">{\"@context\":\"https:\/\/schema.org\",\"@graph\":[{\"@type\":\"Article\",\"@id\":\"https:\/\/now-news.de\/de\/deutschland\/niveaulos-hotel-in-kirgistan-erregt-mit-judenfeindlichem-schild-aufsehen\/#article\",\"isPartOf\":{\"@id\":\"https:\/\/now-news.de\/de\/deutschland\/niveaulos-hotel-in-kirgistan-erregt-mit-judenfeindlichem-schild-aufsehen\/\"},\"author\":{\"name\":\"rtnews\",\"@id\":\"https:\/\/now-news.de\/de\/#\/schema\/person\/fb534a4e865501d8b3285208df34a9b5\"},\"headline\":\"Niveaulos: Hotel in Kirgistan erregt mit judenfeindlichem Schild Aufsehen\",\"datePublished\":\"2026-04-21T14:56:23+00:00\",\"dateModified\":\"2026-04-21T14:56:23+00:00\",\"mainEntityOfPage\":{\"@id\":\"https:\/\/now-news.de\/de\/deutschland\/niveaulos-hotel-in-kirgistan-erregt-mit-judenfeindlichem-schild-aufsehen\/\"},\"wordCount\":535,\"commentCount\":0,\"publisher\":{\"@id\":\"https:\/\/now-news.de\/de\/#organization\"},\"image\":{\"@id\":\"https:\/\/now-news.de\/de\/deutschland\/niveaulos-hotel-in-kirgistan-erregt-mit-judenfeindlichem-schild-aufsehen\/#primaryimage\"},\"thumbnailUrl\":\"https:\/\/now-news.de\/de\/wp-content\/uploads\/sites\/3\/Niveaulos-Hotel-in-Kirgistan-erregt-mit-judenfeindlichem-Schild-Aufsehen.png\",\"keywords\":[\"Aufsehen\",\"erregt\",\"Hotel\",\"judenfeindlichem\",\"Kirgistan\",\"mit\",\"Niveaulos\",\"Schild\"],\"articleSection\":[\"Deutschland\",\"Russland\"],\"inLanguage\":\"de\",\"potentialAction\":[{\"@type\":\"CommentAction\",\"name\":\"Comment\",\"target\":[\"https:\/\/now-news.de\/de\/deutschland\/niveaulos-hotel-in-kirgistan-erregt-mit-judenfeindlichem-schild-aufsehen\/#respond\"]}]},{\"@type\":\"WebPage\",\"@id\":\"https:\/\/now-news.de\/de\/deutschland\/niveaulos-hotel-in-kirgistan-erregt-mit-judenfeindlichem-schild-aufsehen\/\",\"url\":\"https:\/\/now-news.de\/de\/deutschland\/niveaulos-hotel-in-kirgistan-erregt-mit-judenfeindlichem-schild-aufsehen\/\",\"name\":\"Niveaulos: Hotel in Kirgistan erregt mit judenfeindlichem Schild Aufsehen - just-now.NEWS Deutschland\",\"isPartOf\":{\"@id\":\"https:\/\/now-news.de\/de\/#website\"},\"primaryImageOfPage\":{\"@id\":\"https:\/\/now-news.de\/de\/deutschland\/niveaulos-hotel-in-kirgistan-erregt-mit-judenfeindlichem-schild-aufsehen\/#primaryimage\"},\"image\":{\"@id\":\"https:\/\/now-news.de\/de\/deutschland\/niveaulos-hotel-in-kirgistan-erregt-mit-judenfeindlichem-schild-aufsehen\/#primaryimage\"},\"thumbnailUrl\":\"https:\/\/now-news.de\/de\/wp-content\/uploads\/sites\/3\/Niveaulos-Hotel-in-Kirgistan-erregt-mit-judenfeindlichem-Schild-Aufsehen.png\",\"datePublished\":\"2026-04-21T14:56:23+00:00\",\"dateModified\":\"2026-04-21T14:56:23+00:00\",\"breadcrumb\":{\"@id\":\"https:\/\/now-news.de\/de\/deutschland\/niveaulos-hotel-in-kirgistan-erregt-mit-judenfeindlichem-schild-aufsehen\/#breadcrumb\"},\"inLanguage\":\"de\",\"potentialAction\":[{\"@type\":\"ReadAction\",\"target\":[\"https:\/\/now-news.de\/de\/deutschland\/niveaulos-hotel-in-kirgistan-erregt-mit-judenfeindlichem-schild-aufsehen\/\"]}]},{\"@type\":\"ImageObject\",\"inLanguage\":\"de\",\"@id\":\"https:\/\/now-news.de\/de\/deutschland\/niveaulos-hotel-in-kirgistan-erregt-mit-judenfeindlichem-schild-aufsehen\/#primaryimage\",\"url\":\"https:\/\/now-news.de\/de\/wp-content\/uploads\/sites\/3\/Niveaulos-Hotel-in-Kirgistan-erregt-mit-judenfeindlichem-Schild-Aufsehen.png\",\"contentUrl\":\"https:\/\/now-news.de\/de\/wp-content\/uploads\/sites\/3\/Niveaulos-Hotel-in-Kirgistan-erregt-mit-judenfeindlichem-Schild-Aufsehen.png\",\"caption\":\"Niveaulos: Hotel in Kirgistan erregt mit judenfeindlichem Schild Aufsehen\"},{\"@type\":\"BreadcrumbList\",\"@id\":\"https:\/\/now-news.de\/de\/deutschland\/niveaulos-hotel-in-kirgistan-erregt-mit-judenfeindlichem-schild-aufsehen\/#breadcrumb\",\"itemListElement\":[{\"@type\":\"ListItem\",\"position\":1,\"name\":\"Home\",\"item\":\"https:\/\/now-news.de\/de\/\"},{\"@type\":\"ListItem\",\"position\":2,\"name\":\"Niveaulos: Hotel in Kirgistan erregt mit judenfeindlichem Schild Aufsehen\"}]},{\"@type\":\"WebSite\",\"@id\":\"https:\/\/now-news.de\/de\/#website\",\"url\":\"https:\/\/now-news.de\/de\/\",\"name\":\"just-now.NEWS Deutschland\",\"description\":\"Das Portal f\u00fcr unzensierte Nachrichten aus der Welt\",\"publisher\":{\"@id\":\"https:\/\/now-news.de\/de\/#organization\"},\"potentialAction\":[{\"@type\":\"SearchAction\",\"target\":{\"@type\":\"EntryPoint\",\"urlTemplate\":\"https:\/\/now-news.de\/de\/?s={search_term_string}\"},\"query-input\":\"required name=search_term_string\"}],\"inLanguage\":\"de\"},{\"@type\":\"Organization\",\"@id\":\"https:\/\/now-news.de\/de\/#organization\",\"name\":\"Just Now News\",\"url\":\"https:\/\/now-news.de\/de\/\",\"logo\":{\"@type\":\"ImageObject\",\"inLanguage\":\"de\",\"@id\":\"https:\/\/now-news.de\/de\/#\/schema\/logo\/image\/\",\"url\":\"http:\/\/just-now.news\/de\/wp-content\/uploads\/sites\/3\/2022\/04\/logo500x500.jpg\",\"contentUrl\":\"http:\/\/just-now.news\/de\/wp-content\/uploads\/sites\/3\/2022\/04\/logo500x500.jpg\",\"width\":500,\"height\":500,\"caption\":\"Just Now News\"},\"image\":{\"@id\":\"https:\/\/now-news.de\/de\/#\/schema\/logo\/image\/\"},\"sameAs\":[\"https:\/\/www.facebook.com\/wirmachenauf\",\"https:\/\/x.com\/WirMachenAuf_de\"]},{\"@type\":\"Person\",\"@id\":\"https:\/\/now-news.de\/de\/#\/schema\/person\/fb534a4e865501d8b3285208df34a9b5\",\"name\":\"rtnews\",\"image\":{\"@type\":\"ImageObject\",\"inLanguage\":\"de\",\"@id\":\"https:\/\/now-news.de\/de\/#\/schema\/person\/image\/\",\"url\":\"https:\/\/secure.gravatar.com\/avatar\/82aafea7d8127119dd649515f56e2117?s=96&d=mm&r=g\",\"contentUrl\":\"https:\/\/secure.gravatar.com\/avatar\/82aafea7d8127119dd649515f56e2117?s=96&d=mm&r=g\",\"caption\":\"rtnews\"},\"url\":\"https:\/\/now-news.de\/de\/author\/rnews\/\"}]}<\/script>\n<!-- \/ Yoast SEO Premium plugin. -->","yoast_head_json":{"title":"Niveaulos: Hotel in Kirgistan erregt mit judenfeindlichem Schild Aufsehen - just-now.NEWS Deutschland","robots":{"index":"index","follow":"follow","max-snippet":"max-snippet:-1","max-image-preview":"max-image-preview:large","max-video-preview":"max-video-preview:-1"},"canonical":"https:\/\/now-news.de\/de\/deutschland\/niveaulos-hotel-in-kirgistan-erregt-mit-judenfeindlichem-schild-aufsehen\/","og_locale":"de_DE","og_type":"article","og_title":"Niveaulos: Hotel in Kirgistan erregt mit judenfeindlichem Schild Aufsehen","og_description":"Man wei\u00df nicht einmal, ob der f\u00fcr diesen Skandal Verantwortliche sich von einem falschen Verst\u00e4ndnis von Israelkritik leiten oder einfach nur seinem Antisemitismus freien Lauf lie\u00df: In jedem Fall hat er mit einem Schild, das &#8220;Juden und Tieren&#8221; den Eingang in ein Hotel in Kirgistan verbietet, Kritik auf sich gezogen \u2013 und zwar absolut gerechtfertigte. [&hellip;]","og_url":"https:\/\/now-news.de\/de\/deutschland\/niveaulos-hotel-in-kirgistan-erregt-mit-judenfeindlichem-schild-aufsehen\/","og_site_name":"just-now.NEWS Deutschland","article_publisher":"https:\/\/www.facebook.com\/wirmachenauf","article_published_time":"2026-04-21T14:56:23+00:00","og_image":[{"url":"https:\/\/now-news.de\/de\/wp-content\/uploads\/sites\/3\/2026\/04\/69e78ae4b480cc02855cfc28.png"}],"author":"rtnews","twitter_card":"summary_large_image","twitter_creator":"@WirMachenAuf_de","twitter_site":"@WirMachenAuf_de","twitter_misc":{"Verfasst von":"rtnews","Gesch\u00e4tzte Lesezeit":"3\u00a0Minuten"},"schema":{"@context":"https:\/\/schema.org","@graph":[{"@type":"Article","@id":"https:\/\/now-news.de\/de\/deutschland\/niveaulos-hotel-in-kirgistan-erregt-mit-judenfeindlichem-schild-aufsehen\/#article","isPartOf":{"@id":"https:\/\/now-news.de\/de\/deutschland\/niveaulos-hotel-in-kirgistan-erregt-mit-judenfeindlichem-schild-aufsehen\/"},"author":{"name":"rtnews","@id":"https:\/\/now-news.de\/de\/#\/schema\/person\/fb534a4e865501d8b3285208df34a9b5"},"headline":"Niveaulos: Hotel in Kirgistan erregt mit judenfeindlichem Schild Aufsehen","datePublished":"2026-04-21T14:56:23+00:00","dateModified":"2026-04-21T14:56:23+00:00","mainEntityOfPage":{"@id":"https:\/\/now-news.de\/de\/deutschland\/niveaulos-hotel-in-kirgistan-erregt-mit-judenfeindlichem-schild-aufsehen\/"},"wordCount":535,"commentCount":0,"publisher":{"@id":"https:\/\/now-news.de\/de\/#organization"},"image":{"@id":"https:\/\/now-news.de\/de\/deutschland\/niveaulos-hotel-in-kirgistan-erregt-mit-judenfeindlichem-schild-aufsehen\/#primaryimage"},"thumbnailUrl":"https:\/\/now-news.de\/de\/wp-content\/uploads\/sites\/3\/Niveaulos-Hotel-in-Kirgistan-erregt-mit-judenfeindlichem-Schild-Aufsehen.png","keywords":["Aufsehen","erregt","Hotel","judenfeindlichem","Kirgistan","mit","Niveaulos","Schild"],"articleSection":["Deutschland","Russland"],"inLanguage":"de","potentialAction":[{"@type":"CommentAction","name":"Comment","target":["https:\/\/now-news.de\/de\/deutschland\/niveaulos-hotel-in-kirgistan-erregt-mit-judenfeindlichem-schild-aufsehen\/#respond"]}]},{"@type":"WebPage","@id":"https:\/\/now-news.de\/de\/deutschland\/niveaulos-hotel-in-kirgistan-erregt-mit-judenfeindlichem-schild-aufsehen\/","url":"https:\/\/now-news.de\/de\/deutschland\/niveaulos-hotel-in-kirgistan-erregt-mit-judenfeindlichem-schild-aufsehen\/","name":"Niveaulos: Hotel in Kirgistan erregt mit judenfeindlichem Schild Aufsehen - just-now.NEWS Deutschland","isPartOf":{"@id":"https:\/\/now-news.de\/de\/#website"},"primaryImageOfPage":{"@id":"https:\/\/now-news.de\/de\/deutschland\/niveaulos-hotel-in-kirgistan-erregt-mit-judenfeindlichem-schild-aufsehen\/#primaryimage"},"image":{"@id":"https:\/\/now-news.de\/de\/deutschland\/niveaulos-hotel-in-kirgistan-erregt-mit-judenfeindlichem-schild-aufsehen\/#primaryimage"},"thumbnailUrl":"https:\/\/now-news.de\/de\/wp-content\/uploads\/sites\/3\/Niveaulos-Hotel-in-Kirgistan-erregt-mit-judenfeindlichem-Schild-Aufsehen.png","datePublished":"2026-04-21T14:56:23+00:00","dateModified":"2026-04-21T14:56:23+00:00","breadcrumb":{"@id":"https:\/\/now-news.de\/de\/deutschland\/niveaulos-hotel-in-kirgistan-erregt-mit-judenfeindlichem-schild-aufsehen\/#breadcrumb"},"inLanguage":"de","potentialAction":[{"@type":"ReadAction","target":["https:\/\/now-news.de\/de\/deutschland\/niveaulos-hotel-in-kirgistan-erregt-mit-judenfeindlichem-schild-aufsehen\/"]}]},{"@type":"ImageObject","inLanguage":"de","@id":"https:\/\/now-news.de\/de\/deutschland\/niveaulos-hotel-in-kirgistan-erregt-mit-judenfeindlichem-schild-aufsehen\/#primaryimage","url":"https:\/\/now-news.de\/de\/wp-content\/uploads\/sites\/3\/Niveaulos-Hotel-in-Kirgistan-erregt-mit-judenfeindlichem-Schild-Aufsehen.png","contentUrl":"https:\/\/now-news.de\/de\/wp-content\/uploads\/sites\/3\/Niveaulos-Hotel-in-Kirgistan-erregt-mit-judenfeindlichem-Schild-Aufsehen.png","caption":"Niveaulos: Hotel in Kirgistan erregt mit judenfeindlichem Schild Aufsehen"},{"@type":"BreadcrumbList","@id":"https:\/\/now-news.de\/de\/deutschland\/niveaulos-hotel-in-kirgistan-erregt-mit-judenfeindlichem-schild-aufsehen\/#breadcrumb","itemListElement":[{"@type":"ListItem","position":1,"name":"Home","item":"https:\/\/now-news.de\/de\/"},{"@type":"ListItem","position":2,"name":"Niveaulos: Hotel in Kirgistan erregt mit judenfeindlichem Schild Aufsehen"}]},{"@type":"WebSite","@id":"https:\/\/now-news.de\/de\/#website","url":"https:\/\/now-news.de\/de\/","name":"just-now.NEWS Deutschland","description":"Das Portal f\u00fcr unzensierte Nachrichten aus der Welt","publisher":{"@id":"https:\/\/now-news.de\/de\/#organization"},"potentialAction":[{"@type":"SearchAction","target":{"@type":"EntryPoint","urlTemplate":"https:\/\/now-news.de\/de\/?s={search_term_string}"},"query-input":"required name=search_term_string"}],"inLanguage":"de"},{"@type":"Organization","@id":"https:\/\/now-news.de\/de\/#organization","name":"Just Now News","url":"https:\/\/now-news.de\/de\/","logo":{"@type":"ImageObject","inLanguage":"de","@id":"https:\/\/now-news.de\/de\/#\/schema\/logo\/image\/","url":"http:\/\/just-now.news\/de\/wp-content\/uploads\/sites\/3\/2022\/04\/logo500x500.jpg","contentUrl":"http:\/\/just-now.news\/de\/wp-content\/uploads\/sites\/3\/2022\/04\/logo500x500.jpg","width":500,"height":500,"caption":"Just Now News"},"image":{"@id":"https:\/\/now-news.de\/de\/#\/schema\/logo\/image\/"},"sameAs":["https:\/\/www.facebook.com\/wirmachenauf","https:\/\/x.com\/WirMachenAuf_de"]},{"@type":"Person","@id":"https:\/\/now-news.de\/de\/#\/schema\/person\/fb534a4e865501d8b3285208df34a9b5","name":"rtnews","image":{"@type":"ImageObject","inLanguage":"de","@id":"https:\/\/now-news.de\/de\/#\/schema\/person\/image\/","url":"https:\/\/secure.gravatar.com\/avatar\/82aafea7d8127119dd649515f56e2117?s=96&d=mm&r=g","contentUrl":"https:\/\/secure.gravatar.com\/avatar\/82aafea7d8127119dd649515f56e2117?s=96&d=mm&r=g","caption":"rtnews"},"url":"https:\/\/now-news.de\/de\/author\/rnews\/"}]}},"_links":{"self":[{"href":"https:\/\/now-news.de\/de\/wp-json\/wp\/v2\/posts\/102064"}],"collection":[{"href":"https:\/\/now-news.de\/de\/wp-json\/wp\/v2\/posts"}],"about":[{"href":"https:\/\/now-news.de\/de\/wp-json\/wp\/v2\/types\/post"}],"author":[{"embeddable":true,"href":"https:\/\/now-news.de\/de\/wp-json\/wp\/v2\/users\/3"}],"replies":[{"embeddable":true,"href":"https:\/\/now-news.de\/de\/wp-json\/wp\/v2\/comments?post=102064"}],"version-history":[{"count":0,"href":"https:\/\/now-news.de\/de\/wp-json\/wp\/v2\/posts\/102064\/revisions"}],"wp:featuredmedia":[{"embeddable":true,"href":"https:\/\/now-news.de\/de\/wp-json\/wp\/v2\/media\/102065"}],"wp:attachment":[{"href":"https:\/\/now-news.de\/de\/wp-json\/wp\/v2\/media?parent=102064"}],"wp:term":[{"taxonomy":"category","embeddable":true,"href":"https:\/\/now-news.de\/de\/wp-json\/wp\/v2\/categories?post=102064"},{"taxonomy":"post_tag","embeddable":true,"href":"https:\/\/now-news.de\/de\/wp-json\/wp\/v2\/tags?post=102064"}],"curies":[{"name":"wp","href":"https:\/\/api.w.org\/{rel}","templated":true}]}}