{"id":102060,"date":"2026-04-21T16:29:07","date_gmt":"2026-04-21T14:29:07","guid":{"rendered":"https:\/\/now-news.de\/de\/deutschland\/mit-70-noch-zur-bundeswehr-reservistenverband-fordert-anhebung-der-altersgrenze\/"},"modified":"2026-04-21T16:29:07","modified_gmt":"2026-04-21T14:29:07","slug":"mit-70-noch-zur-bundeswehr-reservistenverband-fordert-anhebung-der-altersgrenze","status":"publish","type":"post","link":"https:\/\/now-news.de\/de\/deutschland\/mit-70-noch-zur-bundeswehr-reservistenverband-fordert-anhebung-der-altersgrenze\/","title":{"rendered":"Mit 70 noch zur Bundeswehr \u2013 Reservistenverband fordert Anhebung der Altersgrenze"},"content":{"rendered":"<p><img decoding=\"async\" src=\"https:\/\/now-news.de\/de\/wp-content\/uploads\/sites\/3\/2026\/04\/69e74938b480cc50f01e7b29.jpg\" \/><\/p>\n<div class=\"Text-root Text-type_1 \">\n                Nicht nur das Renteneintrittsalter wird immer weiter erh\u00f6ht, k\u00fcnftig sollen Reservisten f\u00fcr die Bundeswehr auch noch bis 70 Jahre eingezogen werden k\u00f6nnen. Bisher lag die Altersgrenze bei 65 Jahren.\n            <\/div>\n<p><\/p>\n<div class=\"Text-root Text-type_5 ArticleView-text ViewText-root \">\n<p>Der neue Pr\u00e4sident des Reservistenverbandes, Bastian Ernst, fordert eine deutliche Anhebung der Altersgrenze f\u00fcr Reservisten, um die Truppenst\u00e4rke Deutschlands zu vergr\u00f6\u00dfern. &#8220;Wir sollten die Altersgrenze f\u00fcr Reservisten von 65 auf 70 Jahre erh\u00f6hen&#8221;, sagte er dem <em>Redaktionsnetzwerk Deutschland<\/em>.<\/p>\n<p>Er verwies darauf, dass ja auch das Renteneintrittsalter steige. &#8220;Die Leute bleiben l\u00e4nger fit. Wir sollten diese Ressourcen von Menschen mit Lebens- und Berufserfahrung nicht verschwenden&#8221;, so Ernst.<\/p>\n<p><em>&#8220;Und wenn wir auf Seiten der Jungen ein Nachwuchsproblem beklagen, dann sollten wir an der anderen Seite der Alterspyramide ebenfalls nachbessern.&#8221;<\/em><\/p>\n<p>Real ist die Lebenserwartung in Deutschland in den Jahren 2021 bis 2023 allerdings um etwa ein halbes Jahr gesunken, wie beispielsweise die <em>Tagesschau <\/em><a rel=\"nofollow noopener\" target=\"_blank\" href=\"https:\/\/www.tagesschau.de\/inland\/deutschland-lebenserwartung-102.html\">berichtet<\/a>.<\/p>\n<p>Verteidigungsminister Boris Pistorius (SPD) will am Mittwoch die deutsche &#8220;Milit\u00e4rstrategie&#8221; sowie das &#8220;neue F\u00e4higkeitsprofil der Bundeswehr&#8221; vorstellen. Reservisten der Bundeswehr sind bislang nicht verpflichtet, an Wehr\u00fcbungen teilzunehmen. Sie m\u00fcssen ebenso wie ihre Arbeitgeber ihre Zustimmung zu einer Wehr\u00fcbung geben.<\/p>\n<p>An diesem Freiwilligkeitsprinzip gibt es schon l\u00e4nger Kritik aus transatlantischen Kreisen und von f\u00fchrenden Bundeswehroffizieren. Ernst pl\u00e4diert daf\u00fcr, das Prinzip der Freiwilligkeit auf Seiten der Arbeitgeber aufzuheben und will ihnen gegen\u00fcber Zwang einf\u00fchren. Er meint:<\/p>\n<p><em>&#8220;Sie sollten kein Einspruchsrecht haben, wenn Reservisten zu \u00dcbungen eingezogen werden sollen. Die Reservisten selbst sollten wir aber nicht zwingen.&#8221;<\/em><\/p>\n<p>Die Bundeswehr soll bis 2035 laut Angaben der <em>Welt<\/em> auf mindestens 260.000 aktive Soldaten sowie 200.000 Reservisten anwachsen. Diese Reserve soll wesentlich aus den M\u00e4nnern und Frauen aufgebaut werden, die den neuen Wehrdienst leisten, f\u00fcr den seit Jahresbeginn die gesetzlichen Grundlagen geschaffen worden sind. Wie viele Reservisten es aktuell gibt, ist laut Ernst derzeit unklar.<\/p>\n<p>Bekannt sei, dass acht bis neun Millionen Menschen bei der Bundeswehr gedient h\u00e4tten und rund 60.000 Reservisten beordert,\u00a0das hei\u00dft von der Bundeswehr fest eingeplant und damit schnell verf\u00fcgbar seien. Der Reservistenverband habe etwa 110.000 Mitglieder.<\/p>\n<p><em>&#8220;Aufgabe der neuen Wehrerfassung wird es jetzt sein, die Zahl genau zu erfassen.&#8221;<\/em><\/p>\n<p><strong>Mehr zum Thema &#8211;<\/strong>\u00a0<a rel=\"nofollow noopener\" target=\"_blank\" href=\"https:\/\/dert.online\/europa\/276440-moskau-warnt-vor-deutschlands-militaeraufruestung\/\">&#8220;Es endete in einer Trag\u00f6die f\u00fcr die Menschheit&#8221;: Moskau warnt vor Milit\u00e4raufr\u00fcstung Deutschlands<\/a><\/p>\n<\/p>\n<\/div>\n<p><br \/>\n<br \/><a href=\"https:\/\/de.rt.com\/inland\/277787-ressourcen-nicht-verschwenden-reservistenverband-fordert\/\">Source link <\/a><\/p>\n","protected":false},"excerpt":{"rendered":"<p>Nicht nur das Renteneintrittsalter wird immer weiter erh\u00f6ht, k\u00fcnftig sollen Reservisten f\u00fcr die Bundeswehr auch noch bis 70 Jahre eingezogen werden k\u00f6nnen. Bisher lag die Altersgrenze bei 65 Jahren. Der neue Pr\u00e4sident des Reservistenverbandes, Bastian Ernst, fordert eine deutliche Anhebung der Altersgrenze f\u00fcr Reservisten, um die Truppenst\u00e4rke Deutschlands zu vergr\u00f6\u00dfern. &#8220;Wir sollten die Altersgrenze f\u00fcr [&hellip;]<\/p>\n","protected":false},"author":3,"featured_media":102061,"comment_status":"open","ping_status":"open","sticky":false,"template":"","format":"standard","meta":{"_yoast_indexnow_last_ping":["1776781932"],"wp_automatic_camp":["217"],"d0bd23f3d64c220e2df5216b8ca0b230":["Mit 70 noch zur Bundeswehr \u2013 Reservistenverband fordert Anhebung der Altersgrenze"],"original_link":["https:\/\/de.rt.com\/inland\/277787-ressourcen-nicht-verschwenden-reservistenverband-fordert\/"],"_thumbnail_id":["102061"],"jnews_social_counter_last_update":["1777383171"],"_wptgpro_p2tg_sent2tg":["a:1:{i:23737;s:19:\"2026-04-21 16:33:10\";}"]},"categories":[19,23],"tags":[21821,5656,12292,82,355,419,1674,37345,581],"yoast_head":"<!-- This site is optimized with the Yoast SEO Premium plugin v22.7 (Yoast SEO v22.7) - https:\/\/yoast.com\/wordpress\/plugins\/seo\/ -->\n<title>Mit 70 noch zur Bundeswehr \u2013 Reservistenverband fordert Anhebung der Altersgrenze - just-now.NEWS Deutschland<\/title>\n<meta name=\"robots\" content=\"index, follow, max-snippet:-1, max-image-preview:large, max-video-preview:-1\" \/>\n<link rel=\"canonical\" href=\"https:\/\/now-news.de\/de\/deutschland\/mit-70-noch-zur-bundeswehr-reservistenverband-fordert-anhebung-der-altersgrenze\/\" \/>\n<meta property=\"og:locale\" content=\"de_DE\" \/>\n<meta property=\"og:type\" content=\"article\" \/>\n<meta property=\"og:title\" content=\"Mit 70 noch zur Bundeswehr \u2013 Reservistenverband fordert Anhebung der Altersgrenze\" \/>\n<meta property=\"og:description\" content=\"Nicht nur das Renteneintrittsalter wird immer weiter erh\u00f6ht, k\u00fcnftig sollen Reservisten f\u00fcr die Bundeswehr auch noch bis 70 Jahre eingezogen werden k\u00f6nnen. Bisher lag die Altersgrenze bei 65 Jahren. Der neue Pr\u00e4sident des Reservistenverbandes, Bastian Ernst, fordert eine deutliche Anhebung der Altersgrenze f\u00fcr Reservisten, um die Truppenst\u00e4rke Deutschlands zu vergr\u00f6\u00dfern. &#8220;Wir sollten die Altersgrenze f\u00fcr [&hellip;]\" \/>\n<meta property=\"og:url\" content=\"https:\/\/now-news.de\/de\/deutschland\/mit-70-noch-zur-bundeswehr-reservistenverband-fordert-anhebung-der-altersgrenze\/\" \/>\n<meta property=\"og:site_name\" content=\"just-now.NEWS Deutschland\" \/>\n<meta property=\"article:publisher\" content=\"https:\/\/www.facebook.com\/wirmachenauf\" \/>\n<meta property=\"article:published_time\" content=\"2026-04-21T14:29:07+00:00\" \/>\n<meta property=\"og:image\" content=\"https:\/\/now-news.de\/de\/wp-content\/uploads\/sites\/3\/2026\/04\/69e74938b480cc50f01e7b29.jpg\" \/>\n<meta name=\"author\" content=\"rtnews\" \/>\n<meta name=\"twitter:card\" content=\"summary_large_image\" \/>\n<meta name=\"twitter:creator\" content=\"@WirMachenAuf_de\" \/>\n<meta name=\"twitter:site\" content=\"@WirMachenAuf_de\" \/>\n<meta name=\"twitter:label1\" content=\"Verfasst von\" \/>\n\t<meta name=\"twitter:data1\" content=\"rtnews\" \/>\n\t<meta name=\"twitter:label2\" content=\"Gesch\u00e4tzte Lesezeit\" \/>\n\t<meta name=\"twitter:data2\" content=\"2\u00a0Minuten\" \/>\n<script type=\"application\/ld+json\" class=\"yoast-schema-graph\">{\"@context\":\"https:\/\/schema.org\",\"@graph\":[{\"@type\":\"Article\",\"@id\":\"https:\/\/now-news.de\/de\/deutschland\/mit-70-noch-zur-bundeswehr-reservistenverband-fordert-anhebung-der-altersgrenze\/#article\",\"isPartOf\":{\"@id\":\"https:\/\/now-news.de\/de\/deutschland\/mit-70-noch-zur-bundeswehr-reservistenverband-fordert-anhebung-der-altersgrenze\/\"},\"author\":{\"name\":\"rtnews\",\"@id\":\"https:\/\/now-news.de\/de\/#\/schema\/person\/fb534a4e865501d8b3285208df34a9b5\"},\"headline\":\"Mit 70 noch zur Bundeswehr \u2013 Reservistenverband fordert Anhebung der Altersgrenze\",\"datePublished\":\"2026-04-21T14:29:07+00:00\",\"dateModified\":\"2026-04-21T14:29:07+00:00\",\"mainEntityOfPage\":{\"@id\":\"https:\/\/now-news.de\/de\/deutschland\/mit-70-noch-zur-bundeswehr-reservistenverband-fordert-anhebung-der-altersgrenze\/\"},\"wordCount\":387,\"commentCount\":0,\"publisher\":{\"@id\":\"https:\/\/now-news.de\/de\/#organization\"},\"image\":{\"@id\":\"https:\/\/now-news.de\/de\/deutschland\/mit-70-noch-zur-bundeswehr-reservistenverband-fordert-anhebung-der-altersgrenze\/#primaryimage\"},\"thumbnailUrl\":\"https:\/\/now-news.de\/de\/wp-content\/uploads\/sites\/3\/Mit-70-noch-zur-Bundeswehr-\u2013-Reservistenverband-fordert-Anhebung-der.jpg\",\"keywords\":[\"Altersgrenze\",\"Anhebung\",\"Bundeswehr\",\"der\",\"fordert\",\"mit\",\"noch\",\"Reservistenverband\",\"zur\"],\"articleSection\":[\"Deutschland\",\"Russland\"],\"inLanguage\":\"de\",\"potentialAction\":[{\"@type\":\"CommentAction\",\"name\":\"Comment\",\"target\":[\"https:\/\/now-news.de\/de\/deutschland\/mit-70-noch-zur-bundeswehr-reservistenverband-fordert-anhebung-der-altersgrenze\/#respond\"]}]},{\"@type\":\"WebPage\",\"@id\":\"https:\/\/now-news.de\/de\/deutschland\/mit-70-noch-zur-bundeswehr-reservistenverband-fordert-anhebung-der-altersgrenze\/\",\"url\":\"https:\/\/now-news.de\/de\/deutschland\/mit-70-noch-zur-bundeswehr-reservistenverband-fordert-anhebung-der-altersgrenze\/\",\"name\":\"Mit 70 noch zur Bundeswehr \u2013 Reservistenverband fordert Anhebung der Altersgrenze - just-now.NEWS Deutschland\",\"isPartOf\":{\"@id\":\"https:\/\/now-news.de\/de\/#website\"},\"primaryImageOfPage\":{\"@id\":\"https:\/\/now-news.de\/de\/deutschland\/mit-70-noch-zur-bundeswehr-reservistenverband-fordert-anhebung-der-altersgrenze\/#primaryimage\"},\"image\":{\"@id\":\"https:\/\/now-news.de\/de\/deutschland\/mit-70-noch-zur-bundeswehr-reservistenverband-fordert-anhebung-der-altersgrenze\/#primaryimage\"},\"thumbnailUrl\":\"https:\/\/now-news.de\/de\/wp-content\/uploads\/sites\/3\/Mit-70-noch-zur-Bundeswehr-\u2013-Reservistenverband-fordert-Anhebung-der.jpg\",\"datePublished\":\"2026-04-21T14:29:07+00:00\",\"dateModified\":\"2026-04-21T14:29:07+00:00\",\"breadcrumb\":{\"@id\":\"https:\/\/now-news.de\/de\/deutschland\/mit-70-noch-zur-bundeswehr-reservistenverband-fordert-anhebung-der-altersgrenze\/#breadcrumb\"},\"inLanguage\":\"de\",\"potentialAction\":[{\"@type\":\"ReadAction\",\"target\":[\"https:\/\/now-news.de\/de\/deutschland\/mit-70-noch-zur-bundeswehr-reservistenverband-fordert-anhebung-der-altersgrenze\/\"]}]},{\"@type\":\"ImageObject\",\"inLanguage\":\"de\",\"@id\":\"https:\/\/now-news.de\/de\/deutschland\/mit-70-noch-zur-bundeswehr-reservistenverband-fordert-anhebung-der-altersgrenze\/#primaryimage\",\"url\":\"https:\/\/now-news.de\/de\/wp-content\/uploads\/sites\/3\/Mit-70-noch-zur-Bundeswehr-\u2013-Reservistenverband-fordert-Anhebung-der.jpg\",\"contentUrl\":\"https:\/\/now-news.de\/de\/wp-content\/uploads\/sites\/3\/Mit-70-noch-zur-Bundeswehr-\u2013-Reservistenverband-fordert-Anhebung-der.jpg\",\"caption\":\"Mit 70 noch zur Bundeswehr \u2013 Reservistenverband fordert Anhebung der Altersgrenze\"},{\"@type\":\"BreadcrumbList\",\"@id\":\"https:\/\/now-news.de\/de\/deutschland\/mit-70-noch-zur-bundeswehr-reservistenverband-fordert-anhebung-der-altersgrenze\/#breadcrumb\",\"itemListElement\":[{\"@type\":\"ListItem\",\"position\":1,\"name\":\"Home\",\"item\":\"https:\/\/now-news.de\/de\/\"},{\"@type\":\"ListItem\",\"position\":2,\"name\":\"Mit 70 noch zur Bundeswehr \u2013 Reservistenverband fordert Anhebung der Altersgrenze\"}]},{\"@type\":\"WebSite\",\"@id\":\"https:\/\/now-news.de\/de\/#website\",\"url\":\"https:\/\/now-news.de\/de\/\",\"name\":\"just-now.NEWS Deutschland\",\"description\":\"Das Portal f\u00fcr unzensierte Nachrichten aus der Welt\",\"publisher\":{\"@id\":\"https:\/\/now-news.de\/de\/#organization\"},\"potentialAction\":[{\"@type\":\"SearchAction\",\"target\":{\"@type\":\"EntryPoint\",\"urlTemplate\":\"https:\/\/now-news.de\/de\/?s={search_term_string}\"},\"query-input\":\"required name=search_term_string\"}],\"inLanguage\":\"de\"},{\"@type\":\"Organization\",\"@id\":\"https:\/\/now-news.de\/de\/#organization\",\"name\":\"Just Now News\",\"url\":\"https:\/\/now-news.de\/de\/\",\"logo\":{\"@type\":\"ImageObject\",\"inLanguage\":\"de\",\"@id\":\"https:\/\/now-news.de\/de\/#\/schema\/logo\/image\/\",\"url\":\"http:\/\/just-now.news\/de\/wp-content\/uploads\/sites\/3\/2022\/04\/logo500x500.jpg\",\"contentUrl\":\"http:\/\/just-now.news\/de\/wp-content\/uploads\/sites\/3\/2022\/04\/logo500x500.jpg\",\"width\":500,\"height\":500,\"caption\":\"Just Now News\"},\"image\":{\"@id\":\"https:\/\/now-news.de\/de\/#\/schema\/logo\/image\/\"},\"sameAs\":[\"https:\/\/www.facebook.com\/wirmachenauf\",\"https:\/\/x.com\/WirMachenAuf_de\"]},{\"@type\":\"Person\",\"@id\":\"https:\/\/now-news.de\/de\/#\/schema\/person\/fb534a4e865501d8b3285208df34a9b5\",\"name\":\"rtnews\",\"image\":{\"@type\":\"ImageObject\",\"inLanguage\":\"de\",\"@id\":\"https:\/\/now-news.de\/de\/#\/schema\/person\/image\/\",\"url\":\"https:\/\/secure.gravatar.com\/avatar\/82aafea7d8127119dd649515f56e2117?s=96&d=mm&r=g\",\"contentUrl\":\"https:\/\/secure.gravatar.com\/avatar\/82aafea7d8127119dd649515f56e2117?s=96&d=mm&r=g\",\"caption\":\"rtnews\"},\"url\":\"https:\/\/now-news.de\/de\/author\/rnews\/\"}]}<\/script>\n<!-- \/ Yoast SEO Premium plugin. -->","yoast_head_json":{"title":"Mit 70 noch zur Bundeswehr \u2013 Reservistenverband fordert Anhebung der Altersgrenze - just-now.NEWS Deutschland","robots":{"index":"index","follow":"follow","max-snippet":"max-snippet:-1","max-image-preview":"max-image-preview:large","max-video-preview":"max-video-preview:-1"},"canonical":"https:\/\/now-news.de\/de\/deutschland\/mit-70-noch-zur-bundeswehr-reservistenverband-fordert-anhebung-der-altersgrenze\/","og_locale":"de_DE","og_type":"article","og_title":"Mit 70 noch zur Bundeswehr \u2013 Reservistenverband fordert Anhebung der Altersgrenze","og_description":"Nicht nur das Renteneintrittsalter wird immer weiter erh\u00f6ht, k\u00fcnftig sollen Reservisten f\u00fcr die Bundeswehr auch noch bis 70 Jahre eingezogen werden k\u00f6nnen. Bisher lag die Altersgrenze bei 65 Jahren. Der neue Pr\u00e4sident des Reservistenverbandes, Bastian Ernst, fordert eine deutliche Anhebung der Altersgrenze f\u00fcr Reservisten, um die Truppenst\u00e4rke Deutschlands zu vergr\u00f6\u00dfern. &#8220;Wir sollten die Altersgrenze f\u00fcr [&hellip;]","og_url":"https:\/\/now-news.de\/de\/deutschland\/mit-70-noch-zur-bundeswehr-reservistenverband-fordert-anhebung-der-altersgrenze\/","og_site_name":"just-now.NEWS Deutschland","article_publisher":"https:\/\/www.facebook.com\/wirmachenauf","article_published_time":"2026-04-21T14:29:07+00:00","og_image":[{"url":"https:\/\/now-news.de\/de\/wp-content\/uploads\/sites\/3\/2026\/04\/69e74938b480cc50f01e7b29.jpg"}],"author":"rtnews","twitter_card":"summary_large_image","twitter_creator":"@WirMachenAuf_de","twitter_site":"@WirMachenAuf_de","twitter_misc":{"Verfasst von":"rtnews","Gesch\u00e4tzte Lesezeit":"2\u00a0Minuten"},"schema":{"@context":"https:\/\/schema.org","@graph":[{"@type":"Article","@id":"https:\/\/now-news.de\/de\/deutschland\/mit-70-noch-zur-bundeswehr-reservistenverband-fordert-anhebung-der-altersgrenze\/#article","isPartOf":{"@id":"https:\/\/now-news.de\/de\/deutschland\/mit-70-noch-zur-bundeswehr-reservistenverband-fordert-anhebung-der-altersgrenze\/"},"author":{"name":"rtnews","@id":"https:\/\/now-news.de\/de\/#\/schema\/person\/fb534a4e865501d8b3285208df34a9b5"},"headline":"Mit 70 noch zur Bundeswehr \u2013 Reservistenverband fordert Anhebung der Altersgrenze","datePublished":"2026-04-21T14:29:07+00:00","dateModified":"2026-04-21T14:29:07+00:00","mainEntityOfPage":{"@id":"https:\/\/now-news.de\/de\/deutschland\/mit-70-noch-zur-bundeswehr-reservistenverband-fordert-anhebung-der-altersgrenze\/"},"wordCount":387,"commentCount":0,"publisher":{"@id":"https:\/\/now-news.de\/de\/#organization"},"image":{"@id":"https:\/\/now-news.de\/de\/deutschland\/mit-70-noch-zur-bundeswehr-reservistenverband-fordert-anhebung-der-altersgrenze\/#primaryimage"},"thumbnailUrl":"https:\/\/now-news.de\/de\/wp-content\/uploads\/sites\/3\/Mit-70-noch-zur-Bundeswehr-\u2013-Reservistenverband-fordert-Anhebung-der.jpg","keywords":["Altersgrenze","Anhebung","Bundeswehr","der","fordert","mit","noch","Reservistenverband","zur"],"articleSection":["Deutschland","Russland"],"inLanguage":"de","potentialAction":[{"@type":"CommentAction","name":"Comment","target":["https:\/\/now-news.de\/de\/deutschland\/mit-70-noch-zur-bundeswehr-reservistenverband-fordert-anhebung-der-altersgrenze\/#respond"]}]},{"@type":"WebPage","@id":"https:\/\/now-news.de\/de\/deutschland\/mit-70-noch-zur-bundeswehr-reservistenverband-fordert-anhebung-der-altersgrenze\/","url":"https:\/\/now-news.de\/de\/deutschland\/mit-70-noch-zur-bundeswehr-reservistenverband-fordert-anhebung-der-altersgrenze\/","name":"Mit 70 noch zur Bundeswehr \u2013 Reservistenverband fordert Anhebung der Altersgrenze - just-now.NEWS Deutschland","isPartOf":{"@id":"https:\/\/now-news.de\/de\/#website"},"primaryImageOfPage":{"@id":"https:\/\/now-news.de\/de\/deutschland\/mit-70-noch-zur-bundeswehr-reservistenverband-fordert-anhebung-der-altersgrenze\/#primaryimage"},"image":{"@id":"https:\/\/now-news.de\/de\/deutschland\/mit-70-noch-zur-bundeswehr-reservistenverband-fordert-anhebung-der-altersgrenze\/#primaryimage"},"thumbnailUrl":"https:\/\/now-news.de\/de\/wp-content\/uploads\/sites\/3\/Mit-70-noch-zur-Bundeswehr-\u2013-Reservistenverband-fordert-Anhebung-der.jpg","datePublished":"2026-04-21T14:29:07+00:00","dateModified":"2026-04-21T14:29:07+00:00","breadcrumb":{"@id":"https:\/\/now-news.de\/de\/deutschland\/mit-70-noch-zur-bundeswehr-reservistenverband-fordert-anhebung-der-altersgrenze\/#breadcrumb"},"inLanguage":"de","potentialAction":[{"@type":"ReadAction","target":["https:\/\/now-news.de\/de\/deutschland\/mit-70-noch-zur-bundeswehr-reservistenverband-fordert-anhebung-der-altersgrenze\/"]}]},{"@type":"ImageObject","inLanguage":"de","@id":"https:\/\/now-news.de\/de\/deutschland\/mit-70-noch-zur-bundeswehr-reservistenverband-fordert-anhebung-der-altersgrenze\/#primaryimage","url":"https:\/\/now-news.de\/de\/wp-content\/uploads\/sites\/3\/Mit-70-noch-zur-Bundeswehr-\u2013-Reservistenverband-fordert-Anhebung-der.jpg","contentUrl":"https:\/\/now-news.de\/de\/wp-content\/uploads\/sites\/3\/Mit-70-noch-zur-Bundeswehr-\u2013-Reservistenverband-fordert-Anhebung-der.jpg","caption":"Mit 70 noch zur Bundeswehr \u2013 Reservistenverband fordert Anhebung der Altersgrenze"},{"@type":"BreadcrumbList","@id":"https:\/\/now-news.de\/de\/deutschland\/mit-70-noch-zur-bundeswehr-reservistenverband-fordert-anhebung-der-altersgrenze\/#breadcrumb","itemListElement":[{"@type":"ListItem","position":1,"name":"Home","item":"https:\/\/now-news.de\/de\/"},{"@type":"ListItem","position":2,"name":"Mit 70 noch zur Bundeswehr \u2013 Reservistenverband fordert Anhebung der Altersgrenze"}]},{"@type":"WebSite","@id":"https:\/\/now-news.de\/de\/#website","url":"https:\/\/now-news.de\/de\/","name":"just-now.NEWS Deutschland","description":"Das Portal f\u00fcr unzensierte Nachrichten aus der Welt","publisher":{"@id":"https:\/\/now-news.de\/de\/#organization"},"potentialAction":[{"@type":"SearchAction","target":{"@type":"EntryPoint","urlTemplate":"https:\/\/now-news.de\/de\/?s={search_term_string}"},"query-input":"required name=search_term_string"}],"inLanguage":"de"},{"@type":"Organization","@id":"https:\/\/now-news.de\/de\/#organization","name":"Just Now News","url":"https:\/\/now-news.de\/de\/","logo":{"@type":"ImageObject","inLanguage":"de","@id":"https:\/\/now-news.de\/de\/#\/schema\/logo\/image\/","url":"http:\/\/just-now.news\/de\/wp-content\/uploads\/sites\/3\/2022\/04\/logo500x500.jpg","contentUrl":"http:\/\/just-now.news\/de\/wp-content\/uploads\/sites\/3\/2022\/04\/logo500x500.jpg","width":500,"height":500,"caption":"Just Now News"},"image":{"@id":"https:\/\/now-news.de\/de\/#\/schema\/logo\/image\/"},"sameAs":["https:\/\/www.facebook.com\/wirmachenauf","https:\/\/x.com\/WirMachenAuf_de"]},{"@type":"Person","@id":"https:\/\/now-news.de\/de\/#\/schema\/person\/fb534a4e865501d8b3285208df34a9b5","name":"rtnews","image":{"@type":"ImageObject","inLanguage":"de","@id":"https:\/\/now-news.de\/de\/#\/schema\/person\/image\/","url":"https:\/\/secure.gravatar.com\/avatar\/82aafea7d8127119dd649515f56e2117?s=96&d=mm&r=g","contentUrl":"https:\/\/secure.gravatar.com\/avatar\/82aafea7d8127119dd649515f56e2117?s=96&d=mm&r=g","caption":"rtnews"},"url":"https:\/\/now-news.de\/de\/author\/rnews\/"}]}},"_links":{"self":[{"href":"https:\/\/now-news.de\/de\/wp-json\/wp\/v2\/posts\/102060"}],"collection":[{"href":"https:\/\/now-news.de\/de\/wp-json\/wp\/v2\/posts"}],"about":[{"href":"https:\/\/now-news.de\/de\/wp-json\/wp\/v2\/types\/post"}],"author":[{"embeddable":true,"href":"https:\/\/now-news.de\/de\/wp-json\/wp\/v2\/users\/3"}],"replies":[{"embeddable":true,"href":"https:\/\/now-news.de\/de\/wp-json\/wp\/v2\/comments?post=102060"}],"version-history":[{"count":0,"href":"https:\/\/now-news.de\/de\/wp-json\/wp\/v2\/posts\/102060\/revisions"}],"wp:featuredmedia":[{"embeddable":true,"href":"https:\/\/now-news.de\/de\/wp-json\/wp\/v2\/media\/102061"}],"wp:attachment":[{"href":"https:\/\/now-news.de\/de\/wp-json\/wp\/v2\/media?parent=102060"}],"wp:term":[{"taxonomy":"category","embeddable":true,"href":"https:\/\/now-news.de\/de\/wp-json\/wp\/v2\/categories?post=102060"},{"taxonomy":"post_tag","embeddable":true,"href":"https:\/\/now-news.de\/de\/wp-json\/wp\/v2\/tags?post=102060"}],"curies":[{"name":"wp","href":"https:\/\/api.w.org\/{rel}","templated":true}]}}