{"id":102048,"date":"2026-04-21T12:57:22","date_gmt":"2026-04-21T10:57:22","guid":{"rendered":"https:\/\/now-news.de\/de\/deutschland\/von-der-leyen-im-oeko-paradies-die-buerger-in-der-hoelle\/"},"modified":"2026-04-21T12:57:22","modified_gmt":"2026-04-21T10:57:22","slug":"von-der-leyen-im-oeko-paradies-die-buerger-in-der-hoelle","status":"publish","type":"post","link":"https:\/\/now-news.de\/de\/deutschland\/von-der-leyen-im-oeko-paradies-die-buerger-in-der-hoelle\/","title":{"rendered":"Von der Leyen im \u00d6ko-Paradies, die B\u00fcrger in der H\u00f6lle?"},"content":{"rendered":"<p><img decoding=\"async\" src=\"https:\/\/now-news.de\/de\/wp-content\/uploads\/sites\/3\/2026\/04\/69e6604a48fbef26014a85a0.jpg\" \/><\/p>\n<div class=\"Text-root Text-type_1 \">\n                Dass es mit Kerosin ernste Probleme geben wird, ist inzwischen klar. Aber auch mit anderen Treibstoffen und Produkten drohen b\u00f6se \u00dcberraschungen. Nur werden die EU und deren Statthalter das bestenfalls f\u00fcr neue feindselige Ma\u00dfnahmen nutzen.\n            <\/div>\n<p><\/p>\n<div class=\"Text-root Text-type_5 ArticleView-text ViewText-root \">\n<p><em>Von Dagmar Henn<\/em><\/p>\n<p>Man kann sich jetzt schon vorstellen, wie die Geschichte des &#8220;Tankrabatts&#8221; ausgehen wird, mal gesetzt den Fall, der Iran-Krieg lebt wieder auf und das Erd\u00f6l aus dem Persischen Golf wird auf unbestimmte Zeit dem globalen Markt entzogen. Nachdem wir ja in Deutschland sind, wo das Wort &#8220;sofort&#8221; unbekannt ist, sobald es um die Politik geht, tritt dieser Rabatt erst am 1. Mai in Kraft und schleicht dann langsam die Lieferkette hinunter bis zur letzten Tankstelle. Zu diesem Zeitpunkt ist, das scheint relativ fest zu stehen, Kerosin in Europa bereits knapp. Das bedeutet dann auch, soweit die Produktionsanteile zwischen Kerosin und Diesel in den Raffinerien umverteilt werden k\u00f6nnen, wurde dann auch schon weniger Diesel produziert, um etwas mehr Kerosin zu haben \u2012 weshalb der Dieselpreis allein dadurch abermals gestiegen sein d\u00fcrfte.<\/p>\n<p>Allerdings lauern dahinter noch ganz andere Risiken: ein langfristiger Mangel an Diesel, der selbst im Falle einer sofortigen \u00d6ffnung der Stra\u00dfe von Hormus fr\u00fchestens binnen Monaten verschwinden w\u00fcrde. Und noch viel schneller wom\u00f6glich ein Mangel an einem noch kritischeren Punkt, der schon 2022 sehr \u00fcberraschend hereinbrach: Ad-Blue. Ein aus Erdgas produzierter Zusatz, ohne den neuere Lkw gar nicht mehr fahren und dessen Produktion sich ab einer bestimmten Preisschwelle in Europa nicht mehr rechnet.<\/p>\n<p>Man darf dabei nicht nur auf Europa allein blicken. In letzter Zeit kehrten eine Reihe von LNG-Tankern, die bereits auf dem Weg nach Europa waren, um und fuhren nach Asien. Die Lieferungen aus Katar gingen vor allem in asiatische L\u00e4nder. Die bieten jetzt Preise, die bis zu 4 Euro\/MWh \u00fcber den europ\u00e4ischen liegen. Das f\u00fcr Europa zur Verf\u00fcgung stehende Angebot schrumpft also, au\u00dfer, die Preise steigen weiter. Und jetzt zum Ad-Blue: Aktuell liegt der Gaspreis in der EU um die 40 Euro\/MWh. Die Schwelle, ab der sich f\u00fcr die ersten Produktionsanlagen die Produktion von Ad-Blue nicht mehr rentiert, liegt bei 45 Euro\/MWh. Bei 50 Euro\/MWh wird es nicht mehr produziert \u2012 das war, was 2022 passiert ist. Die Prognosen der Marktanalytiker, unter anderem von Goldman-Sachs, liegen bei fortgesetzter Schlie\u00dfung der Stra\u00dfe von Hormus bei bis zu 90 Euro\/MWh. Das ist noch ohne einen zus\u00e4tzlichen Stopp der Lieferungen von russischem Erdgas durch die EU.<\/p>\n<p>Ad-Blue wirkt noch weitaus schneller als ein akuter Mangel an Diesel, und es gibt hier keine strategischen Lager, die beim Diesel noch etwas abfangen k\u00f6nnten, auch wenn sie schon binnen weniger Wochen angezapft werden m\u00fcssen. Vor allem: Wenn es nicht vorhanden ist, dann bricht die gesamte Logistik unmittelbar zusammen, weil die Fahrzeuge nicht mehr fahren. Aber Diesel ist ebenfalls nicht sicher.<\/p>\n<p>In der EU werden pro Tag etwa 633.000 Tonnen Diesel verbraucht. Ungef\u00e4hr 586.000 Tonnen werden in der EU produziert, der Rest wird importiert. Wenn die Raffinerien in Europa die Verteilung zwischen Diesel und Kerosin \u00e4ndern, also statt 39 Prozent Diesel aus der gesamten Roh\u00f6lmenge nur 34 Prozent erzeugen, daf\u00fcr statt 9 Prozent Kerosin 14 Prozent, dann ginge die Menge des produzierten Diesels um 60.000 Tonnen\/Tag zur\u00fcck. Gleichzeitig entf\u00e4llt auch der Roh\u00f6lanteil, der bisher aus der Golfregion importiert wurde\u00a0\u2012 das sind noch einmal 40.000 Tonnen Diesel\/Tag, wenn die Stra\u00dfe von Hormus gesperrt bleibt.<\/p>\n<p>Nun gibt es kommerzielle Lager, die drei bis vier Monate abdecken k\u00f6nnen, wenn das Defizit bei 100.000 Tonnen\/Tag bleibt\u00a0\u2012 obwohl sich dann nat\u00fcrlich fragt, ob es sinnvoll ist, wenn sie das t\u00e4ten, sofern der Krieg fortgesetzt wird, da nicht abzusehen w\u00e4re, wie lange diese Lage anh\u00e4lt. An diesem Punkt w\u00e4re also bereits ein Eingreifen der Regierungen denkbar, um die &#8220;Haltbarkeit&#8221; dieser Lagerbest\u00e4nde zu strecken, indem der Verbrauch begrenzt wird. Die staatlichen Notreserven halten noch l\u00e4nger, weil sie mit 39 Millionen Tonnen in der ganzen EU etwa drei- bis viermal so gro\u00df sind wie die kommerziellen. Von der deutschen Reserve von etwa 20 Millionen Tonnen wurde aber ungef\u00e4hr ein F\u00fcnftel bereits im M\u00e4rz freigegeben.<\/p>\n<p>Selbst wenn der ganze Iran-Krieg vor\u00fcber w\u00e4re, w\u00fcrden die Sch\u00e4den an Raffinerien in der Golfregion dazu f\u00fchren, dass es ein t\u00e4gliches Defizit bei der Diesel-Produktion von etwa 50.000 Tonnen\/Tag g\u00e4be, mindestens f\u00fcr einige Monate. Aktuell ist das aber noch nicht eingepreist.<\/p>\n<p>Doch es gibt noch einen weiteren Faktor, den man nicht vergessen darf: Wie entscheiden sich die Politiker der EU, wenn die Ukraine kein Diesel mehr hat? Sie w\u00fcrden aus den europ\u00e4ischen Best\u00e4nden abzweigen, um den Krieg dort am Laufen zu halten. Das w\u00e4ren bis zu weitere 20.000 Tonnen\/Tag, die in der EU fehlen. Nebenbei:\u00a0Auch Kerosin d\u00fcrfte dorthin flie\u00dfen, und auch die US-Transportlogistik f\u00fcr den Iran-Krieg w\u00fcrde bei der notorischen Zwischenlandung in Ramstein Kerosin europ\u00e4ischer Raffinerien beanspruchen&#8230; Wie auch immer, auf jeden Fall f\u00fchrt eine Einbeziehung des Faktors Ukraine dazu, dass pro Tag im Falle einer Fortsetzung des Iran-Kriegs bis zu 140.000, im Falle eines Endes immer noch 70.000 Tonnen\/Tag fehlen.<\/p>\n<p>Ein Mangel an Ad-Blue \u00fcbrigens w\u00fcrde die Preise an den Tankstellen noch zus\u00e4tzlich nach oben schrauben, weil auch die Tanklastwagen, die sie versorgen, auf Ad-Blue angewiesen sind. Die beiden Aspekte k\u00f6nnen sich also wechselseitig verst\u00e4rken, bis dahin, dass zwar Diesel da ist, aber nicht zur Tankstelle gelangt.<\/p>\n<p>Und mitten hinein in dieses Szenario kommen dann 17 Cent\/Liter Steuerentlastung f\u00fcr zwei Monate. Das ist ein klein wenig so, als w\u00fcrde man jemandem, dessen Haus brennt, statt L\u00f6schwasser ein Bier spendieren. Ist auch nass, aber nur begrenzt hilfreich.<\/p>\n<p>Das waren jetzt einmal ein paar Rohdaten. Selbst f\u00fcr die vern\u00fcnftigsten Regierungen w\u00e4re das eine schwierige Situation. Weil, beispielsweise, im Sommer, zu einer Zeit, in der die kommerziellen Vorr\u00e4te aufgebraucht sein k\u00f6nnten und in der sich die Preise in ganz anderen Regionen als heute bewegen d\u00fcrften, die Ernte eingebracht werden muss, wof\u00fcr es ebenfalls Diesel braucht, der aber billig genug sein m\u00fcsste, dass es zu keinem Verlust f\u00fchrt, zu ernten. Sollte nicht geerntet werden, hat die EU noch ein Problem einer ganz anderen Gr\u00f6\u00dfenordnung. Hier m\u00fcssten also die staatlichen Vorr\u00e4te auf jeden Fall angetastet werden, auch wenn ansonsten eine rationale Politik so fr\u00fch wie m\u00f6glich eingreifen w\u00fcrde, um die Vorr\u00e4te maximal zu strecken.<\/p>\n<p>Allerdings haben wir es nicht mit rationalen Regierungen zu tun. Da muss man nur an Ursula von der Leyens Aussage, die beste Energie sei jene, die gar nicht verbraucht wird, denken. Oder an die Aufforderung an die B\u00fcrger, weniger Benzin zu tanken, damit das Kerosin l\u00e4nger reicht. Wenn man dann noch ein paar dieser &#8220;Visionen&#8221; hinzuf\u00fcgt, wie die F\u00fcnfzehn-Minuten-Stadt, und die Vorlieben der EU f\u00fcr die Kontrolle der B\u00fcrger&#8230; dann muss man davon ausgehen, dass eine derartige Entwicklung, wie sie das Extremszenario liefert (Fortsetzung des Iran-Kriegs), vor allem als Rechtfertigung genutzt wird, um ohnehin bereits vorhandene Pl\u00e4ne durchzusetzen. Was dann bedeuten w\u00fcrde, Mobilit\u00e4tsbeschr\u00e4nkungen zu verh\u00e4ngen, ohne die volkswirtschaftlichen Folgen im Blick zu haben. Das Modell der Lockdowns w\u00e4hrend Corona belegte recht gut, wie ohne Analyse und \u00dcberlegung einfach geholzt wurde.<\/p>\n<p>Nicht zu vergessen, einige der Folgen eines solchen Mangels entsprechen genau einigen Schritten, die auf EU-Ebene geplant sind. Wer an die Proteste gegen die Abschaffung des verg\u00fcnstigten Diesels f\u00fcr die Landwirtschaft zur\u00fcckdenkt, begreift schnell, dass die aktuellen Preise bereits genau die Folgen haben werden, die bei der Abschaffung dieser Verg\u00fcnstigung gef\u00fcrchtet worden waren\u00a0\u2012 und der aktuelle Preis ist noch lange nicht das Ende der Fahnenstange.<\/p>\n<p>Gleiches gilt auch bei Kunstd\u00fcnger, der ebenfalls aus der Golfregion geliefert wurde \u2012 die Preise sind inzwischen bereits wieder so hoch wie 2022. Damals sanken in Deutschland die Preise einzig dadurch wieder, dass viele Bauern wegen der gestiegenen Kosten die Aussaat unterlie\u00dfen. Auch hier gibt es \u00fcbrigens zwei gro\u00dfe Produzenten von Kunstd\u00fcnger, die leicht erreichbar w\u00e4ren: Wei\u00dfrussland und Russland. Doch bei beiden gibt es EU-Sanktionen, die den Import von Kunstd\u00fcnger von dort untersagen.<\/p>\n<p>Wie ausgepr\u00e4gt das Problem diesmal sein wird, ist noch nicht bekannt. Fest steht aber bereits, dass die Anbaufl\u00e4che f\u00fcr den besonders d\u00fcngerhungrigen Mais in Italien um 11 Prozent zur\u00fcckgegangen ist und in der Steiermark in \u00d6sterreich bis zu 20 Prozent der Bauern den D\u00fcnger f\u00fcr die laufende Saison noch nicht gekauft haben. Die Daten f\u00fcr die Aussaat insgesamt liegen noch nicht vor.<\/p>\n<p>Aber wie wird eine B\u00fcrokratie, die v\u00f6llig unrealistischen Zielen folgt, auf diese Entwicklung reagieren? Sie wird versuchen, jedes Ziel, das auf diese Weise erreichbar scheint, durchzusetzen, ob das nun f\u00fcr die Menschen in der EU das Leben erschwert oder nicht. So, wie in Bezug auf die Zuteilung von Diesel im Zweifelsfalle der Krieg in der Ukraine wichtiger w\u00e4re als die Aufrechterhaltung der Lieferlogistik f\u00fcr die Superm\u00e4rkte, so wird die scheinbar einfache Umsetzung dieser vermeintlich \u00f6kologischen Ziele wichtiger sein als die gesicherte und bezahlbare Versorgung der Bev\u00f6lkerung.<\/p>\n<p>Das Extrembeispiel, wie das Wohl der eigenen Bev\u00f6lkerung im Verh\u00e4ltnis zu den abstrakten politischen Zielen rangiert, lieferte j\u00fcngst die Bundesregierung in ihrem Abkommen mit der Ukraine, in dem tats\u00e4chlich der Bau von Sozialwohnungen in der Ukraine mit Bundesmitteln gef\u00f6rdert werden soll, obwohl dort \u00fcber 70 Prozent der Bev\u00f6lkerung im eigenen Eigentum wohnen (in Deutschland nur 44) und in Deutschland seit Jahren Wohnungsmangel herrscht. Dementsprechend d\u00fcrften auch im extremen Krisenmodus die Priorit\u00e4ten liegen: erst der Krieg, dann die \u00d6ko-Fantasien, und dann, vielleicht, das Wohl der B\u00fcrger.<\/p>\n<p><strong>Mehr zum Thema \u2012<\/strong>\u00a0<a rel=\"nofollow noopener\" target=\"_blank\" href=\"https:\/\/freedert.online\/europa\/276339-vier-italienische-flughaefen-schraenken-fluege\/\">Vier italienische Flugh\u00e4fen schr\u00e4nken Fl\u00fcge ein \u2013 Sommerfl\u00fcge in ganz Europa gef\u00e4hrdet <\/a><\/p>\n<div class=\"EmbedBlock-root EmbedBlock-externalVideo EmbedBlock-rumble\">\n<div class=\"VkEmbed\"><iframe class=\"lazyload\" data-src=\"https:\/\/rumble.com\/embed\/v76kigy\" frameborder=\"0\" width=\"853\" height=\"480\" allowfullscreen><\/iframe><\/div>\n<\/div>\n<\/div>\n<p><br \/>\n<br \/><a href=\"https:\/\/de.rt.com\/meinung\/277739-von-leyen-im-oeko-paradies\/\">Source link <\/a><\/p>\n","protected":false},"excerpt":{"rendered":"<p>Dass es mit Kerosin ernste Probleme geben wird, ist inzwischen klar. Aber auch mit anderen Treibstoffen und Produkten drohen b\u00f6se \u00dcberraschungen. Nur werden die EU und deren Statthalter das bestenfalls f\u00fcr neue feindselige Ma\u00dfnahmen nutzen. Von Dagmar Henn Man kann sich jetzt schon vorstellen, wie die Geschichte des &#8220;Tankrabatts&#8221; ausgehen wird, mal gesetzt den Fall, [&hellip;]<\/p>\n","protected":false},"author":3,"featured_media":102049,"comment_status":"open","ping_status":"open","sticky":false,"template":"","format":"standard","meta":{"_yoast_indexnow_last_ping":["1776769453"],"wp_automatic_camp":["217"],"2cb8aa53377eb12b917b75d10e5085cb":["Von der Leyen im \u00d6ko-Paradies, die B\u00fcrger in der H\u00f6lle?"],"original_link":["https:\/\/de.rt.com\/meinung\/277739-von-leyen-im-oeko-paradies\/"],"_thumbnail_id":["102049"],"jnews_social_counter_last_update":["1777396450"],"_wptgpro_p2tg_sent2tg":["a:1:{i:23737;s:19:\"2026-04-21 13:05:15\";}"]},"categories":[19,23],"tags":[8956,82,45,16320,368,72518,50],"yoast_head":"<!-- This site is optimized with the Yoast SEO Premium plugin v22.7 (Yoast SEO v22.7) - https:\/\/yoast.com\/wordpress\/plugins\/seo\/ -->\n<title>Von der Leyen im \u00d6ko-Paradies, die B\u00fcrger in der H\u00f6lle? - just-now.NEWS Deutschland<\/title>\n<meta name=\"robots\" content=\"index, follow, max-snippet:-1, max-image-preview:large, max-video-preview:-1\" \/>\n<link rel=\"canonical\" href=\"https:\/\/now-news.de\/de\/deutschland\/von-der-leyen-im-oeko-paradies-die-buerger-in-der-hoelle\/\" \/>\n<meta property=\"og:locale\" content=\"de_DE\" \/>\n<meta property=\"og:type\" content=\"article\" \/>\n<meta property=\"og:title\" content=\"Von der Leyen im \u00d6ko-Paradies, die B\u00fcrger in der H\u00f6lle?\" \/>\n<meta property=\"og:description\" content=\"Dass es mit Kerosin ernste Probleme geben wird, ist inzwischen klar. Aber auch mit anderen Treibstoffen und Produkten drohen b\u00f6se \u00dcberraschungen. Nur werden die EU und deren Statthalter das bestenfalls f\u00fcr neue feindselige Ma\u00dfnahmen nutzen. Von Dagmar Henn Man kann sich jetzt schon vorstellen, wie die Geschichte des &#8220;Tankrabatts&#8221; ausgehen wird, mal gesetzt den Fall, [&hellip;]\" \/>\n<meta property=\"og:url\" content=\"https:\/\/now-news.de\/de\/deutschland\/von-der-leyen-im-oeko-paradies-die-buerger-in-der-hoelle\/\" \/>\n<meta property=\"og:site_name\" content=\"just-now.NEWS Deutschland\" \/>\n<meta property=\"article:publisher\" content=\"https:\/\/www.facebook.com\/wirmachenauf\" \/>\n<meta property=\"article:published_time\" content=\"2026-04-21T10:57:22+00:00\" \/>\n<meta property=\"og:image\" content=\"https:\/\/now-news.de\/de\/wp-content\/uploads\/sites\/3\/2026\/04\/69e6604a48fbef26014a85a0.jpg\" \/>\n<meta name=\"author\" content=\"rtnews\" \/>\n<meta name=\"twitter:card\" content=\"summary_large_image\" \/>\n<meta name=\"twitter:creator\" content=\"@WirMachenAuf_de\" \/>\n<meta name=\"twitter:site\" content=\"@WirMachenAuf_de\" \/>\n<meta name=\"twitter:label1\" content=\"Verfasst von\" \/>\n\t<meta name=\"twitter:data1\" content=\"rtnews\" \/>\n\t<meta name=\"twitter:label2\" content=\"Gesch\u00e4tzte Lesezeit\" \/>\n\t<meta name=\"twitter:data2\" content=\"8\u00a0Minuten\" \/>\n<script type=\"application\/ld+json\" class=\"yoast-schema-graph\">{\"@context\":\"https:\/\/schema.org\",\"@graph\":[{\"@type\":\"Article\",\"@id\":\"https:\/\/now-news.de\/de\/deutschland\/von-der-leyen-im-oeko-paradies-die-buerger-in-der-hoelle\/#article\",\"isPartOf\":{\"@id\":\"https:\/\/now-news.de\/de\/deutschland\/von-der-leyen-im-oeko-paradies-die-buerger-in-der-hoelle\/\"},\"author\":{\"name\":\"rtnews\",\"@id\":\"https:\/\/now-news.de\/de\/#\/schema\/person\/fb534a4e865501d8b3285208df34a9b5\"},\"headline\":\"Von der Leyen im \u00d6ko-Paradies, die B\u00fcrger in der H\u00f6lle?\",\"datePublished\":\"2026-04-21T10:57:22+00:00\",\"dateModified\":\"2026-04-21T10:57:22+00:00\",\"mainEntityOfPage\":{\"@id\":\"https:\/\/now-news.de\/de\/deutschland\/von-der-leyen-im-oeko-paradies-die-buerger-in-der-hoelle\/\"},\"wordCount\":1654,\"commentCount\":0,\"publisher\":{\"@id\":\"https:\/\/now-news.de\/de\/#organization\"},\"image\":{\"@id\":\"https:\/\/now-news.de\/de\/deutschland\/von-der-leyen-im-oeko-paradies-die-buerger-in-der-hoelle\/#primaryimage\"},\"thumbnailUrl\":\"https:\/\/now-news.de\/de\/wp-content\/uploads\/sites\/3\/Von-der-Leyen-im-Oeko-Paradies-die-Buerger-in-der-Hoelle.jpg\",\"keywords\":[\"b\u00fcrger\",\"der\",\"die\",\"H\u00f6lle\",\"Leyen\",\"\u00d6koParadies\",\"von\"],\"articleSection\":[\"Deutschland\",\"Russland\"],\"inLanguage\":\"de\",\"potentialAction\":[{\"@type\":\"CommentAction\",\"name\":\"Comment\",\"target\":[\"https:\/\/now-news.de\/de\/deutschland\/von-der-leyen-im-oeko-paradies-die-buerger-in-der-hoelle\/#respond\"]}]},{\"@type\":\"WebPage\",\"@id\":\"https:\/\/now-news.de\/de\/deutschland\/von-der-leyen-im-oeko-paradies-die-buerger-in-der-hoelle\/\",\"url\":\"https:\/\/now-news.de\/de\/deutschland\/von-der-leyen-im-oeko-paradies-die-buerger-in-der-hoelle\/\",\"name\":\"Von der Leyen im \u00d6ko-Paradies, die B\u00fcrger in der H\u00f6lle? - just-now.NEWS Deutschland\",\"isPartOf\":{\"@id\":\"https:\/\/now-news.de\/de\/#website\"},\"primaryImageOfPage\":{\"@id\":\"https:\/\/now-news.de\/de\/deutschland\/von-der-leyen-im-oeko-paradies-die-buerger-in-der-hoelle\/#primaryimage\"},\"image\":{\"@id\":\"https:\/\/now-news.de\/de\/deutschland\/von-der-leyen-im-oeko-paradies-die-buerger-in-der-hoelle\/#primaryimage\"},\"thumbnailUrl\":\"https:\/\/now-news.de\/de\/wp-content\/uploads\/sites\/3\/Von-der-Leyen-im-Oeko-Paradies-die-Buerger-in-der-Hoelle.jpg\",\"datePublished\":\"2026-04-21T10:57:22+00:00\",\"dateModified\":\"2026-04-21T10:57:22+00:00\",\"breadcrumb\":{\"@id\":\"https:\/\/now-news.de\/de\/deutschland\/von-der-leyen-im-oeko-paradies-die-buerger-in-der-hoelle\/#breadcrumb\"},\"inLanguage\":\"de\",\"potentialAction\":[{\"@type\":\"ReadAction\",\"target\":[\"https:\/\/now-news.de\/de\/deutschland\/von-der-leyen-im-oeko-paradies-die-buerger-in-der-hoelle\/\"]}]},{\"@type\":\"ImageObject\",\"inLanguage\":\"de\",\"@id\":\"https:\/\/now-news.de\/de\/deutschland\/von-der-leyen-im-oeko-paradies-die-buerger-in-der-hoelle\/#primaryimage\",\"url\":\"https:\/\/now-news.de\/de\/wp-content\/uploads\/sites\/3\/Von-der-Leyen-im-Oeko-Paradies-die-Buerger-in-der-Hoelle.jpg\",\"contentUrl\":\"https:\/\/now-news.de\/de\/wp-content\/uploads\/sites\/3\/Von-der-Leyen-im-Oeko-Paradies-die-Buerger-in-der-Hoelle.jpg\",\"caption\":\"Von der Leyen im \u00d6ko-Paradies, die B\u00fcrger in der H\u00f6lle?\"},{\"@type\":\"BreadcrumbList\",\"@id\":\"https:\/\/now-news.de\/de\/deutschland\/von-der-leyen-im-oeko-paradies-die-buerger-in-der-hoelle\/#breadcrumb\",\"itemListElement\":[{\"@type\":\"ListItem\",\"position\":1,\"name\":\"Home\",\"item\":\"https:\/\/now-news.de\/de\/\"},{\"@type\":\"ListItem\",\"position\":2,\"name\":\"Von der Leyen im \u00d6ko-Paradies, die B\u00fcrger in der H\u00f6lle?\"}]},{\"@type\":\"WebSite\",\"@id\":\"https:\/\/now-news.de\/de\/#website\",\"url\":\"https:\/\/now-news.de\/de\/\",\"name\":\"just-now.NEWS Deutschland\",\"description\":\"Das Portal f\u00fcr unzensierte Nachrichten aus der Welt\",\"publisher\":{\"@id\":\"https:\/\/now-news.de\/de\/#organization\"},\"potentialAction\":[{\"@type\":\"SearchAction\",\"target\":{\"@type\":\"EntryPoint\",\"urlTemplate\":\"https:\/\/now-news.de\/de\/?s={search_term_string}\"},\"query-input\":\"required name=search_term_string\"}],\"inLanguage\":\"de\"},{\"@type\":\"Organization\",\"@id\":\"https:\/\/now-news.de\/de\/#organization\",\"name\":\"Just Now News\",\"url\":\"https:\/\/now-news.de\/de\/\",\"logo\":{\"@type\":\"ImageObject\",\"inLanguage\":\"de\",\"@id\":\"https:\/\/now-news.de\/de\/#\/schema\/logo\/image\/\",\"url\":\"http:\/\/just-now.news\/de\/wp-content\/uploads\/sites\/3\/2022\/04\/logo500x500.jpg\",\"contentUrl\":\"http:\/\/just-now.news\/de\/wp-content\/uploads\/sites\/3\/2022\/04\/logo500x500.jpg\",\"width\":500,\"height\":500,\"caption\":\"Just Now News\"},\"image\":{\"@id\":\"https:\/\/now-news.de\/de\/#\/schema\/logo\/image\/\"},\"sameAs\":[\"https:\/\/www.facebook.com\/wirmachenauf\",\"https:\/\/x.com\/WirMachenAuf_de\"]},{\"@type\":\"Person\",\"@id\":\"https:\/\/now-news.de\/de\/#\/schema\/person\/fb534a4e865501d8b3285208df34a9b5\",\"name\":\"rtnews\",\"image\":{\"@type\":\"ImageObject\",\"inLanguage\":\"de\",\"@id\":\"https:\/\/now-news.de\/de\/#\/schema\/person\/image\/\",\"url\":\"https:\/\/secure.gravatar.com\/avatar\/82aafea7d8127119dd649515f56e2117?s=96&d=mm&r=g\",\"contentUrl\":\"https:\/\/secure.gravatar.com\/avatar\/82aafea7d8127119dd649515f56e2117?s=96&d=mm&r=g\",\"caption\":\"rtnews\"},\"url\":\"https:\/\/now-news.de\/de\/author\/rnews\/\"}]}<\/script>\n<!-- \/ Yoast SEO Premium plugin. -->","yoast_head_json":{"title":"Von der Leyen im \u00d6ko-Paradies, die B\u00fcrger in der H\u00f6lle? - just-now.NEWS Deutschland","robots":{"index":"index","follow":"follow","max-snippet":"max-snippet:-1","max-image-preview":"max-image-preview:large","max-video-preview":"max-video-preview:-1"},"canonical":"https:\/\/now-news.de\/de\/deutschland\/von-der-leyen-im-oeko-paradies-die-buerger-in-der-hoelle\/","og_locale":"de_DE","og_type":"article","og_title":"Von der Leyen im \u00d6ko-Paradies, die B\u00fcrger in der H\u00f6lle?","og_description":"Dass es mit Kerosin ernste Probleme geben wird, ist inzwischen klar. Aber auch mit anderen Treibstoffen und Produkten drohen b\u00f6se \u00dcberraschungen. Nur werden die EU und deren Statthalter das bestenfalls f\u00fcr neue feindselige Ma\u00dfnahmen nutzen. Von Dagmar Henn Man kann sich jetzt schon vorstellen, wie die Geschichte des &#8220;Tankrabatts&#8221; ausgehen wird, mal gesetzt den Fall, [&hellip;]","og_url":"https:\/\/now-news.de\/de\/deutschland\/von-der-leyen-im-oeko-paradies-die-buerger-in-der-hoelle\/","og_site_name":"just-now.NEWS Deutschland","article_publisher":"https:\/\/www.facebook.com\/wirmachenauf","article_published_time":"2026-04-21T10:57:22+00:00","og_image":[{"url":"https:\/\/now-news.de\/de\/wp-content\/uploads\/sites\/3\/2026\/04\/69e6604a48fbef26014a85a0.jpg"}],"author":"rtnews","twitter_card":"summary_large_image","twitter_creator":"@WirMachenAuf_de","twitter_site":"@WirMachenAuf_de","twitter_misc":{"Verfasst von":"rtnews","Gesch\u00e4tzte Lesezeit":"8\u00a0Minuten"},"schema":{"@context":"https:\/\/schema.org","@graph":[{"@type":"Article","@id":"https:\/\/now-news.de\/de\/deutschland\/von-der-leyen-im-oeko-paradies-die-buerger-in-der-hoelle\/#article","isPartOf":{"@id":"https:\/\/now-news.de\/de\/deutschland\/von-der-leyen-im-oeko-paradies-die-buerger-in-der-hoelle\/"},"author":{"name":"rtnews","@id":"https:\/\/now-news.de\/de\/#\/schema\/person\/fb534a4e865501d8b3285208df34a9b5"},"headline":"Von der Leyen im \u00d6ko-Paradies, die B\u00fcrger in der H\u00f6lle?","datePublished":"2026-04-21T10:57:22+00:00","dateModified":"2026-04-21T10:57:22+00:00","mainEntityOfPage":{"@id":"https:\/\/now-news.de\/de\/deutschland\/von-der-leyen-im-oeko-paradies-die-buerger-in-der-hoelle\/"},"wordCount":1654,"commentCount":0,"publisher":{"@id":"https:\/\/now-news.de\/de\/#organization"},"image":{"@id":"https:\/\/now-news.de\/de\/deutschland\/von-der-leyen-im-oeko-paradies-die-buerger-in-der-hoelle\/#primaryimage"},"thumbnailUrl":"https:\/\/now-news.de\/de\/wp-content\/uploads\/sites\/3\/Von-der-Leyen-im-Oeko-Paradies-die-Buerger-in-der-Hoelle.jpg","keywords":["b\u00fcrger","der","die","H\u00f6lle","Leyen","\u00d6koParadies","von"],"articleSection":["Deutschland","Russland"],"inLanguage":"de","potentialAction":[{"@type":"CommentAction","name":"Comment","target":["https:\/\/now-news.de\/de\/deutschland\/von-der-leyen-im-oeko-paradies-die-buerger-in-der-hoelle\/#respond"]}]},{"@type":"WebPage","@id":"https:\/\/now-news.de\/de\/deutschland\/von-der-leyen-im-oeko-paradies-die-buerger-in-der-hoelle\/","url":"https:\/\/now-news.de\/de\/deutschland\/von-der-leyen-im-oeko-paradies-die-buerger-in-der-hoelle\/","name":"Von der Leyen im \u00d6ko-Paradies, die B\u00fcrger in der H\u00f6lle? - just-now.NEWS Deutschland","isPartOf":{"@id":"https:\/\/now-news.de\/de\/#website"},"primaryImageOfPage":{"@id":"https:\/\/now-news.de\/de\/deutschland\/von-der-leyen-im-oeko-paradies-die-buerger-in-der-hoelle\/#primaryimage"},"image":{"@id":"https:\/\/now-news.de\/de\/deutschland\/von-der-leyen-im-oeko-paradies-die-buerger-in-der-hoelle\/#primaryimage"},"thumbnailUrl":"https:\/\/now-news.de\/de\/wp-content\/uploads\/sites\/3\/Von-der-Leyen-im-Oeko-Paradies-die-Buerger-in-der-Hoelle.jpg","datePublished":"2026-04-21T10:57:22+00:00","dateModified":"2026-04-21T10:57:22+00:00","breadcrumb":{"@id":"https:\/\/now-news.de\/de\/deutschland\/von-der-leyen-im-oeko-paradies-die-buerger-in-der-hoelle\/#breadcrumb"},"inLanguage":"de","potentialAction":[{"@type":"ReadAction","target":["https:\/\/now-news.de\/de\/deutschland\/von-der-leyen-im-oeko-paradies-die-buerger-in-der-hoelle\/"]}]},{"@type":"ImageObject","inLanguage":"de","@id":"https:\/\/now-news.de\/de\/deutschland\/von-der-leyen-im-oeko-paradies-die-buerger-in-der-hoelle\/#primaryimage","url":"https:\/\/now-news.de\/de\/wp-content\/uploads\/sites\/3\/Von-der-Leyen-im-Oeko-Paradies-die-Buerger-in-der-Hoelle.jpg","contentUrl":"https:\/\/now-news.de\/de\/wp-content\/uploads\/sites\/3\/Von-der-Leyen-im-Oeko-Paradies-die-Buerger-in-der-Hoelle.jpg","caption":"Von der Leyen im \u00d6ko-Paradies, die B\u00fcrger in der H\u00f6lle?"},{"@type":"BreadcrumbList","@id":"https:\/\/now-news.de\/de\/deutschland\/von-der-leyen-im-oeko-paradies-die-buerger-in-der-hoelle\/#breadcrumb","itemListElement":[{"@type":"ListItem","position":1,"name":"Home","item":"https:\/\/now-news.de\/de\/"},{"@type":"ListItem","position":2,"name":"Von der Leyen im \u00d6ko-Paradies, die B\u00fcrger in der H\u00f6lle?"}]},{"@type":"WebSite","@id":"https:\/\/now-news.de\/de\/#website","url":"https:\/\/now-news.de\/de\/","name":"just-now.NEWS Deutschland","description":"Das Portal f\u00fcr unzensierte Nachrichten aus der Welt","publisher":{"@id":"https:\/\/now-news.de\/de\/#organization"},"potentialAction":[{"@type":"SearchAction","target":{"@type":"EntryPoint","urlTemplate":"https:\/\/now-news.de\/de\/?s={search_term_string}"},"query-input":"required name=search_term_string"}],"inLanguage":"de"},{"@type":"Organization","@id":"https:\/\/now-news.de\/de\/#organization","name":"Just Now News","url":"https:\/\/now-news.de\/de\/","logo":{"@type":"ImageObject","inLanguage":"de","@id":"https:\/\/now-news.de\/de\/#\/schema\/logo\/image\/","url":"http:\/\/just-now.news\/de\/wp-content\/uploads\/sites\/3\/2022\/04\/logo500x500.jpg","contentUrl":"http:\/\/just-now.news\/de\/wp-content\/uploads\/sites\/3\/2022\/04\/logo500x500.jpg","width":500,"height":500,"caption":"Just Now News"},"image":{"@id":"https:\/\/now-news.de\/de\/#\/schema\/logo\/image\/"},"sameAs":["https:\/\/www.facebook.com\/wirmachenauf","https:\/\/x.com\/WirMachenAuf_de"]},{"@type":"Person","@id":"https:\/\/now-news.de\/de\/#\/schema\/person\/fb534a4e865501d8b3285208df34a9b5","name":"rtnews","image":{"@type":"ImageObject","inLanguage":"de","@id":"https:\/\/now-news.de\/de\/#\/schema\/person\/image\/","url":"https:\/\/secure.gravatar.com\/avatar\/82aafea7d8127119dd649515f56e2117?s=96&d=mm&r=g","contentUrl":"https:\/\/secure.gravatar.com\/avatar\/82aafea7d8127119dd649515f56e2117?s=96&d=mm&r=g","caption":"rtnews"},"url":"https:\/\/now-news.de\/de\/author\/rnews\/"}]}},"_links":{"self":[{"href":"https:\/\/now-news.de\/de\/wp-json\/wp\/v2\/posts\/102048"}],"collection":[{"href":"https:\/\/now-news.de\/de\/wp-json\/wp\/v2\/posts"}],"about":[{"href":"https:\/\/now-news.de\/de\/wp-json\/wp\/v2\/types\/post"}],"author":[{"embeddable":true,"href":"https:\/\/now-news.de\/de\/wp-json\/wp\/v2\/users\/3"}],"replies":[{"embeddable":true,"href":"https:\/\/now-news.de\/de\/wp-json\/wp\/v2\/comments?post=102048"}],"version-history":[{"count":0,"href":"https:\/\/now-news.de\/de\/wp-json\/wp\/v2\/posts\/102048\/revisions"}],"wp:featuredmedia":[{"embeddable":true,"href":"https:\/\/now-news.de\/de\/wp-json\/wp\/v2\/media\/102049"}],"wp:attachment":[{"href":"https:\/\/now-news.de\/de\/wp-json\/wp\/v2\/media?parent=102048"}],"wp:term":[{"taxonomy":"category","embeddable":true,"href":"https:\/\/now-news.de\/de\/wp-json\/wp\/v2\/categories?post=102048"},{"taxonomy":"post_tag","embeddable":true,"href":"https:\/\/now-news.de\/de\/wp-json\/wp\/v2\/tags?post=102048"}],"curies":[{"name":"wp","href":"https:\/\/api.w.org\/{rel}","templated":true}]}}