{"id":102038,"date":"2026-04-21T10:06:18","date_gmt":"2026-04-21T08:06:18","guid":{"rendered":"https:\/\/now-news.de\/de\/deutschland\/personalwerbung-bundeswehr-auf-weltgroesster-fitnessmesse\/"},"modified":"2026-04-21T10:06:18","modified_gmt":"2026-04-21T08:06:18","slug":"personalwerbung-bundeswehr-auf-weltgroesster-fitnessmesse","status":"publish","type":"post","link":"https:\/\/now-news.de\/de\/deutschland\/personalwerbung-bundeswehr-auf-weltgroesster-fitnessmesse\/","title":{"rendered":"Personalwerbung: Bundeswehr auf weltgr\u00f6\u00dfter Fitnessmesse"},"content":{"rendered":"<p><img decoding=\"async\" src=\"https:\/\/now-news.de\/de\/wp-content\/uploads\/sites\/3\/2026\/04\/69e602a948fbef1c164e8ba0.jpg\" \/><\/p>\n<div class=\"Text-root Text-type_1 \">\n                Auf der weltweit gr\u00f6\u00dften Fitnessmesse FIBO in K\u00f6ln pr\u00e4sentierte sich die Bundeswehr auf eine 400 qm gro\u00dfen Werbefl\u00e4che. Zwischen den Anbietern von Fitnessger\u00e4ten und Eiwei\u00dfgetr\u00e4nken warb die Bundeswehr unter dem Messemotto &#8220;F\u00fcr eine starke und gesunde Gesellschaft&#8221; neue Rekruten an.\n            <\/div>\n<p><\/p>\n<div class=\"Text-root Text-type_5 ArticleView-text ViewText-root \">\n<p>Am Wochenende fand in K\u00f6ln die laut Medienberichten weltweit gr\u00f6\u00dfte <a rel=\"nofollow noopener\" target=\"_blank\" href=\"https:\/\/www.fibo.com\/germany\/de-de.html\">Fitness-Messe FIBO<\/a> statt. Unter dem Motto &#8220;F\u00fcr eine starke und gesunde Gesellschaft&#8221; stellten 955 Aussteller aus 56 L\u00e4ndern ihre Fitness-Angebote auf dem K\u00f6lner Messegel\u00e4nde vor. In der <a rel=\"nofollow noopener\" target=\"_blank\" href=\"https:\/\/www.fibo.com\/germany\/de-de.html\">Pr\u00e4sentation<\/a> der Veranstalter hie\u00df es:<\/p>\n<p><em>&#8220;Unsere Vision ist eine starke Fitnessbranche und eine gesunde Gesellschaft. Ein aktiver und ganzheitlich achtsamer Lebensstil ist wichtiger denn je und wird im Mittelpunkt der FIBO 2026 stehen.&#8221;<\/em><\/p>\n<p>Zudem gelte die FIBO seit 40 Jahren &#8220;als Hotspot f\u00fcr Innovationen, Investitionen und Trends rund um einen aktiven Lebensstil&#8221;. Hier werde die Zukunft der Gesundheit gestaltet. Dementsprechend versuchten die Anbieter von Sportger\u00e4ten, Fitnesstrainings und Eiwei\u00dfgetr\u00e4nken die rund 175.000 Messebesucher am Wochenende von ihren Produkten f\u00fcr ein ges\u00fcnderes Leben zu \u00fcberzeugen.<\/p>\n<p>Eine Institution betrachtet sich offenbar als besonders pr\u00e4destiniert f\u00fcr einen &#8220;aktiven und ganzheitlichen achtsamen Lebensstil&#8221;: Die Deutsche Bundeswehr. Sie hatte in diesem Jahr inmitten der Messehalle 10.2 auf 400 Quadratmetern den bisher gr\u00f6\u00dften Stand seit Beginn ihrer Pr\u00e4senz auf der FIBO vor sechs Jahren aufgebaut. Um dem sportlich-gesundheitlichem Motto der Messe gerecht zu werden, bot die Truppe an ihrem \u00fcberdimensionalen Stand Nahkampf\u00fcbungen an.\u00a0<\/p>\n<p>Auf der Werbefl\u00e4che der Bundeswehr konnten sich die Messe-Besucher an sechs Stationen milit\u00e4risch-sportlichen Herausforderungen stellen. Dar\u00fcber hinaus konnte man sich mitten in der K\u00f6lner Messe mit Milit\u00e4rfahrzeugen fotografieren lassen, oder in einen gepanzerten Dingo setzen, <a rel=\"nofollow noopener\" target=\"_blank\" href=\"https:\/\/www.wa.de\/nordrhein-westfalen\/bundeswehr-sucht-auf-fibo-in-koeln-nachwuchs-nrw-wehrdienst-94267597.html\">berichtete<\/a> der <em>Westf\u00e4lische Anzeiger<\/em>\u00a0<em>(WA)<\/em> am Sonntag. Mit insgesamt 90 &#8220;Kameradinnen und Kameraden&#8221; habe die Truppe den Messestand betreut.<\/p>\n<p>Aber w\u00e4hrend andere Aussteller ihre Fitnessprodukte an den Mann bringen wollten, ging es der Bundeswehr darum &#8220;den Mann&#8221; \u2013 und die Frau \u2013 an die Bundeswehr bringen.\u00a0Messestandleiter und Oberleutnant Peter erkl\u00e4rte das Motiv der Bundeswehr auf der Fitnessmesse:<\/p>\n<p><em>&#8220;Wir sind hier, um Personalwerbung und \u00d6ffentlichkeitsarbeit zu betreiben.&#8221;<\/em><\/p>\n<p>Die Mission bestehe darin, &#8220;junge, motivierte und fitte Menschen f\u00fcr die Bundeswehr als Arbeitgeber zu begeistern.&#8221;\u00a0<\/p>\n<p>Die Bundeswehr-Karriereberaterin Jenny informierte Messebesucher dar\u00fcber, was die\u00a0Truppe alles zu bieten habe. Auf der Messe erlebe sie ein gro\u00dfes Interesse an den Angeboten. Der Stand werde von den Besuchern gut angenommen. Dazu f\u00fchrte sie aus:<\/p>\n<p><em>&#8220;Hier sieht man einfach, dass die Leute Bock haben, die Bundeswehr anzufassen.&#8221;<\/em><\/p>\n<p>Auf der Messe bestehe ihre Aufgabe darin, interessierte Personen zum Ausf\u00fcllen von Karrierekarten zu motivieren. Nach der Messe w\u00fcrden die Leute kontaktiert. Der leitende Offizier erkl\u00e4rte, auf der FIBO habe man mittlerweile Hunderte Menschen &#8220;vom Arbeitgeber Bundeswehr \u00fcberzeugt.&#8221;<\/p>\n<p>Zus\u00e4tzliche Soldaten habe die Bundeswehr n\u00f6tig, kommentierte der\u00a0<em>WA<\/em> die Bundeswehrpr\u00e4sentation auf der Fitnessmesse. In der Zeitung hie\u00df es:\u00a0<\/p>\n<p><em>&#8220;Das von Verteidigungsminister Boris Pistorius gew\u00fcnschte &#8216;Aufwachsen der Truppe&#8217; stockt weiterhin. Angesichts der weltpolitischen Lage und immer wieder neu aufflammender Konflikte bleibt die Personaldecke beim Bund weiter bedenklich d\u00fcnn.&#8221;\u00a0<\/em><\/p>\n<p>Der Messeveranstaltung bewarb die Ausstellung unter anderem mit dem Versprechen, dass ein Besuch der Messe das Leben ver\u00e4ndern werde. Auf der Messe k\u00f6nne man\u00a0&#8220;Produktpr\u00e4sentationen entdecken, die Ihr Gesch\u00e4ft und Ihr Leben ver\u00e4ndern werden.&#8221;<\/p>\n<p><strong>Mehr zum Thema &#8211;<\/strong>\u00a0<a rel=\"nofollow noopener\" target=\"_blank\" href=\"https:\/\/dert.online\/europa\/276440-moskau-warnt-vor-deutschlands-militaeraufruestung\/\">&#8220;Es endete in einer Trag\u00f6die f\u00fcr die Menschheit&#8221;: Moskau warnt vor Milit\u00e4raufr\u00fcstung Deutschlands <\/a><\/p>\n<div class=\"EmbedBlock-root EmbedBlock-externalVideo EmbedBlock-rumble\">\n<div class=\"VkEmbed\"><iframe class=\"lazyload\" data-src=\"https:\/\/rumble.com\/embed\/v76j602\" frameborder=\"0\" width=\"853\" height=\"480\" allowfullscreen><\/iframe><\/div>\n<\/div>\n<\/div>\n<p><br \/>\n<br \/><a href=\"https:\/\/de.rt.com\/inland\/277686-bundeswehr-ausstellung-auf-fitnessmesse-fuer\/\">Source link <\/a><\/p>\n","protected":false},"excerpt":{"rendered":"<p>Auf der weltweit gr\u00f6\u00dften Fitnessmesse FIBO in K\u00f6ln pr\u00e4sentierte sich die Bundeswehr auf eine 400 qm gro\u00dfen Werbefl\u00e4che. Zwischen den Anbietern von Fitnessger\u00e4ten und Eiwei\u00dfgetr\u00e4nken warb die Bundeswehr unter dem Messemotto &#8220;F\u00fcr eine starke und gesunde Gesellschaft&#8221; neue Rekruten an. Am Wochenende fand in K\u00f6ln die laut Medienberichten weltweit gr\u00f6\u00dfte Fitness-Messe FIBO statt. Unter dem [&hellip;]<\/p>\n","protected":false},"author":3,"featured_media":102039,"comment_status":"open","ping_status":"open","sticky":false,"template":"","format":"standard","meta":{"_yoast_indexnow_last_ping":["1776759734"],"wp_automatic_camp":["217"],"552fe5da340050a315d3f3ae87a1b374":["Personalwerbung: Bundeswehr auf weltgr\u00f6\u00dfter Fitnessmesse"],"original_link":["https:\/\/de.rt.com\/inland\/277686-bundeswehr-ausstellung-auf-fitnessmesse-fuer\/"],"_thumbnail_id":["102039"],"jnews_social_counter_last_update":["1777495166"],"_wptgpro_p2tg_sent2tg":["a:1:{i:23737;s:19:\"2026-04-21 10:23:15\";}"]},"categories":[19,23],"tags":[133,12292,72514,72513,36428],"yoast_head":"<!-- This site is optimized with the Yoast SEO Premium plugin v22.7 (Yoast SEO v22.7) - https:\/\/yoast.com\/wordpress\/plugins\/seo\/ -->\n<title>Personalwerbung: Bundeswehr auf weltgr\u00f6\u00dfter Fitnessmesse - just-now.NEWS Deutschland<\/title>\n<meta name=\"robots\" content=\"index, follow, max-snippet:-1, max-image-preview:large, max-video-preview:-1\" \/>\n<link rel=\"canonical\" href=\"https:\/\/now-news.de\/de\/deutschland\/personalwerbung-bundeswehr-auf-weltgroesster-fitnessmesse\/\" \/>\n<meta property=\"og:locale\" content=\"de_DE\" \/>\n<meta property=\"og:type\" content=\"article\" \/>\n<meta property=\"og:title\" content=\"Personalwerbung: Bundeswehr auf weltgr\u00f6\u00dfter Fitnessmesse\" \/>\n<meta property=\"og:description\" content=\"Auf der weltweit gr\u00f6\u00dften Fitnessmesse FIBO in K\u00f6ln pr\u00e4sentierte sich die Bundeswehr auf eine 400 qm gro\u00dfen Werbefl\u00e4che. Zwischen den Anbietern von Fitnessger\u00e4ten und Eiwei\u00dfgetr\u00e4nken warb die Bundeswehr unter dem Messemotto &#8220;F\u00fcr eine starke und gesunde Gesellschaft&#8221; neue Rekruten an. Am Wochenende fand in K\u00f6ln die laut Medienberichten weltweit gr\u00f6\u00dfte Fitness-Messe FIBO statt. Unter dem [&hellip;]\" \/>\n<meta property=\"og:url\" content=\"https:\/\/now-news.de\/de\/deutschland\/personalwerbung-bundeswehr-auf-weltgroesster-fitnessmesse\/\" \/>\n<meta property=\"og:site_name\" content=\"just-now.NEWS Deutschland\" \/>\n<meta property=\"article:publisher\" content=\"https:\/\/www.facebook.com\/wirmachenauf\" \/>\n<meta property=\"article:published_time\" content=\"2026-04-21T08:06:18+00:00\" \/>\n<meta property=\"og:image\" content=\"https:\/\/now-news.de\/de\/wp-content\/uploads\/sites\/3\/2026\/04\/69e602a948fbef1c164e8ba0.jpg\" \/>\n<meta name=\"author\" content=\"rtnews\" \/>\n<meta name=\"twitter:card\" content=\"summary_large_image\" \/>\n<meta name=\"twitter:creator\" content=\"@WirMachenAuf_de\" \/>\n<meta name=\"twitter:site\" content=\"@WirMachenAuf_de\" \/>\n<meta name=\"twitter:label1\" content=\"Verfasst von\" \/>\n\t<meta name=\"twitter:data1\" content=\"rtnews\" \/>\n\t<meta name=\"twitter:label2\" content=\"Gesch\u00e4tzte Lesezeit\" \/>\n\t<meta name=\"twitter:data2\" content=\"3\u00a0Minuten\" \/>\n<script type=\"application\/ld+json\" class=\"yoast-schema-graph\">{\"@context\":\"https:\/\/schema.org\",\"@graph\":[{\"@type\":\"Article\",\"@id\":\"https:\/\/now-news.de\/de\/deutschland\/personalwerbung-bundeswehr-auf-weltgroesster-fitnessmesse\/#article\",\"isPartOf\":{\"@id\":\"https:\/\/now-news.de\/de\/deutschland\/personalwerbung-bundeswehr-auf-weltgroesster-fitnessmesse\/\"},\"author\":{\"name\":\"rtnews\",\"@id\":\"https:\/\/now-news.de\/de\/#\/schema\/person\/fb534a4e865501d8b3285208df34a9b5\"},\"headline\":\"Personalwerbung: Bundeswehr auf weltgr\u00f6\u00dfter Fitnessmesse\",\"datePublished\":\"2026-04-21T08:06:18+00:00\",\"dateModified\":\"2026-04-21T08:06:18+00:00\",\"mainEntityOfPage\":{\"@id\":\"https:\/\/now-news.de\/de\/deutschland\/personalwerbung-bundeswehr-auf-weltgroesster-fitnessmesse\/\"},\"wordCount\":580,\"commentCount\":0,\"publisher\":{\"@id\":\"https:\/\/now-news.de\/de\/#organization\"},\"image\":{\"@id\":\"https:\/\/now-news.de\/de\/deutschland\/personalwerbung-bundeswehr-auf-weltgroesster-fitnessmesse\/#primaryimage\"},\"thumbnailUrl\":\"https:\/\/now-news.de\/de\/wp-content\/uploads\/sites\/3\/Personalwerbung-Bundeswehr-auf-weltgroesster-Fitnessmesse.jpg\",\"keywords\":[\"AUF\",\"Bundeswehr\",\"Fitnessmesse\",\"Personalwerbung\",\"weltgr\u00f6\u00dfter\"],\"articleSection\":[\"Deutschland\",\"Russland\"],\"inLanguage\":\"de\",\"potentialAction\":[{\"@type\":\"CommentAction\",\"name\":\"Comment\",\"target\":[\"https:\/\/now-news.de\/de\/deutschland\/personalwerbung-bundeswehr-auf-weltgroesster-fitnessmesse\/#respond\"]}]},{\"@type\":\"WebPage\",\"@id\":\"https:\/\/now-news.de\/de\/deutschland\/personalwerbung-bundeswehr-auf-weltgroesster-fitnessmesse\/\",\"url\":\"https:\/\/now-news.de\/de\/deutschland\/personalwerbung-bundeswehr-auf-weltgroesster-fitnessmesse\/\",\"name\":\"Personalwerbung: Bundeswehr auf weltgr\u00f6\u00dfter Fitnessmesse - just-now.NEWS Deutschland\",\"isPartOf\":{\"@id\":\"https:\/\/now-news.de\/de\/#website\"},\"primaryImageOfPage\":{\"@id\":\"https:\/\/now-news.de\/de\/deutschland\/personalwerbung-bundeswehr-auf-weltgroesster-fitnessmesse\/#primaryimage\"},\"image\":{\"@id\":\"https:\/\/now-news.de\/de\/deutschland\/personalwerbung-bundeswehr-auf-weltgroesster-fitnessmesse\/#primaryimage\"},\"thumbnailUrl\":\"https:\/\/now-news.de\/de\/wp-content\/uploads\/sites\/3\/Personalwerbung-Bundeswehr-auf-weltgroesster-Fitnessmesse.jpg\",\"datePublished\":\"2026-04-21T08:06:18+00:00\",\"dateModified\":\"2026-04-21T08:06:18+00:00\",\"breadcrumb\":{\"@id\":\"https:\/\/now-news.de\/de\/deutschland\/personalwerbung-bundeswehr-auf-weltgroesster-fitnessmesse\/#breadcrumb\"},\"inLanguage\":\"de\",\"potentialAction\":[{\"@type\":\"ReadAction\",\"target\":[\"https:\/\/now-news.de\/de\/deutschland\/personalwerbung-bundeswehr-auf-weltgroesster-fitnessmesse\/\"]}]},{\"@type\":\"ImageObject\",\"inLanguage\":\"de\",\"@id\":\"https:\/\/now-news.de\/de\/deutschland\/personalwerbung-bundeswehr-auf-weltgroesster-fitnessmesse\/#primaryimage\",\"url\":\"https:\/\/now-news.de\/de\/wp-content\/uploads\/sites\/3\/Personalwerbung-Bundeswehr-auf-weltgroesster-Fitnessmesse.jpg\",\"contentUrl\":\"https:\/\/now-news.de\/de\/wp-content\/uploads\/sites\/3\/Personalwerbung-Bundeswehr-auf-weltgroesster-Fitnessmesse.jpg\",\"caption\":\"Personalwerbung: Bundeswehr auf weltgr\u00f6\u00dfter Fitnessmesse\"},{\"@type\":\"BreadcrumbList\",\"@id\":\"https:\/\/now-news.de\/de\/deutschland\/personalwerbung-bundeswehr-auf-weltgroesster-fitnessmesse\/#breadcrumb\",\"itemListElement\":[{\"@type\":\"ListItem\",\"position\":1,\"name\":\"Home\",\"item\":\"https:\/\/now-news.de\/de\/\"},{\"@type\":\"ListItem\",\"position\":2,\"name\":\"Personalwerbung: Bundeswehr auf weltgr\u00f6\u00dfter Fitnessmesse\"}]},{\"@type\":\"WebSite\",\"@id\":\"https:\/\/now-news.de\/de\/#website\",\"url\":\"https:\/\/now-news.de\/de\/\",\"name\":\"just-now.NEWS Deutschland\",\"description\":\"Das Portal f\u00fcr unzensierte Nachrichten aus der Welt\",\"publisher\":{\"@id\":\"https:\/\/now-news.de\/de\/#organization\"},\"potentialAction\":[{\"@type\":\"SearchAction\",\"target\":{\"@type\":\"EntryPoint\",\"urlTemplate\":\"https:\/\/now-news.de\/de\/?s={search_term_string}\"},\"query-input\":\"required name=search_term_string\"}],\"inLanguage\":\"de\"},{\"@type\":\"Organization\",\"@id\":\"https:\/\/now-news.de\/de\/#organization\",\"name\":\"Just Now News\",\"url\":\"https:\/\/now-news.de\/de\/\",\"logo\":{\"@type\":\"ImageObject\",\"inLanguage\":\"de\",\"@id\":\"https:\/\/now-news.de\/de\/#\/schema\/logo\/image\/\",\"url\":\"http:\/\/just-now.news\/de\/wp-content\/uploads\/sites\/3\/2022\/04\/logo500x500.jpg\",\"contentUrl\":\"http:\/\/just-now.news\/de\/wp-content\/uploads\/sites\/3\/2022\/04\/logo500x500.jpg\",\"width\":500,\"height\":500,\"caption\":\"Just Now News\"},\"image\":{\"@id\":\"https:\/\/now-news.de\/de\/#\/schema\/logo\/image\/\"},\"sameAs\":[\"https:\/\/www.facebook.com\/wirmachenauf\",\"https:\/\/x.com\/WirMachenAuf_de\"]},{\"@type\":\"Person\",\"@id\":\"https:\/\/now-news.de\/de\/#\/schema\/person\/fb534a4e865501d8b3285208df34a9b5\",\"name\":\"rtnews\",\"image\":{\"@type\":\"ImageObject\",\"inLanguage\":\"de\",\"@id\":\"https:\/\/now-news.de\/de\/#\/schema\/person\/image\/\",\"url\":\"https:\/\/secure.gravatar.com\/avatar\/82aafea7d8127119dd649515f56e2117?s=96&d=mm&r=g\",\"contentUrl\":\"https:\/\/secure.gravatar.com\/avatar\/82aafea7d8127119dd649515f56e2117?s=96&d=mm&r=g\",\"caption\":\"rtnews\"},\"url\":\"https:\/\/now-news.de\/de\/author\/rnews\/\"}]}<\/script>\n<!-- \/ Yoast SEO Premium plugin. -->","yoast_head_json":{"title":"Personalwerbung: Bundeswehr auf weltgr\u00f6\u00dfter Fitnessmesse - just-now.NEWS Deutschland","robots":{"index":"index","follow":"follow","max-snippet":"max-snippet:-1","max-image-preview":"max-image-preview:large","max-video-preview":"max-video-preview:-1"},"canonical":"https:\/\/now-news.de\/de\/deutschland\/personalwerbung-bundeswehr-auf-weltgroesster-fitnessmesse\/","og_locale":"de_DE","og_type":"article","og_title":"Personalwerbung: Bundeswehr auf weltgr\u00f6\u00dfter Fitnessmesse","og_description":"Auf der weltweit gr\u00f6\u00dften Fitnessmesse FIBO in K\u00f6ln pr\u00e4sentierte sich die Bundeswehr auf eine 400 qm gro\u00dfen Werbefl\u00e4che. Zwischen den Anbietern von Fitnessger\u00e4ten und Eiwei\u00dfgetr\u00e4nken warb die Bundeswehr unter dem Messemotto &#8220;F\u00fcr eine starke und gesunde Gesellschaft&#8221; neue Rekruten an. Am Wochenende fand in K\u00f6ln die laut Medienberichten weltweit gr\u00f6\u00dfte Fitness-Messe FIBO statt. Unter dem [&hellip;]","og_url":"https:\/\/now-news.de\/de\/deutschland\/personalwerbung-bundeswehr-auf-weltgroesster-fitnessmesse\/","og_site_name":"just-now.NEWS Deutschland","article_publisher":"https:\/\/www.facebook.com\/wirmachenauf","article_published_time":"2026-04-21T08:06:18+00:00","og_image":[{"url":"https:\/\/now-news.de\/de\/wp-content\/uploads\/sites\/3\/2026\/04\/69e602a948fbef1c164e8ba0.jpg"}],"author":"rtnews","twitter_card":"summary_large_image","twitter_creator":"@WirMachenAuf_de","twitter_site":"@WirMachenAuf_de","twitter_misc":{"Verfasst von":"rtnews","Gesch\u00e4tzte Lesezeit":"3\u00a0Minuten"},"schema":{"@context":"https:\/\/schema.org","@graph":[{"@type":"Article","@id":"https:\/\/now-news.de\/de\/deutschland\/personalwerbung-bundeswehr-auf-weltgroesster-fitnessmesse\/#article","isPartOf":{"@id":"https:\/\/now-news.de\/de\/deutschland\/personalwerbung-bundeswehr-auf-weltgroesster-fitnessmesse\/"},"author":{"name":"rtnews","@id":"https:\/\/now-news.de\/de\/#\/schema\/person\/fb534a4e865501d8b3285208df34a9b5"},"headline":"Personalwerbung: Bundeswehr auf weltgr\u00f6\u00dfter Fitnessmesse","datePublished":"2026-04-21T08:06:18+00:00","dateModified":"2026-04-21T08:06:18+00:00","mainEntityOfPage":{"@id":"https:\/\/now-news.de\/de\/deutschland\/personalwerbung-bundeswehr-auf-weltgroesster-fitnessmesse\/"},"wordCount":580,"commentCount":0,"publisher":{"@id":"https:\/\/now-news.de\/de\/#organization"},"image":{"@id":"https:\/\/now-news.de\/de\/deutschland\/personalwerbung-bundeswehr-auf-weltgroesster-fitnessmesse\/#primaryimage"},"thumbnailUrl":"https:\/\/now-news.de\/de\/wp-content\/uploads\/sites\/3\/Personalwerbung-Bundeswehr-auf-weltgroesster-Fitnessmesse.jpg","keywords":["AUF","Bundeswehr","Fitnessmesse","Personalwerbung","weltgr\u00f6\u00dfter"],"articleSection":["Deutschland","Russland"],"inLanguage":"de","potentialAction":[{"@type":"CommentAction","name":"Comment","target":["https:\/\/now-news.de\/de\/deutschland\/personalwerbung-bundeswehr-auf-weltgroesster-fitnessmesse\/#respond"]}]},{"@type":"WebPage","@id":"https:\/\/now-news.de\/de\/deutschland\/personalwerbung-bundeswehr-auf-weltgroesster-fitnessmesse\/","url":"https:\/\/now-news.de\/de\/deutschland\/personalwerbung-bundeswehr-auf-weltgroesster-fitnessmesse\/","name":"Personalwerbung: Bundeswehr auf weltgr\u00f6\u00dfter Fitnessmesse - just-now.NEWS Deutschland","isPartOf":{"@id":"https:\/\/now-news.de\/de\/#website"},"primaryImageOfPage":{"@id":"https:\/\/now-news.de\/de\/deutschland\/personalwerbung-bundeswehr-auf-weltgroesster-fitnessmesse\/#primaryimage"},"image":{"@id":"https:\/\/now-news.de\/de\/deutschland\/personalwerbung-bundeswehr-auf-weltgroesster-fitnessmesse\/#primaryimage"},"thumbnailUrl":"https:\/\/now-news.de\/de\/wp-content\/uploads\/sites\/3\/Personalwerbung-Bundeswehr-auf-weltgroesster-Fitnessmesse.jpg","datePublished":"2026-04-21T08:06:18+00:00","dateModified":"2026-04-21T08:06:18+00:00","breadcrumb":{"@id":"https:\/\/now-news.de\/de\/deutschland\/personalwerbung-bundeswehr-auf-weltgroesster-fitnessmesse\/#breadcrumb"},"inLanguage":"de","potentialAction":[{"@type":"ReadAction","target":["https:\/\/now-news.de\/de\/deutschland\/personalwerbung-bundeswehr-auf-weltgroesster-fitnessmesse\/"]}]},{"@type":"ImageObject","inLanguage":"de","@id":"https:\/\/now-news.de\/de\/deutschland\/personalwerbung-bundeswehr-auf-weltgroesster-fitnessmesse\/#primaryimage","url":"https:\/\/now-news.de\/de\/wp-content\/uploads\/sites\/3\/Personalwerbung-Bundeswehr-auf-weltgroesster-Fitnessmesse.jpg","contentUrl":"https:\/\/now-news.de\/de\/wp-content\/uploads\/sites\/3\/Personalwerbung-Bundeswehr-auf-weltgroesster-Fitnessmesse.jpg","caption":"Personalwerbung: Bundeswehr auf weltgr\u00f6\u00dfter Fitnessmesse"},{"@type":"BreadcrumbList","@id":"https:\/\/now-news.de\/de\/deutschland\/personalwerbung-bundeswehr-auf-weltgroesster-fitnessmesse\/#breadcrumb","itemListElement":[{"@type":"ListItem","position":1,"name":"Home","item":"https:\/\/now-news.de\/de\/"},{"@type":"ListItem","position":2,"name":"Personalwerbung: Bundeswehr auf weltgr\u00f6\u00dfter Fitnessmesse"}]},{"@type":"WebSite","@id":"https:\/\/now-news.de\/de\/#website","url":"https:\/\/now-news.de\/de\/","name":"just-now.NEWS Deutschland","description":"Das Portal f\u00fcr unzensierte Nachrichten aus der Welt","publisher":{"@id":"https:\/\/now-news.de\/de\/#organization"},"potentialAction":[{"@type":"SearchAction","target":{"@type":"EntryPoint","urlTemplate":"https:\/\/now-news.de\/de\/?s={search_term_string}"},"query-input":"required name=search_term_string"}],"inLanguage":"de"},{"@type":"Organization","@id":"https:\/\/now-news.de\/de\/#organization","name":"Just Now News","url":"https:\/\/now-news.de\/de\/","logo":{"@type":"ImageObject","inLanguage":"de","@id":"https:\/\/now-news.de\/de\/#\/schema\/logo\/image\/","url":"http:\/\/just-now.news\/de\/wp-content\/uploads\/sites\/3\/2022\/04\/logo500x500.jpg","contentUrl":"http:\/\/just-now.news\/de\/wp-content\/uploads\/sites\/3\/2022\/04\/logo500x500.jpg","width":500,"height":500,"caption":"Just Now News"},"image":{"@id":"https:\/\/now-news.de\/de\/#\/schema\/logo\/image\/"},"sameAs":["https:\/\/www.facebook.com\/wirmachenauf","https:\/\/x.com\/WirMachenAuf_de"]},{"@type":"Person","@id":"https:\/\/now-news.de\/de\/#\/schema\/person\/fb534a4e865501d8b3285208df34a9b5","name":"rtnews","image":{"@type":"ImageObject","inLanguage":"de","@id":"https:\/\/now-news.de\/de\/#\/schema\/person\/image\/","url":"https:\/\/secure.gravatar.com\/avatar\/82aafea7d8127119dd649515f56e2117?s=96&d=mm&r=g","contentUrl":"https:\/\/secure.gravatar.com\/avatar\/82aafea7d8127119dd649515f56e2117?s=96&d=mm&r=g","caption":"rtnews"},"url":"https:\/\/now-news.de\/de\/author\/rnews\/"}]}},"_links":{"self":[{"href":"https:\/\/now-news.de\/de\/wp-json\/wp\/v2\/posts\/102038"}],"collection":[{"href":"https:\/\/now-news.de\/de\/wp-json\/wp\/v2\/posts"}],"about":[{"href":"https:\/\/now-news.de\/de\/wp-json\/wp\/v2\/types\/post"}],"author":[{"embeddable":true,"href":"https:\/\/now-news.de\/de\/wp-json\/wp\/v2\/users\/3"}],"replies":[{"embeddable":true,"href":"https:\/\/now-news.de\/de\/wp-json\/wp\/v2\/comments?post=102038"}],"version-history":[{"count":0,"href":"https:\/\/now-news.de\/de\/wp-json\/wp\/v2\/posts\/102038\/revisions"}],"wp:featuredmedia":[{"embeddable":true,"href":"https:\/\/now-news.de\/de\/wp-json\/wp\/v2\/media\/102039"}],"wp:attachment":[{"href":"https:\/\/now-news.de\/de\/wp-json\/wp\/v2\/media?parent=102038"}],"wp:term":[{"taxonomy":"category","embeddable":true,"href":"https:\/\/now-news.de\/de\/wp-json\/wp\/v2\/categories?post=102038"},{"taxonomy":"post_tag","embeddable":true,"href":"https:\/\/now-news.de\/de\/wp-json\/wp\/v2\/tags?post=102038"}],"curies":[{"name":"wp","href":"https:\/\/api.w.org\/{rel}","templated":true}]}}