{"id":102032,"date":"2026-04-21T07:00:00","date_gmt":"2026-04-21T05:00:00","guid":{"rendered":"https:\/\/now-news.de\/de\/deutschland\/schweizer-tourismus-leidet-gaeste-aus-asien-und-den-golfstaaten-fehlen\/"},"modified":"2026-04-21T07:00:00","modified_gmt":"2026-04-21T05:00:00","slug":"schweizer-tourismus-leidet-gaeste-aus-asien-und-den-golfstaaten-fehlen","status":"publish","type":"post","link":"https:\/\/now-news.de\/de\/deutschland\/schweizer-tourismus-leidet-gaeste-aus-asien-und-den-golfstaaten-fehlen\/","title":{"rendered":"Schweizer Tourismus leidet: G\u00e4ste aus Asien und den Golfstaaten fehlen"},"content":{"rendered":"<div class=\"Text-root Text-type_1 \">\n                Der Iran-Konflikt wirkt sich sp\u00fcrbar auf den Schweizer Tourismus aus. Besonders G\u00e4ste aus Asien und den Golfstaaten sagen Reisen ab oder buchen weniger, da Flugverbindungen \u00fcber Drehkreuze im Nahen Osten eingeschr\u00e4nkt sind und Unsicherheit herrscht.\n            <\/div>\n<p><\/p>\n<div class=\"Text-root Text-type_5 ArticleView-text ViewText-root \">\n<p data-start=\"195\" data-end=\"635\">Der anhaltende Iran-Konflikt wirkt sich zunehmend auf den Schweizer Tourismus aus. Besonders deutlich zeigt sich dies bei G\u00e4sten aus Asien sowie aus den Golfstaaten, die traditionell eine wichtige Rolle f\u00fcr St\u00e4dte wie Z\u00fcrich, Luzern oder touristische Regionen in den Alpen spielen.<\/p>\n<p data-start=\"195\" data-end=\"635\">Laut Branchenvertretern bremsen Flugausf\u00e4lle, ver\u00e4nderte Routen \u00fcber Drehkreuze im Nahen Osten und eine allgemeine Verunsicherung die Reiset\u00e4tigkeit deutlich.<\/p>\n<p data-start=\"637\" data-end=\"1040\">Schweiz Tourismus berichtet von einer sp\u00fcrbaren Zunahme von Stornierungen im M\u00e4rz sowie von einer r\u00fcckl\u00e4ufigen Dynamik bei Neubuchungen. Betroffen seien insbesondere Fernm\u00e4rkte in Indien, S\u00fcdostasien und den arabischen Staaten.<\/p>\n<p data-start=\"0\" data-end=\"187\">Die Unsicherheit im internationalen Luftverkehr f\u00fchrt dazu, dass selbst in der traditionell starken Sommer- und Herbstsaison viele Reisen vorsichtiger geplant oder ganz verschoben werden.<\/p>\n<p data-start=\"189\" data-end=\"372\">In Z\u00fcrich sind die Folgen bereits deutlich im touristischen Alltag sichtbar. Nach Angaben von Z\u00fcrich Tourismus wurde der R\u00fcckgang ausl\u00e4ndischer Besucher erstmals im M\u00e4rz klar erfasst.<\/p>\n<p data-start=\"374\" data-end=\"563\">R\u00fcckmeldungen aus Gastronomie, Einzelhandel und Hotellerie weisen auf merkliche Umsatzeinbu\u00dfen hin, besonders bei internationalen Laufkunden sowie im gehobenen Segment der Stadthotellerie.<\/p>\n<p data-start=\"565\" data-end=\"913\">Auch in der Zentralschweiz zeigt sich ein \u00e4hnliches Bild. In Luzern berichten laut Branchenangaben rund zwei Drittel der Betriebe von einer schw\u00e4cheren Buchungslage. Besonders betroffen sind Hotels, die stark auf Gruppenreisen aus Asien und auf G\u00e4ste aus den Golfstaaten ausgerichtet sind, die \u00fcblicherweise hohe Ausgaben pro Aufenthalt generieren.<\/p>\n<p data-start=\"915\" data-end=\"1139\">Die Situation trifft eine Branche, die sich nach den Pandemiejahren gerade erst wieder stabilisiert hatte. Zwar sorgen europ\u00e4ische Reisende f\u00fcr eine gewisse Grundauslastung, doch bleibt die L\u00fccke im Fernreisemarkt deutlich sp\u00fcrbar.<\/p>\n<figure class=\"RTImage-root\">\n<div class=\"RTImage-image RTImage-original\"><picture class=\"Picture-root Picture-original\"><!--[if IE 9]><video style=\"display: none;\"><![endif]--><source media=\"(-webkit-min-device-pixel-ratio: 2) and (min-resolution: 120dpi)\" data-srcset=\" \nhttps:\/\/now-news.de\/de\/wp-content\/uploads\/sites\/3\/2026\/04\/69e5e02f48fbef1c164e8b7e.jpg 850w,\n                https:\/\/now-news.de\/de\/wp-content\/uploads\/sites\/3\/2026\/04\/69e5e02f48fbef1c164e8b7e.jpg 1960w,            \" ><source data-srcset=\" \nhttps:\/\/now-news.de\/de\/wp-content\/uploads\/sites\/3\/2026\/04\/69e5e02f48fbef1c164e8b7e.jpg 460w,\n              https:\/\/now-news.de\/de\/wp-content\/uploads\/sites\/3\/2026\/04\/69e5e02f48fbef1c164e8b7e.jpg 980w,\n            \" ><!--[if IE 9]><\/video><![endif]--><img decoding=\"async\" data- src=\"data:image\/png;base64,iVBORw0KGgoAAAANSUhEUgAAABAAAAAJCAQAAACRI2S5AAAAEElEQVR42mNkIAAYRxWAAQAG9gAKqv6+AwAAAABJRU5ErkJggg==\" class=\"Picture-root Picture-original lazyload\" data-src=\"https:\/\/now-news.de\/de\/wp-content\/uploads\/sites\/3\/2026\/04\/69e5e02f48fbef1c164e8b7e.jpg\" alt=\"\"><\/source><\/source><\/picture><!-- noscript pattern --><noscript><img decoding=\"async\" src=\"https:\/\/now-news.de\/de\/wp-content\/uploads\/sites\/3\/2026\/04\/69e5e02f48fbef1c164e8b7e.jpg\" alt=\"\"><\/noscript><\/div><figcaption class=\"RTImage-footer\"><span class=\"RTImage-caption\"><span class=\"RTImage-captionItem\">Schweizer Medien: Edelweiss streicht mehrere Fl\u00fcge in die USA und den Oman<\/span><\/span><span class=\"RTImage-source\"><span class=\"RTImage-captionItem\">Natalia Seliverstova<\/span><span class=\"RTImage-captionItem\"> \/ Sputnik<\/span><\/span><\/figcaption><\/figure>\n<p data-start=\"1141\" data-end=\"1495\">Auch einzelne Anbieter reagieren bereits auf die ver\u00e4nderte Nachfrage. So reduziert die Schweizer Ferienfluggesellschaft Edelweiss ihr Angebot auf mehreren Nordamerika-Strecken und streicht etwa die Verbindungen von Z\u00fcrich nach Denver und Seattle aus dem Sommerflugplan 2026. Zudem werden die Frequenzen nach Las Vegas im Fr\u00fch- und Sp\u00e4tsommer verringert.<\/p>\n<p data-start=\"1497\" data-end=\"1885\">Als Gr\u00fcnde nennt das Unternehmen eine schw\u00e4chere Nachfrage auf einzelnen Routen, gestiegene Betriebskosten im Zusammenhang mit der geopolitischen Lage im Nahen Osten sowie eine generell zur\u00fcckhaltendere Reisebereitschaft. Betroffene Passagiere werden umgebucht oder erhalten eine R\u00fcckerstattung, w\u00e4hrend andere USA-Destinationen weiterhin bedient werden, jedoch mit reduzierter Kapazit\u00e4t.<\/p>\n<p data-start=\"1887\" data-end=\"2093\" data-is-last-node=\"\" data-is-only-node=\"\">Branchenkreise gehen davon aus, dass anhaltende geopolitische Spannungen und die daraus resultierende Unsicherheit den Erholungsprozess des internationalen Tourismus in der Schweiz weiter verz\u00f6gern k\u00f6nnten.<\/p>\n<p data-start=\"1750\" data-end=\"2158\" data-is-last-node=\"\" data-is-only-node=\"\"><strong>Mehr zum Thema<\/strong>\u00a0\u2012\u00a0<a rel=\"nofollow noopener\" target=\"_blank\" href=\"https:\/\/freedert.online\/schweiz\/195522-bevoelkerungsexplosion-in-zuerich-aussergewoehnlich-starke\/\">Z\u00fcrich platzt aus den N\u00e4hten \u2013 durch Zuwanderung vor allem aus der Ukraine<\/a><\/p>\n<div class=\"EmbedBlock-root EmbedBlock-externalVideo EmbedBlock-rumble\">\n<div class=\"VkEmbed\"><iframe class=\"lazyload\" data-src=\"https:\/\/rumble.com\/embed\/v3lx4m2\" frameborder=\"0\" width=\"853\" height=\"480\" allowfullscreen><\/iframe><\/div>\n<\/div>\n<\/div>\n<p><br \/>\n<br \/><a href=\"https:\/\/de.rt.com\/schweiz\/277669-iran-konflikt-belastet-schweizer-tourismus\/\">Source link <\/a><\/p>\n","protected":false},"excerpt":{"rendered":"<p>Der Iran-Konflikt wirkt sich sp\u00fcrbar auf den Schweizer Tourismus aus. Besonders G\u00e4ste aus Asien und den Golfstaaten sagen Reisen ab oder buchen weniger, da Flugverbindungen \u00fcber Drehkreuze im Nahen Osten eingeschr\u00e4nkt sind und Unsicherheit herrscht. Der anhaltende Iran-Konflikt wirkt sich zunehmend auf den Schweizer Tourismus aus. Besonders deutlich zeigt sich dies bei G\u00e4sten aus Asien [&hellip;]<\/p>\n","protected":false},"author":3,"featured_media":102033,"comment_status":"open","ping_status":"open","sticky":false,"template":"","format":"standard","meta":{"_yoast_indexnow_last_ping":["1776748210"],"wp_automatic_camp":["217"],"b2471be648840f1c16e1b1a53537579e":["Schweizer Tourismus leidet: G\u00e4ste aus Asien und den Golfstaaten fehlen"],"original_link":["https:\/\/de.rt.com\/schweiz\/277669-iran-konflikt-belastet-schweizer-tourismus\/"],"_thumbnail_id":["102033"],"jnews_social_counter_last_update":["1777470267"],"_wptgpro_p2tg_sent2tg":["a:1:{i:23737;s:19:\"2026-04-21 07:11:08\";}"]},"categories":[19,23],"tags":[6186,679,48,18639,26296,22653,20371,3424,11327,140],"yoast_head":"<!-- This site is optimized with the Yoast SEO Premium plugin v22.7 (Yoast SEO v22.7) - https:\/\/yoast.com\/wordpress\/plugins\/seo\/ -->\n<title>Schweizer Tourismus leidet: G\u00e4ste aus Asien und den Golfstaaten fehlen - just-now.NEWS Deutschland<\/title>\n<meta name=\"robots\" content=\"index, follow, max-snippet:-1, max-image-preview:large, max-video-preview:-1\" \/>\n<link rel=\"canonical\" href=\"https:\/\/now-news.de\/de\/deutschland\/schweizer-tourismus-leidet-gaeste-aus-asien-und-den-golfstaaten-fehlen\/\" \/>\n<meta property=\"og:locale\" content=\"de_DE\" \/>\n<meta property=\"og:type\" content=\"article\" \/>\n<meta property=\"og:title\" content=\"Schweizer Tourismus leidet: G\u00e4ste aus Asien und den Golfstaaten fehlen\" \/>\n<meta property=\"og:description\" content=\"Der Iran-Konflikt wirkt sich sp\u00fcrbar auf den Schweizer Tourismus aus. Besonders G\u00e4ste aus Asien und den Golfstaaten sagen Reisen ab oder buchen weniger, da Flugverbindungen \u00fcber Drehkreuze im Nahen Osten eingeschr\u00e4nkt sind und Unsicherheit herrscht. Der anhaltende Iran-Konflikt wirkt sich zunehmend auf den Schweizer Tourismus aus. Besonders deutlich zeigt sich dies bei G\u00e4sten aus Asien [&hellip;]\" \/>\n<meta property=\"og:url\" content=\"https:\/\/now-news.de\/de\/deutschland\/schweizer-tourismus-leidet-gaeste-aus-asien-und-den-golfstaaten-fehlen\/\" \/>\n<meta property=\"og:site_name\" content=\"just-now.NEWS Deutschland\" \/>\n<meta property=\"article:publisher\" content=\"https:\/\/www.facebook.com\/wirmachenauf\" \/>\n<meta property=\"article:published_time\" content=\"2026-04-21T05:00:00+00:00\" \/>\n<meta property=\"og:image\" content=\"https:\/\/now-news.de\/de\/wp-content\/uploads\/sites\/3\/2026\/04\/69e5e02f48fbef1c164e8b7e.jpg\" \/>\n<meta name=\"author\" content=\"rtnews\" \/>\n<meta name=\"twitter:card\" content=\"summary_large_image\" \/>\n<meta name=\"twitter:creator\" content=\"@WirMachenAuf_de\" \/>\n<meta name=\"twitter:site\" content=\"@WirMachenAuf_de\" \/>\n<meta name=\"twitter:label1\" content=\"Verfasst von\" \/>\n\t<meta name=\"twitter:data1\" content=\"rtnews\" \/>\n\t<meta name=\"twitter:label2\" content=\"Gesch\u00e4tzte Lesezeit\" \/>\n\t<meta name=\"twitter:data2\" content=\"2\u00a0Minuten\" \/>\n<script type=\"application\/ld+json\" class=\"yoast-schema-graph\">{\"@context\":\"https:\/\/schema.org\",\"@graph\":[{\"@type\":\"Article\",\"@id\":\"https:\/\/now-news.de\/de\/deutschland\/schweizer-tourismus-leidet-gaeste-aus-asien-und-den-golfstaaten-fehlen\/#article\",\"isPartOf\":{\"@id\":\"https:\/\/now-news.de\/de\/deutschland\/schweizer-tourismus-leidet-gaeste-aus-asien-und-den-golfstaaten-fehlen\/\"},\"author\":{\"name\":\"rtnews\",\"@id\":\"https:\/\/now-news.de\/de\/#\/schema\/person\/fb534a4e865501d8b3285208df34a9b5\"},\"headline\":\"Schweizer Tourismus leidet: G\u00e4ste aus Asien und den Golfstaaten fehlen\",\"datePublished\":\"2026-04-21T05:00:00+00:00\",\"dateModified\":\"2026-04-21T05:00:00+00:00\",\"mainEntityOfPage\":{\"@id\":\"https:\/\/now-news.de\/de\/deutschland\/schweizer-tourismus-leidet-gaeste-aus-asien-und-den-golfstaaten-fehlen\/\"},\"wordCount\":477,\"commentCount\":0,\"publisher\":{\"@id\":\"https:\/\/now-news.de\/de\/#organization\"},\"image\":{\"@id\":\"https:\/\/now-news.de\/de\/deutschland\/schweizer-tourismus-leidet-gaeste-aus-asien-und-den-golfstaaten-fehlen\/#primaryimage\"},\"thumbnailUrl\":\"https:\/\/now-news.de\/de\/wp-content\/uploads\/sites\/3\/Schweizer-Tourismus-leidet-Gaeste-aus-Asien-und-den-Golfstaaten-fehlen.jpg\",\"keywords\":[\"Asien\",\"aus\",\"den\",\"fehlen\",\"G\u00e4ste\",\"Golfstaaten\",\"leidet\",\"Schweizer\",\"Tourismus\",\"und\"],\"articleSection\":[\"Deutschland\",\"Russland\"],\"inLanguage\":\"de\",\"potentialAction\":[{\"@type\":\"CommentAction\",\"name\":\"Comment\",\"target\":[\"https:\/\/now-news.de\/de\/deutschland\/schweizer-tourismus-leidet-gaeste-aus-asien-und-den-golfstaaten-fehlen\/#respond\"]}]},{\"@type\":\"WebPage\",\"@id\":\"https:\/\/now-news.de\/de\/deutschland\/schweizer-tourismus-leidet-gaeste-aus-asien-und-den-golfstaaten-fehlen\/\",\"url\":\"https:\/\/now-news.de\/de\/deutschland\/schweizer-tourismus-leidet-gaeste-aus-asien-und-den-golfstaaten-fehlen\/\",\"name\":\"Schweizer Tourismus leidet: G\u00e4ste aus Asien und den Golfstaaten fehlen - just-now.NEWS Deutschland\",\"isPartOf\":{\"@id\":\"https:\/\/now-news.de\/de\/#website\"},\"primaryImageOfPage\":{\"@id\":\"https:\/\/now-news.de\/de\/deutschland\/schweizer-tourismus-leidet-gaeste-aus-asien-und-den-golfstaaten-fehlen\/#primaryimage\"},\"image\":{\"@id\":\"https:\/\/now-news.de\/de\/deutschland\/schweizer-tourismus-leidet-gaeste-aus-asien-und-den-golfstaaten-fehlen\/#primaryimage\"},\"thumbnailUrl\":\"https:\/\/now-news.de\/de\/wp-content\/uploads\/sites\/3\/Schweizer-Tourismus-leidet-Gaeste-aus-Asien-und-den-Golfstaaten-fehlen.jpg\",\"datePublished\":\"2026-04-21T05:00:00+00:00\",\"dateModified\":\"2026-04-21T05:00:00+00:00\",\"breadcrumb\":{\"@id\":\"https:\/\/now-news.de\/de\/deutschland\/schweizer-tourismus-leidet-gaeste-aus-asien-und-den-golfstaaten-fehlen\/#breadcrumb\"},\"inLanguage\":\"de\",\"potentialAction\":[{\"@type\":\"ReadAction\",\"target\":[\"https:\/\/now-news.de\/de\/deutschland\/schweizer-tourismus-leidet-gaeste-aus-asien-und-den-golfstaaten-fehlen\/\"]}]},{\"@type\":\"ImageObject\",\"inLanguage\":\"de\",\"@id\":\"https:\/\/now-news.de\/de\/deutschland\/schweizer-tourismus-leidet-gaeste-aus-asien-und-den-golfstaaten-fehlen\/#primaryimage\",\"url\":\"https:\/\/now-news.de\/de\/wp-content\/uploads\/sites\/3\/Schweizer-Tourismus-leidet-Gaeste-aus-Asien-und-den-Golfstaaten-fehlen.jpg\",\"contentUrl\":\"https:\/\/now-news.de\/de\/wp-content\/uploads\/sites\/3\/Schweizer-Tourismus-leidet-Gaeste-aus-Asien-und-den-Golfstaaten-fehlen.jpg\",\"caption\":\"Schweizer Tourismus leidet: G\u00e4ste aus Asien und den Golfstaaten fehlen\"},{\"@type\":\"BreadcrumbList\",\"@id\":\"https:\/\/now-news.de\/de\/deutschland\/schweizer-tourismus-leidet-gaeste-aus-asien-und-den-golfstaaten-fehlen\/#breadcrumb\",\"itemListElement\":[{\"@type\":\"ListItem\",\"position\":1,\"name\":\"Home\",\"item\":\"https:\/\/now-news.de\/de\/\"},{\"@type\":\"ListItem\",\"position\":2,\"name\":\"Schweizer Tourismus leidet: G\u00e4ste aus Asien und den Golfstaaten fehlen\"}]},{\"@type\":\"WebSite\",\"@id\":\"https:\/\/now-news.de\/de\/#website\",\"url\":\"https:\/\/now-news.de\/de\/\",\"name\":\"just-now.NEWS Deutschland\",\"description\":\"Das Portal f\u00fcr unzensierte Nachrichten aus der Welt\",\"publisher\":{\"@id\":\"https:\/\/now-news.de\/de\/#organization\"},\"potentialAction\":[{\"@type\":\"SearchAction\",\"target\":{\"@type\":\"EntryPoint\",\"urlTemplate\":\"https:\/\/now-news.de\/de\/?s={search_term_string}\"},\"query-input\":\"required name=search_term_string\"}],\"inLanguage\":\"de\"},{\"@type\":\"Organization\",\"@id\":\"https:\/\/now-news.de\/de\/#organization\",\"name\":\"Just Now News\",\"url\":\"https:\/\/now-news.de\/de\/\",\"logo\":{\"@type\":\"ImageObject\",\"inLanguage\":\"de\",\"@id\":\"https:\/\/now-news.de\/de\/#\/schema\/logo\/image\/\",\"url\":\"http:\/\/just-now.news\/de\/wp-content\/uploads\/sites\/3\/2022\/04\/logo500x500.jpg\",\"contentUrl\":\"http:\/\/just-now.news\/de\/wp-content\/uploads\/sites\/3\/2022\/04\/logo500x500.jpg\",\"width\":500,\"height\":500,\"caption\":\"Just Now News\"},\"image\":{\"@id\":\"https:\/\/now-news.de\/de\/#\/schema\/logo\/image\/\"},\"sameAs\":[\"https:\/\/www.facebook.com\/wirmachenauf\",\"https:\/\/x.com\/WirMachenAuf_de\"]},{\"@type\":\"Person\",\"@id\":\"https:\/\/now-news.de\/de\/#\/schema\/person\/fb534a4e865501d8b3285208df34a9b5\",\"name\":\"rtnews\",\"image\":{\"@type\":\"ImageObject\",\"inLanguage\":\"de\",\"@id\":\"https:\/\/now-news.de\/de\/#\/schema\/person\/image\/\",\"url\":\"https:\/\/secure.gravatar.com\/avatar\/82aafea7d8127119dd649515f56e2117?s=96&d=mm&r=g\",\"contentUrl\":\"https:\/\/secure.gravatar.com\/avatar\/82aafea7d8127119dd649515f56e2117?s=96&d=mm&r=g\",\"caption\":\"rtnews\"},\"url\":\"https:\/\/now-news.de\/de\/author\/rnews\/\"}]}<\/script>\n<!-- \/ Yoast SEO Premium plugin. -->","yoast_head_json":{"title":"Schweizer Tourismus leidet: G\u00e4ste aus Asien und den Golfstaaten fehlen - just-now.NEWS Deutschland","robots":{"index":"index","follow":"follow","max-snippet":"max-snippet:-1","max-image-preview":"max-image-preview:large","max-video-preview":"max-video-preview:-1"},"canonical":"https:\/\/now-news.de\/de\/deutschland\/schweizer-tourismus-leidet-gaeste-aus-asien-und-den-golfstaaten-fehlen\/","og_locale":"de_DE","og_type":"article","og_title":"Schweizer Tourismus leidet: G\u00e4ste aus Asien und den Golfstaaten fehlen","og_description":"Der Iran-Konflikt wirkt sich sp\u00fcrbar auf den Schweizer Tourismus aus. Besonders G\u00e4ste aus Asien und den Golfstaaten sagen Reisen ab oder buchen weniger, da Flugverbindungen \u00fcber Drehkreuze im Nahen Osten eingeschr\u00e4nkt sind und Unsicherheit herrscht. Der anhaltende Iran-Konflikt wirkt sich zunehmend auf den Schweizer Tourismus aus. Besonders deutlich zeigt sich dies bei G\u00e4sten aus Asien [&hellip;]","og_url":"https:\/\/now-news.de\/de\/deutschland\/schweizer-tourismus-leidet-gaeste-aus-asien-und-den-golfstaaten-fehlen\/","og_site_name":"just-now.NEWS Deutschland","article_publisher":"https:\/\/www.facebook.com\/wirmachenauf","article_published_time":"2026-04-21T05:00:00+00:00","og_image":[{"url":"https:\/\/now-news.de\/de\/wp-content\/uploads\/sites\/3\/2026\/04\/69e5e02f48fbef1c164e8b7e.jpg"}],"author":"rtnews","twitter_card":"summary_large_image","twitter_creator":"@WirMachenAuf_de","twitter_site":"@WirMachenAuf_de","twitter_misc":{"Verfasst von":"rtnews","Gesch\u00e4tzte Lesezeit":"2\u00a0Minuten"},"schema":{"@context":"https:\/\/schema.org","@graph":[{"@type":"Article","@id":"https:\/\/now-news.de\/de\/deutschland\/schweizer-tourismus-leidet-gaeste-aus-asien-und-den-golfstaaten-fehlen\/#article","isPartOf":{"@id":"https:\/\/now-news.de\/de\/deutschland\/schweizer-tourismus-leidet-gaeste-aus-asien-und-den-golfstaaten-fehlen\/"},"author":{"name":"rtnews","@id":"https:\/\/now-news.de\/de\/#\/schema\/person\/fb534a4e865501d8b3285208df34a9b5"},"headline":"Schweizer Tourismus leidet: G\u00e4ste aus Asien und den Golfstaaten fehlen","datePublished":"2026-04-21T05:00:00+00:00","dateModified":"2026-04-21T05:00:00+00:00","mainEntityOfPage":{"@id":"https:\/\/now-news.de\/de\/deutschland\/schweizer-tourismus-leidet-gaeste-aus-asien-und-den-golfstaaten-fehlen\/"},"wordCount":477,"commentCount":0,"publisher":{"@id":"https:\/\/now-news.de\/de\/#organization"},"image":{"@id":"https:\/\/now-news.de\/de\/deutschland\/schweizer-tourismus-leidet-gaeste-aus-asien-und-den-golfstaaten-fehlen\/#primaryimage"},"thumbnailUrl":"https:\/\/now-news.de\/de\/wp-content\/uploads\/sites\/3\/Schweizer-Tourismus-leidet-Gaeste-aus-Asien-und-den-Golfstaaten-fehlen.jpg","keywords":["Asien","aus","den","fehlen","G\u00e4ste","Golfstaaten","leidet","Schweizer","Tourismus","und"],"articleSection":["Deutschland","Russland"],"inLanguage":"de","potentialAction":[{"@type":"CommentAction","name":"Comment","target":["https:\/\/now-news.de\/de\/deutschland\/schweizer-tourismus-leidet-gaeste-aus-asien-und-den-golfstaaten-fehlen\/#respond"]}]},{"@type":"WebPage","@id":"https:\/\/now-news.de\/de\/deutschland\/schweizer-tourismus-leidet-gaeste-aus-asien-und-den-golfstaaten-fehlen\/","url":"https:\/\/now-news.de\/de\/deutschland\/schweizer-tourismus-leidet-gaeste-aus-asien-und-den-golfstaaten-fehlen\/","name":"Schweizer Tourismus leidet: G\u00e4ste aus Asien und den Golfstaaten fehlen - just-now.NEWS Deutschland","isPartOf":{"@id":"https:\/\/now-news.de\/de\/#website"},"primaryImageOfPage":{"@id":"https:\/\/now-news.de\/de\/deutschland\/schweizer-tourismus-leidet-gaeste-aus-asien-und-den-golfstaaten-fehlen\/#primaryimage"},"image":{"@id":"https:\/\/now-news.de\/de\/deutschland\/schweizer-tourismus-leidet-gaeste-aus-asien-und-den-golfstaaten-fehlen\/#primaryimage"},"thumbnailUrl":"https:\/\/now-news.de\/de\/wp-content\/uploads\/sites\/3\/Schweizer-Tourismus-leidet-Gaeste-aus-Asien-und-den-Golfstaaten-fehlen.jpg","datePublished":"2026-04-21T05:00:00+00:00","dateModified":"2026-04-21T05:00:00+00:00","breadcrumb":{"@id":"https:\/\/now-news.de\/de\/deutschland\/schweizer-tourismus-leidet-gaeste-aus-asien-und-den-golfstaaten-fehlen\/#breadcrumb"},"inLanguage":"de","potentialAction":[{"@type":"ReadAction","target":["https:\/\/now-news.de\/de\/deutschland\/schweizer-tourismus-leidet-gaeste-aus-asien-und-den-golfstaaten-fehlen\/"]}]},{"@type":"ImageObject","inLanguage":"de","@id":"https:\/\/now-news.de\/de\/deutschland\/schweizer-tourismus-leidet-gaeste-aus-asien-und-den-golfstaaten-fehlen\/#primaryimage","url":"https:\/\/now-news.de\/de\/wp-content\/uploads\/sites\/3\/Schweizer-Tourismus-leidet-Gaeste-aus-Asien-und-den-Golfstaaten-fehlen.jpg","contentUrl":"https:\/\/now-news.de\/de\/wp-content\/uploads\/sites\/3\/Schweizer-Tourismus-leidet-Gaeste-aus-Asien-und-den-Golfstaaten-fehlen.jpg","caption":"Schweizer Tourismus leidet: G\u00e4ste aus Asien und den Golfstaaten fehlen"},{"@type":"BreadcrumbList","@id":"https:\/\/now-news.de\/de\/deutschland\/schweizer-tourismus-leidet-gaeste-aus-asien-und-den-golfstaaten-fehlen\/#breadcrumb","itemListElement":[{"@type":"ListItem","position":1,"name":"Home","item":"https:\/\/now-news.de\/de\/"},{"@type":"ListItem","position":2,"name":"Schweizer Tourismus leidet: G\u00e4ste aus Asien und den Golfstaaten fehlen"}]},{"@type":"WebSite","@id":"https:\/\/now-news.de\/de\/#website","url":"https:\/\/now-news.de\/de\/","name":"just-now.NEWS Deutschland","description":"Das Portal f\u00fcr unzensierte Nachrichten aus der Welt","publisher":{"@id":"https:\/\/now-news.de\/de\/#organization"},"potentialAction":[{"@type":"SearchAction","target":{"@type":"EntryPoint","urlTemplate":"https:\/\/now-news.de\/de\/?s={search_term_string}"},"query-input":"required name=search_term_string"}],"inLanguage":"de"},{"@type":"Organization","@id":"https:\/\/now-news.de\/de\/#organization","name":"Just Now News","url":"https:\/\/now-news.de\/de\/","logo":{"@type":"ImageObject","inLanguage":"de","@id":"https:\/\/now-news.de\/de\/#\/schema\/logo\/image\/","url":"http:\/\/just-now.news\/de\/wp-content\/uploads\/sites\/3\/2022\/04\/logo500x500.jpg","contentUrl":"http:\/\/just-now.news\/de\/wp-content\/uploads\/sites\/3\/2022\/04\/logo500x500.jpg","width":500,"height":500,"caption":"Just Now News"},"image":{"@id":"https:\/\/now-news.de\/de\/#\/schema\/logo\/image\/"},"sameAs":["https:\/\/www.facebook.com\/wirmachenauf","https:\/\/x.com\/WirMachenAuf_de"]},{"@type":"Person","@id":"https:\/\/now-news.de\/de\/#\/schema\/person\/fb534a4e865501d8b3285208df34a9b5","name":"rtnews","image":{"@type":"ImageObject","inLanguage":"de","@id":"https:\/\/now-news.de\/de\/#\/schema\/person\/image\/","url":"https:\/\/secure.gravatar.com\/avatar\/82aafea7d8127119dd649515f56e2117?s=96&d=mm&r=g","contentUrl":"https:\/\/secure.gravatar.com\/avatar\/82aafea7d8127119dd649515f56e2117?s=96&d=mm&r=g","caption":"rtnews"},"url":"https:\/\/now-news.de\/de\/author\/rnews\/"}]}},"_links":{"self":[{"href":"https:\/\/now-news.de\/de\/wp-json\/wp\/v2\/posts\/102032"}],"collection":[{"href":"https:\/\/now-news.de\/de\/wp-json\/wp\/v2\/posts"}],"about":[{"href":"https:\/\/now-news.de\/de\/wp-json\/wp\/v2\/types\/post"}],"author":[{"embeddable":true,"href":"https:\/\/now-news.de\/de\/wp-json\/wp\/v2\/users\/3"}],"replies":[{"embeddable":true,"href":"https:\/\/now-news.de\/de\/wp-json\/wp\/v2\/comments?post=102032"}],"version-history":[{"count":0,"href":"https:\/\/now-news.de\/de\/wp-json\/wp\/v2\/posts\/102032\/revisions"}],"wp:featuredmedia":[{"embeddable":true,"href":"https:\/\/now-news.de\/de\/wp-json\/wp\/v2\/media\/102033"}],"wp:attachment":[{"href":"https:\/\/now-news.de\/de\/wp-json\/wp\/v2\/media?parent=102032"}],"wp:term":[{"taxonomy":"category","embeddable":true,"href":"https:\/\/now-news.de\/de\/wp-json\/wp\/v2\/categories?post=102032"},{"taxonomy":"post_tag","embeddable":true,"href":"https:\/\/now-news.de\/de\/wp-json\/wp\/v2\/tags?post=102032"}],"curies":[{"name":"wp","href":"https:\/\/api.w.org\/{rel}","templated":true}]}}