{"id":102020,"date":"2026-04-20T20:15:31","date_gmt":"2026-04-20T18:15:31","guid":{"rendered":"https:\/\/now-news.de\/de\/deutschland\/telegram-gruender-durov-stolz-neben-elon-musk-zu-stehen\/"},"modified":"2026-04-20T20:15:31","modified_gmt":"2026-04-20T18:15:31","slug":"telegram-gruender-durov-stolz-neben-elon-musk-zu-stehen","status":"publish","type":"post","link":"https:\/\/now-news.de\/de\/deutschland\/telegram-gruender-durov-stolz-neben-elon-musk-zu-stehen\/","title":{"rendered":"Telegram-Gr\u00fcnder Durov: &quot;Stolz, neben Elon Musk zu stehen&quot;"},"content":{"rendered":"<p><img decoding=\"async\" src=\"https:\/\/now-news.de\/de\/wp-content\/uploads\/sites\/3\/2026\/04\/69e6531fb480cc250a1d0522.jpg\" \/><\/p>\n<div class=\"Text-root Text-type_1 \">\n                In Frankreich wegen &#8220;freier Meinungs\u00e4u\u00dferung&#8221; juristisch verfolgt zu werden, sei &#8220;die neue Legion d&#8217;honneur&#8221;, sagte der russische Unternehmer\n            <\/div>\n<p><\/p>\n<div class=\"Text-root Text-type_5 ArticleView-text ViewText-root \">\n<p>Frankreich versch\u00e4rft die strafrechtliche Verfolgung massiv, um die freie Meinungs\u00e4u\u00dferung zu unterdr\u00fccken, meint Telegram-Gr\u00fcnder Pavel Durov, als er X-Eigent\u00fcmer Elon Musk im Prozess gegen dessen Social-Media-Plattform im Land unterst\u00fctzte.<\/p>\n<p>Durov \u00e4u\u00dferte sich am Sonntag, nachdem das <em>Wall Street Journal<\/em> berichtet hatte, dass das US-Justizministerium ein franz\u00f6sisches Hilfeersuchen bei der Untersuchung der angeblichen Rolle von X bei der Verbreitung sexueller Deepfakes und der unrechtm\u00e4\u00dfigen Datenextraktion abgelehnt hatte.<\/p>\n<p>In einem Brief hei\u00dft es, die franz\u00f6sische Untersuchung habe darauf abgezielt<em>, <\/em>&#8220;das kriminelle Rechtssystem in Frankreich zu nutzen, um einen \u00f6ffentlichen Platz f\u00fcr die freie Meinungs\u00e4u\u00dferung zu regulieren&#8221; und &#8220;die Vereinigten Staaten in ein politisch motiviertes Strafverfahren zu verwickeln&#8221;.<\/p>\n<p>Musk hat jegliches Fehlverhalten bestritten und die Untersuchung als &#8220;politischen Angriff&#8221;\u00a0zur\u00fcckgewiesen<em>.<\/em><\/p>\n<p>Durov stellte sich hinter dem X-Eigent\u00fcmer und argumentierte, dass Frankreich unter Pr\u00e4sident Emmanuel Macron seine\u00a0Legitimit\u00e4t verliere, da es strafrechtliche Ermittlungen zur Unterdr\u00fcckung der freien Meinungs\u00e4u\u00dferung und Privatsph\u00e4re durchf\u00fchre.<\/p>\n<p>Er stellte auch die Unabh\u00e4ngigkeit der franz\u00f6sischen Staatsanw\u00e4lte infrage und sagte, sie &#8220;werden von der Regierung eingestellt, gefeuert und gef\u00f6rdert&#8221;. Er f\u00fcgte hinzu, dass &#8220;die Justizpolizei \u2013 die den Ermittlungsrichtern oft irref\u00fchrende Berichte liefert \u2013 ebenfalls von der Regierung kontrolliert wird&#8221;.<\/p>\n<p>Die franz\u00f6sische Untersuchung gegen X wurde im Januar 2025 eingeleitet, nachdem behauptet worden war, dass der Inhaltsalgorithmus der Plattform Vorurteile verbreite und eine ausl\u00e4ndische Einmischung darstellen k\u00f6nne. Der Fall hat sich seitdem auf die Pr\u00fcfung von antisemitischen Inhalten, Holocaust-Leugnung und KI-generiertem Material f\u00fcr sexuellen Kindesmissbrauch ausgeweitet. Die Pariser Staatsanw\u00e4lte durchsuchten im Februar 2026 die franz\u00f6sischen B\u00fcros von X und bestellten Musk k\u00fcrzlich zu einem &#8220;freiwilligen&#8221; Interview ein.<\/p>\n<p>Durov \u2013 der die Staatsb\u00fcrgerschaften von Frankreich, Russland, den VAE und St. Kitts und Nevis besitzt \u2013 ist selbst mit dem franz\u00f6sischen Justizsystem in Konflikt geraten. Er wurde im August 2024 auf einem Pariser Flughafen verhaftet und mit zw\u00f6lf Anklagepunkten konfrontiert, darunter angebliche Mitt\u00e4terschaft bei der Verteilung von Ausbeutungsmaterial f\u00fcr Kinder und Drogenhandel, nachdem die franz\u00f6sischen Staatsanw\u00e4lte Telegrams fast v\u00f6llige Weigerung angeprangert hatten, auf rechtliche Anfragen zu reagieren.<\/p>\n<p>Durovs Einreiseverbot wurde im November 2025 vollst\u00e4ndig aufgehoben, wenngleich die f\u00f6rmliche Untersuchung fortgesetzt wird. Durov hat die Verhaftung und Untersuchung als &#8220;rechtlich und logisch absurd&#8221; bezeichnet und gesagt, dass das &#8220;einzige Ergebnis massiver Schaden f\u00fcr Frankreichs Image als freies Land&#8221; gewesen sei.<\/p>\n<p><strong>Mehr zum Thema<\/strong>\u00a0<strong>\u2013<\/strong>\u00a0<a rel=\"nofollow noopener\" target=\"_blank\" href=\"https:\/\/freedert.online\/nordamerika\/257054-warum-viele-amerikaner-offizielle-version\/\">Warum viele US-Amerikaner die offizielle Version vom Mord an Charlie Kirk nicht glauben<\/a><\/p>\n<\/p>\n<\/div>\n<p><br \/>\n<br \/><a href=\"https:\/\/de.rt.com\/europa\/277736-telegram-gruender-durov-stolz-neben\/\">Source link <\/a><\/p>\n","protected":false},"excerpt":{"rendered":"<p>In Frankreich wegen &#8220;freier Meinungs\u00e4u\u00dferung&#8221; juristisch verfolgt zu werden, sei &#8220;die neue Legion d&#8217;honneur&#8221;, sagte der russische Unternehmer Frankreich versch\u00e4rft die strafrechtliche Verfolgung massiv, um die freie Meinungs\u00e4u\u00dferung zu unterdr\u00fccken, meint Telegram-Gr\u00fcnder Pavel Durov, als er X-Eigent\u00fcmer Elon Musk im Prozess gegen dessen Social-Media-Plattform im Land unterst\u00fctzte. Durov \u00e4u\u00dferte sich am Sonntag, nachdem das Wall [&hellip;]<\/p>\n","protected":false},"author":3,"featured_media":102021,"comment_status":"open","ping_status":"open","sticky":false,"template":"","format":"standard","meta":{"_yoast_indexnow_last_ping":["1776711623"],"wp_automatic_camp":["217"],"b6b411884c0ae79a5641e91df952be00":["Telegram-Gr\u00fcnder Durov: &quot;Stolz, neben Elon Musk zu stehen&quot;"],"original_link":["https:\/\/de.rt.com\/europa\/277736-telegram-gruender-durov-stolz-neben\/"],"_thumbnail_id":["102021"],"jnews_social_counter_last_update":["1777297443"],"_wptgpro_p2tg_sent2tg":["a:1:{i:23737;s:19:\"2026-04-20 21:01:18\";}"]},"categories":[19,23],"tags":[72506,2056,1582,38595,72507,48827,33964],"yoast_head":"<!-- This site is optimized with the Yoast SEO Premium plugin v22.7 (Yoast SEO v22.7) - https:\/\/yoast.com\/wordpress\/plugins\/seo\/ -->\n<title>Telegram-Gr\u00fcnder Durov: &quot;Stolz, neben Elon Musk zu stehen&quot; - just-now.NEWS Deutschland<\/title>\n<meta name=\"robots\" content=\"index, follow, max-snippet:-1, max-image-preview:large, max-video-preview:-1\" \/>\n<link rel=\"canonical\" href=\"https:\/\/now-news.de\/de\/deutschland\/telegram-gruender-durov-stolz-neben-elon-musk-zu-stehen\/\" \/>\n<meta property=\"og:locale\" content=\"de_DE\" \/>\n<meta property=\"og:type\" content=\"article\" \/>\n<meta property=\"og:title\" content=\"Telegram-Gr\u00fcnder Durov: &quot;Stolz, neben Elon Musk zu stehen&quot;\" \/>\n<meta property=\"og:description\" content=\"In Frankreich wegen &#8220;freier Meinungs\u00e4u\u00dferung&#8221; juristisch verfolgt zu werden, sei &#8220;die neue Legion d&#8217;honneur&#8221;, sagte der russische Unternehmer Frankreich versch\u00e4rft die strafrechtliche Verfolgung massiv, um die freie Meinungs\u00e4u\u00dferung zu unterdr\u00fccken, meint Telegram-Gr\u00fcnder Pavel Durov, als er X-Eigent\u00fcmer Elon Musk im Prozess gegen dessen Social-Media-Plattform im Land unterst\u00fctzte. Durov \u00e4u\u00dferte sich am Sonntag, nachdem das Wall [&hellip;]\" \/>\n<meta property=\"og:url\" content=\"https:\/\/now-news.de\/de\/deutschland\/telegram-gruender-durov-stolz-neben-elon-musk-zu-stehen\/\" \/>\n<meta property=\"og:site_name\" content=\"just-now.NEWS Deutschland\" \/>\n<meta property=\"article:publisher\" content=\"https:\/\/www.facebook.com\/wirmachenauf\" \/>\n<meta property=\"article:published_time\" content=\"2026-04-20T18:15:31+00:00\" \/>\n<meta property=\"og:image\" content=\"https:\/\/now-news.de\/de\/wp-content\/uploads\/sites\/3\/2026\/04\/69e6531fb480cc250a1d0522.jpg\" \/>\n<meta name=\"author\" content=\"rtnews\" \/>\n<meta name=\"twitter:card\" content=\"summary_large_image\" \/>\n<meta name=\"twitter:creator\" content=\"@WirMachenAuf_de\" \/>\n<meta name=\"twitter:site\" content=\"@WirMachenAuf_de\" \/>\n<meta name=\"twitter:label1\" content=\"Verfasst von\" \/>\n\t<meta name=\"twitter:data1\" content=\"rtnews\" \/>\n\t<meta name=\"twitter:label2\" content=\"Gesch\u00e4tzte Lesezeit\" \/>\n\t<meta name=\"twitter:data2\" content=\"2\u00a0Minuten\" \/>\n<script type=\"application\/ld+json\" class=\"yoast-schema-graph\">{\"@context\":\"https:\/\/schema.org\",\"@graph\":[{\"@type\":\"Article\",\"@id\":\"https:\/\/now-news.de\/de\/deutschland\/telegram-gruender-durov-stolz-neben-elon-musk-zu-stehen\/#article\",\"isPartOf\":{\"@id\":\"https:\/\/now-news.de\/de\/deutschland\/telegram-gruender-durov-stolz-neben-elon-musk-zu-stehen\/\"},\"author\":{\"name\":\"rtnews\",\"@id\":\"https:\/\/now-news.de\/de\/#\/schema\/person\/fb534a4e865501d8b3285208df34a9b5\"},\"headline\":\"Telegram-Gr\u00fcnder Durov: &quot;Stolz, neben Elon Musk zu stehen&quot;\",\"datePublished\":\"2026-04-20T18:15:31+00:00\",\"dateModified\":\"2026-04-20T18:15:31+00:00\",\"mainEntityOfPage\":{\"@id\":\"https:\/\/now-news.de\/de\/deutschland\/telegram-gruender-durov-stolz-neben-elon-musk-zu-stehen\/\"},\"wordCount\":457,\"commentCount\":0,\"publisher\":{\"@id\":\"https:\/\/now-news.de\/de\/#organization\"},\"image\":{\"@id\":\"https:\/\/now-news.de\/de\/deutschland\/telegram-gruender-durov-stolz-neben-elon-musk-zu-stehen\/#primaryimage\"},\"thumbnailUrl\":\"https:\/\/now-news.de\/de\/wp-content\/uploads\/sites\/3\/Telegram-Gruender-Durov-quotStolz-neben-Elon-Musk-zu-stehenquot.jpg\",\"keywords\":[\"Durov\",\"ELON\",\"Musk\",\"Neben\",\"quotStolz\",\"stehenquot\",\"TelegramGr\u00fcnder\"],\"articleSection\":[\"Deutschland\",\"Russland\"],\"inLanguage\":\"de\",\"potentialAction\":[{\"@type\":\"CommentAction\",\"name\":\"Comment\",\"target\":[\"https:\/\/now-news.de\/de\/deutschland\/telegram-gruender-durov-stolz-neben-elon-musk-zu-stehen\/#respond\"]}]},{\"@type\":\"WebPage\",\"@id\":\"https:\/\/now-news.de\/de\/deutschland\/telegram-gruender-durov-stolz-neben-elon-musk-zu-stehen\/\",\"url\":\"https:\/\/now-news.de\/de\/deutschland\/telegram-gruender-durov-stolz-neben-elon-musk-zu-stehen\/\",\"name\":\"Telegram-Gr\u00fcnder Durov: &quot;Stolz, neben Elon Musk zu stehen&quot; - just-now.NEWS Deutschland\",\"isPartOf\":{\"@id\":\"https:\/\/now-news.de\/de\/#website\"},\"primaryImageOfPage\":{\"@id\":\"https:\/\/now-news.de\/de\/deutschland\/telegram-gruender-durov-stolz-neben-elon-musk-zu-stehen\/#primaryimage\"},\"image\":{\"@id\":\"https:\/\/now-news.de\/de\/deutschland\/telegram-gruender-durov-stolz-neben-elon-musk-zu-stehen\/#primaryimage\"},\"thumbnailUrl\":\"https:\/\/now-news.de\/de\/wp-content\/uploads\/sites\/3\/Telegram-Gruender-Durov-quotStolz-neben-Elon-Musk-zu-stehenquot.jpg\",\"datePublished\":\"2026-04-20T18:15:31+00:00\",\"dateModified\":\"2026-04-20T18:15:31+00:00\",\"breadcrumb\":{\"@id\":\"https:\/\/now-news.de\/de\/deutschland\/telegram-gruender-durov-stolz-neben-elon-musk-zu-stehen\/#breadcrumb\"},\"inLanguage\":\"de\",\"potentialAction\":[{\"@type\":\"ReadAction\",\"target\":[\"https:\/\/now-news.de\/de\/deutschland\/telegram-gruender-durov-stolz-neben-elon-musk-zu-stehen\/\"]}]},{\"@type\":\"ImageObject\",\"inLanguage\":\"de\",\"@id\":\"https:\/\/now-news.de\/de\/deutschland\/telegram-gruender-durov-stolz-neben-elon-musk-zu-stehen\/#primaryimage\",\"url\":\"https:\/\/now-news.de\/de\/wp-content\/uploads\/sites\/3\/Telegram-Gruender-Durov-quotStolz-neben-Elon-Musk-zu-stehenquot.jpg\",\"contentUrl\":\"https:\/\/now-news.de\/de\/wp-content\/uploads\/sites\/3\/Telegram-Gruender-Durov-quotStolz-neben-Elon-Musk-zu-stehenquot.jpg\",\"caption\":\"Telegram-Gr\u00fcnder Durov: &quot;Stolz, neben Elon Musk zu stehen&quot;\"},{\"@type\":\"BreadcrumbList\",\"@id\":\"https:\/\/now-news.de\/de\/deutschland\/telegram-gruender-durov-stolz-neben-elon-musk-zu-stehen\/#breadcrumb\",\"itemListElement\":[{\"@type\":\"ListItem\",\"position\":1,\"name\":\"Home\",\"item\":\"https:\/\/now-news.de\/de\/\"},{\"@type\":\"ListItem\",\"position\":2,\"name\":\"Telegram-Gr\u00fcnder Durov: &quot;Stolz, neben Elon Musk zu stehen&quot;\"}]},{\"@type\":\"WebSite\",\"@id\":\"https:\/\/now-news.de\/de\/#website\",\"url\":\"https:\/\/now-news.de\/de\/\",\"name\":\"just-now.NEWS Deutschland\",\"description\":\"Das Portal f\u00fcr unzensierte Nachrichten aus der Welt\",\"publisher\":{\"@id\":\"https:\/\/now-news.de\/de\/#organization\"},\"potentialAction\":[{\"@type\":\"SearchAction\",\"target\":{\"@type\":\"EntryPoint\",\"urlTemplate\":\"https:\/\/now-news.de\/de\/?s={search_term_string}\"},\"query-input\":\"required name=search_term_string\"}],\"inLanguage\":\"de\"},{\"@type\":\"Organization\",\"@id\":\"https:\/\/now-news.de\/de\/#organization\",\"name\":\"Just Now News\",\"url\":\"https:\/\/now-news.de\/de\/\",\"logo\":{\"@type\":\"ImageObject\",\"inLanguage\":\"de\",\"@id\":\"https:\/\/now-news.de\/de\/#\/schema\/logo\/image\/\",\"url\":\"http:\/\/just-now.news\/de\/wp-content\/uploads\/sites\/3\/2022\/04\/logo500x500.jpg\",\"contentUrl\":\"http:\/\/just-now.news\/de\/wp-content\/uploads\/sites\/3\/2022\/04\/logo500x500.jpg\",\"width\":500,\"height\":500,\"caption\":\"Just Now News\"},\"image\":{\"@id\":\"https:\/\/now-news.de\/de\/#\/schema\/logo\/image\/\"},\"sameAs\":[\"https:\/\/www.facebook.com\/wirmachenauf\",\"https:\/\/x.com\/WirMachenAuf_de\"]},{\"@type\":\"Person\",\"@id\":\"https:\/\/now-news.de\/de\/#\/schema\/person\/fb534a4e865501d8b3285208df34a9b5\",\"name\":\"rtnews\",\"image\":{\"@type\":\"ImageObject\",\"inLanguage\":\"de\",\"@id\":\"https:\/\/now-news.de\/de\/#\/schema\/person\/image\/\",\"url\":\"https:\/\/secure.gravatar.com\/avatar\/82aafea7d8127119dd649515f56e2117?s=96&d=mm&r=g\",\"contentUrl\":\"https:\/\/secure.gravatar.com\/avatar\/82aafea7d8127119dd649515f56e2117?s=96&d=mm&r=g\",\"caption\":\"rtnews\"},\"url\":\"https:\/\/now-news.de\/de\/author\/rnews\/\"}]}<\/script>\n<!-- \/ Yoast SEO Premium plugin. -->","yoast_head_json":{"title":"Telegram-Gr\u00fcnder Durov: &quot;Stolz, neben Elon Musk zu stehen&quot; - just-now.NEWS Deutschland","robots":{"index":"index","follow":"follow","max-snippet":"max-snippet:-1","max-image-preview":"max-image-preview:large","max-video-preview":"max-video-preview:-1"},"canonical":"https:\/\/now-news.de\/de\/deutschland\/telegram-gruender-durov-stolz-neben-elon-musk-zu-stehen\/","og_locale":"de_DE","og_type":"article","og_title":"Telegram-Gr\u00fcnder Durov: &quot;Stolz, neben Elon Musk zu stehen&quot;","og_description":"In Frankreich wegen &#8220;freier Meinungs\u00e4u\u00dferung&#8221; juristisch verfolgt zu werden, sei &#8220;die neue Legion d&#8217;honneur&#8221;, sagte der russische Unternehmer Frankreich versch\u00e4rft die strafrechtliche Verfolgung massiv, um die freie Meinungs\u00e4u\u00dferung zu unterdr\u00fccken, meint Telegram-Gr\u00fcnder Pavel Durov, als er X-Eigent\u00fcmer Elon Musk im Prozess gegen dessen Social-Media-Plattform im Land unterst\u00fctzte. Durov \u00e4u\u00dferte sich am Sonntag, nachdem das Wall [&hellip;]","og_url":"https:\/\/now-news.de\/de\/deutschland\/telegram-gruender-durov-stolz-neben-elon-musk-zu-stehen\/","og_site_name":"just-now.NEWS Deutschland","article_publisher":"https:\/\/www.facebook.com\/wirmachenauf","article_published_time":"2026-04-20T18:15:31+00:00","og_image":[{"url":"https:\/\/now-news.de\/de\/wp-content\/uploads\/sites\/3\/2026\/04\/69e6531fb480cc250a1d0522.jpg"}],"author":"rtnews","twitter_card":"summary_large_image","twitter_creator":"@WirMachenAuf_de","twitter_site":"@WirMachenAuf_de","twitter_misc":{"Verfasst von":"rtnews","Gesch\u00e4tzte Lesezeit":"2\u00a0Minuten"},"schema":{"@context":"https:\/\/schema.org","@graph":[{"@type":"Article","@id":"https:\/\/now-news.de\/de\/deutschland\/telegram-gruender-durov-stolz-neben-elon-musk-zu-stehen\/#article","isPartOf":{"@id":"https:\/\/now-news.de\/de\/deutschland\/telegram-gruender-durov-stolz-neben-elon-musk-zu-stehen\/"},"author":{"name":"rtnews","@id":"https:\/\/now-news.de\/de\/#\/schema\/person\/fb534a4e865501d8b3285208df34a9b5"},"headline":"Telegram-Gr\u00fcnder Durov: &quot;Stolz, neben Elon Musk zu stehen&quot;","datePublished":"2026-04-20T18:15:31+00:00","dateModified":"2026-04-20T18:15:31+00:00","mainEntityOfPage":{"@id":"https:\/\/now-news.de\/de\/deutschland\/telegram-gruender-durov-stolz-neben-elon-musk-zu-stehen\/"},"wordCount":457,"commentCount":0,"publisher":{"@id":"https:\/\/now-news.de\/de\/#organization"},"image":{"@id":"https:\/\/now-news.de\/de\/deutschland\/telegram-gruender-durov-stolz-neben-elon-musk-zu-stehen\/#primaryimage"},"thumbnailUrl":"https:\/\/now-news.de\/de\/wp-content\/uploads\/sites\/3\/Telegram-Gruender-Durov-quotStolz-neben-Elon-Musk-zu-stehenquot.jpg","keywords":["Durov","ELON","Musk","Neben","quotStolz","stehenquot","TelegramGr\u00fcnder"],"articleSection":["Deutschland","Russland"],"inLanguage":"de","potentialAction":[{"@type":"CommentAction","name":"Comment","target":["https:\/\/now-news.de\/de\/deutschland\/telegram-gruender-durov-stolz-neben-elon-musk-zu-stehen\/#respond"]}]},{"@type":"WebPage","@id":"https:\/\/now-news.de\/de\/deutschland\/telegram-gruender-durov-stolz-neben-elon-musk-zu-stehen\/","url":"https:\/\/now-news.de\/de\/deutschland\/telegram-gruender-durov-stolz-neben-elon-musk-zu-stehen\/","name":"Telegram-Gr\u00fcnder Durov: &quot;Stolz, neben Elon Musk zu stehen&quot; - just-now.NEWS Deutschland","isPartOf":{"@id":"https:\/\/now-news.de\/de\/#website"},"primaryImageOfPage":{"@id":"https:\/\/now-news.de\/de\/deutschland\/telegram-gruender-durov-stolz-neben-elon-musk-zu-stehen\/#primaryimage"},"image":{"@id":"https:\/\/now-news.de\/de\/deutschland\/telegram-gruender-durov-stolz-neben-elon-musk-zu-stehen\/#primaryimage"},"thumbnailUrl":"https:\/\/now-news.de\/de\/wp-content\/uploads\/sites\/3\/Telegram-Gruender-Durov-quotStolz-neben-Elon-Musk-zu-stehenquot.jpg","datePublished":"2026-04-20T18:15:31+00:00","dateModified":"2026-04-20T18:15:31+00:00","breadcrumb":{"@id":"https:\/\/now-news.de\/de\/deutschland\/telegram-gruender-durov-stolz-neben-elon-musk-zu-stehen\/#breadcrumb"},"inLanguage":"de","potentialAction":[{"@type":"ReadAction","target":["https:\/\/now-news.de\/de\/deutschland\/telegram-gruender-durov-stolz-neben-elon-musk-zu-stehen\/"]}]},{"@type":"ImageObject","inLanguage":"de","@id":"https:\/\/now-news.de\/de\/deutschland\/telegram-gruender-durov-stolz-neben-elon-musk-zu-stehen\/#primaryimage","url":"https:\/\/now-news.de\/de\/wp-content\/uploads\/sites\/3\/Telegram-Gruender-Durov-quotStolz-neben-Elon-Musk-zu-stehenquot.jpg","contentUrl":"https:\/\/now-news.de\/de\/wp-content\/uploads\/sites\/3\/Telegram-Gruender-Durov-quotStolz-neben-Elon-Musk-zu-stehenquot.jpg","caption":"Telegram-Gr\u00fcnder Durov: &quot;Stolz, neben Elon Musk zu stehen&quot;"},{"@type":"BreadcrumbList","@id":"https:\/\/now-news.de\/de\/deutschland\/telegram-gruender-durov-stolz-neben-elon-musk-zu-stehen\/#breadcrumb","itemListElement":[{"@type":"ListItem","position":1,"name":"Home","item":"https:\/\/now-news.de\/de\/"},{"@type":"ListItem","position":2,"name":"Telegram-Gr\u00fcnder Durov: &quot;Stolz, neben Elon Musk zu stehen&quot;"}]},{"@type":"WebSite","@id":"https:\/\/now-news.de\/de\/#website","url":"https:\/\/now-news.de\/de\/","name":"just-now.NEWS Deutschland","description":"Das Portal f\u00fcr unzensierte Nachrichten aus der Welt","publisher":{"@id":"https:\/\/now-news.de\/de\/#organization"},"potentialAction":[{"@type":"SearchAction","target":{"@type":"EntryPoint","urlTemplate":"https:\/\/now-news.de\/de\/?s={search_term_string}"},"query-input":"required name=search_term_string"}],"inLanguage":"de"},{"@type":"Organization","@id":"https:\/\/now-news.de\/de\/#organization","name":"Just Now News","url":"https:\/\/now-news.de\/de\/","logo":{"@type":"ImageObject","inLanguage":"de","@id":"https:\/\/now-news.de\/de\/#\/schema\/logo\/image\/","url":"http:\/\/just-now.news\/de\/wp-content\/uploads\/sites\/3\/2022\/04\/logo500x500.jpg","contentUrl":"http:\/\/just-now.news\/de\/wp-content\/uploads\/sites\/3\/2022\/04\/logo500x500.jpg","width":500,"height":500,"caption":"Just Now News"},"image":{"@id":"https:\/\/now-news.de\/de\/#\/schema\/logo\/image\/"},"sameAs":["https:\/\/www.facebook.com\/wirmachenauf","https:\/\/x.com\/WirMachenAuf_de"]},{"@type":"Person","@id":"https:\/\/now-news.de\/de\/#\/schema\/person\/fb534a4e865501d8b3285208df34a9b5","name":"rtnews","image":{"@type":"ImageObject","inLanguage":"de","@id":"https:\/\/now-news.de\/de\/#\/schema\/person\/image\/","url":"https:\/\/secure.gravatar.com\/avatar\/82aafea7d8127119dd649515f56e2117?s=96&d=mm&r=g","contentUrl":"https:\/\/secure.gravatar.com\/avatar\/82aafea7d8127119dd649515f56e2117?s=96&d=mm&r=g","caption":"rtnews"},"url":"https:\/\/now-news.de\/de\/author\/rnews\/"}]}},"_links":{"self":[{"href":"https:\/\/now-news.de\/de\/wp-json\/wp\/v2\/posts\/102020"}],"collection":[{"href":"https:\/\/now-news.de\/de\/wp-json\/wp\/v2\/posts"}],"about":[{"href":"https:\/\/now-news.de\/de\/wp-json\/wp\/v2\/types\/post"}],"author":[{"embeddable":true,"href":"https:\/\/now-news.de\/de\/wp-json\/wp\/v2\/users\/3"}],"replies":[{"embeddable":true,"href":"https:\/\/now-news.de\/de\/wp-json\/wp\/v2\/comments?post=102020"}],"version-history":[{"count":0,"href":"https:\/\/now-news.de\/de\/wp-json\/wp\/v2\/posts\/102020\/revisions"}],"wp:featuredmedia":[{"embeddable":true,"href":"https:\/\/now-news.de\/de\/wp-json\/wp\/v2\/media\/102021"}],"wp:attachment":[{"href":"https:\/\/now-news.de\/de\/wp-json\/wp\/v2\/media?parent=102020"}],"wp:term":[{"taxonomy":"category","embeddable":true,"href":"https:\/\/now-news.de\/de\/wp-json\/wp\/v2\/categories?post=102020"},{"taxonomy":"post_tag","embeddable":true,"href":"https:\/\/now-news.de\/de\/wp-json\/wp\/v2\/tags?post=102020"}],"curies":[{"name":"wp","href":"https:\/\/api.w.org\/{rel}","templated":true}]}}