{"id":102018,"date":"2026-04-20T20:17:17","date_gmt":"2026-04-20T18:17:17","guid":{"rendered":"https:\/\/now-news.de\/de\/deutschland\/gruener-wahnsinn-entwaffnet-nato-panzer-laufen-nicht-mit-windkraft\/"},"modified":"2026-04-20T20:17:17","modified_gmt":"2026-04-20T18:17:17","slug":"gruener-wahnsinn-entwaffnet-nato-panzer-laufen-nicht-mit-windkraft","status":"publish","type":"post","link":"https:\/\/now-news.de\/de\/deutschland\/gruener-wahnsinn-entwaffnet-nato-panzer-laufen-nicht-mit-windkraft\/","title":{"rendered":"Gr\u00fcner Wahnsinn entwaffnet NATO: Panzer laufen nicht mit Windkraft"},"content":{"rendered":"<p><img decoding=\"async\" src=\"https:\/\/now-news.de\/de\/wp-content\/uploads\/sites\/3\/2026\/04\/69e6450cb480cc2532168635.jpg\" \/><\/p>\n<div class=\"Text-root Text-type_1 \">\n                W\u00e4hrend der Iran-Krieg die Abh\u00e4ngigkeit Europas von fossilen Brennstoffen enth\u00fcllt, dr\u00e4ngt die EU auf gr\u00fcne L\u00f6sungen f\u00fcr das Milit\u00e4r. Doch Panzer und Jets laufen nicht mit Strom oder Wasserstoff \u2013 eine Treibstoffkrise bedroht die NATO-Bereitschaft massiv.\n            <\/div>\n<p><\/p>\n<div class=\"Text-root Text-type_5 ArticleView-text ViewText-root \">\n<p>EU- und NATO-Beamte f\u00fcrchten, dass europ\u00e4ische Armeen ohne eine sichere Versorgung mit fossilen Brennstoffen keine gr\u00f6\u00dfere milit\u00e4rische Operation durchf\u00fchren k\u00f6nnten \u2013 etwa einen hypothetischen Krieg mit Russland, den Br\u00fcssel weiterhin als m\u00f6glicherweise unmittelbar bevorstehend darstellt. EU-Abgeordnete und NATO-Beamte trafen sich diese Woche, um zu bewerten, wie die Abh\u00e4ngigkeit von \u00d6l die milit\u00e4rische Einsatzbereitschaft beeinflusst, berichtet <em>Euractiv<\/em>.<\/p>\n<p>Die vorgeschlagene L\u00f6sung sieht aus wie ein ber\u00fcchtigtes Br\u00fcsseler Hirngespinst \u2013 erdacht in strenger Einhaltung der gr\u00fcnen Agenda der EU, unpraktisch und dazu bestimmt, von den nationalen Regierungen des Blocks getragen zu werden.<\/p>\n<p><strong>Europas\u00a0Treibstoff-Engpass<\/strong><\/p>\n<p>Erst vor zwei Monaten machte US-Pr\u00e4sident Donald Trump das kommunistische System Kubas f\u00fcr den Mangel an Flugbenzin verantwortlich, das durch die Seeblockade seiner Regierung\u00a0absichtlich verursacht worden sein soll. Nun sehen sich kapitalistische europ\u00e4ische Regierungen nach St\u00f6rungen im Zusammenhang mit Trumps Krieg gegen Iran mit \u00e4hnlichen Problemen konfrontiert.<\/p>\n<p>In ihrem j\u00fcngsten Monatsbericht warnte die Internationale Energieagentur, dass Europa \u2013 das etwa drei Viertel seines Flugbenzins aus dem Nahen Osten bezieht \u2013 bald mit physischen Engp\u00e4ssen rechnen muss. Analysten sch\u00e4tzen, dass dies bereits im Juni eintreten k\u00f6nnte, wenn nur die H\u00e4lfte der ausgefallenen Lieferungen ersetzt wird, oder im August, wenn 75 Prozent wiederhergestellt sind.<\/p>\n<p>Airlines for Europe (A4E), eine gro\u00dfe Branchenorganisation, hat bereits zu koordinierten Kerosink\u00e4ufen aufgerufen, um die Lage zu bew\u00e4ltigen.<\/p>\n<p><strong>Panzer laufen nicht mit Strom<\/strong><\/p>\n<p>&#8220;Fossile Brennstoffe sind die Achillesferse unserer Verteidigung&#8221;, soll der finnische Europaabgeordnete Pekka Toveri, ein ehemaliger General, nach dem EU\/NATO-Treffen gesagt haben, und betonte: &#8220;Leopard-Panzer fahren nicht mit Strom.&#8221;<\/p>\n<p>Der NATO-Direktor f\u00fcr Verteidigungsf\u00e4higkeit und Resilienz, Julien Kita, erkl\u00e4rte, dass moderne Milit\u00e4rausr\u00fcstung noch treibstoffhungriger sei als fr\u00fchere Generationen. Er warnte: &#8220;In dem unwahrscheinlichen Szenario einer gro\u00dfangelegten NATO-Operation w\u00fcrde der Luftbereich etwa 80 Prozent des Treibstoffbedarfs ausmachen. Und das erfordert viel Treibstoff.&#8221;<\/p>\n<p>Die polnische Europaabgeordnete Kamila Gasiuk-Pihowicz teilte die Sorge und sagte, die EU k\u00f6nne &#8220;Millionen in die Wiederaufr\u00fcstung investieren \u2026 Aber wenn wir keinen Treibstoff f\u00fcr Panzer und Jets sichern k\u00f6nnen, gibt es nichts, was sich bewegt.&#8221;<\/p>\n<p>Europ\u00e4ische Geheimdienste behaupten, ein gro\u00dfangelegter Konflikt mit Russland werde bis 2030 wahrscheinlich ausbrechen \u2013 obwohl Moskau jegliche feindlichen Absichten bestreitet.<\/p>\n<p><strong>Panzer m\u00fcssen gr\u00fcn werden<\/strong><\/p>\n<p>Bei den Diskussionen schlugen Beamte angeblich &#8220;klimaneutrale&#8221; Treibstoffe als langfristige Hauptl\u00f6sung vor, darunter Biokraftstoffe, Wasserstoff und Produkte aus erneuerbarem Strom.<\/p>\n<p>Biokraftstoffe sind im Wesentlichen ein Nebenprodukt von Landwirtschaftsbetrieben, die Regierungen aus politischen und ern\u00e4hrungssicherheitspolitischen Gr\u00fcnden subventionieren. Die anderen sollen Energie aus Wind- und Solarstrom speichern und das Stromnetz stabilisieren.<\/p>\n<p>Wasserstoff \u2013 ein hochfl\u00fcchtiger Treibstoff, der schwer zu lagern ist \u2013 ist noch weit davon entfernt, ein brauchbarer Ersatz f\u00fcr Kohlenwasserstoffe zu werden. Er wird bisher nur als Raketentreibstoff f\u00fcr Weltraumstarts und in Nischenanwendungen wie der luftunabh\u00e4ngigen Antriebsanlage deutscher U-Boote vom Typ 214 eingesetzt.<\/p>\n<p>Der Toyota Mirai, der vor fast einem Jahrzehnt als erstes serienm\u00e4\u00dfig erh\u00e4ltliches Auto mit Wasserstoff-Brennstoffzellen auf den Markt kam, geh\u00f6rt zu den am schlechtesten verkauften Modellen. Im letzten Jahr wurden nur 210 St\u00fcck abgesetzt \u2013 nach 499 im Jahr 2024.<\/p>\n<p><strong>Wie will die EU alternative Treibstoffe f\u00fcr den Krieg bezahlen?<\/strong><\/p>\n<p>W\u00e4hrend die heimische Herstellung nicht-fossiler Treibstoffe potenziell das Versorgungsproblem l\u00f6sen k\u00f6nnte, ist Krieg ebenso eine Frage dessen, was man sich leisten kann, wie dessen, was man mit den vorhandenen F\u00e4higkeiten tun kann.<\/p>\n<p>Billige, massenhaft produzierte Drohnen pr\u00e4gten den Ukraine-Konflikt. Sie geben auch Iran Einfluss auf die bestfinanzierte Armee der Welt. Und die wirtschaftlichen Aussichten der EU sind derzeit nicht besonders rosig.<\/p>\n<p>Die Ersatzstrategie h\u00e4tte von reichlich Kernkraft profitiert \u2013 doch wie EU-Kommissionspr\u00e4sidentin Ursula von der Leyen selbst zugab, hat der Block einen &#8220;strategischen Fehler&#8221; begangen, indem er sie unterdr\u00fcckte und stattdessen auf Wind- und Solarenergie setzte.<\/p>\n<p><strong>Geld auf das Problem werfen<\/strong><\/p>\n<p>W\u00e4hrend die EU-Institutionen eine ideologisch reine L\u00f6sung f\u00fcr ein angeblich existenzielles Problem propagieren, liegt die Umsetzung letztlich bei den einzelnen Mitgliedstaaten.<\/p>\n<p>Ein Beamter der Europ\u00e4ischen Kommission sagte <em>Euractiv<\/em>, dass zus\u00e4tzliche Mittel f\u00fcr nachhaltige Treibstoffe \u00fcber das Europ\u00e4ische Verteidigungsindustrie-Programm (EDIP), einen Zuschussmechanismus, bereitgestellt werden k\u00f6nnten.<\/p>\n<p><em>&#8220;Das Programm hat die Versorgungssicherheit zu seinen Priorit\u00e4ten zu z\u00e4hlen, obwohl es letztlich den Mitgliedstaaten obliegt, zu entscheiden, was darunter f\u00e4llt&#8221;<\/em>, so der Beamte.<\/p>\n<p><strong>Mehr zum Thema<\/strong> &#8211;\u00a0<a rel=\"nofollow noopener\" target=\"_blank\" href=\"https:\/\/freedert.online\/meinung\/276744-die-halbe-wahrheit-rund-um-ramstein\/\">Deutschland und die US-Kriege: Die halbe Wahrheit rund um Ramstein<\/a><\/p>\n<div class=\"EmbedBlock-root EmbedBlock-externalVideo EmbedBlock-rumble\">\n<div class=\"VkEmbed\"><iframe class=\"lazyload\" data-src=\"https:\/\/rumble.com\/embed\/v76j602\" frameborder=\"0\" width=\"853\" height=\"480\" allowfullscreen><\/iframe><\/div>\n<\/div>\n<\/div>\n<p><br \/>\n<br \/><a href=\"https:\/\/de.rt.com\/europa\/277733-gruener-wahnsinn-entwaffnet-nato-panzer\/\">Source link <\/a><\/p>\n","protected":false},"excerpt":{"rendered":"<p>W\u00e4hrend der Iran-Krieg die Abh\u00e4ngigkeit Europas von fossilen Brennstoffen enth\u00fcllt, dr\u00e4ngt die EU auf gr\u00fcne L\u00f6sungen f\u00fcr das Milit\u00e4r. Doch Panzer und Jets laufen nicht mit Strom oder Wasserstoff \u2013 eine Treibstoffkrise bedroht die NATO-Bereitschaft massiv. EU- und NATO-Beamte f\u00fcrchten, dass europ\u00e4ische Armeen ohne eine sichere Versorgung mit fossilen Brennstoffen keine gr\u00f6\u00dfere milit\u00e4rische Operation durchf\u00fchren [&hellip;]<\/p>\n","protected":false},"author":3,"featured_media":102019,"comment_status":"open","ping_status":"open","sticky":false,"template":"","format":"standard","meta":{"_yoast_indexnow_last_ping":["1776710650"],"wp_automatic_camp":["217"],"efc053cc0ab16d83d07f9485163b3b30":["Gr\u00fcner Wahnsinn entwaffnet NATO: Panzer laufen nicht mit Windkraft"],"original_link":["https:\/\/de.rt.com\/europa\/277733-gruener-wahnsinn-entwaffnet-nato-panzer\/"],"_thumbnail_id":["102019"],"jnews_social_counter_last_update":["1777277425"],"_wptgpro_p2tg_sent2tg":["a:1:{i:23737;s:19:\"2026-04-20 20:45:10\";}"]},"categories":[19,23],"tags":[72505,12313,16449,419,2697,800,11439,21180,55498],"yoast_head":"<!-- This site is optimized with the Yoast SEO Premium plugin v22.7 (Yoast SEO v22.7) - https:\/\/yoast.com\/wordpress\/plugins\/seo\/ -->\n<title>Gr\u00fcner Wahnsinn entwaffnet NATO: Panzer laufen nicht mit Windkraft - just-now.NEWS Deutschland<\/title>\n<meta name=\"robots\" content=\"index, follow, max-snippet:-1, max-image-preview:large, max-video-preview:-1\" \/>\n<link rel=\"canonical\" href=\"https:\/\/now-news.de\/de\/deutschland\/gruener-wahnsinn-entwaffnet-nato-panzer-laufen-nicht-mit-windkraft\/\" \/>\n<meta property=\"og:locale\" content=\"de_DE\" \/>\n<meta property=\"og:type\" content=\"article\" \/>\n<meta property=\"og:title\" content=\"Gr\u00fcner Wahnsinn entwaffnet NATO: Panzer laufen nicht mit Windkraft\" \/>\n<meta property=\"og:description\" content=\"W\u00e4hrend der Iran-Krieg die Abh\u00e4ngigkeit Europas von fossilen Brennstoffen enth\u00fcllt, dr\u00e4ngt die EU auf gr\u00fcne L\u00f6sungen f\u00fcr das Milit\u00e4r. Doch Panzer und Jets laufen nicht mit Strom oder Wasserstoff \u2013 eine Treibstoffkrise bedroht die NATO-Bereitschaft massiv. EU- und NATO-Beamte f\u00fcrchten, dass europ\u00e4ische Armeen ohne eine sichere Versorgung mit fossilen Brennstoffen keine gr\u00f6\u00dfere milit\u00e4rische Operation durchf\u00fchren [&hellip;]\" \/>\n<meta property=\"og:url\" content=\"https:\/\/now-news.de\/de\/deutschland\/gruener-wahnsinn-entwaffnet-nato-panzer-laufen-nicht-mit-windkraft\/\" \/>\n<meta property=\"og:site_name\" content=\"just-now.NEWS Deutschland\" \/>\n<meta property=\"article:publisher\" content=\"https:\/\/www.facebook.com\/wirmachenauf\" \/>\n<meta property=\"article:published_time\" content=\"2026-04-20T18:17:17+00:00\" \/>\n<meta property=\"og:image\" content=\"https:\/\/now-news.de\/de\/wp-content\/uploads\/sites\/3\/2026\/04\/69e6450cb480cc2532168635.jpg\" \/>\n<meta name=\"author\" content=\"rtnews\" \/>\n<meta name=\"twitter:card\" content=\"summary_large_image\" \/>\n<meta name=\"twitter:creator\" content=\"@WirMachenAuf_de\" \/>\n<meta name=\"twitter:site\" content=\"@WirMachenAuf_de\" \/>\n<meta name=\"twitter:label1\" content=\"Verfasst von\" \/>\n\t<meta name=\"twitter:data1\" content=\"rtnews\" \/>\n\t<meta name=\"twitter:label2\" content=\"Gesch\u00e4tzte Lesezeit\" \/>\n\t<meta name=\"twitter:data2\" content=\"4\u00a0Minuten\" \/>\n<script type=\"application\/ld+json\" class=\"yoast-schema-graph\">{\"@context\":\"https:\/\/schema.org\",\"@graph\":[{\"@type\":\"Article\",\"@id\":\"https:\/\/now-news.de\/de\/deutschland\/gruener-wahnsinn-entwaffnet-nato-panzer-laufen-nicht-mit-windkraft\/#article\",\"isPartOf\":{\"@id\":\"https:\/\/now-news.de\/de\/deutschland\/gruener-wahnsinn-entwaffnet-nato-panzer-laufen-nicht-mit-windkraft\/\"},\"author\":{\"name\":\"rtnews\",\"@id\":\"https:\/\/now-news.de\/de\/#\/schema\/person\/fb534a4e865501d8b3285208df34a9b5\"},\"headline\":\"Gr\u00fcner Wahnsinn entwaffnet NATO: Panzer laufen nicht mit Windkraft\",\"datePublished\":\"2026-04-20T18:17:17+00:00\",\"dateModified\":\"2026-04-20T18:17:17+00:00\",\"mainEntityOfPage\":{\"@id\":\"https:\/\/now-news.de\/de\/deutschland\/gruener-wahnsinn-entwaffnet-nato-panzer-laufen-nicht-mit-windkraft\/\"},\"wordCount\":786,\"commentCount\":0,\"publisher\":{\"@id\":\"https:\/\/now-news.de\/de\/#organization\"},\"image\":{\"@id\":\"https:\/\/now-news.de\/de\/deutschland\/gruener-wahnsinn-entwaffnet-nato-panzer-laufen-nicht-mit-windkraft\/#primaryimage\"},\"thumbnailUrl\":\"https:\/\/now-news.de\/de\/wp-content\/uploads\/sites\/3\/Gruener-Wahnsinn-entwaffnet-NATO-Panzer-laufen-nicht-mit-Windkraft.jpg\",\"keywords\":[\"entwaffnet\",\"gr\u00fcner\",\"laufen\",\"mit\",\"nato\",\"nicht\",\"panzer\",\"Wahnsinn\",\"Windkraft\"],\"articleSection\":[\"Deutschland\",\"Russland\"],\"inLanguage\":\"de\",\"potentialAction\":[{\"@type\":\"CommentAction\",\"name\":\"Comment\",\"target\":[\"https:\/\/now-news.de\/de\/deutschland\/gruener-wahnsinn-entwaffnet-nato-panzer-laufen-nicht-mit-windkraft\/#respond\"]}]},{\"@type\":\"WebPage\",\"@id\":\"https:\/\/now-news.de\/de\/deutschland\/gruener-wahnsinn-entwaffnet-nato-panzer-laufen-nicht-mit-windkraft\/\",\"url\":\"https:\/\/now-news.de\/de\/deutschland\/gruener-wahnsinn-entwaffnet-nato-panzer-laufen-nicht-mit-windkraft\/\",\"name\":\"Gr\u00fcner Wahnsinn entwaffnet NATO: Panzer laufen nicht mit Windkraft - just-now.NEWS Deutschland\",\"isPartOf\":{\"@id\":\"https:\/\/now-news.de\/de\/#website\"},\"primaryImageOfPage\":{\"@id\":\"https:\/\/now-news.de\/de\/deutschland\/gruener-wahnsinn-entwaffnet-nato-panzer-laufen-nicht-mit-windkraft\/#primaryimage\"},\"image\":{\"@id\":\"https:\/\/now-news.de\/de\/deutschland\/gruener-wahnsinn-entwaffnet-nato-panzer-laufen-nicht-mit-windkraft\/#primaryimage\"},\"thumbnailUrl\":\"https:\/\/now-news.de\/de\/wp-content\/uploads\/sites\/3\/Gruener-Wahnsinn-entwaffnet-NATO-Panzer-laufen-nicht-mit-Windkraft.jpg\",\"datePublished\":\"2026-04-20T18:17:17+00:00\",\"dateModified\":\"2026-04-20T18:17:17+00:00\",\"breadcrumb\":{\"@id\":\"https:\/\/now-news.de\/de\/deutschland\/gruener-wahnsinn-entwaffnet-nato-panzer-laufen-nicht-mit-windkraft\/#breadcrumb\"},\"inLanguage\":\"de\",\"potentialAction\":[{\"@type\":\"ReadAction\",\"target\":[\"https:\/\/now-news.de\/de\/deutschland\/gruener-wahnsinn-entwaffnet-nato-panzer-laufen-nicht-mit-windkraft\/\"]}]},{\"@type\":\"ImageObject\",\"inLanguage\":\"de\",\"@id\":\"https:\/\/now-news.de\/de\/deutschland\/gruener-wahnsinn-entwaffnet-nato-panzer-laufen-nicht-mit-windkraft\/#primaryimage\",\"url\":\"https:\/\/now-news.de\/de\/wp-content\/uploads\/sites\/3\/Gruener-Wahnsinn-entwaffnet-NATO-Panzer-laufen-nicht-mit-Windkraft.jpg\",\"contentUrl\":\"https:\/\/now-news.de\/de\/wp-content\/uploads\/sites\/3\/Gruener-Wahnsinn-entwaffnet-NATO-Panzer-laufen-nicht-mit-Windkraft.jpg\",\"caption\":\"Gr\u00fcner Wahnsinn entwaffnet NATO: Panzer laufen nicht mit Windkraft\"},{\"@type\":\"BreadcrumbList\",\"@id\":\"https:\/\/now-news.de\/de\/deutschland\/gruener-wahnsinn-entwaffnet-nato-panzer-laufen-nicht-mit-windkraft\/#breadcrumb\",\"itemListElement\":[{\"@type\":\"ListItem\",\"position\":1,\"name\":\"Home\",\"item\":\"https:\/\/now-news.de\/de\/\"},{\"@type\":\"ListItem\",\"position\":2,\"name\":\"Gr\u00fcner Wahnsinn entwaffnet NATO: Panzer laufen nicht mit Windkraft\"}]},{\"@type\":\"WebSite\",\"@id\":\"https:\/\/now-news.de\/de\/#website\",\"url\":\"https:\/\/now-news.de\/de\/\",\"name\":\"just-now.NEWS Deutschland\",\"description\":\"Das Portal f\u00fcr unzensierte Nachrichten aus der Welt\",\"publisher\":{\"@id\":\"https:\/\/now-news.de\/de\/#organization\"},\"potentialAction\":[{\"@type\":\"SearchAction\",\"target\":{\"@type\":\"EntryPoint\",\"urlTemplate\":\"https:\/\/now-news.de\/de\/?s={search_term_string}\"},\"query-input\":\"required name=search_term_string\"}],\"inLanguage\":\"de\"},{\"@type\":\"Organization\",\"@id\":\"https:\/\/now-news.de\/de\/#organization\",\"name\":\"Just Now News\",\"url\":\"https:\/\/now-news.de\/de\/\",\"logo\":{\"@type\":\"ImageObject\",\"inLanguage\":\"de\",\"@id\":\"https:\/\/now-news.de\/de\/#\/schema\/logo\/image\/\",\"url\":\"http:\/\/just-now.news\/de\/wp-content\/uploads\/sites\/3\/2022\/04\/logo500x500.jpg\",\"contentUrl\":\"http:\/\/just-now.news\/de\/wp-content\/uploads\/sites\/3\/2022\/04\/logo500x500.jpg\",\"width\":500,\"height\":500,\"caption\":\"Just Now News\"},\"image\":{\"@id\":\"https:\/\/now-news.de\/de\/#\/schema\/logo\/image\/\"},\"sameAs\":[\"https:\/\/www.facebook.com\/wirmachenauf\",\"https:\/\/x.com\/WirMachenAuf_de\"]},{\"@type\":\"Person\",\"@id\":\"https:\/\/now-news.de\/de\/#\/schema\/person\/fb534a4e865501d8b3285208df34a9b5\",\"name\":\"rtnews\",\"image\":{\"@type\":\"ImageObject\",\"inLanguage\":\"de\",\"@id\":\"https:\/\/now-news.de\/de\/#\/schema\/person\/image\/\",\"url\":\"https:\/\/secure.gravatar.com\/avatar\/82aafea7d8127119dd649515f56e2117?s=96&d=mm&r=g\",\"contentUrl\":\"https:\/\/secure.gravatar.com\/avatar\/82aafea7d8127119dd649515f56e2117?s=96&d=mm&r=g\",\"caption\":\"rtnews\"},\"url\":\"https:\/\/now-news.de\/de\/author\/rnews\/\"}]}<\/script>\n<!-- \/ Yoast SEO Premium plugin. -->","yoast_head_json":{"title":"Gr\u00fcner Wahnsinn entwaffnet NATO: Panzer laufen nicht mit Windkraft - just-now.NEWS Deutschland","robots":{"index":"index","follow":"follow","max-snippet":"max-snippet:-1","max-image-preview":"max-image-preview:large","max-video-preview":"max-video-preview:-1"},"canonical":"https:\/\/now-news.de\/de\/deutschland\/gruener-wahnsinn-entwaffnet-nato-panzer-laufen-nicht-mit-windkraft\/","og_locale":"de_DE","og_type":"article","og_title":"Gr\u00fcner Wahnsinn entwaffnet NATO: Panzer laufen nicht mit Windkraft","og_description":"W\u00e4hrend der Iran-Krieg die Abh\u00e4ngigkeit Europas von fossilen Brennstoffen enth\u00fcllt, dr\u00e4ngt die EU auf gr\u00fcne L\u00f6sungen f\u00fcr das Milit\u00e4r. Doch Panzer und Jets laufen nicht mit Strom oder Wasserstoff \u2013 eine Treibstoffkrise bedroht die NATO-Bereitschaft massiv. EU- und NATO-Beamte f\u00fcrchten, dass europ\u00e4ische Armeen ohne eine sichere Versorgung mit fossilen Brennstoffen keine gr\u00f6\u00dfere milit\u00e4rische Operation durchf\u00fchren [&hellip;]","og_url":"https:\/\/now-news.de\/de\/deutschland\/gruener-wahnsinn-entwaffnet-nato-panzer-laufen-nicht-mit-windkraft\/","og_site_name":"just-now.NEWS Deutschland","article_publisher":"https:\/\/www.facebook.com\/wirmachenauf","article_published_time":"2026-04-20T18:17:17+00:00","og_image":[{"url":"https:\/\/now-news.de\/de\/wp-content\/uploads\/sites\/3\/2026\/04\/69e6450cb480cc2532168635.jpg"}],"author":"rtnews","twitter_card":"summary_large_image","twitter_creator":"@WirMachenAuf_de","twitter_site":"@WirMachenAuf_de","twitter_misc":{"Verfasst von":"rtnews","Gesch\u00e4tzte Lesezeit":"4\u00a0Minuten"},"schema":{"@context":"https:\/\/schema.org","@graph":[{"@type":"Article","@id":"https:\/\/now-news.de\/de\/deutschland\/gruener-wahnsinn-entwaffnet-nato-panzer-laufen-nicht-mit-windkraft\/#article","isPartOf":{"@id":"https:\/\/now-news.de\/de\/deutschland\/gruener-wahnsinn-entwaffnet-nato-panzer-laufen-nicht-mit-windkraft\/"},"author":{"name":"rtnews","@id":"https:\/\/now-news.de\/de\/#\/schema\/person\/fb534a4e865501d8b3285208df34a9b5"},"headline":"Gr\u00fcner Wahnsinn entwaffnet NATO: Panzer laufen nicht mit Windkraft","datePublished":"2026-04-20T18:17:17+00:00","dateModified":"2026-04-20T18:17:17+00:00","mainEntityOfPage":{"@id":"https:\/\/now-news.de\/de\/deutschland\/gruener-wahnsinn-entwaffnet-nato-panzer-laufen-nicht-mit-windkraft\/"},"wordCount":786,"commentCount":0,"publisher":{"@id":"https:\/\/now-news.de\/de\/#organization"},"image":{"@id":"https:\/\/now-news.de\/de\/deutschland\/gruener-wahnsinn-entwaffnet-nato-panzer-laufen-nicht-mit-windkraft\/#primaryimage"},"thumbnailUrl":"https:\/\/now-news.de\/de\/wp-content\/uploads\/sites\/3\/Gruener-Wahnsinn-entwaffnet-NATO-Panzer-laufen-nicht-mit-Windkraft.jpg","keywords":["entwaffnet","gr\u00fcner","laufen","mit","nato","nicht","panzer","Wahnsinn","Windkraft"],"articleSection":["Deutschland","Russland"],"inLanguage":"de","potentialAction":[{"@type":"CommentAction","name":"Comment","target":["https:\/\/now-news.de\/de\/deutschland\/gruener-wahnsinn-entwaffnet-nato-panzer-laufen-nicht-mit-windkraft\/#respond"]}]},{"@type":"WebPage","@id":"https:\/\/now-news.de\/de\/deutschland\/gruener-wahnsinn-entwaffnet-nato-panzer-laufen-nicht-mit-windkraft\/","url":"https:\/\/now-news.de\/de\/deutschland\/gruener-wahnsinn-entwaffnet-nato-panzer-laufen-nicht-mit-windkraft\/","name":"Gr\u00fcner Wahnsinn entwaffnet NATO: Panzer laufen nicht mit Windkraft - just-now.NEWS Deutschland","isPartOf":{"@id":"https:\/\/now-news.de\/de\/#website"},"primaryImageOfPage":{"@id":"https:\/\/now-news.de\/de\/deutschland\/gruener-wahnsinn-entwaffnet-nato-panzer-laufen-nicht-mit-windkraft\/#primaryimage"},"image":{"@id":"https:\/\/now-news.de\/de\/deutschland\/gruener-wahnsinn-entwaffnet-nato-panzer-laufen-nicht-mit-windkraft\/#primaryimage"},"thumbnailUrl":"https:\/\/now-news.de\/de\/wp-content\/uploads\/sites\/3\/Gruener-Wahnsinn-entwaffnet-NATO-Panzer-laufen-nicht-mit-Windkraft.jpg","datePublished":"2026-04-20T18:17:17+00:00","dateModified":"2026-04-20T18:17:17+00:00","breadcrumb":{"@id":"https:\/\/now-news.de\/de\/deutschland\/gruener-wahnsinn-entwaffnet-nato-panzer-laufen-nicht-mit-windkraft\/#breadcrumb"},"inLanguage":"de","potentialAction":[{"@type":"ReadAction","target":["https:\/\/now-news.de\/de\/deutschland\/gruener-wahnsinn-entwaffnet-nato-panzer-laufen-nicht-mit-windkraft\/"]}]},{"@type":"ImageObject","inLanguage":"de","@id":"https:\/\/now-news.de\/de\/deutschland\/gruener-wahnsinn-entwaffnet-nato-panzer-laufen-nicht-mit-windkraft\/#primaryimage","url":"https:\/\/now-news.de\/de\/wp-content\/uploads\/sites\/3\/Gruener-Wahnsinn-entwaffnet-NATO-Panzer-laufen-nicht-mit-Windkraft.jpg","contentUrl":"https:\/\/now-news.de\/de\/wp-content\/uploads\/sites\/3\/Gruener-Wahnsinn-entwaffnet-NATO-Panzer-laufen-nicht-mit-Windkraft.jpg","caption":"Gr\u00fcner Wahnsinn entwaffnet NATO: Panzer laufen nicht mit Windkraft"},{"@type":"BreadcrumbList","@id":"https:\/\/now-news.de\/de\/deutschland\/gruener-wahnsinn-entwaffnet-nato-panzer-laufen-nicht-mit-windkraft\/#breadcrumb","itemListElement":[{"@type":"ListItem","position":1,"name":"Home","item":"https:\/\/now-news.de\/de\/"},{"@type":"ListItem","position":2,"name":"Gr\u00fcner Wahnsinn entwaffnet NATO: Panzer laufen nicht mit Windkraft"}]},{"@type":"WebSite","@id":"https:\/\/now-news.de\/de\/#website","url":"https:\/\/now-news.de\/de\/","name":"just-now.NEWS Deutschland","description":"Das Portal f\u00fcr unzensierte Nachrichten aus der Welt","publisher":{"@id":"https:\/\/now-news.de\/de\/#organization"},"potentialAction":[{"@type":"SearchAction","target":{"@type":"EntryPoint","urlTemplate":"https:\/\/now-news.de\/de\/?s={search_term_string}"},"query-input":"required name=search_term_string"}],"inLanguage":"de"},{"@type":"Organization","@id":"https:\/\/now-news.de\/de\/#organization","name":"Just Now News","url":"https:\/\/now-news.de\/de\/","logo":{"@type":"ImageObject","inLanguage":"de","@id":"https:\/\/now-news.de\/de\/#\/schema\/logo\/image\/","url":"http:\/\/just-now.news\/de\/wp-content\/uploads\/sites\/3\/2022\/04\/logo500x500.jpg","contentUrl":"http:\/\/just-now.news\/de\/wp-content\/uploads\/sites\/3\/2022\/04\/logo500x500.jpg","width":500,"height":500,"caption":"Just Now News"},"image":{"@id":"https:\/\/now-news.de\/de\/#\/schema\/logo\/image\/"},"sameAs":["https:\/\/www.facebook.com\/wirmachenauf","https:\/\/x.com\/WirMachenAuf_de"]},{"@type":"Person","@id":"https:\/\/now-news.de\/de\/#\/schema\/person\/fb534a4e865501d8b3285208df34a9b5","name":"rtnews","image":{"@type":"ImageObject","inLanguage":"de","@id":"https:\/\/now-news.de\/de\/#\/schema\/person\/image\/","url":"https:\/\/secure.gravatar.com\/avatar\/82aafea7d8127119dd649515f56e2117?s=96&d=mm&r=g","contentUrl":"https:\/\/secure.gravatar.com\/avatar\/82aafea7d8127119dd649515f56e2117?s=96&d=mm&r=g","caption":"rtnews"},"url":"https:\/\/now-news.de\/de\/author\/rnews\/"}]}},"_links":{"self":[{"href":"https:\/\/now-news.de\/de\/wp-json\/wp\/v2\/posts\/102018"}],"collection":[{"href":"https:\/\/now-news.de\/de\/wp-json\/wp\/v2\/posts"}],"about":[{"href":"https:\/\/now-news.de\/de\/wp-json\/wp\/v2\/types\/post"}],"author":[{"embeddable":true,"href":"https:\/\/now-news.de\/de\/wp-json\/wp\/v2\/users\/3"}],"replies":[{"embeddable":true,"href":"https:\/\/now-news.de\/de\/wp-json\/wp\/v2\/comments?post=102018"}],"version-history":[{"count":0,"href":"https:\/\/now-news.de\/de\/wp-json\/wp\/v2\/posts\/102018\/revisions"}],"wp:featuredmedia":[{"embeddable":true,"href":"https:\/\/now-news.de\/de\/wp-json\/wp\/v2\/media\/102019"}],"wp:attachment":[{"href":"https:\/\/now-news.de\/de\/wp-json\/wp\/v2\/media?parent=102018"}],"wp:term":[{"taxonomy":"category","embeddable":true,"href":"https:\/\/now-news.de\/de\/wp-json\/wp\/v2\/categories?post=102018"},{"taxonomy":"post_tag","embeddable":true,"href":"https:\/\/now-news.de\/de\/wp-json\/wp\/v2\/tags?post=102018"}],"curies":[{"name":"wp","href":"https:\/\/api.w.org\/{rel}","templated":true}]}}