{"id":101997,"date":"2026-04-20T15:55:49","date_gmt":"2026-04-20T13:55:49","guid":{"rendered":"https:\/\/now-news.de\/de\/deutschland\/keir-starmers-stuhl-wackelt-mandelsons-problem-war-allen-klar\/"},"modified":"2026-04-20T15:55:49","modified_gmt":"2026-04-20T13:55:49","slug":"keir-starmers-stuhl-wackelt-mandelsons-problem-war-allen-klar","status":"publish","type":"post","link":"https:\/\/now-news.de\/de\/deutschland\/keir-starmers-stuhl-wackelt-mandelsons-problem-war-allen-klar\/","title":{"rendered":"Keir Starmers Stuhl wackelt \u2013 Mandelsons Problem war allen klar"},"content":{"rendered":"<p><img decoding=\"async\" src=\"https:\/\/now-news.de\/de\/wp-content\/uploads\/sites\/3\/2026\/04\/69e62598b480cc255c6632d6.jpg\" \/><\/p>\n<div class=\"Text-root Text-type_1 \">\n                Viele britische Politiker bezweifeln, dass Keir Starmer nichts \u00fcber die Epstein-Verbindung des britischen US-Botschafters Mandelson wusste. Immer mehr sehen ihn als L\u00fcgner. Ein ehemaliger MI6-Chef erkl\u00e4rte: Der Premier w\u00e4hlte einen Botschafter, dessen Integrit\u00e4tsprobleme bekannt waren.\n            <\/div>\n<p><\/p>\n<div class=\"Text-root Text-type_5 ArticleView-text ViewText-root \">\n<p>In dieser Woche wird sich entscheiden, ob Keir Starmer als britischer Regierungschef im Amt bleibt. Zun\u00e4chst muss Starmer am Montag vor dem Parlament in Westminster erkl\u00e4ren, warum er seinen Labour-Parteifreund Peter Mandelson Anfang 2025 zum neuen britischen Botschafter in den USA berief. Mittlerweile sei klar, so das\u00a0<em>Handelsblatt<\/em>\u00a0<a rel=\"nofollow noopener\" target=\"_blank\" href=\"https:\/\/www.handelsblatt.com\/politik\/international\/grossbritannien-showdown-um-starmers-politisches-ueberleben-beginnt\/100217842.html\">am Sonntag<\/a>, dass die f\u00fcr Mandelsons obligatorische Sicherheits\u00fcberpr\u00fcfung zust\u00e4ndigen Beamten sich zuvor gegen die Berufung des ehemaligen Vertrauten des amerikanischen Sexualstraft\u00e4ters Jeffrey Epstein ausgesprochen hatten.<\/p>\n<p>Allerdings sei Starmer angeblich nicht \u00fcber das negative Ergebnis der Sicherheits\u00fcberpr\u00fcfung\u00a0 informiert worden, behauptet er selbst. Dazu muss sich der zust\u00e4ndige Vertreter des Au\u00dfenministeriums, Olly Robbins, am Dienstag vor dem Parlamentsausschuss erkl\u00e4ren. Ob seines angeblichen Vers\u00e4umnisses wurde Robbins bereits in der vergangenen Woche von Keir Starmer entlassen. Der Premierminister bezeichnete es als &#8220;unentschuldbar&#8221;, dass das Au\u00dfenministerium ihn nicht davor gewarnt habe, Mandelson zum Botschafter zu ernennen. \u00a0<\/p>\n<p>Der R\u00fccktritt des britischen Regierungschefs am Montagabend sei unwahrscheinlich,\u00a0<a rel=\"nofollow noopener\" target=\"_blank\" href=\"https:\/\/www.theguardian.com\/politics\/live\/2026\/apr\/20\/keir-starmer-peter-mandelson-vetting-reform-immigration-iran-latest-news-updates\">schrieb<\/a>\u00a0der\u00a0<em>Guardian<\/em>\u00a0am Montag. Doch die meisten Labour-Abgeordneten &#8220;waren bereits der Ansicht, dass er nicht die richtige Person ist, um sie in die n\u00e4chste Parlamentswahl zu f\u00fchren, und die Ereignisse der letzten Tage haben diese Ansicht best\u00e4tigt,&#8221; kommentierte die Zeitung.<\/p>\n<p>Die Vorsitzende der Konservativen Partei, Kemi Badenoch, habe den britischen Premier\u00a0<a rel=\"nofollow noopener\" target=\"_blank\" href=\"https:\/\/www.theguardian.com\/politics\/live\/2026\/apr\/17\/peter-mandelson-keir-starmer-olly-robbins-vetting-foreign-office-latest-news-updates?page=with%3Ablock-69e1dacb8f0802e30ef2de37#block-69e1dacb8f0802e30ef2de37\">am Freitag<\/a>\u00a0in der Sendung\u00a0<em>Today<\/em>\u00a0sogar ganz offen der L\u00fcge bezichtigt. Ihr zufolge habe Starmer bez\u00fcglich seiner Kenntnisse \u00fcber die negativen Ergebnisse der Sicherheits\u00fcberpr\u00fcfung von Mandelson gelogen: Es sei &#8220;v\u00f6llig absurd die Erkl\u00e4rung des Premiers im Unterhaus zu glauben, wonach die zust\u00e4ndigen Beamten ihn nicht \u00fcber die negativen Pr\u00fcfungsergebnisse in Kenntnis gesetzt haben&#8221;. Kemi betonte: &#8220;Es spielt keine Rolle, welche Geschichten der Premierminister erz\u00e4hlt, [\u2026] sie k\u00f6nnen nicht alle wahr sein, und deshalb wei\u00df ich, dass er l\u00fcgt.&#8221;<\/p>\n<p>Der britische\u00a0<em>Telegraph<\/em>\u00a0ver\u00f6ffentlichte, dass Keir Starmer auf die Sicherheitsrisiken hingewiesen worden sei. Wortw\u00f6rtlich soll eine hochrangige Quelle gegen\u00fcber dem\u00a0<em>Telegraph<\/em>\u00a0erkl\u00e4rt haben: &#8220;Tats\u00e4chlich war Starmer bereits vor den erheblichen Risiken gewarnt worden, und er hatte sie abgetan.&#8221; Unter Bezugnahme auf den\u00a0<em>Telegraph-Bericht\u00a0<\/em>erkl\u00e4rte der Parteivorsitzende von Reform UK, Nigel Farage, es sei &#8220;unm\u00f6glich&#8221;, dass Starmer nichts von den Bedenken gewusst habe. Starmer habe bez\u00fcglich der Sicherheits\u00fcberpr\u00fcfung von Mandelson &#8220;gelogen&#8221;. Farage erkl\u00e4rte zur Glaubw\u00fcrdigkeit von Starmer und zu dessen politischer Zukunft:\u00a0<\/p>\n<p>&#8220;Ich finde die ganze Sache einfach v\u00f6llig unglaublich. Unglaublich! Es ist unm\u00f6glich, dass der Premierminister davon nichts gewusst haben k\u00f6nnte.&#8221;<\/p>\n<p>&#8220;Die Labour-Hinterb\u00e4nkler sind noch nicht in der Stimmung, ihren Premierminister loszuwerden, obwohl sie es nach dem 7. Mai vielleicht doch sein k\u00f6nnten.&#8221;<\/p>\n<p><em>The Independent<\/em>\u00a0meldete, die Sicherheitspr\u00fcfer h\u00e4tten Mandelson vor allem hinsichtlich seiner gesch\u00e4ftlichen Verbindungen zu China f\u00fcr nicht unbedenklich befunden. Es habe aber auch Bef\u00fcrchtungen gegeben, &#8220;dass seine fr\u00fcheren Verbindungen zu dem in Ungnade gefallenen Finanzier und verurteilten P\u00e4dophilen Jeffrey Epstein &#8216;ihn kompromittieren&#8217; w\u00fcrden.&#8221;<\/p>\n<p>Gegen\u00fcber\u00a0<em>GB News<\/em>\u00a0\u00e4u\u00dferte sich auch der ehemalige Chef des britischen Geheimdienstes Richard Dearlove:<strong>\u00a0&#8220;<\/strong>Das Problem liegt letztlich darin, dass der Premierminister einen Botschafter ausgew\u00e4hlt hat, der bekannterma\u00dfen Integrit\u00e4tsprobleme hat. Das war bei Peter Mandelson allen klar, wenn man sich seine Vergangenheit ansieht.&#8221;<\/p>\n<p><strong>Mehr zum Thema<\/strong> &#8211;\u00a0<a rel=\"nofollow noopener\" target=\"_blank\" href=\"https:\/\/dert.online\/europa\/269671-epstein-affaire-morgan-mcsweeney-tritt\/\">Epstein-Aff\u00e4re: Morgan McSweeney tritt als Stabschef von Keir Starmer zur\u00fcck<\/a><\/p>\n<div class=\"EmbedBlock-root EmbedBlock-externalVideo EmbedBlock-rumble\">\n<div class=\"VkEmbed\"><iframe class=\"lazyload\" data-src=\"https:\/\/rumble.com\/embed\/v736tks\" frameborder=\"0\" width=\"853\" height=\"480\" allowfullscreen><\/iframe><\/div>\n<\/div>\n<\/div>\n<p><br \/>\n<br \/><a href=\"https:\/\/de.rt.com\/europa\/277710-keir-starmers-stuhl-wackelt-ehemaliger\/\">Source link <\/a><\/p>\n","protected":false},"excerpt":{"rendered":"<p>Viele britische Politiker bezweifeln, dass Keir Starmer nichts \u00fcber die Epstein-Verbindung des britischen US-Botschafters Mandelson wusste. Immer mehr sehen ihn als L\u00fcgner. Ein ehemaliger MI6-Chef erkl\u00e4rte: Der Premier w\u00e4hlte einen Botschafter, dessen Integrit\u00e4tsprobleme bekannt waren. In dieser Woche wird sich entscheiden, ob Keir Starmer als britischer Regierungschef im Amt bleibt. Zun\u00e4chst muss Starmer am Montag [&hellip;]<\/p>\n","protected":false},"author":3,"featured_media":101998,"comment_status":"open","ping_status":"open","sticky":false,"template":"","format":"standard","meta":{"_yoast_indexnow_last_ping":["1776694212"],"wp_automatic_camp":["217"],"403f7d92882aec2d3c9c04d9fda3c09e":["Keir Starmers Stuhl wackelt \u2013 Mandelsons Problem war allen klar"],"original_link":["https:\/\/de.rt.com\/europa\/277710-keir-starmers-stuhl-wackelt-ehemaliger\/"],"_thumbnail_id":["101998"],"jnews_social_counter_last_update":["1777053067"],"_wptgpro_p2tg_sent2tg":["a:1:{i:23737;s:19:\"2026-04-20 16:11:10\";}"]},"categories":[19,23],"tags":[5142,41382,23116,72502,17161,71119,136,24030,2223],"yoast_head":"<!-- This site is optimized with the Yoast SEO Premium plugin v22.7 (Yoast SEO v22.7) - https:\/\/yoast.com\/wordpress\/plugins\/seo\/ -->\n<title>Keir Starmers Stuhl wackelt \u2013 Mandelsons Problem war allen klar - just-now.NEWS Deutschland<\/title>\n<meta name=\"robots\" content=\"index, follow, max-snippet:-1, max-image-preview:large, max-video-preview:-1\" \/>\n<link rel=\"canonical\" href=\"https:\/\/now-news.de\/de\/deutschland\/keir-starmers-stuhl-wackelt-mandelsons-problem-war-allen-klar\/\" \/>\n<meta property=\"og:locale\" content=\"de_DE\" \/>\n<meta property=\"og:type\" content=\"article\" \/>\n<meta property=\"og:title\" content=\"Keir Starmers Stuhl wackelt \u2013 Mandelsons Problem war allen klar\" \/>\n<meta property=\"og:description\" content=\"Viele britische Politiker bezweifeln, dass Keir Starmer nichts \u00fcber die Epstein-Verbindung des britischen US-Botschafters Mandelson wusste. Immer mehr sehen ihn als L\u00fcgner. Ein ehemaliger MI6-Chef erkl\u00e4rte: Der Premier w\u00e4hlte einen Botschafter, dessen Integrit\u00e4tsprobleme bekannt waren. In dieser Woche wird sich entscheiden, ob Keir Starmer als britischer Regierungschef im Amt bleibt. Zun\u00e4chst muss Starmer am Montag [&hellip;]\" \/>\n<meta property=\"og:url\" content=\"https:\/\/now-news.de\/de\/deutschland\/keir-starmers-stuhl-wackelt-mandelsons-problem-war-allen-klar\/\" \/>\n<meta property=\"og:site_name\" content=\"just-now.NEWS Deutschland\" \/>\n<meta property=\"article:publisher\" content=\"https:\/\/www.facebook.com\/wirmachenauf\" \/>\n<meta property=\"article:published_time\" content=\"2026-04-20T13:55:49+00:00\" \/>\n<meta property=\"og:image\" content=\"https:\/\/now-news.de\/de\/wp-content\/uploads\/sites\/3\/2026\/04\/69e62598b480cc255c6632d6.jpg\" \/>\n<meta name=\"author\" content=\"rtnews\" \/>\n<meta name=\"twitter:card\" content=\"summary_large_image\" \/>\n<meta name=\"twitter:creator\" content=\"@WirMachenAuf_de\" \/>\n<meta name=\"twitter:site\" content=\"@WirMachenAuf_de\" \/>\n<meta name=\"twitter:label1\" content=\"Verfasst von\" \/>\n\t<meta name=\"twitter:data1\" content=\"rtnews\" \/>\n\t<meta name=\"twitter:label2\" content=\"Gesch\u00e4tzte Lesezeit\" \/>\n\t<meta name=\"twitter:data2\" content=\"3\u00a0Minuten\" \/>\n<script type=\"application\/ld+json\" class=\"yoast-schema-graph\">{\"@context\":\"https:\/\/schema.org\",\"@graph\":[{\"@type\":\"Article\",\"@id\":\"https:\/\/now-news.de\/de\/deutschland\/keir-starmers-stuhl-wackelt-mandelsons-problem-war-allen-klar\/#article\",\"isPartOf\":{\"@id\":\"https:\/\/now-news.de\/de\/deutschland\/keir-starmers-stuhl-wackelt-mandelsons-problem-war-allen-klar\/\"},\"author\":{\"name\":\"rtnews\",\"@id\":\"https:\/\/now-news.de\/de\/#\/schema\/person\/fb534a4e865501d8b3285208df34a9b5\"},\"headline\":\"Keir Starmers Stuhl wackelt \u2013 Mandelsons Problem war allen klar\",\"datePublished\":\"2026-04-20T13:55:49+00:00\",\"dateModified\":\"2026-04-20T13:55:49+00:00\",\"mainEntityOfPage\":{\"@id\":\"https:\/\/now-news.de\/de\/deutschland\/keir-starmers-stuhl-wackelt-mandelsons-problem-war-allen-klar\/\"},\"wordCount\":612,\"commentCount\":0,\"publisher\":{\"@id\":\"https:\/\/now-news.de\/de\/#organization\"},\"image\":{\"@id\":\"https:\/\/now-news.de\/de\/deutschland\/keir-starmers-stuhl-wackelt-mandelsons-problem-war-allen-klar\/#primaryimage\"},\"thumbnailUrl\":\"https:\/\/now-news.de\/de\/wp-content\/uploads\/sites\/3\/Keir-Starmers-Stuhl-wackelt-\u2013-Mandelsons-Problem-war-allen-klar.jpg\",\"keywords\":[\"allen\",\"Keir\",\"klar\",\"Mandelsons\",\"problem\",\"Starmers\",\"STUHL\",\"wackelt\",\"War\"],\"articleSection\":[\"Deutschland\",\"Russland\"],\"inLanguage\":\"de\",\"potentialAction\":[{\"@type\":\"CommentAction\",\"name\":\"Comment\",\"target\":[\"https:\/\/now-news.de\/de\/deutschland\/keir-starmers-stuhl-wackelt-mandelsons-problem-war-allen-klar\/#respond\"]}]},{\"@type\":\"WebPage\",\"@id\":\"https:\/\/now-news.de\/de\/deutschland\/keir-starmers-stuhl-wackelt-mandelsons-problem-war-allen-klar\/\",\"url\":\"https:\/\/now-news.de\/de\/deutschland\/keir-starmers-stuhl-wackelt-mandelsons-problem-war-allen-klar\/\",\"name\":\"Keir Starmers Stuhl wackelt \u2013 Mandelsons Problem war allen klar - just-now.NEWS Deutschland\",\"isPartOf\":{\"@id\":\"https:\/\/now-news.de\/de\/#website\"},\"primaryImageOfPage\":{\"@id\":\"https:\/\/now-news.de\/de\/deutschland\/keir-starmers-stuhl-wackelt-mandelsons-problem-war-allen-klar\/#primaryimage\"},\"image\":{\"@id\":\"https:\/\/now-news.de\/de\/deutschland\/keir-starmers-stuhl-wackelt-mandelsons-problem-war-allen-klar\/#primaryimage\"},\"thumbnailUrl\":\"https:\/\/now-news.de\/de\/wp-content\/uploads\/sites\/3\/Keir-Starmers-Stuhl-wackelt-\u2013-Mandelsons-Problem-war-allen-klar.jpg\",\"datePublished\":\"2026-04-20T13:55:49+00:00\",\"dateModified\":\"2026-04-20T13:55:49+00:00\",\"breadcrumb\":{\"@id\":\"https:\/\/now-news.de\/de\/deutschland\/keir-starmers-stuhl-wackelt-mandelsons-problem-war-allen-klar\/#breadcrumb\"},\"inLanguage\":\"de\",\"potentialAction\":[{\"@type\":\"ReadAction\",\"target\":[\"https:\/\/now-news.de\/de\/deutschland\/keir-starmers-stuhl-wackelt-mandelsons-problem-war-allen-klar\/\"]}]},{\"@type\":\"ImageObject\",\"inLanguage\":\"de\",\"@id\":\"https:\/\/now-news.de\/de\/deutschland\/keir-starmers-stuhl-wackelt-mandelsons-problem-war-allen-klar\/#primaryimage\",\"url\":\"https:\/\/now-news.de\/de\/wp-content\/uploads\/sites\/3\/Keir-Starmers-Stuhl-wackelt-\u2013-Mandelsons-Problem-war-allen-klar.jpg\",\"contentUrl\":\"https:\/\/now-news.de\/de\/wp-content\/uploads\/sites\/3\/Keir-Starmers-Stuhl-wackelt-\u2013-Mandelsons-Problem-war-allen-klar.jpg\",\"caption\":\"Keir Starmers Stuhl wackelt \u2013 Mandelsons Problem war allen klar\"},{\"@type\":\"BreadcrumbList\",\"@id\":\"https:\/\/now-news.de\/de\/deutschland\/keir-starmers-stuhl-wackelt-mandelsons-problem-war-allen-klar\/#breadcrumb\",\"itemListElement\":[{\"@type\":\"ListItem\",\"position\":1,\"name\":\"Home\",\"item\":\"https:\/\/now-news.de\/de\/\"},{\"@type\":\"ListItem\",\"position\":2,\"name\":\"Keir Starmers Stuhl wackelt \u2013 Mandelsons Problem war allen klar\"}]},{\"@type\":\"WebSite\",\"@id\":\"https:\/\/now-news.de\/de\/#website\",\"url\":\"https:\/\/now-news.de\/de\/\",\"name\":\"just-now.NEWS Deutschland\",\"description\":\"Das Portal f\u00fcr unzensierte Nachrichten aus der Welt\",\"publisher\":{\"@id\":\"https:\/\/now-news.de\/de\/#organization\"},\"potentialAction\":[{\"@type\":\"SearchAction\",\"target\":{\"@type\":\"EntryPoint\",\"urlTemplate\":\"https:\/\/now-news.de\/de\/?s={search_term_string}\"},\"query-input\":\"required name=search_term_string\"}],\"inLanguage\":\"de\"},{\"@type\":\"Organization\",\"@id\":\"https:\/\/now-news.de\/de\/#organization\",\"name\":\"Just Now News\",\"url\":\"https:\/\/now-news.de\/de\/\",\"logo\":{\"@type\":\"ImageObject\",\"inLanguage\":\"de\",\"@id\":\"https:\/\/now-news.de\/de\/#\/schema\/logo\/image\/\",\"url\":\"http:\/\/just-now.news\/de\/wp-content\/uploads\/sites\/3\/2022\/04\/logo500x500.jpg\",\"contentUrl\":\"http:\/\/just-now.news\/de\/wp-content\/uploads\/sites\/3\/2022\/04\/logo500x500.jpg\",\"width\":500,\"height\":500,\"caption\":\"Just Now News\"},\"image\":{\"@id\":\"https:\/\/now-news.de\/de\/#\/schema\/logo\/image\/\"},\"sameAs\":[\"https:\/\/www.facebook.com\/wirmachenauf\",\"https:\/\/x.com\/WirMachenAuf_de\"]},{\"@type\":\"Person\",\"@id\":\"https:\/\/now-news.de\/de\/#\/schema\/person\/fb534a4e865501d8b3285208df34a9b5\",\"name\":\"rtnews\",\"image\":{\"@type\":\"ImageObject\",\"inLanguage\":\"de\",\"@id\":\"https:\/\/now-news.de\/de\/#\/schema\/person\/image\/\",\"url\":\"https:\/\/secure.gravatar.com\/avatar\/82aafea7d8127119dd649515f56e2117?s=96&d=mm&r=g\",\"contentUrl\":\"https:\/\/secure.gravatar.com\/avatar\/82aafea7d8127119dd649515f56e2117?s=96&d=mm&r=g\",\"caption\":\"rtnews\"},\"url\":\"https:\/\/now-news.de\/de\/author\/rnews\/\"}]}<\/script>\n<!-- \/ Yoast SEO Premium plugin. -->","yoast_head_json":{"title":"Keir Starmers Stuhl wackelt \u2013 Mandelsons Problem war allen klar - just-now.NEWS Deutschland","robots":{"index":"index","follow":"follow","max-snippet":"max-snippet:-1","max-image-preview":"max-image-preview:large","max-video-preview":"max-video-preview:-1"},"canonical":"https:\/\/now-news.de\/de\/deutschland\/keir-starmers-stuhl-wackelt-mandelsons-problem-war-allen-klar\/","og_locale":"de_DE","og_type":"article","og_title":"Keir Starmers Stuhl wackelt \u2013 Mandelsons Problem war allen klar","og_description":"Viele britische Politiker bezweifeln, dass Keir Starmer nichts \u00fcber die Epstein-Verbindung des britischen US-Botschafters Mandelson wusste. Immer mehr sehen ihn als L\u00fcgner. Ein ehemaliger MI6-Chef erkl\u00e4rte: Der Premier w\u00e4hlte einen Botschafter, dessen Integrit\u00e4tsprobleme bekannt waren. In dieser Woche wird sich entscheiden, ob Keir Starmer als britischer Regierungschef im Amt bleibt. Zun\u00e4chst muss Starmer am Montag [&hellip;]","og_url":"https:\/\/now-news.de\/de\/deutschland\/keir-starmers-stuhl-wackelt-mandelsons-problem-war-allen-klar\/","og_site_name":"just-now.NEWS Deutschland","article_publisher":"https:\/\/www.facebook.com\/wirmachenauf","article_published_time":"2026-04-20T13:55:49+00:00","og_image":[{"url":"https:\/\/now-news.de\/de\/wp-content\/uploads\/sites\/3\/2026\/04\/69e62598b480cc255c6632d6.jpg"}],"author":"rtnews","twitter_card":"summary_large_image","twitter_creator":"@WirMachenAuf_de","twitter_site":"@WirMachenAuf_de","twitter_misc":{"Verfasst von":"rtnews","Gesch\u00e4tzte Lesezeit":"3\u00a0Minuten"},"schema":{"@context":"https:\/\/schema.org","@graph":[{"@type":"Article","@id":"https:\/\/now-news.de\/de\/deutschland\/keir-starmers-stuhl-wackelt-mandelsons-problem-war-allen-klar\/#article","isPartOf":{"@id":"https:\/\/now-news.de\/de\/deutschland\/keir-starmers-stuhl-wackelt-mandelsons-problem-war-allen-klar\/"},"author":{"name":"rtnews","@id":"https:\/\/now-news.de\/de\/#\/schema\/person\/fb534a4e865501d8b3285208df34a9b5"},"headline":"Keir Starmers Stuhl wackelt \u2013 Mandelsons Problem war allen klar","datePublished":"2026-04-20T13:55:49+00:00","dateModified":"2026-04-20T13:55:49+00:00","mainEntityOfPage":{"@id":"https:\/\/now-news.de\/de\/deutschland\/keir-starmers-stuhl-wackelt-mandelsons-problem-war-allen-klar\/"},"wordCount":612,"commentCount":0,"publisher":{"@id":"https:\/\/now-news.de\/de\/#organization"},"image":{"@id":"https:\/\/now-news.de\/de\/deutschland\/keir-starmers-stuhl-wackelt-mandelsons-problem-war-allen-klar\/#primaryimage"},"thumbnailUrl":"https:\/\/now-news.de\/de\/wp-content\/uploads\/sites\/3\/Keir-Starmers-Stuhl-wackelt-\u2013-Mandelsons-Problem-war-allen-klar.jpg","keywords":["allen","Keir","klar","Mandelsons","problem","Starmers","STUHL","wackelt","War"],"articleSection":["Deutschland","Russland"],"inLanguage":"de","potentialAction":[{"@type":"CommentAction","name":"Comment","target":["https:\/\/now-news.de\/de\/deutschland\/keir-starmers-stuhl-wackelt-mandelsons-problem-war-allen-klar\/#respond"]}]},{"@type":"WebPage","@id":"https:\/\/now-news.de\/de\/deutschland\/keir-starmers-stuhl-wackelt-mandelsons-problem-war-allen-klar\/","url":"https:\/\/now-news.de\/de\/deutschland\/keir-starmers-stuhl-wackelt-mandelsons-problem-war-allen-klar\/","name":"Keir Starmers Stuhl wackelt \u2013 Mandelsons Problem war allen klar - just-now.NEWS Deutschland","isPartOf":{"@id":"https:\/\/now-news.de\/de\/#website"},"primaryImageOfPage":{"@id":"https:\/\/now-news.de\/de\/deutschland\/keir-starmers-stuhl-wackelt-mandelsons-problem-war-allen-klar\/#primaryimage"},"image":{"@id":"https:\/\/now-news.de\/de\/deutschland\/keir-starmers-stuhl-wackelt-mandelsons-problem-war-allen-klar\/#primaryimage"},"thumbnailUrl":"https:\/\/now-news.de\/de\/wp-content\/uploads\/sites\/3\/Keir-Starmers-Stuhl-wackelt-\u2013-Mandelsons-Problem-war-allen-klar.jpg","datePublished":"2026-04-20T13:55:49+00:00","dateModified":"2026-04-20T13:55:49+00:00","breadcrumb":{"@id":"https:\/\/now-news.de\/de\/deutschland\/keir-starmers-stuhl-wackelt-mandelsons-problem-war-allen-klar\/#breadcrumb"},"inLanguage":"de","potentialAction":[{"@type":"ReadAction","target":["https:\/\/now-news.de\/de\/deutschland\/keir-starmers-stuhl-wackelt-mandelsons-problem-war-allen-klar\/"]}]},{"@type":"ImageObject","inLanguage":"de","@id":"https:\/\/now-news.de\/de\/deutschland\/keir-starmers-stuhl-wackelt-mandelsons-problem-war-allen-klar\/#primaryimage","url":"https:\/\/now-news.de\/de\/wp-content\/uploads\/sites\/3\/Keir-Starmers-Stuhl-wackelt-\u2013-Mandelsons-Problem-war-allen-klar.jpg","contentUrl":"https:\/\/now-news.de\/de\/wp-content\/uploads\/sites\/3\/Keir-Starmers-Stuhl-wackelt-\u2013-Mandelsons-Problem-war-allen-klar.jpg","caption":"Keir Starmers Stuhl wackelt \u2013 Mandelsons Problem war allen klar"},{"@type":"BreadcrumbList","@id":"https:\/\/now-news.de\/de\/deutschland\/keir-starmers-stuhl-wackelt-mandelsons-problem-war-allen-klar\/#breadcrumb","itemListElement":[{"@type":"ListItem","position":1,"name":"Home","item":"https:\/\/now-news.de\/de\/"},{"@type":"ListItem","position":2,"name":"Keir Starmers Stuhl wackelt \u2013 Mandelsons Problem war allen klar"}]},{"@type":"WebSite","@id":"https:\/\/now-news.de\/de\/#website","url":"https:\/\/now-news.de\/de\/","name":"just-now.NEWS Deutschland","description":"Das Portal f\u00fcr unzensierte Nachrichten aus der Welt","publisher":{"@id":"https:\/\/now-news.de\/de\/#organization"},"potentialAction":[{"@type":"SearchAction","target":{"@type":"EntryPoint","urlTemplate":"https:\/\/now-news.de\/de\/?s={search_term_string}"},"query-input":"required name=search_term_string"}],"inLanguage":"de"},{"@type":"Organization","@id":"https:\/\/now-news.de\/de\/#organization","name":"Just Now News","url":"https:\/\/now-news.de\/de\/","logo":{"@type":"ImageObject","inLanguage":"de","@id":"https:\/\/now-news.de\/de\/#\/schema\/logo\/image\/","url":"http:\/\/just-now.news\/de\/wp-content\/uploads\/sites\/3\/2022\/04\/logo500x500.jpg","contentUrl":"http:\/\/just-now.news\/de\/wp-content\/uploads\/sites\/3\/2022\/04\/logo500x500.jpg","width":500,"height":500,"caption":"Just Now News"},"image":{"@id":"https:\/\/now-news.de\/de\/#\/schema\/logo\/image\/"},"sameAs":["https:\/\/www.facebook.com\/wirmachenauf","https:\/\/x.com\/WirMachenAuf_de"]},{"@type":"Person","@id":"https:\/\/now-news.de\/de\/#\/schema\/person\/fb534a4e865501d8b3285208df34a9b5","name":"rtnews","image":{"@type":"ImageObject","inLanguage":"de","@id":"https:\/\/now-news.de\/de\/#\/schema\/person\/image\/","url":"https:\/\/secure.gravatar.com\/avatar\/82aafea7d8127119dd649515f56e2117?s=96&d=mm&r=g","contentUrl":"https:\/\/secure.gravatar.com\/avatar\/82aafea7d8127119dd649515f56e2117?s=96&d=mm&r=g","caption":"rtnews"},"url":"https:\/\/now-news.de\/de\/author\/rnews\/"}]}},"_links":{"self":[{"href":"https:\/\/now-news.de\/de\/wp-json\/wp\/v2\/posts\/101997"}],"collection":[{"href":"https:\/\/now-news.de\/de\/wp-json\/wp\/v2\/posts"}],"about":[{"href":"https:\/\/now-news.de\/de\/wp-json\/wp\/v2\/types\/post"}],"author":[{"embeddable":true,"href":"https:\/\/now-news.de\/de\/wp-json\/wp\/v2\/users\/3"}],"replies":[{"embeddable":true,"href":"https:\/\/now-news.de\/de\/wp-json\/wp\/v2\/comments?post=101997"}],"version-history":[{"count":0,"href":"https:\/\/now-news.de\/de\/wp-json\/wp\/v2\/posts\/101997\/revisions"}],"wp:featuredmedia":[{"embeddable":true,"href":"https:\/\/now-news.de\/de\/wp-json\/wp\/v2\/media\/101998"}],"wp:attachment":[{"href":"https:\/\/now-news.de\/de\/wp-json\/wp\/v2\/media?parent=101997"}],"wp:term":[{"taxonomy":"category","embeddable":true,"href":"https:\/\/now-news.de\/de\/wp-json\/wp\/v2\/categories?post=101997"},{"taxonomy":"post_tag","embeddable":true,"href":"https:\/\/now-news.de\/de\/wp-json\/wp\/v2\/tags?post=101997"}],"curies":[{"name":"wp","href":"https:\/\/api.w.org\/{rel}","templated":true}]}}