{"id":101960,"date":"2026-04-19T22:06:59","date_gmt":"2026-04-19T20:06:59","guid":{"rendered":"https:\/\/now-news.de\/de\/deutschland\/kolumbianischer-staatschef-warnt-usa-vor-lateinamerikanischer-rebellion\/"},"modified":"2026-04-19T22:06:59","modified_gmt":"2026-04-19T20:06:59","slug":"kolumbianischer-staatschef-warnt-usa-vor-lateinamerikanischer-rebellion","status":"publish","type":"post","link":"https:\/\/now-news.de\/de\/deutschland\/kolumbianischer-staatschef-warnt-usa-vor-lateinamerikanischer-rebellion\/","title":{"rendered":"Kolumbianischer Staatschef warnt USA vor lateinamerikanischer &quot;Rebellion&quot;"},"content":{"rendered":"<p><img decoding=\"async\" src=\"https:\/\/now-news.de\/de\/wp-content\/uploads\/sites\/3\/2026\/04\/69e5142348fbef3e6e4ba10d.jpg\" \/><\/p>\n<div class=\"Text-root Text-type_1 \">\n                Die beispiellose Einmischung der US-Regierung unter Donald Trump \u2013 einschlie\u00dflich der Entf\u00fchrung des venezolanischen Pr\u00e4sidenten Maduro \u2013 birgt die Gefahr einer historischen Gegenreaktion, warnte Kolumbiens Pr\u00e4sident Gustavo Petro. Eine &#8220;Rebellion&#8221; in Lateinamerika k\u00f6nne die Folge sein.\n            <\/div>\n<p><\/p>\n<div class=\"Text-root Text-type_5 ArticleView-text ViewText-root \">\n<p>Lateinamerika k\u00f6nnte in einer Rebellion gegen die USA explodieren, wenn diese ihre Strategie gegen\u00fcber der Region nicht \u00fcberdenken, warnte der kolumbianische Pr\u00e4sident Gustavo Petro. Er verwies dabei auf den Angriff auf Venezuela und die Entf\u00fchrung des Pr\u00e4sidenten Nicol\u00e1s Maduro.<\/p>\n<p>In einem am Samstag in<em> El Pa\u00eds<\/em> ver\u00f6ffentlichten Interview kritisierte Petro die US-Sanktionen gegen ihn scharf und bezeichnete sie als Instrument politischer Erpressung. Er verglich Washingtons Vorgehen mit Kolonialismus.<\/p>\n<p>Das US-Finanzministerium setzte Petro, seine Frau, seinen Sohn und den Innenminister im Oktober 2025 auf die Sanktionsliste. Als Grund wurde ihre mutma\u00dfliche Verwicklung in den globalen Drogenhandel angef\u00fchrt. Die USA erhoben \u00e4hnliche Vorw\u00fcrfe gegen Maduro, bevor dieser Anfang Januar bei einem US-Milit\u00e4reinsatz in Caracas entf\u00fchrt wurde. Sowohl Petro als auch Maduro wiesen die Anschuldigungen entschieden zur\u00fcck.<\/p>\n<p>&#8220;Dieses Instrument zur Bek\u00e4mpfung des Drogenhandels wird als Erpressungsmechanismus gegen diejenigen von uns missbraucht, die andere politische Ansichten vertreten. Es ist ein System wie das, das der spanische K\u00f6nig vor Jahrhunderten hatte. Und wie reagierte Lateinamerika? Mit Rebellion. Das wird jetzt passieren, wenn die US-Regierung ihre Beziehung zu Lateinamerika nicht \u00fcberdenkt&#8221;, sagte Petro.<\/p>\n<p>Der kolumbianische Pr\u00e4sident wies auf den weltweiten Schock hin, den die Entf\u00fchrung Maduros ausgel\u00f6st hatte. &#8220;Sie verfolgen einen und drohen, einen in die Vereinigten Staaten zu bringen, genau wie sie es mit Maduro getan haben&#8221;, sagte Petro und f\u00fcgte hinzu, dass Caracas &#8220;die erste lateinamerikanische Stadt war, die in ihrer Geschichte bombardiert wurde&#8221;.<\/p>\n<p>&#8220;Dies hat eine Wunde gerissen, die die gegenw\u00e4rtigen Machthaber \u00e4ngstlich hinnehmen und vor der sie niederknien&#8221;, f\u00fcgte er hinzu.<\/p>\n<p>In einem weiteren Interview mit <em>El Pa\u00eds<\/em> kritisierte auch der brasilianische Pr\u00e4sident Luiz In\u00e1cio Lula da Silva die Vorgehensweise der Trump-Regierung in der Weltpolitik, wobei er sich st\u00e4rker auf den Iran-Krieg konzentrierte.<\/p>\n<p>Trump spiele ein &#8220;sehr gef\u00e4hrliches Spiel&#8221;, warnte er, indem er davon ausgehe, dass die amerikanische Macht die Spielregeln bestimme. &#8220;Das kann aber nicht so sein, denn letztendlich schafft es Probleme f\u00fcr die USA.&#8221;<\/p>\n<p>Lula f\u00fcgte hinzu, der US-Pr\u00e4sident habe &#8220;kein Recht, morgens aufzuwachen und ein Land zu bedrohen&#8221;.<\/p>\n<p>Der brasilianische Pr\u00e4sident geh\u00f6rte zu den sch\u00e4rfsten Kritikern der Entf\u00fchrung Maduros. Diese habe eine &#8220;inakzeptable Grenze&#8221; \u00fcberschritten und erinnere an die schlimmsten Momente der Einmischung in die Politik Lateinamerikas.<\/p>\n<p><strong>Mehr zum Thema<\/strong> &#8211;\u00a0<a rel=\"nofollow noopener\" target=\"_blank\" href=\"https:\/\/freedert.online\/amerika\/274350-lula-da-silva-usa-wollen\/\">Lula da Silva: Die USA wollen uns &#8220;abermals kolonisieren&#8221;<\/a><\/p>\n<div class=\"EmbedBlock-root EmbedBlock-externalVideo EmbedBlock-rumble\">\n<div class=\"VkEmbed\"><iframe class=\"lazyload\" data-src=\"https:\/\/rumble.com\/embed\/v76j0ps\" frameborder=\"0\" width=\"853\" height=\"480\" allowfullscreen><\/iframe><\/div>\n<\/div>\n<\/div>\n<p><br \/>\n<br \/><a href=\"https:\/\/de.rt.com\/amerika\/277642-kolumbianischer-staatschef-warnt-usa-vor\/\">Source link <\/a><\/p>\n","protected":false},"excerpt":{"rendered":"<p>Die beispiellose Einmischung der US-Regierung unter Donald Trump \u2013 einschlie\u00dflich der Entf\u00fchrung des venezolanischen Pr\u00e4sidenten Maduro \u2013 birgt die Gefahr einer historischen Gegenreaktion, warnte Kolumbiens Pr\u00e4sident Gustavo Petro. Eine &#8220;Rebellion&#8221; in Lateinamerika k\u00f6nne die Folge sein. Lateinamerika k\u00f6nnte in einer Rebellion gegen die USA explodieren, wenn diese ihre Strategie gegen\u00fcber der Region nicht \u00fcberdenken, warnte [&hellip;]<\/p>\n","protected":false},"author":3,"featured_media":101961,"comment_status":"open","ping_status":"open","sticky":false,"template":"","format":"standard","meta":{"_yoast_indexnow_last_ping":["1776629707"],"wp_automatic_camp":["217"],"42527ed20c9688208a9a8a2233f69cfa":["Kolumbianischer Staatschef warnt USA vor lateinamerikanischer &quot;Rebellion&quot;"],"original_link":["https:\/\/de.rt.com\/amerika\/277642-kolumbianischer-staatschef-warnt-usa-vor\/"],"_thumbnail_id":["101961"],"jnews_social_counter_last_update":["1777797422"],"_wptgpro_p2tg_sent2tg":["a:1:{i:23737;s:19:\"2026-04-19 22:16:01\";}"]},"categories":[19,23],"tags":[6408,22290,72488,7782,193,320,912],"yoast_head":"<!-- This site is optimized with the Yoast SEO Premium plugin v22.7 (Yoast SEO v22.7) - https:\/\/yoast.com\/wordpress\/plugins\/seo\/ -->\n<title>Kolumbianischer Staatschef warnt USA vor lateinamerikanischer &quot;Rebellion&quot; - just-now.NEWS Deutschland<\/title>\n<meta name=\"robots\" content=\"index, follow, max-snippet:-1, max-image-preview:large, max-video-preview:-1\" \/>\n<link rel=\"canonical\" href=\"https:\/\/now-news.de\/de\/deutschland\/kolumbianischer-staatschef-warnt-usa-vor-lateinamerikanischer-rebellion\/\" \/>\n<meta property=\"og:locale\" content=\"de_DE\" \/>\n<meta property=\"og:type\" content=\"article\" \/>\n<meta property=\"og:title\" content=\"Kolumbianischer Staatschef warnt USA vor lateinamerikanischer &quot;Rebellion&quot;\" \/>\n<meta property=\"og:description\" content=\"Die beispiellose Einmischung der US-Regierung unter Donald Trump \u2013 einschlie\u00dflich der Entf\u00fchrung des venezolanischen Pr\u00e4sidenten Maduro \u2013 birgt die Gefahr einer historischen Gegenreaktion, warnte Kolumbiens Pr\u00e4sident Gustavo Petro. Eine &#8220;Rebellion&#8221; in Lateinamerika k\u00f6nne die Folge sein. Lateinamerika k\u00f6nnte in einer Rebellion gegen die USA explodieren, wenn diese ihre Strategie gegen\u00fcber der Region nicht \u00fcberdenken, warnte [&hellip;]\" \/>\n<meta property=\"og:url\" content=\"https:\/\/now-news.de\/de\/deutschland\/kolumbianischer-staatschef-warnt-usa-vor-lateinamerikanischer-rebellion\/\" \/>\n<meta property=\"og:site_name\" content=\"just-now.NEWS Deutschland\" \/>\n<meta property=\"article:publisher\" content=\"https:\/\/www.facebook.com\/wirmachenauf\" \/>\n<meta property=\"article:published_time\" content=\"2026-04-19T20:06:59+00:00\" \/>\n<meta property=\"og:image\" content=\"https:\/\/now-news.de\/de\/wp-content\/uploads\/sites\/3\/2026\/04\/69e5142348fbef3e6e4ba10d.jpg\" \/>\n<meta name=\"author\" content=\"rtnews\" \/>\n<meta name=\"twitter:card\" content=\"summary_large_image\" \/>\n<meta name=\"twitter:creator\" content=\"@WirMachenAuf_de\" \/>\n<meta name=\"twitter:site\" content=\"@WirMachenAuf_de\" \/>\n<meta name=\"twitter:label1\" content=\"Verfasst von\" \/>\n\t<meta name=\"twitter:data1\" content=\"rtnews\" \/>\n\t<meta name=\"twitter:label2\" content=\"Gesch\u00e4tzte Lesezeit\" \/>\n\t<meta name=\"twitter:data2\" content=\"2\u00a0Minuten\" \/>\n<script type=\"application\/ld+json\" class=\"yoast-schema-graph\">{\"@context\":\"https:\/\/schema.org\",\"@graph\":[{\"@type\":\"Article\",\"@id\":\"https:\/\/now-news.de\/de\/deutschland\/kolumbianischer-staatschef-warnt-usa-vor-lateinamerikanischer-rebellion\/#article\",\"isPartOf\":{\"@id\":\"https:\/\/now-news.de\/de\/deutschland\/kolumbianischer-staatschef-warnt-usa-vor-lateinamerikanischer-rebellion\/\"},\"author\":{\"name\":\"rtnews\",\"@id\":\"https:\/\/now-news.de\/de\/#\/schema\/person\/fb534a4e865501d8b3285208df34a9b5\"},\"headline\":\"Kolumbianischer Staatschef warnt USA vor lateinamerikanischer &quot;Rebellion&quot;\",\"datePublished\":\"2026-04-19T20:06:59+00:00\",\"dateModified\":\"2026-04-19T20:06:59+00:00\",\"mainEntityOfPage\":{\"@id\":\"https:\/\/now-news.de\/de\/deutschland\/kolumbianischer-staatschef-warnt-usa-vor-lateinamerikanischer-rebellion\/\"},\"wordCount\":455,\"commentCount\":0,\"publisher\":{\"@id\":\"https:\/\/now-news.de\/de\/#organization\"},\"image\":{\"@id\":\"https:\/\/now-news.de\/de\/deutschland\/kolumbianischer-staatschef-warnt-usa-vor-lateinamerikanischer-rebellion\/#primaryimage\"},\"thumbnailUrl\":\"https:\/\/now-news.de\/de\/wp-content\/uploads\/sites\/3\/Kolumbianischer-Staatschef-warnt-USA-vor-lateinamerikanischer-quotRebellionquot.jpg\",\"keywords\":[\"Kolumbianischer\",\"lateinamerikanischer\",\"quotRebellionquot\",\"Staatschef\",\"USA\",\"vor\",\"warnt\"],\"articleSection\":[\"Deutschland\",\"Russland\"],\"inLanguage\":\"de\",\"potentialAction\":[{\"@type\":\"CommentAction\",\"name\":\"Comment\",\"target\":[\"https:\/\/now-news.de\/de\/deutschland\/kolumbianischer-staatschef-warnt-usa-vor-lateinamerikanischer-rebellion\/#respond\"]}]},{\"@type\":\"WebPage\",\"@id\":\"https:\/\/now-news.de\/de\/deutschland\/kolumbianischer-staatschef-warnt-usa-vor-lateinamerikanischer-rebellion\/\",\"url\":\"https:\/\/now-news.de\/de\/deutschland\/kolumbianischer-staatschef-warnt-usa-vor-lateinamerikanischer-rebellion\/\",\"name\":\"Kolumbianischer Staatschef warnt USA vor lateinamerikanischer &quot;Rebellion&quot; - just-now.NEWS Deutschland\",\"isPartOf\":{\"@id\":\"https:\/\/now-news.de\/de\/#website\"},\"primaryImageOfPage\":{\"@id\":\"https:\/\/now-news.de\/de\/deutschland\/kolumbianischer-staatschef-warnt-usa-vor-lateinamerikanischer-rebellion\/#primaryimage\"},\"image\":{\"@id\":\"https:\/\/now-news.de\/de\/deutschland\/kolumbianischer-staatschef-warnt-usa-vor-lateinamerikanischer-rebellion\/#primaryimage\"},\"thumbnailUrl\":\"https:\/\/now-news.de\/de\/wp-content\/uploads\/sites\/3\/Kolumbianischer-Staatschef-warnt-USA-vor-lateinamerikanischer-quotRebellionquot.jpg\",\"datePublished\":\"2026-04-19T20:06:59+00:00\",\"dateModified\":\"2026-04-19T20:06:59+00:00\",\"breadcrumb\":{\"@id\":\"https:\/\/now-news.de\/de\/deutschland\/kolumbianischer-staatschef-warnt-usa-vor-lateinamerikanischer-rebellion\/#breadcrumb\"},\"inLanguage\":\"de\",\"potentialAction\":[{\"@type\":\"ReadAction\",\"target\":[\"https:\/\/now-news.de\/de\/deutschland\/kolumbianischer-staatschef-warnt-usa-vor-lateinamerikanischer-rebellion\/\"]}]},{\"@type\":\"ImageObject\",\"inLanguage\":\"de\",\"@id\":\"https:\/\/now-news.de\/de\/deutschland\/kolumbianischer-staatschef-warnt-usa-vor-lateinamerikanischer-rebellion\/#primaryimage\",\"url\":\"https:\/\/now-news.de\/de\/wp-content\/uploads\/sites\/3\/Kolumbianischer-Staatschef-warnt-USA-vor-lateinamerikanischer-quotRebellionquot.jpg\",\"contentUrl\":\"https:\/\/now-news.de\/de\/wp-content\/uploads\/sites\/3\/Kolumbianischer-Staatschef-warnt-USA-vor-lateinamerikanischer-quotRebellionquot.jpg\",\"caption\":\"Kolumbianischer Staatschef warnt USA vor lateinamerikanischer &quot;Rebellion&quot;\"},{\"@type\":\"BreadcrumbList\",\"@id\":\"https:\/\/now-news.de\/de\/deutschland\/kolumbianischer-staatschef-warnt-usa-vor-lateinamerikanischer-rebellion\/#breadcrumb\",\"itemListElement\":[{\"@type\":\"ListItem\",\"position\":1,\"name\":\"Home\",\"item\":\"https:\/\/now-news.de\/de\/\"},{\"@type\":\"ListItem\",\"position\":2,\"name\":\"Kolumbianischer Staatschef warnt USA vor lateinamerikanischer &quot;Rebellion&quot;\"}]},{\"@type\":\"WebSite\",\"@id\":\"https:\/\/now-news.de\/de\/#website\",\"url\":\"https:\/\/now-news.de\/de\/\",\"name\":\"just-now.NEWS Deutschland\",\"description\":\"Das Portal f\u00fcr unzensierte Nachrichten aus der Welt\",\"publisher\":{\"@id\":\"https:\/\/now-news.de\/de\/#organization\"},\"potentialAction\":[{\"@type\":\"SearchAction\",\"target\":{\"@type\":\"EntryPoint\",\"urlTemplate\":\"https:\/\/now-news.de\/de\/?s={search_term_string}\"},\"query-input\":\"required name=search_term_string\"}],\"inLanguage\":\"de\"},{\"@type\":\"Organization\",\"@id\":\"https:\/\/now-news.de\/de\/#organization\",\"name\":\"Just Now News\",\"url\":\"https:\/\/now-news.de\/de\/\",\"logo\":{\"@type\":\"ImageObject\",\"inLanguage\":\"de\",\"@id\":\"https:\/\/now-news.de\/de\/#\/schema\/logo\/image\/\",\"url\":\"http:\/\/just-now.news\/de\/wp-content\/uploads\/sites\/3\/2022\/04\/logo500x500.jpg\",\"contentUrl\":\"http:\/\/just-now.news\/de\/wp-content\/uploads\/sites\/3\/2022\/04\/logo500x500.jpg\",\"width\":500,\"height\":500,\"caption\":\"Just Now News\"},\"image\":{\"@id\":\"https:\/\/now-news.de\/de\/#\/schema\/logo\/image\/\"},\"sameAs\":[\"https:\/\/www.facebook.com\/wirmachenauf\",\"https:\/\/x.com\/WirMachenAuf_de\"]},{\"@type\":\"Person\",\"@id\":\"https:\/\/now-news.de\/de\/#\/schema\/person\/fb534a4e865501d8b3285208df34a9b5\",\"name\":\"rtnews\",\"image\":{\"@type\":\"ImageObject\",\"inLanguage\":\"de\",\"@id\":\"https:\/\/now-news.de\/de\/#\/schema\/person\/image\/\",\"url\":\"https:\/\/secure.gravatar.com\/avatar\/82aafea7d8127119dd649515f56e2117?s=96&d=mm&r=g\",\"contentUrl\":\"https:\/\/secure.gravatar.com\/avatar\/82aafea7d8127119dd649515f56e2117?s=96&d=mm&r=g\",\"caption\":\"rtnews\"},\"url\":\"https:\/\/now-news.de\/de\/author\/rnews\/\"}]}<\/script>\n<!-- \/ Yoast SEO Premium plugin. -->","yoast_head_json":{"title":"Kolumbianischer Staatschef warnt USA vor lateinamerikanischer &quot;Rebellion&quot; - just-now.NEWS Deutschland","robots":{"index":"index","follow":"follow","max-snippet":"max-snippet:-1","max-image-preview":"max-image-preview:large","max-video-preview":"max-video-preview:-1"},"canonical":"https:\/\/now-news.de\/de\/deutschland\/kolumbianischer-staatschef-warnt-usa-vor-lateinamerikanischer-rebellion\/","og_locale":"de_DE","og_type":"article","og_title":"Kolumbianischer Staatschef warnt USA vor lateinamerikanischer &quot;Rebellion&quot;","og_description":"Die beispiellose Einmischung der US-Regierung unter Donald Trump \u2013 einschlie\u00dflich der Entf\u00fchrung des venezolanischen Pr\u00e4sidenten Maduro \u2013 birgt die Gefahr einer historischen Gegenreaktion, warnte Kolumbiens Pr\u00e4sident Gustavo Petro. Eine &#8220;Rebellion&#8221; in Lateinamerika k\u00f6nne die Folge sein. Lateinamerika k\u00f6nnte in einer Rebellion gegen die USA explodieren, wenn diese ihre Strategie gegen\u00fcber der Region nicht \u00fcberdenken, warnte [&hellip;]","og_url":"https:\/\/now-news.de\/de\/deutschland\/kolumbianischer-staatschef-warnt-usa-vor-lateinamerikanischer-rebellion\/","og_site_name":"just-now.NEWS Deutschland","article_publisher":"https:\/\/www.facebook.com\/wirmachenauf","article_published_time":"2026-04-19T20:06:59+00:00","og_image":[{"url":"https:\/\/now-news.de\/de\/wp-content\/uploads\/sites\/3\/2026\/04\/69e5142348fbef3e6e4ba10d.jpg"}],"author":"rtnews","twitter_card":"summary_large_image","twitter_creator":"@WirMachenAuf_de","twitter_site":"@WirMachenAuf_de","twitter_misc":{"Verfasst von":"rtnews","Gesch\u00e4tzte Lesezeit":"2\u00a0Minuten"},"schema":{"@context":"https:\/\/schema.org","@graph":[{"@type":"Article","@id":"https:\/\/now-news.de\/de\/deutschland\/kolumbianischer-staatschef-warnt-usa-vor-lateinamerikanischer-rebellion\/#article","isPartOf":{"@id":"https:\/\/now-news.de\/de\/deutschland\/kolumbianischer-staatschef-warnt-usa-vor-lateinamerikanischer-rebellion\/"},"author":{"name":"rtnews","@id":"https:\/\/now-news.de\/de\/#\/schema\/person\/fb534a4e865501d8b3285208df34a9b5"},"headline":"Kolumbianischer Staatschef warnt USA vor lateinamerikanischer &quot;Rebellion&quot;","datePublished":"2026-04-19T20:06:59+00:00","dateModified":"2026-04-19T20:06:59+00:00","mainEntityOfPage":{"@id":"https:\/\/now-news.de\/de\/deutschland\/kolumbianischer-staatschef-warnt-usa-vor-lateinamerikanischer-rebellion\/"},"wordCount":455,"commentCount":0,"publisher":{"@id":"https:\/\/now-news.de\/de\/#organization"},"image":{"@id":"https:\/\/now-news.de\/de\/deutschland\/kolumbianischer-staatschef-warnt-usa-vor-lateinamerikanischer-rebellion\/#primaryimage"},"thumbnailUrl":"https:\/\/now-news.de\/de\/wp-content\/uploads\/sites\/3\/Kolumbianischer-Staatschef-warnt-USA-vor-lateinamerikanischer-quotRebellionquot.jpg","keywords":["Kolumbianischer","lateinamerikanischer","quotRebellionquot","Staatschef","USA","vor","warnt"],"articleSection":["Deutschland","Russland"],"inLanguage":"de","potentialAction":[{"@type":"CommentAction","name":"Comment","target":["https:\/\/now-news.de\/de\/deutschland\/kolumbianischer-staatschef-warnt-usa-vor-lateinamerikanischer-rebellion\/#respond"]}]},{"@type":"WebPage","@id":"https:\/\/now-news.de\/de\/deutschland\/kolumbianischer-staatschef-warnt-usa-vor-lateinamerikanischer-rebellion\/","url":"https:\/\/now-news.de\/de\/deutschland\/kolumbianischer-staatschef-warnt-usa-vor-lateinamerikanischer-rebellion\/","name":"Kolumbianischer Staatschef warnt USA vor lateinamerikanischer &quot;Rebellion&quot; - just-now.NEWS Deutschland","isPartOf":{"@id":"https:\/\/now-news.de\/de\/#website"},"primaryImageOfPage":{"@id":"https:\/\/now-news.de\/de\/deutschland\/kolumbianischer-staatschef-warnt-usa-vor-lateinamerikanischer-rebellion\/#primaryimage"},"image":{"@id":"https:\/\/now-news.de\/de\/deutschland\/kolumbianischer-staatschef-warnt-usa-vor-lateinamerikanischer-rebellion\/#primaryimage"},"thumbnailUrl":"https:\/\/now-news.de\/de\/wp-content\/uploads\/sites\/3\/Kolumbianischer-Staatschef-warnt-USA-vor-lateinamerikanischer-quotRebellionquot.jpg","datePublished":"2026-04-19T20:06:59+00:00","dateModified":"2026-04-19T20:06:59+00:00","breadcrumb":{"@id":"https:\/\/now-news.de\/de\/deutschland\/kolumbianischer-staatschef-warnt-usa-vor-lateinamerikanischer-rebellion\/#breadcrumb"},"inLanguage":"de","potentialAction":[{"@type":"ReadAction","target":["https:\/\/now-news.de\/de\/deutschland\/kolumbianischer-staatschef-warnt-usa-vor-lateinamerikanischer-rebellion\/"]}]},{"@type":"ImageObject","inLanguage":"de","@id":"https:\/\/now-news.de\/de\/deutschland\/kolumbianischer-staatschef-warnt-usa-vor-lateinamerikanischer-rebellion\/#primaryimage","url":"https:\/\/now-news.de\/de\/wp-content\/uploads\/sites\/3\/Kolumbianischer-Staatschef-warnt-USA-vor-lateinamerikanischer-quotRebellionquot.jpg","contentUrl":"https:\/\/now-news.de\/de\/wp-content\/uploads\/sites\/3\/Kolumbianischer-Staatschef-warnt-USA-vor-lateinamerikanischer-quotRebellionquot.jpg","caption":"Kolumbianischer Staatschef warnt USA vor lateinamerikanischer &quot;Rebellion&quot;"},{"@type":"BreadcrumbList","@id":"https:\/\/now-news.de\/de\/deutschland\/kolumbianischer-staatschef-warnt-usa-vor-lateinamerikanischer-rebellion\/#breadcrumb","itemListElement":[{"@type":"ListItem","position":1,"name":"Home","item":"https:\/\/now-news.de\/de\/"},{"@type":"ListItem","position":2,"name":"Kolumbianischer Staatschef warnt USA vor lateinamerikanischer &quot;Rebellion&quot;"}]},{"@type":"WebSite","@id":"https:\/\/now-news.de\/de\/#website","url":"https:\/\/now-news.de\/de\/","name":"just-now.NEWS Deutschland","description":"Das Portal f\u00fcr unzensierte Nachrichten aus der Welt","publisher":{"@id":"https:\/\/now-news.de\/de\/#organization"},"potentialAction":[{"@type":"SearchAction","target":{"@type":"EntryPoint","urlTemplate":"https:\/\/now-news.de\/de\/?s={search_term_string}"},"query-input":"required name=search_term_string"}],"inLanguage":"de"},{"@type":"Organization","@id":"https:\/\/now-news.de\/de\/#organization","name":"Just Now News","url":"https:\/\/now-news.de\/de\/","logo":{"@type":"ImageObject","inLanguage":"de","@id":"https:\/\/now-news.de\/de\/#\/schema\/logo\/image\/","url":"http:\/\/just-now.news\/de\/wp-content\/uploads\/sites\/3\/2022\/04\/logo500x500.jpg","contentUrl":"http:\/\/just-now.news\/de\/wp-content\/uploads\/sites\/3\/2022\/04\/logo500x500.jpg","width":500,"height":500,"caption":"Just Now News"},"image":{"@id":"https:\/\/now-news.de\/de\/#\/schema\/logo\/image\/"},"sameAs":["https:\/\/www.facebook.com\/wirmachenauf","https:\/\/x.com\/WirMachenAuf_de"]},{"@type":"Person","@id":"https:\/\/now-news.de\/de\/#\/schema\/person\/fb534a4e865501d8b3285208df34a9b5","name":"rtnews","image":{"@type":"ImageObject","inLanguage":"de","@id":"https:\/\/now-news.de\/de\/#\/schema\/person\/image\/","url":"https:\/\/secure.gravatar.com\/avatar\/82aafea7d8127119dd649515f56e2117?s=96&d=mm&r=g","contentUrl":"https:\/\/secure.gravatar.com\/avatar\/82aafea7d8127119dd649515f56e2117?s=96&d=mm&r=g","caption":"rtnews"},"url":"https:\/\/now-news.de\/de\/author\/rnews\/"}]}},"_links":{"self":[{"href":"https:\/\/now-news.de\/de\/wp-json\/wp\/v2\/posts\/101960"}],"collection":[{"href":"https:\/\/now-news.de\/de\/wp-json\/wp\/v2\/posts"}],"about":[{"href":"https:\/\/now-news.de\/de\/wp-json\/wp\/v2\/types\/post"}],"author":[{"embeddable":true,"href":"https:\/\/now-news.de\/de\/wp-json\/wp\/v2\/users\/3"}],"replies":[{"embeddable":true,"href":"https:\/\/now-news.de\/de\/wp-json\/wp\/v2\/comments?post=101960"}],"version-history":[{"count":0,"href":"https:\/\/now-news.de\/de\/wp-json\/wp\/v2\/posts\/101960\/revisions"}],"wp:featuredmedia":[{"embeddable":true,"href":"https:\/\/now-news.de\/de\/wp-json\/wp\/v2\/media\/101961"}],"wp:attachment":[{"href":"https:\/\/now-news.de\/de\/wp-json\/wp\/v2\/media?parent=101960"}],"wp:term":[{"taxonomy":"category","embeddable":true,"href":"https:\/\/now-news.de\/de\/wp-json\/wp\/v2\/categories?post=101960"},{"taxonomy":"post_tag","embeddable":true,"href":"https:\/\/now-news.de\/de\/wp-json\/wp\/v2\/tags?post=101960"}],"curies":[{"name":"wp","href":"https:\/\/api.w.org\/{rel}","templated":true}]}}