{"id":101958,"date":"2026-04-19T21:23:15","date_gmt":"2026-04-19T19:23:15","guid":{"rendered":"https:\/\/now-news.de\/de\/deutschland\/italien-vize-ministerpraesident-salvini-fordert-die-rueckkehr-zu-russischen-energieimporten\/"},"modified":"2026-04-19T21:23:15","modified_gmt":"2026-04-19T19:23:15","slug":"italien-vize-ministerpraesident-salvini-fordert-die-rueckkehr-zu-russischen-energieimporten","status":"publish","type":"post","link":"https:\/\/now-news.de\/de\/deutschland\/italien-vize-ministerpraesident-salvini-fordert-die-rueckkehr-zu-russischen-energieimporten\/","title":{"rendered":"Italien: Vize-Ministerpr\u00e4sident Salvini fordert die R\u00fcckkehr zu russischen Energieimporten"},"content":{"rendered":"<p><img decoding=\"async\" src=\"https:\/\/now-news.de\/de\/wp-content\/uploads\/sites\/3\/2026\/04\/69e5039cb480cc43e56e0c5a.jpg\" \/><\/p>\n<div class=\"Text-root Text-type_1 \">\n                Italiens Vizepremier Matteo Salvini fordert Br\u00fcssel auf, dem Beispiel der USA zu folgen und die Sanktionen aufzuheben, die den Handel mit russischem \u00d6l blockieren. Die Aufhebung der EU-Beschr\u00e4nkungen ist laut Salvini entscheidend, um eine Wirtschaftskrise abzuwenden\n            <\/div>\n<p><\/p>\n<div class=\"Text-root Text-type_5 ArticleView-text ViewText-root \">\n<p>Der italienische Vize-Ministerpr\u00e4sident Matteo Salvini hat die EU aufgefordert, die Einfuhr von russischem \u00d6l und Gas wieder aufzunehmen. Er argumentierte, die Energiesicherheit m\u00fcsse f\u00fcr den Staatenbund Priorit\u00e4t haben.<\/p>\n<p>Der Krieg im Nahen Osten hat die europ\u00e4ische Energiekrise versch\u00e4rft. St\u00f6rungen der Schifffahrt durch die Stra\u00dfe von Hormus \u2013 eine wichtige Route, \u00fcber die rund 20 Prozent des weltweiten \u00d6l- und Fl\u00fcssigerdgastransports abgewickelt werden \u2013 haben die \u00d6lpreise seit Februar um bis zu 70 Prozent in die H\u00f6he getrieben.<\/p>\n<p>Bei einer Kundgebung der &#8220;Patrioten f\u00fcr Europa&#8221; am Samstag in Mailand argumentierte Salvini, Vorsitzender der italienischen Lega-Partei, dass der Stabilit\u00e4ts- und Wachstumspakt (SWP) der EU und das &#8220;ideologische Monster namens Green Deal&#8221; die Wirtschaft ausbremsten. Er forderte die Aufhebung des EU-Importverbots f\u00fcr russische Energieprodukte.<\/p>\n<p>&#8220;Um die Energiekrise zu bew\u00e4ltigen, m\u00fcssen die Regeln des Stabilit\u00e4tspakts ausgesetzt und das Geld der Italiener dazu verwendet werden, Italienern in Not zu helfen&#8221;, sagte er vor seinen Anh\u00e4ngern und forderte Br\u00fcssel auf, dem Beispiel der USA zu folgen und die Sanktionen aufzuheben, die &#8220;den Handel und den Kauf von russischem \u00d6l blockieren&#8221;.<\/p>\n<p>Die USA lockerten vor\u00fcbergehend die Beschr\u00e4nkungen f\u00fcr bestimmte russische \u00d6llieferungen, nachdem Iran als Reaktion auf US-amerikanische und israelische Luftangriffe die Stra\u00dfe von Hormus f\u00fcr &#8220;feindliche Schiffe&#8221; gesperrt hatte. Eine Lizenz, die zun\u00e4chst den Verkauf von \u00d6l erlaubte, das vor dem 12. M\u00e4rz bis zum 11. April auf Tanker verladen worden war, wurde am Freitag verl\u00e4ngert. Aktuell ist der Kauf von \u00d6l und Erd\u00f6lprodukten, die in dem vorgenannten Zeitraum verladen wurden, bis zum 16. Mai zu gestatten. Salvini sagte:\u00a0<\/p>\n<p><em>&#8220;Wenn die USA das tun, sollte Br\u00fcssel es ihnen gleichtun: Anstatt Fabriken, Schulen und Krankenh\u00e4user zu schlie\u00dfen, sollten wir wieder Gas und \u00d6l aus aller Welt, auch aus Russland, kaufen. Wir befinden uns nicht im Krieg mit Russland.&#8221;<\/em><\/p>\n<p>Im Januar billigte die EU formell einen Plan zum schrittweisen Ausstieg aus russischem Pipelinegas bis zum Jahr 2027 und setzte sich damit \u00fcber die Einw\u00e4nde der Slowakei und Ungarns hinweg. Ungarn focht den Schritt im Februar vor dem Europ\u00e4ischen Gerichtshof an, und die Slowakei k\u00fcndigte an, diesem Beispiel zu folgen. Der slowakische Ministerpr\u00e4sident Robert Fico argumentierte, das Verbot stelle &#8220;einen klaren Versto\u00df gegen alle Prinzipien dar, auf denen die EU-Vertr\u00e4ge beruhen&#8221;.<\/p>\n<p><strong>Mehr zum Thema<\/strong>\u00a0\u2013\u00a0<a rel=\"nofollow noopener\" target=\"_blank\" href=\"https:\/\/freedert.online\/europa\/277555-slowakei-verklagt-eu-wegen-verbots\/\">Slowakei<\/a><a rel=\"nofollow noopener\" target=\"_blank\" href=\"https:\/\/freedert.online\/europa\/277555-slowakei-verklagt-eu-wegen-verbots\/\">\u00a0verklagt EU wegen Verbots von russischem Gas <\/a><\/p>\n<div class=\"EmbedBlock-root EmbedBlock-externalVideo EmbedBlock-rumble\">\n<div class=\"VkEmbed\"><iframe class=\"lazyload\" data-src=\"https:\/\/rumble.com\/embed\/v76g13c\" frameborder=\"0\" width=\"853\" height=\"480\" allowfullscreen><\/iframe><\/div>\n<\/div>\n<\/div>\n<p><br \/>\n<br \/><a href=\"https:\/\/de.rt.com\/europa\/277640-italienischer-vizepremier-salvini-fordert-rueckkehr\/\">Source link <\/a><\/p>\n","protected":false},"excerpt":{"rendered":"<p>Italiens Vizepremier Matteo Salvini fordert Br\u00fcssel auf, dem Beispiel der USA zu folgen und die Sanktionen aufzuheben, die den Handel mit russischem \u00d6l blockieren. Die Aufhebung der EU-Beschr\u00e4nkungen ist laut Salvini entscheidend, um eine Wirtschaftskrise abzuwenden Der italienische Vize-Ministerpr\u00e4sident Matteo Salvini hat die EU aufgefordert, die Einfuhr von russischem \u00d6l und Gas wieder aufzunehmen. Er [&hellip;]<\/p>\n","protected":false},"author":3,"featured_media":101959,"comment_status":"open","ping_status":"open","sticky":false,"template":"","format":"standard","meta":{"_yoast_indexnow_last_ping":["1776626822"],"wp_automatic_camp":["217"],"320ebb2271966b9dd6c29e05f318d258":["Italien: Vize-Ministerpr\u00e4sident Salvini fordert die R\u00fcckkehr zu russischen Energieimporten"],"original_link":["https:\/\/de.rt.com\/europa\/277640-italienischer-vizepremier-salvini-fordert-rueckkehr\/"],"_thumbnail_id":["101959"],"jnews_social_counter_last_update":["1777162094"],"_wptgpro_p2tg_sent2tg":["a:1:{i:23737;s:19:\"2026-04-19 21:28:01\";}"]},"categories":[19,23],"tags":[45,44300,355,43,6364,973,55244,6337],"yoast_head":"<!-- This site is optimized with the Yoast SEO Premium plugin v22.7 (Yoast SEO v22.7) - https:\/\/yoast.com\/wordpress\/plugins\/seo\/ -->\n<title>Italien: Vize-Ministerpr\u00e4sident Salvini fordert die R\u00fcckkehr zu russischen Energieimporten - just-now.NEWS Deutschland<\/title>\n<meta name=\"robots\" content=\"index, follow, max-snippet:-1, max-image-preview:large, max-video-preview:-1\" \/>\n<link rel=\"canonical\" href=\"https:\/\/now-news.de\/de\/deutschland\/italien-vize-ministerpraesident-salvini-fordert-die-rueckkehr-zu-russischen-energieimporten\/\" \/>\n<meta property=\"og:locale\" content=\"de_DE\" \/>\n<meta property=\"og:type\" content=\"article\" \/>\n<meta property=\"og:title\" content=\"Italien: Vize-Ministerpr\u00e4sident Salvini fordert die R\u00fcckkehr zu russischen Energieimporten\" \/>\n<meta property=\"og:description\" content=\"Italiens Vizepremier Matteo Salvini fordert Br\u00fcssel auf, dem Beispiel der USA zu folgen und die Sanktionen aufzuheben, die den Handel mit russischem \u00d6l blockieren. Die Aufhebung der EU-Beschr\u00e4nkungen ist laut Salvini entscheidend, um eine Wirtschaftskrise abzuwenden Der italienische Vize-Ministerpr\u00e4sident Matteo Salvini hat die EU aufgefordert, die Einfuhr von russischem \u00d6l und Gas wieder aufzunehmen. Er [&hellip;]\" \/>\n<meta property=\"og:url\" content=\"https:\/\/now-news.de\/de\/deutschland\/italien-vize-ministerpraesident-salvini-fordert-die-rueckkehr-zu-russischen-energieimporten\/\" \/>\n<meta property=\"og:site_name\" content=\"just-now.NEWS Deutschland\" \/>\n<meta property=\"article:publisher\" content=\"https:\/\/www.facebook.com\/wirmachenauf\" \/>\n<meta property=\"article:published_time\" content=\"2026-04-19T19:23:15+00:00\" \/>\n<meta property=\"og:image\" content=\"https:\/\/now-news.de\/de\/wp-content\/uploads\/sites\/3\/2026\/04\/69e5039cb480cc43e56e0c5a.jpg\" \/>\n<meta name=\"author\" content=\"rtnews\" \/>\n<meta name=\"twitter:card\" content=\"summary_large_image\" \/>\n<meta name=\"twitter:creator\" content=\"@WirMachenAuf_de\" \/>\n<meta name=\"twitter:site\" content=\"@WirMachenAuf_de\" \/>\n<meta name=\"twitter:label1\" content=\"Verfasst von\" \/>\n\t<meta name=\"twitter:data1\" content=\"rtnews\" \/>\n\t<meta name=\"twitter:label2\" content=\"Gesch\u00e4tzte Lesezeit\" \/>\n\t<meta name=\"twitter:data2\" content=\"2\u00a0Minuten\" \/>\n<script type=\"application\/ld+json\" class=\"yoast-schema-graph\">{\"@context\":\"https:\/\/schema.org\",\"@graph\":[{\"@type\":\"Article\",\"@id\":\"https:\/\/now-news.de\/de\/deutschland\/italien-vize-ministerpraesident-salvini-fordert-die-rueckkehr-zu-russischen-energieimporten\/#article\",\"isPartOf\":{\"@id\":\"https:\/\/now-news.de\/de\/deutschland\/italien-vize-ministerpraesident-salvini-fordert-die-rueckkehr-zu-russischen-energieimporten\/\"},\"author\":{\"name\":\"rtnews\",\"@id\":\"https:\/\/now-news.de\/de\/#\/schema\/person\/fb534a4e865501d8b3285208df34a9b5\"},\"headline\":\"Italien: Vize-Ministerpr\u00e4sident Salvini fordert die R\u00fcckkehr zu russischen Energieimporten\",\"datePublished\":\"2026-04-19T19:23:15+00:00\",\"dateModified\":\"2026-04-19T19:23:15+00:00\",\"mainEntityOfPage\":{\"@id\":\"https:\/\/now-news.de\/de\/deutschland\/italien-vize-ministerpraesident-salvini-fordert-die-rueckkehr-zu-russischen-energieimporten\/\"},\"wordCount\":451,\"commentCount\":0,\"publisher\":{\"@id\":\"https:\/\/now-news.de\/de\/#organization\"},\"image\":{\"@id\":\"https:\/\/now-news.de\/de\/deutschland\/italien-vize-ministerpraesident-salvini-fordert-die-rueckkehr-zu-russischen-energieimporten\/#primaryimage\"},\"thumbnailUrl\":\"https:\/\/now-news.de\/de\/wp-content\/uploads\/sites\/3\/Italien-Vize-Ministerpraesident-Salvini-fordert-die-Rueckkehr-zu-russischen-Energieimporten.jpg\",\"keywords\":[\"die\",\"Energieimporten\",\"fordert\",\"Italien\",\"R\u00fcckkehr\",\"russischen\",\"Salvini\",\"VizeMinisterpr\u00e4sident\"],\"articleSection\":[\"Deutschland\",\"Russland\"],\"inLanguage\":\"de\",\"potentialAction\":[{\"@type\":\"CommentAction\",\"name\":\"Comment\",\"target\":[\"https:\/\/now-news.de\/de\/deutschland\/italien-vize-ministerpraesident-salvini-fordert-die-rueckkehr-zu-russischen-energieimporten\/#respond\"]}]},{\"@type\":\"WebPage\",\"@id\":\"https:\/\/now-news.de\/de\/deutschland\/italien-vize-ministerpraesident-salvini-fordert-die-rueckkehr-zu-russischen-energieimporten\/\",\"url\":\"https:\/\/now-news.de\/de\/deutschland\/italien-vize-ministerpraesident-salvini-fordert-die-rueckkehr-zu-russischen-energieimporten\/\",\"name\":\"Italien: Vize-Ministerpr\u00e4sident Salvini fordert die R\u00fcckkehr zu russischen Energieimporten - just-now.NEWS Deutschland\",\"isPartOf\":{\"@id\":\"https:\/\/now-news.de\/de\/#website\"},\"primaryImageOfPage\":{\"@id\":\"https:\/\/now-news.de\/de\/deutschland\/italien-vize-ministerpraesident-salvini-fordert-die-rueckkehr-zu-russischen-energieimporten\/#primaryimage\"},\"image\":{\"@id\":\"https:\/\/now-news.de\/de\/deutschland\/italien-vize-ministerpraesident-salvini-fordert-die-rueckkehr-zu-russischen-energieimporten\/#primaryimage\"},\"thumbnailUrl\":\"https:\/\/now-news.de\/de\/wp-content\/uploads\/sites\/3\/Italien-Vize-Ministerpraesident-Salvini-fordert-die-Rueckkehr-zu-russischen-Energieimporten.jpg\",\"datePublished\":\"2026-04-19T19:23:15+00:00\",\"dateModified\":\"2026-04-19T19:23:15+00:00\",\"breadcrumb\":{\"@id\":\"https:\/\/now-news.de\/de\/deutschland\/italien-vize-ministerpraesident-salvini-fordert-die-rueckkehr-zu-russischen-energieimporten\/#breadcrumb\"},\"inLanguage\":\"de\",\"potentialAction\":[{\"@type\":\"ReadAction\",\"target\":[\"https:\/\/now-news.de\/de\/deutschland\/italien-vize-ministerpraesident-salvini-fordert-die-rueckkehr-zu-russischen-energieimporten\/\"]}]},{\"@type\":\"ImageObject\",\"inLanguage\":\"de\",\"@id\":\"https:\/\/now-news.de\/de\/deutschland\/italien-vize-ministerpraesident-salvini-fordert-die-rueckkehr-zu-russischen-energieimporten\/#primaryimage\",\"url\":\"https:\/\/now-news.de\/de\/wp-content\/uploads\/sites\/3\/Italien-Vize-Ministerpraesident-Salvini-fordert-die-Rueckkehr-zu-russischen-Energieimporten.jpg\",\"contentUrl\":\"https:\/\/now-news.de\/de\/wp-content\/uploads\/sites\/3\/Italien-Vize-Ministerpraesident-Salvini-fordert-die-Rueckkehr-zu-russischen-Energieimporten.jpg\",\"caption\":\"Italien: Vize-Ministerpr\u00e4sident Salvini fordert die R\u00fcckkehr zu russischen Energieimporten\"},{\"@type\":\"BreadcrumbList\",\"@id\":\"https:\/\/now-news.de\/de\/deutschland\/italien-vize-ministerpraesident-salvini-fordert-die-rueckkehr-zu-russischen-energieimporten\/#breadcrumb\",\"itemListElement\":[{\"@type\":\"ListItem\",\"position\":1,\"name\":\"Home\",\"item\":\"https:\/\/now-news.de\/de\/\"},{\"@type\":\"ListItem\",\"position\":2,\"name\":\"Italien: Vize-Ministerpr\u00e4sident Salvini fordert die R\u00fcckkehr zu russischen Energieimporten\"}]},{\"@type\":\"WebSite\",\"@id\":\"https:\/\/now-news.de\/de\/#website\",\"url\":\"https:\/\/now-news.de\/de\/\",\"name\":\"just-now.NEWS Deutschland\",\"description\":\"Das Portal f\u00fcr unzensierte Nachrichten aus der Welt\",\"publisher\":{\"@id\":\"https:\/\/now-news.de\/de\/#organization\"},\"potentialAction\":[{\"@type\":\"SearchAction\",\"target\":{\"@type\":\"EntryPoint\",\"urlTemplate\":\"https:\/\/now-news.de\/de\/?s={search_term_string}\"},\"query-input\":\"required name=search_term_string\"}],\"inLanguage\":\"de\"},{\"@type\":\"Organization\",\"@id\":\"https:\/\/now-news.de\/de\/#organization\",\"name\":\"Just Now News\",\"url\":\"https:\/\/now-news.de\/de\/\",\"logo\":{\"@type\":\"ImageObject\",\"inLanguage\":\"de\",\"@id\":\"https:\/\/now-news.de\/de\/#\/schema\/logo\/image\/\",\"url\":\"http:\/\/just-now.news\/de\/wp-content\/uploads\/sites\/3\/2022\/04\/logo500x500.jpg\",\"contentUrl\":\"http:\/\/just-now.news\/de\/wp-content\/uploads\/sites\/3\/2022\/04\/logo500x500.jpg\",\"width\":500,\"height\":500,\"caption\":\"Just Now News\"},\"image\":{\"@id\":\"https:\/\/now-news.de\/de\/#\/schema\/logo\/image\/\"},\"sameAs\":[\"https:\/\/www.facebook.com\/wirmachenauf\",\"https:\/\/x.com\/WirMachenAuf_de\"]},{\"@type\":\"Person\",\"@id\":\"https:\/\/now-news.de\/de\/#\/schema\/person\/fb534a4e865501d8b3285208df34a9b5\",\"name\":\"rtnews\",\"image\":{\"@type\":\"ImageObject\",\"inLanguage\":\"de\",\"@id\":\"https:\/\/now-news.de\/de\/#\/schema\/person\/image\/\",\"url\":\"https:\/\/secure.gravatar.com\/avatar\/82aafea7d8127119dd649515f56e2117?s=96&d=mm&r=g\",\"contentUrl\":\"https:\/\/secure.gravatar.com\/avatar\/82aafea7d8127119dd649515f56e2117?s=96&d=mm&r=g\",\"caption\":\"rtnews\"},\"url\":\"https:\/\/now-news.de\/de\/author\/rnews\/\"}]}<\/script>\n<!-- \/ Yoast SEO Premium plugin. -->","yoast_head_json":{"title":"Italien: Vize-Ministerpr\u00e4sident Salvini fordert die R\u00fcckkehr zu russischen Energieimporten - just-now.NEWS Deutschland","robots":{"index":"index","follow":"follow","max-snippet":"max-snippet:-1","max-image-preview":"max-image-preview:large","max-video-preview":"max-video-preview:-1"},"canonical":"https:\/\/now-news.de\/de\/deutschland\/italien-vize-ministerpraesident-salvini-fordert-die-rueckkehr-zu-russischen-energieimporten\/","og_locale":"de_DE","og_type":"article","og_title":"Italien: Vize-Ministerpr\u00e4sident Salvini fordert die R\u00fcckkehr zu russischen Energieimporten","og_description":"Italiens Vizepremier Matteo Salvini fordert Br\u00fcssel auf, dem Beispiel der USA zu folgen und die Sanktionen aufzuheben, die den Handel mit russischem \u00d6l blockieren. Die Aufhebung der EU-Beschr\u00e4nkungen ist laut Salvini entscheidend, um eine Wirtschaftskrise abzuwenden Der italienische Vize-Ministerpr\u00e4sident Matteo Salvini hat die EU aufgefordert, die Einfuhr von russischem \u00d6l und Gas wieder aufzunehmen. Er [&hellip;]","og_url":"https:\/\/now-news.de\/de\/deutschland\/italien-vize-ministerpraesident-salvini-fordert-die-rueckkehr-zu-russischen-energieimporten\/","og_site_name":"just-now.NEWS Deutschland","article_publisher":"https:\/\/www.facebook.com\/wirmachenauf","article_published_time":"2026-04-19T19:23:15+00:00","og_image":[{"url":"https:\/\/now-news.de\/de\/wp-content\/uploads\/sites\/3\/2026\/04\/69e5039cb480cc43e56e0c5a.jpg"}],"author":"rtnews","twitter_card":"summary_large_image","twitter_creator":"@WirMachenAuf_de","twitter_site":"@WirMachenAuf_de","twitter_misc":{"Verfasst von":"rtnews","Gesch\u00e4tzte Lesezeit":"2\u00a0Minuten"},"schema":{"@context":"https:\/\/schema.org","@graph":[{"@type":"Article","@id":"https:\/\/now-news.de\/de\/deutschland\/italien-vize-ministerpraesident-salvini-fordert-die-rueckkehr-zu-russischen-energieimporten\/#article","isPartOf":{"@id":"https:\/\/now-news.de\/de\/deutschland\/italien-vize-ministerpraesident-salvini-fordert-die-rueckkehr-zu-russischen-energieimporten\/"},"author":{"name":"rtnews","@id":"https:\/\/now-news.de\/de\/#\/schema\/person\/fb534a4e865501d8b3285208df34a9b5"},"headline":"Italien: Vize-Ministerpr\u00e4sident Salvini fordert die R\u00fcckkehr zu russischen Energieimporten","datePublished":"2026-04-19T19:23:15+00:00","dateModified":"2026-04-19T19:23:15+00:00","mainEntityOfPage":{"@id":"https:\/\/now-news.de\/de\/deutschland\/italien-vize-ministerpraesident-salvini-fordert-die-rueckkehr-zu-russischen-energieimporten\/"},"wordCount":451,"commentCount":0,"publisher":{"@id":"https:\/\/now-news.de\/de\/#organization"},"image":{"@id":"https:\/\/now-news.de\/de\/deutschland\/italien-vize-ministerpraesident-salvini-fordert-die-rueckkehr-zu-russischen-energieimporten\/#primaryimage"},"thumbnailUrl":"https:\/\/now-news.de\/de\/wp-content\/uploads\/sites\/3\/Italien-Vize-Ministerpraesident-Salvini-fordert-die-Rueckkehr-zu-russischen-Energieimporten.jpg","keywords":["die","Energieimporten","fordert","Italien","R\u00fcckkehr","russischen","Salvini","VizeMinisterpr\u00e4sident"],"articleSection":["Deutschland","Russland"],"inLanguage":"de","potentialAction":[{"@type":"CommentAction","name":"Comment","target":["https:\/\/now-news.de\/de\/deutschland\/italien-vize-ministerpraesident-salvini-fordert-die-rueckkehr-zu-russischen-energieimporten\/#respond"]}]},{"@type":"WebPage","@id":"https:\/\/now-news.de\/de\/deutschland\/italien-vize-ministerpraesident-salvini-fordert-die-rueckkehr-zu-russischen-energieimporten\/","url":"https:\/\/now-news.de\/de\/deutschland\/italien-vize-ministerpraesident-salvini-fordert-die-rueckkehr-zu-russischen-energieimporten\/","name":"Italien: Vize-Ministerpr\u00e4sident Salvini fordert die R\u00fcckkehr zu russischen Energieimporten - just-now.NEWS Deutschland","isPartOf":{"@id":"https:\/\/now-news.de\/de\/#website"},"primaryImageOfPage":{"@id":"https:\/\/now-news.de\/de\/deutschland\/italien-vize-ministerpraesident-salvini-fordert-die-rueckkehr-zu-russischen-energieimporten\/#primaryimage"},"image":{"@id":"https:\/\/now-news.de\/de\/deutschland\/italien-vize-ministerpraesident-salvini-fordert-die-rueckkehr-zu-russischen-energieimporten\/#primaryimage"},"thumbnailUrl":"https:\/\/now-news.de\/de\/wp-content\/uploads\/sites\/3\/Italien-Vize-Ministerpraesident-Salvini-fordert-die-Rueckkehr-zu-russischen-Energieimporten.jpg","datePublished":"2026-04-19T19:23:15+00:00","dateModified":"2026-04-19T19:23:15+00:00","breadcrumb":{"@id":"https:\/\/now-news.de\/de\/deutschland\/italien-vize-ministerpraesident-salvini-fordert-die-rueckkehr-zu-russischen-energieimporten\/#breadcrumb"},"inLanguage":"de","potentialAction":[{"@type":"ReadAction","target":["https:\/\/now-news.de\/de\/deutschland\/italien-vize-ministerpraesident-salvini-fordert-die-rueckkehr-zu-russischen-energieimporten\/"]}]},{"@type":"ImageObject","inLanguage":"de","@id":"https:\/\/now-news.de\/de\/deutschland\/italien-vize-ministerpraesident-salvini-fordert-die-rueckkehr-zu-russischen-energieimporten\/#primaryimage","url":"https:\/\/now-news.de\/de\/wp-content\/uploads\/sites\/3\/Italien-Vize-Ministerpraesident-Salvini-fordert-die-Rueckkehr-zu-russischen-Energieimporten.jpg","contentUrl":"https:\/\/now-news.de\/de\/wp-content\/uploads\/sites\/3\/Italien-Vize-Ministerpraesident-Salvini-fordert-die-Rueckkehr-zu-russischen-Energieimporten.jpg","caption":"Italien: Vize-Ministerpr\u00e4sident Salvini fordert die R\u00fcckkehr zu russischen Energieimporten"},{"@type":"BreadcrumbList","@id":"https:\/\/now-news.de\/de\/deutschland\/italien-vize-ministerpraesident-salvini-fordert-die-rueckkehr-zu-russischen-energieimporten\/#breadcrumb","itemListElement":[{"@type":"ListItem","position":1,"name":"Home","item":"https:\/\/now-news.de\/de\/"},{"@type":"ListItem","position":2,"name":"Italien: Vize-Ministerpr\u00e4sident Salvini fordert die R\u00fcckkehr zu russischen Energieimporten"}]},{"@type":"WebSite","@id":"https:\/\/now-news.de\/de\/#website","url":"https:\/\/now-news.de\/de\/","name":"just-now.NEWS Deutschland","description":"Das Portal f\u00fcr unzensierte Nachrichten aus der Welt","publisher":{"@id":"https:\/\/now-news.de\/de\/#organization"},"potentialAction":[{"@type":"SearchAction","target":{"@type":"EntryPoint","urlTemplate":"https:\/\/now-news.de\/de\/?s={search_term_string}"},"query-input":"required name=search_term_string"}],"inLanguage":"de"},{"@type":"Organization","@id":"https:\/\/now-news.de\/de\/#organization","name":"Just Now News","url":"https:\/\/now-news.de\/de\/","logo":{"@type":"ImageObject","inLanguage":"de","@id":"https:\/\/now-news.de\/de\/#\/schema\/logo\/image\/","url":"http:\/\/just-now.news\/de\/wp-content\/uploads\/sites\/3\/2022\/04\/logo500x500.jpg","contentUrl":"http:\/\/just-now.news\/de\/wp-content\/uploads\/sites\/3\/2022\/04\/logo500x500.jpg","width":500,"height":500,"caption":"Just Now News"},"image":{"@id":"https:\/\/now-news.de\/de\/#\/schema\/logo\/image\/"},"sameAs":["https:\/\/www.facebook.com\/wirmachenauf","https:\/\/x.com\/WirMachenAuf_de"]},{"@type":"Person","@id":"https:\/\/now-news.de\/de\/#\/schema\/person\/fb534a4e865501d8b3285208df34a9b5","name":"rtnews","image":{"@type":"ImageObject","inLanguage":"de","@id":"https:\/\/now-news.de\/de\/#\/schema\/person\/image\/","url":"https:\/\/secure.gravatar.com\/avatar\/82aafea7d8127119dd649515f56e2117?s=96&d=mm&r=g","contentUrl":"https:\/\/secure.gravatar.com\/avatar\/82aafea7d8127119dd649515f56e2117?s=96&d=mm&r=g","caption":"rtnews"},"url":"https:\/\/now-news.de\/de\/author\/rnews\/"}]}},"_links":{"self":[{"href":"https:\/\/now-news.de\/de\/wp-json\/wp\/v2\/posts\/101958"}],"collection":[{"href":"https:\/\/now-news.de\/de\/wp-json\/wp\/v2\/posts"}],"about":[{"href":"https:\/\/now-news.de\/de\/wp-json\/wp\/v2\/types\/post"}],"author":[{"embeddable":true,"href":"https:\/\/now-news.de\/de\/wp-json\/wp\/v2\/users\/3"}],"replies":[{"embeddable":true,"href":"https:\/\/now-news.de\/de\/wp-json\/wp\/v2\/comments?post=101958"}],"version-history":[{"count":0,"href":"https:\/\/now-news.de\/de\/wp-json\/wp\/v2\/posts\/101958\/revisions"}],"wp:featuredmedia":[{"embeddable":true,"href":"https:\/\/now-news.de\/de\/wp-json\/wp\/v2\/media\/101959"}],"wp:attachment":[{"href":"https:\/\/now-news.de\/de\/wp-json\/wp\/v2\/media?parent=101958"}],"wp:term":[{"taxonomy":"category","embeddable":true,"href":"https:\/\/now-news.de\/de\/wp-json\/wp\/v2\/categories?post=101958"},{"taxonomy":"post_tag","embeddable":true,"href":"https:\/\/now-news.de\/de\/wp-json\/wp\/v2\/tags?post=101958"}],"curies":[{"name":"wp","href":"https:\/\/api.w.org\/{rel}","templated":true}]}}