{"id":101932,"date":"2026-04-19T11:32:58","date_gmt":"2026-04-19T09:32:58","guid":{"rendered":"https:\/\/now-news.de\/de\/deutschland\/medien-trump-verzichtete-auf-einnahme-der-iranischen-insel-charg-aus-angst-vor-hohen-verlusten\/"},"modified":"2026-04-19T11:32:58","modified_gmt":"2026-04-19T09:32:58","slug":"medien-trump-verzichtete-auf-einnahme-der-iranischen-insel-charg-aus-angst-vor-hohen-verlusten","status":"publish","type":"post","link":"https:\/\/now-news.de\/de\/deutschland\/medien-trump-verzichtete-auf-einnahme-der-iranischen-insel-charg-aus-angst-vor-hohen-verlusten\/","title":{"rendered":"Medien: Trump verzichtete auf Einnahme der iranischen Insel Charg aus Angst vor hohen Verlusten"},"content":{"rendered":"<p><img decoding=\"async\" src=\"https:\/\/now-news.de\/de\/wp-content\/uploads\/sites\/3\/2026\/04\/69e4958848fbef3b7c6394b8.jpg\" \/><\/p>\n<div class=\"Text-root Text-type_1 \">\n                US-Pr\u00e4sident Donald Trump scheint seine Pl\u00e4ne, die Insel Charg im Persischen Golf besetzen zu lassen, aufgegeben zu haben. Der Grund: Er bef\u00fcrchtet schwere Verluste unter den US-amerikanischen Truppen.\n            <\/div>\n<p><\/p>\n<div class=\"Text-root Text-type_5 ArticleView-text ViewText-root \">\n<p>Ende M\u00e4rz hatte Donald Trump noch damit geprahlt, dass die US-Truppen die iranische Insel Charg &#8220;sehr leicht&#8221; einnehmen k\u00f6nnten. Eine m\u00f6gliche Landung von US-Soldaten auf Charg sei Teil der US-amerikanischen Optionen in diesem Krieg. Trumps Begr\u00fcndung:<\/p>\n<blockquote>\n<p><em>&#8220;Um ehrlich zu sein, mein Lieblingsding ist es, das \u00d6l im Iran zu nehmen.&#8221;<\/em><\/p>\n<\/blockquote>\n<p>\u00a0Am 13. M\u00e4rz 2026 hatten die USA bereits einen Luftschlag auf Charg durchgef\u00fchrt.<\/p>\n<p>Nun aber hat Trump offenbar einen R\u00fcckzieher gemacht. Nach einem <a rel=\"nofollow noopener\" target=\"_blank\" href=\"https:\/\/www.wsj.com\/politics\/national-security\/trump-public-bravado-private-fear-59814dca\">Bericht<\/a> der New Yorker Tageszeitung <em>The Wall Street Journal<\/em>\u00a0<em>(WSJ)<\/em> (hinter Bezahlschranke) wirkt der US-Pr\u00e4sident zunehmend verunsichert, was den Iran-Krieg anbelangt. Den Gew\u00e4hrsleuten des <em>WSJ<\/em> zufolge schrecke Trump davor zur\u00fcck, Truppen in Eins\u00e4tze zu schicken, bei denen die Gefahr bestehe, dass Soldaten verletzt oder gar get\u00f6tet werden k\u00f6nnten. Obwohl ihm hohe Erfolgsaussichten bei einer Landung auf Charg versichert worden seien, wehre er sich gegen eine solche milit\u00e4rische Ma\u00dfnahme.<\/p>\n<p>Trumps Angst: Die US-amerikanischen Verluste k\u00f6nnten inakzeptabel hoch ausfallen. Die auf Charg anlandenden US-Soldaten w\u00e4ren seiner Ansicht nach &#8220;leichte Beute&#8221; f\u00fcr die iranischen Verteidiger.<\/p>\n<p>Die kleine, nur sechs mal vier Kilometer gro\u00dfe Insel Charg liegt im Nordteil des Persischen Golfs. Eine Einnahme der Insel w\u00fcrde Milit\u00e4rexperten zufolge den USA Zugang zu der Meerenge verschaffen. F\u00fcr die Iraner ist die Kontrolle \u00fcber Charg von essenzieller Bedeutung. Fast alle iranischen \u00d6lexporte haben dort ihren Ausgangspunkt. Die Insel beherbergt das gr\u00f6\u00dfte \u00d6lterminal des Landes.<\/p>\n<p><strong>Mehr zum Thema &#8211;<\/strong>\u00a0<a rel=\"nofollow noopener\" target=\"_blank\" href=\"https:\/\/freedert.online\/international\/275299-trump-mein-lieblingsding-irans-oel\/\">Trump: &#8220;Mein Lieblingsding? Irans \u00d6l klauen&#8221;<\/a><\/p>\n<div class=\"EmbedBlock-root EmbedBlock-externalVideo EmbedBlock-rumble\">\n<div class=\"VkEmbed\"><iframe class=\"lazyload\" data-src=\"https:\/\/rumble.com\/embed\/v769ehi\" frameborder=\"0\" width=\"853\" height=\"480\" allowfullscreen><\/iframe><\/div>\n<\/div>\n<\/div>\n<p><br \/>\n<br \/><a href=\"https:\/\/de.rt.com\/der-nahe-osten\/277600-medienberichte-trump-verzichtet-auf-einnahme-von-charg\/\">Source link <\/a><\/p>\n","protected":false},"excerpt":{"rendered":"<p>US-Pr\u00e4sident Donald Trump scheint seine Pl\u00e4ne, die Insel Charg im Persischen Golf besetzen zu lassen, aufgegeben zu haben. Der Grund: Er bef\u00fcrchtet schwere Verluste unter den US-amerikanischen Truppen. Ende M\u00e4rz hatte Donald Trump noch damit geprahlt, dass die US-Truppen die iranische Insel Charg &#8220;sehr leicht&#8221; einnehmen k\u00f6nnten. Eine m\u00f6gliche Landung von US-Soldaten auf Charg sei [&hellip;]<\/p>\n","protected":false},"author":3,"featured_media":101933,"comment_status":"open","ping_status":"open","sticky":false,"template":"","format":"standard","meta":{"_yoast_indexnow_last_ping":["1776592142"],"wp_automatic_camp":["217"],"be4d352dd236794f244d8cc1aadf33f4":["Medien: Trump verzichtete auf Einnahme der iranischen Insel Charg aus Angst vor hohen Verlusten"],"original_link":["https:\/\/de.rt.com\/der-nahe-osten\/277600-medienberichte-trump-verzichtet-auf-einnahme-von-charg\/"],"_thumbnail_id":["101933"],"jnews_social_counter_last_update":["1777354965"],"_wptgpro_p2tg_sent2tg":["a:1:{i:23737;s:19:\"2026-04-19 11:50:03\";}"]},"categories":[19,23],"tags":[6178,133,679,71810,82,18464,23488,21911,9614,580,1639,24383,72475,320],"yoast_head":"<!-- This site is optimized with the Yoast SEO Premium plugin v22.7 (Yoast SEO v22.7) - https:\/\/yoast.com\/wordpress\/plugins\/seo\/ -->\n<title>Medien: Trump verzichtete auf Einnahme der iranischen Insel Charg aus Angst vor hohen Verlusten - just-now.NEWS Deutschland<\/title>\n<meta name=\"robots\" content=\"index, follow, max-snippet:-1, max-image-preview:large, max-video-preview:-1\" \/>\n<link rel=\"canonical\" href=\"https:\/\/now-news.de\/de\/deutschland\/medien-trump-verzichtete-auf-einnahme-der-iranischen-insel-charg-aus-angst-vor-hohen-verlusten\/\" \/>\n<meta property=\"og:locale\" content=\"de_DE\" \/>\n<meta property=\"og:type\" content=\"article\" \/>\n<meta property=\"og:title\" content=\"Medien: Trump verzichtete auf Einnahme der iranischen Insel Charg aus Angst vor hohen Verlusten\" \/>\n<meta property=\"og:description\" content=\"US-Pr\u00e4sident Donald Trump scheint seine Pl\u00e4ne, die Insel Charg im Persischen Golf besetzen zu lassen, aufgegeben zu haben. Der Grund: Er bef\u00fcrchtet schwere Verluste unter den US-amerikanischen Truppen. Ende M\u00e4rz hatte Donald Trump noch damit geprahlt, dass die US-Truppen die iranische Insel Charg &#8220;sehr leicht&#8221; einnehmen k\u00f6nnten. Eine m\u00f6gliche Landung von US-Soldaten auf Charg sei [&hellip;]\" \/>\n<meta property=\"og:url\" content=\"https:\/\/now-news.de\/de\/deutschland\/medien-trump-verzichtete-auf-einnahme-der-iranischen-insel-charg-aus-angst-vor-hohen-verlusten\/\" \/>\n<meta property=\"og:site_name\" content=\"just-now.NEWS Deutschland\" \/>\n<meta property=\"article:publisher\" content=\"https:\/\/www.facebook.com\/wirmachenauf\" \/>\n<meta property=\"article:published_time\" content=\"2026-04-19T09:32:58+00:00\" \/>\n<meta property=\"og:image\" content=\"https:\/\/now-news.de\/de\/wp-content\/uploads\/sites\/3\/2026\/04\/69e4958848fbef3b7c6394b8.jpg\" \/>\n<meta name=\"author\" content=\"rtnews\" \/>\n<meta name=\"twitter:card\" content=\"summary_large_image\" \/>\n<meta name=\"twitter:creator\" content=\"@WirMachenAuf_de\" \/>\n<meta name=\"twitter:site\" content=\"@WirMachenAuf_de\" \/>\n<meta name=\"twitter:label1\" content=\"Verfasst von\" \/>\n\t<meta name=\"twitter:data1\" content=\"rtnews\" \/>\n\t<meta name=\"twitter:label2\" content=\"Gesch\u00e4tzte Lesezeit\" \/>\n\t<meta name=\"twitter:data2\" content=\"1\u00a0Minute\" \/>\n<script type=\"application\/ld+json\" class=\"yoast-schema-graph\">{\"@context\":\"https:\/\/schema.org\",\"@graph\":[{\"@type\":\"Article\",\"@id\":\"https:\/\/now-news.de\/de\/deutschland\/medien-trump-verzichtete-auf-einnahme-der-iranischen-insel-charg-aus-angst-vor-hohen-verlusten\/#article\",\"isPartOf\":{\"@id\":\"https:\/\/now-news.de\/de\/deutschland\/medien-trump-verzichtete-auf-einnahme-der-iranischen-insel-charg-aus-angst-vor-hohen-verlusten\/\"},\"author\":{\"name\":\"rtnews\",\"@id\":\"https:\/\/now-news.de\/de\/#\/schema\/person\/fb534a4e865501d8b3285208df34a9b5\"},\"headline\":\"Medien: Trump verzichtete auf Einnahme der iranischen Insel Charg aus Angst vor hohen Verlusten\",\"datePublished\":\"2026-04-19T09:32:58+00:00\",\"dateModified\":\"2026-04-19T09:32:58+00:00\",\"mainEntityOfPage\":{\"@id\":\"https:\/\/now-news.de\/de\/deutschland\/medien-trump-verzichtete-auf-einnahme-der-iranischen-insel-charg-aus-angst-vor-hohen-verlusten\/\"},\"wordCount\":301,\"commentCount\":0,\"publisher\":{\"@id\":\"https:\/\/now-news.de\/de\/#organization\"},\"image\":{\"@id\":\"https:\/\/now-news.de\/de\/deutschland\/medien-trump-verzichtete-auf-einnahme-der-iranischen-insel-charg-aus-angst-vor-hohen-verlusten\/#primaryimage\"},\"thumbnailUrl\":\"https:\/\/now-news.de\/de\/wp-content\/uploads\/sites\/3\/Medien-Trump-verzichtete-auf-Einnahme-der-iranischen-Insel-Charg-aus.jpg\",\"keywords\":[\"Angst\",\"AUF\",\"aus\",\"Charg\",\"der\",\"Einnahme\",\"Hohen\",\"Insel\",\"iranischen\",\"Medien\",\"trump\",\"Verlusten\",\"verzichtete\",\"vor\"],\"articleSection\":[\"Deutschland\",\"Russland\"],\"inLanguage\":\"de\",\"potentialAction\":[{\"@type\":\"CommentAction\",\"name\":\"Comment\",\"target\":[\"https:\/\/now-news.de\/de\/deutschland\/medien-trump-verzichtete-auf-einnahme-der-iranischen-insel-charg-aus-angst-vor-hohen-verlusten\/#respond\"]}]},{\"@type\":\"WebPage\",\"@id\":\"https:\/\/now-news.de\/de\/deutschland\/medien-trump-verzichtete-auf-einnahme-der-iranischen-insel-charg-aus-angst-vor-hohen-verlusten\/\",\"url\":\"https:\/\/now-news.de\/de\/deutschland\/medien-trump-verzichtete-auf-einnahme-der-iranischen-insel-charg-aus-angst-vor-hohen-verlusten\/\",\"name\":\"Medien: Trump verzichtete auf Einnahme der iranischen Insel Charg aus Angst vor hohen Verlusten - just-now.NEWS Deutschland\",\"isPartOf\":{\"@id\":\"https:\/\/now-news.de\/de\/#website\"},\"primaryImageOfPage\":{\"@id\":\"https:\/\/now-news.de\/de\/deutschland\/medien-trump-verzichtete-auf-einnahme-der-iranischen-insel-charg-aus-angst-vor-hohen-verlusten\/#primaryimage\"},\"image\":{\"@id\":\"https:\/\/now-news.de\/de\/deutschland\/medien-trump-verzichtete-auf-einnahme-der-iranischen-insel-charg-aus-angst-vor-hohen-verlusten\/#primaryimage\"},\"thumbnailUrl\":\"https:\/\/now-news.de\/de\/wp-content\/uploads\/sites\/3\/Medien-Trump-verzichtete-auf-Einnahme-der-iranischen-Insel-Charg-aus.jpg\",\"datePublished\":\"2026-04-19T09:32:58+00:00\",\"dateModified\":\"2026-04-19T09:32:58+00:00\",\"breadcrumb\":{\"@id\":\"https:\/\/now-news.de\/de\/deutschland\/medien-trump-verzichtete-auf-einnahme-der-iranischen-insel-charg-aus-angst-vor-hohen-verlusten\/#breadcrumb\"},\"inLanguage\":\"de\",\"potentialAction\":[{\"@type\":\"ReadAction\",\"target\":[\"https:\/\/now-news.de\/de\/deutschland\/medien-trump-verzichtete-auf-einnahme-der-iranischen-insel-charg-aus-angst-vor-hohen-verlusten\/\"]}]},{\"@type\":\"ImageObject\",\"inLanguage\":\"de\",\"@id\":\"https:\/\/now-news.de\/de\/deutschland\/medien-trump-verzichtete-auf-einnahme-der-iranischen-insel-charg-aus-angst-vor-hohen-verlusten\/#primaryimage\",\"url\":\"https:\/\/now-news.de\/de\/wp-content\/uploads\/sites\/3\/Medien-Trump-verzichtete-auf-Einnahme-der-iranischen-Insel-Charg-aus.jpg\",\"contentUrl\":\"https:\/\/now-news.de\/de\/wp-content\/uploads\/sites\/3\/Medien-Trump-verzichtete-auf-Einnahme-der-iranischen-Insel-Charg-aus.jpg\",\"caption\":\"Medien: Trump verzichtete auf Einnahme der iranischen Insel Charg aus Angst vor hohen Verlusten\"},{\"@type\":\"BreadcrumbList\",\"@id\":\"https:\/\/now-news.de\/de\/deutschland\/medien-trump-verzichtete-auf-einnahme-der-iranischen-insel-charg-aus-angst-vor-hohen-verlusten\/#breadcrumb\",\"itemListElement\":[{\"@type\":\"ListItem\",\"position\":1,\"name\":\"Home\",\"item\":\"https:\/\/now-news.de\/de\/\"},{\"@type\":\"ListItem\",\"position\":2,\"name\":\"Medien: Trump verzichtete auf Einnahme der iranischen Insel Charg aus Angst vor hohen Verlusten\"}]},{\"@type\":\"WebSite\",\"@id\":\"https:\/\/now-news.de\/de\/#website\",\"url\":\"https:\/\/now-news.de\/de\/\",\"name\":\"just-now.NEWS Deutschland\",\"description\":\"Das Portal f\u00fcr unzensierte Nachrichten aus der Welt\",\"publisher\":{\"@id\":\"https:\/\/now-news.de\/de\/#organization\"},\"potentialAction\":[{\"@type\":\"SearchAction\",\"target\":{\"@type\":\"EntryPoint\",\"urlTemplate\":\"https:\/\/now-news.de\/de\/?s={search_term_string}\"},\"query-input\":\"required name=search_term_string\"}],\"inLanguage\":\"de\"},{\"@type\":\"Organization\",\"@id\":\"https:\/\/now-news.de\/de\/#organization\",\"name\":\"Just Now News\",\"url\":\"https:\/\/now-news.de\/de\/\",\"logo\":{\"@type\":\"ImageObject\",\"inLanguage\":\"de\",\"@id\":\"https:\/\/now-news.de\/de\/#\/schema\/logo\/image\/\",\"url\":\"http:\/\/just-now.news\/de\/wp-content\/uploads\/sites\/3\/2022\/04\/logo500x500.jpg\",\"contentUrl\":\"http:\/\/just-now.news\/de\/wp-content\/uploads\/sites\/3\/2022\/04\/logo500x500.jpg\",\"width\":500,\"height\":500,\"caption\":\"Just Now News\"},\"image\":{\"@id\":\"https:\/\/now-news.de\/de\/#\/schema\/logo\/image\/\"},\"sameAs\":[\"https:\/\/www.facebook.com\/wirmachenauf\",\"https:\/\/x.com\/WirMachenAuf_de\"]},{\"@type\":\"Person\",\"@id\":\"https:\/\/now-news.de\/de\/#\/schema\/person\/fb534a4e865501d8b3285208df34a9b5\",\"name\":\"rtnews\",\"image\":{\"@type\":\"ImageObject\",\"inLanguage\":\"de\",\"@id\":\"https:\/\/now-news.de\/de\/#\/schema\/person\/image\/\",\"url\":\"https:\/\/secure.gravatar.com\/avatar\/82aafea7d8127119dd649515f56e2117?s=96&d=mm&r=g\",\"contentUrl\":\"https:\/\/secure.gravatar.com\/avatar\/82aafea7d8127119dd649515f56e2117?s=96&d=mm&r=g\",\"caption\":\"rtnews\"},\"url\":\"https:\/\/now-news.de\/de\/author\/rnews\/\"}]}<\/script>\n<!-- \/ Yoast SEO Premium plugin. -->","yoast_head_json":{"title":"Medien: Trump verzichtete auf Einnahme der iranischen Insel Charg aus Angst vor hohen Verlusten - just-now.NEWS Deutschland","robots":{"index":"index","follow":"follow","max-snippet":"max-snippet:-1","max-image-preview":"max-image-preview:large","max-video-preview":"max-video-preview:-1"},"canonical":"https:\/\/now-news.de\/de\/deutschland\/medien-trump-verzichtete-auf-einnahme-der-iranischen-insel-charg-aus-angst-vor-hohen-verlusten\/","og_locale":"de_DE","og_type":"article","og_title":"Medien: Trump verzichtete auf Einnahme der iranischen Insel Charg aus Angst vor hohen Verlusten","og_description":"US-Pr\u00e4sident Donald Trump scheint seine Pl\u00e4ne, die Insel Charg im Persischen Golf besetzen zu lassen, aufgegeben zu haben. Der Grund: Er bef\u00fcrchtet schwere Verluste unter den US-amerikanischen Truppen. Ende M\u00e4rz hatte Donald Trump noch damit geprahlt, dass die US-Truppen die iranische Insel Charg &#8220;sehr leicht&#8221; einnehmen k\u00f6nnten. Eine m\u00f6gliche Landung von US-Soldaten auf Charg sei [&hellip;]","og_url":"https:\/\/now-news.de\/de\/deutschland\/medien-trump-verzichtete-auf-einnahme-der-iranischen-insel-charg-aus-angst-vor-hohen-verlusten\/","og_site_name":"just-now.NEWS Deutschland","article_publisher":"https:\/\/www.facebook.com\/wirmachenauf","article_published_time":"2026-04-19T09:32:58+00:00","og_image":[{"url":"https:\/\/now-news.de\/de\/wp-content\/uploads\/sites\/3\/2026\/04\/69e4958848fbef3b7c6394b8.jpg"}],"author":"rtnews","twitter_card":"summary_large_image","twitter_creator":"@WirMachenAuf_de","twitter_site":"@WirMachenAuf_de","twitter_misc":{"Verfasst von":"rtnews","Gesch\u00e4tzte Lesezeit":"1\u00a0Minute"},"schema":{"@context":"https:\/\/schema.org","@graph":[{"@type":"Article","@id":"https:\/\/now-news.de\/de\/deutschland\/medien-trump-verzichtete-auf-einnahme-der-iranischen-insel-charg-aus-angst-vor-hohen-verlusten\/#article","isPartOf":{"@id":"https:\/\/now-news.de\/de\/deutschland\/medien-trump-verzichtete-auf-einnahme-der-iranischen-insel-charg-aus-angst-vor-hohen-verlusten\/"},"author":{"name":"rtnews","@id":"https:\/\/now-news.de\/de\/#\/schema\/person\/fb534a4e865501d8b3285208df34a9b5"},"headline":"Medien: Trump verzichtete auf Einnahme der iranischen Insel Charg aus Angst vor hohen Verlusten","datePublished":"2026-04-19T09:32:58+00:00","dateModified":"2026-04-19T09:32:58+00:00","mainEntityOfPage":{"@id":"https:\/\/now-news.de\/de\/deutschland\/medien-trump-verzichtete-auf-einnahme-der-iranischen-insel-charg-aus-angst-vor-hohen-verlusten\/"},"wordCount":301,"commentCount":0,"publisher":{"@id":"https:\/\/now-news.de\/de\/#organization"},"image":{"@id":"https:\/\/now-news.de\/de\/deutschland\/medien-trump-verzichtete-auf-einnahme-der-iranischen-insel-charg-aus-angst-vor-hohen-verlusten\/#primaryimage"},"thumbnailUrl":"https:\/\/now-news.de\/de\/wp-content\/uploads\/sites\/3\/Medien-Trump-verzichtete-auf-Einnahme-der-iranischen-Insel-Charg-aus.jpg","keywords":["Angst","AUF","aus","Charg","der","Einnahme","Hohen","Insel","iranischen","Medien","trump","Verlusten","verzichtete","vor"],"articleSection":["Deutschland","Russland"],"inLanguage":"de","potentialAction":[{"@type":"CommentAction","name":"Comment","target":["https:\/\/now-news.de\/de\/deutschland\/medien-trump-verzichtete-auf-einnahme-der-iranischen-insel-charg-aus-angst-vor-hohen-verlusten\/#respond"]}]},{"@type":"WebPage","@id":"https:\/\/now-news.de\/de\/deutschland\/medien-trump-verzichtete-auf-einnahme-der-iranischen-insel-charg-aus-angst-vor-hohen-verlusten\/","url":"https:\/\/now-news.de\/de\/deutschland\/medien-trump-verzichtete-auf-einnahme-der-iranischen-insel-charg-aus-angst-vor-hohen-verlusten\/","name":"Medien: Trump verzichtete auf Einnahme der iranischen Insel Charg aus Angst vor hohen Verlusten - just-now.NEWS Deutschland","isPartOf":{"@id":"https:\/\/now-news.de\/de\/#website"},"primaryImageOfPage":{"@id":"https:\/\/now-news.de\/de\/deutschland\/medien-trump-verzichtete-auf-einnahme-der-iranischen-insel-charg-aus-angst-vor-hohen-verlusten\/#primaryimage"},"image":{"@id":"https:\/\/now-news.de\/de\/deutschland\/medien-trump-verzichtete-auf-einnahme-der-iranischen-insel-charg-aus-angst-vor-hohen-verlusten\/#primaryimage"},"thumbnailUrl":"https:\/\/now-news.de\/de\/wp-content\/uploads\/sites\/3\/Medien-Trump-verzichtete-auf-Einnahme-der-iranischen-Insel-Charg-aus.jpg","datePublished":"2026-04-19T09:32:58+00:00","dateModified":"2026-04-19T09:32:58+00:00","breadcrumb":{"@id":"https:\/\/now-news.de\/de\/deutschland\/medien-trump-verzichtete-auf-einnahme-der-iranischen-insel-charg-aus-angst-vor-hohen-verlusten\/#breadcrumb"},"inLanguage":"de","potentialAction":[{"@type":"ReadAction","target":["https:\/\/now-news.de\/de\/deutschland\/medien-trump-verzichtete-auf-einnahme-der-iranischen-insel-charg-aus-angst-vor-hohen-verlusten\/"]}]},{"@type":"ImageObject","inLanguage":"de","@id":"https:\/\/now-news.de\/de\/deutschland\/medien-trump-verzichtete-auf-einnahme-der-iranischen-insel-charg-aus-angst-vor-hohen-verlusten\/#primaryimage","url":"https:\/\/now-news.de\/de\/wp-content\/uploads\/sites\/3\/Medien-Trump-verzichtete-auf-Einnahme-der-iranischen-Insel-Charg-aus.jpg","contentUrl":"https:\/\/now-news.de\/de\/wp-content\/uploads\/sites\/3\/Medien-Trump-verzichtete-auf-Einnahme-der-iranischen-Insel-Charg-aus.jpg","caption":"Medien: Trump verzichtete auf Einnahme der iranischen Insel Charg aus Angst vor hohen Verlusten"},{"@type":"BreadcrumbList","@id":"https:\/\/now-news.de\/de\/deutschland\/medien-trump-verzichtete-auf-einnahme-der-iranischen-insel-charg-aus-angst-vor-hohen-verlusten\/#breadcrumb","itemListElement":[{"@type":"ListItem","position":1,"name":"Home","item":"https:\/\/now-news.de\/de\/"},{"@type":"ListItem","position":2,"name":"Medien: Trump verzichtete auf Einnahme der iranischen Insel Charg aus Angst vor hohen Verlusten"}]},{"@type":"WebSite","@id":"https:\/\/now-news.de\/de\/#website","url":"https:\/\/now-news.de\/de\/","name":"just-now.NEWS Deutschland","description":"Das Portal f\u00fcr unzensierte Nachrichten aus der Welt","publisher":{"@id":"https:\/\/now-news.de\/de\/#organization"},"potentialAction":[{"@type":"SearchAction","target":{"@type":"EntryPoint","urlTemplate":"https:\/\/now-news.de\/de\/?s={search_term_string}"},"query-input":"required name=search_term_string"}],"inLanguage":"de"},{"@type":"Organization","@id":"https:\/\/now-news.de\/de\/#organization","name":"Just Now News","url":"https:\/\/now-news.de\/de\/","logo":{"@type":"ImageObject","inLanguage":"de","@id":"https:\/\/now-news.de\/de\/#\/schema\/logo\/image\/","url":"http:\/\/just-now.news\/de\/wp-content\/uploads\/sites\/3\/2022\/04\/logo500x500.jpg","contentUrl":"http:\/\/just-now.news\/de\/wp-content\/uploads\/sites\/3\/2022\/04\/logo500x500.jpg","width":500,"height":500,"caption":"Just Now News"},"image":{"@id":"https:\/\/now-news.de\/de\/#\/schema\/logo\/image\/"},"sameAs":["https:\/\/www.facebook.com\/wirmachenauf","https:\/\/x.com\/WirMachenAuf_de"]},{"@type":"Person","@id":"https:\/\/now-news.de\/de\/#\/schema\/person\/fb534a4e865501d8b3285208df34a9b5","name":"rtnews","image":{"@type":"ImageObject","inLanguage":"de","@id":"https:\/\/now-news.de\/de\/#\/schema\/person\/image\/","url":"https:\/\/secure.gravatar.com\/avatar\/82aafea7d8127119dd649515f56e2117?s=96&d=mm&r=g","contentUrl":"https:\/\/secure.gravatar.com\/avatar\/82aafea7d8127119dd649515f56e2117?s=96&d=mm&r=g","caption":"rtnews"},"url":"https:\/\/now-news.de\/de\/author\/rnews\/"}]}},"_links":{"self":[{"href":"https:\/\/now-news.de\/de\/wp-json\/wp\/v2\/posts\/101932"}],"collection":[{"href":"https:\/\/now-news.de\/de\/wp-json\/wp\/v2\/posts"}],"about":[{"href":"https:\/\/now-news.de\/de\/wp-json\/wp\/v2\/types\/post"}],"author":[{"embeddable":true,"href":"https:\/\/now-news.de\/de\/wp-json\/wp\/v2\/users\/3"}],"replies":[{"embeddable":true,"href":"https:\/\/now-news.de\/de\/wp-json\/wp\/v2\/comments?post=101932"}],"version-history":[{"count":0,"href":"https:\/\/now-news.de\/de\/wp-json\/wp\/v2\/posts\/101932\/revisions"}],"wp:featuredmedia":[{"embeddable":true,"href":"https:\/\/now-news.de\/de\/wp-json\/wp\/v2\/media\/101933"}],"wp:attachment":[{"href":"https:\/\/now-news.de\/de\/wp-json\/wp\/v2\/media?parent=101932"}],"wp:term":[{"taxonomy":"category","embeddable":true,"href":"https:\/\/now-news.de\/de\/wp-json\/wp\/v2\/categories?post=101932"},{"taxonomy":"post_tag","embeddable":true,"href":"https:\/\/now-news.de\/de\/wp-json\/wp\/v2\/tags?post=101932"}],"curies":[{"name":"wp","href":"https:\/\/api.w.org\/{rel}","templated":true}]}}