{"id":10193,"date":"2022-06-08T13:55:28","date_gmt":"2022-06-08T11:55:28","guid":{"rendered":"http:\/\/just-now.news\/de\/deutschland\/iranischer-general-droht-mit-zerstoerung-tel-avivs\/"},"modified":"2022-06-08T13:55:28","modified_gmt":"2022-06-08T11:55:28","slug":"iranischer-general-droht-mit-zerstoerung-tel-avivs","status":"publish","type":"post","link":"https:\/\/now-news.de\/de\/deutschland\/iranischer-general-droht-mit-zerstoerung-tel-avivs\/","title":{"rendered":"Iranischer General droht mit Zerst\u00f6rung Tel Avivs"},"content":{"rendered":"<p><img decoding=\"async\" src=\"http:\/\/just-now.news\/de\/wp-content\/uploads\/sites\/3\/2022\/06\/62a05f7948fbef676a4aeda3.jpeg\" \/><\/p>\n<div class=\"Text-root Text-type_1 \">\n                Der Kommandeur der iranischen Bodenstreitkr\u00e4fte warnte die israelische Regierung vor &#8220;Fehlkalkulationen&#8221;, die die iranische Armee dazu veranlassen k\u00f6nnten, israelische St\u00e4dte &#8220;dem Erdboden&#8221; gleichzumachen.\n            <\/div>\n<p><\/p>\n<div class=\"Text-root Text-type_5 ArticleView-text ViewText-root \">\n<p>Der iranische Brigadegeneral Kiomars Heidari, Kommandeur der Bodentruppen der iranischen Streitkr\u00e4fte, hat am Dienstag die israelische Regierung gewarnt, dass jeder &#8220;Fehler im Umgang mit Iran&#8221; zur Zerst\u00f6rung der israelischen St\u00e4dte Tel Aviv und Haifa f\u00fchren k\u00f6nne, wie die iranische Nachrichtenagentur <em>Tasnim<\/em> berichtete. Die Nachrichtenagentur gilt als eng mit der Iranischen Revolutionsgarde verbunden.<\/p>\n<p>Heidari, der auf einer milit\u00e4rischen Zeremonie in der nordwestlichen iranischen Provinz Ost-Aserbaidschan sprach, warnte die Verantwortlichen der israelischen Regierung, dass eine &#8220;Fehlkalkulation&#8221; ihrerseits die iranischen Streitkr\u00e4fte dazu veranlassen k\u00f6nnte, auf Befehl des iranischen Revolutionsanf\u00fchrers Ayatollah Seyed Al Chamenei die israelischen St\u00e4dte &#8220;dem Erdboden&#8221; gleichzumachen.<\/p>\n<p>Der iranische Kommandeur verurteilte zudem Israel wegen der Besetzung muslimischer Gebiete. Zugleich \u00e4u\u00dferte Heidari die Hoffnung, dass diese Gebiete innerhalb von 25 Jahren wieder zur islamischen Welt geh\u00f6ren w\u00fcrden.\u00a0<\/p>\n<p>Der iranische Spitzenkommandeur pries weiter die Errungenschaften der iranischen Armee, die ein &#8220;Dorn im Auge der Feinde&#8221; seien. Alle Einheiten der iranischen Bodenstreitkr\u00e4fte seien mit Pr\u00e4zisionswaffen, Langstreckenwaffen und intelligenten Waffen ausgestattet, so Heidari. Er f\u00fcgte hinzu:<\/p>\n<blockquote>\n<p><em>&#8220;Die Reichweite der Drohnen und der einsatzf\u00e4higen Raketen der Bodenstreitkr\u00e4fte der Armee wurde erweitert.&#8221;<\/em><\/p>\n<\/blockquote>\n<p>General Heidari verwies dabei auf den strategischen Drohnenst\u00fctzpunkt &#8220;313&#8221; der iranischen Armee und erkl\u00e4rte, dass die Bewaffnung der iranischen Streitkr\u00e4fte dazu dienen w\u00fcrde, auf jeden &#8220;t\u00f6richten Angriff der Feinde des Landes&#8221; zu reagieren, wie die iranische Nachrichtenagentur <em>Fars<\/em> berichtete.<\/p>\n<p>Im Dezember 2021 hatte der iranische Pr\u00e4sident Ebrahim Raisi die &#8220;Feinde&#8221; Irans davor gewarnt, jeder kriegerische Schritt ihrerseits w\u00fcrde eine so entschlossene Antwort der iranischen Streitkr\u00e4fte nach sich ziehen, dass sich die strategischen Gleichgewichte in der Region erheblich ver\u00e4ndern w\u00fcrden.<\/p>\n<p>Zudem hatte im April dieses Jahres der Stabschef der iranischen Streitkr\u00e4fte, Generalmajor Mohammad Hossein Baqeri, erkl\u00e4rt, alle iranischen Streitkr\u00e4fte seien bereit, auf jede Bedrohung auf jeder Ebene so entschlossen und vernichtend zu reagieren, dass die &#8220;Feinde Irans&#8221; es bereuen w\u00fcrden, feindliche Ma\u00dfnahmen gegen die bestehende Ordnung in Iran ergriffen zu haben.<\/p>\n<p><strong>Mehr zum Thema<\/strong>\u00a0&#8211;\u00a0<a rel=\"nofollow noopener\" target=\"_blank\" href=\"https:\/\/de.rt.com\/der-nahe-osten\/138830-israel-simuliert-angriff-iran\/\">W\u00e4hrend Bewegung in Verhandlungen \u00fcber Atomdeal kommt: Israel simuliert Angriff auf Iran<\/a><\/p>\n<\/div>\n<p><br \/>\n<br \/><a href=\"https:\/\/de.rt.com\/der-nahe-osten\/140505-iranischer-general-droht-mit-zerstorung\/\">Source link <\/a><\/p>\n","protected":false},"excerpt":{"rendered":"<p>Der Kommandeur der iranischen Bodenstreitkr\u00e4fte warnte die israelische Regierung vor &#8220;Fehlkalkulationen&#8221;, die die iranische Armee dazu veranlassen k\u00f6nnten, israelische St\u00e4dte &#8220;dem Erdboden&#8221; gleichzumachen. Der iranische Brigadegeneral Kiomars Heidari, Kommandeur der Bodentruppen der iranischen Streitkr\u00e4fte, hat am Dienstag die israelische Regierung gewarnt, dass jeder &#8220;Fehler im Umgang mit Iran&#8221; zur Zerst\u00f6rung der israelischen St\u00e4dte Tel Aviv [&hellip;]<\/p>\n","protected":false},"author":3,"featured_media":10194,"comment_status":"open","ping_status":"open","sticky":false,"template":"","format":"standard","meta":{"wp_automatic_camp":["217"],"a56bc91c53eee37dd2eaaae066f823e8":["Iranischer General droht mit Zerst\u00f6rung Tel Avivs"],"original_link":["https:\/\/de.rt.com\/der-nahe-osten\/140505-iranischer-general-droht-mit-zerstorung\/"],"_thumbnail_id":["10194"],"_wptg_p2tg_sent2tg":["2022-06-08 13:58:34"],"jnews_social_counter_last_update":["1776976575"]},"categories":[19,23],"tags":[23592,44,7409,10048,419,23591,8331],"yoast_head":"<!-- This site is optimized with the Yoast SEO Premium plugin v22.7 (Yoast SEO v22.7) - https:\/\/yoast.com\/wordpress\/plugins\/seo\/ -->\n<title>Iranischer General droht mit Zerst\u00f6rung Tel Avivs - just-now.NEWS Deutschland<\/title>\n<meta name=\"robots\" content=\"index, follow, max-snippet:-1, max-image-preview:large, max-video-preview:-1\" \/>\n<link rel=\"canonical\" href=\"https:\/\/now-news.de\/de\/deutschland\/iranischer-general-droht-mit-zerstoerung-tel-avivs\/\" \/>\n<meta property=\"og:locale\" content=\"de_DE\" \/>\n<meta property=\"og:type\" content=\"article\" \/>\n<meta property=\"og:title\" content=\"Iranischer General droht mit Zerst\u00f6rung Tel Avivs\" \/>\n<meta property=\"og:description\" content=\"Der Kommandeur der iranischen Bodenstreitkr\u00e4fte warnte die israelische Regierung vor &#8220;Fehlkalkulationen&#8221;, die die iranische Armee dazu veranlassen k\u00f6nnten, israelische St\u00e4dte &#8220;dem Erdboden&#8221; gleichzumachen. Der iranische Brigadegeneral Kiomars Heidari, Kommandeur der Bodentruppen der iranischen Streitkr\u00e4fte, hat am Dienstag die israelische Regierung gewarnt, dass jeder &#8220;Fehler im Umgang mit Iran&#8221; zur Zerst\u00f6rung der israelischen St\u00e4dte Tel Aviv [&hellip;]\" \/>\n<meta property=\"og:url\" content=\"https:\/\/now-news.de\/de\/deutschland\/iranischer-general-droht-mit-zerstoerung-tel-avivs\/\" \/>\n<meta property=\"og:site_name\" content=\"just-now.NEWS Deutschland\" \/>\n<meta property=\"article:publisher\" content=\"https:\/\/www.facebook.com\/wirmachenauf\" \/>\n<meta property=\"article:published_time\" content=\"2022-06-08T11:55:28+00:00\" \/>\n<meta property=\"og:image\" content=\"https:\/\/now-news.de\/de\/wp-content\/uploads\/sites\/3\/2022\/06\/Iranischer-General-droht-mit-Zerstoerung-Tel-Avivs.jpeg\" \/>\n\t<meta property=\"og:image:width\" content=\"460\" \/>\n\t<meta property=\"og:image:height\" content=\"259\" \/>\n\t<meta property=\"og:image:type\" content=\"image\/jpeg\" \/>\n<meta name=\"author\" content=\"rtnews\" \/>\n<meta name=\"twitter:card\" content=\"summary_large_image\" \/>\n<meta name=\"twitter:creator\" content=\"@WirMachenAuf_de\" \/>\n<meta name=\"twitter:site\" content=\"@WirMachenAuf_de\" \/>\n<meta name=\"twitter:label1\" content=\"Verfasst von\" \/>\n\t<meta name=\"twitter:data1\" content=\"rtnews\" \/>\n\t<meta name=\"twitter:label2\" content=\"Gesch\u00e4tzte Lesezeit\" \/>\n\t<meta name=\"twitter:data2\" content=\"2\u00a0Minuten\" \/>\n<script type=\"application\/ld+json\" class=\"yoast-schema-graph\">{\"@context\":\"https:\/\/schema.org\",\"@graph\":[{\"@type\":\"Article\",\"@id\":\"https:\/\/now-news.de\/de\/deutschland\/iranischer-general-droht-mit-zerstoerung-tel-avivs\/#article\",\"isPartOf\":{\"@id\":\"https:\/\/now-news.de\/de\/deutschland\/iranischer-general-droht-mit-zerstoerung-tel-avivs\/\"},\"author\":{\"name\":\"rtnews\",\"@id\":\"https:\/\/now-news.de\/de\/#\/schema\/person\/fb534a4e865501d8b3285208df34a9b5\"},\"headline\":\"Iranischer General droht mit Zerst\u00f6rung Tel Avivs\",\"datePublished\":\"2022-06-08T11:55:28+00:00\",\"dateModified\":\"2022-06-08T11:55:28+00:00\",\"mainEntityOfPage\":{\"@id\":\"https:\/\/now-news.de\/de\/deutschland\/iranischer-general-droht-mit-zerstoerung-tel-avivs\/\"},\"wordCount\":389,\"commentCount\":1,\"publisher\":{\"@id\":\"https:\/\/now-news.de\/de\/#organization\"},\"image\":{\"@id\":\"https:\/\/now-news.de\/de\/deutschland\/iranischer-general-droht-mit-zerstoerung-tel-avivs\/#primaryimage\"},\"thumbnailUrl\":\"https:\/\/now-news.de\/de\/wp-content\/uploads\/sites\/3\/2022\/06\/Iranischer-General-droht-mit-Zerstoerung-Tel-Avivs.jpeg\",\"keywords\":[\"Avivs\",\"droht\",\"General\",\"Iranischer\",\"mit\",\"Tel\",\"Zerst\u00f6rung\"],\"articleSection\":[\"Deutschland\",\"Russland\"],\"inLanguage\":\"de\",\"potentialAction\":[{\"@type\":\"CommentAction\",\"name\":\"Comment\",\"target\":[\"https:\/\/now-news.de\/de\/deutschland\/iranischer-general-droht-mit-zerstoerung-tel-avivs\/#respond\"]}]},{\"@type\":\"WebPage\",\"@id\":\"https:\/\/now-news.de\/de\/deutschland\/iranischer-general-droht-mit-zerstoerung-tel-avivs\/\",\"url\":\"https:\/\/now-news.de\/de\/deutschland\/iranischer-general-droht-mit-zerstoerung-tel-avivs\/\",\"name\":\"Iranischer General droht mit Zerst\u00f6rung Tel Avivs - just-now.NEWS Deutschland\",\"isPartOf\":{\"@id\":\"https:\/\/now-news.de\/de\/#website\"},\"primaryImageOfPage\":{\"@id\":\"https:\/\/now-news.de\/de\/deutschland\/iranischer-general-droht-mit-zerstoerung-tel-avivs\/#primaryimage\"},\"image\":{\"@id\":\"https:\/\/now-news.de\/de\/deutschland\/iranischer-general-droht-mit-zerstoerung-tel-avivs\/#primaryimage\"},\"thumbnailUrl\":\"https:\/\/now-news.de\/de\/wp-content\/uploads\/sites\/3\/2022\/06\/Iranischer-General-droht-mit-Zerstoerung-Tel-Avivs.jpeg\",\"datePublished\":\"2022-06-08T11:55:28+00:00\",\"dateModified\":\"2022-06-08T11:55:28+00:00\",\"breadcrumb\":{\"@id\":\"https:\/\/now-news.de\/de\/deutschland\/iranischer-general-droht-mit-zerstoerung-tel-avivs\/#breadcrumb\"},\"inLanguage\":\"de\",\"potentialAction\":[{\"@type\":\"ReadAction\",\"target\":[\"https:\/\/now-news.de\/de\/deutschland\/iranischer-general-droht-mit-zerstoerung-tel-avivs\/\"]}]},{\"@type\":\"ImageObject\",\"inLanguage\":\"de\",\"@id\":\"https:\/\/now-news.de\/de\/deutschland\/iranischer-general-droht-mit-zerstoerung-tel-avivs\/#primaryimage\",\"url\":\"https:\/\/now-news.de\/de\/wp-content\/uploads\/sites\/3\/2022\/06\/Iranischer-General-droht-mit-Zerstoerung-Tel-Avivs.jpeg\",\"contentUrl\":\"https:\/\/now-news.de\/de\/wp-content\/uploads\/sites\/3\/2022\/06\/Iranischer-General-droht-mit-Zerstoerung-Tel-Avivs.jpeg\",\"width\":460,\"height\":259,\"caption\":\"Iranischer General droht mit Zerst\u00f6rung Tel Avivs\"},{\"@type\":\"BreadcrumbList\",\"@id\":\"https:\/\/now-news.de\/de\/deutschland\/iranischer-general-droht-mit-zerstoerung-tel-avivs\/#breadcrumb\",\"itemListElement\":[{\"@type\":\"ListItem\",\"position\":1,\"name\":\"Home\",\"item\":\"https:\/\/now-news.de\/de\/\"},{\"@type\":\"ListItem\",\"position\":2,\"name\":\"Iranischer General droht mit Zerst\u00f6rung Tel Avivs\"}]},{\"@type\":\"WebSite\",\"@id\":\"https:\/\/now-news.de\/de\/#website\",\"url\":\"https:\/\/now-news.de\/de\/\",\"name\":\"just-now.NEWS Deutschland\",\"description\":\"Das Portal f\u00fcr unzensierte Nachrichten aus der Welt\",\"publisher\":{\"@id\":\"https:\/\/now-news.de\/de\/#organization\"},\"potentialAction\":[{\"@type\":\"SearchAction\",\"target\":{\"@type\":\"EntryPoint\",\"urlTemplate\":\"https:\/\/now-news.de\/de\/?s={search_term_string}\"},\"query-input\":\"required name=search_term_string\"}],\"inLanguage\":\"de\"},{\"@type\":\"Organization\",\"@id\":\"https:\/\/now-news.de\/de\/#organization\",\"name\":\"Just Now News\",\"url\":\"https:\/\/now-news.de\/de\/\",\"logo\":{\"@type\":\"ImageObject\",\"inLanguage\":\"de\",\"@id\":\"https:\/\/now-news.de\/de\/#\/schema\/logo\/image\/\",\"url\":\"http:\/\/just-now.news\/de\/wp-content\/uploads\/sites\/3\/2022\/04\/logo500x500.jpg\",\"contentUrl\":\"http:\/\/just-now.news\/de\/wp-content\/uploads\/sites\/3\/2022\/04\/logo500x500.jpg\",\"width\":500,\"height\":500,\"caption\":\"Just Now News\"},\"image\":{\"@id\":\"https:\/\/now-news.de\/de\/#\/schema\/logo\/image\/\"},\"sameAs\":[\"https:\/\/www.facebook.com\/wirmachenauf\",\"https:\/\/x.com\/WirMachenAuf_de\"]},{\"@type\":\"Person\",\"@id\":\"https:\/\/now-news.de\/de\/#\/schema\/person\/fb534a4e865501d8b3285208df34a9b5\",\"name\":\"rtnews\",\"image\":{\"@type\":\"ImageObject\",\"inLanguage\":\"de\",\"@id\":\"https:\/\/now-news.de\/de\/#\/schema\/person\/image\/\",\"url\":\"https:\/\/secure.gravatar.com\/avatar\/82aafea7d8127119dd649515f56e2117?s=96&d=mm&r=g\",\"contentUrl\":\"https:\/\/secure.gravatar.com\/avatar\/82aafea7d8127119dd649515f56e2117?s=96&d=mm&r=g\",\"caption\":\"rtnews\"},\"url\":\"https:\/\/now-news.de\/de\/author\/rnews\/\"}]}<\/script>\n<!-- \/ Yoast SEO Premium plugin. -->","yoast_head_json":{"title":"Iranischer General droht mit Zerst\u00f6rung Tel Avivs - just-now.NEWS Deutschland","robots":{"index":"index","follow":"follow","max-snippet":"max-snippet:-1","max-image-preview":"max-image-preview:large","max-video-preview":"max-video-preview:-1"},"canonical":"https:\/\/now-news.de\/de\/deutschland\/iranischer-general-droht-mit-zerstoerung-tel-avivs\/","og_locale":"de_DE","og_type":"article","og_title":"Iranischer General droht mit Zerst\u00f6rung Tel Avivs","og_description":"Der Kommandeur der iranischen Bodenstreitkr\u00e4fte warnte die israelische Regierung vor &#8220;Fehlkalkulationen&#8221;, die die iranische Armee dazu veranlassen k\u00f6nnten, israelische St\u00e4dte &#8220;dem Erdboden&#8221; gleichzumachen. Der iranische Brigadegeneral Kiomars Heidari, Kommandeur der Bodentruppen der iranischen Streitkr\u00e4fte, hat am Dienstag die israelische Regierung gewarnt, dass jeder &#8220;Fehler im Umgang mit Iran&#8221; zur Zerst\u00f6rung der israelischen St\u00e4dte Tel Aviv [&hellip;]","og_url":"https:\/\/now-news.de\/de\/deutschland\/iranischer-general-droht-mit-zerstoerung-tel-avivs\/","og_site_name":"just-now.NEWS Deutschland","article_publisher":"https:\/\/www.facebook.com\/wirmachenauf","article_published_time":"2022-06-08T11:55:28+00:00","og_image":[{"width":460,"height":259,"url":"https:\/\/now-news.de\/de\/wp-content\/uploads\/sites\/3\/2022\/06\/Iranischer-General-droht-mit-Zerstoerung-Tel-Avivs.jpeg","type":"image\/jpeg"}],"author":"rtnews","twitter_card":"summary_large_image","twitter_creator":"@WirMachenAuf_de","twitter_site":"@WirMachenAuf_de","twitter_misc":{"Verfasst von":"rtnews","Gesch\u00e4tzte Lesezeit":"2\u00a0Minuten"},"schema":{"@context":"https:\/\/schema.org","@graph":[{"@type":"Article","@id":"https:\/\/now-news.de\/de\/deutschland\/iranischer-general-droht-mit-zerstoerung-tel-avivs\/#article","isPartOf":{"@id":"https:\/\/now-news.de\/de\/deutschland\/iranischer-general-droht-mit-zerstoerung-tel-avivs\/"},"author":{"name":"rtnews","@id":"https:\/\/now-news.de\/de\/#\/schema\/person\/fb534a4e865501d8b3285208df34a9b5"},"headline":"Iranischer General droht mit Zerst\u00f6rung Tel Avivs","datePublished":"2022-06-08T11:55:28+00:00","dateModified":"2022-06-08T11:55:28+00:00","mainEntityOfPage":{"@id":"https:\/\/now-news.de\/de\/deutschland\/iranischer-general-droht-mit-zerstoerung-tel-avivs\/"},"wordCount":389,"commentCount":1,"publisher":{"@id":"https:\/\/now-news.de\/de\/#organization"},"image":{"@id":"https:\/\/now-news.de\/de\/deutschland\/iranischer-general-droht-mit-zerstoerung-tel-avivs\/#primaryimage"},"thumbnailUrl":"https:\/\/now-news.de\/de\/wp-content\/uploads\/sites\/3\/2022\/06\/Iranischer-General-droht-mit-Zerstoerung-Tel-Avivs.jpeg","keywords":["Avivs","droht","General","Iranischer","mit","Tel","Zerst\u00f6rung"],"articleSection":["Deutschland","Russland"],"inLanguage":"de","potentialAction":[{"@type":"CommentAction","name":"Comment","target":["https:\/\/now-news.de\/de\/deutschland\/iranischer-general-droht-mit-zerstoerung-tel-avivs\/#respond"]}]},{"@type":"WebPage","@id":"https:\/\/now-news.de\/de\/deutschland\/iranischer-general-droht-mit-zerstoerung-tel-avivs\/","url":"https:\/\/now-news.de\/de\/deutschland\/iranischer-general-droht-mit-zerstoerung-tel-avivs\/","name":"Iranischer General droht mit Zerst\u00f6rung Tel Avivs - just-now.NEWS Deutschland","isPartOf":{"@id":"https:\/\/now-news.de\/de\/#website"},"primaryImageOfPage":{"@id":"https:\/\/now-news.de\/de\/deutschland\/iranischer-general-droht-mit-zerstoerung-tel-avivs\/#primaryimage"},"image":{"@id":"https:\/\/now-news.de\/de\/deutschland\/iranischer-general-droht-mit-zerstoerung-tel-avivs\/#primaryimage"},"thumbnailUrl":"https:\/\/now-news.de\/de\/wp-content\/uploads\/sites\/3\/2022\/06\/Iranischer-General-droht-mit-Zerstoerung-Tel-Avivs.jpeg","datePublished":"2022-06-08T11:55:28+00:00","dateModified":"2022-06-08T11:55:28+00:00","breadcrumb":{"@id":"https:\/\/now-news.de\/de\/deutschland\/iranischer-general-droht-mit-zerstoerung-tel-avivs\/#breadcrumb"},"inLanguage":"de","potentialAction":[{"@type":"ReadAction","target":["https:\/\/now-news.de\/de\/deutschland\/iranischer-general-droht-mit-zerstoerung-tel-avivs\/"]}]},{"@type":"ImageObject","inLanguage":"de","@id":"https:\/\/now-news.de\/de\/deutschland\/iranischer-general-droht-mit-zerstoerung-tel-avivs\/#primaryimage","url":"https:\/\/now-news.de\/de\/wp-content\/uploads\/sites\/3\/2022\/06\/Iranischer-General-droht-mit-Zerstoerung-Tel-Avivs.jpeg","contentUrl":"https:\/\/now-news.de\/de\/wp-content\/uploads\/sites\/3\/2022\/06\/Iranischer-General-droht-mit-Zerstoerung-Tel-Avivs.jpeg","width":460,"height":259,"caption":"Iranischer General droht mit Zerst\u00f6rung Tel Avivs"},{"@type":"BreadcrumbList","@id":"https:\/\/now-news.de\/de\/deutschland\/iranischer-general-droht-mit-zerstoerung-tel-avivs\/#breadcrumb","itemListElement":[{"@type":"ListItem","position":1,"name":"Home","item":"https:\/\/now-news.de\/de\/"},{"@type":"ListItem","position":2,"name":"Iranischer General droht mit Zerst\u00f6rung Tel Avivs"}]},{"@type":"WebSite","@id":"https:\/\/now-news.de\/de\/#website","url":"https:\/\/now-news.de\/de\/","name":"just-now.NEWS Deutschland","description":"Das Portal f\u00fcr unzensierte Nachrichten aus der Welt","publisher":{"@id":"https:\/\/now-news.de\/de\/#organization"},"potentialAction":[{"@type":"SearchAction","target":{"@type":"EntryPoint","urlTemplate":"https:\/\/now-news.de\/de\/?s={search_term_string}"},"query-input":"required name=search_term_string"}],"inLanguage":"de"},{"@type":"Organization","@id":"https:\/\/now-news.de\/de\/#organization","name":"Just Now News","url":"https:\/\/now-news.de\/de\/","logo":{"@type":"ImageObject","inLanguage":"de","@id":"https:\/\/now-news.de\/de\/#\/schema\/logo\/image\/","url":"http:\/\/just-now.news\/de\/wp-content\/uploads\/sites\/3\/2022\/04\/logo500x500.jpg","contentUrl":"http:\/\/just-now.news\/de\/wp-content\/uploads\/sites\/3\/2022\/04\/logo500x500.jpg","width":500,"height":500,"caption":"Just Now News"},"image":{"@id":"https:\/\/now-news.de\/de\/#\/schema\/logo\/image\/"},"sameAs":["https:\/\/www.facebook.com\/wirmachenauf","https:\/\/x.com\/WirMachenAuf_de"]},{"@type":"Person","@id":"https:\/\/now-news.de\/de\/#\/schema\/person\/fb534a4e865501d8b3285208df34a9b5","name":"rtnews","image":{"@type":"ImageObject","inLanguage":"de","@id":"https:\/\/now-news.de\/de\/#\/schema\/person\/image\/","url":"https:\/\/secure.gravatar.com\/avatar\/82aafea7d8127119dd649515f56e2117?s=96&d=mm&r=g","contentUrl":"https:\/\/secure.gravatar.com\/avatar\/82aafea7d8127119dd649515f56e2117?s=96&d=mm&r=g","caption":"rtnews"},"url":"https:\/\/now-news.de\/de\/author\/rnews\/"}]}},"_links":{"self":[{"href":"https:\/\/now-news.de\/de\/wp-json\/wp\/v2\/posts\/10193"}],"collection":[{"href":"https:\/\/now-news.de\/de\/wp-json\/wp\/v2\/posts"}],"about":[{"href":"https:\/\/now-news.de\/de\/wp-json\/wp\/v2\/types\/post"}],"author":[{"embeddable":true,"href":"https:\/\/now-news.de\/de\/wp-json\/wp\/v2\/users\/3"}],"replies":[{"embeddable":true,"href":"https:\/\/now-news.de\/de\/wp-json\/wp\/v2\/comments?post=10193"}],"version-history":[{"count":0,"href":"https:\/\/now-news.de\/de\/wp-json\/wp\/v2\/posts\/10193\/revisions"}],"wp:featuredmedia":[{"embeddable":true,"href":"https:\/\/now-news.de\/de\/wp-json\/wp\/v2\/media\/10194"}],"wp:attachment":[{"href":"https:\/\/now-news.de\/de\/wp-json\/wp\/v2\/media?parent=10193"}],"wp:term":[{"taxonomy":"category","embeddable":true,"href":"https:\/\/now-news.de\/de\/wp-json\/wp\/v2\/categories?post=10193"},{"taxonomy":"post_tag","embeddable":true,"href":"https:\/\/now-news.de\/de\/wp-json\/wp\/v2\/tags?post=10193"}],"curies":[{"name":"wp","href":"https:\/\/api.w.org\/{rel}","templated":true}]}}